{"id":9462,"date":"2026-04-27T12:06:42","date_gmt":"2026-04-27T10:06:42","guid":{"rendered":"https:\/\/brufaganya.cat\/2020\/?p=9462"},"modified":"2026-04-27T12:20:08","modified_gmt":"2026-04-27T10:20:08","slug":"trobada-de-magins-a-la-brufaganya-el-17-de-maig","status":"publish","type":"post","link":"https:\/\/brufaganya.cat\/2020\/trobada-de-magins-a-la-brufaganya-el-17-de-maig\/","title":{"rendered":"Trobada de Magins  a la Brufaganya, el 17 de maig"},"content":{"rendered":"<p>La Comissi\u00f3 de la Trobada de Magins, amb el suport de l\u2019Associaci\u00f3 d\u2019Amics de Sant Mag\u00ed de la Brufaganya i el seu entorn, est\u00e0 preparant una nova edici\u00f3 de la tradicional trobada de persones que porten el nom de Mag\u00ed, que tindr\u00e0 lloc el\u00a0 <strong>diumenge 17 de maig a Sant Mag\u00ed de la Brufaganya.\u00a0<\/strong><\/p>\n<p>Tot i que encara estem acabant de definir el programa, ja us podem avan\u00e7ar que seguir\u00e0 una l\u00ednia similar a la de l\u2019any passat, tot i que inclour\u00e0 moments molt especials.\u00a0<img decoding=\"async\" class=\"an1\" draggable=\"false\" src=\"https:\/\/fonts.gstatic.com\/s\/e\/notoemoji\/17.0\/2728\/72.png\" alt=\"\u2728\" data-emoji=\"\u2728\" aria-label=\"\u2728\" \/><\/p>\n<p><img decoding=\"async\" class=\"an1\" draggable=\"false\" src=\"https:\/\/fonts.gstatic.com\/s\/e\/notoemoji\/17.0\/1f5d3_fe0f\/72.png\" alt=\"\ud83d\uddd3\ufe0f\" data-emoji=\"\ud83d\uddd3\ufe0f\" aria-label=\"\ud83d\uddd3\ufe0f\" \/>\u00a0Programa orientatiu<br \/>\n<img decoding=\"async\" class=\"an1\" draggable=\"false\" src=\"https:\/\/fonts.gstatic.com\/s\/e\/notoemoji\/17.0\/0031_fe0f_20e3\/72.png\" alt=\"1\ufe0f\u20e3\" data-emoji=\"1\ufe0f\u20e3\" aria-label=\"1\ufe0f\u20e3\" \/>\u00a0Arribada dels Magins a Sant Mag\u00ed<br \/>\n<img decoding=\"async\" class=\"an1\" draggable=\"false\" src=\"https:\/\/fonts.gstatic.com\/s\/e\/notoemoji\/17.0\/1f514\/72.png\" alt=\"\ud83d\udd14\" data-emoji=\"\ud83d\udd14\" aria-label=\"\ud83d\udd14\" \/>\u00a0<img decoding=\"async\" class=\"an1\" draggable=\"false\" src=\"https:\/\/fonts.gstatic.com\/s\/e\/notoemoji\/17.0\/0032_fe0f_20e3\/72.png\" alt=\"2\ufe0f\u20e3\" data-emoji=\"2\ufe0f\u20e3\" aria-label=\"2\ufe0f\u20e3\" \/>\u00a0Els Magins petits tocaran les campanes per anunciar la festa<br \/>\n<img decoding=\"async\" class=\"an1\" draggable=\"false\" src=\"https:\/\/fonts.gstatic.com\/s\/e\/notoemoji\/17.0\/26ea\/72.png\" alt=\"\u26ea\" data-emoji=\"\u26ea\" aria-label=\"\u26ea\" \/>\u00a0<img decoding=\"async\" class=\"an1\" draggable=\"false\" src=\"https:\/\/fonts.gstatic.com\/s\/e\/notoemoji\/17.0\/0033_fe0f_20e3\/72.png\" alt=\"3\ufe0f\u20e3\" data-emoji=\"3\ufe0f\u20e3\" aria-label=\"3\ufe0f\u20e3\" \/>\u00a0Missa (a la 1 del migdia)<br \/>\n<img decoding=\"async\" class=\"an1\" draggable=\"false\" src=\"https:\/\/fonts.gstatic.com\/s\/e\/notoemoji\/17.0\/1f37d_fe0f\/72.png\" alt=\"\ud83c\udf7d\ufe0f\" data-emoji=\"\ud83c\udf7d\ufe0f\" aria-label=\"\ud83c\udf7d\ufe0f\" \/>\u00a0<img decoding=\"async\" class=\"an1\" draggable=\"false\" src=\"https:\/\/fonts.gstatic.com\/s\/e\/notoemoji\/17.0\/0034_fe0f_20e3\/72.png\" alt=\"4\ufe0f\u20e3\" data-emoji=\"4\ufe0f\u20e3\" aria-label=\"4\ufe0f\u20e3\" \/>\u00a0Dinar (amanida, fideu\u00e0, postres i caf\u00e8 \u00b7 18 \u20ac + la voluntat)<br \/>\n<img decoding=\"async\" class=\"an1\" draggable=\"false\" src=\"https:\/\/fonts.gstatic.com\/s\/e\/notoemoji\/17.0\/1f3ad\/72.png\" alt=\"\ud83c\udfad\" data-emoji=\"\ud83c\udfad\" aria-label=\"\ud83c\udfad\" \/>\u00a0<img decoding=\"async\" class=\"an1\" draggable=\"false\" src=\"https:\/\/fonts.gstatic.com\/s\/e\/notoemoji\/17.0\/0035_fe0f_20e3\/72.png\" alt=\"5\ufe0f\u20e3\" data-emoji=\"5\ufe0f\u20e3\" aria-label=\"5\ufe0f\u20e3\" \/>\u00a0Despr\u00e9s de dinar hi haur\u00e0 altres activitats\u00a0(pendents de confirmar)<\/p>\n<p><img decoding=\"async\" class=\"an1\" draggable=\"false\" src=\"https:\/\/fonts.gstatic.com\/s\/e\/notoemoji\/17.0\/1f91d\/72.png\" alt=\"\ud83e\udd1d\" data-emoji=\"\ud83e\udd1d\" aria-label=\"\ud83e\udd1d\" \/>\u00a0Trobada oberta<br \/>\nAquesta trobada \u00e9s oberta a totes les persones que porten el nom de Mag\u00ed, a les seves fam\u00edlies i amistats, i tamb\u00e9 a totes aquelles que porten dintre seu l&#8217;esperit que es respira a Sant Mag\u00ed.<\/p>\n<p><img decoding=\"async\" class=\"an1\" draggable=\"false\" src=\"https:\/\/fonts.gstatic.com\/s\/e\/notoemoji\/17.0\/1f4de\/72.png\" alt=\"\ud83d\udcde\" data-emoji=\"\ud83d\udcde\" aria-label=\"\ud83d\udcde\" \/>\u00a0Inscripcions al dinar telefonant al 660.577.478 (Mag\u00ed Balcells)<\/p>\n<p>Us animem a reservar-vos la data. Ben aviat us farem arribar el programa complet amb tots els detalls.<\/p>\n<p>Us hi esperem!\u00a0<img decoding=\"async\" class=\"an1\" draggable=\"false\" src=\"https:\/\/fonts.gstatic.com\/s\/e\/notoemoji\/17.0\/1f60a\/72.png\" alt=\"\ud83d\ude0a\" data-emoji=\"\ud83d\ude0a\" aria-label=\"\ud83d\ude0a\" \/><\/p>\n<p>La Comissi\u00f3 de la Trobada de Magins<\/p>\n","protected":false},"excerpt":{"rendered":"<p>La Comissi\u00f3 de la Trobada de Magins, amb el suport de l\u2019Associaci\u00f3 d\u2019Amics de Sant Mag\u00ed de la Brufaganya i el seu entorn, est\u00e0 preparant una nova edici\u00f3 de la [&hellip;]<\/p>\n","protected":false},"author":105,"featured_media":8807,"comment_status":"closed","ping_status":"closed","sticky":false,"template":"","format":"standard","meta":{"inline_featured_image":false,"footnotes":""},"categories":[1],"tags":[],"class_list":["post-9462","post","type-post","status-publish","format-standard","has-post-thumbnail","hentry","category-noticies"],"yoast_head":"<!-- This site is optimized with the Yoast SEO plugin v27.4 - https:\/\/yoast.com\/product\/yoast-seo-wordpress\/ -->\n<title>Trobada de Magins a la Brufaganya, el 17 de maig &#187; Sant Mag\u00ed de la Brufaganya<\/title>\n<meta name=\"robots\" content=\"index, follow, max-snippet:-1, max-image-preview:large, max-video-preview:-1\" \/>\n<link rel=\"canonical\" href=\"https:\/\/brufaganya.cat\/2020\/trobada-de-magins-a-la-brufaganya-el-17-de-maig\/\" \/>\n<meta property=\"og:locale\" content=\"ca_ES\" \/>\n<meta property=\"og:type\" content=\"article\" \/>\n<meta property=\"og:title\" content=\"Trobada de Magins a la Brufaganya, el 17 de maig &#187; Sant Mag\u00ed de la Brufaganya\" \/>\n<meta property=\"og:description\" content=\"La Comissi\u00f3 de la Trobada de Magins, amb el suport de l\u2019Associaci\u00f3 d\u2019Amics de Sant Mag\u00ed de la Brufaganya i el seu entorn, est\u00e0 preparant una nova edici\u00f3 de la [&hellip;]\" \/>\n<meta property=\"og:url\" content=\"https:\/\/brufaganya.cat\/2020\/trobada-de-magins-a-la-brufaganya-el-17-de-maig\/\" \/>\n<meta property=\"og:site_name\" content=\"Sant Mag\u00ed de la Brufaganya\" \/>\n<meta property=\"article:published_time\" content=\"2026-04-27T10:06:42+00:00\" \/>\n<meta property=\"article:modified_time\" content=\"2026-04-27T10:20:08+00:00\" \/>\n<meta property=\"og:image\" content=\"https:\/\/brufaganya.cat\/2020\/wp-content\/uploads\/2025\/05\/Magins2025.jpg\" \/>\n\t<meta property=\"og:image:width\" content=\"928\" \/>\n\t<meta property=\"og:image:height\" content=\"603\" \/>\n\t<meta property=\"og:image:type\" content=\"image\/jpeg\" \/>\n<meta name=\"author\" content=\"Rita Armejach Carreras\" \/>\n<meta name=\"twitter:card\" content=\"summary_large_image\" \/>\n<meta name=\"twitter:label1\" content=\"Escrit per\" \/>\n\t<meta name=\"twitter:data1\" content=\"Rita Armejach Carreras\" \/>\n\t<meta name=\"twitter:label2\" content=\"Temps estimat de lectura\" \/>\n\t<meta name=\"twitter:data2\" content=\"5 minuts\" \/>\n<script type=\"application\/ld+json\" class=\"yoast-schema-graph\">{\"@context\":\"https:\\\/\\\/schema.org\",\"@graph\":[{\"@type\":\"Article\",\"@id\":\"https:\\\/\\\/brufaganya.cat\\\/2020\\\/trobada-de-magins-a-la-brufaganya-el-17-de-maig\\\/#article\",\"isPartOf\":{\"@id\":\"https:\\\/\\\/brufaganya.cat\\\/2020\\\/trobada-de-magins-a-la-brufaganya-el-17-de-maig\\\/\"},\"author\":{\"name\":\"Rita Armejach Carreras\",\"@id\":\"https:\\\/\\\/brufaganya.cat\\\/2020\\\/#\\\/schema\\\/person\\\/cd383ee397867b5182d1cf80b8c2e95c\"},\"headline\":\"Trobada de Magins a la Brufaganya, el 17 de maig\",\"datePublished\":\"2026-04-27T10:06:42+00:00\",\"dateModified\":\"2026-04-27T10:20:08+00:00\",\"mainEntityOfPage\":{\"@id\":\"https:\\\/\\\/brufaganya.cat\\\/2020\\\/trobada-de-magins-a-la-brufaganya-el-17-de-maig\\\/\"},\"wordCount\":214,\"publisher\":{\"@id\":\"https:\\\/\\\/brufaganya.cat\\\/2020\\\/#organization\"},\"image\":{\"@id\":\"https:\\\/\\\/brufaganya.cat\\\/2020\\\/trobada-de-magins-a-la-brufaganya-el-17-de-maig\\\/#primaryimage\"},\"thumbnailUrl\":\"https:\\\/\\\/brufaganya.cat\\\/2020\\\/wp-content\\\/uploads\\\/2025\\\/05\\\/Magins2025.jpg\",\"articleSection\":[\"Not\u00edcies\"],\"inLanguage\":\"ca\"},{\"@type\":\"WebPage\",\"@id\":\"https:\\\/\\\/brufaganya.cat\\\/2020\\\/trobada-de-magins-a-la-brufaganya-el-17-de-maig\\\/\",\"url\":\"https:\\\/\\\/brufaganya.cat\\\/2020\\\/trobada-de-magins-a-la-brufaganya-el-17-de-maig\\\/\",\"name\":\"Trobada de Magins a la Brufaganya, el 17 de maig &#187; Sant Mag\u00ed de la Brufaganya\",\"isPartOf\":{\"@id\":\"https:\\\/\\\/brufaganya.cat\\\/2020\\\/#website\"},\"primaryImageOfPage\":{\"@id\":\"https:\\\/\\\/brufaganya.cat\\\/2020\\\/trobada-de-magins-a-la-brufaganya-el-17-de-maig\\\/#primaryimage\"},\"image\":{\"@id\":\"https:\\\/\\\/brufaganya.cat\\\/2020\\\/trobada-de-magins-a-la-brufaganya-el-17-de-maig\\\/#primaryimage\"},\"thumbnailUrl\":\"https:\\\/\\\/brufaganya.cat\\\/2020\\\/wp-content\\\/uploads\\\/2025\\\/05\\\/Magins2025.jpg\",\"datePublished\":\"2026-04-27T10:06:42+00:00\",\"dateModified\":\"2026-04-27T10:20:08+00:00\",\"breadcrumb\":{\"@id\":\"https:\\\/\\\/brufaganya.cat\\\/2020\\\/trobada-de-magins-a-la-brufaganya-el-17-de-maig\\\/#breadcrumb\"},\"inLanguage\":\"ca\",\"potentialAction\":[{\"@type\":\"ReadAction\",\"target\":[\"https:\\\/\\\/brufaganya.cat\\\/2020\\\/trobada-de-magins-a-la-brufaganya-el-17-de-maig\\\/\"]}]},{\"@type\":\"ImageObject\",\"inLanguage\":\"ca\",\"@id\":\"https:\\\/\\\/brufaganya.cat\\\/2020\\\/trobada-de-magins-a-la-brufaganya-el-17-de-maig\\\/#primaryimage\",\"url\":\"https:\\\/\\\/brufaganya.cat\\\/2020\\\/wp-content\\\/uploads\\\/2025\\\/05\\\/Magins2025.jpg\",\"contentUrl\":\"https:\\\/\\\/brufaganya.cat\\\/2020\\\/wp-content\\\/uploads\\\/2025\\\/05\\\/Magins2025.jpg\",\"width\":928,\"height\":603},{\"@type\":\"BreadcrumbList\",\"@id\":\"https:\\\/\\\/brufaganya.cat\\\/2020\\\/trobada-de-magins-a-la-brufaganya-el-17-de-maig\\\/#breadcrumb\",\"itemListElement\":[{\"@type\":\"ListItem\",\"position\":1,\"name\":\"Inici\",\"item\":\"https:\\\/\\\/brufaganya.cat\\\/2020\\\/\"},{\"@type\":\"ListItem\",\"position\":2,\"name\":\"Trobada de Magins a la Brufaganya, el 17 de maig\"}]},{\"@type\":\"WebSite\",\"@id\":\"https:\\\/\\\/brufaganya.cat\\\/2020\\\/#website\",\"url\":\"https:\\\/\\\/brufaganya.cat\\\/2020\\\/\",\"name\":\"Sant Mag\u00ed de la Brufaganya\",\"description\":\"Lloc web de Sant Mag\u00ed de la Brufaganya\",\"publisher\":{\"@id\":\"https:\\\/\\\/brufaganya.cat\\\/2020\\\/#organization\"},\"potentialAction\":[{\"@type\":\"SearchAction\",\"target\":{\"@type\":\"EntryPoint\",\"urlTemplate\":\"https:\\\/\\\/brufaganya.cat\\\/2020\\\/?s={search_term_string}\"},\"query-input\":{\"@type\":\"PropertyValueSpecification\",\"valueRequired\":true,\"valueName\":\"search_term_string\"}}],\"inLanguage\":\"ca\"},{\"@type\":\"Organization\",\"@id\":\"https:\\\/\\\/brufaganya.cat\\\/2020\\\/#organization\",\"name\":\"Sant Mag\u00ed de Brufaganya\",\"url\":\"https:\\\/\\\/brufaganya.cat\\\/2020\\\/\",\"logo\":{\"@type\":\"ImageObject\",\"inLanguage\":\"ca\",\"@id\":\"https:\\\/\\\/brufaganya.cat\\\/2020\\\/#\\\/schema\\\/logo\\\/image\\\/\",\"url\":\"https:\\\/\\\/brufaganya.cat\\\/2020\\\/wp-content\\\/uploads\\\/2018\\\/11\\\/st_marti_bruga_horitz_posi_logo.jpg\",\"contentUrl\":\"https:\\\/\\\/brufaganya.cat\\\/2020\\\/wp-content\\\/uploads\\\/2018\\\/11\\\/st_marti_bruga_horitz_posi_logo.jpg\",\"width\":1479,\"height\":804,\"caption\":\"Sant Mag\u00ed de Brufaganya\"},\"image\":{\"@id\":\"https:\\\/\\\/brufaganya.cat\\\/2020\\\/#\\\/schema\\\/logo\\\/image\\\/\"},\"sameAs\":[\"https:\\\/\\\/ca.wikipedia.org\\\/wiki\\\/Sant_Mag\u00ed_de_Brufaganya\"]},{\"@type\":\"Person\",\"@id\":\"https:\\\/\\\/brufaganya.cat\\\/2020\\\/#\\\/schema\\\/person\\\/cd383ee397867b5182d1cf80b8c2e95c\",\"name\":\"Rita Armejach Carreras\",\"image\":{\"@type\":\"ImageObject\",\"inLanguage\":\"ca\",\"@id\":\"https:\\\/\\\/secure.gravatar.com\\\/avatar\\\/9dd6e49c4c61c4e14defcbf48211c55e6d268a4486cf9f5cef1b53148943d71d?s=96&d=mm&r=g\",\"url\":\"https:\\\/\\\/secure.gravatar.com\\\/avatar\\\/9dd6e49c4c61c4e14defcbf48211c55e6d268a4486cf9f5cef1b53148943d71d?s=96&d=mm&r=g\",\"contentUrl\":\"https:\\\/\\\/secure.gravatar.com\\\/avatar\\\/9dd6e49c4c61c4e14defcbf48211c55e6d268a4486cf9f5cef1b53148943d71d?s=96&d=mm&r=g\",\"caption\":\"Rita Armejach Carreras\"},\"url\":\"https:\\\/\\\/brufaganya.cat\\\/2020\\\/author\\\/rarmejach\\\/\"}]}<\/script>\n<!-- \/ Yoast SEO plugin. -->","yoast_head_json":{"title":"Trobada de Magins a la Brufaganya, el 17 de maig &#187; Sant Mag\u00ed de la Brufaganya","robots":{"index":"index","follow":"follow","max-snippet":"max-snippet:-1","max-image-preview":"max-image-preview:large","max-video-preview":"max-video-preview:-1"},"canonical":"https:\/\/brufaganya.cat\/2020\/trobada-de-magins-a-la-brufaganya-el-17-de-maig\/","og_locale":"ca_ES","og_type":"article","og_title":"Trobada de Magins a la Brufaganya, el 17 de maig &#187; Sant Mag\u00ed de la Brufaganya","og_description":"La Comissi\u00f3 de la Trobada de Magins, amb el suport de l\u2019Associaci\u00f3 d\u2019Amics de Sant Mag\u00ed de la Brufaganya i el seu entorn, est\u00e0 preparant una nova edici\u00f3 de la [&hellip;]","og_url":"https:\/\/brufaganya.cat\/2020\/trobada-de-magins-a-la-brufaganya-el-17-de-maig\/","og_site_name":"Sant Mag\u00ed de la Brufaganya","article_published_time":"2026-04-27T10:06:42+00:00","article_modified_time":"2026-04-27T10:20:08+00:00","og_image":[{"width":928,"height":603,"url":"https:\/\/brufaganya.cat\/2020\/wp-content\/uploads\/2025\/05\/Magins2025.jpg","type":"image\/jpeg"}],"author":"Rita Armejach Carreras","twitter_card":"summary_large_image","twitter_misc":{"Escrit per":"Rita Armejach Carreras","Temps estimat de lectura":"5 minuts"},"schema":{"@context":"https:\/\/schema.org","@graph":[{"@type":"Article","@id":"https:\/\/brufaganya.cat\/2020\/trobada-de-magins-a-la-brufaganya-el-17-de-maig\/#article","isPartOf":{"@id":"https:\/\/brufaganya.cat\/2020\/trobada-de-magins-a-la-brufaganya-el-17-de-maig\/"},"author":{"name":"Rita Armejach Carreras","@id":"https:\/\/brufaganya.cat\/2020\/#\/schema\/person\/cd383ee397867b5182d1cf80b8c2e95c"},"headline":"Trobada de Magins a la Brufaganya, el 17 de maig","datePublished":"2026-04-27T10:06:42+00:00","dateModified":"2026-04-27T10:20:08+00:00","mainEntityOfPage":{"@id":"https:\/\/brufaganya.cat\/2020\/trobada-de-magins-a-la-brufaganya-el-17-de-maig\/"},"wordCount":214,"publisher":{"@id":"https:\/\/brufaganya.cat\/2020\/#organization"},"image":{"@id":"https:\/\/brufaganya.cat\/2020\/trobada-de-magins-a-la-brufaganya-el-17-de-maig\/#primaryimage"},"thumbnailUrl":"https:\/\/brufaganya.cat\/2020\/wp-content\/uploads\/2025\/05\/Magins2025.jpg","articleSection":["Not\u00edcies"],"inLanguage":"ca"},{"@type":"WebPage","@id":"https:\/\/brufaganya.cat\/2020\/trobada-de-magins-a-la-brufaganya-el-17-de-maig\/","url":"https:\/\/brufaganya.cat\/2020\/trobada-de-magins-a-la-brufaganya-el-17-de-maig\/","name":"Trobada de Magins a la Brufaganya, el 17 de maig &#187; Sant Mag\u00ed de la Brufaganya","isPartOf":{"@id":"https:\/\/brufaganya.cat\/2020\/#website"},"primaryImageOfPage":{"@id":"https:\/\/brufaganya.cat\/2020\/trobada-de-magins-a-la-brufaganya-el-17-de-maig\/#primaryimage"},"image":{"@id":"https:\/\/brufaganya.cat\/2020\/trobada-de-magins-a-la-brufaganya-el-17-de-maig\/#primaryimage"},"thumbnailUrl":"https:\/\/brufaganya.cat\/2020\/wp-content\/uploads\/2025\/05\/Magins2025.jpg","datePublished":"2026-04-27T10:06:42+00:00","dateModified":"2026-04-27T10:20:08+00:00","breadcrumb":{"@id":"https:\/\/brufaganya.cat\/2020\/trobada-de-magins-a-la-brufaganya-el-17-de-maig\/#breadcrumb"},"inLanguage":"ca","potentialAction":[{"@type":"ReadAction","target":["https:\/\/brufaganya.cat\/2020\/trobada-de-magins-a-la-brufaganya-el-17-de-maig\/"]}]},{"@type":"ImageObject","inLanguage":"ca","@id":"https:\/\/brufaganya.cat\/2020\/trobada-de-magins-a-la-brufaganya-el-17-de-maig\/#primaryimage","url":"https:\/\/brufaganya.cat\/2020\/wp-content\/uploads\/2025\/05\/Magins2025.jpg","contentUrl":"https:\/\/brufaganya.cat\/2020\/wp-content\/uploads\/2025\/05\/Magins2025.jpg","width":928,"height":603},{"@type":"BreadcrumbList","@id":"https:\/\/brufaganya.cat\/2020\/trobada-de-magins-a-la-brufaganya-el-17-de-maig\/#breadcrumb","itemListElement":[{"@type":"ListItem","position":1,"name":"Inici","item":"https:\/\/brufaganya.cat\/2020\/"},{"@type":"ListItem","position":2,"name":"Trobada de Magins a la Brufaganya, el 17 de maig"}]},{"@type":"WebSite","@id":"https:\/\/brufaganya.cat\/2020\/#website","url":"https:\/\/brufaganya.cat\/2020\/","name":"Sant Mag\u00ed de la Brufaganya","description":"Lloc web de Sant Mag\u00ed de la Brufaganya","publisher":{"@id":"https:\/\/brufaganya.cat\/2020\/#organization"},"potentialAction":[{"@type":"SearchAction","target":{"@type":"EntryPoint","urlTemplate":"https:\/\/brufaganya.cat\/2020\/?s={search_term_string}"},"query-input":{"@type":"PropertyValueSpecification","valueRequired":true,"valueName":"search_term_string"}}],"inLanguage":"ca"},{"@type":"Organization","@id":"https:\/\/brufaganya.cat\/2020\/#organization","name":"Sant Mag\u00ed de Brufaganya","url":"https:\/\/brufaganya.cat\/2020\/","logo":{"@type":"ImageObject","inLanguage":"ca","@id":"https:\/\/brufaganya.cat\/2020\/#\/schema\/logo\/image\/","url":"https:\/\/brufaganya.cat\/2020\/wp-content\/uploads\/2018\/11\/st_marti_bruga_horitz_posi_logo.jpg","contentUrl":"https:\/\/brufaganya.cat\/2020\/wp-content\/uploads\/2018\/11\/st_marti_bruga_horitz_posi_logo.jpg","width":1479,"height":804,"caption":"Sant Mag\u00ed de Brufaganya"},"image":{"@id":"https:\/\/brufaganya.cat\/2020\/#\/schema\/logo\/image\/"},"sameAs":["https:\/\/ca.wikipedia.org\/wiki\/Sant_Mag\u00ed_de_Brufaganya"]},{"@type":"Person","@id":"https:\/\/brufaganya.cat\/2020\/#\/schema\/person\/cd383ee397867b5182d1cf80b8c2e95c","name":"Rita Armejach Carreras","image":{"@type":"ImageObject","inLanguage":"ca","@id":"https:\/\/secure.gravatar.com\/avatar\/9dd6e49c4c61c4e14defcbf48211c55e6d268a4486cf9f5cef1b53148943d71d?s=96&d=mm&r=g","url":"https:\/\/secure.gravatar.com\/avatar\/9dd6e49c4c61c4e14defcbf48211c55e6d268a4486cf9f5cef1b53148943d71d?s=96&d=mm&r=g","contentUrl":"https:\/\/secure.gravatar.com\/avatar\/9dd6e49c4c61c4e14defcbf48211c55e6d268a4486cf9f5cef1b53148943d71d?s=96&d=mm&r=g","caption":"Rita Armejach Carreras"},"url":"https:\/\/brufaganya.cat\/2020\/author\/rarmejach\/"}]}},"_links":{"self":[{"href":"https:\/\/brufaganya.cat\/2020\/wp-json\/wp\/v2\/posts\/9462","targetHints":{"allow":["GET"]}}],"collection":[{"href":"https:\/\/brufaganya.cat\/2020\/wp-json\/wp\/v2\/posts"}],"about":[{"href":"https:\/\/brufaganya.cat\/2020\/wp-json\/wp\/v2\/types\/post"}],"author":[{"embeddable":true,"href":"https:\/\/brufaganya.cat\/2020\/wp-json\/wp\/v2\/users\/105"}],"replies":[{"embeddable":true,"href":"https:\/\/brufaganya.cat\/2020\/wp-json\/wp\/v2\/comments?post=9462"}],"version-history":[{"count":0,"href":"https:\/\/brufaganya.cat\/2020\/wp-json\/wp\/v2\/posts\/9462\/revisions"}],"wp:featuredmedia":[{"embeddable":true,"href":"https:\/\/brufaganya.cat\/2020\/wp-json\/wp\/v2\/media\/8807"}],"wp:attachment":[{"href":"https:\/\/brufaganya.cat\/2020\/wp-json\/wp\/v2\/media?parent=9462"}],"wp:term":[{"taxonomy":"category","embeddable":true,"href":"https:\/\/brufaganya.cat\/2020\/wp-json\/wp\/v2\/categories?post=9462"},{"taxonomy":"post_tag","embeddable":true,"href":"https:\/\/brufaganya.cat\/2020\/wp-json\/wp\/v2\/tags?post=9462"}],"curies":[{"name":"wp","href":"https:\/\/api.w.org\/{rel}","templated":true}]}}