{"id":9105,"date":"2025-09-25T08:38:06","date_gmt":"2025-09-25T06:38:06","guid":{"rendered":"https:\/\/brufaganya.cat\/2020\/?p=9105"},"modified":"2025-10-16T23:19:20","modified_gmt":"2025-10-16T21:19:20","slug":"la-casa-de-lermita-consolidacio-estructural-i-nova-vida-per-a-la-planta-baixa","status":"publish","type":"post","link":"https:\/\/brufaganya.cat\/2020\/la-casa-de-lermita-consolidacio-estructural-i-nova-vida-per-a-la-planta-baixa\/","title":{"rendered":"La Casa de l&#8217;Ermit\u00e0: consolidaci\u00f3 estructural i nova vida per a la planta baixa"},"content":{"rendered":"<p data-start=\"253\" data-end=\"478\"><img loading=\"lazy\" decoding=\"async\" class=\"wp-image-7750 size-full aligncenter\" src=\"https:\/\/brufaganya.cat\/2020\/wp-content\/uploads\/2023\/06\/logo-Dipta.jpg\" alt=\"\" width=\"300\" height=\"250\" \/>L&#8217;Associaci\u00f3 d&#8217;Amics de Sant Mag\u00ed de la Brufaganya i el seu entorn ha dut a terme la <strong data-start=\"338\" data-end=\"396\">quarta fase de la reconstrucci\u00f3 de la Casa de l\u2019Ermit\u00e0<\/strong>, un pas decisiu per garantir el futur d\u2019aquest edifici patrimonial.<\/p>\n<p data-start=\"480\" data-end=\"890\">En aquesta etapa, l\u2019eix principal de l\u2019actuaci\u00f3 ha estat el <strong data-start=\"540\" data-end=\"610\">refor\u00e7 estructural del forjat i de les bigues entre la primerta planta i la segona<\/strong>, una feina imprescindible per assegurar l\u2019estabilitat i la seguretat de l\u2019immoble. Aquesta intervenci\u00f3 ha requerit l\u2019\u00fas de perfils met\u00e0l\u00b7lics importants i treballs especialitzats, i ha suposat un esfor\u00e7 addicional per\u00f2 absolutament necessari.<\/p>\n<p data-start=\"892\" data-end=\"1316\">Al mateix temps, s\u2019ha treballat a la <strong data-start=\"929\" data-end=\"956\">planta baixa de la casa<\/strong>, que ha estat repicada, arrebossada i pavimentada amb rajola cer\u00e0mica, a m\u00e9s d\u2019incorporar-hi instal\u00b7laci\u00f3 el\u00e8ctrica i altres acabats. Gr\u00e0cies a aquestes millores, l\u2019espai ha quedat <strong data-start=\"1138\" data-end=\"1185\">pr\u00e0cticament llest per al seu \u00fas comunitari<\/strong>, i ja acull activitats culturals, trobades i iniciatives socials vinculades al santuari i al seu entorn natural.<\/p>\n<p data-start=\"1318\" data-end=\"1576\">Tot i aquests aven\u00e7os, queda pendent l\u2019<strong data-start=\"1357\" data-end=\"1407\">adequaci\u00f3 de la primera planta com a habitatge<\/strong>, una tasca que s\u2019havia previst a la tercera fase per\u00f2 que, a causa dels imprevistos estructurals, s\u2019haur\u00e0 d\u2019ajornar fins a la <strong data-start=\"1534\" data-end=\"1573\">cinquena i \u00faltima fase del projecte<\/strong>.<\/p>\n<p data-start=\"1578\" data-end=\"1817\">Aquest progr\u00e9s no hauria estat possible sense el suport de la <strong data-start=\"1640\" data-end=\"1666\">Diputaci\u00f3 de Tarragona<\/strong>, que ha contribu\u00eft decisivament al finan\u00e7ament, ni sense la implicaci\u00f3 de voluntaris i professionals que han aportat hores de treball i coneixement.<\/p>\n<p data-start=\"1819\" data-end=\"1977\">Amb aquesta fase, la Casa de l\u2019Ermit\u00e0 es consolida cada cop m\u00e9s com un <strong data-start=\"1890\" data-end=\"1926\">equipament cultural <\/strong>al servei de la Brufaganya i de tota la comarca.<\/p>\n<p>&nbsp;<\/p>\n<p>&nbsp;<\/p>\n<figure id=\"attachment_9109\" aria-describedby=\"caption-attachment-9109\" style=\"width: 1024px\" class=\"wp-caption alignright\"><img loading=\"lazy\" decoding=\"async\" class=\"wp-image-9109 size-large\" src=\"https:\/\/brufaganya.cat\/2020\/wp-content\/uploads\/2025\/09\/20250910_101502-1024x768.jpg\" alt=\"\" width=\"1024\" height=\"768\" srcset=\"https:\/\/brufaganya.cat\/2020\/wp-content\/uploads\/2025\/09\/20250910_101502-1024x768.jpg 1024w, https:\/\/brufaganya.cat\/2020\/wp-content\/uploads\/2025\/09\/20250910_101502-300x225.jpg 300w, https:\/\/brufaganya.cat\/2020\/wp-content\/uploads\/2025\/09\/20250910_101502-768x576.jpg 768w, https:\/\/brufaganya.cat\/2020\/wp-content\/uploads\/2025\/09\/20250910_101502-1536x1152.jpg 1536w, https:\/\/brufaganya.cat\/2020\/wp-content\/uploads\/2025\/09\/20250910_101502-2048x1536.jpg 2048w, https:\/\/brufaganya.cat\/2020\/wp-content\/uploads\/2025\/09\/20250910_101502-86x64.jpg 86w\" sizes=\"auto, (max-width: 1024px) 100vw, 1024px\" \/><figcaption id=\"caption-attachment-9109\" class=\"wp-caption-text\">Treballant en la col\u00b7locaci\u00f3 del refor\u00e7<\/figcaption><\/figure>\n<p>&nbsp;<\/p>\n<p>&nbsp;<\/p>\n","protected":false},"excerpt":{"rendered":"<p>L&#8217;Associaci\u00f3 d&#8217;Amics de Sant Mag\u00ed de la Brufaganya i el seu entorn ha dut a terme la quarta fase de la reconstrucci\u00f3 de la Casa de l\u2019Ermit\u00e0, un pas decisiu [&hellip;]<\/p>\n","protected":false},"author":109,"featured_media":9108,"comment_status":"closed","ping_status":"closed","sticky":false,"template":"","format":"standard","meta":{"inline_featured_image":false,"footnotes":""},"categories":[1,780],"tags":[],"class_list":["post-9105","post","type-post","status-publish","format-standard","has-post-thumbnail","hentry","category-noticies","category-patrimoni-arquitectonic"],"yoast_head":"<!-- This site is optimized with the Yoast SEO plugin v27.4 - https:\/\/yoast.com\/product\/yoast-seo-wordpress\/ -->\n<title>La Casa de l&#039;Ermit\u00e0: consolidaci\u00f3 estructural i nova vida per a la planta baixa &#187; Sant Mag\u00ed de la Brufaganya<\/title>\n<meta name=\"robots\" content=\"index, follow, max-snippet:-1, max-image-preview:large, max-video-preview:-1\" \/>\n<link rel=\"canonical\" href=\"https:\/\/brufaganya.cat\/2020\/la-casa-de-lermita-consolidacio-estructural-i-nova-vida-per-a-la-planta-baixa\/\" \/>\n<meta property=\"og:locale\" content=\"ca_ES\" \/>\n<meta property=\"og:type\" content=\"article\" \/>\n<meta property=\"og:title\" content=\"La Casa de l&#039;Ermit\u00e0: consolidaci\u00f3 estructural i nova vida per a la planta baixa &#187; Sant Mag\u00ed de la Brufaganya\" \/>\n<meta property=\"og:description\" content=\"L&#8217;Associaci\u00f3 d&#8217;Amics de Sant Mag\u00ed de la Brufaganya i el seu entorn ha dut a terme la quarta fase de la reconstrucci\u00f3 de la Casa de l\u2019Ermit\u00e0, un pas decisiu [&hellip;]\" \/>\n<meta property=\"og:url\" content=\"https:\/\/brufaganya.cat\/2020\/la-casa-de-lermita-consolidacio-estructural-i-nova-vida-per-a-la-planta-baixa\/\" \/>\n<meta property=\"og:site_name\" content=\"Sant Mag\u00ed de la Brufaganya\" \/>\n<meta property=\"article:published_time\" content=\"2025-09-25T06:38:06+00:00\" \/>\n<meta property=\"article:modified_time\" content=\"2025-10-16T21:19:20+00:00\" \/>\n<meta property=\"og:image\" content=\"https:\/\/brufaganya.cat\/2020\/wp-content\/uploads\/2025\/09\/2025-08-13-Planta-ermita-18-e1758781816247.jpeg\" \/>\n\t<meta property=\"og:image:width\" content=\"750\" \/>\n\t<meta property=\"og:image:height\" content=\"1000\" \/>\n\t<meta property=\"og:image:type\" content=\"image\/jpeg\" \/>\n<meta name=\"author\" content=\"Silvestre Pal\u00e0 Aug\u00e9\" \/>\n<meta name=\"twitter:card\" content=\"summary_large_image\" \/>\n<meta name=\"twitter:label1\" content=\"Escrit per\" \/>\n\t<meta name=\"twitter:data1\" content=\"Silvestre Pal\u00e0 Aug\u00e9\" \/>\n\t<meta name=\"twitter:label2\" content=\"Temps estimat de lectura\" \/>\n\t<meta name=\"twitter:data2\" content=\"3 minuts\" \/>\n<script type=\"application\/ld+json\" class=\"yoast-schema-graph\">{\"@context\":\"https:\\\/\\\/schema.org\",\"@graph\":[{\"@type\":\"Article\",\"@id\":\"https:\\\/\\\/brufaganya.cat\\\/2020\\\/la-casa-de-lermita-consolidacio-estructural-i-nova-vida-per-a-la-planta-baixa\\\/#article\",\"isPartOf\":{\"@id\":\"https:\\\/\\\/brufaganya.cat\\\/2020\\\/la-casa-de-lermita-consolidacio-estructural-i-nova-vida-per-a-la-planta-baixa\\\/\"},\"author\":{\"name\":\"Silvestre Pal\u00e0 Aug\u00e9\",\"@id\":\"https:\\\/\\\/brufaganya.cat\\\/2020\\\/#\\\/schema\\\/person\\\/104a8a58bc74955dad00f639bb234a56\"},\"headline\":\"La Casa de l&#8217;Ermit\u00e0: consolidaci\u00f3 estructural i nova vida per a la planta baixa\",\"datePublished\":\"2025-09-25T06:38:06+00:00\",\"dateModified\":\"2025-10-16T21:19:20+00:00\",\"mainEntityOfPage\":{\"@id\":\"https:\\\/\\\/brufaganya.cat\\\/2020\\\/la-casa-de-lermita-consolidacio-estructural-i-nova-vida-per-a-la-planta-baixa\\\/\"},\"wordCount\":318,\"publisher\":{\"@id\":\"https:\\\/\\\/brufaganya.cat\\\/2020\\\/#organization\"},\"image\":{\"@id\":\"https:\\\/\\\/brufaganya.cat\\\/2020\\\/la-casa-de-lermita-consolidacio-estructural-i-nova-vida-per-a-la-planta-baixa\\\/#primaryimage\"},\"thumbnailUrl\":\"https:\\\/\\\/brufaganya.cat\\\/2020\\\/wp-content\\\/uploads\\\/2025\\\/09\\\/2025-08-13-Planta-ermita-18-e1758781816247.jpeg\",\"articleSection\":[\"Not\u00edcies\",\"Patrimoni arquitect\u00f2nic\"],\"inLanguage\":\"ca\"},{\"@type\":\"WebPage\",\"@id\":\"https:\\\/\\\/brufaganya.cat\\\/2020\\\/la-casa-de-lermita-consolidacio-estructural-i-nova-vida-per-a-la-planta-baixa\\\/\",\"url\":\"https:\\\/\\\/brufaganya.cat\\\/2020\\\/la-casa-de-lermita-consolidacio-estructural-i-nova-vida-per-a-la-planta-baixa\\\/\",\"name\":\"La Casa de l'Ermit\u00e0: consolidaci\u00f3 estructural i nova vida per a la planta baixa &#187; Sant Mag\u00ed de la Brufaganya\",\"isPartOf\":{\"@id\":\"https:\\\/\\\/brufaganya.cat\\\/2020\\\/#website\"},\"primaryImageOfPage\":{\"@id\":\"https:\\\/\\\/brufaganya.cat\\\/2020\\\/la-casa-de-lermita-consolidacio-estructural-i-nova-vida-per-a-la-planta-baixa\\\/#primaryimage\"},\"image\":{\"@id\":\"https:\\\/\\\/brufaganya.cat\\\/2020\\\/la-casa-de-lermita-consolidacio-estructural-i-nova-vida-per-a-la-planta-baixa\\\/#primaryimage\"},\"thumbnailUrl\":\"https:\\\/\\\/brufaganya.cat\\\/2020\\\/wp-content\\\/uploads\\\/2025\\\/09\\\/2025-08-13-Planta-ermita-18-e1758781816247.jpeg\",\"datePublished\":\"2025-09-25T06:38:06+00:00\",\"dateModified\":\"2025-10-16T21:19:20+00:00\",\"breadcrumb\":{\"@id\":\"https:\\\/\\\/brufaganya.cat\\\/2020\\\/la-casa-de-lermita-consolidacio-estructural-i-nova-vida-per-a-la-planta-baixa\\\/#breadcrumb\"},\"inLanguage\":\"ca\",\"potentialAction\":[{\"@type\":\"ReadAction\",\"target\":[\"https:\\\/\\\/brufaganya.cat\\\/2020\\\/la-casa-de-lermita-consolidacio-estructural-i-nova-vida-per-a-la-planta-baixa\\\/\"]}]},{\"@type\":\"ImageObject\",\"inLanguage\":\"ca\",\"@id\":\"https:\\\/\\\/brufaganya.cat\\\/2020\\\/la-casa-de-lermita-consolidacio-estructural-i-nova-vida-per-a-la-planta-baixa\\\/#primaryimage\",\"url\":\"https:\\\/\\\/brufaganya.cat\\\/2020\\\/wp-content\\\/uploads\\\/2025\\\/09\\\/2025-08-13-Planta-ermita-18-e1758781816247.jpeg\",\"contentUrl\":\"https:\\\/\\\/brufaganya.cat\\\/2020\\\/wp-content\\\/uploads\\\/2025\\\/09\\\/2025-08-13-Planta-ermita-18-e1758781816247.jpeg\",\"width\":750,\"height\":1000,\"caption\":\"Biga destinada al refor\u00e7 estructural\"},{\"@type\":\"BreadcrumbList\",\"@id\":\"https:\\\/\\\/brufaganya.cat\\\/2020\\\/la-casa-de-lermita-consolidacio-estructural-i-nova-vida-per-a-la-planta-baixa\\\/#breadcrumb\",\"itemListElement\":[{\"@type\":\"ListItem\",\"position\":1,\"name\":\"Inici\",\"item\":\"https:\\\/\\\/brufaganya.cat\\\/2020\\\/\"},{\"@type\":\"ListItem\",\"position\":2,\"name\":\"La Casa de l&#8217;Ermit\u00e0: consolidaci\u00f3 estructural i nova vida per a la planta baixa\"}]},{\"@type\":\"WebSite\",\"@id\":\"https:\\\/\\\/brufaganya.cat\\\/2020\\\/#website\",\"url\":\"https:\\\/\\\/brufaganya.cat\\\/2020\\\/\",\"name\":\"Sant Mag\u00ed de la Brufaganya\",\"description\":\"Lloc web de Sant Mag\u00ed de la Brufaganya\",\"publisher\":{\"@id\":\"https:\\\/\\\/brufaganya.cat\\\/2020\\\/#organization\"},\"potentialAction\":[{\"@type\":\"SearchAction\",\"target\":{\"@type\":\"EntryPoint\",\"urlTemplate\":\"https:\\\/\\\/brufaganya.cat\\\/2020\\\/?s={search_term_string}\"},\"query-input\":{\"@type\":\"PropertyValueSpecification\",\"valueRequired\":true,\"valueName\":\"search_term_string\"}}],\"inLanguage\":\"ca\"},{\"@type\":\"Organization\",\"@id\":\"https:\\\/\\\/brufaganya.cat\\\/2020\\\/#organization\",\"name\":\"Sant Mag\u00ed de Brufaganya\",\"url\":\"https:\\\/\\\/brufaganya.cat\\\/2020\\\/\",\"logo\":{\"@type\":\"ImageObject\",\"inLanguage\":\"ca\",\"@id\":\"https:\\\/\\\/brufaganya.cat\\\/2020\\\/#\\\/schema\\\/logo\\\/image\\\/\",\"url\":\"https:\\\/\\\/brufaganya.cat\\\/2020\\\/wp-content\\\/uploads\\\/2018\\\/11\\\/st_marti_bruga_horitz_posi_logo.jpg\",\"contentUrl\":\"https:\\\/\\\/brufaganya.cat\\\/2020\\\/wp-content\\\/uploads\\\/2018\\\/11\\\/st_marti_bruga_horitz_posi_logo.jpg\",\"width\":1479,\"height\":804,\"caption\":\"Sant Mag\u00ed de Brufaganya\"},\"image\":{\"@id\":\"https:\\\/\\\/brufaganya.cat\\\/2020\\\/#\\\/schema\\\/logo\\\/image\\\/\"},\"sameAs\":[\"https:\\\/\\\/ca.wikipedia.org\\\/wiki\\\/Sant_Mag\u00ed_de_Brufaganya\"]},{\"@type\":\"Person\",\"@id\":\"https:\\\/\\\/brufaganya.cat\\\/2020\\\/#\\\/schema\\\/person\\\/104a8a58bc74955dad00f639bb234a56\",\"name\":\"Silvestre Pal\u00e0 Aug\u00e9\",\"image\":{\"@type\":\"ImageObject\",\"inLanguage\":\"ca\",\"@id\":\"https:\\\/\\\/secure.gravatar.com\\\/avatar\\\/240c865b87ee90f68f1bb82d954fb54e1c50d2b4355c9b807c7f2862e50c5fb1?s=96&d=mm&r=g\",\"url\":\"https:\\\/\\\/secure.gravatar.com\\\/avatar\\\/240c865b87ee90f68f1bb82d954fb54e1c50d2b4355c9b807c7f2862e50c5fb1?s=96&d=mm&r=g\",\"contentUrl\":\"https:\\\/\\\/secure.gravatar.com\\\/avatar\\\/240c865b87ee90f68f1bb82d954fb54e1c50d2b4355c9b807c7f2862e50c5fb1?s=96&d=mm&r=g\",\"caption\":\"Silvestre Pal\u00e0 Aug\u00e9\"},\"url\":\"https:\\\/\\\/brufaganya.cat\\\/2020\\\/author\\\/spala\\\/\"}]}<\/script>\n<!-- \/ Yoast SEO plugin. -->","yoast_head_json":{"title":"La Casa de l'Ermit\u00e0: consolidaci\u00f3 estructural i nova vida per a la planta baixa &#187; Sant Mag\u00ed de la Brufaganya","robots":{"index":"index","follow":"follow","max-snippet":"max-snippet:-1","max-image-preview":"max-image-preview:large","max-video-preview":"max-video-preview:-1"},"canonical":"https:\/\/brufaganya.cat\/2020\/la-casa-de-lermita-consolidacio-estructural-i-nova-vida-per-a-la-planta-baixa\/","og_locale":"ca_ES","og_type":"article","og_title":"La Casa de l'Ermit\u00e0: consolidaci\u00f3 estructural i nova vida per a la planta baixa &#187; Sant Mag\u00ed de la Brufaganya","og_description":"L&#8217;Associaci\u00f3 d&#8217;Amics de Sant Mag\u00ed de la Brufaganya i el seu entorn ha dut a terme la quarta fase de la reconstrucci\u00f3 de la Casa de l\u2019Ermit\u00e0, un pas decisiu [&hellip;]","og_url":"https:\/\/brufaganya.cat\/2020\/la-casa-de-lermita-consolidacio-estructural-i-nova-vida-per-a-la-planta-baixa\/","og_site_name":"Sant Mag\u00ed de la Brufaganya","article_published_time":"2025-09-25T06:38:06+00:00","article_modified_time":"2025-10-16T21:19:20+00:00","og_image":[{"width":750,"height":1000,"url":"https:\/\/brufaganya.cat\/2020\/wp-content\/uploads\/2025\/09\/2025-08-13-Planta-ermita-18-e1758781816247.jpeg","type":"image\/jpeg"}],"author":"Silvestre Pal\u00e0 Aug\u00e9","twitter_card":"summary_large_image","twitter_misc":{"Escrit per":"Silvestre Pal\u00e0 Aug\u00e9","Temps estimat de lectura":"3 minuts"},"schema":{"@context":"https:\/\/schema.org","@graph":[{"@type":"Article","@id":"https:\/\/brufaganya.cat\/2020\/la-casa-de-lermita-consolidacio-estructural-i-nova-vida-per-a-la-planta-baixa\/#article","isPartOf":{"@id":"https:\/\/brufaganya.cat\/2020\/la-casa-de-lermita-consolidacio-estructural-i-nova-vida-per-a-la-planta-baixa\/"},"author":{"name":"Silvestre Pal\u00e0 Aug\u00e9","@id":"https:\/\/brufaganya.cat\/2020\/#\/schema\/person\/104a8a58bc74955dad00f639bb234a56"},"headline":"La Casa de l&#8217;Ermit\u00e0: consolidaci\u00f3 estructural i nova vida per a la planta baixa","datePublished":"2025-09-25T06:38:06+00:00","dateModified":"2025-10-16T21:19:20+00:00","mainEntityOfPage":{"@id":"https:\/\/brufaganya.cat\/2020\/la-casa-de-lermita-consolidacio-estructural-i-nova-vida-per-a-la-planta-baixa\/"},"wordCount":318,"publisher":{"@id":"https:\/\/brufaganya.cat\/2020\/#organization"},"image":{"@id":"https:\/\/brufaganya.cat\/2020\/la-casa-de-lermita-consolidacio-estructural-i-nova-vida-per-a-la-planta-baixa\/#primaryimage"},"thumbnailUrl":"https:\/\/brufaganya.cat\/2020\/wp-content\/uploads\/2025\/09\/2025-08-13-Planta-ermita-18-e1758781816247.jpeg","articleSection":["Not\u00edcies","Patrimoni arquitect\u00f2nic"],"inLanguage":"ca"},{"@type":"WebPage","@id":"https:\/\/brufaganya.cat\/2020\/la-casa-de-lermita-consolidacio-estructural-i-nova-vida-per-a-la-planta-baixa\/","url":"https:\/\/brufaganya.cat\/2020\/la-casa-de-lermita-consolidacio-estructural-i-nova-vida-per-a-la-planta-baixa\/","name":"La Casa de l'Ermit\u00e0: consolidaci\u00f3 estructural i nova vida per a la planta baixa &#187; Sant Mag\u00ed de la Brufaganya","isPartOf":{"@id":"https:\/\/brufaganya.cat\/2020\/#website"},"primaryImageOfPage":{"@id":"https:\/\/brufaganya.cat\/2020\/la-casa-de-lermita-consolidacio-estructural-i-nova-vida-per-a-la-planta-baixa\/#primaryimage"},"image":{"@id":"https:\/\/brufaganya.cat\/2020\/la-casa-de-lermita-consolidacio-estructural-i-nova-vida-per-a-la-planta-baixa\/#primaryimage"},"thumbnailUrl":"https:\/\/brufaganya.cat\/2020\/wp-content\/uploads\/2025\/09\/2025-08-13-Planta-ermita-18-e1758781816247.jpeg","datePublished":"2025-09-25T06:38:06+00:00","dateModified":"2025-10-16T21:19:20+00:00","breadcrumb":{"@id":"https:\/\/brufaganya.cat\/2020\/la-casa-de-lermita-consolidacio-estructural-i-nova-vida-per-a-la-planta-baixa\/#breadcrumb"},"inLanguage":"ca","potentialAction":[{"@type":"ReadAction","target":["https:\/\/brufaganya.cat\/2020\/la-casa-de-lermita-consolidacio-estructural-i-nova-vida-per-a-la-planta-baixa\/"]}]},{"@type":"ImageObject","inLanguage":"ca","@id":"https:\/\/brufaganya.cat\/2020\/la-casa-de-lermita-consolidacio-estructural-i-nova-vida-per-a-la-planta-baixa\/#primaryimage","url":"https:\/\/brufaganya.cat\/2020\/wp-content\/uploads\/2025\/09\/2025-08-13-Planta-ermita-18-e1758781816247.jpeg","contentUrl":"https:\/\/brufaganya.cat\/2020\/wp-content\/uploads\/2025\/09\/2025-08-13-Planta-ermita-18-e1758781816247.jpeg","width":750,"height":1000,"caption":"Biga destinada al refor\u00e7 estructural"},{"@type":"BreadcrumbList","@id":"https:\/\/brufaganya.cat\/2020\/la-casa-de-lermita-consolidacio-estructural-i-nova-vida-per-a-la-planta-baixa\/#breadcrumb","itemListElement":[{"@type":"ListItem","position":1,"name":"Inici","item":"https:\/\/brufaganya.cat\/2020\/"},{"@type":"ListItem","position":2,"name":"La Casa de l&#8217;Ermit\u00e0: consolidaci\u00f3 estructural i nova vida per a la planta baixa"}]},{"@type":"WebSite","@id":"https:\/\/brufaganya.cat\/2020\/#website","url":"https:\/\/brufaganya.cat\/2020\/","name":"Sant Mag\u00ed de la Brufaganya","description":"Lloc web de Sant Mag\u00ed de la Brufaganya","publisher":{"@id":"https:\/\/brufaganya.cat\/2020\/#organization"},"potentialAction":[{"@type":"SearchAction","target":{"@type":"EntryPoint","urlTemplate":"https:\/\/brufaganya.cat\/2020\/?s={search_term_string}"},"query-input":{"@type":"PropertyValueSpecification","valueRequired":true,"valueName":"search_term_string"}}],"inLanguage":"ca"},{"@type":"Organization","@id":"https:\/\/brufaganya.cat\/2020\/#organization","name":"Sant Mag\u00ed de Brufaganya","url":"https:\/\/brufaganya.cat\/2020\/","logo":{"@type":"ImageObject","inLanguage":"ca","@id":"https:\/\/brufaganya.cat\/2020\/#\/schema\/logo\/image\/","url":"https:\/\/brufaganya.cat\/2020\/wp-content\/uploads\/2018\/11\/st_marti_bruga_horitz_posi_logo.jpg","contentUrl":"https:\/\/brufaganya.cat\/2020\/wp-content\/uploads\/2018\/11\/st_marti_bruga_horitz_posi_logo.jpg","width":1479,"height":804,"caption":"Sant Mag\u00ed de Brufaganya"},"image":{"@id":"https:\/\/brufaganya.cat\/2020\/#\/schema\/logo\/image\/"},"sameAs":["https:\/\/ca.wikipedia.org\/wiki\/Sant_Mag\u00ed_de_Brufaganya"]},{"@type":"Person","@id":"https:\/\/brufaganya.cat\/2020\/#\/schema\/person\/104a8a58bc74955dad00f639bb234a56","name":"Silvestre Pal\u00e0 Aug\u00e9","image":{"@type":"ImageObject","inLanguage":"ca","@id":"https:\/\/secure.gravatar.com\/avatar\/240c865b87ee90f68f1bb82d954fb54e1c50d2b4355c9b807c7f2862e50c5fb1?s=96&d=mm&r=g","url":"https:\/\/secure.gravatar.com\/avatar\/240c865b87ee90f68f1bb82d954fb54e1c50d2b4355c9b807c7f2862e50c5fb1?s=96&d=mm&r=g","contentUrl":"https:\/\/secure.gravatar.com\/avatar\/240c865b87ee90f68f1bb82d954fb54e1c50d2b4355c9b807c7f2862e50c5fb1?s=96&d=mm&r=g","caption":"Silvestre Pal\u00e0 Aug\u00e9"},"url":"https:\/\/brufaganya.cat\/2020\/author\/spala\/"}]}},"_links":{"self":[{"href":"https:\/\/brufaganya.cat\/2020\/wp-json\/wp\/v2\/posts\/9105","targetHints":{"allow":["GET"]}}],"collection":[{"href":"https:\/\/brufaganya.cat\/2020\/wp-json\/wp\/v2\/posts"}],"about":[{"href":"https:\/\/brufaganya.cat\/2020\/wp-json\/wp\/v2\/types\/post"}],"author":[{"embeddable":true,"href":"https:\/\/brufaganya.cat\/2020\/wp-json\/wp\/v2\/users\/109"}],"replies":[{"embeddable":true,"href":"https:\/\/brufaganya.cat\/2020\/wp-json\/wp\/v2\/comments?post=9105"}],"version-history":[{"count":0,"href":"https:\/\/brufaganya.cat\/2020\/wp-json\/wp\/v2\/posts\/9105\/revisions"}],"wp:featuredmedia":[{"embeddable":true,"href":"https:\/\/brufaganya.cat\/2020\/wp-json\/wp\/v2\/media\/9108"}],"wp:attachment":[{"href":"https:\/\/brufaganya.cat\/2020\/wp-json\/wp\/v2\/media?parent=9105"}],"wp:term":[{"taxonomy":"category","embeddable":true,"href":"https:\/\/brufaganya.cat\/2020\/wp-json\/wp\/v2\/categories?post=9105"},{"taxonomy":"post_tag","embeddable":true,"href":"https:\/\/brufaganya.cat\/2020\/wp-json\/wp\/v2\/tags?post=9105"}],"curies":[{"name":"wp","href":"https:\/\/api.w.org\/{rel}","templated":true}]}}