{"id":9061,"date":"2025-09-17T18:51:02","date_gmt":"2025-09-17T16:51:02","guid":{"rendered":"https:\/\/brufaganya.cat\/2020\/?p=9061"},"modified":"2025-09-23T20:12:21","modified_gmt":"2025-09-23T18:12:21","slug":"9061-2","status":"publish","type":"post","link":"https:\/\/brufaganya.cat\/2020\/9061-2\/","title":{"rendered":"Aplec de Setembre, Sant Mag\u00ed 2025"},"content":{"rendered":"<p data-start=\"76\" data-end=\"152\"><strong data-start=\"76\" data-end=\"150\">El diumenge 21 de setembre celebrem l\u2019Aplec a Sant Mag\u00ed de la Brufaganya!<\/strong><\/p>\n<p data-start=\"154\" data-end=\"366\">Una tradici\u00f3 viva que, des de fa m\u00e9s de 400 anys, uneix generacions i persones vingudes d\u2019arreu. Uns hi arriben a peu, d\u2019altres a cavall o en cotxe, per\u00f2 tots comparteixen el mateix esperit de festa i germanor.<\/p>\n<p data-start=\"368\" data-end=\"529\">De les <strong data-start=\"375\" data-end=\"415\">10 del mat\u00ed fins a les 6 de la tarda<\/strong> podreu gaudir d\u2019un programa ple d\u2019activitats per a tothom: missa, sardanes, jocs per als m\u00e9s petits i molt m\u00e9s.<\/p>\n<p data-start=\"531\" data-end=\"649\">Al migdia hi haur\u00e0 <strong data-start=\"550\" data-end=\"567\">arr\u00f2s popular<\/strong>, i a la tarda la m\u00fasica de les <strong data-start=\"599\" data-end=\"612\">xarangues<\/strong> posar\u00e0 ritme i alegria a la festa.<\/p>\n<p data-start=\"651\" data-end=\"742\">Durant tota la jornada trobareu <strong data-start=\"683\" data-end=\"700\">servei de bar<\/strong> i, sobretot, <strong data-start=\"714\" data-end=\"739\">bon ambient assegurat<\/strong>.<\/p>\n<h4><\/h4>\n<p><img loading=\"lazy\" decoding=\"async\" class=\" wp-image-9062 alignleft\" src=\"https:\/\/brufaganya.cat\/2020\/wp-content\/uploads\/2025\/09\/IMG-20250912-WA0005-3-191x300.jpg\" alt=\"\" width=\"264\" height=\"414\" srcset=\"https:\/\/brufaganya.cat\/2020\/wp-content\/uploads\/2025\/09\/IMG-20250912-WA0005-3-191x300.jpg 191w, https:\/\/brufaganya.cat\/2020\/wp-content\/uploads\/2025\/09\/IMG-20250912-WA0005-3-653x1024.jpg 653w, https:\/\/brufaganya.cat\/2020\/wp-content\/uploads\/2025\/09\/IMG-20250912-WA0005-3-768x1205.jpg 768w, https:\/\/brufaganya.cat\/2020\/wp-content\/uploads\/2025\/09\/IMG-20250912-WA0005-3-979x1536.jpg 979w, https:\/\/brufaganya.cat\/2020\/wp-content\/uploads\/2025\/09\/IMG-20250912-WA0005-3.jpg 1020w\" sizes=\"auto, (max-width: 264px) 100vw, 264px\" \/><\/p>\n<h4><\/h4>\n<p>&nbsp;<\/p>\n<h2><\/h2>\n","protected":false},"excerpt":{"rendered":"<p>El diumenge 21 de setembre celebrem l\u2019Aplec a Sant Mag\u00ed de la Brufaganya! Una tradici\u00f3 viva que, des de fa m\u00e9s de 400 anys, uneix generacions i persones vingudes d\u2019arreu. [&hellip;]<\/p>\n","protected":false},"author":105,"featured_media":8526,"comment_status":"closed","ping_status":"closed","sticky":false,"template":"","format":"standard","meta":{"inline_featured_image":false,"footnotes":""},"categories":[1,768],"tags":[],"class_list":["post-9061","post","type-post","status-publish","format-standard","has-post-thumbnail","hentry","category-noticies","category-tradicions-religioses"],"yoast_head":"<!-- This site is optimized with the Yoast SEO plugin v27.5 - https:\/\/yoast.com\/product\/yoast-seo-wordpress\/ -->\n<title>Aplec de Setembre, Sant Mag\u00ed 2025 &#187; Sant Mag\u00ed de la Brufaganya<\/title>\n<meta name=\"robots\" content=\"index, follow, max-snippet:-1, max-image-preview:large, max-video-preview:-1\" \/>\n<link rel=\"canonical\" href=\"https:\/\/brufaganya.cat\/2020\/9061-2\/\" \/>\n<meta property=\"og:locale\" content=\"ca_ES\" \/>\n<meta property=\"og:type\" content=\"article\" \/>\n<meta property=\"og:title\" content=\"Aplec de Setembre, Sant Mag\u00ed 2025 &#187; Sant Mag\u00ed de la Brufaganya\" \/>\n<meta property=\"og:description\" content=\"El diumenge 21 de setembre celebrem l\u2019Aplec a Sant Mag\u00ed de la Brufaganya! Una tradici\u00f3 viva que, des de fa m\u00e9s de 400 anys, uneix generacions i persones vingudes d\u2019arreu. [&hellip;]\" \/>\n<meta property=\"og:url\" content=\"https:\/\/brufaganya.cat\/2020\/9061-2\/\" \/>\n<meta property=\"og:site_name\" content=\"Sant Mag\u00ed de la Brufaganya\" \/>\n<meta property=\"article:published_time\" content=\"2025-09-17T16:51:02+00:00\" \/>\n<meta property=\"article:modified_time\" content=\"2025-09-23T18:12:21+00:00\" \/>\n<meta property=\"og:image\" content=\"https:\/\/brufaganya.cat\/2020\/wp-content\/uploads\/2024\/09\/IMG-20240916-WA0004.jpg\" \/>\n\t<meta property=\"og:image:width\" content=\"1500\" \/>\n\t<meta property=\"og:image:height\" content=\"2000\" \/>\n\t<meta property=\"og:image:type\" content=\"image\/jpeg\" \/>\n<meta name=\"author\" content=\"Rita Armejach Carreras\" \/>\n<meta name=\"twitter:card\" content=\"summary_large_image\" \/>\n<meta name=\"twitter:label1\" content=\"Escrit per\" \/>\n\t<meta name=\"twitter:data1\" content=\"Rita Armejach Carreras\" \/>\n\t<meta name=\"twitter:label2\" content=\"Temps estimat de lectura\" \/>\n\t<meta name=\"twitter:data2\" content=\"2 minuts\" \/>\n<script type=\"application\/ld+json\" class=\"yoast-schema-graph\">{\"@context\":\"https:\\\/\\\/schema.org\",\"@graph\":[{\"@type\":\"Article\",\"@id\":\"https:\\\/\\\/brufaganya.cat\\\/2020\\\/9061-2\\\/#article\",\"isPartOf\":{\"@id\":\"https:\\\/\\\/brufaganya.cat\\\/2020\\\/9061-2\\\/\"},\"author\":{\"name\":\"Rita Armejach Carreras\",\"@id\":\"https:\\\/\\\/brufaganya.cat\\\/2020\\\/#\\\/schema\\\/person\\\/cd383ee397867b5182d1cf80b8c2e95c\"},\"headline\":\"Aplec de Setembre, Sant Mag\u00ed 2025\",\"datePublished\":\"2025-09-17T16:51:02+00:00\",\"dateModified\":\"2025-09-23T18:12:21+00:00\",\"mainEntityOfPage\":{\"@id\":\"https:\\\/\\\/brufaganya.cat\\\/2020\\\/9061-2\\\/\"},\"wordCount\":129,\"publisher\":{\"@id\":\"https:\\\/\\\/brufaganya.cat\\\/2020\\\/#organization\"},\"image\":{\"@id\":\"https:\\\/\\\/brufaganya.cat\\\/2020\\\/9061-2\\\/#primaryimage\"},\"thumbnailUrl\":\"https:\\\/\\\/brufaganya.cat\\\/2020\\\/wp-content\\\/uploads\\\/2024\\\/09\\\/IMG-20240916-WA0004.jpg\",\"articleSection\":[\"Not\u00edcies\",\"Tradicions religioses\"],\"inLanguage\":\"ca\"},{\"@type\":\"WebPage\",\"@id\":\"https:\\\/\\\/brufaganya.cat\\\/2020\\\/9061-2\\\/\",\"url\":\"https:\\\/\\\/brufaganya.cat\\\/2020\\\/9061-2\\\/\",\"name\":\"Aplec de Setembre, Sant Mag\u00ed 2025 &#187; Sant Mag\u00ed de la Brufaganya\",\"isPartOf\":{\"@id\":\"https:\\\/\\\/brufaganya.cat\\\/2020\\\/#website\"},\"primaryImageOfPage\":{\"@id\":\"https:\\\/\\\/brufaganya.cat\\\/2020\\\/9061-2\\\/#primaryimage\"},\"image\":{\"@id\":\"https:\\\/\\\/brufaganya.cat\\\/2020\\\/9061-2\\\/#primaryimage\"},\"thumbnailUrl\":\"https:\\\/\\\/brufaganya.cat\\\/2020\\\/wp-content\\\/uploads\\\/2024\\\/09\\\/IMG-20240916-WA0004.jpg\",\"datePublished\":\"2025-09-17T16:51:02+00:00\",\"dateModified\":\"2025-09-23T18:12:21+00:00\",\"breadcrumb\":{\"@id\":\"https:\\\/\\\/brufaganya.cat\\\/2020\\\/9061-2\\\/#breadcrumb\"},\"inLanguage\":\"ca\",\"potentialAction\":[{\"@type\":\"ReadAction\",\"target\":[\"https:\\\/\\\/brufaganya.cat\\\/2020\\\/9061-2\\\/\"]}]},{\"@type\":\"ImageObject\",\"inLanguage\":\"ca\",\"@id\":\"https:\\\/\\\/brufaganya.cat\\\/2020\\\/9061-2\\\/#primaryimage\",\"url\":\"https:\\\/\\\/brufaganya.cat\\\/2020\\\/wp-content\\\/uploads\\\/2024\\\/09\\\/IMG-20240916-WA0004.jpg\",\"contentUrl\":\"https:\\\/\\\/brufaganya.cat\\\/2020\\\/wp-content\\\/uploads\\\/2024\\\/09\\\/IMG-20240916-WA0004.jpg\",\"width\":1500,\"height\":2000,\"caption\":\"Bon profit !\"},{\"@type\":\"BreadcrumbList\",\"@id\":\"https:\\\/\\\/brufaganya.cat\\\/2020\\\/9061-2\\\/#breadcrumb\",\"itemListElement\":[{\"@type\":\"ListItem\",\"position\":1,\"name\":\"Inici\",\"item\":\"https:\\\/\\\/brufaganya.cat\\\/2020\\\/\"},{\"@type\":\"ListItem\",\"position\":2,\"name\":\"Aplec de Setembre, Sant Mag\u00ed 2025\"}]},{\"@type\":\"WebSite\",\"@id\":\"https:\\\/\\\/brufaganya.cat\\\/2020\\\/#website\",\"url\":\"https:\\\/\\\/brufaganya.cat\\\/2020\\\/\",\"name\":\"Sant Mag\u00ed de la Brufaganya\",\"description\":\"Lloc web de Sant Mag\u00ed de la Brufaganya\",\"publisher\":{\"@id\":\"https:\\\/\\\/brufaganya.cat\\\/2020\\\/#organization\"},\"potentialAction\":[{\"@type\":\"SearchAction\",\"target\":{\"@type\":\"EntryPoint\",\"urlTemplate\":\"https:\\\/\\\/brufaganya.cat\\\/2020\\\/?s={search_term_string}\"},\"query-input\":{\"@type\":\"PropertyValueSpecification\",\"valueRequired\":true,\"valueName\":\"search_term_string\"}}],\"inLanguage\":\"ca\"},{\"@type\":\"Organization\",\"@id\":\"https:\\\/\\\/brufaganya.cat\\\/2020\\\/#organization\",\"name\":\"Sant Mag\u00ed de Brufaganya\",\"url\":\"https:\\\/\\\/brufaganya.cat\\\/2020\\\/\",\"logo\":{\"@type\":\"ImageObject\",\"inLanguage\":\"ca\",\"@id\":\"https:\\\/\\\/brufaganya.cat\\\/2020\\\/#\\\/schema\\\/logo\\\/image\\\/\",\"url\":\"https:\\\/\\\/brufaganya.cat\\\/2020\\\/wp-content\\\/uploads\\\/2018\\\/11\\\/st_marti_bruga_horitz_posi_logo.jpg\",\"contentUrl\":\"https:\\\/\\\/brufaganya.cat\\\/2020\\\/wp-content\\\/uploads\\\/2018\\\/11\\\/st_marti_bruga_horitz_posi_logo.jpg\",\"width\":1479,\"height\":804,\"caption\":\"Sant Mag\u00ed de Brufaganya\"},\"image\":{\"@id\":\"https:\\\/\\\/brufaganya.cat\\\/2020\\\/#\\\/schema\\\/logo\\\/image\\\/\"},\"sameAs\":[\"https:\\\/\\\/ca.wikipedia.org\\\/wiki\\\/Sant_Mag\u00ed_de_Brufaganya\"]},{\"@type\":\"Person\",\"@id\":\"https:\\\/\\\/brufaganya.cat\\\/2020\\\/#\\\/schema\\\/person\\\/cd383ee397867b5182d1cf80b8c2e95c\",\"name\":\"Rita Armejach Carreras\",\"image\":{\"@type\":\"ImageObject\",\"inLanguage\":\"ca\",\"@id\":\"https:\\\/\\\/secure.gravatar.com\\\/avatar\\\/9dd6e49c4c61c4e14defcbf48211c55e6d268a4486cf9f5cef1b53148943d71d?s=96&d=mm&r=g\",\"url\":\"https:\\\/\\\/secure.gravatar.com\\\/avatar\\\/9dd6e49c4c61c4e14defcbf48211c55e6d268a4486cf9f5cef1b53148943d71d?s=96&d=mm&r=g\",\"contentUrl\":\"https:\\\/\\\/secure.gravatar.com\\\/avatar\\\/9dd6e49c4c61c4e14defcbf48211c55e6d268a4486cf9f5cef1b53148943d71d?s=96&d=mm&r=g\",\"caption\":\"Rita Armejach Carreras\"},\"url\":\"https:\\\/\\\/brufaganya.cat\\\/2020\\\/author\\\/rarmejach\\\/\"}]}<\/script>\n<!-- \/ Yoast SEO plugin. -->","yoast_head_json":{"title":"Aplec de Setembre, Sant Mag\u00ed 2025 &#187; Sant Mag\u00ed de la Brufaganya","robots":{"index":"index","follow":"follow","max-snippet":"max-snippet:-1","max-image-preview":"max-image-preview:large","max-video-preview":"max-video-preview:-1"},"canonical":"https:\/\/brufaganya.cat\/2020\/9061-2\/","og_locale":"ca_ES","og_type":"article","og_title":"Aplec de Setembre, Sant Mag\u00ed 2025 &#187; Sant Mag\u00ed de la Brufaganya","og_description":"El diumenge 21 de setembre celebrem l\u2019Aplec a Sant Mag\u00ed de la Brufaganya! Una tradici\u00f3 viva que, des de fa m\u00e9s de 400 anys, uneix generacions i persones vingudes d\u2019arreu. [&hellip;]","og_url":"https:\/\/brufaganya.cat\/2020\/9061-2\/","og_site_name":"Sant Mag\u00ed de la Brufaganya","article_published_time":"2025-09-17T16:51:02+00:00","article_modified_time":"2025-09-23T18:12:21+00:00","og_image":[{"width":1500,"height":2000,"url":"https:\/\/brufaganya.cat\/2020\/wp-content\/uploads\/2024\/09\/IMG-20240916-WA0004.jpg","type":"image\/jpeg"}],"author":"Rita Armejach Carreras","twitter_card":"summary_large_image","twitter_misc":{"Escrit per":"Rita Armejach Carreras","Temps estimat de lectura":"2 minuts"},"schema":{"@context":"https:\/\/schema.org","@graph":[{"@type":"Article","@id":"https:\/\/brufaganya.cat\/2020\/9061-2\/#article","isPartOf":{"@id":"https:\/\/brufaganya.cat\/2020\/9061-2\/"},"author":{"name":"Rita Armejach Carreras","@id":"https:\/\/brufaganya.cat\/2020\/#\/schema\/person\/cd383ee397867b5182d1cf80b8c2e95c"},"headline":"Aplec de Setembre, Sant Mag\u00ed 2025","datePublished":"2025-09-17T16:51:02+00:00","dateModified":"2025-09-23T18:12:21+00:00","mainEntityOfPage":{"@id":"https:\/\/brufaganya.cat\/2020\/9061-2\/"},"wordCount":129,"publisher":{"@id":"https:\/\/brufaganya.cat\/2020\/#organization"},"image":{"@id":"https:\/\/brufaganya.cat\/2020\/9061-2\/#primaryimage"},"thumbnailUrl":"https:\/\/brufaganya.cat\/2020\/wp-content\/uploads\/2024\/09\/IMG-20240916-WA0004.jpg","articleSection":["Not\u00edcies","Tradicions religioses"],"inLanguage":"ca"},{"@type":"WebPage","@id":"https:\/\/brufaganya.cat\/2020\/9061-2\/","url":"https:\/\/brufaganya.cat\/2020\/9061-2\/","name":"Aplec de Setembre, Sant Mag\u00ed 2025 &#187; Sant Mag\u00ed de la Brufaganya","isPartOf":{"@id":"https:\/\/brufaganya.cat\/2020\/#website"},"primaryImageOfPage":{"@id":"https:\/\/brufaganya.cat\/2020\/9061-2\/#primaryimage"},"image":{"@id":"https:\/\/brufaganya.cat\/2020\/9061-2\/#primaryimage"},"thumbnailUrl":"https:\/\/brufaganya.cat\/2020\/wp-content\/uploads\/2024\/09\/IMG-20240916-WA0004.jpg","datePublished":"2025-09-17T16:51:02+00:00","dateModified":"2025-09-23T18:12:21+00:00","breadcrumb":{"@id":"https:\/\/brufaganya.cat\/2020\/9061-2\/#breadcrumb"},"inLanguage":"ca","potentialAction":[{"@type":"ReadAction","target":["https:\/\/brufaganya.cat\/2020\/9061-2\/"]}]},{"@type":"ImageObject","inLanguage":"ca","@id":"https:\/\/brufaganya.cat\/2020\/9061-2\/#primaryimage","url":"https:\/\/brufaganya.cat\/2020\/wp-content\/uploads\/2024\/09\/IMG-20240916-WA0004.jpg","contentUrl":"https:\/\/brufaganya.cat\/2020\/wp-content\/uploads\/2024\/09\/IMG-20240916-WA0004.jpg","width":1500,"height":2000,"caption":"Bon profit !"},{"@type":"BreadcrumbList","@id":"https:\/\/brufaganya.cat\/2020\/9061-2\/#breadcrumb","itemListElement":[{"@type":"ListItem","position":1,"name":"Inici","item":"https:\/\/brufaganya.cat\/2020\/"},{"@type":"ListItem","position":2,"name":"Aplec de Setembre, Sant Mag\u00ed 2025"}]},{"@type":"WebSite","@id":"https:\/\/brufaganya.cat\/2020\/#website","url":"https:\/\/brufaganya.cat\/2020\/","name":"Sant Mag\u00ed de la Brufaganya","description":"Lloc web de Sant Mag\u00ed de la Brufaganya","publisher":{"@id":"https:\/\/brufaganya.cat\/2020\/#organization"},"potentialAction":[{"@type":"SearchAction","target":{"@type":"EntryPoint","urlTemplate":"https:\/\/brufaganya.cat\/2020\/?s={search_term_string}"},"query-input":{"@type":"PropertyValueSpecification","valueRequired":true,"valueName":"search_term_string"}}],"inLanguage":"ca"},{"@type":"Organization","@id":"https:\/\/brufaganya.cat\/2020\/#organization","name":"Sant Mag\u00ed de Brufaganya","url":"https:\/\/brufaganya.cat\/2020\/","logo":{"@type":"ImageObject","inLanguage":"ca","@id":"https:\/\/brufaganya.cat\/2020\/#\/schema\/logo\/image\/","url":"https:\/\/brufaganya.cat\/2020\/wp-content\/uploads\/2018\/11\/st_marti_bruga_horitz_posi_logo.jpg","contentUrl":"https:\/\/brufaganya.cat\/2020\/wp-content\/uploads\/2018\/11\/st_marti_bruga_horitz_posi_logo.jpg","width":1479,"height":804,"caption":"Sant Mag\u00ed de Brufaganya"},"image":{"@id":"https:\/\/brufaganya.cat\/2020\/#\/schema\/logo\/image\/"},"sameAs":["https:\/\/ca.wikipedia.org\/wiki\/Sant_Mag\u00ed_de_Brufaganya"]},{"@type":"Person","@id":"https:\/\/brufaganya.cat\/2020\/#\/schema\/person\/cd383ee397867b5182d1cf80b8c2e95c","name":"Rita Armejach Carreras","image":{"@type":"ImageObject","inLanguage":"ca","@id":"https:\/\/secure.gravatar.com\/avatar\/9dd6e49c4c61c4e14defcbf48211c55e6d268a4486cf9f5cef1b53148943d71d?s=96&d=mm&r=g","url":"https:\/\/secure.gravatar.com\/avatar\/9dd6e49c4c61c4e14defcbf48211c55e6d268a4486cf9f5cef1b53148943d71d?s=96&d=mm&r=g","contentUrl":"https:\/\/secure.gravatar.com\/avatar\/9dd6e49c4c61c4e14defcbf48211c55e6d268a4486cf9f5cef1b53148943d71d?s=96&d=mm&r=g","caption":"Rita Armejach Carreras"},"url":"https:\/\/brufaganya.cat\/2020\/author\/rarmejach\/"}]}},"_links":{"self":[{"href":"https:\/\/brufaganya.cat\/2020\/wp-json\/wp\/v2\/posts\/9061","targetHints":{"allow":["GET"]}}],"collection":[{"href":"https:\/\/brufaganya.cat\/2020\/wp-json\/wp\/v2\/posts"}],"about":[{"href":"https:\/\/brufaganya.cat\/2020\/wp-json\/wp\/v2\/types\/post"}],"author":[{"embeddable":true,"href":"https:\/\/brufaganya.cat\/2020\/wp-json\/wp\/v2\/users\/105"}],"replies":[{"embeddable":true,"href":"https:\/\/brufaganya.cat\/2020\/wp-json\/wp\/v2\/comments?post=9061"}],"version-history":[{"count":0,"href":"https:\/\/brufaganya.cat\/2020\/wp-json\/wp\/v2\/posts\/9061\/revisions"}],"wp:featuredmedia":[{"embeddable":true,"href":"https:\/\/brufaganya.cat\/2020\/wp-json\/wp\/v2\/media\/8526"}],"wp:attachment":[{"href":"https:\/\/brufaganya.cat\/2020\/wp-json\/wp\/v2\/media?parent=9061"}],"wp:term":[{"taxonomy":"category","embeddable":true,"href":"https:\/\/brufaganya.cat\/2020\/wp-json\/wp\/v2\/categories?post=9061"},{"taxonomy":"post_tag","embeddable":true,"href":"https:\/\/brufaganya.cat\/2020\/wp-json\/wp\/v2\/tags?post=9061"}],"curies":[{"name":"wp","href":"https:\/\/api.w.org\/{rel}","templated":true}]}}