{"id":9054,"date":"2025-09-17T11:56:39","date_gmt":"2025-09-17T09:56:39","guid":{"rendered":"https:\/\/brufaganya.cat\/2020\/?p=9054"},"modified":"2025-09-23T20:05:39","modified_gmt":"2025-09-23T18:05:39","slug":"campanes-a-cervera-600-anys","status":"publish","type":"post","link":"https:\/\/brufaganya.cat\/2020\/campanes-a-cervera-600-anys\/","title":{"rendered":"Campanes a Cervera&#8230; 600 anys!"},"content":{"rendered":"<p data-start=\"93\" data-end=\"410\">Del conjunt de sis campanes de l\u2019esgl\u00e9sia de Santa Maria de Cervera, la <strong data-start=\"165\" data-end=\"179\">Seny Major<\/strong> (2.800 kg de pes, 113 cm de di\u00e0metre i amb un so en <em data-start=\"232\" data-end=\"236\">mi<\/em> natural) i la <strong data-start=\"251\" data-end=\"263\">Carranca<\/strong> (1.000 kg, 113 cm i <em data-start=\"284\" data-end=\"289\">sol<\/em> sostingut) s\u00f3n les m\u00e9s antigues i emblem\u00e0tiques. Ambdues s\u00f3n molt populars i estan profundament arrelades a la ciutat.<\/p>\n<p data-start=\"476\" data-end=\"793\">Enguany es commemoren els <strong data-start=\"502\" data-end=\"545\">600 anys de les campanes de Santa Maria<\/strong>. La major part dels actes tindran lloc durant la <strong data-start=\"595\" data-end=\"628\">Setmana Cultural Isagoge 2025<\/strong>, entre el 18 i el 29 de setembre, amb un programa que inclour\u00e0 exposicions, xerrades, una trobada de campaners i un concert de campanes, entre d\u2019altres propostes.<\/p>\n<p data-start=\"795\" data-end=\"973\">Abans, el <strong data-start=\"805\" data-end=\"826\">2 d\u2019abril de 2025<\/strong>, s&#8217;haur\u00e0 celebrat una festa d\u2019aniversari amb past\u00eds i espelmes incloses. La mateixa campana Seny Major, en girar, ser\u00e0 l\u2019encarregada d\u2019\u201capagar-les\u201d.<\/p>\n<p data-start=\"975\" data-end=\"1085\">Us convidem a participar en tots aquests actes a Cervera i us facilitem el programa perqu\u00e8 en pugueu gaudir.<\/p>\n<h4><img loading=\"lazy\" decoding=\"async\" class=\"wp-image-9057 size-medium\" style=\"font-size: 15px; font-weight: bold; color: #4a4a4a; font-family: Georgia, sans-serif;\" src=\"https:\/\/brufaganya.cat\/2020\/wp-content\/uploads\/2025\/09\/TocantCampanes-300x169.webp\" alt=\"\" width=\"300\" height=\"169\" srcset=\"https:\/\/brufaganya.cat\/2020\/wp-content\/uploads\/2025\/09\/TocantCampanes-300x169.webp 300w, https:\/\/brufaganya.cat\/2020\/wp-content\/uploads\/2025\/09\/TocantCampanes.webp 670w\" sizes=\"auto, (max-width: 300px) 100vw, 300px\" \/><\/h4>\n<p>Tocant les campanes de Santa Maria a Cervera. Font: 3.Cat<a href=\"https:\/\/brufaganya.cat\/2020\/wp-content\/uploads\/2025\/09\/CARTELL-CONCERT-CAMPANES-AAFF.pdf\">CARTELL-CONCERT-CAMPANES-AAFF<\/a><\/p>\n","protected":false},"excerpt":{"rendered":"<p>Del conjunt de sis campanes de l\u2019esgl\u00e9sia de Santa Maria de Cervera, la Seny Major (2.800 kg de pes, 113 cm de di\u00e0metre i amb un so en mi natural) [&hellip;]<\/p>\n","protected":false},"author":105,"featured_media":9055,"comment_status":"closed","ping_status":"closed","sticky":false,"template":"","format":"standard","meta":{"inline_featured_image":false,"footnotes":""},"categories":[1,780],"tags":[],"class_list":["post-9054","post","type-post","status-publish","format-standard","has-post-thumbnail","hentry","category-noticies","category-patrimoni-arquitectonic"],"yoast_head":"<!-- This site is optimized with the Yoast SEO plugin v27.4 - https:\/\/yoast.com\/product\/yoast-seo-wordpress\/ -->\n<title>Campanes a Cervera... 600 anys! &#187; Sant Mag\u00ed de la Brufaganya<\/title>\n<meta name=\"robots\" content=\"index, follow, max-snippet:-1, max-image-preview:large, max-video-preview:-1\" \/>\n<link rel=\"canonical\" href=\"https:\/\/brufaganya.cat\/2020\/campanes-a-cervera-600-anys\/\" \/>\n<meta property=\"og:locale\" content=\"ca_ES\" \/>\n<meta property=\"og:type\" content=\"article\" \/>\n<meta property=\"og:title\" content=\"Campanes a Cervera... 600 anys! &#187; Sant Mag\u00ed de la Brufaganya\" \/>\n<meta property=\"og:description\" content=\"Del conjunt de sis campanes de l\u2019esgl\u00e9sia de Santa Maria de Cervera, la Seny Major (2.800 kg de pes, 113 cm de di\u00e0metre i amb un so en mi natural) [&hellip;]\" \/>\n<meta property=\"og:url\" content=\"https:\/\/brufaganya.cat\/2020\/campanes-a-cervera-600-anys\/\" \/>\n<meta property=\"og:site_name\" content=\"Sant Mag\u00ed de la Brufaganya\" \/>\n<meta property=\"article:published_time\" content=\"2025-09-17T09:56:39+00:00\" \/>\n<meta property=\"article:modified_time\" content=\"2025-09-23T18:05:39+00:00\" \/>\n<meta property=\"og:image\" content=\"https:\/\/brufaganya.cat\/2020\/wp-content\/uploads\/2025\/09\/campanescervera-1200x800-1.webp\" \/>\n\t<meta property=\"og:image:width\" content=\"1200\" \/>\n\t<meta property=\"og:image:height\" content=\"800\" \/>\n\t<meta property=\"og:image:type\" content=\"image\/webp\" \/>\n<meta name=\"author\" content=\"Rita Armejach Carreras\" \/>\n<meta name=\"twitter:card\" content=\"summary_large_image\" \/>\n<meta name=\"twitter:label1\" content=\"Escrit per\" \/>\n\t<meta name=\"twitter:data1\" content=\"Rita Armejach Carreras\" \/>\n\t<meta name=\"twitter:label2\" content=\"Temps estimat de lectura\" \/>\n\t<meta name=\"twitter:data2\" content=\"2 minuts\" \/>\n<script type=\"application\/ld+json\" class=\"yoast-schema-graph\">{\"@context\":\"https:\\\/\\\/schema.org\",\"@graph\":[{\"@type\":\"Article\",\"@id\":\"https:\\\/\\\/brufaganya.cat\\\/2020\\\/campanes-a-cervera-600-anys\\\/#article\",\"isPartOf\":{\"@id\":\"https:\\\/\\\/brufaganya.cat\\\/2020\\\/campanes-a-cervera-600-anys\\\/\"},\"author\":{\"name\":\"Rita Armejach Carreras\",\"@id\":\"https:\\\/\\\/brufaganya.cat\\\/2020\\\/#\\\/schema\\\/person\\\/cd383ee397867b5182d1cf80b8c2e95c\"},\"headline\":\"Campanes a Cervera&#8230; 600 anys!\",\"datePublished\":\"2025-09-17T09:56:39+00:00\",\"dateModified\":\"2025-09-23T18:05:39+00:00\",\"mainEntityOfPage\":{\"@id\":\"https:\\\/\\\/brufaganya.cat\\\/2020\\\/campanes-a-cervera-600-anys\\\/\"},\"wordCount\":171,\"publisher\":{\"@id\":\"https:\\\/\\\/brufaganya.cat\\\/2020\\\/#organization\"},\"image\":{\"@id\":\"https:\\\/\\\/brufaganya.cat\\\/2020\\\/campanes-a-cervera-600-anys\\\/#primaryimage\"},\"thumbnailUrl\":\"https:\\\/\\\/brufaganya.cat\\\/2020\\\/wp-content\\\/uploads\\\/2025\\\/09\\\/campanescervera-1200x800-1.webp\",\"articleSection\":[\"Not\u00edcies\",\"Patrimoni arquitect\u00f2nic\"],\"inLanguage\":\"ca\"},{\"@type\":\"WebPage\",\"@id\":\"https:\\\/\\\/brufaganya.cat\\\/2020\\\/campanes-a-cervera-600-anys\\\/\",\"url\":\"https:\\\/\\\/brufaganya.cat\\\/2020\\\/campanes-a-cervera-600-anys\\\/\",\"name\":\"Campanes a Cervera... 600 anys! &#187; Sant Mag\u00ed de la Brufaganya\",\"isPartOf\":{\"@id\":\"https:\\\/\\\/brufaganya.cat\\\/2020\\\/#website\"},\"primaryImageOfPage\":{\"@id\":\"https:\\\/\\\/brufaganya.cat\\\/2020\\\/campanes-a-cervera-600-anys\\\/#primaryimage\"},\"image\":{\"@id\":\"https:\\\/\\\/brufaganya.cat\\\/2020\\\/campanes-a-cervera-600-anys\\\/#primaryimage\"},\"thumbnailUrl\":\"https:\\\/\\\/brufaganya.cat\\\/2020\\\/wp-content\\\/uploads\\\/2025\\\/09\\\/campanescervera-1200x800-1.webp\",\"datePublished\":\"2025-09-17T09:56:39+00:00\",\"dateModified\":\"2025-09-23T18:05:39+00:00\",\"breadcrumb\":{\"@id\":\"https:\\\/\\\/brufaganya.cat\\\/2020\\\/campanes-a-cervera-600-anys\\\/#breadcrumb\"},\"inLanguage\":\"ca\",\"potentialAction\":[{\"@type\":\"ReadAction\",\"target\":[\"https:\\\/\\\/brufaganya.cat\\\/2020\\\/campanes-a-cervera-600-anys\\\/\"]}]},{\"@type\":\"ImageObject\",\"inLanguage\":\"ca\",\"@id\":\"https:\\\/\\\/brufaganya.cat\\\/2020\\\/campanes-a-cervera-600-anys\\\/#primaryimage\",\"url\":\"https:\\\/\\\/brufaganya.cat\\\/2020\\\/wp-content\\\/uploads\\\/2025\\\/09\\\/campanescervera-1200x800-1.webp\",\"contentUrl\":\"https:\\\/\\\/brufaganya.cat\\\/2020\\\/wp-content\\\/uploads\\\/2025\\\/09\\\/campanescervera-1200x800-1.webp\",\"width\":1200,\"height\":800,\"caption\":\"Campanes de Cervera. Font Tornaveu.\"},{\"@type\":\"BreadcrumbList\",\"@id\":\"https:\\\/\\\/brufaganya.cat\\\/2020\\\/campanes-a-cervera-600-anys\\\/#breadcrumb\",\"itemListElement\":[{\"@type\":\"ListItem\",\"position\":1,\"name\":\"Inici\",\"item\":\"https:\\\/\\\/brufaganya.cat\\\/2020\\\/\"},{\"@type\":\"ListItem\",\"position\":2,\"name\":\"Campanes a Cervera&#8230; 600 anys!\"}]},{\"@type\":\"WebSite\",\"@id\":\"https:\\\/\\\/brufaganya.cat\\\/2020\\\/#website\",\"url\":\"https:\\\/\\\/brufaganya.cat\\\/2020\\\/\",\"name\":\"Sant Mag\u00ed de la Brufaganya\",\"description\":\"Lloc web de Sant Mag\u00ed de la Brufaganya\",\"publisher\":{\"@id\":\"https:\\\/\\\/brufaganya.cat\\\/2020\\\/#organization\"},\"potentialAction\":[{\"@type\":\"SearchAction\",\"target\":{\"@type\":\"EntryPoint\",\"urlTemplate\":\"https:\\\/\\\/brufaganya.cat\\\/2020\\\/?s={search_term_string}\"},\"query-input\":{\"@type\":\"PropertyValueSpecification\",\"valueRequired\":true,\"valueName\":\"search_term_string\"}}],\"inLanguage\":\"ca\"},{\"@type\":\"Organization\",\"@id\":\"https:\\\/\\\/brufaganya.cat\\\/2020\\\/#organization\",\"name\":\"Sant Mag\u00ed de Brufaganya\",\"url\":\"https:\\\/\\\/brufaganya.cat\\\/2020\\\/\",\"logo\":{\"@type\":\"ImageObject\",\"inLanguage\":\"ca\",\"@id\":\"https:\\\/\\\/brufaganya.cat\\\/2020\\\/#\\\/schema\\\/logo\\\/image\\\/\",\"url\":\"https:\\\/\\\/brufaganya.cat\\\/2020\\\/wp-content\\\/uploads\\\/2018\\\/11\\\/st_marti_bruga_horitz_posi_logo.jpg\",\"contentUrl\":\"https:\\\/\\\/brufaganya.cat\\\/2020\\\/wp-content\\\/uploads\\\/2018\\\/11\\\/st_marti_bruga_horitz_posi_logo.jpg\",\"width\":1479,\"height\":804,\"caption\":\"Sant Mag\u00ed de Brufaganya\"},\"image\":{\"@id\":\"https:\\\/\\\/brufaganya.cat\\\/2020\\\/#\\\/schema\\\/logo\\\/image\\\/\"},\"sameAs\":[\"https:\\\/\\\/ca.wikipedia.org\\\/wiki\\\/Sant_Mag\u00ed_de_Brufaganya\"]},{\"@type\":\"Person\",\"@id\":\"https:\\\/\\\/brufaganya.cat\\\/2020\\\/#\\\/schema\\\/person\\\/cd383ee397867b5182d1cf80b8c2e95c\",\"name\":\"Rita Armejach Carreras\",\"image\":{\"@type\":\"ImageObject\",\"inLanguage\":\"ca\",\"@id\":\"https:\\\/\\\/secure.gravatar.com\\\/avatar\\\/9dd6e49c4c61c4e14defcbf48211c55e6d268a4486cf9f5cef1b53148943d71d?s=96&d=mm&r=g\",\"url\":\"https:\\\/\\\/secure.gravatar.com\\\/avatar\\\/9dd6e49c4c61c4e14defcbf48211c55e6d268a4486cf9f5cef1b53148943d71d?s=96&d=mm&r=g\",\"contentUrl\":\"https:\\\/\\\/secure.gravatar.com\\\/avatar\\\/9dd6e49c4c61c4e14defcbf48211c55e6d268a4486cf9f5cef1b53148943d71d?s=96&d=mm&r=g\",\"caption\":\"Rita Armejach Carreras\"},\"url\":\"https:\\\/\\\/brufaganya.cat\\\/2020\\\/author\\\/rarmejach\\\/\"}]}<\/script>\n<!-- \/ Yoast SEO plugin. -->","yoast_head_json":{"title":"Campanes a Cervera... 600 anys! &#187; Sant Mag\u00ed de la Brufaganya","robots":{"index":"index","follow":"follow","max-snippet":"max-snippet:-1","max-image-preview":"max-image-preview:large","max-video-preview":"max-video-preview:-1"},"canonical":"https:\/\/brufaganya.cat\/2020\/campanes-a-cervera-600-anys\/","og_locale":"ca_ES","og_type":"article","og_title":"Campanes a Cervera... 600 anys! &#187; Sant Mag\u00ed de la Brufaganya","og_description":"Del conjunt de sis campanes de l\u2019esgl\u00e9sia de Santa Maria de Cervera, la Seny Major (2.800 kg de pes, 113 cm de di\u00e0metre i amb un so en mi natural) [&hellip;]","og_url":"https:\/\/brufaganya.cat\/2020\/campanes-a-cervera-600-anys\/","og_site_name":"Sant Mag\u00ed de la Brufaganya","article_published_time":"2025-09-17T09:56:39+00:00","article_modified_time":"2025-09-23T18:05:39+00:00","og_image":[{"width":1200,"height":800,"url":"https:\/\/brufaganya.cat\/2020\/wp-content\/uploads\/2025\/09\/campanescervera-1200x800-1.webp","type":"image\/webp"}],"author":"Rita Armejach Carreras","twitter_card":"summary_large_image","twitter_misc":{"Escrit per":"Rita Armejach Carreras","Temps estimat de lectura":"2 minuts"},"schema":{"@context":"https:\/\/schema.org","@graph":[{"@type":"Article","@id":"https:\/\/brufaganya.cat\/2020\/campanes-a-cervera-600-anys\/#article","isPartOf":{"@id":"https:\/\/brufaganya.cat\/2020\/campanes-a-cervera-600-anys\/"},"author":{"name":"Rita Armejach Carreras","@id":"https:\/\/brufaganya.cat\/2020\/#\/schema\/person\/cd383ee397867b5182d1cf80b8c2e95c"},"headline":"Campanes a Cervera&#8230; 600 anys!","datePublished":"2025-09-17T09:56:39+00:00","dateModified":"2025-09-23T18:05:39+00:00","mainEntityOfPage":{"@id":"https:\/\/brufaganya.cat\/2020\/campanes-a-cervera-600-anys\/"},"wordCount":171,"publisher":{"@id":"https:\/\/brufaganya.cat\/2020\/#organization"},"image":{"@id":"https:\/\/brufaganya.cat\/2020\/campanes-a-cervera-600-anys\/#primaryimage"},"thumbnailUrl":"https:\/\/brufaganya.cat\/2020\/wp-content\/uploads\/2025\/09\/campanescervera-1200x800-1.webp","articleSection":["Not\u00edcies","Patrimoni arquitect\u00f2nic"],"inLanguage":"ca"},{"@type":"WebPage","@id":"https:\/\/brufaganya.cat\/2020\/campanes-a-cervera-600-anys\/","url":"https:\/\/brufaganya.cat\/2020\/campanes-a-cervera-600-anys\/","name":"Campanes a Cervera... 600 anys! &#187; Sant Mag\u00ed de la Brufaganya","isPartOf":{"@id":"https:\/\/brufaganya.cat\/2020\/#website"},"primaryImageOfPage":{"@id":"https:\/\/brufaganya.cat\/2020\/campanes-a-cervera-600-anys\/#primaryimage"},"image":{"@id":"https:\/\/brufaganya.cat\/2020\/campanes-a-cervera-600-anys\/#primaryimage"},"thumbnailUrl":"https:\/\/brufaganya.cat\/2020\/wp-content\/uploads\/2025\/09\/campanescervera-1200x800-1.webp","datePublished":"2025-09-17T09:56:39+00:00","dateModified":"2025-09-23T18:05:39+00:00","breadcrumb":{"@id":"https:\/\/brufaganya.cat\/2020\/campanes-a-cervera-600-anys\/#breadcrumb"},"inLanguage":"ca","potentialAction":[{"@type":"ReadAction","target":["https:\/\/brufaganya.cat\/2020\/campanes-a-cervera-600-anys\/"]}]},{"@type":"ImageObject","inLanguage":"ca","@id":"https:\/\/brufaganya.cat\/2020\/campanes-a-cervera-600-anys\/#primaryimage","url":"https:\/\/brufaganya.cat\/2020\/wp-content\/uploads\/2025\/09\/campanescervera-1200x800-1.webp","contentUrl":"https:\/\/brufaganya.cat\/2020\/wp-content\/uploads\/2025\/09\/campanescervera-1200x800-1.webp","width":1200,"height":800,"caption":"Campanes de Cervera. Font Tornaveu."},{"@type":"BreadcrumbList","@id":"https:\/\/brufaganya.cat\/2020\/campanes-a-cervera-600-anys\/#breadcrumb","itemListElement":[{"@type":"ListItem","position":1,"name":"Inici","item":"https:\/\/brufaganya.cat\/2020\/"},{"@type":"ListItem","position":2,"name":"Campanes a Cervera&#8230; 600 anys!"}]},{"@type":"WebSite","@id":"https:\/\/brufaganya.cat\/2020\/#website","url":"https:\/\/brufaganya.cat\/2020\/","name":"Sant Mag\u00ed de la Brufaganya","description":"Lloc web de Sant Mag\u00ed de la Brufaganya","publisher":{"@id":"https:\/\/brufaganya.cat\/2020\/#organization"},"potentialAction":[{"@type":"SearchAction","target":{"@type":"EntryPoint","urlTemplate":"https:\/\/brufaganya.cat\/2020\/?s={search_term_string}"},"query-input":{"@type":"PropertyValueSpecification","valueRequired":true,"valueName":"search_term_string"}}],"inLanguage":"ca"},{"@type":"Organization","@id":"https:\/\/brufaganya.cat\/2020\/#organization","name":"Sant Mag\u00ed de Brufaganya","url":"https:\/\/brufaganya.cat\/2020\/","logo":{"@type":"ImageObject","inLanguage":"ca","@id":"https:\/\/brufaganya.cat\/2020\/#\/schema\/logo\/image\/","url":"https:\/\/brufaganya.cat\/2020\/wp-content\/uploads\/2018\/11\/st_marti_bruga_horitz_posi_logo.jpg","contentUrl":"https:\/\/brufaganya.cat\/2020\/wp-content\/uploads\/2018\/11\/st_marti_bruga_horitz_posi_logo.jpg","width":1479,"height":804,"caption":"Sant Mag\u00ed de Brufaganya"},"image":{"@id":"https:\/\/brufaganya.cat\/2020\/#\/schema\/logo\/image\/"},"sameAs":["https:\/\/ca.wikipedia.org\/wiki\/Sant_Mag\u00ed_de_Brufaganya"]},{"@type":"Person","@id":"https:\/\/brufaganya.cat\/2020\/#\/schema\/person\/cd383ee397867b5182d1cf80b8c2e95c","name":"Rita Armejach Carreras","image":{"@type":"ImageObject","inLanguage":"ca","@id":"https:\/\/secure.gravatar.com\/avatar\/9dd6e49c4c61c4e14defcbf48211c55e6d268a4486cf9f5cef1b53148943d71d?s=96&d=mm&r=g","url":"https:\/\/secure.gravatar.com\/avatar\/9dd6e49c4c61c4e14defcbf48211c55e6d268a4486cf9f5cef1b53148943d71d?s=96&d=mm&r=g","contentUrl":"https:\/\/secure.gravatar.com\/avatar\/9dd6e49c4c61c4e14defcbf48211c55e6d268a4486cf9f5cef1b53148943d71d?s=96&d=mm&r=g","caption":"Rita Armejach Carreras"},"url":"https:\/\/brufaganya.cat\/2020\/author\/rarmejach\/"}]}},"_links":{"self":[{"href":"https:\/\/brufaganya.cat\/2020\/wp-json\/wp\/v2\/posts\/9054","targetHints":{"allow":["GET"]}}],"collection":[{"href":"https:\/\/brufaganya.cat\/2020\/wp-json\/wp\/v2\/posts"}],"about":[{"href":"https:\/\/brufaganya.cat\/2020\/wp-json\/wp\/v2\/types\/post"}],"author":[{"embeddable":true,"href":"https:\/\/brufaganya.cat\/2020\/wp-json\/wp\/v2\/users\/105"}],"replies":[{"embeddable":true,"href":"https:\/\/brufaganya.cat\/2020\/wp-json\/wp\/v2\/comments?post=9054"}],"version-history":[{"count":0,"href":"https:\/\/brufaganya.cat\/2020\/wp-json\/wp\/v2\/posts\/9054\/revisions"}],"wp:featuredmedia":[{"embeddable":true,"href":"https:\/\/brufaganya.cat\/2020\/wp-json\/wp\/v2\/media\/9055"}],"wp:attachment":[{"href":"https:\/\/brufaganya.cat\/2020\/wp-json\/wp\/v2\/media?parent=9054"}],"wp:term":[{"taxonomy":"category","embeddable":true,"href":"https:\/\/brufaganya.cat\/2020\/wp-json\/wp\/v2\/categories?post=9054"},{"taxonomy":"post_tag","embeddable":true,"href":"https:\/\/brufaganya.cat\/2020\/wp-json\/wp\/v2\/tags?post=9054"}],"curies":[{"name":"wp","href":"https:\/\/api.w.org\/{rel}","templated":true}]}}