{"id":8979,"date":"2025-08-21T15:15:42","date_gmt":"2025-08-21T13:15:42","guid":{"rendered":"https:\/\/brufaganya.cat\/2020\/?p=8979"},"modified":"2025-08-26T08:59:32","modified_gmt":"2025-08-26T06:59:32","slug":"repartiment-de-laigua-de-sant-magi","status":"publish","type":"post","link":"https:\/\/brufaganya.cat\/2020\/repartiment-de-laigua-de-sant-magi\/","title":{"rendered":"Repartiment de l&#8217;aigua de Sant Mag\u00ed"},"content":{"rendered":"<p data-start=\"84\" data-end=\"310\">Ahir va ser Sant Mag\u00ed i avui \u00e9s dia de fer balan\u00e7. Estem contents.<br data-start=\"150\" data-end=\"153\" \/>L\u2019aigua que els <em data-start=\"169\" data-end=\"190\">Portants de l\u2019Aigua<\/em> van anar a cercar a les fonts els dies 15, 16 i 17 d\u2019agost ja ha arribat a les cases dels diferents pobles i ciutats.<\/p>\n<p data-start=\"312\" data-end=\"654\">Avui \u00e9s el moment d\u2019adonar-nos que els esfor\u00e7os dels voluntaris donen fruit. Les viles que esperen l\u2019arribada i en fan festa, que gaudeixen plegats i s\u2019enduen l\u2019aigua a casa per compartir-la amb les fam\u00edlies, que mantenen viva la tradici\u00f3 de l\u2019aigua guaridora\u2026 s\u00f3n, per a tots els qui treballem per conservar aquesta festa, el millor regal.<\/p>\n<p data-start=\"656\" data-end=\"783\">Volem compartir amb tothom la joia d\u2019aquest dia i la relaci\u00f3 que uneix els diferents pobles que sentim Sant Mag\u00ed com a propi.<\/p>\n<p data-start=\"785\" data-end=\"867\">Aqu\u00ed us deixem imatges d\u2019alguns dels repartiments, perqu\u00e8 tots en puguem gaudir.<\/p>\n<h4><\/h4>\n<p><strong>LA LLACUNA<\/strong><\/p>\n<div id='gallery-1' class='gallery galleryid-8979 gallery-columns-3 gallery-size-thumbnail'><figure class='gallery-item'>\n\t\t\t<div class='gallery-icon landscape'>\n\t\t\t\t<a href='https:\/\/brufaganya.cat\/2020\/repartiment-de-laigua-de-sant-magi\/img-20250818-wa0007\/'><img loading=\"lazy\" decoding=\"async\" width=\"150\" height=\"150\" src=\"https:\/\/brufaganya.cat\/2020\/wp-content\/uploads\/2025\/08\/IMG-20250818-WA0007-150x150.jpg\" class=\"attachment-thumbnail size-thumbnail\" alt=\"\" aria-describedby=\"gallery-1-8981\" \/><\/a>\n\t\t\t<\/div>\n\t\t\t\t<figcaption class='wp-caption-text gallery-caption' id='gallery-1-8981'>\n\t\t\t\tCartell aigua de S.Mag\u00ed 2025\n\t\t\t\t<\/figcaption><\/figure><figure class='gallery-item'>\n\t\t\t<div class='gallery-icon landscape'>\n\t\t\t\t<a href='https:\/\/brufaganya.cat\/2020\/repartiment-de-laigua-de-sant-magi\/img-20250818-wa0009\/'><img loading=\"lazy\" decoding=\"async\" width=\"150\" height=\"150\" src=\"https:\/\/brufaganya.cat\/2020\/wp-content\/uploads\/2025\/08\/IMG-20250818-WA0009-150x150.jpg\" class=\"attachment-thumbnail size-thumbnail\" alt=\"\" aria-describedby=\"gallery-1-8982\" \/><\/a>\n\t\t\t<\/div>\n\t\t\t\t<figcaption class='wp-caption-text gallery-caption' id='gallery-1-8982'>\n\t\t\t\tHi ha feina per tothom\n\t\t\t\t<\/figcaption><\/figure><figure class='gallery-item'>\n\t\t\t<div class='gallery-icon portrait'>\n\t\t\t\t<a href='https:\/\/brufaganya.cat\/2020\/repartiment-de-laigua-de-sant-magi\/llacuan20252\/'><img loading=\"lazy\" decoding=\"async\" width=\"150\" height=\"150\" src=\"https:\/\/brufaganya.cat\/2020\/wp-content\/uploads\/2025\/08\/Llacuan20252-150x150.jpg\" class=\"attachment-thumbnail size-thumbnail\" alt=\"\" aria-describedby=\"gallery-1-8983\" \/><\/a>\n\t\t\t<\/div>\n\t\t\t\t<figcaption class='wp-caption-text gallery-caption' id='gallery-1-8983'>\n\t\t\t\tSempre a punt per repartir\n\t\t\t\t<\/figcaption><\/figure><figure class='gallery-item'>\n\t\t\t<div class='gallery-icon landscape'>\n\t\t\t\t<a href='https:\/\/brufaganya.cat\/2020\/repartiment-de-laigua-de-sant-magi\/llacuna2025\/'><img loading=\"lazy\" decoding=\"async\" width=\"150\" height=\"150\" src=\"https:\/\/brufaganya.cat\/2020\/wp-content\/uploads\/2025\/08\/llacuna2025-150x150.jpg\" class=\"attachment-thumbnail size-thumbnail\" alt=\"\" aria-describedby=\"gallery-1-8984\" \/><\/a>\n\t\t\t<\/div>\n\t\t\t\t<figcaption class='wp-caption-text gallery-caption' id='gallery-1-8984'>\n\t\t\t\tAigua per als de la Llacuna\n\t\t\t\t<\/figcaption><\/figure>\n\t\t<\/div>\n\n<p><strong>CERVERA<\/strong><\/p>\n<figure id=\"attachment_9012\" aria-describedby=\"caption-attachment-9012\" style=\"width: 189px\" class=\"wp-caption aligncenter\"><img loading=\"lazy\" decoding=\"async\" class=\"wp-image-9012 size-medium\" src=\"https:\/\/brufaganya.cat\/2020\/wp-content\/uploads\/2025\/08\/cERVERAaIGUAcAMPANAR2025-189x300.jpg\" alt=\"\" width=\"189\" height=\"300\" srcset=\"https:\/\/brufaganya.cat\/2020\/wp-content\/uploads\/2025\/08\/cERVERAaIGUAcAMPANAR2025-189x300.jpg 189w, https:\/\/brufaganya.cat\/2020\/wp-content\/uploads\/2025\/08\/cERVERAaIGUAcAMPANAR2025-645x1024.jpg 645w, https:\/\/brufaganya.cat\/2020\/wp-content\/uploads\/2025\/08\/cERVERAaIGUAcAMPANAR2025-768x1220.jpg 768w, https:\/\/brufaganya.cat\/2020\/wp-content\/uploads\/2025\/08\/cERVERAaIGUAcAMPANAR2025-967x1536.jpg 967w, https:\/\/brufaganya.cat\/2020\/wp-content\/uploads\/2025\/08\/cERVERAaIGUAcAMPANAR2025.jpg 1080w\" sizes=\"auto, (max-width: 189px) 100vw, 189px\" \/><figcaption id=\"caption-attachment-9012\" class=\"wp-caption-text\">El repartiment de l&#8217;aigua a Cervera, vista des del campanar.<\/figcaption><\/figure>\n<p><strong>T\u00c0RREGA<\/strong><\/p>\n<p><img loading=\"lazy\" decoding=\"async\" class=\"alignnone size-medium wp-image-9005\" src=\"https:\/\/brufaganya.cat\/2020\/wp-content\/uploads\/2025\/08\/IMG-20250820-WA0003-225x300.jpg\" alt=\"\" width=\"225\" height=\"300\" srcset=\"https:\/\/brufaganya.cat\/2020\/wp-content\/uploads\/2025\/08\/IMG-20250820-WA0003-225x300.jpg 225w, https:\/\/brufaganya.cat\/2020\/wp-content\/uploads\/2025\/08\/IMG-20250820-WA0003-768x1024.jpg 768w, https:\/\/brufaganya.cat\/2020\/wp-content\/uploads\/2025\/08\/IMG-20250820-WA0003-1152x1536.jpg 1152w, https:\/\/brufaganya.cat\/2020\/wp-content\/uploads\/2025\/08\/IMG-20250820-WA0003.jpg 1200w\" sizes=\"auto, (max-width: 225px) 100vw, 225px\" \/> <img loading=\"lazy\" decoding=\"async\" class=\"alignnone size-medium wp-image-9006\" src=\"https:\/\/brufaganya.cat\/2020\/wp-content\/uploads\/2025\/08\/IMG-20250820-WA0004-225x300.jpg\" alt=\"\" width=\"225\" height=\"300\" srcset=\"https:\/\/brufaganya.cat\/2020\/wp-content\/uploads\/2025\/08\/IMG-20250820-WA0004-225x300.jpg 225w, https:\/\/brufaganya.cat\/2020\/wp-content\/uploads\/2025\/08\/IMG-20250820-WA0004-768x1024.jpg 768w, https:\/\/brufaganya.cat\/2020\/wp-content\/uploads\/2025\/08\/IMG-20250820-WA0004-1152x1536.jpg 1152w, https:\/\/brufaganya.cat\/2020\/wp-content\/uploads\/2025\/08\/IMG-20250820-WA0004.jpg 1200w\" sizes=\"auto, (max-width: 225px) 100vw, 225px\" \/> <img loading=\"lazy\" decoding=\"async\" class=\"alignnone size-medium wp-image-9007\" src=\"https:\/\/brufaganya.cat\/2020\/wp-content\/uploads\/2025\/08\/IMG-20250820-WA0008-225x300.jpg\" alt=\"\" width=\"225\" height=\"300\" srcset=\"https:\/\/brufaganya.cat\/2020\/wp-content\/uploads\/2025\/08\/IMG-20250820-WA0008-225x300.jpg 225w, https:\/\/brufaganya.cat\/2020\/wp-content\/uploads\/2025\/08\/IMG-20250820-WA0008-768x1024.jpg 768w, https:\/\/brufaganya.cat\/2020\/wp-content\/uploads\/2025\/08\/IMG-20250820-WA0008-1152x1536.jpg 1152w, https:\/\/brufaganya.cat\/2020\/wp-content\/uploads\/2025\/08\/IMG-20250820-WA0008.jpg 1200w\" sizes=\"auto, (max-width: 225px) 100vw, 225px\" \/> <img loading=\"lazy\" decoding=\"async\" class=\"alignnone size-medium wp-image-9008\" src=\"https:\/\/brufaganya.cat\/2020\/wp-content\/uploads\/2025\/08\/IMG-20250820-WA0014-225x300.jpg\" alt=\"\" width=\"225\" height=\"300\" srcset=\"https:\/\/brufaganya.cat\/2020\/wp-content\/uploads\/2025\/08\/IMG-20250820-WA0014-225x300.jpg 225w, https:\/\/brufaganya.cat\/2020\/wp-content\/uploads\/2025\/08\/IMG-20250820-WA0014-768x1024.jpg 768w, https:\/\/brufaganya.cat\/2020\/wp-content\/uploads\/2025\/08\/IMG-20250820-WA0014-1152x1536.jpg 1152w, https:\/\/brufaganya.cat\/2020\/wp-content\/uploads\/2025\/08\/IMG-20250820-WA0014.jpg 1200w\" sizes=\"auto, (max-width: 225px) 100vw, 225px\" \/> <img loading=\"lazy\" decoding=\"async\" class=\"alignnone size-medium wp-image-9009\" src=\"https:\/\/brufaganya.cat\/2020\/wp-content\/uploads\/2025\/08\/IMG-20250820-WA0015-225x300.jpg\" alt=\"\" width=\"225\" height=\"300\" srcset=\"https:\/\/brufaganya.cat\/2020\/wp-content\/uploads\/2025\/08\/IMG-20250820-WA0015-225x300.jpg 225w, https:\/\/brufaganya.cat\/2020\/wp-content\/uploads\/2025\/08\/IMG-20250820-WA0015-768x1024.jpg 768w, https:\/\/brufaganya.cat\/2020\/wp-content\/uploads\/2025\/08\/IMG-20250820-WA0015-1152x1536.jpg 1152w, https:\/\/brufaganya.cat\/2020\/wp-content\/uploads\/2025\/08\/IMG-20250820-WA0015.jpg 1200w\" sizes=\"auto, (max-width: 225px) 100vw, 225px\" \/> <img loading=\"lazy\" decoding=\"async\" class=\"alignnone size-medium wp-image-9010\" src=\"https:\/\/brufaganya.cat\/2020\/wp-content\/uploads\/2025\/08\/IMG-20250820-WA0020-225x300.jpg\" alt=\"\" width=\"225\" height=\"300\" srcset=\"https:\/\/brufaganya.cat\/2020\/wp-content\/uploads\/2025\/08\/IMG-20250820-WA0020-225x300.jpg 225w, https:\/\/brufaganya.cat\/2020\/wp-content\/uploads\/2025\/08\/IMG-20250820-WA0020-768x1024.jpg 768w, https:\/\/brufaganya.cat\/2020\/wp-content\/uploads\/2025\/08\/IMG-20250820-WA0020-1152x1536.jpg 1152w, https:\/\/brufaganya.cat\/2020\/wp-content\/uploads\/2025\/08\/IMG-20250820-WA0020.jpg 1200w\" sizes=\"auto, (max-width: 225px) 100vw, 225px\" \/> <img loading=\"lazy\" decoding=\"async\" class=\"alignnone size-medium wp-image-9011\" src=\"https:\/\/brufaganya.cat\/2020\/wp-content\/uploads\/2025\/08\/IMG-20250820-WA0027-300x169.jpg\" alt=\"\" width=\"300\" height=\"169\" srcset=\"https:\/\/brufaganya.cat\/2020\/wp-content\/uploads\/2025\/08\/IMG-20250820-WA0027-300x169.jpg 300w, https:\/\/brufaganya.cat\/2020\/wp-content\/uploads\/2025\/08\/IMG-20250820-WA0027-1024x576.jpg 1024w, https:\/\/brufaganya.cat\/2020\/wp-content\/uploads\/2025\/08\/IMG-20250820-WA0027-768x432.jpg 768w, https:\/\/brufaganya.cat\/2020\/wp-content\/uploads\/2025\/08\/IMG-20250820-WA0027-1536x864.jpg 1536w, https:\/\/brufaganya.cat\/2020\/wp-content\/uploads\/2025\/08\/IMG-20250820-WA0027.jpg 2040w\" sizes=\"auto, (max-width: 300px) 100vw, 300px\" \/><\/p>\n<p><strong>IGUALADA<\/strong><\/p>\n<div id='gallery-2' class='gallery galleryid-8979 gallery-columns-3 gallery-size-thumbnail'><figure class='gallery-item'>\n\t\t\t<div class='gallery-icon landscape'>\n\t\t\t\t<a href='https:\/\/brufaganya.cat\/2020\/repartiment-de-laigua-de-sant-magi\/img-20250820-wa0039\/'><img loading=\"lazy\" decoding=\"async\" width=\"150\" height=\"150\" src=\"https:\/\/brufaganya.cat\/2020\/wp-content\/uploads\/2025\/08\/IMG-20250820-WA0039-150x150.jpg\" class=\"attachment-thumbnail size-thumbnail\" alt=\"\" aria-describedby=\"gallery-2-8988\" srcset=\"https:\/\/brufaganya.cat\/2020\/wp-content\/uploads\/2025\/08\/IMG-20250820-WA0039-150x150.jpg 150w, https:\/\/brufaganya.cat\/2020\/wp-content\/uploads\/2025\/08\/IMG-20250820-WA0039-300x300.jpg 300w, https:\/\/brufaganya.cat\/2020\/wp-content\/uploads\/2025\/08\/IMG-20250820-WA0039-1024x1024.jpg 1024w, https:\/\/brufaganya.cat\/2020\/wp-content\/uploads\/2025\/08\/IMG-20250820-WA0039-768x768.jpg 768w, https:\/\/brufaganya.cat\/2020\/wp-content\/uploads\/2025\/08\/IMG-20250820-WA0039-1536x1536.jpg 1536w, https:\/\/brufaganya.cat\/2020\/wp-content\/uploads\/2025\/08\/IMG-20250820-WA0039.jpg 2048w\" sizes=\"auto, (max-width: 150px) 100vw, 150px\" \/><\/a>\n\t\t\t<\/div>\n\t\t\t\t<figcaption class='wp-caption-text gallery-caption' id='gallery-2-8988'>\n\t\t\t\tAigua i &#8220;maginets per Igualada\n\t\t\t\t<\/figcaption><\/figure><figure class='gallery-item'>\n\t\t\t<div class='gallery-icon landscape'>\n\t\t\t\t<a href='https:\/\/brufaganya.cat\/2020\/repartiment-de-laigua-de-sant-magi\/img-20250820-wa0036\/'><img loading=\"lazy\" decoding=\"async\" width=\"150\" height=\"150\" src=\"https:\/\/brufaganya.cat\/2020\/wp-content\/uploads\/2025\/08\/IMG-20250820-WA0036-150x150.jpg\" class=\"attachment-thumbnail size-thumbnail\" alt=\"\" aria-describedby=\"gallery-2-8986\" srcset=\"https:\/\/brufaganya.cat\/2020\/wp-content\/uploads\/2025\/08\/IMG-20250820-WA0036-150x150.jpg 150w, https:\/\/brufaganya.cat\/2020\/wp-content\/uploads\/2025\/08\/IMG-20250820-WA0036-300x300.jpg 300w, https:\/\/brufaganya.cat\/2020\/wp-content\/uploads\/2025\/08\/IMG-20250820-WA0036-1024x1024.jpg 1024w, https:\/\/brufaganya.cat\/2020\/wp-content\/uploads\/2025\/08\/IMG-20250820-WA0036-768x768.jpg 768w, https:\/\/brufaganya.cat\/2020\/wp-content\/uploads\/2025\/08\/IMG-20250820-WA0036-1536x1536.jpg 1536w, https:\/\/brufaganya.cat\/2020\/wp-content\/uploads\/2025\/08\/IMG-20250820-WA0036.jpg 2048w\" sizes=\"auto, (max-width: 150px) 100vw, 150px\" \/><\/a>\n\t\t\t<\/div>\n\t\t\t\t<figcaption class='wp-caption-text gallery-caption' id='gallery-2-8986'>\n\t\t\t\tPosant aigua per la gent\n\t\t\t\t<\/figcaption><\/figure><figure class='gallery-item'>\n\t\t\t<div class='gallery-icon landscape'>\n\t\t\t\t<a href='https:\/\/brufaganya.cat\/2020\/repartiment-de-laigua-de-sant-magi\/img-20250820-wa0038\/'><img loading=\"lazy\" decoding=\"async\" width=\"150\" height=\"150\" src=\"https:\/\/brufaganya.cat\/2020\/wp-content\/uploads\/2025\/08\/IMG-20250820-WA0038-150x150.jpg\" class=\"attachment-thumbnail size-thumbnail\" alt=\"\" aria-describedby=\"gallery-2-8987\" srcset=\"https:\/\/brufaganya.cat\/2020\/wp-content\/uploads\/2025\/08\/IMG-20250820-WA0038-150x150.jpg 150w, https:\/\/brufaganya.cat\/2020\/wp-content\/uploads\/2025\/08\/IMG-20250820-WA0038-300x300.jpg 300w, https:\/\/brufaganya.cat\/2020\/wp-content\/uploads\/2025\/08\/IMG-20250820-WA0038-1024x1024.jpg 1024w, https:\/\/brufaganya.cat\/2020\/wp-content\/uploads\/2025\/08\/IMG-20250820-WA0038-768x768.jpg 768w, https:\/\/brufaganya.cat\/2020\/wp-content\/uploads\/2025\/08\/IMG-20250820-WA0038-1536x1536.jpg 1536w, https:\/\/brufaganya.cat\/2020\/wp-content\/uploads\/2025\/08\/IMG-20250820-WA0038.jpg 2048w\" sizes=\"auto, (max-width: 150px) 100vw, 150px\" \/><\/a>\n\t\t\t<\/div>\n\t\t\t\t<figcaption class='wp-caption-text gallery-caption' id='gallery-2-8987'>\n\t\t\t\tEls portants de l&#8217;aigua\n\t\t\t\t<\/figcaption><\/figure><figure class='gallery-item'>\n\t\t\t<div class='gallery-icon landscape'>\n\t\t\t\t<a href='https:\/\/brufaganya.cat\/2020\/repartiment-de-laigua-de-sant-magi\/img-20250820-wa0035\/'><img loading=\"lazy\" decoding=\"async\" width=\"150\" height=\"150\" src=\"https:\/\/brufaganya.cat\/2020\/wp-content\/uploads\/2025\/08\/IMG-20250820-WA0035-150x150.jpg\" class=\"attachment-thumbnail size-thumbnail\" alt=\"\" aria-describedby=\"gallery-2-8985\" srcset=\"https:\/\/brufaganya.cat\/2020\/wp-content\/uploads\/2025\/08\/IMG-20250820-WA0035-150x150.jpg 150w, https:\/\/brufaganya.cat\/2020\/wp-content\/uploads\/2025\/08\/IMG-20250820-WA0035-300x300.jpg 300w, https:\/\/brufaganya.cat\/2020\/wp-content\/uploads\/2025\/08\/IMG-20250820-WA0035-1024x1024.jpg 1024w, https:\/\/brufaganya.cat\/2020\/wp-content\/uploads\/2025\/08\/IMG-20250820-WA0035-768x768.jpg 768w, https:\/\/brufaganya.cat\/2020\/wp-content\/uploads\/2025\/08\/IMG-20250820-WA0035-1536x1536.jpg 1536w, https:\/\/brufaganya.cat\/2020\/wp-content\/uploads\/2025\/08\/IMG-20250820-WA0035.jpg 2048w\" sizes=\"auto, (max-width: 150px) 100vw, 150px\" \/><\/a>\n\t\t\t<\/div>\n\t\t\t\t<figcaption class='wp-caption-text gallery-caption' id='gallery-2-8985'>\n\t\t\t\tAgafem-ne un vas, anir\u00e0 b\u00e9!\n\t\t\t\t<\/figcaption><\/figure>\n\t\t<\/div>\n\n<p><strong>SANT MAG\u00cd DE LA BRUFAGANYA<\/strong><\/p>\n<div id='gallery-3' class='gallery galleryid-8979 gallery-columns-3 gallery-size-thumbnail'><figure class='gallery-item'>\n\t\t\t<div class='gallery-icon portrait'>\n\t\t\t\t<a href='https:\/\/brufaganya.cat\/2020\/repartiment-de-laigua-de-sant-magi\/img-20250819-wa0008-2\/'><img loading=\"lazy\" decoding=\"async\" width=\"150\" height=\"150\" src=\"https:\/\/brufaganya.cat\/2020\/wp-content\/uploads\/2025\/08\/IMG-20250819-WA0008-1-150x150.jpg\" class=\"attachment-thumbnail size-thumbnail\" alt=\"\" aria-describedby=\"gallery-3-8999\" \/><\/a>\n\t\t\t<\/div>\n\t\t\t\t<figcaption class='wp-caption-text gallery-caption' id='gallery-3-8999'>\n\t\t\t\tArribant a S.Mag\u00ed\n\t\t\t\t<\/figcaption><\/figure><figure class='gallery-item'>\n\t\t\t<div class='gallery-icon landscape'>\n\t\t\t\t<a href='https:\/\/brufaganya.cat\/2020\/repartiment-de-laigua-de-sant-magi\/sm2025-2\/'><img loading=\"lazy\" decoding=\"async\" width=\"150\" height=\"150\" src=\"https:\/\/brufaganya.cat\/2020\/wp-content\/uploads\/2025\/08\/SM2025-1-150x150.jpg\" class=\"attachment-thumbnail size-thumbnail\" alt=\"\" aria-describedby=\"gallery-3-9004\" \/><\/a>\n\t\t\t<\/div>\n\t\t\t\t<figcaption class='wp-caption-text gallery-caption' id='gallery-3-9004'>\n\t\t\t\tEsperant la missa\n\t\t\t\t<\/figcaption><\/figure><figure class='gallery-item'>\n\t\t\t<div class='gallery-icon landscape'>\n\t\t\t\t<a href='https:\/\/brufaganya.cat\/2020\/repartiment-de-laigua-de-sant-magi\/img-20250819-wa0011-2\/'><img loading=\"lazy\" decoding=\"async\" width=\"150\" height=\"150\" src=\"https:\/\/brufaganya.cat\/2020\/wp-content\/uploads\/2025\/08\/IMG-20250819-WA0011-1-150x150.jpg\" class=\"attachment-thumbnail size-thumbnail\" alt=\"\" aria-describedby=\"gallery-3-9000\" \/><\/a>\n\t\t\t<\/div>\n\t\t\t\t<figcaption class='wp-caption-text gallery-caption' id='gallery-3-9000'>\n\t\t\t\tL&#8217;esgl\u00e8sia plena\n\t\t\t\t<\/figcaption><\/figure><figure class='gallery-item'>\n\t\t\t<div class='gallery-icon landscape'>\n\t\t\t\t<a href='https:\/\/brufaganya.cat\/2020\/repartiment-de-laigua-de-sant-magi\/img-20250819-wa0012-copia-2\/'><img loading=\"lazy\" decoding=\"async\" width=\"150\" height=\"150\" src=\"https:\/\/brufaganya.cat\/2020\/wp-content\/uploads\/2025\/08\/IMG-20250819-WA0012-copia-1-150x150.jpg\" class=\"attachment-thumbnail size-thumbnail\" alt=\"\" aria-describedby=\"gallery-3-9001\" \/><\/a>\n\t\t\t<\/div>\n\t\t\t\t<figcaption class='wp-caption-text gallery-caption' id='gallery-3-9001'>\n\t\t\t\tHi ha qui no hi capi es queda a la porta\n\t\t\t\t<\/figcaption><\/figure><figure class='gallery-item'>\n\t\t\t<div class='gallery-icon portrait'>\n\t\t\t\t<a href='https:\/\/brufaganya.cat\/2020\/repartiment-de-laigua-de-sant-magi\/img-20250819-wa0015-2\/'><img loading=\"lazy\" decoding=\"async\" width=\"150\" height=\"150\" src=\"https:\/\/brufaganya.cat\/2020\/wp-content\/uploads\/2025\/08\/IMG-20250819-WA0015-1-150x150.jpg\" class=\"attachment-thumbnail size-thumbnail\" alt=\"\" aria-describedby=\"gallery-3-9003\" \/><\/a>\n\t\t\t<\/div>\n\t\t\t\t<figcaption class='wp-caption-text gallery-caption' id='gallery-3-9003'>\n\t\t\t\tJa hi som tots\n\t\t\t\t<\/figcaption><\/figure><figure class='gallery-item'>\n\t\t\t<div class='gallery-icon landscape'>\n\t\t\t\t<a href='https:\/\/brufaganya.cat\/2020\/repartiment-de-laigua-de-sant-magi\/img-20250819-wa0003-2\/'><img loading=\"lazy\" decoding=\"async\" width=\"150\" height=\"150\" src=\"https:\/\/brufaganya.cat\/2020\/wp-content\/uploads\/2025\/08\/IMG-20250819-WA0003-1-150x150.jpg\" class=\"attachment-thumbnail size-thumbnail\" alt=\"\" aria-describedby=\"gallery-3-8997\" \/><\/a>\n\t\t\t<\/div>\n\t\t\t\t<figcaption class='wp-caption-text gallery-caption' id='gallery-3-8997'>\n\t\t\t\tComprant ciris,  mides, llibres&#8230; records de S.Mag\u00ed\n\t\t\t\t<\/figcaption><\/figure><figure class='gallery-item'>\n\t\t\t<div class='gallery-icon portrait'>\n\t\t\t\t<a href='https:\/\/brufaganya.cat\/2020\/repartiment-de-laigua-de-sant-magi\/img-20250819-wa0005-2\/'><img loading=\"lazy\" decoding=\"async\" width=\"150\" height=\"150\" src=\"https:\/\/brufaganya.cat\/2020\/wp-content\/uploads\/2025\/08\/IMG-20250819-WA0005-1-150x150.jpg\" class=\"attachment-thumbnail size-thumbnail\" alt=\"\" aria-describedby=\"gallery-3-8998\" \/><\/a>\n\t\t\t<\/div>\n\t\t\t\t<figcaption class='wp-caption-text gallery-caption' id='gallery-3-8998'>\n\t\t\t\tSortin de missa\n\t\t\t\t<\/figcaption><\/figure><figure class='gallery-item'>\n\t\t\t<div class='gallery-icon landscape'>\n\t\t\t\t<a href='https:\/\/brufaganya.cat\/2020\/repartiment-de-laigua-de-sant-magi\/img-20250819-wa0014-2\/'><img loading=\"lazy\" decoding=\"async\" width=\"150\" height=\"150\" src=\"https:\/\/brufaganya.cat\/2020\/wp-content\/uploads\/2025\/08\/IMG-20250819-WA0014-1-150x150.jpg\" class=\"attachment-thumbnail size-thumbnail\" alt=\"\" aria-describedby=\"gallery-3-9002\" \/><\/a>\n\t\t\t<\/div>\n\t\t\t\t<figcaption class='wp-caption-text gallery-caption' id='gallery-3-9002'>\n\t\t\t\tPassejant per la pla\u00e7a\n\t\t\t\t<\/figcaption><\/figure>\n\t\t<\/div>\n\n","protected":false},"excerpt":{"rendered":"<p>Ahir va ser Sant Mag\u00ed i avui \u00e9s dia de fer balan\u00e7. Estem contents.L\u2019aigua que els Portants de l\u2019Aigua van anar a cercar a les fonts els dies 15, 16 [&hellip;]<\/p>\n","protected":false},"author":105,"featured_media":8980,"comment_status":"closed","ping_status":"closed","sticky":false,"template":"","format":"standard","meta":{"inline_featured_image":false,"footnotes":""},"categories":[1,768],"tags":[],"class_list":["post-8979","post","type-post","status-publish","format-standard","has-post-thumbnail","hentry","category-noticies","category-tradicions-religioses"],"yoast_head":"<!-- This site is optimized with the Yoast SEO plugin v27.5 - https:\/\/yoast.com\/product\/yoast-seo-wordpress\/ -->\n<title>Repartiment de l&#039;aigua de Sant Mag\u00ed &#187; Sant Mag\u00ed de la Brufaganya<\/title>\n<meta name=\"robots\" content=\"index, follow, max-snippet:-1, max-image-preview:large, max-video-preview:-1\" \/>\n<link rel=\"canonical\" href=\"https:\/\/brufaganya.cat\/2020\/repartiment-de-laigua-de-sant-magi\/\" \/>\n<meta property=\"og:locale\" content=\"ca_ES\" \/>\n<meta property=\"og:type\" content=\"article\" \/>\n<meta property=\"og:title\" content=\"Repartiment de l&#039;aigua de Sant Mag\u00ed &#187; Sant Mag\u00ed de la Brufaganya\" \/>\n<meta property=\"og:description\" content=\"Ahir va ser Sant Mag\u00ed i avui \u00e9s dia de fer balan\u00e7. Estem contents.L\u2019aigua que els Portants de l\u2019Aigua van anar a cercar a les fonts els dies 15, 16 [&hellip;]\" \/>\n<meta property=\"og:url\" content=\"https:\/\/brufaganya.cat\/2020\/repartiment-de-laigua-de-sant-magi\/\" \/>\n<meta property=\"og:site_name\" content=\"Sant Mag\u00ed de la Brufaganya\" \/>\n<meta property=\"article:published_time\" content=\"2025-08-21T13:15:42+00:00\" \/>\n<meta property=\"article:modified_time\" content=\"2025-08-26T06:59:32+00:00\" \/>\n<meta property=\"og:image\" content=\"https:\/\/brufaganya.cat\/2020\/wp-content\/uploads\/2025\/08\/IMG-20250502-WA0001.jpg\" \/>\n\t<meta property=\"og:image:width\" content=\"2048\" \/>\n\t<meta property=\"og:image:height\" content=\"1536\" \/>\n\t<meta property=\"og:image:type\" content=\"image\/jpeg\" \/>\n<meta name=\"author\" content=\"Rita Armejach Carreras\" \/>\n<meta name=\"twitter:card\" content=\"summary_large_image\" \/>\n<meta name=\"twitter:label1\" content=\"Escrit per\" \/>\n\t<meta name=\"twitter:data1\" content=\"Rita Armejach Carreras\" \/>\n\t<meta name=\"twitter:label2\" content=\"Temps estimat de lectura\" \/>\n\t<meta name=\"twitter:data2\" content=\"3 minuts\" \/>\n<script type=\"application\/ld+json\" class=\"yoast-schema-graph\">{\"@context\":\"https:\\\/\\\/schema.org\",\"@graph\":[{\"@type\":\"Article\",\"@id\":\"https:\\\/\\\/brufaganya.cat\\\/2020\\\/repartiment-de-laigua-de-sant-magi\\\/#article\",\"isPartOf\":{\"@id\":\"https:\\\/\\\/brufaganya.cat\\\/2020\\\/repartiment-de-laigua-de-sant-magi\\\/\"},\"author\":{\"name\":\"Rita Armejach Carreras\",\"@id\":\"https:\\\/\\\/brufaganya.cat\\\/2020\\\/#\\\/schema\\\/person\\\/cd383ee397867b5182d1cf80b8c2e95c\"},\"headline\":\"Repartiment de l&#8217;aigua de Sant Mag\u00ed\",\"datePublished\":\"2025-08-21T13:15:42+00:00\",\"dateModified\":\"2025-08-26T06:59:32+00:00\",\"mainEntityOfPage\":{\"@id\":\"https:\\\/\\\/brufaganya.cat\\\/2020\\\/repartiment-de-laigua-de-sant-magi\\\/\"},\"wordCount\":186,\"publisher\":{\"@id\":\"https:\\\/\\\/brufaganya.cat\\\/2020\\\/#organization\"},\"image\":{\"@id\":\"https:\\\/\\\/brufaganya.cat\\\/2020\\\/repartiment-de-laigua-de-sant-magi\\\/#primaryimage\"},\"thumbnailUrl\":\"https:\\\/\\\/brufaganya.cat\\\/2020\\\/wp-content\\\/uploads\\\/2025\\\/08\\\/IMG-20250502-WA0001.jpg\",\"articleSection\":[\"Not\u00edcies\",\"Tradicions religioses\"],\"inLanguage\":\"ca\"},{\"@type\":\"WebPage\",\"@id\":\"https:\\\/\\\/brufaganya.cat\\\/2020\\\/repartiment-de-laigua-de-sant-magi\\\/\",\"url\":\"https:\\\/\\\/brufaganya.cat\\\/2020\\\/repartiment-de-laigua-de-sant-magi\\\/\",\"name\":\"Repartiment de l'aigua de Sant Mag\u00ed &#187; Sant Mag\u00ed de la Brufaganya\",\"isPartOf\":{\"@id\":\"https:\\\/\\\/brufaganya.cat\\\/2020\\\/#website\"},\"primaryImageOfPage\":{\"@id\":\"https:\\\/\\\/brufaganya.cat\\\/2020\\\/repartiment-de-laigua-de-sant-magi\\\/#primaryimage\"},\"image\":{\"@id\":\"https:\\\/\\\/brufaganya.cat\\\/2020\\\/repartiment-de-laigua-de-sant-magi\\\/#primaryimage\"},\"thumbnailUrl\":\"https:\\\/\\\/brufaganya.cat\\\/2020\\\/wp-content\\\/uploads\\\/2025\\\/08\\\/IMG-20250502-WA0001.jpg\",\"datePublished\":\"2025-08-21T13:15:42+00:00\",\"dateModified\":\"2025-08-26T06:59:32+00:00\",\"breadcrumb\":{\"@id\":\"https:\\\/\\\/brufaganya.cat\\\/2020\\\/repartiment-de-laigua-de-sant-magi\\\/#breadcrumb\"},\"inLanguage\":\"ca\",\"potentialAction\":[{\"@type\":\"ReadAction\",\"target\":[\"https:\\\/\\\/brufaganya.cat\\\/2020\\\/repartiment-de-laigua-de-sant-magi\\\/\"]}]},{\"@type\":\"ImageObject\",\"inLanguage\":\"ca\",\"@id\":\"https:\\\/\\\/brufaganya.cat\\\/2020\\\/repartiment-de-laigua-de-sant-magi\\\/#primaryimage\",\"url\":\"https:\\\/\\\/brufaganya.cat\\\/2020\\\/wp-content\\\/uploads\\\/2025\\\/08\\\/IMG-20250502-WA0001.jpg\",\"contentUrl\":\"https:\\\/\\\/brufaganya.cat\\\/2020\\\/wp-content\\\/uploads\\\/2025\\\/08\\\/IMG-20250502-WA0001.jpg\",\"width\":2048,\"height\":1536,\"caption\":\"Les Fonts havien estat aix\u00ed...\"},{\"@type\":\"BreadcrumbList\",\"@id\":\"https:\\\/\\\/brufaganya.cat\\\/2020\\\/repartiment-de-laigua-de-sant-magi\\\/#breadcrumb\",\"itemListElement\":[{\"@type\":\"ListItem\",\"position\":1,\"name\":\"Inici\",\"item\":\"https:\\\/\\\/brufaganya.cat\\\/2020\\\/\"},{\"@type\":\"ListItem\",\"position\":2,\"name\":\"Repartiment de l&#8217;aigua de Sant Mag\u00ed\"}]},{\"@type\":\"WebSite\",\"@id\":\"https:\\\/\\\/brufaganya.cat\\\/2020\\\/#website\",\"url\":\"https:\\\/\\\/brufaganya.cat\\\/2020\\\/\",\"name\":\"Sant Mag\u00ed de la Brufaganya\",\"description\":\"Lloc web de Sant Mag\u00ed de la Brufaganya\",\"publisher\":{\"@id\":\"https:\\\/\\\/brufaganya.cat\\\/2020\\\/#organization\"},\"potentialAction\":[{\"@type\":\"SearchAction\",\"target\":{\"@type\":\"EntryPoint\",\"urlTemplate\":\"https:\\\/\\\/brufaganya.cat\\\/2020\\\/?s={search_term_string}\"},\"query-input\":{\"@type\":\"PropertyValueSpecification\",\"valueRequired\":true,\"valueName\":\"search_term_string\"}}],\"inLanguage\":\"ca\"},{\"@type\":\"Organization\",\"@id\":\"https:\\\/\\\/brufaganya.cat\\\/2020\\\/#organization\",\"name\":\"Sant Mag\u00ed de Brufaganya\",\"url\":\"https:\\\/\\\/brufaganya.cat\\\/2020\\\/\",\"logo\":{\"@type\":\"ImageObject\",\"inLanguage\":\"ca\",\"@id\":\"https:\\\/\\\/brufaganya.cat\\\/2020\\\/#\\\/schema\\\/logo\\\/image\\\/\",\"url\":\"https:\\\/\\\/brufaganya.cat\\\/2020\\\/wp-content\\\/uploads\\\/2018\\\/11\\\/st_marti_bruga_horitz_posi_logo.jpg\",\"contentUrl\":\"https:\\\/\\\/brufaganya.cat\\\/2020\\\/wp-content\\\/uploads\\\/2018\\\/11\\\/st_marti_bruga_horitz_posi_logo.jpg\",\"width\":1479,\"height\":804,\"caption\":\"Sant Mag\u00ed de Brufaganya\"},\"image\":{\"@id\":\"https:\\\/\\\/brufaganya.cat\\\/2020\\\/#\\\/schema\\\/logo\\\/image\\\/\"},\"sameAs\":[\"https:\\\/\\\/ca.wikipedia.org\\\/wiki\\\/Sant_Mag\u00ed_de_Brufaganya\"]},{\"@type\":\"Person\",\"@id\":\"https:\\\/\\\/brufaganya.cat\\\/2020\\\/#\\\/schema\\\/person\\\/cd383ee397867b5182d1cf80b8c2e95c\",\"name\":\"Rita Armejach Carreras\",\"image\":{\"@type\":\"ImageObject\",\"inLanguage\":\"ca\",\"@id\":\"https:\\\/\\\/secure.gravatar.com\\\/avatar\\\/9dd6e49c4c61c4e14defcbf48211c55e6d268a4486cf9f5cef1b53148943d71d?s=96&d=mm&r=g\",\"url\":\"https:\\\/\\\/secure.gravatar.com\\\/avatar\\\/9dd6e49c4c61c4e14defcbf48211c55e6d268a4486cf9f5cef1b53148943d71d?s=96&d=mm&r=g\",\"contentUrl\":\"https:\\\/\\\/secure.gravatar.com\\\/avatar\\\/9dd6e49c4c61c4e14defcbf48211c55e6d268a4486cf9f5cef1b53148943d71d?s=96&d=mm&r=g\",\"caption\":\"Rita Armejach Carreras\"},\"url\":\"https:\\\/\\\/brufaganya.cat\\\/2020\\\/author\\\/rarmejach\\\/\"}]}<\/script>\n<!-- \/ Yoast SEO plugin. -->","yoast_head_json":{"title":"Repartiment de l'aigua de Sant Mag\u00ed &#187; Sant Mag\u00ed de la Brufaganya","robots":{"index":"index","follow":"follow","max-snippet":"max-snippet:-1","max-image-preview":"max-image-preview:large","max-video-preview":"max-video-preview:-1"},"canonical":"https:\/\/brufaganya.cat\/2020\/repartiment-de-laigua-de-sant-magi\/","og_locale":"ca_ES","og_type":"article","og_title":"Repartiment de l'aigua de Sant Mag\u00ed &#187; Sant Mag\u00ed de la Brufaganya","og_description":"Ahir va ser Sant Mag\u00ed i avui \u00e9s dia de fer balan\u00e7. Estem contents.L\u2019aigua que els Portants de l\u2019Aigua van anar a cercar a les fonts els dies 15, 16 [&hellip;]","og_url":"https:\/\/brufaganya.cat\/2020\/repartiment-de-laigua-de-sant-magi\/","og_site_name":"Sant Mag\u00ed de la Brufaganya","article_published_time":"2025-08-21T13:15:42+00:00","article_modified_time":"2025-08-26T06:59:32+00:00","og_image":[{"width":2048,"height":1536,"url":"https:\/\/brufaganya.cat\/2020\/wp-content\/uploads\/2025\/08\/IMG-20250502-WA0001.jpg","type":"image\/jpeg"}],"author":"Rita Armejach Carreras","twitter_card":"summary_large_image","twitter_misc":{"Escrit per":"Rita Armejach Carreras","Temps estimat de lectura":"3 minuts"},"schema":{"@context":"https:\/\/schema.org","@graph":[{"@type":"Article","@id":"https:\/\/brufaganya.cat\/2020\/repartiment-de-laigua-de-sant-magi\/#article","isPartOf":{"@id":"https:\/\/brufaganya.cat\/2020\/repartiment-de-laigua-de-sant-magi\/"},"author":{"name":"Rita Armejach Carreras","@id":"https:\/\/brufaganya.cat\/2020\/#\/schema\/person\/cd383ee397867b5182d1cf80b8c2e95c"},"headline":"Repartiment de l&#8217;aigua de Sant Mag\u00ed","datePublished":"2025-08-21T13:15:42+00:00","dateModified":"2025-08-26T06:59:32+00:00","mainEntityOfPage":{"@id":"https:\/\/brufaganya.cat\/2020\/repartiment-de-laigua-de-sant-magi\/"},"wordCount":186,"publisher":{"@id":"https:\/\/brufaganya.cat\/2020\/#organization"},"image":{"@id":"https:\/\/brufaganya.cat\/2020\/repartiment-de-laigua-de-sant-magi\/#primaryimage"},"thumbnailUrl":"https:\/\/brufaganya.cat\/2020\/wp-content\/uploads\/2025\/08\/IMG-20250502-WA0001.jpg","articleSection":["Not\u00edcies","Tradicions religioses"],"inLanguage":"ca"},{"@type":"WebPage","@id":"https:\/\/brufaganya.cat\/2020\/repartiment-de-laigua-de-sant-magi\/","url":"https:\/\/brufaganya.cat\/2020\/repartiment-de-laigua-de-sant-magi\/","name":"Repartiment de l'aigua de Sant Mag\u00ed &#187; Sant Mag\u00ed de la Brufaganya","isPartOf":{"@id":"https:\/\/brufaganya.cat\/2020\/#website"},"primaryImageOfPage":{"@id":"https:\/\/brufaganya.cat\/2020\/repartiment-de-laigua-de-sant-magi\/#primaryimage"},"image":{"@id":"https:\/\/brufaganya.cat\/2020\/repartiment-de-laigua-de-sant-magi\/#primaryimage"},"thumbnailUrl":"https:\/\/brufaganya.cat\/2020\/wp-content\/uploads\/2025\/08\/IMG-20250502-WA0001.jpg","datePublished":"2025-08-21T13:15:42+00:00","dateModified":"2025-08-26T06:59:32+00:00","breadcrumb":{"@id":"https:\/\/brufaganya.cat\/2020\/repartiment-de-laigua-de-sant-magi\/#breadcrumb"},"inLanguage":"ca","potentialAction":[{"@type":"ReadAction","target":["https:\/\/brufaganya.cat\/2020\/repartiment-de-laigua-de-sant-magi\/"]}]},{"@type":"ImageObject","inLanguage":"ca","@id":"https:\/\/brufaganya.cat\/2020\/repartiment-de-laigua-de-sant-magi\/#primaryimage","url":"https:\/\/brufaganya.cat\/2020\/wp-content\/uploads\/2025\/08\/IMG-20250502-WA0001.jpg","contentUrl":"https:\/\/brufaganya.cat\/2020\/wp-content\/uploads\/2025\/08\/IMG-20250502-WA0001.jpg","width":2048,"height":1536,"caption":"Les Fonts havien estat aix\u00ed..."},{"@type":"BreadcrumbList","@id":"https:\/\/brufaganya.cat\/2020\/repartiment-de-laigua-de-sant-magi\/#breadcrumb","itemListElement":[{"@type":"ListItem","position":1,"name":"Inici","item":"https:\/\/brufaganya.cat\/2020\/"},{"@type":"ListItem","position":2,"name":"Repartiment de l&#8217;aigua de Sant Mag\u00ed"}]},{"@type":"WebSite","@id":"https:\/\/brufaganya.cat\/2020\/#website","url":"https:\/\/brufaganya.cat\/2020\/","name":"Sant Mag\u00ed de la Brufaganya","description":"Lloc web de Sant Mag\u00ed de la Brufaganya","publisher":{"@id":"https:\/\/brufaganya.cat\/2020\/#organization"},"potentialAction":[{"@type":"SearchAction","target":{"@type":"EntryPoint","urlTemplate":"https:\/\/brufaganya.cat\/2020\/?s={search_term_string}"},"query-input":{"@type":"PropertyValueSpecification","valueRequired":true,"valueName":"search_term_string"}}],"inLanguage":"ca"},{"@type":"Organization","@id":"https:\/\/brufaganya.cat\/2020\/#organization","name":"Sant Mag\u00ed de Brufaganya","url":"https:\/\/brufaganya.cat\/2020\/","logo":{"@type":"ImageObject","inLanguage":"ca","@id":"https:\/\/brufaganya.cat\/2020\/#\/schema\/logo\/image\/","url":"https:\/\/brufaganya.cat\/2020\/wp-content\/uploads\/2018\/11\/st_marti_bruga_horitz_posi_logo.jpg","contentUrl":"https:\/\/brufaganya.cat\/2020\/wp-content\/uploads\/2018\/11\/st_marti_bruga_horitz_posi_logo.jpg","width":1479,"height":804,"caption":"Sant Mag\u00ed de Brufaganya"},"image":{"@id":"https:\/\/brufaganya.cat\/2020\/#\/schema\/logo\/image\/"},"sameAs":["https:\/\/ca.wikipedia.org\/wiki\/Sant_Mag\u00ed_de_Brufaganya"]},{"@type":"Person","@id":"https:\/\/brufaganya.cat\/2020\/#\/schema\/person\/cd383ee397867b5182d1cf80b8c2e95c","name":"Rita Armejach Carreras","image":{"@type":"ImageObject","inLanguage":"ca","@id":"https:\/\/secure.gravatar.com\/avatar\/9dd6e49c4c61c4e14defcbf48211c55e6d268a4486cf9f5cef1b53148943d71d?s=96&d=mm&r=g","url":"https:\/\/secure.gravatar.com\/avatar\/9dd6e49c4c61c4e14defcbf48211c55e6d268a4486cf9f5cef1b53148943d71d?s=96&d=mm&r=g","contentUrl":"https:\/\/secure.gravatar.com\/avatar\/9dd6e49c4c61c4e14defcbf48211c55e6d268a4486cf9f5cef1b53148943d71d?s=96&d=mm&r=g","caption":"Rita Armejach Carreras"},"url":"https:\/\/brufaganya.cat\/2020\/author\/rarmejach\/"}]}},"_links":{"self":[{"href":"https:\/\/brufaganya.cat\/2020\/wp-json\/wp\/v2\/posts\/8979","targetHints":{"allow":["GET"]}}],"collection":[{"href":"https:\/\/brufaganya.cat\/2020\/wp-json\/wp\/v2\/posts"}],"about":[{"href":"https:\/\/brufaganya.cat\/2020\/wp-json\/wp\/v2\/types\/post"}],"author":[{"embeddable":true,"href":"https:\/\/brufaganya.cat\/2020\/wp-json\/wp\/v2\/users\/105"}],"replies":[{"embeddable":true,"href":"https:\/\/brufaganya.cat\/2020\/wp-json\/wp\/v2\/comments?post=8979"}],"version-history":[{"count":0,"href":"https:\/\/brufaganya.cat\/2020\/wp-json\/wp\/v2\/posts\/8979\/revisions"}],"wp:featuredmedia":[{"embeddable":true,"href":"https:\/\/brufaganya.cat\/2020\/wp-json\/wp\/v2\/media\/8980"}],"wp:attachment":[{"href":"https:\/\/brufaganya.cat\/2020\/wp-json\/wp\/v2\/media?parent=8979"}],"wp:term":[{"taxonomy":"category","embeddable":true,"href":"https:\/\/brufaganya.cat\/2020\/wp-json\/wp\/v2\/categories?post=8979"},{"taxonomy":"post_tag","embeddable":true,"href":"https:\/\/brufaganya.cat\/2020\/wp-json\/wp\/v2\/tags?post=8979"}],"curies":[{"name":"wp","href":"https:\/\/api.w.org\/{rel}","templated":true}]}}