{"id":8832,"date":"2025-06-04T09:54:46","date_gmt":"2025-06-04T07:54:46","guid":{"rendered":"https:\/\/brufaganya.cat\/2020\/?p=8832"},"modified":"2025-06-20T22:33:49","modified_gmt":"2025-06-20T20:33:49","slug":"aquest-diumenge-aplec-de-les-roses","status":"publish","type":"post","link":"https:\/\/brufaganya.cat\/2020\/aquest-diumenge-aplec-de-les-roses\/","title":{"rendered":"Aquest diumenge&#8230; Aplec de les Roses!"},"content":{"rendered":"<p>Diumenge <strong>dia 8 de juny<\/strong>, tindr\u00e0 lloc l&#8217;<strong>Aplec de les Roses<\/strong> al santuari de <strong>S. Mag\u00ed de la Brufaganya.<\/strong><\/p>\n<p data-pm-slice=\"1 1 []\">Aquesta festa tradicional l&#8217;organitzen la <strong>Confraria de Sant Mag\u00ed de Tarragona<\/strong>,\u00a0 els amics de S.Mag\u00ed els ajudem, per fer d&#8217;aquesta tradici\u00f3, una festa que es recordi amb goig.<\/p>\n<figure id=\"attachment_6221\" aria-describedby=\"caption-attachment-6221\" style=\"width: 200px\" class=\"wp-caption alignleft\"><img loading=\"lazy\" decoding=\"async\" class=\"wp-image-6221 size-medium\" src=\"https:\/\/brufaganya.cat\/2020\/wp-content\/uploads\/2021\/06\/beneint-200x300.jpg\" alt=\"\" width=\"200\" height=\"300\" srcset=\"https:\/\/brufaganya.cat\/2020\/wp-content\/uploads\/2021\/06\/beneint-200x300.jpg 200w, https:\/\/brufaganya.cat\/2020\/wp-content\/uploads\/2021\/06\/beneint-683x1024.jpg 683w, https:\/\/brufaganya.cat\/2020\/wp-content\/uploads\/2021\/06\/beneint-768x1152.jpg 768w, https:\/\/brufaganya.cat\/2020\/wp-content\/uploads\/2021\/06\/beneint.jpg 984w\" sizes=\"auto, (max-width: 200px) 100vw, 200px\" \/><figcaption id=\"caption-attachment-6221\" class=\"wp-caption-text\">Bene\u00efnt les roses de l&#8217;Aplec<\/figcaption><\/figure>\n<p>A <strong>les 12 h. missa al Santuari. Benedicci\u00f3 de les roses.<\/strong><\/p>\n<p><strong>Lliurament de l&#8217;estampa commemorativa.<\/strong><\/p>\n<p><strong>A la sortida de missa, obsequi d&#8217;una rosa a tots els assistents.<\/strong><\/p>\n<p>Al llarg del mat\u00ed cotxes amb persones de diferents indrets van\u00a0 arribant a S. Mag\u00ed. Des de primera hora i fins al migdia es poden fer <strong>&#8220;Esmorzars Solidaris&#8221;<\/strong> a l&#8217;aire lliure, organitzat pels amics de S. Mag\u00ed.<\/p>\n<p>A mig mat\u00ed, arriba un<strong> autocar des de Tarragona<\/strong>, s\u00f3n els pelegrins i familiars de la Confraria de Sant Mag\u00ed de Tarragona que venen\u00a0, com cada any, a celebrar el seu aplec.<\/p>\n<p>L&#8217;Aplec \u00e9s de totes i de tots&#8230; Us hi esperem!<\/p>\n<p>&nbsp;<\/p>\n<p>.<\/p>\n","protected":false},"excerpt":{"rendered":"<p>Diumenge dia 8 de juny, tindr\u00e0 lloc l&#8217;Aplec de les Roses al santuari de S. Mag\u00ed de la Brufaganya. Aquesta festa tradicional l&#8217;organitzen la Confraria de Sant Mag\u00ed de Tarragona,\u00a0 [&hellip;]<\/p>\n","protected":false},"author":105,"featured_media":8869,"comment_status":"closed","ping_status":"closed","sticky":false,"template":"","format":"standard","meta":{"inline_featured_image":false,"footnotes":""},"categories":[769,1],"tags":[],"class_list":["post-8832","post","type-post","status-publish","format-standard","has-post-thumbnail","hentry","category-historia-oral","category-noticies"],"yoast_head":"<!-- This site is optimized with the Yoast SEO plugin v27.5 - https:\/\/yoast.com\/product\/yoast-seo-wordpress\/ -->\n<title>Aquest diumenge... Aplec de les Roses! &#187; Sant Mag\u00ed de la Brufaganya<\/title>\n<meta name=\"robots\" content=\"index, follow, max-snippet:-1, max-image-preview:large, max-video-preview:-1\" \/>\n<link rel=\"canonical\" href=\"https:\/\/brufaganya.cat\/2020\/aquest-diumenge-aplec-de-les-roses\/\" \/>\n<meta property=\"og:locale\" content=\"ca_ES\" \/>\n<meta property=\"og:type\" content=\"article\" \/>\n<meta property=\"og:title\" content=\"Aquest diumenge... Aplec de les Roses! &#187; Sant Mag\u00ed de la Brufaganya\" \/>\n<meta property=\"og:description\" content=\"Diumenge dia 8 de juny, tindr\u00e0 lloc l&#8217;Aplec de les Roses al santuari de S. Mag\u00ed de la Brufaganya. Aquesta festa tradicional l&#8217;organitzen la Confraria de Sant Mag\u00ed de Tarragona,\u00a0 [&hellip;]\" \/>\n<meta property=\"og:url\" content=\"https:\/\/brufaganya.cat\/2020\/aquest-diumenge-aplec-de-les-roses\/\" \/>\n<meta property=\"og:site_name\" content=\"Sant Mag\u00ed de la Brufaganya\" \/>\n<meta property=\"article:published_time\" content=\"2025-06-04T07:54:46+00:00\" \/>\n<meta property=\"article:modified_time\" content=\"2025-06-20T20:33:49+00:00\" \/>\n<meta property=\"og:image\" content=\"https:\/\/brufaganya.cat\/2020\/wp-content\/uploads\/2025\/06\/Rosa3.jpeg\" \/>\n\t<meta property=\"og:image:width\" content=\"1280\" \/>\n\t<meta property=\"og:image:height\" content=\"960\" \/>\n\t<meta property=\"og:image:type\" content=\"image\/jpeg\" \/>\n<meta name=\"author\" content=\"Rita Armejach Carreras\" \/>\n<meta name=\"twitter:card\" content=\"summary_large_image\" \/>\n<meta name=\"twitter:label1\" content=\"Escrit per\" \/>\n\t<meta name=\"twitter:data1\" content=\"Rita Armejach Carreras\" \/>\n\t<meta name=\"twitter:label2\" content=\"Temps estimat de lectura\" \/>\n\t<meta name=\"twitter:data2\" content=\"2 minuts\" \/>\n<script type=\"application\/ld+json\" class=\"yoast-schema-graph\">{\"@context\":\"https:\\\/\\\/schema.org\",\"@graph\":[{\"@type\":\"Article\",\"@id\":\"https:\\\/\\\/brufaganya.cat\\\/2020\\\/aquest-diumenge-aplec-de-les-roses\\\/#article\",\"isPartOf\":{\"@id\":\"https:\\\/\\\/brufaganya.cat\\\/2020\\\/aquest-diumenge-aplec-de-les-roses\\\/\"},\"author\":{\"name\":\"Rita Armejach Carreras\",\"@id\":\"https:\\\/\\\/brufaganya.cat\\\/2020\\\/#\\\/schema\\\/person\\\/cd383ee397867b5182d1cf80b8c2e95c\"},\"headline\":\"Aquest diumenge&#8230; Aplec de les Roses!\",\"datePublished\":\"2025-06-04T07:54:46+00:00\",\"dateModified\":\"2025-06-20T20:33:49+00:00\",\"mainEntityOfPage\":{\"@id\":\"https:\\\/\\\/brufaganya.cat\\\/2020\\\/aquest-diumenge-aplec-de-les-roses\\\/\"},\"wordCount\":173,\"publisher\":{\"@id\":\"https:\\\/\\\/brufaganya.cat\\\/2020\\\/#organization\"},\"image\":{\"@id\":\"https:\\\/\\\/brufaganya.cat\\\/2020\\\/aquest-diumenge-aplec-de-les-roses\\\/#primaryimage\"},\"thumbnailUrl\":\"https:\\\/\\\/brufaganya.cat\\\/2020\\\/wp-content\\\/uploads\\\/2025\\\/06\\\/Rosa3.jpeg\",\"articleSection\":[\"Hist\u00f2ria oral\",\"Not\u00edcies\"],\"inLanguage\":\"ca\"},{\"@type\":\"WebPage\",\"@id\":\"https:\\\/\\\/brufaganya.cat\\\/2020\\\/aquest-diumenge-aplec-de-les-roses\\\/\",\"url\":\"https:\\\/\\\/brufaganya.cat\\\/2020\\\/aquest-diumenge-aplec-de-les-roses\\\/\",\"name\":\"Aquest diumenge... Aplec de les Roses! &#187; Sant Mag\u00ed de la Brufaganya\",\"isPartOf\":{\"@id\":\"https:\\\/\\\/brufaganya.cat\\\/2020\\\/#website\"},\"primaryImageOfPage\":{\"@id\":\"https:\\\/\\\/brufaganya.cat\\\/2020\\\/aquest-diumenge-aplec-de-les-roses\\\/#primaryimage\"},\"image\":{\"@id\":\"https:\\\/\\\/brufaganya.cat\\\/2020\\\/aquest-diumenge-aplec-de-les-roses\\\/#primaryimage\"},\"thumbnailUrl\":\"https:\\\/\\\/brufaganya.cat\\\/2020\\\/wp-content\\\/uploads\\\/2025\\\/06\\\/Rosa3.jpeg\",\"datePublished\":\"2025-06-04T07:54:46+00:00\",\"dateModified\":\"2025-06-20T20:33:49+00:00\",\"breadcrumb\":{\"@id\":\"https:\\\/\\\/brufaganya.cat\\\/2020\\\/aquest-diumenge-aplec-de-les-roses\\\/#breadcrumb\"},\"inLanguage\":\"ca\",\"potentialAction\":[{\"@type\":\"ReadAction\",\"target\":[\"https:\\\/\\\/brufaganya.cat\\\/2020\\\/aquest-diumenge-aplec-de-les-roses\\\/\"]}]},{\"@type\":\"ImageObject\",\"inLanguage\":\"ca\",\"@id\":\"https:\\\/\\\/brufaganya.cat\\\/2020\\\/aquest-diumenge-aplec-de-les-roses\\\/#primaryimage\",\"url\":\"https:\\\/\\\/brufaganya.cat\\\/2020\\\/wp-content\\\/uploads\\\/2025\\\/06\\\/Rosa3.jpeg\",\"contentUrl\":\"https:\\\/\\\/brufaganya.cat\\\/2020\\\/wp-content\\\/uploads\\\/2025\\\/06\\\/Rosa3.jpeg\",\"width\":1280,\"height\":960},{\"@type\":\"BreadcrumbList\",\"@id\":\"https:\\\/\\\/brufaganya.cat\\\/2020\\\/aquest-diumenge-aplec-de-les-roses\\\/#breadcrumb\",\"itemListElement\":[{\"@type\":\"ListItem\",\"position\":1,\"name\":\"Inici\",\"item\":\"https:\\\/\\\/brufaganya.cat\\\/2020\\\/\"},{\"@type\":\"ListItem\",\"position\":2,\"name\":\"Aquest diumenge&#8230; Aplec de les Roses!\"}]},{\"@type\":\"WebSite\",\"@id\":\"https:\\\/\\\/brufaganya.cat\\\/2020\\\/#website\",\"url\":\"https:\\\/\\\/brufaganya.cat\\\/2020\\\/\",\"name\":\"Sant Mag\u00ed de la Brufaganya\",\"description\":\"Lloc web de Sant Mag\u00ed de la Brufaganya\",\"publisher\":{\"@id\":\"https:\\\/\\\/brufaganya.cat\\\/2020\\\/#organization\"},\"potentialAction\":[{\"@type\":\"SearchAction\",\"target\":{\"@type\":\"EntryPoint\",\"urlTemplate\":\"https:\\\/\\\/brufaganya.cat\\\/2020\\\/?s={search_term_string}\"},\"query-input\":{\"@type\":\"PropertyValueSpecification\",\"valueRequired\":true,\"valueName\":\"search_term_string\"}}],\"inLanguage\":\"ca\"},{\"@type\":\"Organization\",\"@id\":\"https:\\\/\\\/brufaganya.cat\\\/2020\\\/#organization\",\"name\":\"Sant Mag\u00ed de Brufaganya\",\"url\":\"https:\\\/\\\/brufaganya.cat\\\/2020\\\/\",\"logo\":{\"@type\":\"ImageObject\",\"inLanguage\":\"ca\",\"@id\":\"https:\\\/\\\/brufaganya.cat\\\/2020\\\/#\\\/schema\\\/logo\\\/image\\\/\",\"url\":\"https:\\\/\\\/brufaganya.cat\\\/2020\\\/wp-content\\\/uploads\\\/2018\\\/11\\\/st_marti_bruga_horitz_posi_logo.jpg\",\"contentUrl\":\"https:\\\/\\\/brufaganya.cat\\\/2020\\\/wp-content\\\/uploads\\\/2018\\\/11\\\/st_marti_bruga_horitz_posi_logo.jpg\",\"width\":1479,\"height\":804,\"caption\":\"Sant Mag\u00ed de Brufaganya\"},\"image\":{\"@id\":\"https:\\\/\\\/brufaganya.cat\\\/2020\\\/#\\\/schema\\\/logo\\\/image\\\/\"},\"sameAs\":[\"https:\\\/\\\/ca.wikipedia.org\\\/wiki\\\/Sant_Mag\u00ed_de_Brufaganya\"]},{\"@type\":\"Person\",\"@id\":\"https:\\\/\\\/brufaganya.cat\\\/2020\\\/#\\\/schema\\\/person\\\/cd383ee397867b5182d1cf80b8c2e95c\",\"name\":\"Rita Armejach Carreras\",\"image\":{\"@type\":\"ImageObject\",\"inLanguage\":\"ca\",\"@id\":\"https:\\\/\\\/secure.gravatar.com\\\/avatar\\\/9dd6e49c4c61c4e14defcbf48211c55e6d268a4486cf9f5cef1b53148943d71d?s=96&d=mm&r=g\",\"url\":\"https:\\\/\\\/secure.gravatar.com\\\/avatar\\\/9dd6e49c4c61c4e14defcbf48211c55e6d268a4486cf9f5cef1b53148943d71d?s=96&d=mm&r=g\",\"contentUrl\":\"https:\\\/\\\/secure.gravatar.com\\\/avatar\\\/9dd6e49c4c61c4e14defcbf48211c55e6d268a4486cf9f5cef1b53148943d71d?s=96&d=mm&r=g\",\"caption\":\"Rita Armejach Carreras\"},\"url\":\"https:\\\/\\\/brufaganya.cat\\\/2020\\\/author\\\/rarmejach\\\/\"}]}<\/script>\n<!-- \/ Yoast SEO plugin. -->","yoast_head_json":{"title":"Aquest diumenge... Aplec de les Roses! &#187; Sant Mag\u00ed de la Brufaganya","robots":{"index":"index","follow":"follow","max-snippet":"max-snippet:-1","max-image-preview":"max-image-preview:large","max-video-preview":"max-video-preview:-1"},"canonical":"https:\/\/brufaganya.cat\/2020\/aquest-diumenge-aplec-de-les-roses\/","og_locale":"ca_ES","og_type":"article","og_title":"Aquest diumenge... Aplec de les Roses! &#187; Sant Mag\u00ed de la Brufaganya","og_description":"Diumenge dia 8 de juny, tindr\u00e0 lloc l&#8217;Aplec de les Roses al santuari de S. Mag\u00ed de la Brufaganya. Aquesta festa tradicional l&#8217;organitzen la Confraria de Sant Mag\u00ed de Tarragona,\u00a0 [&hellip;]","og_url":"https:\/\/brufaganya.cat\/2020\/aquest-diumenge-aplec-de-les-roses\/","og_site_name":"Sant Mag\u00ed de la Brufaganya","article_published_time":"2025-06-04T07:54:46+00:00","article_modified_time":"2025-06-20T20:33:49+00:00","og_image":[{"width":1280,"height":960,"url":"https:\/\/brufaganya.cat\/2020\/wp-content\/uploads\/2025\/06\/Rosa3.jpeg","type":"image\/jpeg"}],"author":"Rita Armejach Carreras","twitter_card":"summary_large_image","twitter_misc":{"Escrit per":"Rita Armejach Carreras","Temps estimat de lectura":"2 minuts"},"schema":{"@context":"https:\/\/schema.org","@graph":[{"@type":"Article","@id":"https:\/\/brufaganya.cat\/2020\/aquest-diumenge-aplec-de-les-roses\/#article","isPartOf":{"@id":"https:\/\/brufaganya.cat\/2020\/aquest-diumenge-aplec-de-les-roses\/"},"author":{"name":"Rita Armejach Carreras","@id":"https:\/\/brufaganya.cat\/2020\/#\/schema\/person\/cd383ee397867b5182d1cf80b8c2e95c"},"headline":"Aquest diumenge&#8230; Aplec de les Roses!","datePublished":"2025-06-04T07:54:46+00:00","dateModified":"2025-06-20T20:33:49+00:00","mainEntityOfPage":{"@id":"https:\/\/brufaganya.cat\/2020\/aquest-diumenge-aplec-de-les-roses\/"},"wordCount":173,"publisher":{"@id":"https:\/\/brufaganya.cat\/2020\/#organization"},"image":{"@id":"https:\/\/brufaganya.cat\/2020\/aquest-diumenge-aplec-de-les-roses\/#primaryimage"},"thumbnailUrl":"https:\/\/brufaganya.cat\/2020\/wp-content\/uploads\/2025\/06\/Rosa3.jpeg","articleSection":["Hist\u00f2ria oral","Not\u00edcies"],"inLanguage":"ca"},{"@type":"WebPage","@id":"https:\/\/brufaganya.cat\/2020\/aquest-diumenge-aplec-de-les-roses\/","url":"https:\/\/brufaganya.cat\/2020\/aquest-diumenge-aplec-de-les-roses\/","name":"Aquest diumenge... Aplec de les Roses! &#187; Sant Mag\u00ed de la Brufaganya","isPartOf":{"@id":"https:\/\/brufaganya.cat\/2020\/#website"},"primaryImageOfPage":{"@id":"https:\/\/brufaganya.cat\/2020\/aquest-diumenge-aplec-de-les-roses\/#primaryimage"},"image":{"@id":"https:\/\/brufaganya.cat\/2020\/aquest-diumenge-aplec-de-les-roses\/#primaryimage"},"thumbnailUrl":"https:\/\/brufaganya.cat\/2020\/wp-content\/uploads\/2025\/06\/Rosa3.jpeg","datePublished":"2025-06-04T07:54:46+00:00","dateModified":"2025-06-20T20:33:49+00:00","breadcrumb":{"@id":"https:\/\/brufaganya.cat\/2020\/aquest-diumenge-aplec-de-les-roses\/#breadcrumb"},"inLanguage":"ca","potentialAction":[{"@type":"ReadAction","target":["https:\/\/brufaganya.cat\/2020\/aquest-diumenge-aplec-de-les-roses\/"]}]},{"@type":"ImageObject","inLanguage":"ca","@id":"https:\/\/brufaganya.cat\/2020\/aquest-diumenge-aplec-de-les-roses\/#primaryimage","url":"https:\/\/brufaganya.cat\/2020\/wp-content\/uploads\/2025\/06\/Rosa3.jpeg","contentUrl":"https:\/\/brufaganya.cat\/2020\/wp-content\/uploads\/2025\/06\/Rosa3.jpeg","width":1280,"height":960},{"@type":"BreadcrumbList","@id":"https:\/\/brufaganya.cat\/2020\/aquest-diumenge-aplec-de-les-roses\/#breadcrumb","itemListElement":[{"@type":"ListItem","position":1,"name":"Inici","item":"https:\/\/brufaganya.cat\/2020\/"},{"@type":"ListItem","position":2,"name":"Aquest diumenge&#8230; Aplec de les Roses!"}]},{"@type":"WebSite","@id":"https:\/\/brufaganya.cat\/2020\/#website","url":"https:\/\/brufaganya.cat\/2020\/","name":"Sant Mag\u00ed de la Brufaganya","description":"Lloc web de Sant Mag\u00ed de la Brufaganya","publisher":{"@id":"https:\/\/brufaganya.cat\/2020\/#organization"},"potentialAction":[{"@type":"SearchAction","target":{"@type":"EntryPoint","urlTemplate":"https:\/\/brufaganya.cat\/2020\/?s={search_term_string}"},"query-input":{"@type":"PropertyValueSpecification","valueRequired":true,"valueName":"search_term_string"}}],"inLanguage":"ca"},{"@type":"Organization","@id":"https:\/\/brufaganya.cat\/2020\/#organization","name":"Sant Mag\u00ed de Brufaganya","url":"https:\/\/brufaganya.cat\/2020\/","logo":{"@type":"ImageObject","inLanguage":"ca","@id":"https:\/\/brufaganya.cat\/2020\/#\/schema\/logo\/image\/","url":"https:\/\/brufaganya.cat\/2020\/wp-content\/uploads\/2018\/11\/st_marti_bruga_horitz_posi_logo.jpg","contentUrl":"https:\/\/brufaganya.cat\/2020\/wp-content\/uploads\/2018\/11\/st_marti_bruga_horitz_posi_logo.jpg","width":1479,"height":804,"caption":"Sant Mag\u00ed de Brufaganya"},"image":{"@id":"https:\/\/brufaganya.cat\/2020\/#\/schema\/logo\/image\/"},"sameAs":["https:\/\/ca.wikipedia.org\/wiki\/Sant_Mag\u00ed_de_Brufaganya"]},{"@type":"Person","@id":"https:\/\/brufaganya.cat\/2020\/#\/schema\/person\/cd383ee397867b5182d1cf80b8c2e95c","name":"Rita Armejach Carreras","image":{"@type":"ImageObject","inLanguage":"ca","@id":"https:\/\/secure.gravatar.com\/avatar\/9dd6e49c4c61c4e14defcbf48211c55e6d268a4486cf9f5cef1b53148943d71d?s=96&d=mm&r=g","url":"https:\/\/secure.gravatar.com\/avatar\/9dd6e49c4c61c4e14defcbf48211c55e6d268a4486cf9f5cef1b53148943d71d?s=96&d=mm&r=g","contentUrl":"https:\/\/secure.gravatar.com\/avatar\/9dd6e49c4c61c4e14defcbf48211c55e6d268a4486cf9f5cef1b53148943d71d?s=96&d=mm&r=g","caption":"Rita Armejach Carreras"},"url":"https:\/\/brufaganya.cat\/2020\/author\/rarmejach\/"}]}},"_links":{"self":[{"href":"https:\/\/brufaganya.cat\/2020\/wp-json\/wp\/v2\/posts\/8832","targetHints":{"allow":["GET"]}}],"collection":[{"href":"https:\/\/brufaganya.cat\/2020\/wp-json\/wp\/v2\/posts"}],"about":[{"href":"https:\/\/brufaganya.cat\/2020\/wp-json\/wp\/v2\/types\/post"}],"author":[{"embeddable":true,"href":"https:\/\/brufaganya.cat\/2020\/wp-json\/wp\/v2\/users\/105"}],"replies":[{"embeddable":true,"href":"https:\/\/brufaganya.cat\/2020\/wp-json\/wp\/v2\/comments?post=8832"}],"version-history":[{"count":0,"href":"https:\/\/brufaganya.cat\/2020\/wp-json\/wp\/v2\/posts\/8832\/revisions"}],"wp:featuredmedia":[{"embeddable":true,"href":"https:\/\/brufaganya.cat\/2020\/wp-json\/wp\/v2\/media\/8869"}],"wp:attachment":[{"href":"https:\/\/brufaganya.cat\/2020\/wp-json\/wp\/v2\/media?parent=8832"}],"wp:term":[{"taxonomy":"category","embeddable":true,"href":"https:\/\/brufaganya.cat\/2020\/wp-json\/wp\/v2\/categories?post=8832"},{"taxonomy":"post_tag","embeddable":true,"href":"https:\/\/brufaganya.cat\/2020\/wp-json\/wp\/v2\/tags?post=8832"}],"curies":[{"name":"wp","href":"https:\/\/api.w.org\/{rel}","templated":true}]}}