{"id":8685,"date":"2025-03-25T11:40:56","date_gmt":"2025-03-25T09:40:56","guid":{"rendered":"https:\/\/brufaganya.cat\/2020\/?p=8685"},"modified":"2026-03-18T18:58:57","modified_gmt":"2026-03-18T16:58:57","slug":"%f0%9f%8c%9f-exit-de-la-3a-jornada-destudis-de-la-brufaganya-lesplendor-de-sant-magi","status":"publish","type":"post","link":"https:\/\/brufaganya.cat\/2020\/%f0%9f%8c%9f-exit-de-la-3a-jornada-destudis-de-la-brufaganya-lesplendor-de-sant-magi\/","title":{"rendered":"\ud83c\udf1f \u00c8xit de la 3a Jornada d\u2019Estudis de la Brufaganya \u201cL\u2019esplendor de Sant Mag\u00ed\u201d"},"content":{"rendered":"<p class=\"\" data-start=\"280\" data-end=\"328\"><span style=\"vertical-align: inherit;\"><span style=\"vertical-align: inherit;\">\ud83d\udccd <\/span><\/span><em data-start=\"283\" data-end=\"328\"><span style=\"vertical-align: inherit;\"><span style=\"vertical-align: inherit;\">Santa Coloma de Queralt, 22 de mar\u00e7 de 2025<\/span><\/span><\/em><\/p>\n<p class=\"\" data-start=\"471\" data-end=\"731\">El dissabte 22 de mar\u00e7 de 2025, la Sala Merlets del Castell de Santa Coloma de Queralt va ser l\u2019escenari d\u2019una nova edici\u00f3 de la <strong data-start=\"600\" data-end=\"638\">Jornada d\u2019Estudis de la Brufaganya<\/strong>, que enguany arribava a la seva tercera edici\u00f3 sota el t\u00edtol <strong data-start=\"700\" data-end=\"730\">\u201cL\u2019e<\/strong><strong data-start=\"700\" data-end=\"730\">splendor de Sant Mag\u00ed\u201d<\/strong>.<\/p>\n<p class=\"\" data-start=\"733\" data-end=\"1112\">Amb una bona participaci\u00f3 i un ambient ple d\u2019inter\u00e8s, la jornada va oferir un recorregut per la hist\u00f2ria, l\u2019art medall\u00edstic i la devoci\u00f3 vinculada a Sant Mag\u00ed. Els assistents van gaudir d\u2019un programa ric i variat, amb pon\u00e8ncies a c\u00e0rrec de <strong data-start=\"1005\" data-end=\"1026\">Valent\u00ed Gual (UB)<\/strong>, <strong data-start=\"1028\" data-end=\"1051\">Anna Balaguer (IEC)<\/strong><span data-start=\"1028\" data-end=\"1051\"> i <\/span><strong data-start=\"1069\" data-end=\"1111\">Montserrat Rumbau (Amics de Sant Mag\u00ed)<\/strong>. <strong>Josep Mas<\/strong> va exposar interessant\u00edssimes peces de la seva col\u00b7lecci\u00f3.<\/p>\n<blockquote data-start=\"1114\" data-end=\"1233\">\n<div><\/div>\n<p><img loading=\"lazy\" decoding=\"async\" class=\"alignnone size-large wp-image-8692\" style=\"font-size: 17px; text-align: start; background-color: #ffffff;\" src=\"https:\/\/brufaganya.cat\/2020\/wp-content\/uploads\/2025\/03\/IMG-20250322-WA0009-768x1024.jpg\" alt=\"\" width=\"768\" height=\"1024\" srcset=\"https:\/\/brufaganya.cat\/2020\/wp-content\/uploads\/2025\/03\/IMG-20250322-WA0009-768x1024.jpg 768w, https:\/\/brufaganya.cat\/2020\/wp-content\/uploads\/2025\/03\/IMG-20250322-WA0009-225x300.jpg 225w, https:\/\/brufaganya.cat\/2020\/wp-content\/uploads\/2025\/03\/IMG-20250322-WA0009-1152x1536.jpg 1152w, https:\/\/brufaganya.cat\/2020\/wp-content\/uploads\/2025\/03\/IMG-20250322-WA0009.jpg 1200w\" sizes=\"auto, (max-width: 768px) 100vw, 768px\" \/><\/p>\n<p class=\"\" data-start=\"1116\" data-end=\"1233\"><em data-start=\"1188\" data-end=\"1233\">Exposici\u00f3 comentada d\u2019objectes devocionals.<\/em><\/p>\n<\/blockquote>\n<p class=\"\" data-start=\"1235\" data-end=\"1597\">Entre els temes tractats, hi van destacar les difer\u00e8ncies jurisdiccionals entre el bar\u00f3 de La Llacuna i els frares de Sant Mag\u00ed, la simbologia de les medalles devocionals entre els segles XVI i XX i la seva comparaci\u00f3 amb les de Montserrat, i la persist\u00e8ncia de l\u2019atracci\u00f3 popular per la figura de Sant Mag\u00ed. La jornada va culminar amb una <strong data-start=\"1482\" data-end=\"1515\">taula rodona molt enriquidora<\/strong> sobre aspectes com la possible recuperaci\u00f3 de les rutes que feien des de les diferents masies i pobles cap a la Brufaganya o b\u00e9 les difer\u00e8ncies entre convents i monestirs.<\/p>\n<blockquote data-start=\"1599\" data-end=\"1702\">\n<p class=\"\" data-start=\"1601\" data-end=\"1702\"><img loading=\"lazy\" decoding=\"async\" class=\"alignnone size-large wp-image-8689\" src=\"https:\/\/brufaganya.cat\/2020\/wp-content\/uploads\/2025\/03\/20250322_121323-1024x768.jpg\" alt=\"\" width=\"1024\" height=\"768\" srcset=\"https:\/\/brufaganya.cat\/2020\/wp-content\/uploads\/2025\/03\/20250322_121323-1024x768.jpg 1024w, https:\/\/brufaganya.cat\/2020\/wp-content\/uploads\/2025\/03\/20250322_121323-300x225.jpg 300w, https:\/\/brufaganya.cat\/2020\/wp-content\/uploads\/2025\/03\/20250322_121323-768x576.jpg 768w, https:\/\/brufaganya.cat\/2020\/wp-content\/uploads\/2025\/03\/20250322_121323-1536x1152.jpg 1536w, https:\/\/brufaganya.cat\/2020\/wp-content\/uploads\/2025\/03\/20250322_121323-2048x1536.jpg 2048w, https:\/\/brufaganya.cat\/2020\/wp-content\/uploads\/2025\/03\/20250322_121323-86x64.jpg 86w\" sizes=\"auto, (max-width: 1024px) 100vw, 1024px\" \/><br data-start=\"1655\" data-end=\"1658\" \/><em data-start=\"1660\" data-end=\"1702\">La ponent Anna Balaguer explicant els tipus de medalles.<\/em><\/p>\n<\/blockquote>\n<p class=\"\" data-start=\"1704\" data-end=\"1952\">Des del Centre d\u2019Estudis Sant Mag\u00ed de la Brufaganya volem agrair la participaci\u00f3 de tots els assistents, la col\u00b7laboraci\u00f3 de les entitats implicades i l\u2019inter\u00e8s creixent que desperten Sant Mag\u00ed i la Brufaganya.<\/p>\n<p class=\"\" data-start=\"1954\" data-end=\"2041\">\ud83d\udcf8 <em data-start=\"1957\" data-end=\"2041\">Properament publicarem un resum audiovisual de la jornada.<\/em><\/p>\n<p class=\"\" data-start=\"2043\" data-end=\"2076\"><strong data-start=\"2043\" data-end=\"2076\">Sant Mag\u00ed viu\u2026 i ens inspira!<\/strong><\/p>\n<p>&nbsp;<\/p>\n","protected":false},"excerpt":{"rendered":"<p>\ud83d\udccd Santa Coloma de Queralt, 22 de mar\u00e7 de 2025 El dissabte 22 de mar\u00e7 de 2025, la Sala Merlets del Castell de Santa Coloma de Queralt va ser l\u2019escenari [&hellip;]<\/p>\n","protected":false},"author":109,"featured_media":8688,"comment_status":"open","ping_status":"closed","sticky":false,"template":"","format":"standard","meta":{"inline_featured_image":false,"footnotes":""},"categories":[776,1],"tags":[],"class_list":["post-8685","post","type-post","status-publish","format-standard","has-post-thumbnail","hentry","category-exposicions-xerrades","category-noticies"],"yoast_head":"<!-- This site is optimized with the Yoast SEO plugin v27.5 - https:\/\/yoast.com\/product\/yoast-seo-wordpress\/ -->\n<title>\ud83c\udf1f \u00c8xit de la 3a Jornada d\u2019Estudis de la Brufaganya \u201cL\u2019esplendor de Sant Mag\u00ed\u201d &#187; Sant Mag\u00ed de la Brufaganya<\/title>\n<meta name=\"robots\" content=\"index, follow, max-snippet:-1, max-image-preview:large, max-video-preview:-1\" \/>\n<link rel=\"canonical\" href=\"https:\/\/brufaganya.cat\/2020\/\ud83c\udf1f-exit-de-la-3a-jornada-destudis-de-la-brufaganya-lesplendor-de-sant-magi\/\" \/>\n<meta property=\"og:locale\" content=\"ca_ES\" \/>\n<meta property=\"og:type\" content=\"article\" \/>\n<meta property=\"og:title\" content=\"\ud83c\udf1f \u00c8xit de la 3a Jornada d\u2019Estudis de la Brufaganya \u201cL\u2019esplendor de Sant Mag\u00ed\u201d &#187; Sant Mag\u00ed de la Brufaganya\" \/>\n<meta property=\"og:description\" content=\"\ud83d\udccd Santa Coloma de Queralt, 22 de mar\u00e7 de 2025 El dissabte 22 de mar\u00e7 de 2025, la Sala Merlets del Castell de Santa Coloma de Queralt va ser l\u2019escenari [&hellip;]\" \/>\n<meta property=\"og:url\" content=\"https:\/\/brufaganya.cat\/2020\/\ud83c\udf1f-exit-de-la-3a-jornada-destudis-de-la-brufaganya-lesplendor-de-sant-magi\/\" \/>\n<meta property=\"og:site_name\" content=\"Sant Mag\u00ed de la Brufaganya\" \/>\n<meta property=\"article:published_time\" content=\"2025-03-25T09:40:56+00:00\" \/>\n<meta property=\"article:modified_time\" content=\"2026-03-18T16:58:57+00:00\" \/>\n<meta property=\"og:image\" content=\"https:\/\/brufaganya.cat\/2020\/wp-content\/uploads\/2025\/03\/20250322_101234-scaled-e1742924889414.jpg\" \/>\n\t<meta property=\"og:image:width\" content=\"2560\" \/>\n\t<meta property=\"og:image:height\" content=\"1480\" \/>\n\t<meta property=\"og:image:type\" content=\"image\/jpeg\" \/>\n<meta name=\"author\" content=\"Silvestre Pal\u00e0 Aug\u00e9\" \/>\n<meta name=\"twitter:card\" content=\"summary_large_image\" \/>\n<meta name=\"twitter:label1\" content=\"Escrit per\" \/>\n\t<meta name=\"twitter:data1\" content=\"Silvestre Pal\u00e0 Aug\u00e9\" \/>\n\t<meta name=\"twitter:label2\" content=\"Temps estimat de lectura\" \/>\n\t<meta name=\"twitter:data2\" content=\"2 minuts\" \/>\n<script type=\"application\/ld+json\" class=\"yoast-schema-graph\">{\"@context\":\"https:\\\/\\\/schema.org\",\"@graph\":[{\"@type\":\"Article\",\"@id\":\"https:\\\/\\\/brufaganya.cat\\\/2020\\\/%f0%9f%8c%9f-exit-de-la-3a-jornada-destudis-de-la-brufaganya-lesplendor-de-sant-magi\\\/#article\",\"isPartOf\":{\"@id\":\"https:\\\/\\\/brufaganya.cat\\\/2020\\\/%f0%9f%8c%9f-exit-de-la-3a-jornada-destudis-de-la-brufaganya-lesplendor-de-sant-magi\\\/\"},\"author\":{\"name\":\"Silvestre Pal\u00e0 Aug\u00e9\",\"@id\":\"https:\\\/\\\/brufaganya.cat\\\/2020\\\/#\\\/schema\\\/person\\\/104a8a58bc74955dad00f639bb234a56\"},\"headline\":\"\ud83c\udf1f \u00c8xit de la 3a Jornada d\u2019Estudis de la Brufaganya \u201cL\u2019esplendor de Sant Mag\u00ed\u201d\",\"datePublished\":\"2025-03-25T09:40:56+00:00\",\"dateModified\":\"2026-03-18T16:58:57+00:00\",\"mainEntityOfPage\":{\"@id\":\"https:\\\/\\\/brufaganya.cat\\\/2020\\\/%f0%9f%8c%9f-exit-de-la-3a-jornada-destudis-de-la-brufaganya-lesplendor-de-sant-magi\\\/\"},\"wordCount\":309,\"commentCount\":0,\"publisher\":{\"@id\":\"https:\\\/\\\/brufaganya.cat\\\/2020\\\/#organization\"},\"image\":{\"@id\":\"https:\\\/\\\/brufaganya.cat\\\/2020\\\/%f0%9f%8c%9f-exit-de-la-3a-jornada-destudis-de-la-brufaganya-lesplendor-de-sant-magi\\\/#primaryimage\"},\"thumbnailUrl\":\"https:\\\/\\\/brufaganya.cat\\\/2020\\\/wp-content\\\/uploads\\\/2025\\\/03\\\/20250322_101234-scaled-e1742924889414.jpg\",\"articleSection\":[\"Exposicions i xerrades\",\"Not\u00edcies\"],\"inLanguage\":\"ca\",\"potentialAction\":[{\"@type\":\"CommentAction\",\"name\":\"Comment\",\"target\":[\"https:\\\/\\\/brufaganya.cat\\\/2020\\\/%f0%9f%8c%9f-exit-de-la-3a-jornada-destudis-de-la-brufaganya-lesplendor-de-sant-magi\\\/#respond\"]}]},{\"@type\":\"WebPage\",\"@id\":\"https:\\\/\\\/brufaganya.cat\\\/2020\\\/%f0%9f%8c%9f-exit-de-la-3a-jornada-destudis-de-la-brufaganya-lesplendor-de-sant-magi\\\/\",\"url\":\"https:\\\/\\\/brufaganya.cat\\\/2020\\\/%f0%9f%8c%9f-exit-de-la-3a-jornada-destudis-de-la-brufaganya-lesplendor-de-sant-magi\\\/\",\"name\":\"\ud83c\udf1f \u00c8xit de la 3a Jornada d\u2019Estudis de la Brufaganya \u201cL\u2019esplendor de Sant Mag\u00ed\u201d &#187; Sant Mag\u00ed de la Brufaganya\",\"isPartOf\":{\"@id\":\"https:\\\/\\\/brufaganya.cat\\\/2020\\\/#website\"},\"primaryImageOfPage\":{\"@id\":\"https:\\\/\\\/brufaganya.cat\\\/2020\\\/%f0%9f%8c%9f-exit-de-la-3a-jornada-destudis-de-la-brufaganya-lesplendor-de-sant-magi\\\/#primaryimage\"},\"image\":{\"@id\":\"https:\\\/\\\/brufaganya.cat\\\/2020\\\/%f0%9f%8c%9f-exit-de-la-3a-jornada-destudis-de-la-brufaganya-lesplendor-de-sant-magi\\\/#primaryimage\"},\"thumbnailUrl\":\"https:\\\/\\\/brufaganya.cat\\\/2020\\\/wp-content\\\/uploads\\\/2025\\\/03\\\/20250322_101234-scaled-e1742924889414.jpg\",\"datePublished\":\"2025-03-25T09:40:56+00:00\",\"dateModified\":\"2026-03-18T16:58:57+00:00\",\"breadcrumb\":{\"@id\":\"https:\\\/\\\/brufaganya.cat\\\/2020\\\/%f0%9f%8c%9f-exit-de-la-3a-jornada-destudis-de-la-brufaganya-lesplendor-de-sant-magi\\\/#breadcrumb\"},\"inLanguage\":\"ca\",\"potentialAction\":[{\"@type\":\"ReadAction\",\"target\":[\"https:\\\/\\\/brufaganya.cat\\\/2020\\\/%f0%9f%8c%9f-exit-de-la-3a-jornada-destudis-de-la-brufaganya-lesplendor-de-sant-magi\\\/\"]}]},{\"@type\":\"ImageObject\",\"inLanguage\":\"ca\",\"@id\":\"https:\\\/\\\/brufaganya.cat\\\/2020\\\/%f0%9f%8c%9f-exit-de-la-3a-jornada-destudis-de-la-brufaganya-lesplendor-de-sant-magi\\\/#primaryimage\",\"url\":\"https:\\\/\\\/brufaganya.cat\\\/2020\\\/wp-content\\\/uploads\\\/2025\\\/03\\\/20250322_101234-scaled-e1742924889414.jpg\",\"contentUrl\":\"https:\\\/\\\/brufaganya.cat\\\/2020\\\/wp-content\\\/uploads\\\/2025\\\/03\\\/20250322_101234-scaled-e1742924889414.jpg\",\"width\":2560,\"height\":1480},{\"@type\":\"BreadcrumbList\",\"@id\":\"https:\\\/\\\/brufaganya.cat\\\/2020\\\/%f0%9f%8c%9f-exit-de-la-3a-jornada-destudis-de-la-brufaganya-lesplendor-de-sant-magi\\\/#breadcrumb\",\"itemListElement\":[{\"@type\":\"ListItem\",\"position\":1,\"name\":\"Inici\",\"item\":\"https:\\\/\\\/brufaganya.cat\\\/2020\\\/\"},{\"@type\":\"ListItem\",\"position\":2,\"name\":\"\ud83c\udf1f \u00c8xit de la 3a Jornada d\u2019Estudis de la Brufaganya \u201cL\u2019esplendor de Sant Mag\u00ed\u201d\"}]},{\"@type\":\"WebSite\",\"@id\":\"https:\\\/\\\/brufaganya.cat\\\/2020\\\/#website\",\"url\":\"https:\\\/\\\/brufaganya.cat\\\/2020\\\/\",\"name\":\"Sant Mag\u00ed de la Brufaganya\",\"description\":\"Lloc web de Sant Mag\u00ed de la Brufaganya\",\"publisher\":{\"@id\":\"https:\\\/\\\/brufaganya.cat\\\/2020\\\/#organization\"},\"potentialAction\":[{\"@type\":\"SearchAction\",\"target\":{\"@type\":\"EntryPoint\",\"urlTemplate\":\"https:\\\/\\\/brufaganya.cat\\\/2020\\\/?s={search_term_string}\"},\"query-input\":{\"@type\":\"PropertyValueSpecification\",\"valueRequired\":true,\"valueName\":\"search_term_string\"}}],\"inLanguage\":\"ca\"},{\"@type\":\"Organization\",\"@id\":\"https:\\\/\\\/brufaganya.cat\\\/2020\\\/#organization\",\"name\":\"Sant Mag\u00ed de Brufaganya\",\"url\":\"https:\\\/\\\/brufaganya.cat\\\/2020\\\/\",\"logo\":{\"@type\":\"ImageObject\",\"inLanguage\":\"ca\",\"@id\":\"https:\\\/\\\/brufaganya.cat\\\/2020\\\/#\\\/schema\\\/logo\\\/image\\\/\",\"url\":\"https:\\\/\\\/brufaganya.cat\\\/2020\\\/wp-content\\\/uploads\\\/2018\\\/11\\\/st_marti_bruga_horitz_posi_logo.jpg\",\"contentUrl\":\"https:\\\/\\\/brufaganya.cat\\\/2020\\\/wp-content\\\/uploads\\\/2018\\\/11\\\/st_marti_bruga_horitz_posi_logo.jpg\",\"width\":1479,\"height\":804,\"caption\":\"Sant Mag\u00ed de Brufaganya\"},\"image\":{\"@id\":\"https:\\\/\\\/brufaganya.cat\\\/2020\\\/#\\\/schema\\\/logo\\\/image\\\/\"},\"sameAs\":[\"https:\\\/\\\/ca.wikipedia.org\\\/wiki\\\/Sant_Mag\u00ed_de_Brufaganya\"]},{\"@type\":\"Person\",\"@id\":\"https:\\\/\\\/brufaganya.cat\\\/2020\\\/#\\\/schema\\\/person\\\/104a8a58bc74955dad00f639bb234a56\",\"name\":\"Silvestre Pal\u00e0 Aug\u00e9\",\"image\":{\"@type\":\"ImageObject\",\"inLanguage\":\"ca\",\"@id\":\"https:\\\/\\\/secure.gravatar.com\\\/avatar\\\/240c865b87ee90f68f1bb82d954fb54e1c50d2b4355c9b807c7f2862e50c5fb1?s=96&d=mm&r=g\",\"url\":\"https:\\\/\\\/secure.gravatar.com\\\/avatar\\\/240c865b87ee90f68f1bb82d954fb54e1c50d2b4355c9b807c7f2862e50c5fb1?s=96&d=mm&r=g\",\"contentUrl\":\"https:\\\/\\\/secure.gravatar.com\\\/avatar\\\/240c865b87ee90f68f1bb82d954fb54e1c50d2b4355c9b807c7f2862e50c5fb1?s=96&d=mm&r=g\",\"caption\":\"Silvestre Pal\u00e0 Aug\u00e9\"},\"url\":\"https:\\\/\\\/brufaganya.cat\\\/2020\\\/author\\\/spala\\\/\"}]}<\/script>\n<!-- \/ Yoast SEO plugin. -->","yoast_head_json":{"title":"\ud83c\udf1f \u00c8xit de la 3a Jornada d\u2019Estudis de la Brufaganya \u201cL\u2019esplendor de Sant Mag\u00ed\u201d &#187; Sant Mag\u00ed de la Brufaganya","robots":{"index":"index","follow":"follow","max-snippet":"max-snippet:-1","max-image-preview":"max-image-preview:large","max-video-preview":"max-video-preview:-1"},"canonical":"https:\/\/brufaganya.cat\/2020\/\ud83c\udf1f-exit-de-la-3a-jornada-destudis-de-la-brufaganya-lesplendor-de-sant-magi\/","og_locale":"ca_ES","og_type":"article","og_title":"\ud83c\udf1f \u00c8xit de la 3a Jornada d\u2019Estudis de la Brufaganya \u201cL\u2019esplendor de Sant Mag\u00ed\u201d &#187; Sant Mag\u00ed de la Brufaganya","og_description":"\ud83d\udccd Santa Coloma de Queralt, 22 de mar\u00e7 de 2025 El dissabte 22 de mar\u00e7 de 2025, la Sala Merlets del Castell de Santa Coloma de Queralt va ser l\u2019escenari [&hellip;]","og_url":"https:\/\/brufaganya.cat\/2020\/\ud83c\udf1f-exit-de-la-3a-jornada-destudis-de-la-brufaganya-lesplendor-de-sant-magi\/","og_site_name":"Sant Mag\u00ed de la Brufaganya","article_published_time":"2025-03-25T09:40:56+00:00","article_modified_time":"2026-03-18T16:58:57+00:00","og_image":[{"width":2560,"height":1480,"url":"https:\/\/brufaganya.cat\/2020\/wp-content\/uploads\/2025\/03\/20250322_101234-scaled-e1742924889414.jpg","type":"image\/jpeg"}],"author":"Silvestre Pal\u00e0 Aug\u00e9","twitter_card":"summary_large_image","twitter_misc":{"Escrit per":"Silvestre Pal\u00e0 Aug\u00e9","Temps estimat de lectura":"2 minuts"},"schema":{"@context":"https:\/\/schema.org","@graph":[{"@type":"Article","@id":"https:\/\/brufaganya.cat\/2020\/%f0%9f%8c%9f-exit-de-la-3a-jornada-destudis-de-la-brufaganya-lesplendor-de-sant-magi\/#article","isPartOf":{"@id":"https:\/\/brufaganya.cat\/2020\/%f0%9f%8c%9f-exit-de-la-3a-jornada-destudis-de-la-brufaganya-lesplendor-de-sant-magi\/"},"author":{"name":"Silvestre Pal\u00e0 Aug\u00e9","@id":"https:\/\/brufaganya.cat\/2020\/#\/schema\/person\/104a8a58bc74955dad00f639bb234a56"},"headline":"\ud83c\udf1f \u00c8xit de la 3a Jornada d\u2019Estudis de la Brufaganya \u201cL\u2019esplendor de Sant Mag\u00ed\u201d","datePublished":"2025-03-25T09:40:56+00:00","dateModified":"2026-03-18T16:58:57+00:00","mainEntityOfPage":{"@id":"https:\/\/brufaganya.cat\/2020\/%f0%9f%8c%9f-exit-de-la-3a-jornada-destudis-de-la-brufaganya-lesplendor-de-sant-magi\/"},"wordCount":309,"commentCount":0,"publisher":{"@id":"https:\/\/brufaganya.cat\/2020\/#organization"},"image":{"@id":"https:\/\/brufaganya.cat\/2020\/%f0%9f%8c%9f-exit-de-la-3a-jornada-destudis-de-la-brufaganya-lesplendor-de-sant-magi\/#primaryimage"},"thumbnailUrl":"https:\/\/brufaganya.cat\/2020\/wp-content\/uploads\/2025\/03\/20250322_101234-scaled-e1742924889414.jpg","articleSection":["Exposicions i xerrades","Not\u00edcies"],"inLanguage":"ca","potentialAction":[{"@type":"CommentAction","name":"Comment","target":["https:\/\/brufaganya.cat\/2020\/%f0%9f%8c%9f-exit-de-la-3a-jornada-destudis-de-la-brufaganya-lesplendor-de-sant-magi\/#respond"]}]},{"@type":"WebPage","@id":"https:\/\/brufaganya.cat\/2020\/%f0%9f%8c%9f-exit-de-la-3a-jornada-destudis-de-la-brufaganya-lesplendor-de-sant-magi\/","url":"https:\/\/brufaganya.cat\/2020\/%f0%9f%8c%9f-exit-de-la-3a-jornada-destudis-de-la-brufaganya-lesplendor-de-sant-magi\/","name":"\ud83c\udf1f \u00c8xit de la 3a Jornada d\u2019Estudis de la Brufaganya \u201cL\u2019esplendor de Sant Mag\u00ed\u201d &#187; Sant Mag\u00ed de la Brufaganya","isPartOf":{"@id":"https:\/\/brufaganya.cat\/2020\/#website"},"primaryImageOfPage":{"@id":"https:\/\/brufaganya.cat\/2020\/%f0%9f%8c%9f-exit-de-la-3a-jornada-destudis-de-la-brufaganya-lesplendor-de-sant-magi\/#primaryimage"},"image":{"@id":"https:\/\/brufaganya.cat\/2020\/%f0%9f%8c%9f-exit-de-la-3a-jornada-destudis-de-la-brufaganya-lesplendor-de-sant-magi\/#primaryimage"},"thumbnailUrl":"https:\/\/brufaganya.cat\/2020\/wp-content\/uploads\/2025\/03\/20250322_101234-scaled-e1742924889414.jpg","datePublished":"2025-03-25T09:40:56+00:00","dateModified":"2026-03-18T16:58:57+00:00","breadcrumb":{"@id":"https:\/\/brufaganya.cat\/2020\/%f0%9f%8c%9f-exit-de-la-3a-jornada-destudis-de-la-brufaganya-lesplendor-de-sant-magi\/#breadcrumb"},"inLanguage":"ca","potentialAction":[{"@type":"ReadAction","target":["https:\/\/brufaganya.cat\/2020\/%f0%9f%8c%9f-exit-de-la-3a-jornada-destudis-de-la-brufaganya-lesplendor-de-sant-magi\/"]}]},{"@type":"ImageObject","inLanguage":"ca","@id":"https:\/\/brufaganya.cat\/2020\/%f0%9f%8c%9f-exit-de-la-3a-jornada-destudis-de-la-brufaganya-lesplendor-de-sant-magi\/#primaryimage","url":"https:\/\/brufaganya.cat\/2020\/wp-content\/uploads\/2025\/03\/20250322_101234-scaled-e1742924889414.jpg","contentUrl":"https:\/\/brufaganya.cat\/2020\/wp-content\/uploads\/2025\/03\/20250322_101234-scaled-e1742924889414.jpg","width":2560,"height":1480},{"@type":"BreadcrumbList","@id":"https:\/\/brufaganya.cat\/2020\/%f0%9f%8c%9f-exit-de-la-3a-jornada-destudis-de-la-brufaganya-lesplendor-de-sant-magi\/#breadcrumb","itemListElement":[{"@type":"ListItem","position":1,"name":"Inici","item":"https:\/\/brufaganya.cat\/2020\/"},{"@type":"ListItem","position":2,"name":"\ud83c\udf1f \u00c8xit de la 3a Jornada d\u2019Estudis de la Brufaganya \u201cL\u2019esplendor de Sant Mag\u00ed\u201d"}]},{"@type":"WebSite","@id":"https:\/\/brufaganya.cat\/2020\/#website","url":"https:\/\/brufaganya.cat\/2020\/","name":"Sant Mag\u00ed de la Brufaganya","description":"Lloc web de Sant Mag\u00ed de la Brufaganya","publisher":{"@id":"https:\/\/brufaganya.cat\/2020\/#organization"},"potentialAction":[{"@type":"SearchAction","target":{"@type":"EntryPoint","urlTemplate":"https:\/\/brufaganya.cat\/2020\/?s={search_term_string}"},"query-input":{"@type":"PropertyValueSpecification","valueRequired":true,"valueName":"search_term_string"}}],"inLanguage":"ca"},{"@type":"Organization","@id":"https:\/\/brufaganya.cat\/2020\/#organization","name":"Sant Mag\u00ed de Brufaganya","url":"https:\/\/brufaganya.cat\/2020\/","logo":{"@type":"ImageObject","inLanguage":"ca","@id":"https:\/\/brufaganya.cat\/2020\/#\/schema\/logo\/image\/","url":"https:\/\/brufaganya.cat\/2020\/wp-content\/uploads\/2018\/11\/st_marti_bruga_horitz_posi_logo.jpg","contentUrl":"https:\/\/brufaganya.cat\/2020\/wp-content\/uploads\/2018\/11\/st_marti_bruga_horitz_posi_logo.jpg","width":1479,"height":804,"caption":"Sant Mag\u00ed de Brufaganya"},"image":{"@id":"https:\/\/brufaganya.cat\/2020\/#\/schema\/logo\/image\/"},"sameAs":["https:\/\/ca.wikipedia.org\/wiki\/Sant_Mag\u00ed_de_Brufaganya"]},{"@type":"Person","@id":"https:\/\/brufaganya.cat\/2020\/#\/schema\/person\/104a8a58bc74955dad00f639bb234a56","name":"Silvestre Pal\u00e0 Aug\u00e9","image":{"@type":"ImageObject","inLanguage":"ca","@id":"https:\/\/secure.gravatar.com\/avatar\/240c865b87ee90f68f1bb82d954fb54e1c50d2b4355c9b807c7f2862e50c5fb1?s=96&d=mm&r=g","url":"https:\/\/secure.gravatar.com\/avatar\/240c865b87ee90f68f1bb82d954fb54e1c50d2b4355c9b807c7f2862e50c5fb1?s=96&d=mm&r=g","contentUrl":"https:\/\/secure.gravatar.com\/avatar\/240c865b87ee90f68f1bb82d954fb54e1c50d2b4355c9b807c7f2862e50c5fb1?s=96&d=mm&r=g","caption":"Silvestre Pal\u00e0 Aug\u00e9"},"url":"https:\/\/brufaganya.cat\/2020\/author\/spala\/"}]}},"_links":{"self":[{"href":"https:\/\/brufaganya.cat\/2020\/wp-json\/wp\/v2\/posts\/8685","targetHints":{"allow":["GET"]}}],"collection":[{"href":"https:\/\/brufaganya.cat\/2020\/wp-json\/wp\/v2\/posts"}],"about":[{"href":"https:\/\/brufaganya.cat\/2020\/wp-json\/wp\/v2\/types\/post"}],"author":[{"embeddable":true,"href":"https:\/\/brufaganya.cat\/2020\/wp-json\/wp\/v2\/users\/109"}],"replies":[{"embeddable":true,"href":"https:\/\/brufaganya.cat\/2020\/wp-json\/wp\/v2\/comments?post=8685"}],"version-history":[{"count":0,"href":"https:\/\/brufaganya.cat\/2020\/wp-json\/wp\/v2\/posts\/8685\/revisions"}],"wp:featuredmedia":[{"embeddable":true,"href":"https:\/\/brufaganya.cat\/2020\/wp-json\/wp\/v2\/media\/8688"}],"wp:attachment":[{"href":"https:\/\/brufaganya.cat\/2020\/wp-json\/wp\/v2\/media?parent=8685"}],"wp:term":[{"taxonomy":"category","embeddable":true,"href":"https:\/\/brufaganya.cat\/2020\/wp-json\/wp\/v2\/categories?post=8685"},{"taxonomy":"post_tag","embeddable":true,"href":"https:\/\/brufaganya.cat\/2020\/wp-json\/wp\/v2\/tags?post=8685"}],"curies":[{"name":"wp","href":"https:\/\/api.w.org\/{rel}","templated":true}]}}