{"id":8676,"date":"2025-02-16T23:58:05","date_gmt":"2025-02-16T21:58:05","guid":{"rendered":"https:\/\/brufaganya.cat\/2020\/?p=8676"},"modified":"2025-03-16T23:59:08","modified_gmt":"2025-03-16T21:59:08","slug":"la-casa-de-lermita-una-reconstruccio-que-avanca-amb-fermesa","status":"publish","type":"post","link":"https:\/\/brufaganya.cat\/2020\/la-casa-de-lermita-una-reconstruccio-que-avanca-amb-fermesa\/","title":{"rendered":"La casa de l&#8217;Ermit\u00e0: una reconstrucci\u00f3 que avan\u00e7a amb fermesa"},"content":{"rendered":"<p data-start=\"112\" data-end=\"276\"><img loading=\"lazy\" decoding=\"async\" class=\"size-full wp-image-7750 aligncenter\" src=\"https:\/\/brufaganya.cat\/2020\/wp-content\/uploads\/2023\/06\/logo-Dipta.jpg\" alt=\"\" width=\"300\" height=\"250\" \/>Des que l\u2019any 2019 va comen\u00e7ar la rehabilitaci\u00f3 integral de la Casa de l\u2019Ermit\u00e0 de Sant Mag\u00ed de la Brufaganya, ja han passat cinc anys, amb una pand\u00e8mia entremig.<\/p>\n<p data-start=\"278\" data-end=\"590\">\u00c9s un per\u00edode llarg per a la restauraci\u00f3 d\u2019un edifici, per\u00f2, tenint en compte que hi ha hagut la Covid-19 pel mig i que l\u2019obra dep\u00e8n en gran part del treball de voluntaris, no \u00e9s tant de temps. Sobretot si considerem que una bona part de l\u2019edifici, concretament la planta baixa i la segona, ja estan en servei.<\/p>\n<p data-start=\"592\" data-end=\"876\">La segona planta ja est\u00e0 en \u00fas i acull l\u2019arxiu, la biblioteca i l\u2019oficina, a m\u00e9s de servir com a sala de reunions. Tamb\u00e9 compta amb una sala t\u00e8cnica que inclou els serveis de dip\u00f2sit d\u2019aigua, lavabo, escalfador, dutxa i v\u00e0ter, amb totes les instal\u00b7lacions de fontaneria necess\u00e0ries.<\/p>\n<p data-start=\"878\" data-end=\"1149\">En la tercera fase s\u2019ha treballat en el repicat de les parets i l\u2019arrebossat amb morter de cal\u00e7, aix\u00ed com en la construcci\u00f3 d\u2019envans. Alhora, s\u2019han solucionat algunes defici\u00e8ncies estructurals detectades a causa d\u2019un incendi de la d\u00e8cada dels anys setanta del segle XX.<\/p>\n<p data-start=\"1151\" data-end=\"1784\"><strong>El finan\u00e7ament de la tercera fase de l&#8217;obra ha anat a c\u00e0rrec de la Diputaci\u00f3 de Tarragona, que ha concedit una subvenci\u00f3 de 6.162,65 \u20ac. <\/strong><\/p>\n<p data-start=\"1151\" data-end=\"1784\">Cal dir que la major part d\u2019aquesta quantitat s\u2019ha destinat a la compra de materials. Gran part de la m\u00e0 d\u2019obra necess\u00e0ria ha estat aportada per voluntaris. Hi ha un grup nombr\u00f3s de persones volunt\u00e0ries que col\u00b7laboren el primer diumenge de cada mes. A m\u00e9s, un petit grup de cinc o sis voluntaris, gaireb\u00e9 tots jubilats, ha dedicat molts dimecres i altres dies de la setmana a realitzar les tasques abans esmentades. Aquesta implicaci\u00f3 permet multiplicar el valor dels diners destinats a la compra de material.<\/p>\n<p data-start=\"1786\" data-end=\"1933\">La planta baixa, parcialment rehabilitada, ja est\u00e0 servint per a usos socials en diverses activitats, com ara les Jornades Europees de Patrimoni.<\/p>\n","protected":false},"excerpt":{"rendered":"<p>Des que l\u2019any 2019 va comen\u00e7ar la rehabilitaci\u00f3 integral de la Casa de l\u2019Ermit\u00e0 de Sant Mag\u00ed de la Brufaganya, ja han passat cinc anys, amb una pand\u00e8mia entremig. \u00c9s [&hellip;]<\/p>\n","protected":false},"author":109,"featured_media":8212,"comment_status":"open","ping_status":"closed","sticky":false,"template":"","format":"standard","meta":{"inline_featured_image":false,"footnotes":""},"categories":[1,780],"tags":[],"class_list":["post-8676","post","type-post","status-publish","format-standard","has-post-thumbnail","hentry","category-noticies","category-patrimoni-arquitectonic"],"yoast_head":"<!-- This site is optimized with the Yoast SEO plugin v27.4 - https:\/\/yoast.com\/product\/yoast-seo-wordpress\/ -->\n<title>La casa de l&#039;Ermit\u00e0: una reconstrucci\u00f3 que avan\u00e7a amb fermesa &#187; Sant Mag\u00ed de la Brufaganya<\/title>\n<meta name=\"robots\" content=\"index, follow, max-snippet:-1, max-image-preview:large, max-video-preview:-1\" \/>\n<link rel=\"canonical\" href=\"https:\/\/brufaganya.cat\/2020\/la-casa-de-lermita-una-reconstruccio-que-avanca-amb-fermesa\/\" \/>\n<meta property=\"og:locale\" content=\"ca_ES\" \/>\n<meta property=\"og:type\" content=\"article\" \/>\n<meta property=\"og:title\" content=\"La casa de l&#039;Ermit\u00e0: una reconstrucci\u00f3 que avan\u00e7a amb fermesa &#187; Sant Mag\u00ed de la Brufaganya\" \/>\n<meta property=\"og:description\" content=\"Des que l\u2019any 2019 va comen\u00e7ar la rehabilitaci\u00f3 integral de la Casa de l\u2019Ermit\u00e0 de Sant Mag\u00ed de la Brufaganya, ja han passat cinc anys, amb una pand\u00e8mia entremig. \u00c9s [&hellip;]\" \/>\n<meta property=\"og:url\" content=\"https:\/\/brufaganya.cat\/2020\/la-casa-de-lermita-una-reconstruccio-que-avanca-amb-fermesa\/\" \/>\n<meta property=\"og:site_name\" content=\"Sant Mag\u00ed de la Brufaganya\" \/>\n<meta property=\"article:published_time\" content=\"2025-02-16T21:58:05+00:00\" \/>\n<meta property=\"article:modified_time\" content=\"2025-03-16T21:59:08+00:00\" \/>\n<meta property=\"og:image\" content=\"https:\/\/brufaganya.cat\/2020\/wp-content\/uploads\/2024\/04\/BibliotecaJoanTeruelw.jpg\" \/>\n\t<meta property=\"og:image:width\" content=\"1200\" \/>\n\t<meta property=\"og:image:height\" content=\"900\" \/>\n\t<meta property=\"og:image:type\" content=\"image\/jpeg\" \/>\n<meta name=\"author\" content=\"Silvestre Pal\u00e0 Aug\u00e9\" \/>\n<meta name=\"twitter:card\" content=\"summary_large_image\" \/>\n<meta name=\"twitter:label1\" content=\"Escrit per\" \/>\n\t<meta name=\"twitter:data1\" content=\"Silvestre Pal\u00e0 Aug\u00e9\" \/>\n\t<meta name=\"twitter:label2\" content=\"Temps estimat de lectura\" \/>\n\t<meta name=\"twitter:data2\" content=\"3 minuts\" \/>\n<script type=\"application\/ld+json\" class=\"yoast-schema-graph\">{\"@context\":\"https:\\\/\\\/schema.org\",\"@graph\":[{\"@type\":\"Article\",\"@id\":\"https:\\\/\\\/brufaganya.cat\\\/2020\\\/la-casa-de-lermita-una-reconstruccio-que-avanca-amb-fermesa\\\/#article\",\"isPartOf\":{\"@id\":\"https:\\\/\\\/brufaganya.cat\\\/2020\\\/la-casa-de-lermita-una-reconstruccio-que-avanca-amb-fermesa\\\/\"},\"author\":{\"name\":\"Silvestre Pal\u00e0 Aug\u00e9\",\"@id\":\"https:\\\/\\\/brufaganya.cat\\\/2020\\\/#\\\/schema\\\/person\\\/104a8a58bc74955dad00f639bb234a56\"},\"headline\":\"La casa de l&#8217;Ermit\u00e0: una reconstrucci\u00f3 que avan\u00e7a amb fermesa\",\"datePublished\":\"2025-02-16T21:58:05+00:00\",\"dateModified\":\"2025-03-16T21:59:08+00:00\",\"mainEntityOfPage\":{\"@id\":\"https:\\\/\\\/brufaganya.cat\\\/2020\\\/la-casa-de-lermita-una-reconstruccio-que-avanca-amb-fermesa\\\/\"},\"wordCount\":355,\"commentCount\":0,\"publisher\":{\"@id\":\"https:\\\/\\\/brufaganya.cat\\\/2020\\\/#organization\"},\"image\":{\"@id\":\"https:\\\/\\\/brufaganya.cat\\\/2020\\\/la-casa-de-lermita-una-reconstruccio-que-avanca-amb-fermesa\\\/#primaryimage\"},\"thumbnailUrl\":\"https:\\\/\\\/brufaganya.cat\\\/2020\\\/wp-content\\\/uploads\\\/2024\\\/04\\\/BibliotecaJoanTeruelw.jpg\",\"articleSection\":[\"Not\u00edcies\",\"Patrimoni arquitect\u00f2nic\"],\"inLanguage\":\"ca\",\"potentialAction\":[{\"@type\":\"CommentAction\",\"name\":\"Comment\",\"target\":[\"https:\\\/\\\/brufaganya.cat\\\/2020\\\/la-casa-de-lermita-una-reconstruccio-que-avanca-amb-fermesa\\\/#respond\"]}]},{\"@type\":\"WebPage\",\"@id\":\"https:\\\/\\\/brufaganya.cat\\\/2020\\\/la-casa-de-lermita-una-reconstruccio-que-avanca-amb-fermesa\\\/\",\"url\":\"https:\\\/\\\/brufaganya.cat\\\/2020\\\/la-casa-de-lermita-una-reconstruccio-que-avanca-amb-fermesa\\\/\",\"name\":\"La casa de l'Ermit\u00e0: una reconstrucci\u00f3 que avan\u00e7a amb fermesa &#187; Sant Mag\u00ed de la Brufaganya\",\"isPartOf\":{\"@id\":\"https:\\\/\\\/brufaganya.cat\\\/2020\\\/#website\"},\"primaryImageOfPage\":{\"@id\":\"https:\\\/\\\/brufaganya.cat\\\/2020\\\/la-casa-de-lermita-una-reconstruccio-que-avanca-amb-fermesa\\\/#primaryimage\"},\"image\":{\"@id\":\"https:\\\/\\\/brufaganya.cat\\\/2020\\\/la-casa-de-lermita-una-reconstruccio-que-avanca-amb-fermesa\\\/#primaryimage\"},\"thumbnailUrl\":\"https:\\\/\\\/brufaganya.cat\\\/2020\\\/wp-content\\\/uploads\\\/2024\\\/04\\\/BibliotecaJoanTeruelw.jpg\",\"datePublished\":\"2025-02-16T21:58:05+00:00\",\"dateModified\":\"2025-03-16T21:59:08+00:00\",\"breadcrumb\":{\"@id\":\"https:\\\/\\\/brufaganya.cat\\\/2020\\\/la-casa-de-lermita-una-reconstruccio-que-avanca-amb-fermesa\\\/#breadcrumb\"},\"inLanguage\":\"ca\",\"potentialAction\":[{\"@type\":\"ReadAction\",\"target\":[\"https:\\\/\\\/brufaganya.cat\\\/2020\\\/la-casa-de-lermita-una-reconstruccio-que-avanca-amb-fermesa\\\/\"]}]},{\"@type\":\"ImageObject\",\"inLanguage\":\"ca\",\"@id\":\"https:\\\/\\\/brufaganya.cat\\\/2020\\\/la-casa-de-lermita-una-reconstruccio-que-avanca-amb-fermesa\\\/#primaryimage\",\"url\":\"https:\\\/\\\/brufaganya.cat\\\/2020\\\/wp-content\\\/uploads\\\/2024\\\/04\\\/BibliotecaJoanTeruelw.jpg\",\"contentUrl\":\"https:\\\/\\\/brufaganya.cat\\\/2020\\\/wp-content\\\/uploads\\\/2024\\\/04\\\/BibliotecaJoanTeruelw.jpg\",\"width\":1200,\"height\":900,\"caption\":\"Biblioteca de Natura Joan Teruel - Sant Mag\u00ed de la Brufaganya\"},{\"@type\":\"BreadcrumbList\",\"@id\":\"https:\\\/\\\/brufaganya.cat\\\/2020\\\/la-casa-de-lermita-una-reconstruccio-que-avanca-amb-fermesa\\\/#breadcrumb\",\"itemListElement\":[{\"@type\":\"ListItem\",\"position\":1,\"name\":\"Inici\",\"item\":\"https:\\\/\\\/brufaganya.cat\\\/2020\\\/\"},{\"@type\":\"ListItem\",\"position\":2,\"name\":\"La casa de l&#8217;Ermit\u00e0: una reconstrucci\u00f3 que avan\u00e7a amb fermesa\"}]},{\"@type\":\"WebSite\",\"@id\":\"https:\\\/\\\/brufaganya.cat\\\/2020\\\/#website\",\"url\":\"https:\\\/\\\/brufaganya.cat\\\/2020\\\/\",\"name\":\"Sant Mag\u00ed de la Brufaganya\",\"description\":\"Lloc web de Sant Mag\u00ed de la Brufaganya\",\"publisher\":{\"@id\":\"https:\\\/\\\/brufaganya.cat\\\/2020\\\/#organization\"},\"potentialAction\":[{\"@type\":\"SearchAction\",\"target\":{\"@type\":\"EntryPoint\",\"urlTemplate\":\"https:\\\/\\\/brufaganya.cat\\\/2020\\\/?s={search_term_string}\"},\"query-input\":{\"@type\":\"PropertyValueSpecification\",\"valueRequired\":true,\"valueName\":\"search_term_string\"}}],\"inLanguage\":\"ca\"},{\"@type\":\"Organization\",\"@id\":\"https:\\\/\\\/brufaganya.cat\\\/2020\\\/#organization\",\"name\":\"Sant Mag\u00ed de Brufaganya\",\"url\":\"https:\\\/\\\/brufaganya.cat\\\/2020\\\/\",\"logo\":{\"@type\":\"ImageObject\",\"inLanguage\":\"ca\",\"@id\":\"https:\\\/\\\/brufaganya.cat\\\/2020\\\/#\\\/schema\\\/logo\\\/image\\\/\",\"url\":\"https:\\\/\\\/brufaganya.cat\\\/2020\\\/wp-content\\\/uploads\\\/2018\\\/11\\\/st_marti_bruga_horitz_posi_logo.jpg\",\"contentUrl\":\"https:\\\/\\\/brufaganya.cat\\\/2020\\\/wp-content\\\/uploads\\\/2018\\\/11\\\/st_marti_bruga_horitz_posi_logo.jpg\",\"width\":1479,\"height\":804,\"caption\":\"Sant Mag\u00ed de Brufaganya\"},\"image\":{\"@id\":\"https:\\\/\\\/brufaganya.cat\\\/2020\\\/#\\\/schema\\\/logo\\\/image\\\/\"},\"sameAs\":[\"https:\\\/\\\/ca.wikipedia.org\\\/wiki\\\/Sant_Mag\u00ed_de_Brufaganya\"]},{\"@type\":\"Person\",\"@id\":\"https:\\\/\\\/brufaganya.cat\\\/2020\\\/#\\\/schema\\\/person\\\/104a8a58bc74955dad00f639bb234a56\",\"name\":\"Silvestre Pal\u00e0 Aug\u00e9\",\"image\":{\"@type\":\"ImageObject\",\"inLanguage\":\"ca\",\"@id\":\"https:\\\/\\\/secure.gravatar.com\\\/avatar\\\/240c865b87ee90f68f1bb82d954fb54e1c50d2b4355c9b807c7f2862e50c5fb1?s=96&d=mm&r=g\",\"url\":\"https:\\\/\\\/secure.gravatar.com\\\/avatar\\\/240c865b87ee90f68f1bb82d954fb54e1c50d2b4355c9b807c7f2862e50c5fb1?s=96&d=mm&r=g\",\"contentUrl\":\"https:\\\/\\\/secure.gravatar.com\\\/avatar\\\/240c865b87ee90f68f1bb82d954fb54e1c50d2b4355c9b807c7f2862e50c5fb1?s=96&d=mm&r=g\",\"caption\":\"Silvestre Pal\u00e0 Aug\u00e9\"},\"url\":\"https:\\\/\\\/brufaganya.cat\\\/2020\\\/author\\\/spala\\\/\"}]}<\/script>\n<!-- \/ Yoast SEO plugin. -->","yoast_head_json":{"title":"La casa de l'Ermit\u00e0: una reconstrucci\u00f3 que avan\u00e7a amb fermesa &#187; Sant Mag\u00ed de la Brufaganya","robots":{"index":"index","follow":"follow","max-snippet":"max-snippet:-1","max-image-preview":"max-image-preview:large","max-video-preview":"max-video-preview:-1"},"canonical":"https:\/\/brufaganya.cat\/2020\/la-casa-de-lermita-una-reconstruccio-que-avanca-amb-fermesa\/","og_locale":"ca_ES","og_type":"article","og_title":"La casa de l'Ermit\u00e0: una reconstrucci\u00f3 que avan\u00e7a amb fermesa &#187; Sant Mag\u00ed de la Brufaganya","og_description":"Des que l\u2019any 2019 va comen\u00e7ar la rehabilitaci\u00f3 integral de la Casa de l\u2019Ermit\u00e0 de Sant Mag\u00ed de la Brufaganya, ja han passat cinc anys, amb una pand\u00e8mia entremig. \u00c9s [&hellip;]","og_url":"https:\/\/brufaganya.cat\/2020\/la-casa-de-lermita-una-reconstruccio-que-avanca-amb-fermesa\/","og_site_name":"Sant Mag\u00ed de la Brufaganya","article_published_time":"2025-02-16T21:58:05+00:00","article_modified_time":"2025-03-16T21:59:08+00:00","og_image":[{"width":1200,"height":900,"url":"https:\/\/brufaganya.cat\/2020\/wp-content\/uploads\/2024\/04\/BibliotecaJoanTeruelw.jpg","type":"image\/jpeg"}],"author":"Silvestre Pal\u00e0 Aug\u00e9","twitter_card":"summary_large_image","twitter_misc":{"Escrit per":"Silvestre Pal\u00e0 Aug\u00e9","Temps estimat de lectura":"3 minuts"},"schema":{"@context":"https:\/\/schema.org","@graph":[{"@type":"Article","@id":"https:\/\/brufaganya.cat\/2020\/la-casa-de-lermita-una-reconstruccio-que-avanca-amb-fermesa\/#article","isPartOf":{"@id":"https:\/\/brufaganya.cat\/2020\/la-casa-de-lermita-una-reconstruccio-que-avanca-amb-fermesa\/"},"author":{"name":"Silvestre Pal\u00e0 Aug\u00e9","@id":"https:\/\/brufaganya.cat\/2020\/#\/schema\/person\/104a8a58bc74955dad00f639bb234a56"},"headline":"La casa de l&#8217;Ermit\u00e0: una reconstrucci\u00f3 que avan\u00e7a amb fermesa","datePublished":"2025-02-16T21:58:05+00:00","dateModified":"2025-03-16T21:59:08+00:00","mainEntityOfPage":{"@id":"https:\/\/brufaganya.cat\/2020\/la-casa-de-lermita-una-reconstruccio-que-avanca-amb-fermesa\/"},"wordCount":355,"commentCount":0,"publisher":{"@id":"https:\/\/brufaganya.cat\/2020\/#organization"},"image":{"@id":"https:\/\/brufaganya.cat\/2020\/la-casa-de-lermita-una-reconstruccio-que-avanca-amb-fermesa\/#primaryimage"},"thumbnailUrl":"https:\/\/brufaganya.cat\/2020\/wp-content\/uploads\/2024\/04\/BibliotecaJoanTeruelw.jpg","articleSection":["Not\u00edcies","Patrimoni arquitect\u00f2nic"],"inLanguage":"ca","potentialAction":[{"@type":"CommentAction","name":"Comment","target":["https:\/\/brufaganya.cat\/2020\/la-casa-de-lermita-una-reconstruccio-que-avanca-amb-fermesa\/#respond"]}]},{"@type":"WebPage","@id":"https:\/\/brufaganya.cat\/2020\/la-casa-de-lermita-una-reconstruccio-que-avanca-amb-fermesa\/","url":"https:\/\/brufaganya.cat\/2020\/la-casa-de-lermita-una-reconstruccio-que-avanca-amb-fermesa\/","name":"La casa de l'Ermit\u00e0: una reconstrucci\u00f3 que avan\u00e7a amb fermesa &#187; Sant Mag\u00ed de la Brufaganya","isPartOf":{"@id":"https:\/\/brufaganya.cat\/2020\/#website"},"primaryImageOfPage":{"@id":"https:\/\/brufaganya.cat\/2020\/la-casa-de-lermita-una-reconstruccio-que-avanca-amb-fermesa\/#primaryimage"},"image":{"@id":"https:\/\/brufaganya.cat\/2020\/la-casa-de-lermita-una-reconstruccio-que-avanca-amb-fermesa\/#primaryimage"},"thumbnailUrl":"https:\/\/brufaganya.cat\/2020\/wp-content\/uploads\/2024\/04\/BibliotecaJoanTeruelw.jpg","datePublished":"2025-02-16T21:58:05+00:00","dateModified":"2025-03-16T21:59:08+00:00","breadcrumb":{"@id":"https:\/\/brufaganya.cat\/2020\/la-casa-de-lermita-una-reconstruccio-que-avanca-amb-fermesa\/#breadcrumb"},"inLanguage":"ca","potentialAction":[{"@type":"ReadAction","target":["https:\/\/brufaganya.cat\/2020\/la-casa-de-lermita-una-reconstruccio-que-avanca-amb-fermesa\/"]}]},{"@type":"ImageObject","inLanguage":"ca","@id":"https:\/\/brufaganya.cat\/2020\/la-casa-de-lermita-una-reconstruccio-que-avanca-amb-fermesa\/#primaryimage","url":"https:\/\/brufaganya.cat\/2020\/wp-content\/uploads\/2024\/04\/BibliotecaJoanTeruelw.jpg","contentUrl":"https:\/\/brufaganya.cat\/2020\/wp-content\/uploads\/2024\/04\/BibliotecaJoanTeruelw.jpg","width":1200,"height":900,"caption":"Biblioteca de Natura Joan Teruel - Sant Mag\u00ed de la Brufaganya"},{"@type":"BreadcrumbList","@id":"https:\/\/brufaganya.cat\/2020\/la-casa-de-lermita-una-reconstruccio-que-avanca-amb-fermesa\/#breadcrumb","itemListElement":[{"@type":"ListItem","position":1,"name":"Inici","item":"https:\/\/brufaganya.cat\/2020\/"},{"@type":"ListItem","position":2,"name":"La casa de l&#8217;Ermit\u00e0: una reconstrucci\u00f3 que avan\u00e7a amb fermesa"}]},{"@type":"WebSite","@id":"https:\/\/brufaganya.cat\/2020\/#website","url":"https:\/\/brufaganya.cat\/2020\/","name":"Sant Mag\u00ed de la Brufaganya","description":"Lloc web de Sant Mag\u00ed de la Brufaganya","publisher":{"@id":"https:\/\/brufaganya.cat\/2020\/#organization"},"potentialAction":[{"@type":"SearchAction","target":{"@type":"EntryPoint","urlTemplate":"https:\/\/brufaganya.cat\/2020\/?s={search_term_string}"},"query-input":{"@type":"PropertyValueSpecification","valueRequired":true,"valueName":"search_term_string"}}],"inLanguage":"ca"},{"@type":"Organization","@id":"https:\/\/brufaganya.cat\/2020\/#organization","name":"Sant Mag\u00ed de Brufaganya","url":"https:\/\/brufaganya.cat\/2020\/","logo":{"@type":"ImageObject","inLanguage":"ca","@id":"https:\/\/brufaganya.cat\/2020\/#\/schema\/logo\/image\/","url":"https:\/\/brufaganya.cat\/2020\/wp-content\/uploads\/2018\/11\/st_marti_bruga_horitz_posi_logo.jpg","contentUrl":"https:\/\/brufaganya.cat\/2020\/wp-content\/uploads\/2018\/11\/st_marti_bruga_horitz_posi_logo.jpg","width":1479,"height":804,"caption":"Sant Mag\u00ed de Brufaganya"},"image":{"@id":"https:\/\/brufaganya.cat\/2020\/#\/schema\/logo\/image\/"},"sameAs":["https:\/\/ca.wikipedia.org\/wiki\/Sant_Mag\u00ed_de_Brufaganya"]},{"@type":"Person","@id":"https:\/\/brufaganya.cat\/2020\/#\/schema\/person\/104a8a58bc74955dad00f639bb234a56","name":"Silvestre Pal\u00e0 Aug\u00e9","image":{"@type":"ImageObject","inLanguage":"ca","@id":"https:\/\/secure.gravatar.com\/avatar\/240c865b87ee90f68f1bb82d954fb54e1c50d2b4355c9b807c7f2862e50c5fb1?s=96&d=mm&r=g","url":"https:\/\/secure.gravatar.com\/avatar\/240c865b87ee90f68f1bb82d954fb54e1c50d2b4355c9b807c7f2862e50c5fb1?s=96&d=mm&r=g","contentUrl":"https:\/\/secure.gravatar.com\/avatar\/240c865b87ee90f68f1bb82d954fb54e1c50d2b4355c9b807c7f2862e50c5fb1?s=96&d=mm&r=g","caption":"Silvestre Pal\u00e0 Aug\u00e9"},"url":"https:\/\/brufaganya.cat\/2020\/author\/spala\/"}]}},"_links":{"self":[{"href":"https:\/\/brufaganya.cat\/2020\/wp-json\/wp\/v2\/posts\/8676","targetHints":{"allow":["GET"]}}],"collection":[{"href":"https:\/\/brufaganya.cat\/2020\/wp-json\/wp\/v2\/posts"}],"about":[{"href":"https:\/\/brufaganya.cat\/2020\/wp-json\/wp\/v2\/types\/post"}],"author":[{"embeddable":true,"href":"https:\/\/brufaganya.cat\/2020\/wp-json\/wp\/v2\/users\/109"}],"replies":[{"embeddable":true,"href":"https:\/\/brufaganya.cat\/2020\/wp-json\/wp\/v2\/comments?post=8676"}],"version-history":[{"count":0,"href":"https:\/\/brufaganya.cat\/2020\/wp-json\/wp\/v2\/posts\/8676\/revisions"}],"wp:featuredmedia":[{"embeddable":true,"href":"https:\/\/brufaganya.cat\/2020\/wp-json\/wp\/v2\/media\/8212"}],"wp:attachment":[{"href":"https:\/\/brufaganya.cat\/2020\/wp-json\/wp\/v2\/media?parent=8676"}],"wp:term":[{"taxonomy":"category","embeddable":true,"href":"https:\/\/brufaganya.cat\/2020\/wp-json\/wp\/v2\/categories?post=8676"},{"taxonomy":"post_tag","embeddable":true,"href":"https:\/\/brufaganya.cat\/2020\/wp-json\/wp\/v2\/tags?post=8676"}],"curies":[{"name":"wp","href":"https:\/\/api.w.org\/{rel}","templated":true}]}}