{"id":8647,"date":"2025-01-26T10:52:54","date_gmt":"2025-01-26T08:52:54","guid":{"rendered":"https:\/\/brufaganya.cat\/2020\/?p=8647"},"modified":"2025-01-26T10:52:54","modified_gmt":"2025-01-26T08:52:54","slug":"la-casa-de-lermita-ii-una-mirada-al-futur-del-patrimoni-de-sant-magi","status":"publish","type":"post","link":"https:\/\/brufaganya.cat\/2020\/la-casa-de-lermita-ii-una-mirada-al-futur-del-patrimoni-de-sant-magi\/","title":{"rendered":"La Casa de l\u2019Ermit\u00e0 II: Una mirada al futur del patrimoni de Sant Mag\u00ed"},"content":{"rendered":"<p><img loading=\"lazy\" decoding=\"async\" class=\"size-medium wp-image-8654 aligncenter\" src=\"https:\/\/brufaganya.cat\/2020\/wp-content\/uploads\/2025\/01\/Generalitat-cultura-300x47.jpg\" alt=\"\" width=\"300\" height=\"47\" srcset=\"https:\/\/brufaganya.cat\/2020\/wp-content\/uploads\/2025\/01\/Generalitat-cultura-300x47.jpg 300w, https:\/\/brufaganya.cat\/2020\/wp-content\/uploads\/2025\/01\/Generalitat-cultura.jpg 683w\" sizes=\"auto, (max-width: 300px) 100vw, 300px\" \/><\/p>\n<p>A Sant Mag\u00ed, des de fa temps, estem treballant en la rehabilitaci\u00f3 de l\u2019edifici conegut com la Casa de l\u2019Ermit\u00e0 I. En aquest edifici, s\u2019ha completat totalment la reforma de la segona planta, mentre que la primera planta est\u00e0 prevista com a futura resid\u00e8ncia d\u2019un ermit\u00e0 o ermitana. Aquesta ha estat la tasca principal que ens ha ocupat durant els darrers tres anys.<\/p>\n<p>No obstant aix\u00f2, la nostra visi\u00f3 a mitj\u00e0 i llarg termini se centra en un altre edifici adjacent, conegut com la Casa de l\u2019Ermit\u00e0 II. Aquest immoble, situat just al costat de la Casa de l\u2019Ermit\u00e0 I, disposa actualment nom\u00e9s d\u2019una planta baixa. L\u2019objectiu \u00e9s recupera<\/p>\n<p>r una segona planta, tal com tenia antigament, segons es pot constatar en diverses fotografies hist\u00f2riques.<\/p>\n<p>Amb l\u2019ajuda d\u2019una subvenci\u00f3 atorgada per la Generalitat de Catalunya, dins la l\u00ednia destinada a la <strong>Restauraci\u00f3, Conservaci\u00f3 i Millora d\u2019Equipaments Culturals d\u2019Associacions i Fundacions de l\u2019\u00c0mbit de la Cultura Popular i Tradicional<\/strong>, s\u2019ha redactat un projecte executiu que permetr\u00e0 ampliar l\u2019edifici afegint-hi una planta.<\/p>\n<p>Una part dels fons destinats a aquesta actuaci\u00f3 prov\u00e9 dels recursos que administra la <strong>Junta d\u2019Her\u00e8ncies de la Generalitat de Catalunya<\/strong>. Aquest organisme gestiona les her\u00e8ncies intestades \u2014les que no tenen testament ni hereus identificats\u2014, custodien i administren els b\u00e9ns vacants, i, si escau, els integren al patrimoni de la Generalitat. Gr\u00e0cies a aquest suport, es posa en marxa un projecte que ser\u00e0 una base per a les futures activitats a Sant Mag\u00ed.<\/p>\n<p>Tot i que aquesta iniciativa encara no tindr\u00e0 un impacte immediat, suposa un pas estrat\u00e8gic per consolidar el llegat cultural i arquitect\u00f2nic del territori, amb una mirada posada en el llarg termini.<\/p>\n<figure id=\"attachment_8651\" aria-describedby=\"caption-attachment-8651\" style=\"width: 1024px\" class=\"wp-caption aligncenter\"><img loading=\"lazy\" decoding=\"async\" class=\"wp-image-8651 size-large\" src=\"https:\/\/brufaganya.cat\/2020\/wp-content\/uploads\/2025\/01\/cristobal_sanchez_0290-1024x633.jpg\" alt=\"\" width=\"1024\" height=\"633\" srcset=\"https:\/\/brufaganya.cat\/2020\/wp-content\/uploads\/2025\/01\/cristobal_sanchez_0290-1024x633.jpg 1024w, https:\/\/brufaganya.cat\/2020\/wp-content\/uploads\/2025\/01\/cristobal_sanchez_0290-300x185.jpg 300w, https:\/\/brufaganya.cat\/2020\/wp-content\/uploads\/2025\/01\/cristobal_sanchez_0290-768x474.jpg 768w, https:\/\/brufaganya.cat\/2020\/wp-content\/uploads\/2025\/01\/cristobal_sanchez_0290-1536x949.jpg 1536w, https:\/\/brufaganya.cat\/2020\/wp-content\/uploads\/2025\/01\/cristobal_sanchez_0290.jpg 1661w\" sizes=\"auto, (max-width: 1024px) 100vw, 1024px\" \/><figcaption id=\"caption-attachment-8651\" class=\"wp-caption-text\">A la fotografia de Crist\u00f3bal S\u00e1nchez dels anys 50 del segle XX s&#8217;hi observa la Casa de l&#8217;Ermit\u00e0 II quan la fa\u00e7ana no s&#8217;havia enderrocat.<\/figcaption><\/figure>\n<p>&nbsp;<\/p>\n<p>&nbsp;<\/p>\n","protected":false},"excerpt":{"rendered":"<p>A Sant Mag\u00ed, des de fa temps, estem treballant en la rehabilitaci\u00f3 de l\u2019edifici conegut com la Casa de l\u2019Ermit\u00e0 I. En aquest edifici, s\u2019ha completat totalment la reforma de [&hellip;]<\/p>\n","protected":false},"author":109,"featured_media":8649,"comment_status":"open","ping_status":"closed","sticky":false,"template":"","format":"standard","meta":{"inline_featured_image":false,"footnotes":""},"categories":[1,780],"tags":[],"class_list":["post-8647","post","type-post","status-publish","format-standard","has-post-thumbnail","hentry","category-noticies","category-patrimoni-arquitectonic"],"yoast_head":"<!-- This site is optimized with the Yoast SEO plugin v27.4 - https:\/\/yoast.com\/product\/yoast-seo-wordpress\/ -->\n<title>La Casa de l\u2019Ermit\u00e0 II: Una mirada al futur del patrimoni de Sant Mag\u00ed &#187; Sant Mag\u00ed de la Brufaganya<\/title>\n<meta name=\"robots\" content=\"index, follow, max-snippet:-1, max-image-preview:large, max-video-preview:-1\" \/>\n<link rel=\"canonical\" href=\"https:\/\/brufaganya.cat\/2020\/la-casa-de-lermita-ii-una-mirada-al-futur-del-patrimoni-de-sant-magi\/\" \/>\n<meta property=\"og:locale\" content=\"ca_ES\" \/>\n<meta property=\"og:type\" content=\"article\" \/>\n<meta property=\"og:title\" content=\"La Casa de l\u2019Ermit\u00e0 II: Una mirada al futur del patrimoni de Sant Mag\u00ed &#187; Sant Mag\u00ed de la Brufaganya\" \/>\n<meta property=\"og:description\" content=\"A Sant Mag\u00ed, des de fa temps, estem treballant en la rehabilitaci\u00f3 de l\u2019edifici conegut com la Casa de l\u2019Ermit\u00e0 I. En aquest edifici, s\u2019ha completat totalment la reforma de [&hellip;]\" \/>\n<meta property=\"og:url\" content=\"https:\/\/brufaganya.cat\/2020\/la-casa-de-lermita-ii-una-mirada-al-futur-del-patrimoni-de-sant-magi\/\" \/>\n<meta property=\"og:site_name\" content=\"Sant Mag\u00ed de la Brufaganya\" \/>\n<meta property=\"article:published_time\" content=\"2025-01-26T08:52:54+00:00\" \/>\n<meta property=\"og:image\" content=\"https:\/\/brufaganya.cat\/2020\/wp-content\/uploads\/2025\/01\/Facana-projecte-Casa-ermita-II-entrada-web.jpg\" \/>\n\t<meta property=\"og:image:width\" content=\"2195\" \/>\n\t<meta property=\"og:image:height\" content=\"1062\" \/>\n\t<meta property=\"og:image:type\" content=\"image\/jpeg\" \/>\n<meta name=\"author\" content=\"Silvestre Pal\u00e0 Aug\u00e9\" \/>\n<meta name=\"twitter:card\" content=\"summary_large_image\" \/>\n<meta name=\"twitter:label1\" content=\"Escrit per\" \/>\n\t<meta name=\"twitter:data1\" content=\"Silvestre Pal\u00e0 Aug\u00e9\" \/>\n\t<meta name=\"twitter:label2\" content=\"Temps estimat de lectura\" \/>\n\t<meta name=\"twitter:data2\" content=\"3 minuts\" \/>\n<script type=\"application\/ld+json\" class=\"yoast-schema-graph\">{\"@context\":\"https:\\\/\\\/schema.org\",\"@graph\":[{\"@type\":\"Article\",\"@id\":\"https:\\\/\\\/brufaganya.cat\\\/2020\\\/la-casa-de-lermita-ii-una-mirada-al-futur-del-patrimoni-de-sant-magi\\\/#article\",\"isPartOf\":{\"@id\":\"https:\\\/\\\/brufaganya.cat\\\/2020\\\/la-casa-de-lermita-ii-una-mirada-al-futur-del-patrimoni-de-sant-magi\\\/\"},\"author\":{\"name\":\"Silvestre Pal\u00e0 Aug\u00e9\",\"@id\":\"https:\\\/\\\/brufaganya.cat\\\/2020\\\/#\\\/schema\\\/person\\\/104a8a58bc74955dad00f639bb234a56\"},\"headline\":\"La Casa de l\u2019Ermit\u00e0 II: Una mirada al futur del patrimoni de Sant Mag\u00ed\",\"datePublished\":\"2025-01-26T08:52:54+00:00\",\"mainEntityOfPage\":{\"@id\":\"https:\\\/\\\/brufaganya.cat\\\/2020\\\/la-casa-de-lermita-ii-una-mirada-al-futur-del-patrimoni-de-sant-magi\\\/\"},\"wordCount\":352,\"commentCount\":0,\"publisher\":{\"@id\":\"https:\\\/\\\/brufaganya.cat\\\/2020\\\/#organization\"},\"image\":{\"@id\":\"https:\\\/\\\/brufaganya.cat\\\/2020\\\/la-casa-de-lermita-ii-una-mirada-al-futur-del-patrimoni-de-sant-magi\\\/#primaryimage\"},\"thumbnailUrl\":\"https:\\\/\\\/brufaganya.cat\\\/2020\\\/wp-content\\\/uploads\\\/2025\\\/01\\\/Facana-projecte-Casa-ermita-II-entrada-web.jpg\",\"articleSection\":[\"Not\u00edcies\",\"Patrimoni arquitect\u00f2nic\"],\"inLanguage\":\"ca\",\"potentialAction\":[{\"@type\":\"CommentAction\",\"name\":\"Comment\",\"target\":[\"https:\\\/\\\/brufaganya.cat\\\/2020\\\/la-casa-de-lermita-ii-una-mirada-al-futur-del-patrimoni-de-sant-magi\\\/#respond\"]}]},{\"@type\":\"WebPage\",\"@id\":\"https:\\\/\\\/brufaganya.cat\\\/2020\\\/la-casa-de-lermita-ii-una-mirada-al-futur-del-patrimoni-de-sant-magi\\\/\",\"url\":\"https:\\\/\\\/brufaganya.cat\\\/2020\\\/la-casa-de-lermita-ii-una-mirada-al-futur-del-patrimoni-de-sant-magi\\\/\",\"name\":\"La Casa de l\u2019Ermit\u00e0 II: Una mirada al futur del patrimoni de Sant Mag\u00ed &#187; Sant Mag\u00ed de la Brufaganya\",\"isPartOf\":{\"@id\":\"https:\\\/\\\/brufaganya.cat\\\/2020\\\/#website\"},\"primaryImageOfPage\":{\"@id\":\"https:\\\/\\\/brufaganya.cat\\\/2020\\\/la-casa-de-lermita-ii-una-mirada-al-futur-del-patrimoni-de-sant-magi\\\/#primaryimage\"},\"image\":{\"@id\":\"https:\\\/\\\/brufaganya.cat\\\/2020\\\/la-casa-de-lermita-ii-una-mirada-al-futur-del-patrimoni-de-sant-magi\\\/#primaryimage\"},\"thumbnailUrl\":\"https:\\\/\\\/brufaganya.cat\\\/2020\\\/wp-content\\\/uploads\\\/2025\\\/01\\\/Facana-projecte-Casa-ermita-II-entrada-web.jpg\",\"datePublished\":\"2025-01-26T08:52:54+00:00\",\"breadcrumb\":{\"@id\":\"https:\\\/\\\/brufaganya.cat\\\/2020\\\/la-casa-de-lermita-ii-una-mirada-al-futur-del-patrimoni-de-sant-magi\\\/#breadcrumb\"},\"inLanguage\":\"ca\",\"potentialAction\":[{\"@type\":\"ReadAction\",\"target\":[\"https:\\\/\\\/brufaganya.cat\\\/2020\\\/la-casa-de-lermita-ii-una-mirada-al-futur-del-patrimoni-de-sant-magi\\\/\"]}]},{\"@type\":\"ImageObject\",\"inLanguage\":\"ca\",\"@id\":\"https:\\\/\\\/brufaganya.cat\\\/2020\\\/la-casa-de-lermita-ii-una-mirada-al-futur-del-patrimoni-de-sant-magi\\\/#primaryimage\",\"url\":\"https:\\\/\\\/brufaganya.cat\\\/2020\\\/wp-content\\\/uploads\\\/2025\\\/01\\\/Facana-projecte-Casa-ermita-II-entrada-web.jpg\",\"contentUrl\":\"https:\\\/\\\/brufaganya.cat\\\/2020\\\/wp-content\\\/uploads\\\/2025\\\/01\\\/Facana-projecte-Casa-ermita-II-entrada-web.jpg\",\"width\":2195,\"height\":1062},{\"@type\":\"BreadcrumbList\",\"@id\":\"https:\\\/\\\/brufaganya.cat\\\/2020\\\/la-casa-de-lermita-ii-una-mirada-al-futur-del-patrimoni-de-sant-magi\\\/#breadcrumb\",\"itemListElement\":[{\"@type\":\"ListItem\",\"position\":1,\"name\":\"Inici\",\"item\":\"https:\\\/\\\/brufaganya.cat\\\/2020\\\/\"},{\"@type\":\"ListItem\",\"position\":2,\"name\":\"La Casa de l\u2019Ermit\u00e0 II: Una mirada al futur del patrimoni de Sant Mag\u00ed\"}]},{\"@type\":\"WebSite\",\"@id\":\"https:\\\/\\\/brufaganya.cat\\\/2020\\\/#website\",\"url\":\"https:\\\/\\\/brufaganya.cat\\\/2020\\\/\",\"name\":\"Sant Mag\u00ed de la Brufaganya\",\"description\":\"Lloc web de Sant Mag\u00ed de la Brufaganya\",\"publisher\":{\"@id\":\"https:\\\/\\\/brufaganya.cat\\\/2020\\\/#organization\"},\"potentialAction\":[{\"@type\":\"SearchAction\",\"target\":{\"@type\":\"EntryPoint\",\"urlTemplate\":\"https:\\\/\\\/brufaganya.cat\\\/2020\\\/?s={search_term_string}\"},\"query-input\":{\"@type\":\"PropertyValueSpecification\",\"valueRequired\":true,\"valueName\":\"search_term_string\"}}],\"inLanguage\":\"ca\"},{\"@type\":\"Organization\",\"@id\":\"https:\\\/\\\/brufaganya.cat\\\/2020\\\/#organization\",\"name\":\"Sant Mag\u00ed de Brufaganya\",\"url\":\"https:\\\/\\\/brufaganya.cat\\\/2020\\\/\",\"logo\":{\"@type\":\"ImageObject\",\"inLanguage\":\"ca\",\"@id\":\"https:\\\/\\\/brufaganya.cat\\\/2020\\\/#\\\/schema\\\/logo\\\/image\\\/\",\"url\":\"https:\\\/\\\/brufaganya.cat\\\/2020\\\/wp-content\\\/uploads\\\/2018\\\/11\\\/st_marti_bruga_horitz_posi_logo.jpg\",\"contentUrl\":\"https:\\\/\\\/brufaganya.cat\\\/2020\\\/wp-content\\\/uploads\\\/2018\\\/11\\\/st_marti_bruga_horitz_posi_logo.jpg\",\"width\":1479,\"height\":804,\"caption\":\"Sant Mag\u00ed de Brufaganya\"},\"image\":{\"@id\":\"https:\\\/\\\/brufaganya.cat\\\/2020\\\/#\\\/schema\\\/logo\\\/image\\\/\"},\"sameAs\":[\"https:\\\/\\\/ca.wikipedia.org\\\/wiki\\\/Sant_Mag\u00ed_de_Brufaganya\"]},{\"@type\":\"Person\",\"@id\":\"https:\\\/\\\/brufaganya.cat\\\/2020\\\/#\\\/schema\\\/person\\\/104a8a58bc74955dad00f639bb234a56\",\"name\":\"Silvestre Pal\u00e0 Aug\u00e9\",\"image\":{\"@type\":\"ImageObject\",\"inLanguage\":\"ca\",\"@id\":\"https:\\\/\\\/secure.gravatar.com\\\/avatar\\\/240c865b87ee90f68f1bb82d954fb54e1c50d2b4355c9b807c7f2862e50c5fb1?s=96&d=mm&r=g\",\"url\":\"https:\\\/\\\/secure.gravatar.com\\\/avatar\\\/240c865b87ee90f68f1bb82d954fb54e1c50d2b4355c9b807c7f2862e50c5fb1?s=96&d=mm&r=g\",\"contentUrl\":\"https:\\\/\\\/secure.gravatar.com\\\/avatar\\\/240c865b87ee90f68f1bb82d954fb54e1c50d2b4355c9b807c7f2862e50c5fb1?s=96&d=mm&r=g\",\"caption\":\"Silvestre Pal\u00e0 Aug\u00e9\"},\"url\":\"https:\\\/\\\/brufaganya.cat\\\/2020\\\/author\\\/spala\\\/\"}]}<\/script>\n<!-- \/ Yoast SEO plugin. -->","yoast_head_json":{"title":"La Casa de l\u2019Ermit\u00e0 II: Una mirada al futur del patrimoni de Sant Mag\u00ed &#187; Sant Mag\u00ed de la Brufaganya","robots":{"index":"index","follow":"follow","max-snippet":"max-snippet:-1","max-image-preview":"max-image-preview:large","max-video-preview":"max-video-preview:-1"},"canonical":"https:\/\/brufaganya.cat\/2020\/la-casa-de-lermita-ii-una-mirada-al-futur-del-patrimoni-de-sant-magi\/","og_locale":"ca_ES","og_type":"article","og_title":"La Casa de l\u2019Ermit\u00e0 II: Una mirada al futur del patrimoni de Sant Mag\u00ed &#187; Sant Mag\u00ed de la Brufaganya","og_description":"A Sant Mag\u00ed, des de fa temps, estem treballant en la rehabilitaci\u00f3 de l\u2019edifici conegut com la Casa de l\u2019Ermit\u00e0 I. En aquest edifici, s\u2019ha completat totalment la reforma de [&hellip;]","og_url":"https:\/\/brufaganya.cat\/2020\/la-casa-de-lermita-ii-una-mirada-al-futur-del-patrimoni-de-sant-magi\/","og_site_name":"Sant Mag\u00ed de la Brufaganya","article_published_time":"2025-01-26T08:52:54+00:00","og_image":[{"width":2195,"height":1062,"url":"https:\/\/brufaganya.cat\/2020\/wp-content\/uploads\/2025\/01\/Facana-projecte-Casa-ermita-II-entrada-web.jpg","type":"image\/jpeg"}],"author":"Silvestre Pal\u00e0 Aug\u00e9","twitter_card":"summary_large_image","twitter_misc":{"Escrit per":"Silvestre Pal\u00e0 Aug\u00e9","Temps estimat de lectura":"3 minuts"},"schema":{"@context":"https:\/\/schema.org","@graph":[{"@type":"Article","@id":"https:\/\/brufaganya.cat\/2020\/la-casa-de-lermita-ii-una-mirada-al-futur-del-patrimoni-de-sant-magi\/#article","isPartOf":{"@id":"https:\/\/brufaganya.cat\/2020\/la-casa-de-lermita-ii-una-mirada-al-futur-del-patrimoni-de-sant-magi\/"},"author":{"name":"Silvestre Pal\u00e0 Aug\u00e9","@id":"https:\/\/brufaganya.cat\/2020\/#\/schema\/person\/104a8a58bc74955dad00f639bb234a56"},"headline":"La Casa de l\u2019Ermit\u00e0 II: Una mirada al futur del patrimoni de Sant Mag\u00ed","datePublished":"2025-01-26T08:52:54+00:00","mainEntityOfPage":{"@id":"https:\/\/brufaganya.cat\/2020\/la-casa-de-lermita-ii-una-mirada-al-futur-del-patrimoni-de-sant-magi\/"},"wordCount":352,"commentCount":0,"publisher":{"@id":"https:\/\/brufaganya.cat\/2020\/#organization"},"image":{"@id":"https:\/\/brufaganya.cat\/2020\/la-casa-de-lermita-ii-una-mirada-al-futur-del-patrimoni-de-sant-magi\/#primaryimage"},"thumbnailUrl":"https:\/\/brufaganya.cat\/2020\/wp-content\/uploads\/2025\/01\/Facana-projecte-Casa-ermita-II-entrada-web.jpg","articleSection":["Not\u00edcies","Patrimoni arquitect\u00f2nic"],"inLanguage":"ca","potentialAction":[{"@type":"CommentAction","name":"Comment","target":["https:\/\/brufaganya.cat\/2020\/la-casa-de-lermita-ii-una-mirada-al-futur-del-patrimoni-de-sant-magi\/#respond"]}]},{"@type":"WebPage","@id":"https:\/\/brufaganya.cat\/2020\/la-casa-de-lermita-ii-una-mirada-al-futur-del-patrimoni-de-sant-magi\/","url":"https:\/\/brufaganya.cat\/2020\/la-casa-de-lermita-ii-una-mirada-al-futur-del-patrimoni-de-sant-magi\/","name":"La Casa de l\u2019Ermit\u00e0 II: Una mirada al futur del patrimoni de Sant Mag\u00ed &#187; Sant Mag\u00ed de la Brufaganya","isPartOf":{"@id":"https:\/\/brufaganya.cat\/2020\/#website"},"primaryImageOfPage":{"@id":"https:\/\/brufaganya.cat\/2020\/la-casa-de-lermita-ii-una-mirada-al-futur-del-patrimoni-de-sant-magi\/#primaryimage"},"image":{"@id":"https:\/\/brufaganya.cat\/2020\/la-casa-de-lermita-ii-una-mirada-al-futur-del-patrimoni-de-sant-magi\/#primaryimage"},"thumbnailUrl":"https:\/\/brufaganya.cat\/2020\/wp-content\/uploads\/2025\/01\/Facana-projecte-Casa-ermita-II-entrada-web.jpg","datePublished":"2025-01-26T08:52:54+00:00","breadcrumb":{"@id":"https:\/\/brufaganya.cat\/2020\/la-casa-de-lermita-ii-una-mirada-al-futur-del-patrimoni-de-sant-magi\/#breadcrumb"},"inLanguage":"ca","potentialAction":[{"@type":"ReadAction","target":["https:\/\/brufaganya.cat\/2020\/la-casa-de-lermita-ii-una-mirada-al-futur-del-patrimoni-de-sant-magi\/"]}]},{"@type":"ImageObject","inLanguage":"ca","@id":"https:\/\/brufaganya.cat\/2020\/la-casa-de-lermita-ii-una-mirada-al-futur-del-patrimoni-de-sant-magi\/#primaryimage","url":"https:\/\/brufaganya.cat\/2020\/wp-content\/uploads\/2025\/01\/Facana-projecte-Casa-ermita-II-entrada-web.jpg","contentUrl":"https:\/\/brufaganya.cat\/2020\/wp-content\/uploads\/2025\/01\/Facana-projecte-Casa-ermita-II-entrada-web.jpg","width":2195,"height":1062},{"@type":"BreadcrumbList","@id":"https:\/\/brufaganya.cat\/2020\/la-casa-de-lermita-ii-una-mirada-al-futur-del-patrimoni-de-sant-magi\/#breadcrumb","itemListElement":[{"@type":"ListItem","position":1,"name":"Inici","item":"https:\/\/brufaganya.cat\/2020\/"},{"@type":"ListItem","position":2,"name":"La Casa de l\u2019Ermit\u00e0 II: Una mirada al futur del patrimoni de Sant Mag\u00ed"}]},{"@type":"WebSite","@id":"https:\/\/brufaganya.cat\/2020\/#website","url":"https:\/\/brufaganya.cat\/2020\/","name":"Sant Mag\u00ed de la Brufaganya","description":"Lloc web de Sant Mag\u00ed de la Brufaganya","publisher":{"@id":"https:\/\/brufaganya.cat\/2020\/#organization"},"potentialAction":[{"@type":"SearchAction","target":{"@type":"EntryPoint","urlTemplate":"https:\/\/brufaganya.cat\/2020\/?s={search_term_string}"},"query-input":{"@type":"PropertyValueSpecification","valueRequired":true,"valueName":"search_term_string"}}],"inLanguage":"ca"},{"@type":"Organization","@id":"https:\/\/brufaganya.cat\/2020\/#organization","name":"Sant Mag\u00ed de Brufaganya","url":"https:\/\/brufaganya.cat\/2020\/","logo":{"@type":"ImageObject","inLanguage":"ca","@id":"https:\/\/brufaganya.cat\/2020\/#\/schema\/logo\/image\/","url":"https:\/\/brufaganya.cat\/2020\/wp-content\/uploads\/2018\/11\/st_marti_bruga_horitz_posi_logo.jpg","contentUrl":"https:\/\/brufaganya.cat\/2020\/wp-content\/uploads\/2018\/11\/st_marti_bruga_horitz_posi_logo.jpg","width":1479,"height":804,"caption":"Sant Mag\u00ed de Brufaganya"},"image":{"@id":"https:\/\/brufaganya.cat\/2020\/#\/schema\/logo\/image\/"},"sameAs":["https:\/\/ca.wikipedia.org\/wiki\/Sant_Mag\u00ed_de_Brufaganya"]},{"@type":"Person","@id":"https:\/\/brufaganya.cat\/2020\/#\/schema\/person\/104a8a58bc74955dad00f639bb234a56","name":"Silvestre Pal\u00e0 Aug\u00e9","image":{"@type":"ImageObject","inLanguage":"ca","@id":"https:\/\/secure.gravatar.com\/avatar\/240c865b87ee90f68f1bb82d954fb54e1c50d2b4355c9b807c7f2862e50c5fb1?s=96&d=mm&r=g","url":"https:\/\/secure.gravatar.com\/avatar\/240c865b87ee90f68f1bb82d954fb54e1c50d2b4355c9b807c7f2862e50c5fb1?s=96&d=mm&r=g","contentUrl":"https:\/\/secure.gravatar.com\/avatar\/240c865b87ee90f68f1bb82d954fb54e1c50d2b4355c9b807c7f2862e50c5fb1?s=96&d=mm&r=g","caption":"Silvestre Pal\u00e0 Aug\u00e9"},"url":"https:\/\/brufaganya.cat\/2020\/author\/spala\/"}]}},"_links":{"self":[{"href":"https:\/\/brufaganya.cat\/2020\/wp-json\/wp\/v2\/posts\/8647","targetHints":{"allow":["GET"]}}],"collection":[{"href":"https:\/\/brufaganya.cat\/2020\/wp-json\/wp\/v2\/posts"}],"about":[{"href":"https:\/\/brufaganya.cat\/2020\/wp-json\/wp\/v2\/types\/post"}],"author":[{"embeddable":true,"href":"https:\/\/brufaganya.cat\/2020\/wp-json\/wp\/v2\/users\/109"}],"replies":[{"embeddable":true,"href":"https:\/\/brufaganya.cat\/2020\/wp-json\/wp\/v2\/comments?post=8647"}],"version-history":[{"count":0,"href":"https:\/\/brufaganya.cat\/2020\/wp-json\/wp\/v2\/posts\/8647\/revisions"}],"wp:featuredmedia":[{"embeddable":true,"href":"https:\/\/brufaganya.cat\/2020\/wp-json\/wp\/v2\/media\/8649"}],"wp:attachment":[{"href":"https:\/\/brufaganya.cat\/2020\/wp-json\/wp\/v2\/media?parent=8647"}],"wp:term":[{"taxonomy":"category","embeddable":true,"href":"https:\/\/brufaganya.cat\/2020\/wp-json\/wp\/v2\/categories?post=8647"},{"taxonomy":"post_tag","embeddable":true,"href":"https:\/\/brufaganya.cat\/2020\/wp-json\/wp\/v2\/tags?post=8647"}],"curies":[{"name":"wp","href":"https:\/\/api.w.org\/{rel}","templated":true}]}}