{"id":8584,"date":"2024-11-06T21:42:33","date_gmt":"2024-11-06T19:42:33","guid":{"rendered":"https:\/\/brufaganya.cat\/2020\/?p=8584"},"modified":"2024-11-06T21:42:33","modified_gmt":"2024-11-06T19:42:33","slug":"les-fonts-de-sant-magi-tornen-a-rajar-despres-de-dos-anys-de-sequera","status":"publish","type":"post","link":"https:\/\/brufaganya.cat\/2020\/les-fonts-de-sant-magi-tornen-a-rajar-despres-de-dos-anys-de-sequera\/","title":{"rendered":"Les Fonts de Sant Mag\u00ed tornen a rajar despr\u00e9s de dos anys de sequera"},"content":{"rendered":"<p><!--more--><\/p>\n<p>Des del 19 d\u2019abril de 2023, les Fonts de Sant Mag\u00ed no havien vessat ni una gota d\u2019aigua. En total, 565 dies sense activitat en una de les fonts m\u00e9s emblem\u00e0tiques de la nostra comarca, que s\u2019afegien a la llarga sequera que ja port\u00e0vem arrossegant des de feia anys. Aquest mat\u00ed del 6 de novembre de 2024, per\u00f2, la situaci\u00f3 ha canviat: dos dels quatre brocs han comen\u00e7at a rajar t\u00edmidament, mentre que dels altres, en brollava alguna gota.<\/p>\n<p>Han estat anys complicats, especialment per a l\u2019agricultura de sec\u00e0, un sector que ha hagut de fer front a aquesta situaci\u00f3 extrema amb subvencions i la declaraci\u00f3 de sinistres. Els pagesos, com<img loading=\"lazy\" decoding=\"async\" class=\"size-medium wp-image-8587 alignright\" src=\"https:\/\/brufaganya.cat\/2020\/wp-content\/uploads\/2024\/11\/IMG-20241106-WA0011-225x300.jpg\" alt=\"\" width=\"225\" height=\"300\" srcset=\"https:\/\/brufaganya.cat\/2020\/wp-content\/uploads\/2024\/11\/IMG-20241106-WA0011-225x300.jpg 225w, https:\/\/brufaganya.cat\/2020\/wp-content\/uploads\/2024\/11\/IMG-20241106-WA0011-768x1024.jpg 768w, https:\/\/brufaganya.cat\/2020\/wp-content\/uploads\/2024\/11\/IMG-20241106-WA0011-1152x1536.jpg 1152w, https:\/\/brufaganya.cat\/2020\/wp-content\/uploads\/2024\/11\/IMG-20241106-WA0011.jpg 1200w\" sizes=\"auto, (max-width: 225px) 100vw, 225px\" \/> molts altres sectors, han patit amb duresa l\u2019impacte de la sequera.<\/p>\n<p>Afortunadament, des del mes d\u2019agost, el govern de la Generalitat no ha hagut d\u2019incrementar les alertes per sequera, i sembla que la situaci\u00f3 comen\u00e7a a millorar. Les \u00faltimes pluges han arribat amb abund\u00e0ncia, caient de forma generosa per\u00f2 sense provocar els estralls que desafortunadament han afectat altres pobles, com ha estat el cas en algunes zones de Val\u00e8ncia.<\/p>\n<p>Malgrat aquest petit respir, la nostra comarca interior es mant\u00e9 en una situaci\u00f3 d\u2019excepcionalitat, amb els pantans que tot just superen el 30% de la seva capacitat total.<\/p>\n<p>L\u2019alegria dels Amics de Sant Mag\u00ed \u00e9s evident en veure les Fonts tornar a brollar, encara que sigui t\u00edmidament. \u00c9s un signe d\u2019esperan\u00e7a que desitgem que es mantingui i perduri per molts anys. Tant de bo passin generacions abans que tornem a parlar d\u2019una sequera tan intensa com la que sembla que finalment comen\u00e7a a tocar a la seva fi.<\/p>\n","protected":false},"excerpt":{"rendered":"Des del 19 d\u2019abril de 2023, les Fonts de Sant Mag\u00ed no havien vessat ni una gota d\u2019aigua. En total, 565 dies sense activitat en una de les fonts m\u00e9s [...]","protected":false},"author":109,"featured_media":8586,"comment_status":"open","ping_status":"closed","sticky":false,"template":"","format":"standard","meta":{"inline_featured_image":false,"footnotes":""},"categories":[1],"tags":[815,793,821,820,824,822,826,818,813,827,819,823,817,825,814],"class_list":["post-8584","post","type-post","status-publish","format-standard","has-post-thumbnail","hentry","category-noticies","tag-agricultura-de-seca","tag-aigua","tag-amics-de-sant-magi","tag-brocs","tag-canvi-climatic","tag-comunitat","tag-esperanca","tag-excepcio-per-sequera","tag-fonts-de-sant-magi","tag-generacions-futures","tag-pluges","tag-recuperacio","tag-reserves-daigua","tag-reserves-pantans","tag-sequera"],"yoast_head":"<!-- This site is optimized with the Yoast SEO plugin v27.4 - https:\/\/yoast.com\/product\/yoast-seo-wordpress\/ -->\n<title>Les Fonts de Sant Mag\u00ed tornen a rajar despr\u00e9s de dos anys de sequera &#187; Sant Mag\u00ed de la Brufaganya<\/title>\n<meta name=\"robots\" content=\"index, follow, max-snippet:-1, max-image-preview:large, max-video-preview:-1\" \/>\n<link rel=\"canonical\" href=\"https:\/\/brufaganya.cat\/2020\/les-fonts-de-sant-magi-tornen-a-rajar-despres-de-dos-anys-de-sequera\/\" \/>\n<meta property=\"og:locale\" content=\"ca_ES\" \/>\n<meta property=\"og:type\" content=\"article\" \/>\n<meta property=\"og:title\" content=\"Les Fonts de Sant Mag\u00ed tornen a rajar despr\u00e9s de dos anys de sequera &#187; Sant Mag\u00ed de la Brufaganya\" \/>\n<meta property=\"og:url\" content=\"https:\/\/brufaganya.cat\/2020\/les-fonts-de-sant-magi-tornen-a-rajar-despres-de-dos-anys-de-sequera\/\" \/>\n<meta property=\"og:site_name\" content=\"Sant Mag\u00ed de la Brufaganya\" \/>\n<meta property=\"article:published_time\" content=\"2024-11-06T19:42:33+00:00\" \/>\n<meta property=\"og:image\" content=\"https:\/\/brufaganya.cat\/2020\/wp-content\/uploads\/2024\/11\/IMG-20241106-WA0009.jpg\" \/>\n\t<meta property=\"og:image:width\" content=\"1600\" \/>\n\t<meta property=\"og:image:height\" content=\"1200\" \/>\n\t<meta property=\"og:image:type\" content=\"image\/jpeg\" \/>\n<meta name=\"author\" content=\"Silvestre Pal\u00e0 Aug\u00e9\" \/>\n<meta name=\"twitter:card\" content=\"summary_large_image\" \/>\n<meta name=\"twitter:label1\" content=\"Escrit per\" \/>\n\t<meta name=\"twitter:data1\" content=\"Silvestre Pal\u00e0 Aug\u00e9\" \/>\n\t<meta name=\"twitter:label2\" content=\"Temps estimat de lectura\" \/>\n\t<meta name=\"twitter:data2\" content=\"2 minuts\" \/>\n<script type=\"application\/ld+json\" class=\"yoast-schema-graph\">{\"@context\":\"https:\\\/\\\/schema.org\",\"@graph\":[{\"@type\":\"Article\",\"@id\":\"https:\\\/\\\/brufaganya.cat\\\/2020\\\/les-fonts-de-sant-magi-tornen-a-rajar-despres-de-dos-anys-de-sequera\\\/#article\",\"isPartOf\":{\"@id\":\"https:\\\/\\\/brufaganya.cat\\\/2020\\\/les-fonts-de-sant-magi-tornen-a-rajar-despres-de-dos-anys-de-sequera\\\/\"},\"author\":{\"name\":\"Silvestre Pal\u00e0 Aug\u00e9\",\"@id\":\"https:\\\/\\\/brufaganya.cat\\\/2020\\\/#\\\/schema\\\/person\\\/104a8a58bc74955dad00f639bb234a56\"},\"headline\":\"Les Fonts de Sant Mag\u00ed tornen a rajar despr\u00e9s de dos anys de sequera\",\"datePublished\":\"2024-11-06T19:42:33+00:00\",\"mainEntityOfPage\":{\"@id\":\"https:\\\/\\\/brufaganya.cat\\\/2020\\\/les-fonts-de-sant-magi-tornen-a-rajar-despres-de-dos-anys-de-sequera\\\/\"},\"wordCount\":299,\"commentCount\":0,\"publisher\":{\"@id\":\"https:\\\/\\\/brufaganya.cat\\\/2020\\\/#organization\"},\"image\":{\"@id\":\"https:\\\/\\\/brufaganya.cat\\\/2020\\\/les-fonts-de-sant-magi-tornen-a-rajar-despres-de-dos-anys-de-sequera\\\/#primaryimage\"},\"thumbnailUrl\":\"https:\\\/\\\/brufaganya.cat\\\/2020\\\/wp-content\\\/uploads\\\/2024\\\/11\\\/IMG-20241106-WA0009.jpg\",\"keywords\":[\"agricultura de sec\u00e0\",\"Aigua\",\"Amics de Sant Mag\u00ed\",\"brocs\",\"canvi clim\u00e0tic\",\"comunitat\",\"esperan\u00e7a\",\"excepci\u00f3 per sequera\",\"Fonts de Sant Mag\u00ed\",\"generacions futures.\",\"pluges\",\"recuperaci\u00f3\",\"reserves d\u2019aigua\",\"reserves pantans\",\"sequera\"],\"articleSection\":[\"Not\u00edcies\"],\"inLanguage\":\"ca\",\"potentialAction\":[{\"@type\":\"CommentAction\",\"name\":\"Comment\",\"target\":[\"https:\\\/\\\/brufaganya.cat\\\/2020\\\/les-fonts-de-sant-magi-tornen-a-rajar-despres-de-dos-anys-de-sequera\\\/#respond\"]}]},{\"@type\":\"WebPage\",\"@id\":\"https:\\\/\\\/brufaganya.cat\\\/2020\\\/les-fonts-de-sant-magi-tornen-a-rajar-despres-de-dos-anys-de-sequera\\\/\",\"url\":\"https:\\\/\\\/brufaganya.cat\\\/2020\\\/les-fonts-de-sant-magi-tornen-a-rajar-despres-de-dos-anys-de-sequera\\\/\",\"name\":\"Les Fonts de Sant Mag\u00ed tornen a rajar despr\u00e9s de dos anys de sequera &#187; Sant Mag\u00ed de la Brufaganya\",\"isPartOf\":{\"@id\":\"https:\\\/\\\/brufaganya.cat\\\/2020\\\/#website\"},\"primaryImageOfPage\":{\"@id\":\"https:\\\/\\\/brufaganya.cat\\\/2020\\\/les-fonts-de-sant-magi-tornen-a-rajar-despres-de-dos-anys-de-sequera\\\/#primaryimage\"},\"image\":{\"@id\":\"https:\\\/\\\/brufaganya.cat\\\/2020\\\/les-fonts-de-sant-magi-tornen-a-rajar-despres-de-dos-anys-de-sequera\\\/#primaryimage\"},\"thumbnailUrl\":\"https:\\\/\\\/brufaganya.cat\\\/2020\\\/wp-content\\\/uploads\\\/2024\\\/11\\\/IMG-20241106-WA0009.jpg\",\"datePublished\":\"2024-11-06T19:42:33+00:00\",\"breadcrumb\":{\"@id\":\"https:\\\/\\\/brufaganya.cat\\\/2020\\\/les-fonts-de-sant-magi-tornen-a-rajar-despres-de-dos-anys-de-sequera\\\/#breadcrumb\"},\"inLanguage\":\"ca\",\"potentialAction\":[{\"@type\":\"ReadAction\",\"target\":[\"https:\\\/\\\/brufaganya.cat\\\/2020\\\/les-fonts-de-sant-magi-tornen-a-rajar-despres-de-dos-anys-de-sequera\\\/\"]}]},{\"@type\":\"ImageObject\",\"inLanguage\":\"ca\",\"@id\":\"https:\\\/\\\/brufaganya.cat\\\/2020\\\/les-fonts-de-sant-magi-tornen-a-rajar-despres-de-dos-anys-de-sequera\\\/#primaryimage\",\"url\":\"https:\\\/\\\/brufaganya.cat\\\/2020\\\/wp-content\\\/uploads\\\/2024\\\/11\\\/IMG-20241106-WA0009.jpg\",\"contentUrl\":\"https:\\\/\\\/brufaganya.cat\\\/2020\\\/wp-content\\\/uploads\\\/2024\\\/11\\\/IMG-20241106-WA0009.jpg\",\"width\":1600,\"height\":1200,\"caption\":\"Les Fonts de Sant Mag\u00ed han comen\u00e7at a rajar t\u00edmidament el 6 de novembre de 2024\"},{\"@type\":\"BreadcrumbList\",\"@id\":\"https:\\\/\\\/brufaganya.cat\\\/2020\\\/les-fonts-de-sant-magi-tornen-a-rajar-despres-de-dos-anys-de-sequera\\\/#breadcrumb\",\"itemListElement\":[{\"@type\":\"ListItem\",\"position\":1,\"name\":\"Inici\",\"item\":\"https:\\\/\\\/brufaganya.cat\\\/2020\\\/\"},{\"@type\":\"ListItem\",\"position\":2,\"name\":\"Les Fonts de Sant Mag\u00ed tornen a rajar despr\u00e9s de dos anys de sequera\"}]},{\"@type\":\"WebSite\",\"@id\":\"https:\\\/\\\/brufaganya.cat\\\/2020\\\/#website\",\"url\":\"https:\\\/\\\/brufaganya.cat\\\/2020\\\/\",\"name\":\"Sant Mag\u00ed de la Brufaganya\",\"description\":\"Lloc web de Sant Mag\u00ed de la Brufaganya\",\"publisher\":{\"@id\":\"https:\\\/\\\/brufaganya.cat\\\/2020\\\/#organization\"},\"potentialAction\":[{\"@type\":\"SearchAction\",\"target\":{\"@type\":\"EntryPoint\",\"urlTemplate\":\"https:\\\/\\\/brufaganya.cat\\\/2020\\\/?s={search_term_string}\"},\"query-input\":{\"@type\":\"PropertyValueSpecification\",\"valueRequired\":true,\"valueName\":\"search_term_string\"}}],\"inLanguage\":\"ca\"},{\"@type\":\"Organization\",\"@id\":\"https:\\\/\\\/brufaganya.cat\\\/2020\\\/#organization\",\"name\":\"Sant Mag\u00ed de Brufaganya\",\"url\":\"https:\\\/\\\/brufaganya.cat\\\/2020\\\/\",\"logo\":{\"@type\":\"ImageObject\",\"inLanguage\":\"ca\",\"@id\":\"https:\\\/\\\/brufaganya.cat\\\/2020\\\/#\\\/schema\\\/logo\\\/image\\\/\",\"url\":\"https:\\\/\\\/brufaganya.cat\\\/2020\\\/wp-content\\\/uploads\\\/2018\\\/11\\\/st_marti_bruga_horitz_posi_logo.jpg\",\"contentUrl\":\"https:\\\/\\\/brufaganya.cat\\\/2020\\\/wp-content\\\/uploads\\\/2018\\\/11\\\/st_marti_bruga_horitz_posi_logo.jpg\",\"width\":1479,\"height\":804,\"caption\":\"Sant Mag\u00ed de Brufaganya\"},\"image\":{\"@id\":\"https:\\\/\\\/brufaganya.cat\\\/2020\\\/#\\\/schema\\\/logo\\\/image\\\/\"},\"sameAs\":[\"https:\\\/\\\/ca.wikipedia.org\\\/wiki\\\/Sant_Mag\u00ed_de_Brufaganya\"]},{\"@type\":\"Person\",\"@id\":\"https:\\\/\\\/brufaganya.cat\\\/2020\\\/#\\\/schema\\\/person\\\/104a8a58bc74955dad00f639bb234a56\",\"name\":\"Silvestre Pal\u00e0 Aug\u00e9\",\"image\":{\"@type\":\"ImageObject\",\"inLanguage\":\"ca\",\"@id\":\"https:\\\/\\\/secure.gravatar.com\\\/avatar\\\/240c865b87ee90f68f1bb82d954fb54e1c50d2b4355c9b807c7f2862e50c5fb1?s=96&d=mm&r=g\",\"url\":\"https:\\\/\\\/secure.gravatar.com\\\/avatar\\\/240c865b87ee90f68f1bb82d954fb54e1c50d2b4355c9b807c7f2862e50c5fb1?s=96&d=mm&r=g\",\"contentUrl\":\"https:\\\/\\\/secure.gravatar.com\\\/avatar\\\/240c865b87ee90f68f1bb82d954fb54e1c50d2b4355c9b807c7f2862e50c5fb1?s=96&d=mm&r=g\",\"caption\":\"Silvestre Pal\u00e0 Aug\u00e9\"},\"url\":\"https:\\\/\\\/brufaganya.cat\\\/2020\\\/author\\\/spala\\\/\"}]}<\/script>\n<!-- \/ Yoast SEO plugin. -->","yoast_head_json":{"title":"Les Fonts de Sant Mag\u00ed tornen a rajar despr\u00e9s de dos anys de sequera &#187; Sant Mag\u00ed de la Brufaganya","robots":{"index":"index","follow":"follow","max-snippet":"max-snippet:-1","max-image-preview":"max-image-preview:large","max-video-preview":"max-video-preview:-1"},"canonical":"https:\/\/brufaganya.cat\/2020\/les-fonts-de-sant-magi-tornen-a-rajar-despres-de-dos-anys-de-sequera\/","og_locale":"ca_ES","og_type":"article","og_title":"Les Fonts de Sant Mag\u00ed tornen a rajar despr\u00e9s de dos anys de sequera &#187; Sant Mag\u00ed de la Brufaganya","og_url":"https:\/\/brufaganya.cat\/2020\/les-fonts-de-sant-magi-tornen-a-rajar-despres-de-dos-anys-de-sequera\/","og_site_name":"Sant Mag\u00ed de la Brufaganya","article_published_time":"2024-11-06T19:42:33+00:00","og_image":[{"width":1600,"height":1200,"url":"https:\/\/brufaganya.cat\/2020\/wp-content\/uploads\/2024\/11\/IMG-20241106-WA0009.jpg","type":"image\/jpeg"}],"author":"Silvestre Pal\u00e0 Aug\u00e9","twitter_card":"summary_large_image","twitter_misc":{"Escrit per":"Silvestre Pal\u00e0 Aug\u00e9","Temps estimat de lectura":"2 minuts"},"schema":{"@context":"https:\/\/schema.org","@graph":[{"@type":"Article","@id":"https:\/\/brufaganya.cat\/2020\/les-fonts-de-sant-magi-tornen-a-rajar-despres-de-dos-anys-de-sequera\/#article","isPartOf":{"@id":"https:\/\/brufaganya.cat\/2020\/les-fonts-de-sant-magi-tornen-a-rajar-despres-de-dos-anys-de-sequera\/"},"author":{"name":"Silvestre Pal\u00e0 Aug\u00e9","@id":"https:\/\/brufaganya.cat\/2020\/#\/schema\/person\/104a8a58bc74955dad00f639bb234a56"},"headline":"Les Fonts de Sant Mag\u00ed tornen a rajar despr\u00e9s de dos anys de sequera","datePublished":"2024-11-06T19:42:33+00:00","mainEntityOfPage":{"@id":"https:\/\/brufaganya.cat\/2020\/les-fonts-de-sant-magi-tornen-a-rajar-despres-de-dos-anys-de-sequera\/"},"wordCount":299,"commentCount":0,"publisher":{"@id":"https:\/\/brufaganya.cat\/2020\/#organization"},"image":{"@id":"https:\/\/brufaganya.cat\/2020\/les-fonts-de-sant-magi-tornen-a-rajar-despres-de-dos-anys-de-sequera\/#primaryimage"},"thumbnailUrl":"https:\/\/brufaganya.cat\/2020\/wp-content\/uploads\/2024\/11\/IMG-20241106-WA0009.jpg","keywords":["agricultura de sec\u00e0","Aigua","Amics de Sant Mag\u00ed","brocs","canvi clim\u00e0tic","comunitat","esperan\u00e7a","excepci\u00f3 per sequera","Fonts de Sant Mag\u00ed","generacions futures.","pluges","recuperaci\u00f3","reserves d\u2019aigua","reserves pantans","sequera"],"articleSection":["Not\u00edcies"],"inLanguage":"ca","potentialAction":[{"@type":"CommentAction","name":"Comment","target":["https:\/\/brufaganya.cat\/2020\/les-fonts-de-sant-magi-tornen-a-rajar-despres-de-dos-anys-de-sequera\/#respond"]}]},{"@type":"WebPage","@id":"https:\/\/brufaganya.cat\/2020\/les-fonts-de-sant-magi-tornen-a-rajar-despres-de-dos-anys-de-sequera\/","url":"https:\/\/brufaganya.cat\/2020\/les-fonts-de-sant-magi-tornen-a-rajar-despres-de-dos-anys-de-sequera\/","name":"Les Fonts de Sant Mag\u00ed tornen a rajar despr\u00e9s de dos anys de sequera &#187; Sant Mag\u00ed de la Brufaganya","isPartOf":{"@id":"https:\/\/brufaganya.cat\/2020\/#website"},"primaryImageOfPage":{"@id":"https:\/\/brufaganya.cat\/2020\/les-fonts-de-sant-magi-tornen-a-rajar-despres-de-dos-anys-de-sequera\/#primaryimage"},"image":{"@id":"https:\/\/brufaganya.cat\/2020\/les-fonts-de-sant-magi-tornen-a-rajar-despres-de-dos-anys-de-sequera\/#primaryimage"},"thumbnailUrl":"https:\/\/brufaganya.cat\/2020\/wp-content\/uploads\/2024\/11\/IMG-20241106-WA0009.jpg","datePublished":"2024-11-06T19:42:33+00:00","breadcrumb":{"@id":"https:\/\/brufaganya.cat\/2020\/les-fonts-de-sant-magi-tornen-a-rajar-despres-de-dos-anys-de-sequera\/#breadcrumb"},"inLanguage":"ca","potentialAction":[{"@type":"ReadAction","target":["https:\/\/brufaganya.cat\/2020\/les-fonts-de-sant-magi-tornen-a-rajar-despres-de-dos-anys-de-sequera\/"]}]},{"@type":"ImageObject","inLanguage":"ca","@id":"https:\/\/brufaganya.cat\/2020\/les-fonts-de-sant-magi-tornen-a-rajar-despres-de-dos-anys-de-sequera\/#primaryimage","url":"https:\/\/brufaganya.cat\/2020\/wp-content\/uploads\/2024\/11\/IMG-20241106-WA0009.jpg","contentUrl":"https:\/\/brufaganya.cat\/2020\/wp-content\/uploads\/2024\/11\/IMG-20241106-WA0009.jpg","width":1600,"height":1200,"caption":"Les Fonts de Sant Mag\u00ed han comen\u00e7at a rajar t\u00edmidament el 6 de novembre de 2024"},{"@type":"BreadcrumbList","@id":"https:\/\/brufaganya.cat\/2020\/les-fonts-de-sant-magi-tornen-a-rajar-despres-de-dos-anys-de-sequera\/#breadcrumb","itemListElement":[{"@type":"ListItem","position":1,"name":"Inici","item":"https:\/\/brufaganya.cat\/2020\/"},{"@type":"ListItem","position":2,"name":"Les Fonts de Sant Mag\u00ed tornen a rajar despr\u00e9s de dos anys de sequera"}]},{"@type":"WebSite","@id":"https:\/\/brufaganya.cat\/2020\/#website","url":"https:\/\/brufaganya.cat\/2020\/","name":"Sant Mag\u00ed de la Brufaganya","description":"Lloc web de Sant Mag\u00ed de la Brufaganya","publisher":{"@id":"https:\/\/brufaganya.cat\/2020\/#organization"},"potentialAction":[{"@type":"SearchAction","target":{"@type":"EntryPoint","urlTemplate":"https:\/\/brufaganya.cat\/2020\/?s={search_term_string}"},"query-input":{"@type":"PropertyValueSpecification","valueRequired":true,"valueName":"search_term_string"}}],"inLanguage":"ca"},{"@type":"Organization","@id":"https:\/\/brufaganya.cat\/2020\/#organization","name":"Sant Mag\u00ed de Brufaganya","url":"https:\/\/brufaganya.cat\/2020\/","logo":{"@type":"ImageObject","inLanguage":"ca","@id":"https:\/\/brufaganya.cat\/2020\/#\/schema\/logo\/image\/","url":"https:\/\/brufaganya.cat\/2020\/wp-content\/uploads\/2018\/11\/st_marti_bruga_horitz_posi_logo.jpg","contentUrl":"https:\/\/brufaganya.cat\/2020\/wp-content\/uploads\/2018\/11\/st_marti_bruga_horitz_posi_logo.jpg","width":1479,"height":804,"caption":"Sant Mag\u00ed de Brufaganya"},"image":{"@id":"https:\/\/brufaganya.cat\/2020\/#\/schema\/logo\/image\/"},"sameAs":["https:\/\/ca.wikipedia.org\/wiki\/Sant_Mag\u00ed_de_Brufaganya"]},{"@type":"Person","@id":"https:\/\/brufaganya.cat\/2020\/#\/schema\/person\/104a8a58bc74955dad00f639bb234a56","name":"Silvestre Pal\u00e0 Aug\u00e9","image":{"@type":"ImageObject","inLanguage":"ca","@id":"https:\/\/secure.gravatar.com\/avatar\/240c865b87ee90f68f1bb82d954fb54e1c50d2b4355c9b807c7f2862e50c5fb1?s=96&d=mm&r=g","url":"https:\/\/secure.gravatar.com\/avatar\/240c865b87ee90f68f1bb82d954fb54e1c50d2b4355c9b807c7f2862e50c5fb1?s=96&d=mm&r=g","contentUrl":"https:\/\/secure.gravatar.com\/avatar\/240c865b87ee90f68f1bb82d954fb54e1c50d2b4355c9b807c7f2862e50c5fb1?s=96&d=mm&r=g","caption":"Silvestre Pal\u00e0 Aug\u00e9"},"url":"https:\/\/brufaganya.cat\/2020\/author\/spala\/"}]}},"_links":{"self":[{"href":"https:\/\/brufaganya.cat\/2020\/wp-json\/wp\/v2\/posts\/8584","targetHints":{"allow":["GET"]}}],"collection":[{"href":"https:\/\/brufaganya.cat\/2020\/wp-json\/wp\/v2\/posts"}],"about":[{"href":"https:\/\/brufaganya.cat\/2020\/wp-json\/wp\/v2\/types\/post"}],"author":[{"embeddable":true,"href":"https:\/\/brufaganya.cat\/2020\/wp-json\/wp\/v2\/users\/109"}],"replies":[{"embeddable":true,"href":"https:\/\/brufaganya.cat\/2020\/wp-json\/wp\/v2\/comments?post=8584"}],"version-history":[{"count":0,"href":"https:\/\/brufaganya.cat\/2020\/wp-json\/wp\/v2\/posts\/8584\/revisions"}],"wp:featuredmedia":[{"embeddable":true,"href":"https:\/\/brufaganya.cat\/2020\/wp-json\/wp\/v2\/media\/8586"}],"wp:attachment":[{"href":"https:\/\/brufaganya.cat\/2020\/wp-json\/wp\/v2\/media?parent=8584"}],"wp:term":[{"taxonomy":"category","embeddable":true,"href":"https:\/\/brufaganya.cat\/2020\/wp-json\/wp\/v2\/categories?post=8584"},{"taxonomy":"post_tag","embeddable":true,"href":"https:\/\/brufaganya.cat\/2020\/wp-json\/wp\/v2\/tags?post=8584"}],"curies":[{"name":"wp","href":"https:\/\/api.w.org\/{rel}","templated":true}]}}