{"id":8525,"date":"2024-09-17T11:13:07","date_gmt":"2024-09-17T09:13:07","guid":{"rendered":"https:\/\/brufaganya.cat\/2020\/?p=8525"},"modified":"2024-09-17T11:23:45","modified_gmt":"2024-09-17T09:23:45","slug":"un-aplec-de-sant-magi-rodo","status":"publish","type":"post","link":"https:\/\/brufaganya.cat\/2020\/un-aplec-de-sant-magi-rodo\/","title":{"rendered":"Un Aplec de Sant Mag\u00ed, rod\u00f3!"},"content":{"rendered":"<p>Diumenge, vam celebrar l&#8217;Aplec de Setembre a Sant Mag\u00ed. Tot just acabat l&#8217;Aplec i amb l&#8217;euf\u00f2ria de com ha anat, volem compartir algunes imatges dels actes que hi han tingut lloc. Esperem que us agradin, us recordin el b\u00e9 ho hem passar i&#8230; us donin ganes de tornar!<\/p>\n<div id='gallery-1' class='gallery galleryid-8525 gallery-columns-3 gallery-size-thumbnail'><figure class='gallery-item'>\n\t\t\t<div class='gallery-icon portrait'>\n\t\t\t\t<a href='https:\/\/brufaganya.cat\/2020\/un-aplec-de-sant-magi-rodo\/img-20240915-wa0003\/'><img loading=\"lazy\" decoding=\"async\" width=\"150\" height=\"150\" src=\"https:\/\/brufaganya.cat\/2020\/wp-content\/uploads\/2024\/09\/IMG-20240915-WA0003-150x150.jpg\" class=\"attachment-thumbnail size-thumbnail\" alt=\"\" aria-describedby=\"gallery-1-8527\" \/><\/a>\n\t\t\t<\/div>\n\t\t\t\t<figcaption class='wp-caption-text gallery-caption' id='gallery-1-8527'>\n\t\t\t\tFent esmorzars\n\t\t\t\t<\/figcaption><\/figure><figure class='gallery-item'>\n\t\t\t<div class='gallery-icon portrait'>\n\t\t\t\t<a href='https:\/\/brufaganya.cat\/2020\/un-aplec-de-sant-magi-rodo\/img-20240915-wa0005\/'><img loading=\"lazy\" decoding=\"async\" width=\"150\" height=\"150\" src=\"https:\/\/brufaganya.cat\/2020\/wp-content\/uploads\/2024\/09\/IMG-20240915-WA0005-150x150.jpg\" class=\"attachment-thumbnail size-thumbnail\" alt=\"\" aria-describedby=\"gallery-1-8529\" \/><\/a>\n\t\t\t<\/div>\n\t\t\t\t<figcaption class='wp-caption-text gallery-caption' id='gallery-1-8529'>\n\t\t\t\tSegur que hi ha menjar per tothom\n\t\t\t\t<\/figcaption><\/figure><figure class='gallery-item'>\n\t\t\t<div class='gallery-icon portrait'>\n\t\t\t\t<a href='https:\/\/brufaganya.cat\/2020\/un-aplec-de-sant-magi-rodo\/img-20240915-wa0007\/'><img loading=\"lazy\" decoding=\"async\" width=\"150\" height=\"150\" src=\"https:\/\/brufaganya.cat\/2020\/wp-content\/uploads\/2024\/09\/IMG-20240915-WA0007-150x150.jpg\" class=\"attachment-thumbnail size-thumbnail\" alt=\"\" aria-describedby=\"gallery-1-8531\" \/><\/a>\n\t\t\t<\/div>\n\t\t\t\t<figcaption class='wp-caption-text gallery-caption' id='gallery-1-8531'>\n\t\t\t\tQu\u00e9 en fem m\u00e9s?\n\t\t\t\t<\/figcaption><\/figure><figure class='gallery-item'>\n\t\t\t<div class='gallery-icon portrait'>\n\t\t\t\t<a href='https:\/\/brufaganya.cat\/2020\/un-aplec-de-sant-magi-rodo\/img-20240915-wa0006\/'><img loading=\"lazy\" decoding=\"async\" width=\"150\" height=\"150\" src=\"https:\/\/brufaganya.cat\/2020\/wp-content\/uploads\/2024\/09\/IMG-20240915-WA0006-150x150.jpg\" class=\"attachment-thumbnail size-thumbnail\" alt=\"\" aria-describedby=\"gallery-1-8530\" \/><\/a>\n\t\t\t<\/div>\n\t\t\t\t<figcaption class='wp-caption-text gallery-caption' id='gallery-1-8530'>\n\t\t\t\tQuin bon dia que far\u00e0..\n\t\t\t\t<\/figcaption><\/figure><figure class='gallery-item'>\n\t\t\t<div class='gallery-icon portrait'>\n\t\t\t\t<a href='https:\/\/brufaganya.cat\/2020\/un-aplec-de-sant-magi-rodo\/img-20240915-wa0004\/'><img loading=\"lazy\" decoding=\"async\" width=\"150\" height=\"150\" src=\"https:\/\/brufaganya.cat\/2020\/wp-content\/uploads\/2024\/09\/IMG-20240915-WA0004-150x150.jpg\" class=\"attachment-thumbnail size-thumbnail\" alt=\"\" aria-describedby=\"gallery-1-8528\" \/><\/a>\n\t\t\t<\/div>\n\t\t\t\t<figcaption class='wp-caption-text gallery-caption' id='gallery-1-8528'>\n\t\t\t\tTothom a contribuir\n\t\t\t\t<\/figcaption><\/figure><figure class='gallery-item'>\n\t\t\t<div class='gallery-icon landscape'>\n\t\t\t\t<a href='https:\/\/brufaganya.cat\/2020\/un-aplec-de-sant-magi-rodo\/img-20240915-wa0009\/'><img loading=\"lazy\" decoding=\"async\" width=\"150\" height=\"150\" src=\"https:\/\/brufaganya.cat\/2020\/wp-content\/uploads\/2024\/09\/IMG-20240915-WA0009-150x150.jpg\" class=\"attachment-thumbnail size-thumbnail\" alt=\"\" aria-describedby=\"gallery-1-8533\" srcset=\"https:\/\/brufaganya.cat\/2020\/wp-content\/uploads\/2024\/09\/IMG-20240915-WA0009-150x150.jpg 150w, https:\/\/brufaganya.cat\/2020\/wp-content\/uploads\/2024\/09\/IMG-20240915-WA0009-300x300.jpg 300w, https:\/\/brufaganya.cat\/2020\/wp-content\/uploads\/2024\/09\/IMG-20240915-WA0009-1024x1024.jpg 1024w, https:\/\/brufaganya.cat\/2020\/wp-content\/uploads\/2024\/09\/IMG-20240915-WA0009-768x768.jpg 768w, https:\/\/brufaganya.cat\/2020\/wp-content\/uploads\/2024\/09\/IMG-20240915-WA0009-1536x1536.jpg 1536w, https:\/\/brufaganya.cat\/2020\/wp-content\/uploads\/2024\/09\/IMG-20240915-WA0009.jpg 1651w\" sizes=\"auto, (max-width: 150px) 100vw, 150px\" \/><\/a>\n\t\t\t<\/div>\n\t\t\t\t<figcaption class='wp-caption-text gallery-caption' id='gallery-1-8533'>\n\t\t\t\tP\n\n\t\t\t\t<\/figcaption><\/figure><figure class='gallery-item'>\n\t\t\t<div class='gallery-icon portrait'>\n\t\t\t\t<a href='https:\/\/brufaganya.cat\/2020\/un-aplec-de-sant-magi-rodo\/img-20240916-wa0004\/'><img loading=\"lazy\" decoding=\"async\" width=\"150\" height=\"150\" src=\"https:\/\/brufaganya.cat\/2020\/wp-content\/uploads\/2024\/09\/IMG-20240916-WA0004-150x150.jpg\" class=\"attachment-thumbnail size-thumbnail\" alt=\"\" aria-describedby=\"gallery-1-8526\" \/><\/a>\n\t\t\t<\/div>\n\t\t\t\t<figcaption class='wp-caption-text gallery-caption' id='gallery-1-8526'>\n\t\t\t\tBon profit !\n\t\t\t\t<\/figcaption><\/figure><figure class='gallery-item'>\n\t\t\t<div class='gallery-icon landscape'>\n\t\t\t\t<a href='https:\/\/brufaganya.cat\/2020\/un-aplec-de-sant-magi-rodo\/ballpla\/'><img loading=\"lazy\" decoding=\"async\" width=\"150\" height=\"150\" src=\"https:\/\/brufaganya.cat\/2020\/wp-content\/uploads\/2024\/09\/ballPla-150x150.jpg\" class=\"attachment-thumbnail size-thumbnail\" alt=\"\" aria-describedby=\"gallery-1-8534\" \/><\/a>\n\t\t\t<\/div>\n\t\t\t\t<figcaption class='wp-caption-text gallery-caption' id='gallery-1-8534'>\n\t\t\t\tBall Pla\n\t\t\t\t<\/figcaption><\/figure><figure class='gallery-item'>\n\t\t\t<div class='gallery-icon landscape'>\n\t\t\t\t<a href='https:\/\/brufaganya.cat\/2020\/un-aplec-de-sant-magi-rodo\/sardana\/'><img loading=\"lazy\" decoding=\"async\" width=\"150\" height=\"150\" src=\"https:\/\/brufaganya.cat\/2020\/wp-content\/uploads\/2024\/09\/sardana-150x150.jpg\" class=\"attachment-thumbnail size-thumbnail\" alt=\"\" aria-describedby=\"gallery-1-8535\" \/><\/a>\n\t\t\t<\/div>\n\t\t\t\t<figcaption class='wp-caption-text gallery-caption' id='gallery-1-8535'>\n\t\t\t\tSardana\n\t\t\t\t<\/figcaption><\/figure>\n\t\t<\/div>\n\n<p>De bon mat\u00ed for\u00e7a gent a esmorzar, fer el traguet amb el porr\u00f3 i &#8220;fer petar la xerrada&#8221; amb els coneguts que anaven arribant. Sort dels voluntaris que feien entrepants sense parar.<\/p>\n<p>Despr\u00e9s cap a dalt, al Santuari. <strong>Ball Pla quasi femen\u00ed; on s\u00f3n els homes balladors?<\/strong>?Sardanes i Missa retrobada amb la gent amiga i molt bon ambient. Tothom mirant i bastants ballant, aix\u00f2 millora!<\/p>\n<p>I ara avall, cap a les Fonts i a dinar . Despr\u00e9s de dinar, m\u00fasica i xerinola.<\/p>\n<p>Mentrestant tot el mat\u00ed, nens i nenes fent dibuixos i fent sonar els xiulets que el Rac\u00f3 dels Jocs els hi canviava pels seus dibuixos. Ja es deia:&#8221; 1 dibuix per 1 xiulet&#8221;. Pares i mares parlant i donant &#8220;un cop de m\u00e0&#8221; als m\u00e9s menuts que tamb\u00e9 volien pintar. Algunes partides de &#8220;3 en ratlla&#8221; que guanyaven els grans o els petits, mai se sap!<\/p>\n<p>D&#8217;altres, remenant llibres per trobar el qu\u00e8 interessa. Corrua de gent entrant i sortint de la Capella de les Fonts.<\/p>\n<p>I ara\u00a0 a pensar en\u00a0 l&#8217;Aplec de l&#8217;any vinent. Us hi esperem!!!<\/p>\n","protected":false},"excerpt":{"rendered":"<p>Diumenge, vam celebrar l&#8217;Aplec de Setembre a Sant Mag\u00ed. Tot just acabat l&#8217;Aplec i amb l&#8217;euf\u00f2ria de com ha anat, volem compartir algunes imatges dels actes que hi han tingut [&hellip;]<\/p>\n","protected":false},"author":105,"featured_media":8536,"comment_status":"open","ping_status":"closed","sticky":false,"template":"","format":"standard","meta":{"inline_featured_image":false,"footnotes":""},"categories":[1,768],"tags":[],"class_list":["post-8525","post","type-post","status-publish","format-standard","has-post-thumbnail","hentry","category-noticies","category-tradicions-religioses"],"yoast_head":"<!-- This site is optimized with the Yoast SEO plugin v27.5 - https:\/\/yoast.com\/product\/yoast-seo-wordpress\/ -->\n<title>Un Aplec de Sant Mag\u00ed, rod\u00f3! &#187; Sant Mag\u00ed de la Brufaganya<\/title>\n<meta name=\"robots\" content=\"index, follow, max-snippet:-1, max-image-preview:large, max-video-preview:-1\" \/>\n<link rel=\"canonical\" href=\"https:\/\/brufaganya.cat\/2020\/un-aplec-de-sant-magi-rodo\/\" \/>\n<meta property=\"og:locale\" content=\"ca_ES\" \/>\n<meta property=\"og:type\" content=\"article\" \/>\n<meta property=\"og:title\" content=\"Un Aplec de Sant Mag\u00ed, rod\u00f3! &#187; Sant Mag\u00ed de la Brufaganya\" \/>\n<meta property=\"og:description\" content=\"Diumenge, vam celebrar l&#8217;Aplec de Setembre a Sant Mag\u00ed. Tot just acabat l&#8217;Aplec i amb l&#8217;euf\u00f2ria de com ha anat, volem compartir algunes imatges dels actes que hi han tingut [&hellip;]\" \/>\n<meta property=\"og:url\" content=\"https:\/\/brufaganya.cat\/2020\/un-aplec-de-sant-magi-rodo\/\" \/>\n<meta property=\"og:site_name\" content=\"Sant Mag\u00ed de la Brufaganya\" \/>\n<meta property=\"article:published_time\" content=\"2024-09-17T09:13:07+00:00\" \/>\n<meta property=\"article:modified_time\" content=\"2024-09-17T09:23:45+00:00\" \/>\n<meta property=\"og:image\" content=\"https:\/\/brufaganya.cat\/2020\/wp-content\/uploads\/2024\/09\/IMG-20240915-WA0010.jpg\" \/>\n\t<meta property=\"og:image:width\" content=\"2049\" \/>\n\t<meta property=\"og:image:height\" content=\"891\" \/>\n\t<meta property=\"og:image:type\" content=\"image\/jpeg\" \/>\n<meta name=\"author\" content=\"Rita Armejach Carreras\" \/>\n<meta name=\"twitter:card\" content=\"summary_large_image\" \/>\n<meta name=\"twitter:label1\" content=\"Escrit per\" \/>\n\t<meta name=\"twitter:data1\" content=\"Rita Armejach Carreras\" \/>\n\t<meta name=\"twitter:label2\" content=\"Temps estimat de lectura\" \/>\n\t<meta name=\"twitter:data2\" content=\"2 minuts\" \/>\n<script type=\"application\/ld+json\" class=\"yoast-schema-graph\">{\"@context\":\"https:\\\/\\\/schema.org\",\"@graph\":[{\"@type\":\"Article\",\"@id\":\"https:\\\/\\\/brufaganya.cat\\\/2020\\\/un-aplec-de-sant-magi-rodo\\\/#article\",\"isPartOf\":{\"@id\":\"https:\\\/\\\/brufaganya.cat\\\/2020\\\/un-aplec-de-sant-magi-rodo\\\/\"},\"author\":{\"name\":\"Rita Armejach Carreras\",\"@id\":\"https:\\\/\\\/brufaganya.cat\\\/2020\\\/#\\\/schema\\\/person\\\/cd383ee397867b5182d1cf80b8c2e95c\"},\"headline\":\"Un Aplec de Sant Mag\u00ed, rod\u00f3!\",\"datePublished\":\"2024-09-17T09:13:07+00:00\",\"dateModified\":\"2024-09-17T09:23:45+00:00\",\"mainEntityOfPage\":{\"@id\":\"https:\\\/\\\/brufaganya.cat\\\/2020\\\/un-aplec-de-sant-magi-rodo\\\/\"},\"wordCount\":240,\"commentCount\":0,\"publisher\":{\"@id\":\"https:\\\/\\\/brufaganya.cat\\\/2020\\\/#organization\"},\"image\":{\"@id\":\"https:\\\/\\\/brufaganya.cat\\\/2020\\\/un-aplec-de-sant-magi-rodo\\\/#primaryimage\"},\"thumbnailUrl\":\"https:\\\/\\\/brufaganya.cat\\\/2020\\\/wp-content\\\/uploads\\\/2024\\\/09\\\/IMG-20240915-WA0010.jpg\",\"articleSection\":[\"Not\u00edcies\",\"Tradicions religioses\"],\"inLanguage\":\"ca\",\"potentialAction\":[{\"@type\":\"CommentAction\",\"name\":\"Comment\",\"target\":[\"https:\\\/\\\/brufaganya.cat\\\/2020\\\/un-aplec-de-sant-magi-rodo\\\/#respond\"]}]},{\"@type\":\"WebPage\",\"@id\":\"https:\\\/\\\/brufaganya.cat\\\/2020\\\/un-aplec-de-sant-magi-rodo\\\/\",\"url\":\"https:\\\/\\\/brufaganya.cat\\\/2020\\\/un-aplec-de-sant-magi-rodo\\\/\",\"name\":\"Un Aplec de Sant Mag\u00ed, rod\u00f3! &#187; Sant Mag\u00ed de la Brufaganya\",\"isPartOf\":{\"@id\":\"https:\\\/\\\/brufaganya.cat\\\/2020\\\/#website\"},\"primaryImageOfPage\":{\"@id\":\"https:\\\/\\\/brufaganya.cat\\\/2020\\\/un-aplec-de-sant-magi-rodo\\\/#primaryimage\"},\"image\":{\"@id\":\"https:\\\/\\\/brufaganya.cat\\\/2020\\\/un-aplec-de-sant-magi-rodo\\\/#primaryimage\"},\"thumbnailUrl\":\"https:\\\/\\\/brufaganya.cat\\\/2020\\\/wp-content\\\/uploads\\\/2024\\\/09\\\/IMG-20240915-WA0010.jpg\",\"datePublished\":\"2024-09-17T09:13:07+00:00\",\"dateModified\":\"2024-09-17T09:23:45+00:00\",\"breadcrumb\":{\"@id\":\"https:\\\/\\\/brufaganya.cat\\\/2020\\\/un-aplec-de-sant-magi-rodo\\\/#breadcrumb\"},\"inLanguage\":\"ca\",\"potentialAction\":[{\"@type\":\"ReadAction\",\"target\":[\"https:\\\/\\\/brufaganya.cat\\\/2020\\\/un-aplec-de-sant-magi-rodo\\\/\"]}]},{\"@type\":\"ImageObject\",\"inLanguage\":\"ca\",\"@id\":\"https:\\\/\\\/brufaganya.cat\\\/2020\\\/un-aplec-de-sant-magi-rodo\\\/#primaryimage\",\"url\":\"https:\\\/\\\/brufaganya.cat\\\/2020\\\/wp-content\\\/uploads\\\/2024\\\/09\\\/IMG-20240915-WA0010.jpg\",\"contentUrl\":\"https:\\\/\\\/brufaganya.cat\\\/2020\\\/wp-content\\\/uploads\\\/2024\\\/09\\\/IMG-20240915-WA0010.jpg\",\"width\":2049,\"height\":891},{\"@type\":\"BreadcrumbList\",\"@id\":\"https:\\\/\\\/brufaganya.cat\\\/2020\\\/un-aplec-de-sant-magi-rodo\\\/#breadcrumb\",\"itemListElement\":[{\"@type\":\"ListItem\",\"position\":1,\"name\":\"Inici\",\"item\":\"https:\\\/\\\/brufaganya.cat\\\/2020\\\/\"},{\"@type\":\"ListItem\",\"position\":2,\"name\":\"Un Aplec de Sant Mag\u00ed, rod\u00f3!\"}]},{\"@type\":\"WebSite\",\"@id\":\"https:\\\/\\\/brufaganya.cat\\\/2020\\\/#website\",\"url\":\"https:\\\/\\\/brufaganya.cat\\\/2020\\\/\",\"name\":\"Sant Mag\u00ed de la Brufaganya\",\"description\":\"Lloc web de Sant Mag\u00ed de la Brufaganya\",\"publisher\":{\"@id\":\"https:\\\/\\\/brufaganya.cat\\\/2020\\\/#organization\"},\"potentialAction\":[{\"@type\":\"SearchAction\",\"target\":{\"@type\":\"EntryPoint\",\"urlTemplate\":\"https:\\\/\\\/brufaganya.cat\\\/2020\\\/?s={search_term_string}\"},\"query-input\":{\"@type\":\"PropertyValueSpecification\",\"valueRequired\":true,\"valueName\":\"search_term_string\"}}],\"inLanguage\":\"ca\"},{\"@type\":\"Organization\",\"@id\":\"https:\\\/\\\/brufaganya.cat\\\/2020\\\/#organization\",\"name\":\"Sant Mag\u00ed de Brufaganya\",\"url\":\"https:\\\/\\\/brufaganya.cat\\\/2020\\\/\",\"logo\":{\"@type\":\"ImageObject\",\"inLanguage\":\"ca\",\"@id\":\"https:\\\/\\\/brufaganya.cat\\\/2020\\\/#\\\/schema\\\/logo\\\/image\\\/\",\"url\":\"https:\\\/\\\/brufaganya.cat\\\/2020\\\/wp-content\\\/uploads\\\/2018\\\/11\\\/st_marti_bruga_horitz_posi_logo.jpg\",\"contentUrl\":\"https:\\\/\\\/brufaganya.cat\\\/2020\\\/wp-content\\\/uploads\\\/2018\\\/11\\\/st_marti_bruga_horitz_posi_logo.jpg\",\"width\":1479,\"height\":804,\"caption\":\"Sant Mag\u00ed de Brufaganya\"},\"image\":{\"@id\":\"https:\\\/\\\/brufaganya.cat\\\/2020\\\/#\\\/schema\\\/logo\\\/image\\\/\"},\"sameAs\":[\"https:\\\/\\\/ca.wikipedia.org\\\/wiki\\\/Sant_Mag\u00ed_de_Brufaganya\"]},{\"@type\":\"Person\",\"@id\":\"https:\\\/\\\/brufaganya.cat\\\/2020\\\/#\\\/schema\\\/person\\\/cd383ee397867b5182d1cf80b8c2e95c\",\"name\":\"Rita Armejach Carreras\",\"image\":{\"@type\":\"ImageObject\",\"inLanguage\":\"ca\",\"@id\":\"https:\\\/\\\/secure.gravatar.com\\\/avatar\\\/9dd6e49c4c61c4e14defcbf48211c55e6d268a4486cf9f5cef1b53148943d71d?s=96&d=mm&r=g\",\"url\":\"https:\\\/\\\/secure.gravatar.com\\\/avatar\\\/9dd6e49c4c61c4e14defcbf48211c55e6d268a4486cf9f5cef1b53148943d71d?s=96&d=mm&r=g\",\"contentUrl\":\"https:\\\/\\\/secure.gravatar.com\\\/avatar\\\/9dd6e49c4c61c4e14defcbf48211c55e6d268a4486cf9f5cef1b53148943d71d?s=96&d=mm&r=g\",\"caption\":\"Rita Armejach Carreras\"},\"url\":\"https:\\\/\\\/brufaganya.cat\\\/2020\\\/author\\\/rarmejach\\\/\"}]}<\/script>\n<!-- \/ Yoast SEO plugin. -->","yoast_head_json":{"title":"Un Aplec de Sant Mag\u00ed, rod\u00f3! &#187; Sant Mag\u00ed de la Brufaganya","robots":{"index":"index","follow":"follow","max-snippet":"max-snippet:-1","max-image-preview":"max-image-preview:large","max-video-preview":"max-video-preview:-1"},"canonical":"https:\/\/brufaganya.cat\/2020\/un-aplec-de-sant-magi-rodo\/","og_locale":"ca_ES","og_type":"article","og_title":"Un Aplec de Sant Mag\u00ed, rod\u00f3! &#187; Sant Mag\u00ed de la Brufaganya","og_description":"Diumenge, vam celebrar l&#8217;Aplec de Setembre a Sant Mag\u00ed. Tot just acabat l&#8217;Aplec i amb l&#8217;euf\u00f2ria de com ha anat, volem compartir algunes imatges dels actes que hi han tingut [&hellip;]","og_url":"https:\/\/brufaganya.cat\/2020\/un-aplec-de-sant-magi-rodo\/","og_site_name":"Sant Mag\u00ed de la Brufaganya","article_published_time":"2024-09-17T09:13:07+00:00","article_modified_time":"2024-09-17T09:23:45+00:00","og_image":[{"width":2049,"height":891,"url":"https:\/\/brufaganya.cat\/2020\/wp-content\/uploads\/2024\/09\/IMG-20240915-WA0010.jpg","type":"image\/jpeg"}],"author":"Rita Armejach Carreras","twitter_card":"summary_large_image","twitter_misc":{"Escrit per":"Rita Armejach Carreras","Temps estimat de lectura":"2 minuts"},"schema":{"@context":"https:\/\/schema.org","@graph":[{"@type":"Article","@id":"https:\/\/brufaganya.cat\/2020\/un-aplec-de-sant-magi-rodo\/#article","isPartOf":{"@id":"https:\/\/brufaganya.cat\/2020\/un-aplec-de-sant-magi-rodo\/"},"author":{"name":"Rita Armejach Carreras","@id":"https:\/\/brufaganya.cat\/2020\/#\/schema\/person\/cd383ee397867b5182d1cf80b8c2e95c"},"headline":"Un Aplec de Sant Mag\u00ed, rod\u00f3!","datePublished":"2024-09-17T09:13:07+00:00","dateModified":"2024-09-17T09:23:45+00:00","mainEntityOfPage":{"@id":"https:\/\/brufaganya.cat\/2020\/un-aplec-de-sant-magi-rodo\/"},"wordCount":240,"commentCount":0,"publisher":{"@id":"https:\/\/brufaganya.cat\/2020\/#organization"},"image":{"@id":"https:\/\/brufaganya.cat\/2020\/un-aplec-de-sant-magi-rodo\/#primaryimage"},"thumbnailUrl":"https:\/\/brufaganya.cat\/2020\/wp-content\/uploads\/2024\/09\/IMG-20240915-WA0010.jpg","articleSection":["Not\u00edcies","Tradicions religioses"],"inLanguage":"ca","potentialAction":[{"@type":"CommentAction","name":"Comment","target":["https:\/\/brufaganya.cat\/2020\/un-aplec-de-sant-magi-rodo\/#respond"]}]},{"@type":"WebPage","@id":"https:\/\/brufaganya.cat\/2020\/un-aplec-de-sant-magi-rodo\/","url":"https:\/\/brufaganya.cat\/2020\/un-aplec-de-sant-magi-rodo\/","name":"Un Aplec de Sant Mag\u00ed, rod\u00f3! &#187; Sant Mag\u00ed de la Brufaganya","isPartOf":{"@id":"https:\/\/brufaganya.cat\/2020\/#website"},"primaryImageOfPage":{"@id":"https:\/\/brufaganya.cat\/2020\/un-aplec-de-sant-magi-rodo\/#primaryimage"},"image":{"@id":"https:\/\/brufaganya.cat\/2020\/un-aplec-de-sant-magi-rodo\/#primaryimage"},"thumbnailUrl":"https:\/\/brufaganya.cat\/2020\/wp-content\/uploads\/2024\/09\/IMG-20240915-WA0010.jpg","datePublished":"2024-09-17T09:13:07+00:00","dateModified":"2024-09-17T09:23:45+00:00","breadcrumb":{"@id":"https:\/\/brufaganya.cat\/2020\/un-aplec-de-sant-magi-rodo\/#breadcrumb"},"inLanguage":"ca","potentialAction":[{"@type":"ReadAction","target":["https:\/\/brufaganya.cat\/2020\/un-aplec-de-sant-magi-rodo\/"]}]},{"@type":"ImageObject","inLanguage":"ca","@id":"https:\/\/brufaganya.cat\/2020\/un-aplec-de-sant-magi-rodo\/#primaryimage","url":"https:\/\/brufaganya.cat\/2020\/wp-content\/uploads\/2024\/09\/IMG-20240915-WA0010.jpg","contentUrl":"https:\/\/brufaganya.cat\/2020\/wp-content\/uploads\/2024\/09\/IMG-20240915-WA0010.jpg","width":2049,"height":891},{"@type":"BreadcrumbList","@id":"https:\/\/brufaganya.cat\/2020\/un-aplec-de-sant-magi-rodo\/#breadcrumb","itemListElement":[{"@type":"ListItem","position":1,"name":"Inici","item":"https:\/\/brufaganya.cat\/2020\/"},{"@type":"ListItem","position":2,"name":"Un Aplec de Sant Mag\u00ed, rod\u00f3!"}]},{"@type":"WebSite","@id":"https:\/\/brufaganya.cat\/2020\/#website","url":"https:\/\/brufaganya.cat\/2020\/","name":"Sant Mag\u00ed de la Brufaganya","description":"Lloc web de Sant Mag\u00ed de la Brufaganya","publisher":{"@id":"https:\/\/brufaganya.cat\/2020\/#organization"},"potentialAction":[{"@type":"SearchAction","target":{"@type":"EntryPoint","urlTemplate":"https:\/\/brufaganya.cat\/2020\/?s={search_term_string}"},"query-input":{"@type":"PropertyValueSpecification","valueRequired":true,"valueName":"search_term_string"}}],"inLanguage":"ca"},{"@type":"Organization","@id":"https:\/\/brufaganya.cat\/2020\/#organization","name":"Sant Mag\u00ed de Brufaganya","url":"https:\/\/brufaganya.cat\/2020\/","logo":{"@type":"ImageObject","inLanguage":"ca","@id":"https:\/\/brufaganya.cat\/2020\/#\/schema\/logo\/image\/","url":"https:\/\/brufaganya.cat\/2020\/wp-content\/uploads\/2018\/11\/st_marti_bruga_horitz_posi_logo.jpg","contentUrl":"https:\/\/brufaganya.cat\/2020\/wp-content\/uploads\/2018\/11\/st_marti_bruga_horitz_posi_logo.jpg","width":1479,"height":804,"caption":"Sant Mag\u00ed de Brufaganya"},"image":{"@id":"https:\/\/brufaganya.cat\/2020\/#\/schema\/logo\/image\/"},"sameAs":["https:\/\/ca.wikipedia.org\/wiki\/Sant_Mag\u00ed_de_Brufaganya"]},{"@type":"Person","@id":"https:\/\/brufaganya.cat\/2020\/#\/schema\/person\/cd383ee397867b5182d1cf80b8c2e95c","name":"Rita Armejach Carreras","image":{"@type":"ImageObject","inLanguage":"ca","@id":"https:\/\/secure.gravatar.com\/avatar\/9dd6e49c4c61c4e14defcbf48211c55e6d268a4486cf9f5cef1b53148943d71d?s=96&d=mm&r=g","url":"https:\/\/secure.gravatar.com\/avatar\/9dd6e49c4c61c4e14defcbf48211c55e6d268a4486cf9f5cef1b53148943d71d?s=96&d=mm&r=g","contentUrl":"https:\/\/secure.gravatar.com\/avatar\/9dd6e49c4c61c4e14defcbf48211c55e6d268a4486cf9f5cef1b53148943d71d?s=96&d=mm&r=g","caption":"Rita Armejach Carreras"},"url":"https:\/\/brufaganya.cat\/2020\/author\/rarmejach\/"}]}},"_links":{"self":[{"href":"https:\/\/brufaganya.cat\/2020\/wp-json\/wp\/v2\/posts\/8525","targetHints":{"allow":["GET"]}}],"collection":[{"href":"https:\/\/brufaganya.cat\/2020\/wp-json\/wp\/v2\/posts"}],"about":[{"href":"https:\/\/brufaganya.cat\/2020\/wp-json\/wp\/v2\/types\/post"}],"author":[{"embeddable":true,"href":"https:\/\/brufaganya.cat\/2020\/wp-json\/wp\/v2\/users\/105"}],"replies":[{"embeddable":true,"href":"https:\/\/brufaganya.cat\/2020\/wp-json\/wp\/v2\/comments?post=8525"}],"version-history":[{"count":0,"href":"https:\/\/brufaganya.cat\/2020\/wp-json\/wp\/v2\/posts\/8525\/revisions"}],"wp:featuredmedia":[{"embeddable":true,"href":"https:\/\/brufaganya.cat\/2020\/wp-json\/wp\/v2\/media\/8536"}],"wp:attachment":[{"href":"https:\/\/brufaganya.cat\/2020\/wp-json\/wp\/v2\/media?parent=8525"}],"wp:term":[{"taxonomy":"category","embeddable":true,"href":"https:\/\/brufaganya.cat\/2020\/wp-json\/wp\/v2\/categories?post=8525"},{"taxonomy":"post_tag","embeddable":true,"href":"https:\/\/brufaganya.cat\/2020\/wp-json\/wp\/v2\/tags?post=8525"}],"curies":[{"name":"wp","href":"https:\/\/api.w.org\/{rel}","templated":true}]}}