{"id":8463,"date":"2024-08-19T06:56:24","date_gmt":"2024-08-19T04:56:24","guid":{"rendered":"https:\/\/brufaganya.cat\/2020\/?p=8463"},"modified":"2025-02-27T14:20:48","modified_gmt":"2025-02-27T12:20:48","slug":"bon-dia-de-sant-magi","status":"publish","type":"post","link":"https:\/\/brufaganya.cat\/2020\/bon-dia-de-sant-magi\/","title":{"rendered":"BON DIA de Sant Mag\u00ed!!!"},"content":{"rendered":"<figure id=\"attachment_4572\" aria-describedby=\"caption-attachment-4572\" style=\"width: 300px\" class=\"wp-caption alignright\"><img loading=\"lazy\" decoding=\"async\" class=\"wp-image-4572 size-medium\" src=\"https:\/\/brufaganya.cat\/2020\/wp-content\/uploads\/2019\/09\/SM-300x226.jpg\" alt=\"\" width=\"300\" height=\"226\" srcset=\"https:\/\/brufaganya.cat\/2020\/wp-content\/uploads\/2019\/09\/SM-300x226.jpg 300w, https:\/\/brufaganya.cat\/2020\/wp-content\/uploads\/2019\/09\/SM-86x64.jpg 86w, https:\/\/brufaganya.cat\/2020\/wp-content\/uploads\/2019\/09\/SM.jpg 384w\" sizes=\"auto, (max-width: 300px) 100vw, 300px\" \/><figcaption id=\"caption-attachment-4572\" class=\"wp-caption-text\">Diada de Sant Mag\u00ed<\/figcaption><\/figure>\n<p>Avui es el dia central a Sant Mag\u00ed de la Brufaganya, avui celebrem l&#8217;onom\u00e0stica del sant ermit\u00e0 que d\u00f3na nom al Santuari. Sense Sant Mag\u00ed i la seva tradici\u00f3 no tindria sentit el reguitzell d&#8217;actes que es fan al llarg del&#8217;any. Els aplecs, els concerts, les visites guiadades, les Jornades de Patrimoni, les conferencies, els estudis, els tallers&#8230; tot gira a l&#8217;entorn de la figura de Sant Mag\u00ed del lloc i la seva hist\u00f2ria.<\/p>\n<p>Molts aconteixements i molts entrevancs han passat en aquest territori:\u00a0 l&#8217;eremita Mag\u00ed,els beneficiats, els dominics, la desamortitzaci\u00f3, els soldats d&#8217;un i altre b\u00e0ndol, el franquisme, la soletat i ara la reconstruci\u00f3 i dinamitzaci\u00f3.<\/p>\n<p>Per\u00f2 tots han passat &#8230; i S.Mag\u00ed de la Brufagaya s&#8217;ha quedat.<\/p>\n<figure id=\"attachment_6984\" aria-describedby=\"caption-attachment-6984\" style=\"width: 146px\" class=\"wp-caption alignleft\"><img loading=\"lazy\" decoding=\"async\" class=\"size-medium wp-image-6984\" src=\"https:\/\/brufaganya.cat\/2020\/wp-content\/uploads\/2022\/08\/IMG-20220819-WA0019-146x300.jpg\" alt=\"\" width=\"146\" height=\"300\" srcset=\"https:\/\/brufaganya.cat\/2020\/wp-content\/uploads\/2022\/08\/IMG-20220819-WA0019-146x300.jpg 146w, https:\/\/brufaganya.cat\/2020\/wp-content\/uploads\/2022\/08\/IMG-20220819-WA0019-498x1024.jpg 498w, https:\/\/brufaganya.cat\/2020\/wp-content\/uploads\/2022\/08\/IMG-20220819-WA0019-768x1580.jpg 768w, https:\/\/brufaganya.cat\/2020\/wp-content\/uploads\/2022\/08\/IMG-20220819-WA0019-746x1536.jpg 746w, https:\/\/brufaganya.cat\/2020\/wp-content\/uploads\/2022\/08\/IMG-20220819-WA0019.jpg 777w\" sizes=\"auto, (max-width: 146px) 100vw, 146px\" \/><figcaption id=\"caption-attachment-6984\" class=\"wp-caption-text\">DEVOCI\u00d3: Esperant la missa<\/figcaption><\/figure>\n<p>Sant Mag\u00ed pot amb tot , encara que no tothom ens ho creiem. Per aix\u00f2 cada any venen grups de molts pobles a buscar l&#8217;aigua que diuen miraculosa i la reparteixen per diferents contrades del pais.<\/p>\n<p>Des del segle III fins ara, gent de totes les classes socials i de diferents formes de pensar s&#8217;acosten a Sant Mag\u00ed per trobar remei, consol o donar gr\u00e0cies. Potser \u00e9s una llegenda, per\u00f2 d&#8217;aix\u00f3 tamb\u00e9 en viu l&#8217;esperan\u00e7a.<\/p>\n<p>Celebrem San Mag\u00ed arribem-nos al Santuari, encenguem una espelma per donar fe de la nostra pres\u00e9ncia.\u00a0 Remullem els peus a les Fonts malgrat la sequera i reprenem el cam\u00ed m\u00e9s confortats.<\/p>\n<figure id=\"attachment_6409\" aria-describedby=\"caption-attachment-6409\" style=\"width: 300px\" class=\"wp-caption alignright\"><img loading=\"lazy\" decoding=\"async\" class=\"size-medium wp-image-6409\" src=\"https:\/\/brufaganya.cat\/2020\/wp-content\/uploads\/2021\/09\/SMmullarFont-300x200.jpeg\" alt=\"\" width=\"300\" height=\"200\" srcset=\"https:\/\/brufaganya.cat\/2020\/wp-content\/uploads\/2021\/09\/SMmullarFont-300x200.jpeg 300w, https:\/\/brufaganya.cat\/2020\/wp-content\/uploads\/2021\/09\/SMmullarFont-768x512.jpeg 768w, https:\/\/brufaganya.cat\/2020\/wp-content\/uploads\/2021\/09\/SMmullarFont.jpeg 1024w\" sizes=\"auto, (max-width: 300px) 100vw, 300px\" \/><figcaption id=\"caption-attachment-6409\" class=\"wp-caption-text\">Mullant-se a les Fonts<\/figcaption><\/figure>\n<p>BON SANT MAG\u00cd A TOTHOM I FELICITEM A TOTS ELS QUI CELEBREN AVUI EL SANT!!!<a href=\"https:\/\/euvitafarm.com\/\">.<\/a><\/p>\n","protected":false},"excerpt":{"rendered":"<p>Avui es el dia central a Sant Mag\u00ed de la Brufaganya, avui celebrem l&#8217;onom\u00e0stica del sant ermit\u00e0 que d\u00f3na nom al Santuari. Sense Sant Mag\u00ed i la seva tradici\u00f3 no [&hellip;]<\/p>\n","protected":false},"author":105,"featured_media":6222,"comment_status":"open","ping_status":"closed","sticky":false,"template":"","format":"standard","meta":{"inline_featured_image":false,"footnotes":""},"categories":[1,768],"tags":[],"class_list":["post-8463","post","type-post","status-publish","format-standard","has-post-thumbnail","hentry","category-noticies","category-tradicions-religioses"],"yoast_head":"<!-- This site is optimized with the Yoast SEO plugin v27.5 - https:\/\/yoast.com\/product\/yoast-seo-wordpress\/ -->\n<title>BON DIA de Sant Mag\u00ed!!! &#187; Sant Mag\u00ed de la Brufaganya<\/title>\n<meta name=\"robots\" content=\"index, follow, max-snippet:-1, max-image-preview:large, max-video-preview:-1\" \/>\n<link rel=\"canonical\" href=\"https:\/\/brufaganya.cat\/2020\/bon-dia-de-sant-magi\/\" \/>\n<meta property=\"og:locale\" content=\"ca_ES\" \/>\n<meta property=\"og:type\" content=\"article\" \/>\n<meta property=\"og:title\" content=\"BON DIA de Sant Mag\u00ed!!! &#187; Sant Mag\u00ed de la Brufaganya\" \/>\n<meta property=\"og:description\" content=\"Avui es el dia central a Sant Mag\u00ed de la Brufaganya, avui celebrem l&#8217;onom\u00e0stica del sant ermit\u00e0 que d\u00f3na nom al Santuari. Sense Sant Mag\u00ed i la seva tradici\u00f3 no [&hellip;]\" \/>\n<meta property=\"og:url\" content=\"https:\/\/brufaganya.cat\/2020\/bon-dia-de-sant-magi\/\" \/>\n<meta property=\"og:site_name\" content=\"Sant Mag\u00ed de la Brufaganya\" \/>\n<meta property=\"article:published_time\" content=\"2024-08-19T04:56:24+00:00\" \/>\n<meta property=\"article:modified_time\" content=\"2025-02-27T12:20:48+00:00\" \/>\n<meta property=\"og:image\" content=\"https:\/\/brufaganya.cat\/2020\/wp-content\/uploads\/2021\/06\/iglesia.jpg\" \/>\n\t<meta property=\"og:image:width\" content=\"984\" \/>\n\t<meta property=\"og:image:height\" content=\"1476\" \/>\n\t<meta property=\"og:image:type\" content=\"image\/jpeg\" \/>\n<meta name=\"author\" content=\"Rita Armejach Carreras\" \/>\n<meta name=\"twitter:card\" content=\"summary_large_image\" \/>\n<meta name=\"twitter:label1\" content=\"Escrit per\" \/>\n\t<meta name=\"twitter:data1\" content=\"Rita Armejach Carreras\" \/>\n\t<meta name=\"twitter:label2\" content=\"Temps estimat de lectura\" \/>\n\t<meta name=\"twitter:data2\" content=\"3 minuts\" \/>\n<script type=\"application\/ld+json\" class=\"yoast-schema-graph\">{\"@context\":\"https:\\\/\\\/schema.org\",\"@graph\":[{\"@type\":\"Article\",\"@id\":\"https:\\\/\\\/brufaganya.cat\\\/2020\\\/bon-dia-de-sant-magi\\\/#article\",\"isPartOf\":{\"@id\":\"https:\\\/\\\/brufaganya.cat\\\/2020\\\/bon-dia-de-sant-magi\\\/\"},\"author\":{\"name\":\"Rita Armejach Carreras\",\"@id\":\"https:\\\/\\\/brufaganya.cat\\\/2020\\\/#\\\/schema\\\/person\\\/cd383ee397867b5182d1cf80b8c2e95c\"},\"headline\":\"BON DIA de Sant Mag\u00ed!!!\",\"datePublished\":\"2024-08-19T04:56:24+00:00\",\"dateModified\":\"2025-02-27T12:20:48+00:00\",\"mainEntityOfPage\":{\"@id\":\"https:\\\/\\\/brufaganya.cat\\\/2020\\\/bon-dia-de-sant-magi\\\/\"},\"wordCount\":286,\"commentCount\":0,\"publisher\":{\"@id\":\"https:\\\/\\\/brufaganya.cat\\\/2020\\\/#organization\"},\"image\":{\"@id\":\"https:\\\/\\\/brufaganya.cat\\\/2020\\\/bon-dia-de-sant-magi\\\/#primaryimage\"},\"thumbnailUrl\":\"https:\\\/\\\/brufaganya.cat\\\/2020\\\/wp-content\\\/uploads\\\/2021\\\/06\\\/iglesia.jpg\",\"articleSection\":[\"Not\u00edcies\",\"Tradicions religioses\"],\"inLanguage\":\"ca\",\"potentialAction\":[{\"@type\":\"CommentAction\",\"name\":\"Comment\",\"target\":[\"https:\\\/\\\/brufaganya.cat\\\/2020\\\/bon-dia-de-sant-magi\\\/#respond\"]}]},{\"@type\":\"WebPage\",\"@id\":\"https:\\\/\\\/brufaganya.cat\\\/2020\\\/bon-dia-de-sant-magi\\\/\",\"url\":\"https:\\\/\\\/brufaganya.cat\\\/2020\\\/bon-dia-de-sant-magi\\\/\",\"name\":\"BON DIA de Sant Mag\u00ed!!! &#187; Sant Mag\u00ed de la Brufaganya\",\"isPartOf\":{\"@id\":\"https:\\\/\\\/brufaganya.cat\\\/2020\\\/#website\"},\"primaryImageOfPage\":{\"@id\":\"https:\\\/\\\/brufaganya.cat\\\/2020\\\/bon-dia-de-sant-magi\\\/#primaryimage\"},\"image\":{\"@id\":\"https:\\\/\\\/brufaganya.cat\\\/2020\\\/bon-dia-de-sant-magi\\\/#primaryimage\"},\"thumbnailUrl\":\"https:\\\/\\\/brufaganya.cat\\\/2020\\\/wp-content\\\/uploads\\\/2021\\\/06\\\/iglesia.jpg\",\"datePublished\":\"2024-08-19T04:56:24+00:00\",\"dateModified\":\"2025-02-27T12:20:48+00:00\",\"breadcrumb\":{\"@id\":\"https:\\\/\\\/brufaganya.cat\\\/2020\\\/bon-dia-de-sant-magi\\\/#breadcrumb\"},\"inLanguage\":\"ca\",\"potentialAction\":[{\"@type\":\"ReadAction\",\"target\":[\"https:\\\/\\\/brufaganya.cat\\\/2020\\\/bon-dia-de-sant-magi\\\/\"]}]},{\"@type\":\"ImageObject\",\"inLanguage\":\"ca\",\"@id\":\"https:\\\/\\\/brufaganya.cat\\\/2020\\\/bon-dia-de-sant-magi\\\/#primaryimage\",\"url\":\"https:\\\/\\\/brufaganya.cat\\\/2020\\\/wp-content\\\/uploads\\\/2021\\\/06\\\/iglesia.jpg\",\"contentUrl\":\"https:\\\/\\\/brufaganya.cat\\\/2020\\\/wp-content\\\/uploads\\\/2021\\\/06\\\/iglesia.jpg\",\"width\":984,\"height\":1476,\"caption\":\"TRADICI\u00d3 L'esgl\u00e8sia plena de la gent que ha vingut\"},{\"@type\":\"BreadcrumbList\",\"@id\":\"https:\\\/\\\/brufaganya.cat\\\/2020\\\/bon-dia-de-sant-magi\\\/#breadcrumb\",\"itemListElement\":[{\"@type\":\"ListItem\",\"position\":1,\"name\":\"Inici\",\"item\":\"https:\\\/\\\/brufaganya.cat\\\/2020\\\/\"},{\"@type\":\"ListItem\",\"position\":2,\"name\":\"BON DIA de Sant Mag\u00ed!!!\"}]},{\"@type\":\"WebSite\",\"@id\":\"https:\\\/\\\/brufaganya.cat\\\/2020\\\/#website\",\"url\":\"https:\\\/\\\/brufaganya.cat\\\/2020\\\/\",\"name\":\"Sant Mag\u00ed de la Brufaganya\",\"description\":\"Lloc web de Sant Mag\u00ed de la Brufaganya\",\"publisher\":{\"@id\":\"https:\\\/\\\/brufaganya.cat\\\/2020\\\/#organization\"},\"potentialAction\":[{\"@type\":\"SearchAction\",\"target\":{\"@type\":\"EntryPoint\",\"urlTemplate\":\"https:\\\/\\\/brufaganya.cat\\\/2020\\\/?s={search_term_string}\"},\"query-input\":{\"@type\":\"PropertyValueSpecification\",\"valueRequired\":true,\"valueName\":\"search_term_string\"}}],\"inLanguage\":\"ca\"},{\"@type\":\"Organization\",\"@id\":\"https:\\\/\\\/brufaganya.cat\\\/2020\\\/#organization\",\"name\":\"Sant Mag\u00ed de Brufaganya\",\"url\":\"https:\\\/\\\/brufaganya.cat\\\/2020\\\/\",\"logo\":{\"@type\":\"ImageObject\",\"inLanguage\":\"ca\",\"@id\":\"https:\\\/\\\/brufaganya.cat\\\/2020\\\/#\\\/schema\\\/logo\\\/image\\\/\",\"url\":\"https:\\\/\\\/brufaganya.cat\\\/2020\\\/wp-content\\\/uploads\\\/2018\\\/11\\\/st_marti_bruga_horitz_posi_logo.jpg\",\"contentUrl\":\"https:\\\/\\\/brufaganya.cat\\\/2020\\\/wp-content\\\/uploads\\\/2018\\\/11\\\/st_marti_bruga_horitz_posi_logo.jpg\",\"width\":1479,\"height\":804,\"caption\":\"Sant Mag\u00ed de Brufaganya\"},\"image\":{\"@id\":\"https:\\\/\\\/brufaganya.cat\\\/2020\\\/#\\\/schema\\\/logo\\\/image\\\/\"},\"sameAs\":[\"https:\\\/\\\/ca.wikipedia.org\\\/wiki\\\/Sant_Mag\u00ed_de_Brufaganya\"]},{\"@type\":\"Person\",\"@id\":\"https:\\\/\\\/brufaganya.cat\\\/2020\\\/#\\\/schema\\\/person\\\/cd383ee397867b5182d1cf80b8c2e95c\",\"name\":\"Rita Armejach Carreras\",\"image\":{\"@type\":\"ImageObject\",\"inLanguage\":\"ca\",\"@id\":\"https:\\\/\\\/secure.gravatar.com\\\/avatar\\\/9dd6e49c4c61c4e14defcbf48211c55e6d268a4486cf9f5cef1b53148943d71d?s=96&d=mm&r=g\",\"url\":\"https:\\\/\\\/secure.gravatar.com\\\/avatar\\\/9dd6e49c4c61c4e14defcbf48211c55e6d268a4486cf9f5cef1b53148943d71d?s=96&d=mm&r=g\",\"contentUrl\":\"https:\\\/\\\/secure.gravatar.com\\\/avatar\\\/9dd6e49c4c61c4e14defcbf48211c55e6d268a4486cf9f5cef1b53148943d71d?s=96&d=mm&r=g\",\"caption\":\"Rita Armejach Carreras\"},\"url\":\"https:\\\/\\\/brufaganya.cat\\\/2020\\\/author\\\/rarmejach\\\/\"}]}<\/script>\n<!-- \/ Yoast SEO plugin. -->","yoast_head_json":{"title":"BON DIA de Sant Mag\u00ed!!! &#187; Sant Mag\u00ed de la Brufaganya","robots":{"index":"index","follow":"follow","max-snippet":"max-snippet:-1","max-image-preview":"max-image-preview:large","max-video-preview":"max-video-preview:-1"},"canonical":"https:\/\/brufaganya.cat\/2020\/bon-dia-de-sant-magi\/","og_locale":"ca_ES","og_type":"article","og_title":"BON DIA de Sant Mag\u00ed!!! &#187; Sant Mag\u00ed de la Brufaganya","og_description":"Avui es el dia central a Sant Mag\u00ed de la Brufaganya, avui celebrem l&#8217;onom\u00e0stica del sant ermit\u00e0 que d\u00f3na nom al Santuari. Sense Sant Mag\u00ed i la seva tradici\u00f3 no [&hellip;]","og_url":"https:\/\/brufaganya.cat\/2020\/bon-dia-de-sant-magi\/","og_site_name":"Sant Mag\u00ed de la Brufaganya","article_published_time":"2024-08-19T04:56:24+00:00","article_modified_time":"2025-02-27T12:20:48+00:00","og_image":[{"width":984,"height":1476,"url":"https:\/\/brufaganya.cat\/2020\/wp-content\/uploads\/2021\/06\/iglesia.jpg","type":"image\/jpeg"}],"author":"Rita Armejach Carreras","twitter_card":"summary_large_image","twitter_misc":{"Escrit per":"Rita Armejach Carreras","Temps estimat de lectura":"3 minuts"},"schema":{"@context":"https:\/\/schema.org","@graph":[{"@type":"Article","@id":"https:\/\/brufaganya.cat\/2020\/bon-dia-de-sant-magi\/#article","isPartOf":{"@id":"https:\/\/brufaganya.cat\/2020\/bon-dia-de-sant-magi\/"},"author":{"name":"Rita Armejach Carreras","@id":"https:\/\/brufaganya.cat\/2020\/#\/schema\/person\/cd383ee397867b5182d1cf80b8c2e95c"},"headline":"BON DIA de Sant Mag\u00ed!!!","datePublished":"2024-08-19T04:56:24+00:00","dateModified":"2025-02-27T12:20:48+00:00","mainEntityOfPage":{"@id":"https:\/\/brufaganya.cat\/2020\/bon-dia-de-sant-magi\/"},"wordCount":286,"commentCount":0,"publisher":{"@id":"https:\/\/brufaganya.cat\/2020\/#organization"},"image":{"@id":"https:\/\/brufaganya.cat\/2020\/bon-dia-de-sant-magi\/#primaryimage"},"thumbnailUrl":"https:\/\/brufaganya.cat\/2020\/wp-content\/uploads\/2021\/06\/iglesia.jpg","articleSection":["Not\u00edcies","Tradicions religioses"],"inLanguage":"ca","potentialAction":[{"@type":"CommentAction","name":"Comment","target":["https:\/\/brufaganya.cat\/2020\/bon-dia-de-sant-magi\/#respond"]}]},{"@type":"WebPage","@id":"https:\/\/brufaganya.cat\/2020\/bon-dia-de-sant-magi\/","url":"https:\/\/brufaganya.cat\/2020\/bon-dia-de-sant-magi\/","name":"BON DIA de Sant Mag\u00ed!!! &#187; Sant Mag\u00ed de la Brufaganya","isPartOf":{"@id":"https:\/\/brufaganya.cat\/2020\/#website"},"primaryImageOfPage":{"@id":"https:\/\/brufaganya.cat\/2020\/bon-dia-de-sant-magi\/#primaryimage"},"image":{"@id":"https:\/\/brufaganya.cat\/2020\/bon-dia-de-sant-magi\/#primaryimage"},"thumbnailUrl":"https:\/\/brufaganya.cat\/2020\/wp-content\/uploads\/2021\/06\/iglesia.jpg","datePublished":"2024-08-19T04:56:24+00:00","dateModified":"2025-02-27T12:20:48+00:00","breadcrumb":{"@id":"https:\/\/brufaganya.cat\/2020\/bon-dia-de-sant-magi\/#breadcrumb"},"inLanguage":"ca","potentialAction":[{"@type":"ReadAction","target":["https:\/\/brufaganya.cat\/2020\/bon-dia-de-sant-magi\/"]}]},{"@type":"ImageObject","inLanguage":"ca","@id":"https:\/\/brufaganya.cat\/2020\/bon-dia-de-sant-magi\/#primaryimage","url":"https:\/\/brufaganya.cat\/2020\/wp-content\/uploads\/2021\/06\/iglesia.jpg","contentUrl":"https:\/\/brufaganya.cat\/2020\/wp-content\/uploads\/2021\/06\/iglesia.jpg","width":984,"height":1476,"caption":"TRADICI\u00d3 L'esgl\u00e8sia plena de la gent que ha vingut"},{"@type":"BreadcrumbList","@id":"https:\/\/brufaganya.cat\/2020\/bon-dia-de-sant-magi\/#breadcrumb","itemListElement":[{"@type":"ListItem","position":1,"name":"Inici","item":"https:\/\/brufaganya.cat\/2020\/"},{"@type":"ListItem","position":2,"name":"BON DIA de Sant Mag\u00ed!!!"}]},{"@type":"WebSite","@id":"https:\/\/brufaganya.cat\/2020\/#website","url":"https:\/\/brufaganya.cat\/2020\/","name":"Sant Mag\u00ed de la Brufaganya","description":"Lloc web de Sant Mag\u00ed de la Brufaganya","publisher":{"@id":"https:\/\/brufaganya.cat\/2020\/#organization"},"potentialAction":[{"@type":"SearchAction","target":{"@type":"EntryPoint","urlTemplate":"https:\/\/brufaganya.cat\/2020\/?s={search_term_string}"},"query-input":{"@type":"PropertyValueSpecification","valueRequired":true,"valueName":"search_term_string"}}],"inLanguage":"ca"},{"@type":"Organization","@id":"https:\/\/brufaganya.cat\/2020\/#organization","name":"Sant Mag\u00ed de Brufaganya","url":"https:\/\/brufaganya.cat\/2020\/","logo":{"@type":"ImageObject","inLanguage":"ca","@id":"https:\/\/brufaganya.cat\/2020\/#\/schema\/logo\/image\/","url":"https:\/\/brufaganya.cat\/2020\/wp-content\/uploads\/2018\/11\/st_marti_bruga_horitz_posi_logo.jpg","contentUrl":"https:\/\/brufaganya.cat\/2020\/wp-content\/uploads\/2018\/11\/st_marti_bruga_horitz_posi_logo.jpg","width":1479,"height":804,"caption":"Sant Mag\u00ed de Brufaganya"},"image":{"@id":"https:\/\/brufaganya.cat\/2020\/#\/schema\/logo\/image\/"},"sameAs":["https:\/\/ca.wikipedia.org\/wiki\/Sant_Mag\u00ed_de_Brufaganya"]},{"@type":"Person","@id":"https:\/\/brufaganya.cat\/2020\/#\/schema\/person\/cd383ee397867b5182d1cf80b8c2e95c","name":"Rita Armejach Carreras","image":{"@type":"ImageObject","inLanguage":"ca","@id":"https:\/\/secure.gravatar.com\/avatar\/9dd6e49c4c61c4e14defcbf48211c55e6d268a4486cf9f5cef1b53148943d71d?s=96&d=mm&r=g","url":"https:\/\/secure.gravatar.com\/avatar\/9dd6e49c4c61c4e14defcbf48211c55e6d268a4486cf9f5cef1b53148943d71d?s=96&d=mm&r=g","contentUrl":"https:\/\/secure.gravatar.com\/avatar\/9dd6e49c4c61c4e14defcbf48211c55e6d268a4486cf9f5cef1b53148943d71d?s=96&d=mm&r=g","caption":"Rita Armejach Carreras"},"url":"https:\/\/brufaganya.cat\/2020\/author\/rarmejach\/"}]}},"_links":{"self":[{"href":"https:\/\/brufaganya.cat\/2020\/wp-json\/wp\/v2\/posts\/8463","targetHints":{"allow":["GET"]}}],"collection":[{"href":"https:\/\/brufaganya.cat\/2020\/wp-json\/wp\/v2\/posts"}],"about":[{"href":"https:\/\/brufaganya.cat\/2020\/wp-json\/wp\/v2\/types\/post"}],"author":[{"embeddable":true,"href":"https:\/\/brufaganya.cat\/2020\/wp-json\/wp\/v2\/users\/105"}],"replies":[{"embeddable":true,"href":"https:\/\/brufaganya.cat\/2020\/wp-json\/wp\/v2\/comments?post=8463"}],"version-history":[{"count":0,"href":"https:\/\/brufaganya.cat\/2020\/wp-json\/wp\/v2\/posts\/8463\/revisions"}],"wp:featuredmedia":[{"embeddable":true,"href":"https:\/\/brufaganya.cat\/2020\/wp-json\/wp\/v2\/media\/6222"}],"wp:attachment":[{"href":"https:\/\/brufaganya.cat\/2020\/wp-json\/wp\/v2\/media?parent=8463"}],"wp:term":[{"taxonomy":"category","embeddable":true,"href":"https:\/\/brufaganya.cat\/2020\/wp-json\/wp\/v2\/categories?post=8463"},{"taxonomy":"post_tag","embeddable":true,"href":"https:\/\/brufaganya.cat\/2020\/wp-json\/wp\/v2\/tags?post=8463"}],"curies":[{"name":"wp","href":"https:\/\/api.w.org\/{rel}","templated":true}]}}