{"id":8371,"date":"2024-08-14T10:35:53","date_gmt":"2024-08-14T08:35:53","guid":{"rendered":"https:\/\/brufaganya.cat\/2020\/?p=8371"},"modified":"2024-08-16T20:04:35","modified_gmt":"2024-08-16T18:04:35","slug":"arriba-a-sant-magi-com-puguis","status":"publish","type":"post","link":"https:\/\/brufaganya.cat\/2020\/arriba-a-sant-magi-com-puguis\/","title":{"rendered":"Des de Cervera, arriba a Sant Mag\u00ed &#8230; com puguis!"},"content":{"rendered":"<figure id=\"attachment_4349\" aria-describedby=\"caption-attachment-4349\" style=\"width: 212px\" class=\"wp-caption alignleft\"><img loading=\"lazy\" decoding=\"async\" class=\"size-full wp-image-4349\" src=\"https:\/\/brufaganya.cat\/2020\/wp-content\/uploads\/2019\/06\/Fonts_de_sant_magi.jpg\" alt=\"\" width=\"212\" height=\"237\" \/><figcaption id=\"caption-attachment-4349\" class=\"wp-caption-text\">PATRIMONI: Les Fonts que sempre ragen.<\/figcaption><\/figure>\n<p>La\u00a0 gent dels diferents pobles, comencen a venir a Sant Mag\u00ed de la Brufaganya a buscar aigua de les Fonts per repartir-la als seus respectius municipis. Una tradici\u00f3 de fa molts anys i que enguany tornem a renovar.<\/p>\n<p>El <strong>dijous dia 15 d\u2019agost, <\/strong>els <strong>Amics de Sant Mag\u00ed de Cervera<\/strong> organitzen- en el marc de les Festes de Sant Mag\u00ed\u00a0 &#8211; la XXXI anada a la Brufaganya a buscar aigua, verd i altres ornaments per la Festa del barri de Sant Mag\u00ed de Cervera.<\/p>\n<p>Amb la travessa d&#8217;una trentena de quil\u00f2metres, seguiran els antics camins utilitzats per carros i b\u00e8sties de c\u00e0rrega a bast, que comunicaven Cervera amb la Brufaganya.<\/p>\n<figure id=\"attachment_6945\" aria-describedby=\"caption-attachment-6945\" style=\"width: 300px\" class=\"wp-caption alignright\"><img loading=\"lazy\" decoding=\"async\" class=\"wp-image-6945 size-medium\" src=\"https:\/\/brufaganya.cat\/2020\/wp-content\/uploads\/2022\/08\/IMG-aigua20220816-WA0002-300x169.jpg\" alt=\"\" width=\"300\" height=\"169\" srcset=\"https:\/\/brufaganya.cat\/2020\/wp-content\/uploads\/2022\/08\/IMG-aigua20220816-WA0002-300x169.jpg 300w, https:\/\/brufaganya.cat\/2020\/wp-content\/uploads\/2022\/08\/IMG-aigua20220816-WA0002-1024x576.jpg 1024w, https:\/\/brufaganya.cat\/2020\/wp-content\/uploads\/2022\/08\/IMG-aigua20220816-WA0002-768x432.jpg 768w, https:\/\/brufaganya.cat\/2020\/wp-content\/uploads\/2022\/08\/IMG-aigua20220816-WA0002-1536x864.jpg 1536w, https:\/\/brufaganya.cat\/2020\/wp-content\/uploads\/2022\/08\/IMG-aigua20220816-WA0002.jpg 1600w\" sizes=\"auto, (max-width: 300px) 100vw, 300px\" \/><figcaption id=\"caption-attachment-6945\" class=\"wp-caption-text\">rribada a S.Mag\u00ed a peu, amb bicicletes o amb cotxe<\/figcaption><\/figure>\n<p><strong>Es pot fer la marxa: A peu, amb bicicleta. corrent o amb autocar<\/strong><\/p>\n<p>Per participar oficialment a la marxa cal fer la inscripci\u00f3 abans del 13 d&#8217;agost a:<\/p>\n<p><strong><a href=\"http:\/\/www.inscripcions.cat\/marxabrufaganya2024\">www.inscripcions.cat\/marxabrufaganya2024<\/a><\/strong><\/p>\n<ul>\n<li>Inscripcions fins el 13 d&#8217;agost<\/li>\n<li>El preu de la inscripci\u00f3 \u00e9s de 10\u20ac (inclou la participaci\u00f3 en el sorteig d&#8217;un pernil)<\/li>\n<li>La tornada es pot fer en autocar amb un suplement de 5\u20ac<\/li>\n<li>La samarreta de record t\u00e9 un suplement de 5\u20ac<\/li>\n<li>L&#8217;arribada a la Capella de les Fonts est\u00e0 prevista entre les 8 i les 11 del mat\u00ed<\/li>\n<\/ul>\n<figure id=\"attachment_6949\" aria-describedby=\"caption-attachment-6949\" style=\"width: 300px\" class=\"wp-caption alignleft\"><img loading=\"lazy\" decoding=\"async\" class=\"wp-image-6949 size-medium\" src=\"https:\/\/brufaganya.cat\/2020\/wp-content\/uploads\/2022\/08\/IMG-aigua520220816-WA0003-300x169.jpg\" alt=\"\" width=\"300\" height=\"169\" srcset=\"https:\/\/brufaganya.cat\/2020\/wp-content\/uploads\/2022\/08\/IMG-aigua520220816-WA0003-300x169.jpg 300w, https:\/\/brufaganya.cat\/2020\/wp-content\/uploads\/2022\/08\/IMG-aigua520220816-WA0003-1024x576.jpg 1024w, https:\/\/brufaganya.cat\/2020\/wp-content\/uploads\/2022\/08\/IMG-aigua520220816-WA0003-768x432.jpg 768w, https:\/\/brufaganya.cat\/2020\/wp-content\/uploads\/2022\/08\/IMG-aigua520220816-WA0003-1536x864.jpg 1536w, https:\/\/brufaganya.cat\/2020\/wp-content\/uploads\/2022\/08\/IMG-aigua520220816-WA0003.jpg 1600w\" sizes=\"auto, (max-width: 300px) 100vw, 300px\" \/><figcaption id=\"caption-attachment-6949\" class=\"wp-caption-text\">Amb autocar, tothom pot arrribar ales Fonts de S.Mag\u00ed<\/figcaption><\/figure>\n<p>A <strong>partir de les 9 del mat\u00ed,<\/strong> a Sant Mag\u00ed de la Brufaganya, es donar\u00e0 esmorzar i beure a tothom que hi vagi arribant per qualsevol dels mitjans no mecanitzats i que pr\u00e8viament s&#8217;hi hagi inscrit. Tamb\u00e9, a un preu m\u00f2dic i mentre n&#8217;hi hagi, se&#8217;n donar\u00e0 a tothom que en vulgui.<\/p>\n<p>Per veure totes les activitats de la Festes de Sant Mag\u00ed de Cervera premeu l&#8217;enllac:<\/p>\n<h3><strong><a href=\"https:\/\/brufaganya.cat\/2020\/wp-content\/uploads\/2024\/08\/PROGRAMA-de-ma-SM-2024-AAFF-BO_page-0001-1.pdf\">PROGRAMA de m\u00e0 SM 2024-AAFF BO_page-0001<\/a><\/strong><a href=\"https:\/\/brufaganya.cat\/2020\/wp-content\/uploads\/2024\/08\/PROGRAMA-de-ma-SM-2024-AAFF-BO_page-0001-1.pdf\"> (1)<\/a><\/h3>\n","protected":false},"excerpt":{"rendered":"<p>La\u00a0 gent dels diferents pobles, comencen a venir a Sant Mag\u00ed de la Brufaganya a buscar aigua de les Fonts per repartir-la als seus respectius municipis. Una tradici\u00f3 de fa [&hellip;]<\/p>\n","protected":false},"author":105,"featured_media":2884,"comment_status":"open","ping_status":"closed","sticky":false,"template":"","format":"standard","meta":{"inline_featured_image":false,"footnotes":""},"categories":[1,768],"tags":[],"class_list":["post-8371","post","type-post","status-publish","format-standard","has-post-thumbnail","hentry","category-noticies","category-tradicions-religioses"],"yoast_head":"<!-- This site is optimized with the Yoast SEO plugin v27.5 - https:\/\/yoast.com\/product\/yoast-seo-wordpress\/ -->\n<title>Des de Cervera, arriba a Sant Mag\u00ed ... com puguis! &#187; Sant Mag\u00ed de la Brufaganya<\/title>\n<meta name=\"robots\" content=\"index, follow, max-snippet:-1, max-image-preview:large, max-video-preview:-1\" \/>\n<link rel=\"canonical\" href=\"https:\/\/brufaganya.cat\/2020\/arriba-a-sant-magi-com-puguis\/\" \/>\n<meta property=\"og:locale\" content=\"ca_ES\" \/>\n<meta property=\"og:type\" content=\"article\" \/>\n<meta property=\"og:title\" content=\"Des de Cervera, arriba a Sant Mag\u00ed ... com puguis! &#187; Sant Mag\u00ed de la Brufaganya\" \/>\n<meta property=\"og:description\" content=\"La\u00a0 gent dels diferents pobles, comencen a venir a Sant Mag\u00ed de la Brufaganya a buscar aigua de les Fonts per repartir-la als seus respectius municipis. Una tradici\u00f3 de fa [&hellip;]\" \/>\n<meta property=\"og:url\" content=\"https:\/\/brufaganya.cat\/2020\/arriba-a-sant-magi-com-puguis\/\" \/>\n<meta property=\"og:site_name\" content=\"Sant Mag\u00ed de la Brufaganya\" \/>\n<meta property=\"article:published_time\" content=\"2024-08-14T08:35:53+00:00\" \/>\n<meta property=\"article:modified_time\" content=\"2024-08-16T18:04:35+00:00\" \/>\n<meta property=\"og:image\" content=\"https:\/\/brufaganya.cat\/2020\/wp-content\/uploads\/2018\/11\/BRUFAGANYA-2020-RACONS-400.jpg\" \/>\n\t<meta property=\"og:image:width\" content=\"400\" \/>\n\t<meta property=\"og:image:height\" content=\"235\" \/>\n\t<meta property=\"og:image:type\" content=\"image\/jpeg\" \/>\n<meta name=\"author\" content=\"Rita Armejach Carreras\" \/>\n<meta name=\"twitter:card\" content=\"summary_large_image\" \/>\n<meta name=\"twitter:label1\" content=\"Escrit per\" \/>\n\t<meta name=\"twitter:data1\" content=\"Rita Armejach Carreras\" \/>\n\t<meta name=\"twitter:label2\" content=\"Temps estimat de lectura\" \/>\n\t<meta name=\"twitter:data2\" content=\"3 minuts\" \/>\n<script type=\"application\/ld+json\" class=\"yoast-schema-graph\">{\"@context\":\"https:\\\/\\\/schema.org\",\"@graph\":[{\"@type\":\"Article\",\"@id\":\"https:\\\/\\\/brufaganya.cat\\\/2020\\\/arriba-a-sant-magi-com-puguis\\\/#article\",\"isPartOf\":{\"@id\":\"https:\\\/\\\/brufaganya.cat\\\/2020\\\/arriba-a-sant-magi-com-puguis\\\/\"},\"author\":{\"name\":\"Rita Armejach Carreras\",\"@id\":\"https:\\\/\\\/brufaganya.cat\\\/2020\\\/#\\\/schema\\\/person\\\/cd383ee397867b5182d1cf80b8c2e95c\"},\"headline\":\"Des de Cervera, arriba a Sant Mag\u00ed &#8230; com puguis!\",\"datePublished\":\"2024-08-14T08:35:53+00:00\",\"dateModified\":\"2024-08-16T18:04:35+00:00\",\"mainEntityOfPage\":{\"@id\":\"https:\\\/\\\/brufaganya.cat\\\/2020\\\/arriba-a-sant-magi-com-puguis\\\/\"},\"wordCount\":329,\"commentCount\":0,\"publisher\":{\"@id\":\"https:\\\/\\\/brufaganya.cat\\\/2020\\\/#organization\"},\"image\":{\"@id\":\"https:\\\/\\\/brufaganya.cat\\\/2020\\\/arriba-a-sant-magi-com-puguis\\\/#primaryimage\"},\"thumbnailUrl\":\"https:\\\/\\\/brufaganya.cat\\\/2020\\\/wp-content\\\/uploads\\\/2018\\\/11\\\/BRUFAGANYA-2020-RACONS-400.jpg\",\"articleSection\":[\"Not\u00edcies\",\"Tradicions religioses\"],\"inLanguage\":\"ca\",\"potentialAction\":[{\"@type\":\"CommentAction\",\"name\":\"Comment\",\"target\":[\"https:\\\/\\\/brufaganya.cat\\\/2020\\\/arriba-a-sant-magi-com-puguis\\\/#respond\"]}]},{\"@type\":\"WebPage\",\"@id\":\"https:\\\/\\\/brufaganya.cat\\\/2020\\\/arriba-a-sant-magi-com-puguis\\\/\",\"url\":\"https:\\\/\\\/brufaganya.cat\\\/2020\\\/arriba-a-sant-magi-com-puguis\\\/\",\"name\":\"Des de Cervera, arriba a Sant Mag\u00ed ... com puguis! &#187; Sant Mag\u00ed de la Brufaganya\",\"isPartOf\":{\"@id\":\"https:\\\/\\\/brufaganya.cat\\\/2020\\\/#website\"},\"primaryImageOfPage\":{\"@id\":\"https:\\\/\\\/brufaganya.cat\\\/2020\\\/arriba-a-sant-magi-com-puguis\\\/#primaryimage\"},\"image\":{\"@id\":\"https:\\\/\\\/brufaganya.cat\\\/2020\\\/arriba-a-sant-magi-com-puguis\\\/#primaryimage\"},\"thumbnailUrl\":\"https:\\\/\\\/brufaganya.cat\\\/2020\\\/wp-content\\\/uploads\\\/2018\\\/11\\\/BRUFAGANYA-2020-RACONS-400.jpg\",\"datePublished\":\"2024-08-14T08:35:53+00:00\",\"dateModified\":\"2024-08-16T18:04:35+00:00\",\"breadcrumb\":{\"@id\":\"https:\\\/\\\/brufaganya.cat\\\/2020\\\/arriba-a-sant-magi-com-puguis\\\/#breadcrumb\"},\"inLanguage\":\"ca\",\"potentialAction\":[{\"@type\":\"ReadAction\",\"target\":[\"https:\\\/\\\/brufaganya.cat\\\/2020\\\/arriba-a-sant-magi-com-puguis\\\/\"]}]},{\"@type\":\"ImageObject\",\"inLanguage\":\"ca\",\"@id\":\"https:\\\/\\\/brufaganya.cat\\\/2020\\\/arriba-a-sant-magi-com-puguis\\\/#primaryimage\",\"url\":\"https:\\\/\\\/brufaganya.cat\\\/2020\\\/wp-content\\\/uploads\\\/2018\\\/11\\\/BRUFAGANYA-2020-RACONS-400.jpg\",\"contentUrl\":\"https:\\\/\\\/brufaganya.cat\\\/2020\\\/wp-content\\\/uploads\\\/2018\\\/11\\\/BRUFAGANYA-2020-RACONS-400.jpg\",\"width\":400,\"height\":235},{\"@type\":\"BreadcrumbList\",\"@id\":\"https:\\\/\\\/brufaganya.cat\\\/2020\\\/arriba-a-sant-magi-com-puguis\\\/#breadcrumb\",\"itemListElement\":[{\"@type\":\"ListItem\",\"position\":1,\"name\":\"Inici\",\"item\":\"https:\\\/\\\/brufaganya.cat\\\/2020\\\/\"},{\"@type\":\"ListItem\",\"position\":2,\"name\":\"Des de Cervera, arriba a Sant Mag\u00ed &#8230; com puguis!\"}]},{\"@type\":\"WebSite\",\"@id\":\"https:\\\/\\\/brufaganya.cat\\\/2020\\\/#website\",\"url\":\"https:\\\/\\\/brufaganya.cat\\\/2020\\\/\",\"name\":\"Sant Mag\u00ed de la Brufaganya\",\"description\":\"Lloc web de Sant Mag\u00ed de la Brufaganya\",\"publisher\":{\"@id\":\"https:\\\/\\\/brufaganya.cat\\\/2020\\\/#organization\"},\"potentialAction\":[{\"@type\":\"SearchAction\",\"target\":{\"@type\":\"EntryPoint\",\"urlTemplate\":\"https:\\\/\\\/brufaganya.cat\\\/2020\\\/?s={search_term_string}\"},\"query-input\":{\"@type\":\"PropertyValueSpecification\",\"valueRequired\":true,\"valueName\":\"search_term_string\"}}],\"inLanguage\":\"ca\"},{\"@type\":\"Organization\",\"@id\":\"https:\\\/\\\/brufaganya.cat\\\/2020\\\/#organization\",\"name\":\"Sant Mag\u00ed de Brufaganya\",\"url\":\"https:\\\/\\\/brufaganya.cat\\\/2020\\\/\",\"logo\":{\"@type\":\"ImageObject\",\"inLanguage\":\"ca\",\"@id\":\"https:\\\/\\\/brufaganya.cat\\\/2020\\\/#\\\/schema\\\/logo\\\/image\\\/\",\"url\":\"https:\\\/\\\/brufaganya.cat\\\/2020\\\/wp-content\\\/uploads\\\/2018\\\/11\\\/st_marti_bruga_horitz_posi_logo.jpg\",\"contentUrl\":\"https:\\\/\\\/brufaganya.cat\\\/2020\\\/wp-content\\\/uploads\\\/2018\\\/11\\\/st_marti_bruga_horitz_posi_logo.jpg\",\"width\":1479,\"height\":804,\"caption\":\"Sant Mag\u00ed de Brufaganya\"},\"image\":{\"@id\":\"https:\\\/\\\/brufaganya.cat\\\/2020\\\/#\\\/schema\\\/logo\\\/image\\\/\"},\"sameAs\":[\"https:\\\/\\\/ca.wikipedia.org\\\/wiki\\\/Sant_Mag\u00ed_de_Brufaganya\"]},{\"@type\":\"Person\",\"@id\":\"https:\\\/\\\/brufaganya.cat\\\/2020\\\/#\\\/schema\\\/person\\\/cd383ee397867b5182d1cf80b8c2e95c\",\"name\":\"Rita Armejach Carreras\",\"image\":{\"@type\":\"ImageObject\",\"inLanguage\":\"ca\",\"@id\":\"https:\\\/\\\/secure.gravatar.com\\\/avatar\\\/9dd6e49c4c61c4e14defcbf48211c55e6d268a4486cf9f5cef1b53148943d71d?s=96&d=mm&r=g\",\"url\":\"https:\\\/\\\/secure.gravatar.com\\\/avatar\\\/9dd6e49c4c61c4e14defcbf48211c55e6d268a4486cf9f5cef1b53148943d71d?s=96&d=mm&r=g\",\"contentUrl\":\"https:\\\/\\\/secure.gravatar.com\\\/avatar\\\/9dd6e49c4c61c4e14defcbf48211c55e6d268a4486cf9f5cef1b53148943d71d?s=96&d=mm&r=g\",\"caption\":\"Rita Armejach Carreras\"},\"url\":\"https:\\\/\\\/brufaganya.cat\\\/2020\\\/author\\\/rarmejach\\\/\"}]}<\/script>\n<!-- \/ Yoast SEO plugin. -->","yoast_head_json":{"title":"Des de Cervera, arriba a Sant Mag\u00ed ... com puguis! &#187; Sant Mag\u00ed de la Brufaganya","robots":{"index":"index","follow":"follow","max-snippet":"max-snippet:-1","max-image-preview":"max-image-preview:large","max-video-preview":"max-video-preview:-1"},"canonical":"https:\/\/brufaganya.cat\/2020\/arriba-a-sant-magi-com-puguis\/","og_locale":"ca_ES","og_type":"article","og_title":"Des de Cervera, arriba a Sant Mag\u00ed ... com puguis! &#187; Sant Mag\u00ed de la Brufaganya","og_description":"La\u00a0 gent dels diferents pobles, comencen a venir a Sant Mag\u00ed de la Brufaganya a buscar aigua de les Fonts per repartir-la als seus respectius municipis. Una tradici\u00f3 de fa [&hellip;]","og_url":"https:\/\/brufaganya.cat\/2020\/arriba-a-sant-magi-com-puguis\/","og_site_name":"Sant Mag\u00ed de la Brufaganya","article_published_time":"2024-08-14T08:35:53+00:00","article_modified_time":"2024-08-16T18:04:35+00:00","og_image":[{"width":400,"height":235,"url":"https:\/\/brufaganya.cat\/2020\/wp-content\/uploads\/2018\/11\/BRUFAGANYA-2020-RACONS-400.jpg","type":"image\/jpeg"}],"author":"Rita Armejach Carreras","twitter_card":"summary_large_image","twitter_misc":{"Escrit per":"Rita Armejach Carreras","Temps estimat de lectura":"3 minuts"},"schema":{"@context":"https:\/\/schema.org","@graph":[{"@type":"Article","@id":"https:\/\/brufaganya.cat\/2020\/arriba-a-sant-magi-com-puguis\/#article","isPartOf":{"@id":"https:\/\/brufaganya.cat\/2020\/arriba-a-sant-magi-com-puguis\/"},"author":{"name":"Rita Armejach Carreras","@id":"https:\/\/brufaganya.cat\/2020\/#\/schema\/person\/cd383ee397867b5182d1cf80b8c2e95c"},"headline":"Des de Cervera, arriba a Sant Mag\u00ed &#8230; com puguis!","datePublished":"2024-08-14T08:35:53+00:00","dateModified":"2024-08-16T18:04:35+00:00","mainEntityOfPage":{"@id":"https:\/\/brufaganya.cat\/2020\/arriba-a-sant-magi-com-puguis\/"},"wordCount":329,"commentCount":0,"publisher":{"@id":"https:\/\/brufaganya.cat\/2020\/#organization"},"image":{"@id":"https:\/\/brufaganya.cat\/2020\/arriba-a-sant-magi-com-puguis\/#primaryimage"},"thumbnailUrl":"https:\/\/brufaganya.cat\/2020\/wp-content\/uploads\/2018\/11\/BRUFAGANYA-2020-RACONS-400.jpg","articleSection":["Not\u00edcies","Tradicions religioses"],"inLanguage":"ca","potentialAction":[{"@type":"CommentAction","name":"Comment","target":["https:\/\/brufaganya.cat\/2020\/arriba-a-sant-magi-com-puguis\/#respond"]}]},{"@type":"WebPage","@id":"https:\/\/brufaganya.cat\/2020\/arriba-a-sant-magi-com-puguis\/","url":"https:\/\/brufaganya.cat\/2020\/arriba-a-sant-magi-com-puguis\/","name":"Des de Cervera, arriba a Sant Mag\u00ed ... com puguis! &#187; Sant Mag\u00ed de la Brufaganya","isPartOf":{"@id":"https:\/\/brufaganya.cat\/2020\/#website"},"primaryImageOfPage":{"@id":"https:\/\/brufaganya.cat\/2020\/arriba-a-sant-magi-com-puguis\/#primaryimage"},"image":{"@id":"https:\/\/brufaganya.cat\/2020\/arriba-a-sant-magi-com-puguis\/#primaryimage"},"thumbnailUrl":"https:\/\/brufaganya.cat\/2020\/wp-content\/uploads\/2018\/11\/BRUFAGANYA-2020-RACONS-400.jpg","datePublished":"2024-08-14T08:35:53+00:00","dateModified":"2024-08-16T18:04:35+00:00","breadcrumb":{"@id":"https:\/\/brufaganya.cat\/2020\/arriba-a-sant-magi-com-puguis\/#breadcrumb"},"inLanguage":"ca","potentialAction":[{"@type":"ReadAction","target":["https:\/\/brufaganya.cat\/2020\/arriba-a-sant-magi-com-puguis\/"]}]},{"@type":"ImageObject","inLanguage":"ca","@id":"https:\/\/brufaganya.cat\/2020\/arriba-a-sant-magi-com-puguis\/#primaryimage","url":"https:\/\/brufaganya.cat\/2020\/wp-content\/uploads\/2018\/11\/BRUFAGANYA-2020-RACONS-400.jpg","contentUrl":"https:\/\/brufaganya.cat\/2020\/wp-content\/uploads\/2018\/11\/BRUFAGANYA-2020-RACONS-400.jpg","width":400,"height":235},{"@type":"BreadcrumbList","@id":"https:\/\/brufaganya.cat\/2020\/arriba-a-sant-magi-com-puguis\/#breadcrumb","itemListElement":[{"@type":"ListItem","position":1,"name":"Inici","item":"https:\/\/brufaganya.cat\/2020\/"},{"@type":"ListItem","position":2,"name":"Des de Cervera, arriba a Sant Mag\u00ed &#8230; com puguis!"}]},{"@type":"WebSite","@id":"https:\/\/brufaganya.cat\/2020\/#website","url":"https:\/\/brufaganya.cat\/2020\/","name":"Sant Mag\u00ed de la Brufaganya","description":"Lloc web de Sant Mag\u00ed de la Brufaganya","publisher":{"@id":"https:\/\/brufaganya.cat\/2020\/#organization"},"potentialAction":[{"@type":"SearchAction","target":{"@type":"EntryPoint","urlTemplate":"https:\/\/brufaganya.cat\/2020\/?s={search_term_string}"},"query-input":{"@type":"PropertyValueSpecification","valueRequired":true,"valueName":"search_term_string"}}],"inLanguage":"ca"},{"@type":"Organization","@id":"https:\/\/brufaganya.cat\/2020\/#organization","name":"Sant Mag\u00ed de Brufaganya","url":"https:\/\/brufaganya.cat\/2020\/","logo":{"@type":"ImageObject","inLanguage":"ca","@id":"https:\/\/brufaganya.cat\/2020\/#\/schema\/logo\/image\/","url":"https:\/\/brufaganya.cat\/2020\/wp-content\/uploads\/2018\/11\/st_marti_bruga_horitz_posi_logo.jpg","contentUrl":"https:\/\/brufaganya.cat\/2020\/wp-content\/uploads\/2018\/11\/st_marti_bruga_horitz_posi_logo.jpg","width":1479,"height":804,"caption":"Sant Mag\u00ed de Brufaganya"},"image":{"@id":"https:\/\/brufaganya.cat\/2020\/#\/schema\/logo\/image\/"},"sameAs":["https:\/\/ca.wikipedia.org\/wiki\/Sant_Mag\u00ed_de_Brufaganya"]},{"@type":"Person","@id":"https:\/\/brufaganya.cat\/2020\/#\/schema\/person\/cd383ee397867b5182d1cf80b8c2e95c","name":"Rita Armejach Carreras","image":{"@type":"ImageObject","inLanguage":"ca","@id":"https:\/\/secure.gravatar.com\/avatar\/9dd6e49c4c61c4e14defcbf48211c55e6d268a4486cf9f5cef1b53148943d71d?s=96&d=mm&r=g","url":"https:\/\/secure.gravatar.com\/avatar\/9dd6e49c4c61c4e14defcbf48211c55e6d268a4486cf9f5cef1b53148943d71d?s=96&d=mm&r=g","contentUrl":"https:\/\/secure.gravatar.com\/avatar\/9dd6e49c4c61c4e14defcbf48211c55e6d268a4486cf9f5cef1b53148943d71d?s=96&d=mm&r=g","caption":"Rita Armejach Carreras"},"url":"https:\/\/brufaganya.cat\/2020\/author\/rarmejach\/"}]}},"_links":{"self":[{"href":"https:\/\/brufaganya.cat\/2020\/wp-json\/wp\/v2\/posts\/8371","targetHints":{"allow":["GET"]}}],"collection":[{"href":"https:\/\/brufaganya.cat\/2020\/wp-json\/wp\/v2\/posts"}],"about":[{"href":"https:\/\/brufaganya.cat\/2020\/wp-json\/wp\/v2\/types\/post"}],"author":[{"embeddable":true,"href":"https:\/\/brufaganya.cat\/2020\/wp-json\/wp\/v2\/users\/105"}],"replies":[{"embeddable":true,"href":"https:\/\/brufaganya.cat\/2020\/wp-json\/wp\/v2\/comments?post=8371"}],"version-history":[{"count":0,"href":"https:\/\/brufaganya.cat\/2020\/wp-json\/wp\/v2\/posts\/8371\/revisions"}],"wp:featuredmedia":[{"embeddable":true,"href":"https:\/\/brufaganya.cat\/2020\/wp-json\/wp\/v2\/media\/2884"}],"wp:attachment":[{"href":"https:\/\/brufaganya.cat\/2020\/wp-json\/wp\/v2\/media?parent=8371"}],"wp:term":[{"taxonomy":"category","embeddable":true,"href":"https:\/\/brufaganya.cat\/2020\/wp-json\/wp\/v2\/categories?post=8371"},{"taxonomy":"post_tag","embeddable":true,"href":"https:\/\/brufaganya.cat\/2020\/wp-json\/wp\/v2\/tags?post=8371"}],"curies":[{"name":"wp","href":"https:\/\/api.w.org\/{rel}","templated":true}]}}