{"id":7920,"date":"2023-09-19T00:00:15","date_gmt":"2023-09-18T22:00:15","guid":{"rendered":"https:\/\/brufaganya.cat\/2020\/?p=7920"},"modified":"2023-09-19T00:05:59","modified_gmt":"2023-09-18T22:05:59","slug":"la-casa-de-lermita-te-el-futur-assegurat","status":"publish","type":"post","link":"https:\/\/brufaganya.cat\/2020\/la-casa-de-lermita-te-el-futur-assegurat\/","title":{"rendered":"La Casa de l&#8217;Ermit\u00e0 t\u00e9 el futur assegurat"},"content":{"rendered":"<p><!--more--><\/p>\n<figure id=\"attachment_7793\" aria-describedby=\"caption-attachment-7793\" style=\"width: 750px\" class=\"wp-caption aligncenter\"><img loading=\"lazy\" decoding=\"async\" class=\"wp-image-7793 size-publisher-lg\" src=\"https:\/\/brufaganya.cat\/2020\/wp-content\/uploads\/2010\/01\/20230722_182239-750x430.jpg\" alt=\"\" width=\"750\" height=\"430\" \/><figcaption id=\"caption-attachment-7793\" class=\"wp-caption-text\">La segona planta de la Casa de l&#8217;Ermit\u00e0, ja acabada<\/figcaption><\/figure>\n<p>En aquesta segona fase s\u2019ha acabat gaireb\u00e9 la segona planta de l\u2019edifici: s\u2019ha fet l\u2019escala que uneix la primera a la segona planta, s\u2019ha posat pladur a les parets, s\u2019ha col\u00b7locat un sostre de fusta, s\u2019ha fet la instal\u00b7laci\u00f3 el\u00e8ctrica, s\u2019ha acabat una sala t\u00e8cnica amb els serveis de dip\u00f2sit d\u2019aigua, lavabo, escalfador, dutxa, w\u00e0ter amb totes les instal\u00b7lacions de fontaneria. Tamb\u00e9 s\u2019ha enrajolat i polit el terra.<\/p>\n<p>Aquesta planta ser\u00e0 d\u2019\u00fas per a l\u2019associaci\u00f3: arxiu, biblioteca, oficina, sala de reunions&#8230; Espor\u00e0dicament pot servir -de fet ja ha servit- per a altres usos socials. Concretament ha servit i continuar\u00e0 servint com a vestidor dels artistes que actuen al festival de m\u00fasica de la Nits Musicals de la Brufaganya.<\/p>\n<p><strong>El finan\u00e7ament de l&#8217;actuaci\u00f3 ha anat a c\u00e0rrec de la Diputaci\u00f3 de Tarragona que ha concedit una subvenci\u00f3 de 7.145,90\u20ac<\/strong><\/p>\n<p>Cal dir que la major part d&#8217;aquesta quantitat\u00a0 s\u2019ha dedicat a la compra de materials. Molta part de la ma d\u2019obra necess\u00e0ria per a la instal\u00b7laci\u00f3 el\u00e8ctrica, fontaneria, paleta, pintura, etc&#8230; ha anat a c\u00e0rrec de voluntaris. Hi ha un grup nombr\u00f3s de voluntaris que fan treball de voluntariat el primer diumenge de cada mes. Tamb\u00e9 hi ha un petit grup de cinc o sis voluntaris, gaireb\u00e9 tots jubilats, que han dedicat molts dimecres i altres dies de la setmana a fer les feines abans esmentades. \u00c9s una forma de multiplicar el valor dels diners dedicats a comprar material.<\/p>\n<p>La seg\u00fcent fase prevista consistir\u00e0 en arreglar el primer pis en el que actualment nom\u00e9s hi ha alguns envans constru\u00efts.<\/p>\n<p>La planta baixa, parcialment rehabilitada, ja est\u00e0 servint per a usos socials en algunes activitats, entre les quals les Jornades Europees de Patrimoni.<\/p>\n<p>Podeu veure l\u2019evoluci\u00f3 de la reconstrucci\u00f3 <a href=\"https:\/\/brufaganya.cat\/2020\/evolucio-casa-de-lermita\/\">clicant aqu\u00ed<\/a><\/p>\n","protected":false},"excerpt":{"rendered":"La segona planta de la Casa de l'Ermit\u00e0, ja acabada En aquesta segona fase s\u2019ha acabat gaireb\u00e9 la segona planta de l\u2019edifici: s\u2019ha fet l\u2019escala que uneix la primera a [...]","protected":false},"author":109,"featured_media":7750,"comment_status":"open","ping_status":"closed","sticky":false,"template":"","format":"standard","meta":{"inline_featured_image":false,"footnotes":""},"categories":[780],"tags":[],"class_list":["post-7920","post","type-post","status-publish","format-standard","has-post-thumbnail","hentry","category-patrimoni-arquitectonic"],"yoast_head":"<!-- This site is optimized with the Yoast SEO plugin v27.4 - https:\/\/yoast.com\/product\/yoast-seo-wordpress\/ -->\n<title>La Casa de l&#039;Ermit\u00e0 t\u00e9 el futur assegurat &#187; Sant Mag\u00ed de la Brufaganya<\/title>\n<meta name=\"robots\" content=\"index, follow, max-snippet:-1, max-image-preview:large, max-video-preview:-1\" \/>\n<link rel=\"canonical\" href=\"https:\/\/brufaganya.cat\/2020\/la-casa-de-lermita-te-el-futur-assegurat\/\" \/>\n<meta property=\"og:locale\" content=\"ca_ES\" \/>\n<meta property=\"og:type\" content=\"article\" \/>\n<meta property=\"og:title\" content=\"La Casa de l&#039;Ermit\u00e0 t\u00e9 el futur assegurat &#187; Sant Mag\u00ed de la Brufaganya\" \/>\n<meta property=\"og:url\" content=\"https:\/\/brufaganya.cat\/2020\/la-casa-de-lermita-te-el-futur-assegurat\/\" \/>\n<meta property=\"og:site_name\" content=\"Sant Mag\u00ed de la Brufaganya\" \/>\n<meta property=\"article:published_time\" content=\"2023-09-18T22:00:15+00:00\" \/>\n<meta property=\"article:modified_time\" content=\"2023-09-18T22:05:59+00:00\" \/>\n<meta property=\"og:image\" content=\"https:\/\/brufaganya.cat\/2020\/wp-content\/uploads\/2023\/06\/logo-Dipta.jpg\" \/>\n\t<meta property=\"og:image:width\" content=\"300\" \/>\n\t<meta property=\"og:image:height\" content=\"250\" \/>\n\t<meta property=\"og:image:type\" content=\"image\/jpeg\" \/>\n<meta name=\"author\" content=\"Silvestre Pal\u00e0 Aug\u00e9\" \/>\n<meta name=\"twitter:card\" content=\"summary_large_image\" \/>\n<meta name=\"twitter:label1\" content=\"Escrit per\" \/>\n\t<meta name=\"twitter:data1\" content=\"Silvestre Pal\u00e0 Aug\u00e9\" \/>\n\t<meta name=\"twitter:label2\" content=\"Temps estimat de lectura\" \/>\n\t<meta name=\"twitter:data2\" content=\"2 minuts\" \/>\n<script type=\"application\/ld+json\" class=\"yoast-schema-graph\">{\"@context\":\"https:\\\/\\\/schema.org\",\"@graph\":[{\"@type\":\"Article\",\"@id\":\"https:\\\/\\\/brufaganya.cat\\\/2020\\\/la-casa-de-lermita-te-el-futur-assegurat\\\/#article\",\"isPartOf\":{\"@id\":\"https:\\\/\\\/brufaganya.cat\\\/2020\\\/la-casa-de-lermita-te-el-futur-assegurat\\\/\"},\"author\":{\"name\":\"Silvestre Pal\u00e0 Aug\u00e9\",\"@id\":\"https:\\\/\\\/brufaganya.cat\\\/2020\\\/#\\\/schema\\\/person\\\/104a8a58bc74955dad00f639bb234a56\"},\"headline\":\"La Casa de l&#8217;Ermit\u00e0 t\u00e9 el futur assegurat\",\"datePublished\":\"2023-09-18T22:00:15+00:00\",\"dateModified\":\"2023-09-18T22:05:59+00:00\",\"mainEntityOfPage\":{\"@id\":\"https:\\\/\\\/brufaganya.cat\\\/2020\\\/la-casa-de-lermita-te-el-futur-assegurat\\\/\"},\"wordCount\":346,\"commentCount\":0,\"publisher\":{\"@id\":\"https:\\\/\\\/brufaganya.cat\\\/2020\\\/#organization\"},\"image\":{\"@id\":\"https:\\\/\\\/brufaganya.cat\\\/2020\\\/la-casa-de-lermita-te-el-futur-assegurat\\\/#primaryimage\"},\"thumbnailUrl\":\"https:\\\/\\\/brufaganya.cat\\\/2020\\\/wp-content\\\/uploads\\\/2023\\\/06\\\/logo-Dipta.jpg\",\"articleSection\":[\"Patrimoni arquitect\u00f2nic\"],\"inLanguage\":\"ca\",\"potentialAction\":[{\"@type\":\"CommentAction\",\"name\":\"Comment\",\"target\":[\"https:\\\/\\\/brufaganya.cat\\\/2020\\\/la-casa-de-lermita-te-el-futur-assegurat\\\/#respond\"]}]},{\"@type\":\"WebPage\",\"@id\":\"https:\\\/\\\/brufaganya.cat\\\/2020\\\/la-casa-de-lermita-te-el-futur-assegurat\\\/\",\"url\":\"https:\\\/\\\/brufaganya.cat\\\/2020\\\/la-casa-de-lermita-te-el-futur-assegurat\\\/\",\"name\":\"La Casa de l'Ermit\u00e0 t\u00e9 el futur assegurat &#187; Sant Mag\u00ed de la Brufaganya\",\"isPartOf\":{\"@id\":\"https:\\\/\\\/brufaganya.cat\\\/2020\\\/#website\"},\"primaryImageOfPage\":{\"@id\":\"https:\\\/\\\/brufaganya.cat\\\/2020\\\/la-casa-de-lermita-te-el-futur-assegurat\\\/#primaryimage\"},\"image\":{\"@id\":\"https:\\\/\\\/brufaganya.cat\\\/2020\\\/la-casa-de-lermita-te-el-futur-assegurat\\\/#primaryimage\"},\"thumbnailUrl\":\"https:\\\/\\\/brufaganya.cat\\\/2020\\\/wp-content\\\/uploads\\\/2023\\\/06\\\/logo-Dipta.jpg\",\"datePublished\":\"2023-09-18T22:00:15+00:00\",\"dateModified\":\"2023-09-18T22:05:59+00:00\",\"breadcrumb\":{\"@id\":\"https:\\\/\\\/brufaganya.cat\\\/2020\\\/la-casa-de-lermita-te-el-futur-assegurat\\\/#breadcrumb\"},\"inLanguage\":\"ca\",\"potentialAction\":[{\"@type\":\"ReadAction\",\"target\":[\"https:\\\/\\\/brufaganya.cat\\\/2020\\\/la-casa-de-lermita-te-el-futur-assegurat\\\/\"]}]},{\"@type\":\"ImageObject\",\"inLanguage\":\"ca\",\"@id\":\"https:\\\/\\\/brufaganya.cat\\\/2020\\\/la-casa-de-lermita-te-el-futur-assegurat\\\/#primaryimage\",\"url\":\"https:\\\/\\\/brufaganya.cat\\\/2020\\\/wp-content\\\/uploads\\\/2023\\\/06\\\/logo-Dipta.jpg\",\"contentUrl\":\"https:\\\/\\\/brufaganya.cat\\\/2020\\\/wp-content\\\/uploads\\\/2023\\\/06\\\/logo-Dipta.jpg\",\"width\":300,\"height\":250},{\"@type\":\"BreadcrumbList\",\"@id\":\"https:\\\/\\\/brufaganya.cat\\\/2020\\\/la-casa-de-lermita-te-el-futur-assegurat\\\/#breadcrumb\",\"itemListElement\":[{\"@type\":\"ListItem\",\"position\":1,\"name\":\"Inici\",\"item\":\"https:\\\/\\\/brufaganya.cat\\\/2020\\\/\"},{\"@type\":\"ListItem\",\"position\":2,\"name\":\"La Casa de l&#8217;Ermit\u00e0 t\u00e9 el futur assegurat\"}]},{\"@type\":\"WebSite\",\"@id\":\"https:\\\/\\\/brufaganya.cat\\\/2020\\\/#website\",\"url\":\"https:\\\/\\\/brufaganya.cat\\\/2020\\\/\",\"name\":\"Sant Mag\u00ed de la Brufaganya\",\"description\":\"Lloc web de Sant Mag\u00ed de la Brufaganya\",\"publisher\":{\"@id\":\"https:\\\/\\\/brufaganya.cat\\\/2020\\\/#organization\"},\"potentialAction\":[{\"@type\":\"SearchAction\",\"target\":{\"@type\":\"EntryPoint\",\"urlTemplate\":\"https:\\\/\\\/brufaganya.cat\\\/2020\\\/?s={search_term_string}\"},\"query-input\":{\"@type\":\"PropertyValueSpecification\",\"valueRequired\":true,\"valueName\":\"search_term_string\"}}],\"inLanguage\":\"ca\"},{\"@type\":\"Organization\",\"@id\":\"https:\\\/\\\/brufaganya.cat\\\/2020\\\/#organization\",\"name\":\"Sant Mag\u00ed de Brufaganya\",\"url\":\"https:\\\/\\\/brufaganya.cat\\\/2020\\\/\",\"logo\":{\"@type\":\"ImageObject\",\"inLanguage\":\"ca\",\"@id\":\"https:\\\/\\\/brufaganya.cat\\\/2020\\\/#\\\/schema\\\/logo\\\/image\\\/\",\"url\":\"https:\\\/\\\/brufaganya.cat\\\/2020\\\/wp-content\\\/uploads\\\/2018\\\/11\\\/st_marti_bruga_horitz_posi_logo.jpg\",\"contentUrl\":\"https:\\\/\\\/brufaganya.cat\\\/2020\\\/wp-content\\\/uploads\\\/2018\\\/11\\\/st_marti_bruga_horitz_posi_logo.jpg\",\"width\":1479,\"height\":804,\"caption\":\"Sant Mag\u00ed de Brufaganya\"},\"image\":{\"@id\":\"https:\\\/\\\/brufaganya.cat\\\/2020\\\/#\\\/schema\\\/logo\\\/image\\\/\"},\"sameAs\":[\"https:\\\/\\\/ca.wikipedia.org\\\/wiki\\\/Sant_Mag\u00ed_de_Brufaganya\"]},{\"@type\":\"Person\",\"@id\":\"https:\\\/\\\/brufaganya.cat\\\/2020\\\/#\\\/schema\\\/person\\\/104a8a58bc74955dad00f639bb234a56\",\"name\":\"Silvestre Pal\u00e0 Aug\u00e9\",\"image\":{\"@type\":\"ImageObject\",\"inLanguage\":\"ca\",\"@id\":\"https:\\\/\\\/secure.gravatar.com\\\/avatar\\\/240c865b87ee90f68f1bb82d954fb54e1c50d2b4355c9b807c7f2862e50c5fb1?s=96&d=mm&r=g\",\"url\":\"https:\\\/\\\/secure.gravatar.com\\\/avatar\\\/240c865b87ee90f68f1bb82d954fb54e1c50d2b4355c9b807c7f2862e50c5fb1?s=96&d=mm&r=g\",\"contentUrl\":\"https:\\\/\\\/secure.gravatar.com\\\/avatar\\\/240c865b87ee90f68f1bb82d954fb54e1c50d2b4355c9b807c7f2862e50c5fb1?s=96&d=mm&r=g\",\"caption\":\"Silvestre Pal\u00e0 Aug\u00e9\"},\"url\":\"https:\\\/\\\/brufaganya.cat\\\/2020\\\/author\\\/spala\\\/\"}]}<\/script>\n<!-- \/ Yoast SEO plugin. -->","yoast_head_json":{"title":"La Casa de l'Ermit\u00e0 t\u00e9 el futur assegurat &#187; Sant Mag\u00ed de la Brufaganya","robots":{"index":"index","follow":"follow","max-snippet":"max-snippet:-1","max-image-preview":"max-image-preview:large","max-video-preview":"max-video-preview:-1"},"canonical":"https:\/\/brufaganya.cat\/2020\/la-casa-de-lermita-te-el-futur-assegurat\/","og_locale":"ca_ES","og_type":"article","og_title":"La Casa de l'Ermit\u00e0 t\u00e9 el futur assegurat &#187; Sant Mag\u00ed de la Brufaganya","og_url":"https:\/\/brufaganya.cat\/2020\/la-casa-de-lermita-te-el-futur-assegurat\/","og_site_name":"Sant Mag\u00ed de la Brufaganya","article_published_time":"2023-09-18T22:00:15+00:00","article_modified_time":"2023-09-18T22:05:59+00:00","og_image":[{"width":300,"height":250,"url":"https:\/\/brufaganya.cat\/2020\/wp-content\/uploads\/2023\/06\/logo-Dipta.jpg","type":"image\/jpeg"}],"author":"Silvestre Pal\u00e0 Aug\u00e9","twitter_card":"summary_large_image","twitter_misc":{"Escrit per":"Silvestre Pal\u00e0 Aug\u00e9","Temps estimat de lectura":"2 minuts"},"schema":{"@context":"https:\/\/schema.org","@graph":[{"@type":"Article","@id":"https:\/\/brufaganya.cat\/2020\/la-casa-de-lermita-te-el-futur-assegurat\/#article","isPartOf":{"@id":"https:\/\/brufaganya.cat\/2020\/la-casa-de-lermita-te-el-futur-assegurat\/"},"author":{"name":"Silvestre Pal\u00e0 Aug\u00e9","@id":"https:\/\/brufaganya.cat\/2020\/#\/schema\/person\/104a8a58bc74955dad00f639bb234a56"},"headline":"La Casa de l&#8217;Ermit\u00e0 t\u00e9 el futur assegurat","datePublished":"2023-09-18T22:00:15+00:00","dateModified":"2023-09-18T22:05:59+00:00","mainEntityOfPage":{"@id":"https:\/\/brufaganya.cat\/2020\/la-casa-de-lermita-te-el-futur-assegurat\/"},"wordCount":346,"commentCount":0,"publisher":{"@id":"https:\/\/brufaganya.cat\/2020\/#organization"},"image":{"@id":"https:\/\/brufaganya.cat\/2020\/la-casa-de-lermita-te-el-futur-assegurat\/#primaryimage"},"thumbnailUrl":"https:\/\/brufaganya.cat\/2020\/wp-content\/uploads\/2023\/06\/logo-Dipta.jpg","articleSection":["Patrimoni arquitect\u00f2nic"],"inLanguage":"ca","potentialAction":[{"@type":"CommentAction","name":"Comment","target":["https:\/\/brufaganya.cat\/2020\/la-casa-de-lermita-te-el-futur-assegurat\/#respond"]}]},{"@type":"WebPage","@id":"https:\/\/brufaganya.cat\/2020\/la-casa-de-lermita-te-el-futur-assegurat\/","url":"https:\/\/brufaganya.cat\/2020\/la-casa-de-lermita-te-el-futur-assegurat\/","name":"La Casa de l'Ermit\u00e0 t\u00e9 el futur assegurat &#187; Sant Mag\u00ed de la Brufaganya","isPartOf":{"@id":"https:\/\/brufaganya.cat\/2020\/#website"},"primaryImageOfPage":{"@id":"https:\/\/brufaganya.cat\/2020\/la-casa-de-lermita-te-el-futur-assegurat\/#primaryimage"},"image":{"@id":"https:\/\/brufaganya.cat\/2020\/la-casa-de-lermita-te-el-futur-assegurat\/#primaryimage"},"thumbnailUrl":"https:\/\/brufaganya.cat\/2020\/wp-content\/uploads\/2023\/06\/logo-Dipta.jpg","datePublished":"2023-09-18T22:00:15+00:00","dateModified":"2023-09-18T22:05:59+00:00","breadcrumb":{"@id":"https:\/\/brufaganya.cat\/2020\/la-casa-de-lermita-te-el-futur-assegurat\/#breadcrumb"},"inLanguage":"ca","potentialAction":[{"@type":"ReadAction","target":["https:\/\/brufaganya.cat\/2020\/la-casa-de-lermita-te-el-futur-assegurat\/"]}]},{"@type":"ImageObject","inLanguage":"ca","@id":"https:\/\/brufaganya.cat\/2020\/la-casa-de-lermita-te-el-futur-assegurat\/#primaryimage","url":"https:\/\/brufaganya.cat\/2020\/wp-content\/uploads\/2023\/06\/logo-Dipta.jpg","contentUrl":"https:\/\/brufaganya.cat\/2020\/wp-content\/uploads\/2023\/06\/logo-Dipta.jpg","width":300,"height":250},{"@type":"BreadcrumbList","@id":"https:\/\/brufaganya.cat\/2020\/la-casa-de-lermita-te-el-futur-assegurat\/#breadcrumb","itemListElement":[{"@type":"ListItem","position":1,"name":"Inici","item":"https:\/\/brufaganya.cat\/2020\/"},{"@type":"ListItem","position":2,"name":"La Casa de l&#8217;Ermit\u00e0 t\u00e9 el futur assegurat"}]},{"@type":"WebSite","@id":"https:\/\/brufaganya.cat\/2020\/#website","url":"https:\/\/brufaganya.cat\/2020\/","name":"Sant Mag\u00ed de la Brufaganya","description":"Lloc web de Sant Mag\u00ed de la Brufaganya","publisher":{"@id":"https:\/\/brufaganya.cat\/2020\/#organization"},"potentialAction":[{"@type":"SearchAction","target":{"@type":"EntryPoint","urlTemplate":"https:\/\/brufaganya.cat\/2020\/?s={search_term_string}"},"query-input":{"@type":"PropertyValueSpecification","valueRequired":true,"valueName":"search_term_string"}}],"inLanguage":"ca"},{"@type":"Organization","@id":"https:\/\/brufaganya.cat\/2020\/#organization","name":"Sant Mag\u00ed de Brufaganya","url":"https:\/\/brufaganya.cat\/2020\/","logo":{"@type":"ImageObject","inLanguage":"ca","@id":"https:\/\/brufaganya.cat\/2020\/#\/schema\/logo\/image\/","url":"https:\/\/brufaganya.cat\/2020\/wp-content\/uploads\/2018\/11\/st_marti_bruga_horitz_posi_logo.jpg","contentUrl":"https:\/\/brufaganya.cat\/2020\/wp-content\/uploads\/2018\/11\/st_marti_bruga_horitz_posi_logo.jpg","width":1479,"height":804,"caption":"Sant Mag\u00ed de Brufaganya"},"image":{"@id":"https:\/\/brufaganya.cat\/2020\/#\/schema\/logo\/image\/"},"sameAs":["https:\/\/ca.wikipedia.org\/wiki\/Sant_Mag\u00ed_de_Brufaganya"]},{"@type":"Person","@id":"https:\/\/brufaganya.cat\/2020\/#\/schema\/person\/104a8a58bc74955dad00f639bb234a56","name":"Silvestre Pal\u00e0 Aug\u00e9","image":{"@type":"ImageObject","inLanguage":"ca","@id":"https:\/\/secure.gravatar.com\/avatar\/240c865b87ee90f68f1bb82d954fb54e1c50d2b4355c9b807c7f2862e50c5fb1?s=96&d=mm&r=g","url":"https:\/\/secure.gravatar.com\/avatar\/240c865b87ee90f68f1bb82d954fb54e1c50d2b4355c9b807c7f2862e50c5fb1?s=96&d=mm&r=g","contentUrl":"https:\/\/secure.gravatar.com\/avatar\/240c865b87ee90f68f1bb82d954fb54e1c50d2b4355c9b807c7f2862e50c5fb1?s=96&d=mm&r=g","caption":"Silvestre Pal\u00e0 Aug\u00e9"},"url":"https:\/\/brufaganya.cat\/2020\/author\/spala\/"}]}},"_links":{"self":[{"href":"https:\/\/brufaganya.cat\/2020\/wp-json\/wp\/v2\/posts\/7920","targetHints":{"allow":["GET"]}}],"collection":[{"href":"https:\/\/brufaganya.cat\/2020\/wp-json\/wp\/v2\/posts"}],"about":[{"href":"https:\/\/brufaganya.cat\/2020\/wp-json\/wp\/v2\/types\/post"}],"author":[{"embeddable":true,"href":"https:\/\/brufaganya.cat\/2020\/wp-json\/wp\/v2\/users\/109"}],"replies":[{"embeddable":true,"href":"https:\/\/brufaganya.cat\/2020\/wp-json\/wp\/v2\/comments?post=7920"}],"version-history":[{"count":0,"href":"https:\/\/brufaganya.cat\/2020\/wp-json\/wp\/v2\/posts\/7920\/revisions"}],"wp:featuredmedia":[{"embeddable":true,"href":"https:\/\/brufaganya.cat\/2020\/wp-json\/wp\/v2\/media\/7750"}],"wp:attachment":[{"href":"https:\/\/brufaganya.cat\/2020\/wp-json\/wp\/v2\/media?parent=7920"}],"wp:term":[{"taxonomy":"category","embeddable":true,"href":"https:\/\/brufaganya.cat\/2020\/wp-json\/wp\/v2\/categories?post=7920"},{"taxonomy":"post_tag","embeddable":true,"href":"https:\/\/brufaganya.cat\/2020\/wp-json\/wp\/v2\/tags?post=7920"}],"curies":[{"name":"wp","href":"https:\/\/api.w.org\/{rel}","templated":true}]}}