{"id":7820,"date":"2023-08-14T07:26:42","date_gmt":"2023-08-14T05:26:42","guid":{"rendered":"https:\/\/brufaganya.cat\/2020\/?p=7820"},"modified":"2023-09-18T23:33:47","modified_gmt":"2023-09-18T21:33:47","slug":"lliurant-els-certificats-de-laigua-al-santuari","status":"publish","type":"post","link":"https:\/\/brufaganya.cat\/2020\/lliurant-els-certificats-de-laigua-al-santuari\/","title":{"rendered":"Lliurant els certificats de l&#8217;aigua, al santuari de la Brufaganya."},"content":{"rendered":"<p>Aquest diumenge, els representants de les diferents entitats han vingut a buscar els certificats d&#8217;autenticitat de l&#8217;aigua de les Fonts de Sant Mag\u00ed.<\/p>\n<p>Mn. Joan a la missa ha lliurat a cadasc\u00fa el document amb els litres d&#8217;aigua que s&#8217;end\u00fa.<\/p>\n<p><img loading=\"lazy\" decoding=\"async\" class=\"size-medium wp-image-7828 alignleft\" src=\"https:\/\/brufaganya.cat\/2020\/wp-content\/uploads\/2023\/08\/2-Missa_Sant_Magi_13_08_2023_Assistents-300x225.jpg\" alt=\"\" width=\"300\" height=\"225\" srcset=\"https:\/\/brufaganya.cat\/2020\/wp-content\/uploads\/2023\/08\/2-Missa_Sant_Magi_13_08_2023_Assistents-300x225.jpg 300w, https:\/\/brufaganya.cat\/2020\/wp-content\/uploads\/2023\/08\/2-Missa_Sant_Magi_13_08_2023_Assistents-1024x768.jpg 1024w, https:\/\/brufaganya.cat\/2020\/wp-content\/uploads\/2023\/08\/2-Missa_Sant_Magi_13_08_2023_Assistents-768x576.jpg 768w, https:\/\/brufaganya.cat\/2020\/wp-content\/uploads\/2023\/08\/2-Missa_Sant_Magi_13_08_2023_Assistents-1536x1152.jpg 1536w, https:\/\/brufaganya.cat\/2020\/wp-content\/uploads\/2023\/08\/2-Missa_Sant_Magi_13_08_2023_Assistents-2048x1536.jpg 2048w, https:\/\/brufaganya.cat\/2020\/wp-content\/uploads\/2023\/08\/2-Missa_Sant_Magi_13_08_2023_Assistents-86x64.jpg 86w\" sizes=\"auto, (max-width: 300px) 100vw, 300px\" \/>Cerim\u00f2nia emotiva que aplega a un munt de persones diferents en les seves vides i interessos per\u00f2 aplegades amb una tradici\u00f3 en com\u00fa. Cada any, joves i grans de la costa i de l&#8217;interior, de pobles petis i de ciutats grans; s\u00f3n un tot al voltant de l&#8217;aigua de Sant Mag\u00ed de la Brufaganya.<\/p>\n<ul>\n<li>Tamb\u00e9 els que recollien el certificat feien les seves ofrenes: el c\u00e0ntir negre dels amics de Sant Mag\u00ed de Cervera, el bast\u00f3 dels amics de Sant Mag\u00ed d&#8217;Igualada, el magn\u00edfic centre de flors dels amics de Tarragona&#8230; Sobretot es vivia la il\u00b7lusi\u00f3, les ganes de continuar amb la tradici\u00f3, de seguir fent la feina callada i constant que aquests grups de persones fan en els seus pobles i ciutats per perpetuar i fer visible la tradici\u00f3 de Sant Mag\u00ed com a protector i aiguader.<img loading=\"lazy\" decoding=\"async\" class=\"size-medium wp-image-7829 alignright\" src=\"https:\/\/brufaganya.cat\/2020\/wp-content\/uploads\/2023\/08\/4-Missa_Sant_Magi_13_08_2023_Ofrenes_1-300x225.jpg\" alt=\"\" width=\"300\" height=\"225\" srcset=\"https:\/\/brufaganya.cat\/2020\/wp-content\/uploads\/2023\/08\/4-Missa_Sant_Magi_13_08_2023_Ofrenes_1-300x225.jpg 300w, https:\/\/brufaganya.cat\/2020\/wp-content\/uploads\/2023\/08\/4-Missa_Sant_Magi_13_08_2023_Ofrenes_1-1024x768.jpg 1024w, https:\/\/brufaganya.cat\/2020\/wp-content\/uploads\/2023\/08\/4-Missa_Sant_Magi_13_08_2023_Ofrenes_1-768x576.jpg 768w, https:\/\/brufaganya.cat\/2020\/wp-content\/uploads\/2023\/08\/4-Missa_Sant_Magi_13_08_2023_Ofrenes_1-1536x1152.jpg 1536w, https:\/\/brufaganya.cat\/2020\/wp-content\/uploads\/2023\/08\/4-Missa_Sant_Magi_13_08_2023_Ofrenes_1-2048x1536.jpg 2048w, https:\/\/brufaganya.cat\/2020\/wp-content\/uploads\/2023\/08\/4-Missa_Sant_Magi_13_08_2023_Ofrenes_1-86x64.jpg 86w\" sizes=\"auto, (max-width: 300px) 100vw, 300px\" \/><\/li>\n<\/ul>\n<p>Tant de bo, tinguem m\u00e9s aigua en pr\u00f2ximes edicions.!!!<\/p>\n","protected":false},"excerpt":{"rendered":"<p>Aquest diumenge, els representants de les diferents entitats han vingut a buscar els certificats d&#8217;autenticitat de l&#8217;aigua de les Fonts de Sant Mag\u00ed. Mn. Joan a la missa ha lliurat [&hellip;]<\/p>\n","protected":false},"author":105,"featured_media":7827,"comment_status":"open","ping_status":"closed","sticky":false,"template":"","format":"standard","meta":{"inline_featured_image":false,"footnotes":""},"categories":[1,768],"tags":[],"class_list":["post-7820","post","type-post","status-publish","format-standard","has-post-thumbnail","hentry","category-noticies","category-tradicions-religioses"],"yoast_head":"<!-- This site is optimized with the Yoast SEO plugin v27.5 - https:\/\/yoast.com\/product\/yoast-seo-wordpress\/ -->\n<title>Lliurant els certificats de l&#039;aigua, al santuari de la Brufaganya. &#187; Sant Mag\u00ed de la Brufaganya<\/title>\n<meta name=\"robots\" content=\"index, follow, max-snippet:-1, max-image-preview:large, max-video-preview:-1\" \/>\n<link rel=\"canonical\" href=\"https:\/\/brufaganya.cat\/2020\/lliurant-els-certificats-de-laigua-al-santuari\/\" \/>\n<meta property=\"og:locale\" content=\"ca_ES\" \/>\n<meta property=\"og:type\" content=\"article\" \/>\n<meta property=\"og:title\" content=\"Lliurant els certificats de l&#039;aigua, al santuari de la Brufaganya. &#187; Sant Mag\u00ed de la Brufaganya\" \/>\n<meta property=\"og:description\" content=\"Aquest diumenge, els representants de les diferents entitats han vingut a buscar els certificats d&#8217;autenticitat de l&#8217;aigua de les Fonts de Sant Mag\u00ed. Mn. Joan a la missa ha lliurat [&hellip;]\" \/>\n<meta property=\"og:url\" content=\"https:\/\/brufaganya.cat\/2020\/lliurant-els-certificats-de-laigua-al-santuari\/\" \/>\n<meta property=\"og:site_name\" content=\"Sant Mag\u00ed de la Brufaganya\" \/>\n<meta property=\"article:published_time\" content=\"2023-08-14T05:26:42+00:00\" \/>\n<meta property=\"article:modified_time\" content=\"2023-09-18T21:33:47+00:00\" \/>\n<meta property=\"og:image\" content=\"https:\/\/brufaganya.cat\/2020\/wp-content\/uploads\/2023\/08\/3-Missa_Sant_Magi_13_08_2023_Certificat_Aigua-scaled.jpg\" \/>\n\t<meta property=\"og:image:width\" content=\"2560\" \/>\n\t<meta property=\"og:image:height\" content=\"1920\" \/>\n\t<meta property=\"og:image:type\" content=\"image\/jpeg\" \/>\n<meta name=\"author\" content=\"Rita Armejach Carreras\" \/>\n<meta name=\"twitter:card\" content=\"summary_large_image\" \/>\n<meta name=\"twitter:label1\" content=\"Escrit per\" \/>\n\t<meta name=\"twitter:data1\" content=\"Rita Armejach Carreras\" \/>\n\t<meta name=\"twitter:label2\" content=\"Temps estimat de lectura\" \/>\n\t<meta name=\"twitter:data2\" content=\"2 minuts\" \/>\n<script type=\"application\/ld+json\" class=\"yoast-schema-graph\">{\"@context\":\"https:\\\/\\\/schema.org\",\"@graph\":[{\"@type\":\"Article\",\"@id\":\"https:\\\/\\\/brufaganya.cat\\\/2020\\\/lliurant-els-certificats-de-laigua-al-santuari\\\/#article\",\"isPartOf\":{\"@id\":\"https:\\\/\\\/brufaganya.cat\\\/2020\\\/lliurant-els-certificats-de-laigua-al-santuari\\\/\"},\"author\":{\"name\":\"Rita Armejach Carreras\",\"@id\":\"https:\\\/\\\/brufaganya.cat\\\/2020\\\/#\\\/schema\\\/person\\\/cd383ee397867b5182d1cf80b8c2e95c\"},\"headline\":\"Lliurant els certificats de l&#8217;aigua, al santuari de la Brufaganya.\",\"datePublished\":\"2023-08-14T05:26:42+00:00\",\"dateModified\":\"2023-09-18T21:33:47+00:00\",\"mainEntityOfPage\":{\"@id\":\"https:\\\/\\\/brufaganya.cat\\\/2020\\\/lliurant-els-certificats-de-laigua-al-santuari\\\/\"},\"wordCount\":204,\"commentCount\":0,\"publisher\":{\"@id\":\"https:\\\/\\\/brufaganya.cat\\\/2020\\\/#organization\"},\"image\":{\"@id\":\"https:\\\/\\\/brufaganya.cat\\\/2020\\\/lliurant-els-certificats-de-laigua-al-santuari\\\/#primaryimage\"},\"thumbnailUrl\":\"https:\\\/\\\/brufaganya.cat\\\/2020\\\/wp-content\\\/uploads\\\/2023\\\/08\\\/3-Missa_Sant_Magi_13_08_2023_Certificat_Aigua-scaled.jpg\",\"articleSection\":[\"Not\u00edcies\",\"Tradicions religioses\"],\"inLanguage\":\"ca\",\"potentialAction\":[{\"@type\":\"CommentAction\",\"name\":\"Comment\",\"target\":[\"https:\\\/\\\/brufaganya.cat\\\/2020\\\/lliurant-els-certificats-de-laigua-al-santuari\\\/#respond\"]}]},{\"@type\":\"WebPage\",\"@id\":\"https:\\\/\\\/brufaganya.cat\\\/2020\\\/lliurant-els-certificats-de-laigua-al-santuari\\\/\",\"url\":\"https:\\\/\\\/brufaganya.cat\\\/2020\\\/lliurant-els-certificats-de-laigua-al-santuari\\\/\",\"name\":\"Lliurant els certificats de l'aigua, al santuari de la Brufaganya. &#187; Sant Mag\u00ed de la Brufaganya\",\"isPartOf\":{\"@id\":\"https:\\\/\\\/brufaganya.cat\\\/2020\\\/#website\"},\"primaryImageOfPage\":{\"@id\":\"https:\\\/\\\/brufaganya.cat\\\/2020\\\/lliurant-els-certificats-de-laigua-al-santuari\\\/#primaryimage\"},\"image\":{\"@id\":\"https:\\\/\\\/brufaganya.cat\\\/2020\\\/lliurant-els-certificats-de-laigua-al-santuari\\\/#primaryimage\"},\"thumbnailUrl\":\"https:\\\/\\\/brufaganya.cat\\\/2020\\\/wp-content\\\/uploads\\\/2023\\\/08\\\/3-Missa_Sant_Magi_13_08_2023_Certificat_Aigua-scaled.jpg\",\"datePublished\":\"2023-08-14T05:26:42+00:00\",\"dateModified\":\"2023-09-18T21:33:47+00:00\",\"breadcrumb\":{\"@id\":\"https:\\\/\\\/brufaganya.cat\\\/2020\\\/lliurant-els-certificats-de-laigua-al-santuari\\\/#breadcrumb\"},\"inLanguage\":\"ca\",\"potentialAction\":[{\"@type\":\"ReadAction\",\"target\":[\"https:\\\/\\\/brufaganya.cat\\\/2020\\\/lliurant-els-certificats-de-laigua-al-santuari\\\/\"]}]},{\"@type\":\"ImageObject\",\"inLanguage\":\"ca\",\"@id\":\"https:\\\/\\\/brufaganya.cat\\\/2020\\\/lliurant-els-certificats-de-laigua-al-santuari\\\/#primaryimage\",\"url\":\"https:\\\/\\\/brufaganya.cat\\\/2020\\\/wp-content\\\/uploads\\\/2023\\\/08\\\/3-Missa_Sant_Magi_13_08_2023_Certificat_Aigua-scaled.jpg\",\"contentUrl\":\"https:\\\/\\\/brufaganya.cat\\\/2020\\\/wp-content\\\/uploads\\\/2023\\\/08\\\/3-Missa_Sant_Magi_13_08_2023_Certificat_Aigua-scaled.jpg\",\"width\":2560,\"height\":1920,\"caption\":\"Amics de S.Mag\u00ed de Cervera recullen el certificat\"},{\"@type\":\"BreadcrumbList\",\"@id\":\"https:\\\/\\\/brufaganya.cat\\\/2020\\\/lliurant-els-certificats-de-laigua-al-santuari\\\/#breadcrumb\",\"itemListElement\":[{\"@type\":\"ListItem\",\"position\":1,\"name\":\"Inici\",\"item\":\"https:\\\/\\\/brufaganya.cat\\\/2020\\\/\"},{\"@type\":\"ListItem\",\"position\":2,\"name\":\"Lliurant els certificats de l&#8217;aigua, al santuari de la Brufaganya.\"}]},{\"@type\":\"WebSite\",\"@id\":\"https:\\\/\\\/brufaganya.cat\\\/2020\\\/#website\",\"url\":\"https:\\\/\\\/brufaganya.cat\\\/2020\\\/\",\"name\":\"Sant Mag\u00ed de la Brufaganya\",\"description\":\"Lloc web de Sant Mag\u00ed de la Brufaganya\",\"publisher\":{\"@id\":\"https:\\\/\\\/brufaganya.cat\\\/2020\\\/#organization\"},\"potentialAction\":[{\"@type\":\"SearchAction\",\"target\":{\"@type\":\"EntryPoint\",\"urlTemplate\":\"https:\\\/\\\/brufaganya.cat\\\/2020\\\/?s={search_term_string}\"},\"query-input\":{\"@type\":\"PropertyValueSpecification\",\"valueRequired\":true,\"valueName\":\"search_term_string\"}}],\"inLanguage\":\"ca\"},{\"@type\":\"Organization\",\"@id\":\"https:\\\/\\\/brufaganya.cat\\\/2020\\\/#organization\",\"name\":\"Sant Mag\u00ed de Brufaganya\",\"url\":\"https:\\\/\\\/brufaganya.cat\\\/2020\\\/\",\"logo\":{\"@type\":\"ImageObject\",\"inLanguage\":\"ca\",\"@id\":\"https:\\\/\\\/brufaganya.cat\\\/2020\\\/#\\\/schema\\\/logo\\\/image\\\/\",\"url\":\"https:\\\/\\\/brufaganya.cat\\\/2020\\\/wp-content\\\/uploads\\\/2018\\\/11\\\/st_marti_bruga_horitz_posi_logo.jpg\",\"contentUrl\":\"https:\\\/\\\/brufaganya.cat\\\/2020\\\/wp-content\\\/uploads\\\/2018\\\/11\\\/st_marti_bruga_horitz_posi_logo.jpg\",\"width\":1479,\"height\":804,\"caption\":\"Sant Mag\u00ed de Brufaganya\"},\"image\":{\"@id\":\"https:\\\/\\\/brufaganya.cat\\\/2020\\\/#\\\/schema\\\/logo\\\/image\\\/\"},\"sameAs\":[\"https:\\\/\\\/ca.wikipedia.org\\\/wiki\\\/Sant_Mag\u00ed_de_Brufaganya\"]},{\"@type\":\"Person\",\"@id\":\"https:\\\/\\\/brufaganya.cat\\\/2020\\\/#\\\/schema\\\/person\\\/cd383ee397867b5182d1cf80b8c2e95c\",\"name\":\"Rita Armejach Carreras\",\"image\":{\"@type\":\"ImageObject\",\"inLanguage\":\"ca\",\"@id\":\"https:\\\/\\\/secure.gravatar.com\\\/avatar\\\/9dd6e49c4c61c4e14defcbf48211c55e6d268a4486cf9f5cef1b53148943d71d?s=96&d=mm&r=g\",\"url\":\"https:\\\/\\\/secure.gravatar.com\\\/avatar\\\/9dd6e49c4c61c4e14defcbf48211c55e6d268a4486cf9f5cef1b53148943d71d?s=96&d=mm&r=g\",\"contentUrl\":\"https:\\\/\\\/secure.gravatar.com\\\/avatar\\\/9dd6e49c4c61c4e14defcbf48211c55e6d268a4486cf9f5cef1b53148943d71d?s=96&d=mm&r=g\",\"caption\":\"Rita Armejach Carreras\"},\"url\":\"https:\\\/\\\/brufaganya.cat\\\/2020\\\/author\\\/rarmejach\\\/\"}]}<\/script>\n<!-- \/ Yoast SEO plugin. -->","yoast_head_json":{"title":"Lliurant els certificats de l'aigua, al santuari de la Brufaganya. &#187; Sant Mag\u00ed de la Brufaganya","robots":{"index":"index","follow":"follow","max-snippet":"max-snippet:-1","max-image-preview":"max-image-preview:large","max-video-preview":"max-video-preview:-1"},"canonical":"https:\/\/brufaganya.cat\/2020\/lliurant-els-certificats-de-laigua-al-santuari\/","og_locale":"ca_ES","og_type":"article","og_title":"Lliurant els certificats de l'aigua, al santuari de la Brufaganya. &#187; Sant Mag\u00ed de la Brufaganya","og_description":"Aquest diumenge, els representants de les diferents entitats han vingut a buscar els certificats d&#8217;autenticitat de l&#8217;aigua de les Fonts de Sant Mag\u00ed. Mn. Joan a la missa ha lliurat [&hellip;]","og_url":"https:\/\/brufaganya.cat\/2020\/lliurant-els-certificats-de-laigua-al-santuari\/","og_site_name":"Sant Mag\u00ed de la Brufaganya","article_published_time":"2023-08-14T05:26:42+00:00","article_modified_time":"2023-09-18T21:33:47+00:00","og_image":[{"width":2560,"height":1920,"url":"https:\/\/brufaganya.cat\/2020\/wp-content\/uploads\/2023\/08\/3-Missa_Sant_Magi_13_08_2023_Certificat_Aigua-scaled.jpg","type":"image\/jpeg"}],"author":"Rita Armejach Carreras","twitter_card":"summary_large_image","twitter_misc":{"Escrit per":"Rita Armejach Carreras","Temps estimat de lectura":"2 minuts"},"schema":{"@context":"https:\/\/schema.org","@graph":[{"@type":"Article","@id":"https:\/\/brufaganya.cat\/2020\/lliurant-els-certificats-de-laigua-al-santuari\/#article","isPartOf":{"@id":"https:\/\/brufaganya.cat\/2020\/lliurant-els-certificats-de-laigua-al-santuari\/"},"author":{"name":"Rita Armejach Carreras","@id":"https:\/\/brufaganya.cat\/2020\/#\/schema\/person\/cd383ee397867b5182d1cf80b8c2e95c"},"headline":"Lliurant els certificats de l&#8217;aigua, al santuari de la Brufaganya.","datePublished":"2023-08-14T05:26:42+00:00","dateModified":"2023-09-18T21:33:47+00:00","mainEntityOfPage":{"@id":"https:\/\/brufaganya.cat\/2020\/lliurant-els-certificats-de-laigua-al-santuari\/"},"wordCount":204,"commentCount":0,"publisher":{"@id":"https:\/\/brufaganya.cat\/2020\/#organization"},"image":{"@id":"https:\/\/brufaganya.cat\/2020\/lliurant-els-certificats-de-laigua-al-santuari\/#primaryimage"},"thumbnailUrl":"https:\/\/brufaganya.cat\/2020\/wp-content\/uploads\/2023\/08\/3-Missa_Sant_Magi_13_08_2023_Certificat_Aigua-scaled.jpg","articleSection":["Not\u00edcies","Tradicions religioses"],"inLanguage":"ca","potentialAction":[{"@type":"CommentAction","name":"Comment","target":["https:\/\/brufaganya.cat\/2020\/lliurant-els-certificats-de-laigua-al-santuari\/#respond"]}]},{"@type":"WebPage","@id":"https:\/\/brufaganya.cat\/2020\/lliurant-els-certificats-de-laigua-al-santuari\/","url":"https:\/\/brufaganya.cat\/2020\/lliurant-els-certificats-de-laigua-al-santuari\/","name":"Lliurant els certificats de l'aigua, al santuari de la Brufaganya. &#187; Sant Mag\u00ed de la Brufaganya","isPartOf":{"@id":"https:\/\/brufaganya.cat\/2020\/#website"},"primaryImageOfPage":{"@id":"https:\/\/brufaganya.cat\/2020\/lliurant-els-certificats-de-laigua-al-santuari\/#primaryimage"},"image":{"@id":"https:\/\/brufaganya.cat\/2020\/lliurant-els-certificats-de-laigua-al-santuari\/#primaryimage"},"thumbnailUrl":"https:\/\/brufaganya.cat\/2020\/wp-content\/uploads\/2023\/08\/3-Missa_Sant_Magi_13_08_2023_Certificat_Aigua-scaled.jpg","datePublished":"2023-08-14T05:26:42+00:00","dateModified":"2023-09-18T21:33:47+00:00","breadcrumb":{"@id":"https:\/\/brufaganya.cat\/2020\/lliurant-els-certificats-de-laigua-al-santuari\/#breadcrumb"},"inLanguage":"ca","potentialAction":[{"@type":"ReadAction","target":["https:\/\/brufaganya.cat\/2020\/lliurant-els-certificats-de-laigua-al-santuari\/"]}]},{"@type":"ImageObject","inLanguage":"ca","@id":"https:\/\/brufaganya.cat\/2020\/lliurant-els-certificats-de-laigua-al-santuari\/#primaryimage","url":"https:\/\/brufaganya.cat\/2020\/wp-content\/uploads\/2023\/08\/3-Missa_Sant_Magi_13_08_2023_Certificat_Aigua-scaled.jpg","contentUrl":"https:\/\/brufaganya.cat\/2020\/wp-content\/uploads\/2023\/08\/3-Missa_Sant_Magi_13_08_2023_Certificat_Aigua-scaled.jpg","width":2560,"height":1920,"caption":"Amics de S.Mag\u00ed de Cervera recullen el certificat"},{"@type":"BreadcrumbList","@id":"https:\/\/brufaganya.cat\/2020\/lliurant-els-certificats-de-laigua-al-santuari\/#breadcrumb","itemListElement":[{"@type":"ListItem","position":1,"name":"Inici","item":"https:\/\/brufaganya.cat\/2020\/"},{"@type":"ListItem","position":2,"name":"Lliurant els certificats de l&#8217;aigua, al santuari de la Brufaganya."}]},{"@type":"WebSite","@id":"https:\/\/brufaganya.cat\/2020\/#website","url":"https:\/\/brufaganya.cat\/2020\/","name":"Sant Mag\u00ed de la Brufaganya","description":"Lloc web de Sant Mag\u00ed de la Brufaganya","publisher":{"@id":"https:\/\/brufaganya.cat\/2020\/#organization"},"potentialAction":[{"@type":"SearchAction","target":{"@type":"EntryPoint","urlTemplate":"https:\/\/brufaganya.cat\/2020\/?s={search_term_string}"},"query-input":{"@type":"PropertyValueSpecification","valueRequired":true,"valueName":"search_term_string"}}],"inLanguage":"ca"},{"@type":"Organization","@id":"https:\/\/brufaganya.cat\/2020\/#organization","name":"Sant Mag\u00ed de Brufaganya","url":"https:\/\/brufaganya.cat\/2020\/","logo":{"@type":"ImageObject","inLanguage":"ca","@id":"https:\/\/brufaganya.cat\/2020\/#\/schema\/logo\/image\/","url":"https:\/\/brufaganya.cat\/2020\/wp-content\/uploads\/2018\/11\/st_marti_bruga_horitz_posi_logo.jpg","contentUrl":"https:\/\/brufaganya.cat\/2020\/wp-content\/uploads\/2018\/11\/st_marti_bruga_horitz_posi_logo.jpg","width":1479,"height":804,"caption":"Sant Mag\u00ed de Brufaganya"},"image":{"@id":"https:\/\/brufaganya.cat\/2020\/#\/schema\/logo\/image\/"},"sameAs":["https:\/\/ca.wikipedia.org\/wiki\/Sant_Mag\u00ed_de_Brufaganya"]},{"@type":"Person","@id":"https:\/\/brufaganya.cat\/2020\/#\/schema\/person\/cd383ee397867b5182d1cf80b8c2e95c","name":"Rita Armejach Carreras","image":{"@type":"ImageObject","inLanguage":"ca","@id":"https:\/\/secure.gravatar.com\/avatar\/9dd6e49c4c61c4e14defcbf48211c55e6d268a4486cf9f5cef1b53148943d71d?s=96&d=mm&r=g","url":"https:\/\/secure.gravatar.com\/avatar\/9dd6e49c4c61c4e14defcbf48211c55e6d268a4486cf9f5cef1b53148943d71d?s=96&d=mm&r=g","contentUrl":"https:\/\/secure.gravatar.com\/avatar\/9dd6e49c4c61c4e14defcbf48211c55e6d268a4486cf9f5cef1b53148943d71d?s=96&d=mm&r=g","caption":"Rita Armejach Carreras"},"url":"https:\/\/brufaganya.cat\/2020\/author\/rarmejach\/"}]}},"_links":{"self":[{"href":"https:\/\/brufaganya.cat\/2020\/wp-json\/wp\/v2\/posts\/7820","targetHints":{"allow":["GET"]}}],"collection":[{"href":"https:\/\/brufaganya.cat\/2020\/wp-json\/wp\/v2\/posts"}],"about":[{"href":"https:\/\/brufaganya.cat\/2020\/wp-json\/wp\/v2\/types\/post"}],"author":[{"embeddable":true,"href":"https:\/\/brufaganya.cat\/2020\/wp-json\/wp\/v2\/users\/105"}],"replies":[{"embeddable":true,"href":"https:\/\/brufaganya.cat\/2020\/wp-json\/wp\/v2\/comments?post=7820"}],"version-history":[{"count":0,"href":"https:\/\/brufaganya.cat\/2020\/wp-json\/wp\/v2\/posts\/7820\/revisions"}],"wp:featuredmedia":[{"embeddable":true,"href":"https:\/\/brufaganya.cat\/2020\/wp-json\/wp\/v2\/media\/7827"}],"wp:attachment":[{"href":"https:\/\/brufaganya.cat\/2020\/wp-json\/wp\/v2\/media?parent=7820"}],"wp:term":[{"taxonomy":"category","embeddable":true,"href":"https:\/\/brufaganya.cat\/2020\/wp-json\/wp\/v2\/categories?post=7820"},{"taxonomy":"post_tag","embeddable":true,"href":"https:\/\/brufaganya.cat\/2020\/wp-json\/wp\/v2\/tags?post=7820"}],"curies":[{"name":"wp","href":"https:\/\/api.w.org\/{rel}","templated":true}]}}