{"id":7587,"date":"2023-03-28T12:54:22","date_gmt":"2023-03-28T10:54:22","guid":{"rendered":"https:\/\/brufaganya.cat\/2020\/?p=7587"},"modified":"2023-03-28T15:35:27","modified_gmt":"2023-03-28T13:35:27","slug":"la-jornada-destudis-ha-anat-be","status":"publish","type":"post","link":"https:\/\/brufaganya.cat\/2020\/la-jornada-destudis-ha-anat-be\/","title":{"rendered":"La Jornada d&#8217;Estudis de la Brufaganya, ha anat molt b\u00e9!"},"content":{"rendered":"<p>Dissabte va tenir lloc la I<strong>a Jornada d&#8217;Estudis de la Brufaganya<\/strong> Organitzada per l&#8217;Associaci\u00f3 dels amics de S.Mag\u00ed, amb el patrocini de l&#8217;IRMU i la colaboraci\u00f3 del ACBS, CELL .Pon\u00e8ncies en angl\u00e8s i catal\u00e0, universitats, arxius i voluntaris van aportar els seus sabers i al debat final tothom hi va dir la seva. Gr\u00e0cies a tothom!!!<\/p>\n<p>Montse Rumbau que hi va participar amb &#8220;Dones i Homes a la Brufaganya&#8221;, ens explica com va anar el mat\u00ed.<\/p>\n<p><strong>Ia. Jornada d\u2019Estudis de la Brufaganya<\/strong><\/p>\n<p>Els Amics de St. Mag\u00ed no paren d\u2019organitzar activitats. El dissabte 25 de mar\u00e7 va tenir lloc a la sala dels Marlets del castell la 1a Jornada d\u2019Estudis de la Brufaganya.<\/p>\n<p>Els Amics de St. Mag\u00ed han passat a formar part del col\u00b7lectiu de Centres d\u2019Estudis del nostre pa\u00eds. Cada any alguns d\u2019aquests Centres\u00a0 organitzen una Jornada dedicada a algun tema concret. Els Amics de St. Mag\u00ed han volgut no nom\u00e9s formar-ne part, sin\u00f3 organitzar la trobada d\u2019enguany.<\/p>\n<p>La primera part de la jornada s\u2019ha dedicat a exposar les pon\u00e8ncies, acabant amb un torn de participaci\u00f3 i opini\u00f3 sobre tot el que s\u2019havia tractat.<\/p>\n<figure id=\"attachment_7594\" aria-describedby=\"caption-attachment-7594\" style=\"width: 225px\" class=\"wp-caption alignleft\"><img loading=\"lazy\" decoding=\"async\" class=\"wp-image-7594 size-full\" src=\"https:\/\/brufaganya.cat\/2020\/wp-content\/uploads\/2023\/03\/jonesprovisional-1.jpg\" alt=\"\" width=\"225\" height=\"225\" srcset=\"https:\/\/brufaganya.cat\/2020\/wp-content\/uploads\/2023\/03\/jonesprovisional-1.jpg 225w, https:\/\/brufaganya.cat\/2020\/wp-content\/uploads\/2023\/03\/jonesprovisional-1-150x150.jpg 150w\" sizes=\"auto, (max-width: 225px) 100vw, 225px\" \/><figcaption id=\"caption-attachment-7594\" class=\"wp-caption-text\">Dr.Graham Jones. Universitat d&#8217;Oxford.<\/figcaption><\/figure>\n<p>Entre els ponents, el professor Graham Jones conegut a Sta. Coloma pel seu inter\u00e8s per St. Mag\u00ed i per altres llocs de pelegrinatge, que va fer la seva exposici\u00f3 telem\u00e0ticament i en angl\u00e8s.<\/p>\n<figure id=\"attachment_7599\" aria-describedby=\"caption-attachment-7599\" style=\"width: 300px\" class=\"wp-caption alignright\"><img loading=\"lazy\" decoding=\"async\" class=\"wp-image-7599 size-medium\" src=\"https:\/\/brufaganya.cat\/2020\/wp-content\/uploads\/2023\/03\/1290248-300x262.jpeg\" alt=\"\" width=\"300\" height=\"262\" srcset=\"https:\/\/brufaganya.cat\/2020\/wp-content\/uploads\/2023\/03\/1290248-300x262.jpeg 300w, https:\/\/brufaganya.cat\/2020\/wp-content\/uploads\/2023\/03\/1290248-1024x893.jpeg 1024w, https:\/\/brufaganya.cat\/2020\/wp-content\/uploads\/2023\/03\/1290248-768x670.jpeg 768w, https:\/\/brufaganya.cat\/2020\/wp-content\/uploads\/2023\/03\/1290248-1536x1340.jpeg 1536w, https:\/\/brufaganya.cat\/2020\/wp-content\/uploads\/2023\/03\/1290248-2048x1787.jpeg 2048w\" sizes=\"auto, (max-width: 300px) 100vw, 300px\" \/><figcaption id=\"caption-attachment-7599\" class=\"wp-caption-text\">Joan Quijada t\u00e9cnic arxiver de l&#8217;AHAT<\/figcaption><\/figure>\n<p>Tamb\u00e9 vam poder sentir a l\u2019Arxiver de l\u2019Arxiu Dioces\u00e0 de Tarragona, l\u2019AHAT, Joan Quijada, que va explicar la descoberta dels documents de St. Mag\u00ed, que es pensaven que s\u2019havien cremat, en una visita fortu\u00efta que van fer a l\u2019Arxiu Dioces\u00e0 de Barcelona.<\/p>\n<figure id=\"attachment_7600\" aria-describedby=\"caption-attachment-7600\" style=\"width: 300px\" class=\"wp-caption alignleft\"><img loading=\"lazy\" decoding=\"async\" class=\"wp-image-7600 size-medium\" src=\"https:\/\/brufaganya.cat\/2020\/wp-content\/uploads\/2023\/03\/1290257-300x239.jpeg\" alt=\"\" width=\"300\" height=\"239\" srcset=\"https:\/\/brufaganya.cat\/2020\/wp-content\/uploads\/2023\/03\/1290257-300x239.jpeg 300w, https:\/\/brufaganya.cat\/2020\/wp-content\/uploads\/2023\/03\/1290257-1024x815.jpeg 1024w, https:\/\/brufaganya.cat\/2020\/wp-content\/uploads\/2023\/03\/1290257-768x611.jpeg 768w, https:\/\/brufaganya.cat\/2020\/wp-content\/uploads\/2023\/03\/1290257-1536x1222.jpeg 1536w, https:\/\/brufaganya.cat\/2020\/wp-content\/uploads\/2023\/03\/1290257-2048x1630.jpeg 2048w\" sizes=\"auto, (max-width: 300px) 100vw, 300px\" \/><figcaption id=\"caption-attachment-7600\" class=\"wp-caption-text\">Sofia Mata de la URV, en un moment de la seva ponencia<\/figcaption><\/figure>\n<p>I Sobre l\u2019antic patrimoni art\u00edstic de St. Mag\u00ed, en va parlar Sofia Mata exdirectora del Museu Dioces\u00e0 de Tarragona. I va mostrar, entre altres peces, una petita imatge d\u2019alabastre que segurament es venia ja com a \u201csouvenir\u201d a St. Mag\u00ed, el 1603!<\/p>\n<p>Tamb\u00e9 dos membres dels Amics de St. Mag\u00ed van explicar com un grup de voluntaris es dedica a l\u2019observaci\u00f3 i estudi de la flora de St. Mag\u00ed, i tamb\u00e9 es va fer una reflexi\u00f3 del St. Mag\u00ed actual i del St. Mag\u00ed en el temps.<\/p>\n<figure id=\"attachment_7588\" aria-describedby=\"caption-attachment-7588\" style=\"width: 300px\" class=\"wp-caption alignright\"><img loading=\"lazy\" decoding=\"async\" class=\"wp-image-7588 size-medium\" src=\"https:\/\/brufaganya.cat\/2020\/wp-content\/uploads\/2023\/03\/cdebat-300x200.jpg\" alt=\"\" width=\"300\" height=\"200\" srcset=\"https:\/\/brufaganya.cat\/2020\/wp-content\/uploads\/2023\/03\/cdebat-300x200.jpg 300w, https:\/\/brufaganya.cat\/2020\/wp-content\/uploads\/2023\/03\/cdebat-1024x683.jpg 1024w, https:\/\/brufaganya.cat\/2020\/wp-content\/uploads\/2023\/03\/cdebat-768x512.jpg 768w, https:\/\/brufaganya.cat\/2020\/wp-content\/uploads\/2023\/03\/cdebat-1536x1024.jpg 1536w, https:\/\/brufaganya.cat\/2020\/wp-content\/uploads\/2023\/03\/cdebat-2048x1365.jpg 2048w\" sizes=\"auto, (max-width: 300px) 100vw, 300px\" \/><figcaption id=\"caption-attachment-7588\" class=\"wp-caption-text\">Max Turull coordina i dinamitza el debat, molt constructiu!<\/figcaption><\/figure>\n<p>Max Turull va sintetitzar les conclusions de tot el que s\u2019havia dit, i va valorar el treball dels Amics de St. Mag\u00ed, les iniciatives, les tasques, els nous reptes i nous projectes i les moltes possibilitats que es poden obrir a partir de totes aquestes activitats.<\/p>\n<p>A l\u2019hora de les intervencions, dels que \u00e9rem all\u00e0 presents, la majoria va destacar que St. Mag\u00ed \u00e9s actualment un lloc no massificat, on trobes molta quietud, silenci, tranquil\u00b7litat, una vegetaci\u00f3 sana i molt variada, en definitiva, un lloc que s\u2019ha preservat i no s\u2019ha malm\u00e8s ni s\u2019ha vist enva\u00eft de visitants, cotxes i motos. I d\u2019aquests llocs, en queden pocs.<\/p>\n<p>&nbsp;<\/p>\n<div id='gallery-1' class='gallery galleryid-7587 gallery-columns-3 gallery-size-thumbnail'><figure class='gallery-item'>\n\t\t\t<div class='gallery-icon landscape'>\n\t\t\t\t<a href='https:\/\/brufaganya.cat\/2020\/la-jornada-destudis-ha-anat-be\/_1290301\/'><img loading=\"lazy\" decoding=\"async\" width=\"150\" height=\"150\" src=\"https:\/\/brufaganya.cat\/2020\/wp-content\/uploads\/2023\/03\/1290301-150x150.jpeg\" class=\"attachment-thumbnail size-thumbnail\" alt=\"\" aria-describedby=\"gallery-1-7602\" \/><\/a>\n\t\t\t<\/div>\n\t\t\t\t<figcaption class='wp-caption-text gallery-caption' id='gallery-1-7602'>\n\t\t\t\tM.Rumbau, volunt\u00e0ria\n\t\t\t\t<\/figcaption><\/figure><figure class='gallery-item'>\n\t\t\t<div class='gallery-icon landscape'>\n\t\t\t\t<a href='https:\/\/brufaganya.cat\/2020\/la-jornada-destudis-ha-anat-be\/_1290303\/'><img loading=\"lazy\" decoding=\"async\" width=\"150\" height=\"150\" src=\"https:\/\/brufaganya.cat\/2020\/wp-content\/uploads\/2023\/03\/1290303-150x150.jpeg\" class=\"attachment-thumbnail size-thumbnail\" alt=\"\" aria-describedby=\"gallery-1-7603\" \/><\/a>\n\t\t\t<\/div>\n\t\t\t\t<figcaption class='wp-caption-text gallery-caption' id='gallery-1-7603'>\n\t\t\t\tJ.Sol\u00e9, voluntari\n\t\t\t\t<\/figcaption><\/figure><figure class='gallery-item'>\n\t\t\t<div class='gallery-icon landscape'>\n\t\t\t\t<a href='https:\/\/brufaganya.cat\/2020\/la-jornada-destudis-ha-anat-be\/_1290223\/'><img loading=\"lazy\" decoding=\"async\" width=\"150\" height=\"150\" src=\"https:\/\/brufaganya.cat\/2020\/wp-content\/uploads\/2023\/03\/1290223-150x150.jpeg\" class=\"attachment-thumbnail size-thumbnail\" alt=\"\" aria-describedby=\"gallery-1-7604\" \/><\/a>\n\t\t\t<\/div>\n\t\t\t\t<figcaption class='wp-caption-text gallery-caption' id='gallery-1-7604'>\n\t\t\t\tR.Armejach, volunt\u00e0ria\n\t\t\t\t<\/figcaption><\/figure>\n\t\t<\/div>\n\n<p>La q\u00fcesti\u00f3 \u00e9s intentar aconseguir un\u00a0 equilibri entre promoure activitats i donar a con\u00e8ixer St. Mag\u00ed, i alhora intentar preservar-lo d\u2019una massificaci\u00f3.<\/p>\n<p>St. Mag\u00ed \u00e9s un lloc especial, les fonts, les rouredes, les coves, els camins &#8230; Un lloc on \u00e9s molt probable que fos ja habitat en \u00e8poques molt remotes. L\u2019aigua, les coves, els boscos, l\u2019a\u00efllament, havia de ser un bon lloc per viure, protegir-se i poder ca\u00e7ar. I amb el temps devia esdevenir un lloc de culte pag\u00e0. Amb el cristianisme, moltes esgl\u00e9sies es van construir damunt d\u2019aquests antics lloc de culte. Segurament \u00e9s el que va passar a St. Mag\u00ed. Graham Jones tamb\u00e9 creu que aquest lloc havia estat poblat antigament, i aconsellava fer-hi prospeccions arqueol\u00f2giques per buscar els antics substrats poblacionals. Alg\u00fa de la sala, va proposar buscar esp\u00f2nsors per poder tirar-ho endavant.<\/p>\n<p><img loading=\"lazy\" decoding=\"async\" class=\"size-medium wp-image-7580 alignright\" src=\"https:\/\/brufaganya.cat\/2020\/wp-content\/uploads\/2023\/03\/ICARTELLHORARI-217x300.jpg\" alt=\"\" width=\"217\" height=\"300\" srcset=\"https:\/\/brufaganya.cat\/2020\/wp-content\/uploads\/2023\/03\/ICARTELLHORARI-217x300.jpg 217w, https:\/\/brufaganya.cat\/2020\/wp-content\/uploads\/2023\/03\/ICARTELLHORARI-740x1024.jpg 740w, https:\/\/brufaganya.cat\/2020\/wp-content\/uploads\/2023\/03\/ICARTELLHORARI-768x1062.jpg 768w, https:\/\/brufaganya.cat\/2020\/wp-content\/uploads\/2023\/03\/ICARTELLHORARI-1111x1536.jpg 1111w, https:\/\/brufaganya.cat\/2020\/wp-content\/uploads\/2023\/03\/ICARTELLHORARI.jpg 1157w\" sizes=\"auto, (max-width: 217px) 100vw, 217px\" \/>Per\u00f2 potser fora millor deixar tranquil aquest lloc privilegiat i no malmetre\u2019l, per tal que tots els que hi vulguin anar puguin gaudir d\u2019aquest espai, que per sort, encara es mant\u00e9 conservat.<\/p>\n<p><strong>Una iniciativa atrevida, l\u2019organitzaci\u00f3 d\u2019una Jornada d\u2019Estudis de la Brufaganya, per\u00f2 que ha resultat interessant a l\u2019obrir un debat sobre el present i el futur d\u2019un recinte tan especial i tan estimat com \u00e9s St. Mag\u00ed de la Brufaganya.<\/strong><\/p>\n<p>&nbsp;<\/p>\n","protected":false},"excerpt":{"rendered":"<p>Dissabte va tenir lloc la Ia Jornada d&#8217;Estudis de la Brufaganya Organitzada per l&#8217;Associaci\u00f3 dels amics de S.Mag\u00ed, amb el patrocini de l&#8217;IRMU i la colaboraci\u00f3 del ACBS, CELL .Pon\u00e8ncies [&hellip;]<\/p>\n","protected":false},"author":105,"featured_media":7589,"comment_status":"open","ping_status":"closed","sticky":false,"template":"","format":"standard","meta":{"inline_featured_image":false,"footnotes":""},"categories":[776,1],"tags":[],"class_list":["post-7587","post","type-post","status-publish","format-standard","has-post-thumbnail","hentry","category-exposicions-xerrades","category-noticies"],"yoast_head":"<!-- This site is optimized with the Yoast SEO plugin v27.5 - https:\/\/yoast.com\/product\/yoast-seo-wordpress\/ -->\n<title>La Jornada d&#039;Estudis de la Brufaganya, ha anat molt b\u00e9! &#187; Sant Mag\u00ed de la Brufaganya<\/title>\n<meta name=\"robots\" content=\"index, follow, max-snippet:-1, max-image-preview:large, max-video-preview:-1\" \/>\n<link rel=\"canonical\" href=\"https:\/\/brufaganya.cat\/2020\/la-jornada-destudis-ha-anat-be\/\" \/>\n<meta property=\"og:locale\" content=\"ca_ES\" \/>\n<meta property=\"og:type\" content=\"article\" \/>\n<meta property=\"og:title\" content=\"La Jornada d&#039;Estudis de la Brufaganya, ha anat molt b\u00e9! &#187; Sant Mag\u00ed de la Brufaganya\" \/>\n<meta property=\"og:description\" content=\"Dissabte va tenir lloc la Ia Jornada d&#8217;Estudis de la Brufaganya Organitzada per l&#8217;Associaci\u00f3 dels amics de S.Mag\u00ed, amb el patrocini de l&#8217;IRMU i la colaboraci\u00f3 del ACBS, CELL .Pon\u00e8ncies [&hellip;]\" \/>\n<meta property=\"og:url\" content=\"https:\/\/brufaganya.cat\/2020\/la-jornada-destudis-ha-anat-be\/\" \/>\n<meta property=\"og:site_name\" content=\"Sant Mag\u00ed de la Brufaganya\" \/>\n<meta property=\"article:published_time\" content=\"2023-03-28T10:54:22+00:00\" \/>\n<meta property=\"article:modified_time\" content=\"2023-03-28T13:35:27+00:00\" \/>\n<meta property=\"og:image\" content=\"https:\/\/brufaganya.cat\/2020\/wp-content\/uploads\/2023\/03\/inici-scaled.jpg\" \/>\n\t<meta property=\"og:image:width\" content=\"2560\" \/>\n\t<meta property=\"og:image:height\" content=\"1707\" \/>\n\t<meta property=\"og:image:type\" content=\"image\/jpeg\" \/>\n<meta name=\"author\" content=\"Rita Armejach Carreras\" \/>\n<meta name=\"twitter:card\" content=\"summary_large_image\" \/>\n<meta name=\"twitter:label1\" content=\"Escrit per\" \/>\n\t<meta name=\"twitter:data1\" content=\"Rita Armejach Carreras\" \/>\n\t<meta name=\"twitter:label2\" content=\"Temps estimat de lectura\" \/>\n\t<meta name=\"twitter:data2\" content=\"5 minuts\" \/>\n<script type=\"application\/ld+json\" class=\"yoast-schema-graph\">{\"@context\":\"https:\\\/\\\/schema.org\",\"@graph\":[{\"@type\":\"Article\",\"@id\":\"https:\\\/\\\/brufaganya.cat\\\/2020\\\/la-jornada-destudis-ha-anat-be\\\/#article\",\"isPartOf\":{\"@id\":\"https:\\\/\\\/brufaganya.cat\\\/2020\\\/la-jornada-destudis-ha-anat-be\\\/\"},\"author\":{\"name\":\"Rita Armejach Carreras\",\"@id\":\"https:\\\/\\\/brufaganya.cat\\\/2020\\\/#\\\/schema\\\/person\\\/cd383ee397867b5182d1cf80b8c2e95c\"},\"headline\":\"La Jornada d&#8217;Estudis de la Brufaganya, ha anat molt b\u00e9!\",\"datePublished\":\"2023-03-28T10:54:22+00:00\",\"dateModified\":\"2023-03-28T13:35:27+00:00\",\"mainEntityOfPage\":{\"@id\":\"https:\\\/\\\/brufaganya.cat\\\/2020\\\/la-jornada-destudis-ha-anat-be\\\/\"},\"wordCount\":791,\"commentCount\":0,\"publisher\":{\"@id\":\"https:\\\/\\\/brufaganya.cat\\\/2020\\\/#organization\"},\"image\":{\"@id\":\"https:\\\/\\\/brufaganya.cat\\\/2020\\\/la-jornada-destudis-ha-anat-be\\\/#primaryimage\"},\"thumbnailUrl\":\"https:\\\/\\\/brufaganya.cat\\\/2020\\\/wp-content\\\/uploads\\\/2023\\\/03\\\/inici-scaled.jpg\",\"articleSection\":[\"Exposicions i xerrades\",\"Not\u00edcies\"],\"inLanguage\":\"ca\",\"potentialAction\":[{\"@type\":\"CommentAction\",\"name\":\"Comment\",\"target\":[\"https:\\\/\\\/brufaganya.cat\\\/2020\\\/la-jornada-destudis-ha-anat-be\\\/#respond\"]}]},{\"@type\":\"WebPage\",\"@id\":\"https:\\\/\\\/brufaganya.cat\\\/2020\\\/la-jornada-destudis-ha-anat-be\\\/\",\"url\":\"https:\\\/\\\/brufaganya.cat\\\/2020\\\/la-jornada-destudis-ha-anat-be\\\/\",\"name\":\"La Jornada d'Estudis de la Brufaganya, ha anat molt b\u00e9! &#187; Sant Mag\u00ed de la Brufaganya\",\"isPartOf\":{\"@id\":\"https:\\\/\\\/brufaganya.cat\\\/2020\\\/#website\"},\"primaryImageOfPage\":{\"@id\":\"https:\\\/\\\/brufaganya.cat\\\/2020\\\/la-jornada-destudis-ha-anat-be\\\/#primaryimage\"},\"image\":{\"@id\":\"https:\\\/\\\/brufaganya.cat\\\/2020\\\/la-jornada-destudis-ha-anat-be\\\/#primaryimage\"},\"thumbnailUrl\":\"https:\\\/\\\/brufaganya.cat\\\/2020\\\/wp-content\\\/uploads\\\/2023\\\/03\\\/inici-scaled.jpg\",\"datePublished\":\"2023-03-28T10:54:22+00:00\",\"dateModified\":\"2023-03-28T13:35:27+00:00\",\"breadcrumb\":{\"@id\":\"https:\\\/\\\/brufaganya.cat\\\/2020\\\/la-jornada-destudis-ha-anat-be\\\/#breadcrumb\"},\"inLanguage\":\"ca\",\"potentialAction\":[{\"@type\":\"ReadAction\",\"target\":[\"https:\\\/\\\/brufaganya.cat\\\/2020\\\/la-jornada-destudis-ha-anat-be\\\/\"]}]},{\"@type\":\"ImageObject\",\"inLanguage\":\"ca\",\"@id\":\"https:\\\/\\\/brufaganya.cat\\\/2020\\\/la-jornada-destudis-ha-anat-be\\\/#primaryimage\",\"url\":\"https:\\\/\\\/brufaganya.cat\\\/2020\\\/wp-content\\\/uploads\\\/2023\\\/03\\\/inici-scaled.jpg\",\"contentUrl\":\"https:\\\/\\\/brufaganya.cat\\\/2020\\\/wp-content\\\/uploads\\\/2023\\\/03\\\/inici-scaled.jpg\",\"width\":2560,\"height\":1707,\"caption\":\"J..Santesmases de CCEPC, R.Armejach dels Amics de S. Mag\u00ed i C.Queralt\u00f3 del CELL inauguren la Jornada.\"},{\"@type\":\"BreadcrumbList\",\"@id\":\"https:\\\/\\\/brufaganya.cat\\\/2020\\\/la-jornada-destudis-ha-anat-be\\\/#breadcrumb\",\"itemListElement\":[{\"@type\":\"ListItem\",\"position\":1,\"name\":\"Inici\",\"item\":\"https:\\\/\\\/brufaganya.cat\\\/2020\\\/\"},{\"@type\":\"ListItem\",\"position\":2,\"name\":\"La Jornada d&#8217;Estudis de la Brufaganya, ha anat molt b\u00e9!\"}]},{\"@type\":\"WebSite\",\"@id\":\"https:\\\/\\\/brufaganya.cat\\\/2020\\\/#website\",\"url\":\"https:\\\/\\\/brufaganya.cat\\\/2020\\\/\",\"name\":\"Sant Mag\u00ed de la Brufaganya\",\"description\":\"Lloc web de Sant Mag\u00ed de la Brufaganya\",\"publisher\":{\"@id\":\"https:\\\/\\\/brufaganya.cat\\\/2020\\\/#organization\"},\"potentialAction\":[{\"@type\":\"SearchAction\",\"target\":{\"@type\":\"EntryPoint\",\"urlTemplate\":\"https:\\\/\\\/brufaganya.cat\\\/2020\\\/?s={search_term_string}\"},\"query-input\":{\"@type\":\"PropertyValueSpecification\",\"valueRequired\":true,\"valueName\":\"search_term_string\"}}],\"inLanguage\":\"ca\"},{\"@type\":\"Organization\",\"@id\":\"https:\\\/\\\/brufaganya.cat\\\/2020\\\/#organization\",\"name\":\"Sant Mag\u00ed de Brufaganya\",\"url\":\"https:\\\/\\\/brufaganya.cat\\\/2020\\\/\",\"logo\":{\"@type\":\"ImageObject\",\"inLanguage\":\"ca\",\"@id\":\"https:\\\/\\\/brufaganya.cat\\\/2020\\\/#\\\/schema\\\/logo\\\/image\\\/\",\"url\":\"https:\\\/\\\/brufaganya.cat\\\/2020\\\/wp-content\\\/uploads\\\/2018\\\/11\\\/st_marti_bruga_horitz_posi_logo.jpg\",\"contentUrl\":\"https:\\\/\\\/brufaganya.cat\\\/2020\\\/wp-content\\\/uploads\\\/2018\\\/11\\\/st_marti_bruga_horitz_posi_logo.jpg\",\"width\":1479,\"height\":804,\"caption\":\"Sant Mag\u00ed de Brufaganya\"},\"image\":{\"@id\":\"https:\\\/\\\/brufaganya.cat\\\/2020\\\/#\\\/schema\\\/logo\\\/image\\\/\"},\"sameAs\":[\"https:\\\/\\\/ca.wikipedia.org\\\/wiki\\\/Sant_Mag\u00ed_de_Brufaganya\"]},{\"@type\":\"Person\",\"@id\":\"https:\\\/\\\/brufaganya.cat\\\/2020\\\/#\\\/schema\\\/person\\\/cd383ee397867b5182d1cf80b8c2e95c\",\"name\":\"Rita Armejach Carreras\",\"image\":{\"@type\":\"ImageObject\",\"inLanguage\":\"ca\",\"@id\":\"https:\\\/\\\/secure.gravatar.com\\\/avatar\\\/9dd6e49c4c61c4e14defcbf48211c55e6d268a4486cf9f5cef1b53148943d71d?s=96&d=mm&r=g\",\"url\":\"https:\\\/\\\/secure.gravatar.com\\\/avatar\\\/9dd6e49c4c61c4e14defcbf48211c55e6d268a4486cf9f5cef1b53148943d71d?s=96&d=mm&r=g\",\"contentUrl\":\"https:\\\/\\\/secure.gravatar.com\\\/avatar\\\/9dd6e49c4c61c4e14defcbf48211c55e6d268a4486cf9f5cef1b53148943d71d?s=96&d=mm&r=g\",\"caption\":\"Rita Armejach Carreras\"},\"url\":\"https:\\\/\\\/brufaganya.cat\\\/2020\\\/author\\\/rarmejach\\\/\"}]}<\/script>\n<!-- \/ Yoast SEO plugin. -->","yoast_head_json":{"title":"La Jornada d'Estudis de la Brufaganya, ha anat molt b\u00e9! &#187; Sant Mag\u00ed de la Brufaganya","robots":{"index":"index","follow":"follow","max-snippet":"max-snippet:-1","max-image-preview":"max-image-preview:large","max-video-preview":"max-video-preview:-1"},"canonical":"https:\/\/brufaganya.cat\/2020\/la-jornada-destudis-ha-anat-be\/","og_locale":"ca_ES","og_type":"article","og_title":"La Jornada d'Estudis de la Brufaganya, ha anat molt b\u00e9! &#187; Sant Mag\u00ed de la Brufaganya","og_description":"Dissabte va tenir lloc la Ia Jornada d&#8217;Estudis de la Brufaganya Organitzada per l&#8217;Associaci\u00f3 dels amics de S.Mag\u00ed, amb el patrocini de l&#8217;IRMU i la colaboraci\u00f3 del ACBS, CELL .Pon\u00e8ncies [&hellip;]","og_url":"https:\/\/brufaganya.cat\/2020\/la-jornada-destudis-ha-anat-be\/","og_site_name":"Sant Mag\u00ed de la Brufaganya","article_published_time":"2023-03-28T10:54:22+00:00","article_modified_time":"2023-03-28T13:35:27+00:00","og_image":[{"width":2560,"height":1707,"url":"https:\/\/brufaganya.cat\/2020\/wp-content\/uploads\/2023\/03\/inici-scaled.jpg","type":"image\/jpeg"}],"author":"Rita Armejach Carreras","twitter_card":"summary_large_image","twitter_misc":{"Escrit per":"Rita Armejach Carreras","Temps estimat de lectura":"5 minuts"},"schema":{"@context":"https:\/\/schema.org","@graph":[{"@type":"Article","@id":"https:\/\/brufaganya.cat\/2020\/la-jornada-destudis-ha-anat-be\/#article","isPartOf":{"@id":"https:\/\/brufaganya.cat\/2020\/la-jornada-destudis-ha-anat-be\/"},"author":{"name":"Rita Armejach Carreras","@id":"https:\/\/brufaganya.cat\/2020\/#\/schema\/person\/cd383ee397867b5182d1cf80b8c2e95c"},"headline":"La Jornada d&#8217;Estudis de la Brufaganya, ha anat molt b\u00e9!","datePublished":"2023-03-28T10:54:22+00:00","dateModified":"2023-03-28T13:35:27+00:00","mainEntityOfPage":{"@id":"https:\/\/brufaganya.cat\/2020\/la-jornada-destudis-ha-anat-be\/"},"wordCount":791,"commentCount":0,"publisher":{"@id":"https:\/\/brufaganya.cat\/2020\/#organization"},"image":{"@id":"https:\/\/brufaganya.cat\/2020\/la-jornada-destudis-ha-anat-be\/#primaryimage"},"thumbnailUrl":"https:\/\/brufaganya.cat\/2020\/wp-content\/uploads\/2023\/03\/inici-scaled.jpg","articleSection":["Exposicions i xerrades","Not\u00edcies"],"inLanguage":"ca","potentialAction":[{"@type":"CommentAction","name":"Comment","target":["https:\/\/brufaganya.cat\/2020\/la-jornada-destudis-ha-anat-be\/#respond"]}]},{"@type":"WebPage","@id":"https:\/\/brufaganya.cat\/2020\/la-jornada-destudis-ha-anat-be\/","url":"https:\/\/brufaganya.cat\/2020\/la-jornada-destudis-ha-anat-be\/","name":"La Jornada d'Estudis de la Brufaganya, ha anat molt b\u00e9! &#187; Sant Mag\u00ed de la Brufaganya","isPartOf":{"@id":"https:\/\/brufaganya.cat\/2020\/#website"},"primaryImageOfPage":{"@id":"https:\/\/brufaganya.cat\/2020\/la-jornada-destudis-ha-anat-be\/#primaryimage"},"image":{"@id":"https:\/\/brufaganya.cat\/2020\/la-jornada-destudis-ha-anat-be\/#primaryimage"},"thumbnailUrl":"https:\/\/brufaganya.cat\/2020\/wp-content\/uploads\/2023\/03\/inici-scaled.jpg","datePublished":"2023-03-28T10:54:22+00:00","dateModified":"2023-03-28T13:35:27+00:00","breadcrumb":{"@id":"https:\/\/brufaganya.cat\/2020\/la-jornada-destudis-ha-anat-be\/#breadcrumb"},"inLanguage":"ca","potentialAction":[{"@type":"ReadAction","target":["https:\/\/brufaganya.cat\/2020\/la-jornada-destudis-ha-anat-be\/"]}]},{"@type":"ImageObject","inLanguage":"ca","@id":"https:\/\/brufaganya.cat\/2020\/la-jornada-destudis-ha-anat-be\/#primaryimage","url":"https:\/\/brufaganya.cat\/2020\/wp-content\/uploads\/2023\/03\/inici-scaled.jpg","contentUrl":"https:\/\/brufaganya.cat\/2020\/wp-content\/uploads\/2023\/03\/inici-scaled.jpg","width":2560,"height":1707,"caption":"J..Santesmases de CCEPC, R.Armejach dels Amics de S. Mag\u00ed i C.Queralt\u00f3 del CELL inauguren la Jornada."},{"@type":"BreadcrumbList","@id":"https:\/\/brufaganya.cat\/2020\/la-jornada-destudis-ha-anat-be\/#breadcrumb","itemListElement":[{"@type":"ListItem","position":1,"name":"Inici","item":"https:\/\/brufaganya.cat\/2020\/"},{"@type":"ListItem","position":2,"name":"La Jornada d&#8217;Estudis de la Brufaganya, ha anat molt b\u00e9!"}]},{"@type":"WebSite","@id":"https:\/\/brufaganya.cat\/2020\/#website","url":"https:\/\/brufaganya.cat\/2020\/","name":"Sant Mag\u00ed de la Brufaganya","description":"Lloc web de Sant Mag\u00ed de la Brufaganya","publisher":{"@id":"https:\/\/brufaganya.cat\/2020\/#organization"},"potentialAction":[{"@type":"SearchAction","target":{"@type":"EntryPoint","urlTemplate":"https:\/\/brufaganya.cat\/2020\/?s={search_term_string}"},"query-input":{"@type":"PropertyValueSpecification","valueRequired":true,"valueName":"search_term_string"}}],"inLanguage":"ca"},{"@type":"Organization","@id":"https:\/\/brufaganya.cat\/2020\/#organization","name":"Sant Mag\u00ed de Brufaganya","url":"https:\/\/brufaganya.cat\/2020\/","logo":{"@type":"ImageObject","inLanguage":"ca","@id":"https:\/\/brufaganya.cat\/2020\/#\/schema\/logo\/image\/","url":"https:\/\/brufaganya.cat\/2020\/wp-content\/uploads\/2018\/11\/st_marti_bruga_horitz_posi_logo.jpg","contentUrl":"https:\/\/brufaganya.cat\/2020\/wp-content\/uploads\/2018\/11\/st_marti_bruga_horitz_posi_logo.jpg","width":1479,"height":804,"caption":"Sant Mag\u00ed de Brufaganya"},"image":{"@id":"https:\/\/brufaganya.cat\/2020\/#\/schema\/logo\/image\/"},"sameAs":["https:\/\/ca.wikipedia.org\/wiki\/Sant_Mag\u00ed_de_Brufaganya"]},{"@type":"Person","@id":"https:\/\/brufaganya.cat\/2020\/#\/schema\/person\/cd383ee397867b5182d1cf80b8c2e95c","name":"Rita Armejach Carreras","image":{"@type":"ImageObject","inLanguage":"ca","@id":"https:\/\/secure.gravatar.com\/avatar\/9dd6e49c4c61c4e14defcbf48211c55e6d268a4486cf9f5cef1b53148943d71d?s=96&d=mm&r=g","url":"https:\/\/secure.gravatar.com\/avatar\/9dd6e49c4c61c4e14defcbf48211c55e6d268a4486cf9f5cef1b53148943d71d?s=96&d=mm&r=g","contentUrl":"https:\/\/secure.gravatar.com\/avatar\/9dd6e49c4c61c4e14defcbf48211c55e6d268a4486cf9f5cef1b53148943d71d?s=96&d=mm&r=g","caption":"Rita Armejach Carreras"},"url":"https:\/\/brufaganya.cat\/2020\/author\/rarmejach\/"}]}},"_links":{"self":[{"href":"https:\/\/brufaganya.cat\/2020\/wp-json\/wp\/v2\/posts\/7587","targetHints":{"allow":["GET"]}}],"collection":[{"href":"https:\/\/brufaganya.cat\/2020\/wp-json\/wp\/v2\/posts"}],"about":[{"href":"https:\/\/brufaganya.cat\/2020\/wp-json\/wp\/v2\/types\/post"}],"author":[{"embeddable":true,"href":"https:\/\/brufaganya.cat\/2020\/wp-json\/wp\/v2\/users\/105"}],"replies":[{"embeddable":true,"href":"https:\/\/brufaganya.cat\/2020\/wp-json\/wp\/v2\/comments?post=7587"}],"version-history":[{"count":0,"href":"https:\/\/brufaganya.cat\/2020\/wp-json\/wp\/v2\/posts\/7587\/revisions"}],"wp:featuredmedia":[{"embeddable":true,"href":"https:\/\/brufaganya.cat\/2020\/wp-json\/wp\/v2\/media\/7589"}],"wp:attachment":[{"href":"https:\/\/brufaganya.cat\/2020\/wp-json\/wp\/v2\/media?parent=7587"}],"wp:term":[{"taxonomy":"category","embeddable":true,"href":"https:\/\/brufaganya.cat\/2020\/wp-json\/wp\/v2\/categories?post=7587"},{"taxonomy":"post_tag","embeddable":true,"href":"https:\/\/brufaganya.cat\/2020\/wp-json\/wp\/v2\/tags?post=7587"}],"curies":[{"name":"wp","href":"https:\/\/api.w.org\/{rel}","templated":true}]}}