{"id":7453,"date":"2023-02-04T21:38:39","date_gmt":"2023-02-04T19:38:39","guid":{"rendered":"https:\/\/brufaganya.cat\/2020\/?p=7453"},"modified":"2023-02-04T22:22:57","modified_gmt":"2023-02-04T20:22:57","slug":"que-sabem-de-sant-magi","status":"publish","type":"post","link":"https:\/\/brufaganya.cat\/2020\/que-sabem-de-sant-magi\/","title":{"rendered":"ENQUESTA: Qu\u00e8 sabem de Sant Mag\u00ed?"},"content":{"rendered":"<p>A vegades ens sembla que coneixem <strong>Sant Mag\u00ed de la <span class=\"hiddenSpellError\">Brufaganya<\/span><\/strong> i el seu entorn perqu\u00e8 participem en els aplecs i festes tradicionals,\u00a0 anem als concerts, caminem per les rutes i s\u00f3m presents en algunes de les activitats que s&#8217;organitzen. Per\u00f2 coneixeu Sant Mag\u00ed?. Avui us vol\u00edem demanar que contestessiu <strong>l&#8217;ENQUESTA<\/strong>, tant si coneixeu Sant Mag\u00ed,\u00a0 com si \u00e9s la primera vegada que en sentiu a parlar. Ens hi voldrieu\u00a0 ajudar?<\/p>\n<p>ENQUESTA: <strong>QUE SAPS DE SANT MAG\u00cd I QUE EN VOLDRIES SABER?<\/strong><br \/>\nPodeu contestar a l&#8217;enquesta <strong><a href=\"https:\/\/docs.google.com\/forms\/d\/e\/1FAIpQLSeGn79JTvkjkC9jTwTj1Wiv0OX4PoYxhkJNsXDbpD8cx1utEQ\/viewform?vc=0&amp;c=0&amp;w=1&amp;flr=0\">prement\u00a0Aqu\u00ed<\/a><\/strong><\/p>\n<div id='gallery-1' class='gallery galleryid-7453 gallery-columns-3 gallery-size-thumbnail'><figure class='gallery-item'>\n\t\t\t<div class='gallery-icon landscape'>\n\t\t\t\t<a href='https:\/\/brufaganya.cat\/2020\/malgrat-la-pndemia-aplec-a-sant-magi\/nenaplec\/'><img loading=\"lazy\" decoding=\"async\" width=\"150\" height=\"150\" src=\"https:\/\/brufaganya.cat\/2020\/wp-content\/uploads\/2020\/08\/nenAplec-150x150.jpg\" class=\"attachment-thumbnail size-thumbnail\" alt=\"\" aria-describedby=\"gallery-1-5558\" \/><\/a>\n\t\t\t<\/div>\n\t\t\t\t<figcaption class='wp-caption-text gallery-caption' id='gallery-1-5558'>\n\t\t\t\tAPLEC: Dels petits als m\u00e9s grans.\n\t\t\t\t<\/figcaption><\/figure><figure class='gallery-item'>\n\t\t\t<div class='gallery-icon landscape'>\n\t\t\t\t<a href='https:\/\/brufaganya.cat\/2020\/lexposicio-de-sant-magi-arriba-a-santa-coloma\/web-carrusel-aplec\/'><img loading=\"lazy\" decoding=\"async\" width=\"150\" height=\"150\" src=\"https:\/\/brufaganya.cat\/2020\/wp-content\/uploads\/2020\/12\/Web.-Carrusel.-Aplec-150x150.jpg\" class=\"attachment-thumbnail size-thumbnail\" alt=\"\" aria-describedby=\"gallery-1-5807\" \/><\/a>\n\t\t\t<\/div>\n\t\t\t\t<figcaption class='wp-caption-text gallery-caption' id='gallery-1-5807'>\n\t\t\t\tMUSICA Ball pl\u00e0\n\t\t\t\t<\/figcaption><\/figure><figure class='gallery-item'>\n\t\t\t<div class='gallery-icon landscape'>\n\t\t\t\t<a href='https:\/\/brufaganya.cat\/2020\/evolucio-casa-de-lermita\/casa-ermita-5\/'><img loading=\"lazy\" decoding=\"async\" width=\"150\" height=\"150\" src=\"https:\/\/brufaganya.cat\/2020\/wp-content\/uploads\/2021\/02\/Casa-ermita-5-150x150.jpg\" class=\"attachment-thumbnail size-thumbnail\" alt=\"\" aria-describedby=\"gallery-1-5978\" \/><\/a>\n\t\t\t<\/div>\n\t\t\t\t<figcaption class='wp-caption-text gallery-caption' id='gallery-1-5978'>\n\t\t\t\tVOLUNTARIS: Carregant la runa de la Casa de l&#8217;Ermit\u00e0.\n\t\t\t\t<\/figcaption><\/figure><figure class='gallery-item'>\n\t\t\t<div class='gallery-icon landscape'>\n\t\t\t\t<a href='https:\/\/brufaganya.cat\/2020\/inauguracio-a-igualada-de-lexposicio-sant-magi-el-miracle-de-laigua\/210501-143-4\/'><img loading=\"lazy\" decoding=\"async\" width=\"150\" height=\"150\" src=\"https:\/\/brufaganya.cat\/2020\/wp-content\/uploads\/2021\/05\/210501-143-4-150x150.jpg\" class=\"attachment-thumbnail size-thumbnail\" alt=\"\" aria-describedby=\"gallery-1-6150\" \/><\/a>\n\t\t\t<\/div>\n\t\t\t\t<figcaption class='wp-caption-text gallery-caption' id='gallery-1-6150'>\n\t\t\t\tEXPOSICI\u00d3 itinerant\n\t\t\t\t<\/figcaption><\/figure><figure class='gallery-item'>\n\t\t\t<div class='gallery-icon portrait'>\n\t\t\t\t<a href='https:\/\/brufaganya.cat\/2020\/torna-laplec-de-la-rosa-a-sant-magi\/iglesia\/'><img loading=\"lazy\" decoding=\"async\" width=\"150\" height=\"150\" src=\"https:\/\/brufaganya.cat\/2020\/wp-content\/uploads\/2021\/06\/iglesia-150x150.jpg\" class=\"attachment-thumbnail size-thumbnail\" alt=\"\" aria-describedby=\"gallery-1-6222\" \/><\/a>\n\t\t\t<\/div>\n\t\t\t\t<figcaption class='wp-caption-text gallery-caption' id='gallery-1-6222'>\n\t\t\t\tTRADICI\u00d3 L&#8217;esgl\u00e8sia plena de la gent que ha vingut\n\t\t\t\t<\/figcaption><\/figure><figure class='gallery-item'>\n\t\t\t<div class='gallery-icon landscape'>\n\t\t\t\t<a href='https:\/\/brufaganya.cat\/2020\/un-octet-de-mendelssohn-impressionant\/musica2nconcert\/'><img loading=\"lazy\" decoding=\"async\" width=\"150\" height=\"150\" src=\"https:\/\/brufaganya.cat\/2020\/wp-content\/uploads\/2021\/06\/musica2nconcert-150x150.jpeg\" class=\"attachment-thumbnail size-thumbnail\" alt=\"\" aria-describedby=\"gallery-1-6234\" \/><\/a>\n\t\t\t<\/div>\n\t\t\t\t<figcaption class='wp-caption-text gallery-caption' id='gallery-1-6234'>\n\t\t\t\tCONCERT Nits de la Brufaganya\n\t\t\t\t<\/figcaption><\/figure><figure class='gallery-item'>\n\t\t\t<div class='gallery-icon landscape'>\n\t\t\t\t<a href='https:\/\/brufaganya.cat\/2020\/aplec-de-setembre-sant-magi\/smaplecbici\/'><img loading=\"lazy\" decoding=\"async\" width=\"150\" height=\"150\" src=\"https:\/\/brufaganya.cat\/2020\/wp-content\/uploads\/2021\/09\/SMaplecBici-150x150.jpeg\" class=\"attachment-thumbnail size-thumbnail\" alt=\"\" aria-describedby=\"gallery-1-6410\" \/><\/a>\n\t\t\t<\/div>\n\t\t\t\t<figcaption class='wp-caption-text gallery-caption' id='gallery-1-6410'>\n\t\t\t\tAPLEC: Ciclistes cap a la Brufaganya\n\t\t\t\t<\/figcaption><\/figure><figure class='gallery-item'>\n\t\t\t<div class='gallery-icon portrait'>\n\t\t\t\t<a href='https:\/\/brufaganya.cat\/2020\/que-menjaven-els-monjos-de-sant-magi\/cuinamenu2ahatmarcatbo\/'><img loading=\"lazy\" decoding=\"async\" width=\"150\" height=\"150\" src=\"https:\/\/brufaganya.cat\/2020\/wp-content\/uploads\/2021\/10\/CUINAmenu2AHATmarcatBO-150x150.jpg\" class=\"attachment-thumbnail size-thumbnail\" alt=\"\" aria-describedby=\"gallery-1-6419\" \/><\/a>\n\t\t\t<\/div>\n\t\t\t\t<figcaption class='wp-caption-text gallery-caption' id='gallery-1-6419'>\n\t\t\t\tDOCUMENT de l&#8217;Arxiu\n\t\t\t\t<\/figcaption><\/figure><figure class='gallery-item'>\n\t\t\t<div class='gallery-icon landscape'>\n\t\t\t\t<a href='https:\/\/brufaganya.cat\/2020\/la-missa-a-sant-magi-aquest-diumenge-canvia-de-data\/santuari_de_sant_magi_de_brufaganya_pontils_-_5\/'><img loading=\"lazy\" decoding=\"async\" width=\"150\" height=\"150\" src=\"https:\/\/brufaganya.cat\/2020\/wp-content\/uploads\/2021\/11\/Santuari_de_Sant_Magi_de_Brufaganya_Pontils_-_5-150x150.jpg\" class=\"attachment-thumbnail size-thumbnail\" alt=\"\" aria-describedby=\"gallery-1-6498\" \/><\/a>\n\t\t\t<\/div>\n\t\t\t\t<figcaption class='wp-caption-text gallery-caption' id='gallery-1-6498'>\n\t\t\t\tPATRIMONI Santuari\n\t\t\t\t<\/figcaption><\/figure>\n\t\t<\/div>\n\n<p>&nbsp;<\/p>\n<p>\u00c9s ben senzill. Us proposem que contesteu una petita enquesta (de clicar i prou, no cal escriure). Amb la recollida que farem, veurem quins s\u00f3n els aspectes que coneixem poc i sobre els que ens caldria donar m\u00e9s informaci\u00f3 o preparar m\u00e9s materials.<\/p>\n<p>Presentarem els resultats, el dissabte d<em>ia 25 de mar\u00e7<\/em> a la &#8220;<strong>Ia. Jornada d&#8217;estudis de Sant Mag\u00ed&#8221;<\/strong>. A la sala dels Merlets de Sta. Coloma de Queralt.<\/p>\n<p>&nbsp;<\/p>\n<p>&nbsp;<\/p>\n<p>&nbsp;<\/p>\n","protected":false},"excerpt":{"rendered":"<p>A vegades ens sembla que coneixem Sant Mag\u00ed de la Brufaganya i el seu entorn perqu\u00e8 participem en els aplecs i festes tradicionals,\u00a0 anem als concerts, caminem per les rutes [&hellip;]<\/p>\n","protected":false},"author":105,"featured_media":2983,"comment_status":"open","ping_status":"closed","sticky":false,"template":"","format":"standard","meta":{"inline_featured_image":false,"footnotes":""},"categories":[1,780],"tags":[],"class_list":["post-7453","post","type-post","status-publish","format-standard","has-post-thumbnail","hentry","category-noticies","category-patrimoni-arquitectonic"],"yoast_head":"<!-- This site is optimized with the Yoast SEO plugin v27.4 - https:\/\/yoast.com\/product\/yoast-seo-wordpress\/ -->\n<title>ENQUESTA: Qu\u00e8 sabem de Sant Mag\u00ed? &#187; Sant Mag\u00ed de la Brufaganya<\/title>\n<meta name=\"robots\" content=\"index, follow, max-snippet:-1, max-image-preview:large, max-video-preview:-1\" \/>\n<link rel=\"canonical\" href=\"https:\/\/brufaganya.cat\/2020\/que-sabem-de-sant-magi\/\" \/>\n<meta property=\"og:locale\" content=\"ca_ES\" \/>\n<meta property=\"og:type\" content=\"article\" \/>\n<meta property=\"og:title\" content=\"ENQUESTA: Qu\u00e8 sabem de Sant Mag\u00ed? &#187; Sant Mag\u00ed de la Brufaganya\" \/>\n<meta property=\"og:description\" content=\"A vegades ens sembla que coneixem Sant Mag\u00ed de la Brufaganya i el seu entorn perqu\u00e8 participem en els aplecs i festes tradicionals,\u00a0 anem als concerts, caminem per les rutes [&hellip;]\" \/>\n<meta property=\"og:url\" content=\"https:\/\/brufaganya.cat\/2020\/que-sabem-de-sant-magi\/\" \/>\n<meta property=\"og:site_name\" content=\"Sant Mag\u00ed de la Brufaganya\" \/>\n<meta property=\"article:published_time\" content=\"2023-02-04T19:38:39+00:00\" \/>\n<meta property=\"article:modified_time\" content=\"2023-02-04T20:22:57+00:00\" \/>\n<meta property=\"og:image\" content=\"https:\/\/brufaganya.cat\/2020\/wp-content\/uploads\/2018\/11\/BRUFAGANYA-HERO-ENTITATS-001-1400.jpg\" \/>\n\t<meta property=\"og:image:width\" content=\"1399\" \/>\n\t<meta property=\"og:image:height\" content=\"700\" \/>\n\t<meta property=\"og:image:type\" content=\"image\/jpeg\" \/>\n<meta name=\"author\" content=\"Rita Armejach Carreras\" \/>\n<meta name=\"twitter:card\" content=\"summary_large_image\" \/>\n<meta name=\"twitter:label1\" content=\"Escrit per\" \/>\n\t<meta name=\"twitter:data1\" content=\"Rita Armejach Carreras\" \/>\n\t<meta name=\"twitter:label2\" content=\"Temps estimat de lectura\" \/>\n\t<meta name=\"twitter:data2\" content=\"1 minut\" \/>\n<script type=\"application\/ld+json\" class=\"yoast-schema-graph\">{\"@context\":\"https:\\\/\\\/schema.org\",\"@graph\":[{\"@type\":\"Article\",\"@id\":\"https:\\\/\\\/brufaganya.cat\\\/2020\\\/que-sabem-de-sant-magi\\\/#article\",\"isPartOf\":{\"@id\":\"https:\\\/\\\/brufaganya.cat\\\/2020\\\/que-sabem-de-sant-magi\\\/\"},\"author\":{\"name\":\"Rita Armejach Carreras\",\"@id\":\"https:\\\/\\\/brufaganya.cat\\\/2020\\\/#\\\/schema\\\/person\\\/cd383ee397867b5182d1cf80b8c2e95c\"},\"headline\":\"ENQUESTA: Qu\u00e8 sabem de Sant Mag\u00ed?\",\"datePublished\":\"2023-02-04T19:38:39+00:00\",\"dateModified\":\"2023-02-04T20:22:57+00:00\",\"mainEntityOfPage\":{\"@id\":\"https:\\\/\\\/brufaganya.cat\\\/2020\\\/que-sabem-de-sant-magi\\\/\"},\"wordCount\":174,\"commentCount\":0,\"publisher\":{\"@id\":\"https:\\\/\\\/brufaganya.cat\\\/2020\\\/#organization\"},\"image\":{\"@id\":\"https:\\\/\\\/brufaganya.cat\\\/2020\\\/que-sabem-de-sant-magi\\\/#primaryimage\"},\"thumbnailUrl\":\"https:\\\/\\\/brufaganya.cat\\\/2020\\\/wp-content\\\/uploads\\\/2018\\\/11\\\/BRUFAGANYA-HERO-ENTITATS-001-1400.jpg\",\"articleSection\":[\"Not\u00edcies\",\"Patrimoni arquitect\u00f2nic\"],\"inLanguage\":\"ca\",\"potentialAction\":[{\"@type\":\"CommentAction\",\"name\":\"Comment\",\"target\":[\"https:\\\/\\\/brufaganya.cat\\\/2020\\\/que-sabem-de-sant-magi\\\/#respond\"]}]},{\"@type\":\"WebPage\",\"@id\":\"https:\\\/\\\/brufaganya.cat\\\/2020\\\/que-sabem-de-sant-magi\\\/\",\"url\":\"https:\\\/\\\/brufaganya.cat\\\/2020\\\/que-sabem-de-sant-magi\\\/\",\"name\":\"ENQUESTA: Qu\u00e8 sabem de Sant Mag\u00ed? &#187; Sant Mag\u00ed de la Brufaganya\",\"isPartOf\":{\"@id\":\"https:\\\/\\\/brufaganya.cat\\\/2020\\\/#website\"},\"primaryImageOfPage\":{\"@id\":\"https:\\\/\\\/brufaganya.cat\\\/2020\\\/que-sabem-de-sant-magi\\\/#primaryimage\"},\"image\":{\"@id\":\"https:\\\/\\\/brufaganya.cat\\\/2020\\\/que-sabem-de-sant-magi\\\/#primaryimage\"},\"thumbnailUrl\":\"https:\\\/\\\/brufaganya.cat\\\/2020\\\/wp-content\\\/uploads\\\/2018\\\/11\\\/BRUFAGANYA-HERO-ENTITATS-001-1400.jpg\",\"datePublished\":\"2023-02-04T19:38:39+00:00\",\"dateModified\":\"2023-02-04T20:22:57+00:00\",\"breadcrumb\":{\"@id\":\"https:\\\/\\\/brufaganya.cat\\\/2020\\\/que-sabem-de-sant-magi\\\/#breadcrumb\"},\"inLanguage\":\"ca\",\"potentialAction\":[{\"@type\":\"ReadAction\",\"target\":[\"https:\\\/\\\/brufaganya.cat\\\/2020\\\/que-sabem-de-sant-magi\\\/\"]}]},{\"@type\":\"ImageObject\",\"inLanguage\":\"ca\",\"@id\":\"https:\\\/\\\/brufaganya.cat\\\/2020\\\/que-sabem-de-sant-magi\\\/#primaryimage\",\"url\":\"https:\\\/\\\/brufaganya.cat\\\/2020\\\/wp-content\\\/uploads\\\/2018\\\/11\\\/BRUFAGANYA-HERO-ENTITATS-001-1400.jpg\",\"contentUrl\":\"https:\\\/\\\/brufaganya.cat\\\/2020\\\/wp-content\\\/uploads\\\/2018\\\/11\\\/BRUFAGANYA-HERO-ENTITATS-001-1400.jpg\",\"width\":1399,\"height\":700,\"caption\":\"Enlla\u00e7os\"},{\"@type\":\"BreadcrumbList\",\"@id\":\"https:\\\/\\\/brufaganya.cat\\\/2020\\\/que-sabem-de-sant-magi\\\/#breadcrumb\",\"itemListElement\":[{\"@type\":\"ListItem\",\"position\":1,\"name\":\"Inici\",\"item\":\"https:\\\/\\\/brufaganya.cat\\\/2020\\\/\"},{\"@type\":\"ListItem\",\"position\":2,\"name\":\"ENQUESTA: Qu\u00e8 sabem de Sant Mag\u00ed?\"}]},{\"@type\":\"WebSite\",\"@id\":\"https:\\\/\\\/brufaganya.cat\\\/2020\\\/#website\",\"url\":\"https:\\\/\\\/brufaganya.cat\\\/2020\\\/\",\"name\":\"Sant Mag\u00ed de la Brufaganya\",\"description\":\"Lloc web de Sant Mag\u00ed de la Brufaganya\",\"publisher\":{\"@id\":\"https:\\\/\\\/brufaganya.cat\\\/2020\\\/#organization\"},\"potentialAction\":[{\"@type\":\"SearchAction\",\"target\":{\"@type\":\"EntryPoint\",\"urlTemplate\":\"https:\\\/\\\/brufaganya.cat\\\/2020\\\/?s={search_term_string}\"},\"query-input\":{\"@type\":\"PropertyValueSpecification\",\"valueRequired\":true,\"valueName\":\"search_term_string\"}}],\"inLanguage\":\"ca\"},{\"@type\":\"Organization\",\"@id\":\"https:\\\/\\\/brufaganya.cat\\\/2020\\\/#organization\",\"name\":\"Sant Mag\u00ed de Brufaganya\",\"url\":\"https:\\\/\\\/brufaganya.cat\\\/2020\\\/\",\"logo\":{\"@type\":\"ImageObject\",\"inLanguage\":\"ca\",\"@id\":\"https:\\\/\\\/brufaganya.cat\\\/2020\\\/#\\\/schema\\\/logo\\\/image\\\/\",\"url\":\"https:\\\/\\\/brufaganya.cat\\\/2020\\\/wp-content\\\/uploads\\\/2018\\\/11\\\/st_marti_bruga_horitz_posi_logo.jpg\",\"contentUrl\":\"https:\\\/\\\/brufaganya.cat\\\/2020\\\/wp-content\\\/uploads\\\/2018\\\/11\\\/st_marti_bruga_horitz_posi_logo.jpg\",\"width\":1479,\"height\":804,\"caption\":\"Sant Mag\u00ed de Brufaganya\"},\"image\":{\"@id\":\"https:\\\/\\\/brufaganya.cat\\\/2020\\\/#\\\/schema\\\/logo\\\/image\\\/\"},\"sameAs\":[\"https:\\\/\\\/ca.wikipedia.org\\\/wiki\\\/Sant_Mag\u00ed_de_Brufaganya\"]},{\"@type\":\"Person\",\"@id\":\"https:\\\/\\\/brufaganya.cat\\\/2020\\\/#\\\/schema\\\/person\\\/cd383ee397867b5182d1cf80b8c2e95c\",\"name\":\"Rita Armejach Carreras\",\"image\":{\"@type\":\"ImageObject\",\"inLanguage\":\"ca\",\"@id\":\"https:\\\/\\\/secure.gravatar.com\\\/avatar\\\/9dd6e49c4c61c4e14defcbf48211c55e6d268a4486cf9f5cef1b53148943d71d?s=96&d=mm&r=g\",\"url\":\"https:\\\/\\\/secure.gravatar.com\\\/avatar\\\/9dd6e49c4c61c4e14defcbf48211c55e6d268a4486cf9f5cef1b53148943d71d?s=96&d=mm&r=g\",\"contentUrl\":\"https:\\\/\\\/secure.gravatar.com\\\/avatar\\\/9dd6e49c4c61c4e14defcbf48211c55e6d268a4486cf9f5cef1b53148943d71d?s=96&d=mm&r=g\",\"caption\":\"Rita Armejach Carreras\"},\"url\":\"https:\\\/\\\/brufaganya.cat\\\/2020\\\/author\\\/rarmejach\\\/\"}]}<\/script>\n<!-- \/ Yoast SEO plugin. -->","yoast_head_json":{"title":"ENQUESTA: Qu\u00e8 sabem de Sant Mag\u00ed? &#187; Sant Mag\u00ed de la Brufaganya","robots":{"index":"index","follow":"follow","max-snippet":"max-snippet:-1","max-image-preview":"max-image-preview:large","max-video-preview":"max-video-preview:-1"},"canonical":"https:\/\/brufaganya.cat\/2020\/que-sabem-de-sant-magi\/","og_locale":"ca_ES","og_type":"article","og_title":"ENQUESTA: Qu\u00e8 sabem de Sant Mag\u00ed? &#187; Sant Mag\u00ed de la Brufaganya","og_description":"A vegades ens sembla que coneixem Sant Mag\u00ed de la Brufaganya i el seu entorn perqu\u00e8 participem en els aplecs i festes tradicionals,\u00a0 anem als concerts, caminem per les rutes [&hellip;]","og_url":"https:\/\/brufaganya.cat\/2020\/que-sabem-de-sant-magi\/","og_site_name":"Sant Mag\u00ed de la Brufaganya","article_published_time":"2023-02-04T19:38:39+00:00","article_modified_time":"2023-02-04T20:22:57+00:00","og_image":[{"width":1399,"height":700,"url":"https:\/\/brufaganya.cat\/2020\/wp-content\/uploads\/2018\/11\/BRUFAGANYA-HERO-ENTITATS-001-1400.jpg","type":"image\/jpeg"}],"author":"Rita Armejach Carreras","twitter_card":"summary_large_image","twitter_misc":{"Escrit per":"Rita Armejach Carreras","Temps estimat de lectura":"1 minut"},"schema":{"@context":"https:\/\/schema.org","@graph":[{"@type":"Article","@id":"https:\/\/brufaganya.cat\/2020\/que-sabem-de-sant-magi\/#article","isPartOf":{"@id":"https:\/\/brufaganya.cat\/2020\/que-sabem-de-sant-magi\/"},"author":{"name":"Rita Armejach Carreras","@id":"https:\/\/brufaganya.cat\/2020\/#\/schema\/person\/cd383ee397867b5182d1cf80b8c2e95c"},"headline":"ENQUESTA: Qu\u00e8 sabem de Sant Mag\u00ed?","datePublished":"2023-02-04T19:38:39+00:00","dateModified":"2023-02-04T20:22:57+00:00","mainEntityOfPage":{"@id":"https:\/\/brufaganya.cat\/2020\/que-sabem-de-sant-magi\/"},"wordCount":174,"commentCount":0,"publisher":{"@id":"https:\/\/brufaganya.cat\/2020\/#organization"},"image":{"@id":"https:\/\/brufaganya.cat\/2020\/que-sabem-de-sant-magi\/#primaryimage"},"thumbnailUrl":"https:\/\/brufaganya.cat\/2020\/wp-content\/uploads\/2018\/11\/BRUFAGANYA-HERO-ENTITATS-001-1400.jpg","articleSection":["Not\u00edcies","Patrimoni arquitect\u00f2nic"],"inLanguage":"ca","potentialAction":[{"@type":"CommentAction","name":"Comment","target":["https:\/\/brufaganya.cat\/2020\/que-sabem-de-sant-magi\/#respond"]}]},{"@type":"WebPage","@id":"https:\/\/brufaganya.cat\/2020\/que-sabem-de-sant-magi\/","url":"https:\/\/brufaganya.cat\/2020\/que-sabem-de-sant-magi\/","name":"ENQUESTA: Qu\u00e8 sabem de Sant Mag\u00ed? &#187; Sant Mag\u00ed de la Brufaganya","isPartOf":{"@id":"https:\/\/brufaganya.cat\/2020\/#website"},"primaryImageOfPage":{"@id":"https:\/\/brufaganya.cat\/2020\/que-sabem-de-sant-magi\/#primaryimage"},"image":{"@id":"https:\/\/brufaganya.cat\/2020\/que-sabem-de-sant-magi\/#primaryimage"},"thumbnailUrl":"https:\/\/brufaganya.cat\/2020\/wp-content\/uploads\/2018\/11\/BRUFAGANYA-HERO-ENTITATS-001-1400.jpg","datePublished":"2023-02-04T19:38:39+00:00","dateModified":"2023-02-04T20:22:57+00:00","breadcrumb":{"@id":"https:\/\/brufaganya.cat\/2020\/que-sabem-de-sant-magi\/#breadcrumb"},"inLanguage":"ca","potentialAction":[{"@type":"ReadAction","target":["https:\/\/brufaganya.cat\/2020\/que-sabem-de-sant-magi\/"]}]},{"@type":"ImageObject","inLanguage":"ca","@id":"https:\/\/brufaganya.cat\/2020\/que-sabem-de-sant-magi\/#primaryimage","url":"https:\/\/brufaganya.cat\/2020\/wp-content\/uploads\/2018\/11\/BRUFAGANYA-HERO-ENTITATS-001-1400.jpg","contentUrl":"https:\/\/brufaganya.cat\/2020\/wp-content\/uploads\/2018\/11\/BRUFAGANYA-HERO-ENTITATS-001-1400.jpg","width":1399,"height":700,"caption":"Enlla\u00e7os"},{"@type":"BreadcrumbList","@id":"https:\/\/brufaganya.cat\/2020\/que-sabem-de-sant-magi\/#breadcrumb","itemListElement":[{"@type":"ListItem","position":1,"name":"Inici","item":"https:\/\/brufaganya.cat\/2020\/"},{"@type":"ListItem","position":2,"name":"ENQUESTA: Qu\u00e8 sabem de Sant Mag\u00ed?"}]},{"@type":"WebSite","@id":"https:\/\/brufaganya.cat\/2020\/#website","url":"https:\/\/brufaganya.cat\/2020\/","name":"Sant Mag\u00ed de la Brufaganya","description":"Lloc web de Sant Mag\u00ed de la Brufaganya","publisher":{"@id":"https:\/\/brufaganya.cat\/2020\/#organization"},"potentialAction":[{"@type":"SearchAction","target":{"@type":"EntryPoint","urlTemplate":"https:\/\/brufaganya.cat\/2020\/?s={search_term_string}"},"query-input":{"@type":"PropertyValueSpecification","valueRequired":true,"valueName":"search_term_string"}}],"inLanguage":"ca"},{"@type":"Organization","@id":"https:\/\/brufaganya.cat\/2020\/#organization","name":"Sant Mag\u00ed de Brufaganya","url":"https:\/\/brufaganya.cat\/2020\/","logo":{"@type":"ImageObject","inLanguage":"ca","@id":"https:\/\/brufaganya.cat\/2020\/#\/schema\/logo\/image\/","url":"https:\/\/brufaganya.cat\/2020\/wp-content\/uploads\/2018\/11\/st_marti_bruga_horitz_posi_logo.jpg","contentUrl":"https:\/\/brufaganya.cat\/2020\/wp-content\/uploads\/2018\/11\/st_marti_bruga_horitz_posi_logo.jpg","width":1479,"height":804,"caption":"Sant Mag\u00ed de Brufaganya"},"image":{"@id":"https:\/\/brufaganya.cat\/2020\/#\/schema\/logo\/image\/"},"sameAs":["https:\/\/ca.wikipedia.org\/wiki\/Sant_Mag\u00ed_de_Brufaganya"]},{"@type":"Person","@id":"https:\/\/brufaganya.cat\/2020\/#\/schema\/person\/cd383ee397867b5182d1cf80b8c2e95c","name":"Rita Armejach Carreras","image":{"@type":"ImageObject","inLanguage":"ca","@id":"https:\/\/secure.gravatar.com\/avatar\/9dd6e49c4c61c4e14defcbf48211c55e6d268a4486cf9f5cef1b53148943d71d?s=96&d=mm&r=g","url":"https:\/\/secure.gravatar.com\/avatar\/9dd6e49c4c61c4e14defcbf48211c55e6d268a4486cf9f5cef1b53148943d71d?s=96&d=mm&r=g","contentUrl":"https:\/\/secure.gravatar.com\/avatar\/9dd6e49c4c61c4e14defcbf48211c55e6d268a4486cf9f5cef1b53148943d71d?s=96&d=mm&r=g","caption":"Rita Armejach Carreras"},"url":"https:\/\/brufaganya.cat\/2020\/author\/rarmejach\/"}]}},"_links":{"self":[{"href":"https:\/\/brufaganya.cat\/2020\/wp-json\/wp\/v2\/posts\/7453","targetHints":{"allow":["GET"]}}],"collection":[{"href":"https:\/\/brufaganya.cat\/2020\/wp-json\/wp\/v2\/posts"}],"about":[{"href":"https:\/\/brufaganya.cat\/2020\/wp-json\/wp\/v2\/types\/post"}],"author":[{"embeddable":true,"href":"https:\/\/brufaganya.cat\/2020\/wp-json\/wp\/v2\/users\/105"}],"replies":[{"embeddable":true,"href":"https:\/\/brufaganya.cat\/2020\/wp-json\/wp\/v2\/comments?post=7453"}],"version-history":[{"count":0,"href":"https:\/\/brufaganya.cat\/2020\/wp-json\/wp\/v2\/posts\/7453\/revisions"}],"wp:featuredmedia":[{"embeddable":true,"href":"https:\/\/brufaganya.cat\/2020\/wp-json\/wp\/v2\/media\/2983"}],"wp:attachment":[{"href":"https:\/\/brufaganya.cat\/2020\/wp-json\/wp\/v2\/media?parent=7453"}],"wp:term":[{"taxonomy":"category","embeddable":true,"href":"https:\/\/brufaganya.cat\/2020\/wp-json\/wp\/v2\/categories?post=7453"},{"taxonomy":"post_tag","embeddable":true,"href":"https:\/\/brufaganya.cat\/2020\/wp-json\/wp\/v2\/tags?post=7453"}],"curies":[{"name":"wp","href":"https:\/\/api.w.org\/{rel}","templated":true}]}}