{"id":7418,"date":"2023-01-05T14:39:34","date_gmt":"2023-01-05T12:39:34","guid":{"rendered":"https:\/\/brufaganya.cat\/2020\/?p=7418"},"modified":"2023-01-05T14:53:35","modified_gmt":"2023-01-05T12:53:35","slug":"units-per-les-campanes","status":"publish","type":"post","link":"https:\/\/brufaganya.cat\/2020\/units-per-les-campanes\/","title":{"rendered":"Units per les campanes"},"content":{"rendered":"<figure id=\"attachment_7420\" aria-describedby=\"caption-attachment-7420\" style=\"width: 300px\" class=\"wp-caption alignleft\"><img loading=\"lazy\" decoding=\"async\" class=\"wp-image-7420 size-medium\" src=\"https:\/\/brufaganya.cat\/2020\/wp-content\/uploads\/2023\/01\/CAMPANERSM2022-300x125.png\" alt=\"\" width=\"300\" height=\"125\" srcset=\"https:\/\/brufaganya.cat\/2020\/wp-content\/uploads\/2023\/01\/CAMPANERSM2022-300x125.png 300w, https:\/\/brufaganya.cat\/2020\/wp-content\/uploads\/2023\/01\/CAMPANERSM2022-768x319.png 768w, https:\/\/brufaganya.cat\/2020\/wp-content\/uploads\/2023\/01\/CAMPANERSM2022.png 849w\" sizes=\"auto, (max-width: 300px) 100vw, 300px\" \/><figcaption id=\"caption-attachment-7420\" class=\"wp-caption-text\">Publicat a Nova Conca 05\/01\/2923<\/figcaption><\/figure>\n<p>Fa uns dies les campanes tocades manualment i els seus campaners, van ser declarats per la UNESCO, Patrimoni Immaterial de la Humanitat. A Sant Mag\u00ed de la Brufaganya\u00a0 tenim una campana que el Jaume Duran<span class=\"hiddenGrammarError\">\u00a0,<\/span>\u00a0el Jordi\u00a0<span class=\"hiddenSpellError\">Sol\u00e9<\/span>\u00a0i altres voluntaris toquen per assenyalar els diferents esdeveniments, tant els habituals: misses, batejos &#8230;\u00a0<span class=\"hiddenGrammarError\">com<\/span>\u00a0d&#8217;altres m\u00e9s espec\u00edfics de les activitats que duem a terme. A Sant Mag\u00ed es toca en el moment de comen\u00e7ar els concerts o el moment de cridar a l&#8217;esmorzar en els dies de treball voluntari.<\/p>\n<p>Sentir el toc de la&#8221; Magina&#8221;, aix\u00ed es diu la nostra campana, t\u00e9 pels amics de Sant Mag\u00ed un aire especial. La coneixem, sabem que ens diu i dona fe de la vida que hi ha al santuari i\u00a0<span class=\"hiddenGrammarError\">rodalies<\/span>.<\/p>\n<p>Fa uns dies a Valls va tenir lloc una trobada de campaners on es parlava dels tocs caracter\u00edstics. En Jaume Duran va explicar que a Sant Mag\u00ed de la\u00a0<span class=\"hiddenSpellError\">Brufaganya<\/span>\u00a0en ten\u00edem alguns: l&#8217;esmorzar dels voluntaris i el fet d&#8217;entrar a l&#8217;esgl\u00e9sia pels concerts. En canvi, no tenim toc de difunts perqu\u00e8 a Sant Mag\u00ed no s&#8217;enterra ning\u00fa.<\/p>\n<figure id=\"attachment_7334\" aria-describedby=\"caption-attachment-7334\" style=\"width: 300px\" class=\"wp-caption alignright\"><img loading=\"lazy\" decoding=\"async\" class=\"size-medium wp-image-7334\" src=\"https:\/\/brufaganya.cat\/2020\/wp-content\/uploads\/2022\/11\/pedraseca2-300x225.jpg\" alt=\"\" width=\"300\" height=\"225\" srcset=\"https:\/\/brufaganya.cat\/2020\/wp-content\/uploads\/2022\/11\/pedraseca2-300x225.jpg 300w, https:\/\/brufaganya.cat\/2020\/wp-content\/uploads\/2022\/11\/pedraseca2-1024x768.jpg 1024w, https:\/\/brufaganya.cat\/2020\/wp-content\/uploads\/2022\/11\/pedraseca2-768x576.jpg 768w, https:\/\/brufaganya.cat\/2020\/wp-content\/uploads\/2022\/11\/pedraseca2-1536x1152.jpg 1536w, https:\/\/brufaganya.cat\/2020\/wp-content\/uploads\/2022\/11\/pedraseca2-86x64.jpg 86w, https:\/\/brufaganya.cat\/2020\/wp-content\/uploads\/2022\/11\/pedraseca2.jpg 1600w\" sizes=\"auto, (max-width: 300px) 100vw, 300px\" \/><figcaption id=\"caption-attachment-7334\" class=\"wp-caption-text\">preparant la feina<\/figcaption><\/figure>\n<p>Els mesos d&#8217;estiu de juny fins a setembre t\u00e9 lloc els concerts anomenats &#8220;Nits de la\u00a0<span class=\"hiddenSpellError\">Brufaganya<\/span>&#8220;<span class=\"hiddenGrammarError\">\u00a0.<\/span>\u00a0Una vegada al mes, en fer-se fosc la gent ve a concert\u00a0.\u00a0Abans, tota la pla\u00e7a\u00a0de davant\u00a0l&#8217;esgl\u00e9sia\u00a0s&#8217;omple de gent que es troba i parla tot fent un\u00a0entrep\u00e0,\u00a0de cop sona el repic de campana.\u00a0La gent entra ordenadament i ocupa la seva entrada al concert.<br \/>\nCada Primer diumenge de mes, cap a les nou del mat\u00ed molts cotxes amb gent arriben al santuari. No cal\u00a0matricular-se, ni demanar cita, ni fer cua. Arribes i els voluntaris et diuen on pots fer servei: Podar fulles, netejar un\u00a0troc,\u00a0treure pols\u00a0dels bancs&#8230;,\u00a0I\u00a0al voltant\u00a0de dos quarts d&#8217;onze toca la campana: Tothom a\u00a0esmorzar! Bona teca, bona conversa i ganes de tornar a treballar fins al migdia.<\/p>\n<p>Fa poc ,hem coincidit amb repic general dels diferents pobles de la Conca i de Lleida per celebrar la distinci\u00f3 de la UNESCO amb el que sabem fer: Tocar la campana.<br \/>\nEsperem que continuarem fent tocades plegats!<\/p>\n","protected":false},"excerpt":{"rendered":"<p>Fa uns dies les campanes tocades manualment i els seus campaners, van ser declarats per la UNESCO, Patrimoni Immaterial de la Humanitat. A Sant Mag\u00ed de la Brufaganya\u00a0 tenim una [&hellip;]<\/p>\n","protected":false},"author":105,"featured_media":7422,"comment_status":"open","ping_status":"closed","sticky":false,"template":"","format":"standard","meta":{"inline_featured_image":false,"footnotes":""},"categories":[769,1],"tags":[],"class_list":["post-7418","post","type-post","status-publish","format-standard","has-post-thumbnail","hentry","category-historia-oral","category-noticies"],"yoast_head":"<!-- This site is optimized with the Yoast SEO plugin v27.5 - https:\/\/yoast.com\/product\/yoast-seo-wordpress\/ -->\n<title>Units per les campanes &#187; Sant Mag\u00ed de la Brufaganya<\/title>\n<meta name=\"robots\" content=\"index, follow, max-snippet:-1, max-image-preview:large, max-video-preview:-1\" \/>\n<link rel=\"canonical\" href=\"https:\/\/brufaganya.cat\/2020\/units-per-les-campanes\/\" \/>\n<meta property=\"og:locale\" content=\"ca_ES\" \/>\n<meta property=\"og:type\" content=\"article\" \/>\n<meta property=\"og:title\" content=\"Units per les campanes &#187; Sant Mag\u00ed de la Brufaganya\" \/>\n<meta property=\"og:description\" content=\"Fa uns dies les campanes tocades manualment i els seus campaners, van ser declarats per la UNESCO, Patrimoni Immaterial de la Humanitat. A Sant Mag\u00ed de la Brufaganya\u00a0 tenim una [&hellip;]\" \/>\n<meta property=\"og:url\" content=\"https:\/\/brufaganya.cat\/2020\/units-per-les-campanes\/\" \/>\n<meta property=\"og:site_name\" content=\"Sant Mag\u00ed de la Brufaganya\" \/>\n<meta property=\"article:published_time\" content=\"2023-01-05T12:39:34+00:00\" \/>\n<meta property=\"article:modified_time\" content=\"2023-01-05T12:53:35+00:00\" \/>\n<meta property=\"og:image\" content=\"https:\/\/brufaganya.cat\/2020\/wp-content\/uploads\/2023\/01\/SMarbre2.jpeg\" \/>\n\t<meta property=\"og:image:width\" content=\"1280\" \/>\n\t<meta property=\"og:image:height\" content=\"853\" \/>\n\t<meta property=\"og:image:type\" content=\"image\/jpeg\" \/>\n<meta name=\"author\" content=\"Rita Armejach Carreras\" \/>\n<meta name=\"twitter:card\" content=\"summary_large_image\" \/>\n<meta name=\"twitter:label1\" content=\"Escrit per\" \/>\n\t<meta name=\"twitter:data1\" content=\"Rita Armejach Carreras\" \/>\n\t<meta name=\"twitter:label2\" content=\"Temps estimat de lectura\" \/>\n\t<meta name=\"twitter:data2\" content=\"3 minuts\" \/>\n<script type=\"application\/ld+json\" class=\"yoast-schema-graph\">{\"@context\":\"https:\\\/\\\/schema.org\",\"@graph\":[{\"@type\":\"Article\",\"@id\":\"https:\\\/\\\/brufaganya.cat\\\/2020\\\/units-per-les-campanes\\\/#article\",\"isPartOf\":{\"@id\":\"https:\\\/\\\/brufaganya.cat\\\/2020\\\/units-per-les-campanes\\\/\"},\"author\":{\"name\":\"Rita Armejach Carreras\",\"@id\":\"https:\\\/\\\/brufaganya.cat\\\/2020\\\/#\\\/schema\\\/person\\\/cd383ee397867b5182d1cf80b8c2e95c\"},\"headline\":\"Units per les campanes\",\"datePublished\":\"2023-01-05T12:39:34+00:00\",\"dateModified\":\"2023-01-05T12:53:35+00:00\",\"mainEntityOfPage\":{\"@id\":\"https:\\\/\\\/brufaganya.cat\\\/2020\\\/units-per-les-campanes\\\/\"},\"wordCount\":394,\"commentCount\":0,\"publisher\":{\"@id\":\"https:\\\/\\\/brufaganya.cat\\\/2020\\\/#organization\"},\"image\":{\"@id\":\"https:\\\/\\\/brufaganya.cat\\\/2020\\\/units-per-les-campanes\\\/#primaryimage\"},\"thumbnailUrl\":\"https:\\\/\\\/brufaganya.cat\\\/2020\\\/wp-content\\\/uploads\\\/2023\\\/01\\\/SMarbre2.jpeg\",\"articleSection\":[\"Hist\u00f2ria oral\",\"Not\u00edcies\"],\"inLanguage\":\"ca\",\"potentialAction\":[{\"@type\":\"CommentAction\",\"name\":\"Comment\",\"target\":[\"https:\\\/\\\/brufaganya.cat\\\/2020\\\/units-per-les-campanes\\\/#respond\"]}]},{\"@type\":\"WebPage\",\"@id\":\"https:\\\/\\\/brufaganya.cat\\\/2020\\\/units-per-les-campanes\\\/\",\"url\":\"https:\\\/\\\/brufaganya.cat\\\/2020\\\/units-per-les-campanes\\\/\",\"name\":\"Units per les campanes &#187; Sant Mag\u00ed de la Brufaganya\",\"isPartOf\":{\"@id\":\"https:\\\/\\\/brufaganya.cat\\\/2020\\\/#website\"},\"primaryImageOfPage\":{\"@id\":\"https:\\\/\\\/brufaganya.cat\\\/2020\\\/units-per-les-campanes\\\/#primaryimage\"},\"image\":{\"@id\":\"https:\\\/\\\/brufaganya.cat\\\/2020\\\/units-per-les-campanes\\\/#primaryimage\"},\"thumbnailUrl\":\"https:\\\/\\\/brufaganya.cat\\\/2020\\\/wp-content\\\/uploads\\\/2023\\\/01\\\/SMarbre2.jpeg\",\"datePublished\":\"2023-01-05T12:39:34+00:00\",\"dateModified\":\"2023-01-05T12:53:35+00:00\",\"breadcrumb\":{\"@id\":\"https:\\\/\\\/brufaganya.cat\\\/2020\\\/units-per-les-campanes\\\/#breadcrumb\"},\"inLanguage\":\"ca\",\"potentialAction\":[{\"@type\":\"ReadAction\",\"target\":[\"https:\\\/\\\/brufaganya.cat\\\/2020\\\/units-per-les-campanes\\\/\"]}]},{\"@type\":\"ImageObject\",\"inLanguage\":\"ca\",\"@id\":\"https:\\\/\\\/brufaganya.cat\\\/2020\\\/units-per-les-campanes\\\/#primaryimage\",\"url\":\"https:\\\/\\\/brufaganya.cat\\\/2020\\\/wp-content\\\/uploads\\\/2023\\\/01\\\/SMarbre2.jpeg\",\"contentUrl\":\"https:\\\/\\\/brufaganya.cat\\\/2020\\\/wp-content\\\/uploads\\\/2023\\\/01\\\/SMarbre2.jpeg\",\"width\":1280,\"height\":853},{\"@type\":\"BreadcrumbList\",\"@id\":\"https:\\\/\\\/brufaganya.cat\\\/2020\\\/units-per-les-campanes\\\/#breadcrumb\",\"itemListElement\":[{\"@type\":\"ListItem\",\"position\":1,\"name\":\"Inici\",\"item\":\"https:\\\/\\\/brufaganya.cat\\\/2020\\\/\"},{\"@type\":\"ListItem\",\"position\":2,\"name\":\"Units per les campanes\"}]},{\"@type\":\"WebSite\",\"@id\":\"https:\\\/\\\/brufaganya.cat\\\/2020\\\/#website\",\"url\":\"https:\\\/\\\/brufaganya.cat\\\/2020\\\/\",\"name\":\"Sant Mag\u00ed de la Brufaganya\",\"description\":\"Lloc web de Sant Mag\u00ed de la Brufaganya\",\"publisher\":{\"@id\":\"https:\\\/\\\/brufaganya.cat\\\/2020\\\/#organization\"},\"potentialAction\":[{\"@type\":\"SearchAction\",\"target\":{\"@type\":\"EntryPoint\",\"urlTemplate\":\"https:\\\/\\\/brufaganya.cat\\\/2020\\\/?s={search_term_string}\"},\"query-input\":{\"@type\":\"PropertyValueSpecification\",\"valueRequired\":true,\"valueName\":\"search_term_string\"}}],\"inLanguage\":\"ca\"},{\"@type\":\"Organization\",\"@id\":\"https:\\\/\\\/brufaganya.cat\\\/2020\\\/#organization\",\"name\":\"Sant Mag\u00ed de Brufaganya\",\"url\":\"https:\\\/\\\/brufaganya.cat\\\/2020\\\/\",\"logo\":{\"@type\":\"ImageObject\",\"inLanguage\":\"ca\",\"@id\":\"https:\\\/\\\/brufaganya.cat\\\/2020\\\/#\\\/schema\\\/logo\\\/image\\\/\",\"url\":\"https:\\\/\\\/brufaganya.cat\\\/2020\\\/wp-content\\\/uploads\\\/2018\\\/11\\\/st_marti_bruga_horitz_posi_logo.jpg\",\"contentUrl\":\"https:\\\/\\\/brufaganya.cat\\\/2020\\\/wp-content\\\/uploads\\\/2018\\\/11\\\/st_marti_bruga_horitz_posi_logo.jpg\",\"width\":1479,\"height\":804,\"caption\":\"Sant Mag\u00ed de Brufaganya\"},\"image\":{\"@id\":\"https:\\\/\\\/brufaganya.cat\\\/2020\\\/#\\\/schema\\\/logo\\\/image\\\/\"},\"sameAs\":[\"https:\\\/\\\/ca.wikipedia.org\\\/wiki\\\/Sant_Mag\u00ed_de_Brufaganya\"]},{\"@type\":\"Person\",\"@id\":\"https:\\\/\\\/brufaganya.cat\\\/2020\\\/#\\\/schema\\\/person\\\/cd383ee397867b5182d1cf80b8c2e95c\",\"name\":\"Rita Armejach Carreras\",\"image\":{\"@type\":\"ImageObject\",\"inLanguage\":\"ca\",\"@id\":\"https:\\\/\\\/secure.gravatar.com\\\/avatar\\\/9dd6e49c4c61c4e14defcbf48211c55e6d268a4486cf9f5cef1b53148943d71d?s=96&d=mm&r=g\",\"url\":\"https:\\\/\\\/secure.gravatar.com\\\/avatar\\\/9dd6e49c4c61c4e14defcbf48211c55e6d268a4486cf9f5cef1b53148943d71d?s=96&d=mm&r=g\",\"contentUrl\":\"https:\\\/\\\/secure.gravatar.com\\\/avatar\\\/9dd6e49c4c61c4e14defcbf48211c55e6d268a4486cf9f5cef1b53148943d71d?s=96&d=mm&r=g\",\"caption\":\"Rita Armejach Carreras\"},\"url\":\"https:\\\/\\\/brufaganya.cat\\\/2020\\\/author\\\/rarmejach\\\/\"}]}<\/script>\n<!-- \/ Yoast SEO plugin. -->","yoast_head_json":{"title":"Units per les campanes &#187; Sant Mag\u00ed de la Brufaganya","robots":{"index":"index","follow":"follow","max-snippet":"max-snippet:-1","max-image-preview":"max-image-preview:large","max-video-preview":"max-video-preview:-1"},"canonical":"https:\/\/brufaganya.cat\/2020\/units-per-les-campanes\/","og_locale":"ca_ES","og_type":"article","og_title":"Units per les campanes &#187; Sant Mag\u00ed de la Brufaganya","og_description":"Fa uns dies les campanes tocades manualment i els seus campaners, van ser declarats per la UNESCO, Patrimoni Immaterial de la Humanitat. A Sant Mag\u00ed de la Brufaganya\u00a0 tenim una [&hellip;]","og_url":"https:\/\/brufaganya.cat\/2020\/units-per-les-campanes\/","og_site_name":"Sant Mag\u00ed de la Brufaganya","article_published_time":"2023-01-05T12:39:34+00:00","article_modified_time":"2023-01-05T12:53:35+00:00","og_image":[{"width":1280,"height":853,"url":"https:\/\/brufaganya.cat\/2020\/wp-content\/uploads\/2023\/01\/SMarbre2.jpeg","type":"image\/jpeg"}],"author":"Rita Armejach Carreras","twitter_card":"summary_large_image","twitter_misc":{"Escrit per":"Rita Armejach Carreras","Temps estimat de lectura":"3 minuts"},"schema":{"@context":"https:\/\/schema.org","@graph":[{"@type":"Article","@id":"https:\/\/brufaganya.cat\/2020\/units-per-les-campanes\/#article","isPartOf":{"@id":"https:\/\/brufaganya.cat\/2020\/units-per-les-campanes\/"},"author":{"name":"Rita Armejach Carreras","@id":"https:\/\/brufaganya.cat\/2020\/#\/schema\/person\/cd383ee397867b5182d1cf80b8c2e95c"},"headline":"Units per les campanes","datePublished":"2023-01-05T12:39:34+00:00","dateModified":"2023-01-05T12:53:35+00:00","mainEntityOfPage":{"@id":"https:\/\/brufaganya.cat\/2020\/units-per-les-campanes\/"},"wordCount":394,"commentCount":0,"publisher":{"@id":"https:\/\/brufaganya.cat\/2020\/#organization"},"image":{"@id":"https:\/\/brufaganya.cat\/2020\/units-per-les-campanes\/#primaryimage"},"thumbnailUrl":"https:\/\/brufaganya.cat\/2020\/wp-content\/uploads\/2023\/01\/SMarbre2.jpeg","articleSection":["Hist\u00f2ria oral","Not\u00edcies"],"inLanguage":"ca","potentialAction":[{"@type":"CommentAction","name":"Comment","target":["https:\/\/brufaganya.cat\/2020\/units-per-les-campanes\/#respond"]}]},{"@type":"WebPage","@id":"https:\/\/brufaganya.cat\/2020\/units-per-les-campanes\/","url":"https:\/\/brufaganya.cat\/2020\/units-per-les-campanes\/","name":"Units per les campanes &#187; Sant Mag\u00ed de la Brufaganya","isPartOf":{"@id":"https:\/\/brufaganya.cat\/2020\/#website"},"primaryImageOfPage":{"@id":"https:\/\/brufaganya.cat\/2020\/units-per-les-campanes\/#primaryimage"},"image":{"@id":"https:\/\/brufaganya.cat\/2020\/units-per-les-campanes\/#primaryimage"},"thumbnailUrl":"https:\/\/brufaganya.cat\/2020\/wp-content\/uploads\/2023\/01\/SMarbre2.jpeg","datePublished":"2023-01-05T12:39:34+00:00","dateModified":"2023-01-05T12:53:35+00:00","breadcrumb":{"@id":"https:\/\/brufaganya.cat\/2020\/units-per-les-campanes\/#breadcrumb"},"inLanguage":"ca","potentialAction":[{"@type":"ReadAction","target":["https:\/\/brufaganya.cat\/2020\/units-per-les-campanes\/"]}]},{"@type":"ImageObject","inLanguage":"ca","@id":"https:\/\/brufaganya.cat\/2020\/units-per-les-campanes\/#primaryimage","url":"https:\/\/brufaganya.cat\/2020\/wp-content\/uploads\/2023\/01\/SMarbre2.jpeg","contentUrl":"https:\/\/brufaganya.cat\/2020\/wp-content\/uploads\/2023\/01\/SMarbre2.jpeg","width":1280,"height":853},{"@type":"BreadcrumbList","@id":"https:\/\/brufaganya.cat\/2020\/units-per-les-campanes\/#breadcrumb","itemListElement":[{"@type":"ListItem","position":1,"name":"Inici","item":"https:\/\/brufaganya.cat\/2020\/"},{"@type":"ListItem","position":2,"name":"Units per les campanes"}]},{"@type":"WebSite","@id":"https:\/\/brufaganya.cat\/2020\/#website","url":"https:\/\/brufaganya.cat\/2020\/","name":"Sant Mag\u00ed de la Brufaganya","description":"Lloc web de Sant Mag\u00ed de la Brufaganya","publisher":{"@id":"https:\/\/brufaganya.cat\/2020\/#organization"},"potentialAction":[{"@type":"SearchAction","target":{"@type":"EntryPoint","urlTemplate":"https:\/\/brufaganya.cat\/2020\/?s={search_term_string}"},"query-input":{"@type":"PropertyValueSpecification","valueRequired":true,"valueName":"search_term_string"}}],"inLanguage":"ca"},{"@type":"Organization","@id":"https:\/\/brufaganya.cat\/2020\/#organization","name":"Sant Mag\u00ed de Brufaganya","url":"https:\/\/brufaganya.cat\/2020\/","logo":{"@type":"ImageObject","inLanguage":"ca","@id":"https:\/\/brufaganya.cat\/2020\/#\/schema\/logo\/image\/","url":"https:\/\/brufaganya.cat\/2020\/wp-content\/uploads\/2018\/11\/st_marti_bruga_horitz_posi_logo.jpg","contentUrl":"https:\/\/brufaganya.cat\/2020\/wp-content\/uploads\/2018\/11\/st_marti_bruga_horitz_posi_logo.jpg","width":1479,"height":804,"caption":"Sant Mag\u00ed de Brufaganya"},"image":{"@id":"https:\/\/brufaganya.cat\/2020\/#\/schema\/logo\/image\/"},"sameAs":["https:\/\/ca.wikipedia.org\/wiki\/Sant_Mag\u00ed_de_Brufaganya"]},{"@type":"Person","@id":"https:\/\/brufaganya.cat\/2020\/#\/schema\/person\/cd383ee397867b5182d1cf80b8c2e95c","name":"Rita Armejach Carreras","image":{"@type":"ImageObject","inLanguage":"ca","@id":"https:\/\/secure.gravatar.com\/avatar\/9dd6e49c4c61c4e14defcbf48211c55e6d268a4486cf9f5cef1b53148943d71d?s=96&d=mm&r=g","url":"https:\/\/secure.gravatar.com\/avatar\/9dd6e49c4c61c4e14defcbf48211c55e6d268a4486cf9f5cef1b53148943d71d?s=96&d=mm&r=g","contentUrl":"https:\/\/secure.gravatar.com\/avatar\/9dd6e49c4c61c4e14defcbf48211c55e6d268a4486cf9f5cef1b53148943d71d?s=96&d=mm&r=g","caption":"Rita Armejach Carreras"},"url":"https:\/\/brufaganya.cat\/2020\/author\/rarmejach\/"}]}},"_links":{"self":[{"href":"https:\/\/brufaganya.cat\/2020\/wp-json\/wp\/v2\/posts\/7418","targetHints":{"allow":["GET"]}}],"collection":[{"href":"https:\/\/brufaganya.cat\/2020\/wp-json\/wp\/v2\/posts"}],"about":[{"href":"https:\/\/brufaganya.cat\/2020\/wp-json\/wp\/v2\/types\/post"}],"author":[{"embeddable":true,"href":"https:\/\/brufaganya.cat\/2020\/wp-json\/wp\/v2\/users\/105"}],"replies":[{"embeddable":true,"href":"https:\/\/brufaganya.cat\/2020\/wp-json\/wp\/v2\/comments?post=7418"}],"version-history":[{"count":0,"href":"https:\/\/brufaganya.cat\/2020\/wp-json\/wp\/v2\/posts\/7418\/revisions"}],"wp:featuredmedia":[{"embeddable":true,"href":"https:\/\/brufaganya.cat\/2020\/wp-json\/wp\/v2\/media\/7422"}],"wp:attachment":[{"href":"https:\/\/brufaganya.cat\/2020\/wp-json\/wp\/v2\/media?parent=7418"}],"wp:term":[{"taxonomy":"category","embeddable":true,"href":"https:\/\/brufaganya.cat\/2020\/wp-json\/wp\/v2\/categories?post=7418"},{"taxonomy":"post_tag","embeddable":true,"href":"https:\/\/brufaganya.cat\/2020\/wp-json\/wp\/v2\/tags?post=7418"}],"curies":[{"name":"wp","href":"https:\/\/api.w.org\/{rel}","templated":true}]}}