{"id":7341,"date":"2022-11-29T20:28:46","date_gmt":"2022-11-29T18:28:46","guid":{"rendered":"https:\/\/brufaganya.cat\/2020\/?p=7341"},"modified":"2022-11-29T20:58:27","modified_gmt":"2022-11-29T18:58:27","slug":"les-veus-de-la-brufaganya","status":"publish","type":"post","link":"https:\/\/brufaganya.cat\/2020\/les-veus-de-la-brufaganya\/","title":{"rendered":"Les Veus de la Brufaganya"},"content":{"rendered":"<p><!--more--><\/p>\n<p>&#8220;En els darrers temps, el testimoni directe de la gent ha esdevingut una de les fonts d\u2019informaci\u00f3 m\u00e9s valuoses per als investigadors socials. La t\u00e8cnica de l\u2019entrevista, abans gaireb\u00e9 associada en exclusiva als antrop\u00f2legs, avui forma part dels m\u00e8todes m\u00e9s utilitzats en investigacions de tot tipus. La recerca a escala local ha estat singularment una de les grans beneficiades per aquest proc\u00e9s d\u2019extensi\u00f3&#8221;<a href=\"https:\/\/cultura.gencat.cat\/ca\/departament\/estructura_i_adreces\/organismes\/dgcpt\/02_patrimoni_etnologic\/02_observatori\/\">(Observatori del Patrimoni Etnol\u00f2gic i Immaterial de la Generalitat de Catalunya)<\/a><\/p>\n<p>La Hist\u00f2ria Oral sempre ha estat present dintre dels projectes que organitzem des de l&#8217;Associaci\u00f3 d&#8217;Amics de Sant Mag\u00ed de la Brufaganya i el seu entorn, per\u00f2 calia que el rigor i la seriositat fossin caracter\u00edstiques essencials en el seu plantejament, a m\u00e9s d&#8217;un coneixement profund del territori no tan sols des del punt de vista de l&#8217;entorn f\u00edsic de la Brufaganya sin\u00f3 tamb\u00e9 de la gent que viu a Sant Mag\u00ed i en els llogarrets i pobles propers o b\u00e9 que hi hagin viscut durant una part important de la seva vida.<\/p>\n<p>La persona per tirar endavant el projecte \u00e9s la Isaura Sol\u00e9 Boladeras, llicenciada en Hist\u00f2ria de l&#8217;Art, doctora en Informaci\u00f3 i Comunicaci\u00f3, a m\u00e9s de t\u00e8cnica documentalista. \u00c9s nascuda a Santa Coloma de Queralt en una fam\u00edlia origin\u00e0ria d&#8217;una masia a tocar de Sant Mag\u00ed i lligada des de tota la vida al seu entorn. A m\u00e9s \u00e9s autora d&#8217;un <a href=\"https:\/\/repositori.udl.cat\/handle\/10459.1\/69611\">informe per a la declaraci\u00f3 de B\u00e9 Cultural d&#8217;Inter\u00e8s Nacional en la categoria de lloc hist\u00f2ric per al conjunt patrimonial de Sant Mag\u00ed de la Brufaganya<\/a>.<\/p>\n<p><a href=\"https:\/\/brufaganya.cat\/2020\/wp-content\/uploads\/2022\/11\/Projecte_Veus_Brufaganya_memoria_oral.pdf\" rel=\"noopener\">Des d&#8217;aquest enlla\u00e7<\/a> us recomanem que llegiu el projecte que ha elaborat la Isaura i hi podreu copsar un rigor i una minuciositat tal que inviten a pensar que el resultat de la recerca, ja comen\u00e7ada amb algunes entrevistes, ser\u00e0 d&#8217;alt nivell cient\u00edfic i que servir\u00e0 per deixar const\u00e0ncia oral i escrita d&#8217;unes formes de vida que ja han desaparegut de la nostra vida quotidiana. Nom\u00e9s d&#8217;aquesta manera podrem recuperar la mem\u00f2ria vinculada a aquest lloc tan singular i preservar-la per a generacions futures.<\/p>\n","protected":false},"excerpt":{"rendered":"\"En els darrers temps, el testimoni directe de la gent ha esdevingut una de les fonts d\u2019informaci\u00f3 m\u00e9s valuoses per als investigadors socials. La t\u00e8cnica de l\u2019entrevista, abans gaireb\u00e9 associada [...]","protected":false},"author":109,"featured_media":7352,"comment_status":"open","ping_status":"closed","sticky":false,"template":"","format":"standard","meta":{"inline_featured_image":false,"footnotes":""},"categories":[769,1],"tags":[],"class_list":["post-7341","post","type-post","status-publish","format-standard","has-post-thumbnail","hentry","category-historia-oral","category-noticies"],"yoast_head":"<!-- This site is optimized with the Yoast SEO plugin v27.5 - https:\/\/yoast.com\/product\/yoast-seo-wordpress\/ -->\n<title>Les Veus de la Brufaganya &#187; Sant Mag\u00ed de la Brufaganya<\/title>\n<meta name=\"robots\" content=\"index, follow, max-snippet:-1, max-image-preview:large, max-video-preview:-1\" \/>\n<link rel=\"canonical\" href=\"https:\/\/brufaganya.cat\/2020\/les-veus-de-la-brufaganya\/\" \/>\n<meta property=\"og:locale\" content=\"ca_ES\" \/>\n<meta property=\"og:type\" content=\"article\" \/>\n<meta property=\"og:title\" content=\"Les Veus de la Brufaganya &#187; Sant Mag\u00ed de la Brufaganya\" \/>\n<meta property=\"og:url\" content=\"https:\/\/brufaganya.cat\/2020\/les-veus-de-la-brufaganya\/\" \/>\n<meta property=\"og:site_name\" content=\"Sant Mag\u00ed de la Brufaganya\" \/>\n<meta property=\"article:published_time\" content=\"2022-11-29T18:28:46+00:00\" \/>\n<meta property=\"article:modified_time\" content=\"2022-11-29T18:58:27+00:00\" \/>\n<meta property=\"og:image\" content=\"https:\/\/brufaganya.cat\/2020\/wp-content\/uploads\/2022\/11\/8.png\" \/>\n\t<meta property=\"og:image:width\" content=\"822\" \/>\n\t<meta property=\"og:image:height\" content=\"558\" \/>\n\t<meta property=\"og:image:type\" content=\"image\/png\" \/>\n<meta name=\"author\" content=\"Silvestre Pal\u00e0 Aug\u00e9\" \/>\n<meta name=\"twitter:card\" content=\"summary_large_image\" \/>\n<meta name=\"twitter:label1\" content=\"Escrit per\" \/>\n\t<meta name=\"twitter:data1\" content=\"Silvestre Pal\u00e0 Aug\u00e9\" \/>\n\t<meta name=\"twitter:label2\" content=\"Temps estimat de lectura\" \/>\n\t<meta name=\"twitter:data2\" content=\"2 minuts\" \/>\n<script type=\"application\/ld+json\" class=\"yoast-schema-graph\">{\"@context\":\"https:\\\/\\\/schema.org\",\"@graph\":[{\"@type\":\"Article\",\"@id\":\"https:\\\/\\\/brufaganya.cat\\\/2020\\\/les-veus-de-la-brufaganya\\\/#article\",\"isPartOf\":{\"@id\":\"https:\\\/\\\/brufaganya.cat\\\/2020\\\/les-veus-de-la-brufaganya\\\/\"},\"author\":{\"name\":\"Silvestre Pal\u00e0 Aug\u00e9\",\"@id\":\"https:\\\/\\\/brufaganya.cat\\\/2020\\\/#\\\/schema\\\/person\\\/104a8a58bc74955dad00f639bb234a56\"},\"headline\":\"Les Veus de la Brufaganya\",\"datePublished\":\"2022-11-29T18:28:46+00:00\",\"dateModified\":\"2022-11-29T18:58:27+00:00\",\"mainEntityOfPage\":{\"@id\":\"https:\\\/\\\/brufaganya.cat\\\/2020\\\/les-veus-de-la-brufaganya\\\/\"},\"wordCount\":369,\"commentCount\":0,\"publisher\":{\"@id\":\"https:\\\/\\\/brufaganya.cat\\\/2020\\\/#organization\"},\"image\":{\"@id\":\"https:\\\/\\\/brufaganya.cat\\\/2020\\\/les-veus-de-la-brufaganya\\\/#primaryimage\"},\"thumbnailUrl\":\"https:\\\/\\\/brufaganya.cat\\\/2020\\\/wp-content\\\/uploads\\\/2022\\\/11\\\/8.png\",\"articleSection\":[\"Hist\u00f2ria oral\",\"Not\u00edcies\"],\"inLanguage\":\"ca\",\"potentialAction\":[{\"@type\":\"CommentAction\",\"name\":\"Comment\",\"target\":[\"https:\\\/\\\/brufaganya.cat\\\/2020\\\/les-veus-de-la-brufaganya\\\/#respond\"]}]},{\"@type\":\"WebPage\",\"@id\":\"https:\\\/\\\/brufaganya.cat\\\/2020\\\/les-veus-de-la-brufaganya\\\/\",\"url\":\"https:\\\/\\\/brufaganya.cat\\\/2020\\\/les-veus-de-la-brufaganya\\\/\",\"name\":\"Les Veus de la Brufaganya &#187; Sant Mag\u00ed de la Brufaganya\",\"isPartOf\":{\"@id\":\"https:\\\/\\\/brufaganya.cat\\\/2020\\\/#website\"},\"primaryImageOfPage\":{\"@id\":\"https:\\\/\\\/brufaganya.cat\\\/2020\\\/les-veus-de-la-brufaganya\\\/#primaryimage\"},\"image\":{\"@id\":\"https:\\\/\\\/brufaganya.cat\\\/2020\\\/les-veus-de-la-brufaganya\\\/#primaryimage\"},\"thumbnailUrl\":\"https:\\\/\\\/brufaganya.cat\\\/2020\\\/wp-content\\\/uploads\\\/2022\\\/11\\\/8.png\",\"datePublished\":\"2022-11-29T18:28:46+00:00\",\"dateModified\":\"2022-11-29T18:58:27+00:00\",\"breadcrumb\":{\"@id\":\"https:\\\/\\\/brufaganya.cat\\\/2020\\\/les-veus-de-la-brufaganya\\\/#breadcrumb\"},\"inLanguage\":\"ca\",\"potentialAction\":[{\"@type\":\"ReadAction\",\"target\":[\"https:\\\/\\\/brufaganya.cat\\\/2020\\\/les-veus-de-la-brufaganya\\\/\"]}]},{\"@type\":\"ImageObject\",\"inLanguage\":\"ca\",\"@id\":\"https:\\\/\\\/brufaganya.cat\\\/2020\\\/les-veus-de-la-brufaganya\\\/#primaryimage\",\"url\":\"https:\\\/\\\/brufaganya.cat\\\/2020\\\/wp-content\\\/uploads\\\/2022\\\/11\\\/8.png\",\"contentUrl\":\"https:\\\/\\\/brufaganya.cat\\\/2020\\\/wp-content\\\/uploads\\\/2022\\\/11\\\/8.png\",\"width\":822,\"height\":558,\"caption\":\"Cercant l'aigua des de temps antics\"},{\"@type\":\"BreadcrumbList\",\"@id\":\"https:\\\/\\\/brufaganya.cat\\\/2020\\\/les-veus-de-la-brufaganya\\\/#breadcrumb\",\"itemListElement\":[{\"@type\":\"ListItem\",\"position\":1,\"name\":\"Inici\",\"item\":\"https:\\\/\\\/brufaganya.cat\\\/2020\\\/\"},{\"@type\":\"ListItem\",\"position\":2,\"name\":\"Les Veus de la Brufaganya\"}]},{\"@type\":\"WebSite\",\"@id\":\"https:\\\/\\\/brufaganya.cat\\\/2020\\\/#website\",\"url\":\"https:\\\/\\\/brufaganya.cat\\\/2020\\\/\",\"name\":\"Sant Mag\u00ed de la Brufaganya\",\"description\":\"Lloc web de Sant Mag\u00ed de la Brufaganya\",\"publisher\":{\"@id\":\"https:\\\/\\\/brufaganya.cat\\\/2020\\\/#organization\"},\"potentialAction\":[{\"@type\":\"SearchAction\",\"target\":{\"@type\":\"EntryPoint\",\"urlTemplate\":\"https:\\\/\\\/brufaganya.cat\\\/2020\\\/?s={search_term_string}\"},\"query-input\":{\"@type\":\"PropertyValueSpecification\",\"valueRequired\":true,\"valueName\":\"search_term_string\"}}],\"inLanguage\":\"ca\"},{\"@type\":\"Organization\",\"@id\":\"https:\\\/\\\/brufaganya.cat\\\/2020\\\/#organization\",\"name\":\"Sant Mag\u00ed de Brufaganya\",\"url\":\"https:\\\/\\\/brufaganya.cat\\\/2020\\\/\",\"logo\":{\"@type\":\"ImageObject\",\"inLanguage\":\"ca\",\"@id\":\"https:\\\/\\\/brufaganya.cat\\\/2020\\\/#\\\/schema\\\/logo\\\/image\\\/\",\"url\":\"https:\\\/\\\/brufaganya.cat\\\/2020\\\/wp-content\\\/uploads\\\/2018\\\/11\\\/st_marti_bruga_horitz_posi_logo.jpg\",\"contentUrl\":\"https:\\\/\\\/brufaganya.cat\\\/2020\\\/wp-content\\\/uploads\\\/2018\\\/11\\\/st_marti_bruga_horitz_posi_logo.jpg\",\"width\":1479,\"height\":804,\"caption\":\"Sant Mag\u00ed de Brufaganya\"},\"image\":{\"@id\":\"https:\\\/\\\/brufaganya.cat\\\/2020\\\/#\\\/schema\\\/logo\\\/image\\\/\"},\"sameAs\":[\"https:\\\/\\\/ca.wikipedia.org\\\/wiki\\\/Sant_Mag\u00ed_de_Brufaganya\"]},{\"@type\":\"Person\",\"@id\":\"https:\\\/\\\/brufaganya.cat\\\/2020\\\/#\\\/schema\\\/person\\\/104a8a58bc74955dad00f639bb234a56\",\"name\":\"Silvestre Pal\u00e0 Aug\u00e9\",\"image\":{\"@type\":\"ImageObject\",\"inLanguage\":\"ca\",\"@id\":\"https:\\\/\\\/secure.gravatar.com\\\/avatar\\\/240c865b87ee90f68f1bb82d954fb54e1c50d2b4355c9b807c7f2862e50c5fb1?s=96&d=mm&r=g\",\"url\":\"https:\\\/\\\/secure.gravatar.com\\\/avatar\\\/240c865b87ee90f68f1bb82d954fb54e1c50d2b4355c9b807c7f2862e50c5fb1?s=96&d=mm&r=g\",\"contentUrl\":\"https:\\\/\\\/secure.gravatar.com\\\/avatar\\\/240c865b87ee90f68f1bb82d954fb54e1c50d2b4355c9b807c7f2862e50c5fb1?s=96&d=mm&r=g\",\"caption\":\"Silvestre Pal\u00e0 Aug\u00e9\"},\"url\":\"https:\\\/\\\/brufaganya.cat\\\/2020\\\/author\\\/spala\\\/\"}]}<\/script>\n<!-- \/ Yoast SEO plugin. -->","yoast_head_json":{"title":"Les Veus de la Brufaganya &#187; Sant Mag\u00ed de la Brufaganya","robots":{"index":"index","follow":"follow","max-snippet":"max-snippet:-1","max-image-preview":"max-image-preview:large","max-video-preview":"max-video-preview:-1"},"canonical":"https:\/\/brufaganya.cat\/2020\/les-veus-de-la-brufaganya\/","og_locale":"ca_ES","og_type":"article","og_title":"Les Veus de la Brufaganya &#187; Sant Mag\u00ed de la Brufaganya","og_url":"https:\/\/brufaganya.cat\/2020\/les-veus-de-la-brufaganya\/","og_site_name":"Sant Mag\u00ed de la Brufaganya","article_published_time":"2022-11-29T18:28:46+00:00","article_modified_time":"2022-11-29T18:58:27+00:00","og_image":[{"width":822,"height":558,"url":"https:\/\/brufaganya.cat\/2020\/wp-content\/uploads\/2022\/11\/8.png","type":"image\/png"}],"author":"Silvestre Pal\u00e0 Aug\u00e9","twitter_card":"summary_large_image","twitter_misc":{"Escrit per":"Silvestre Pal\u00e0 Aug\u00e9","Temps estimat de lectura":"2 minuts"},"schema":{"@context":"https:\/\/schema.org","@graph":[{"@type":"Article","@id":"https:\/\/brufaganya.cat\/2020\/les-veus-de-la-brufaganya\/#article","isPartOf":{"@id":"https:\/\/brufaganya.cat\/2020\/les-veus-de-la-brufaganya\/"},"author":{"name":"Silvestre Pal\u00e0 Aug\u00e9","@id":"https:\/\/brufaganya.cat\/2020\/#\/schema\/person\/104a8a58bc74955dad00f639bb234a56"},"headline":"Les Veus de la Brufaganya","datePublished":"2022-11-29T18:28:46+00:00","dateModified":"2022-11-29T18:58:27+00:00","mainEntityOfPage":{"@id":"https:\/\/brufaganya.cat\/2020\/les-veus-de-la-brufaganya\/"},"wordCount":369,"commentCount":0,"publisher":{"@id":"https:\/\/brufaganya.cat\/2020\/#organization"},"image":{"@id":"https:\/\/brufaganya.cat\/2020\/les-veus-de-la-brufaganya\/#primaryimage"},"thumbnailUrl":"https:\/\/brufaganya.cat\/2020\/wp-content\/uploads\/2022\/11\/8.png","articleSection":["Hist\u00f2ria oral","Not\u00edcies"],"inLanguage":"ca","potentialAction":[{"@type":"CommentAction","name":"Comment","target":["https:\/\/brufaganya.cat\/2020\/les-veus-de-la-brufaganya\/#respond"]}]},{"@type":"WebPage","@id":"https:\/\/brufaganya.cat\/2020\/les-veus-de-la-brufaganya\/","url":"https:\/\/brufaganya.cat\/2020\/les-veus-de-la-brufaganya\/","name":"Les Veus de la Brufaganya &#187; Sant Mag\u00ed de la Brufaganya","isPartOf":{"@id":"https:\/\/brufaganya.cat\/2020\/#website"},"primaryImageOfPage":{"@id":"https:\/\/brufaganya.cat\/2020\/les-veus-de-la-brufaganya\/#primaryimage"},"image":{"@id":"https:\/\/brufaganya.cat\/2020\/les-veus-de-la-brufaganya\/#primaryimage"},"thumbnailUrl":"https:\/\/brufaganya.cat\/2020\/wp-content\/uploads\/2022\/11\/8.png","datePublished":"2022-11-29T18:28:46+00:00","dateModified":"2022-11-29T18:58:27+00:00","breadcrumb":{"@id":"https:\/\/brufaganya.cat\/2020\/les-veus-de-la-brufaganya\/#breadcrumb"},"inLanguage":"ca","potentialAction":[{"@type":"ReadAction","target":["https:\/\/brufaganya.cat\/2020\/les-veus-de-la-brufaganya\/"]}]},{"@type":"ImageObject","inLanguage":"ca","@id":"https:\/\/brufaganya.cat\/2020\/les-veus-de-la-brufaganya\/#primaryimage","url":"https:\/\/brufaganya.cat\/2020\/wp-content\/uploads\/2022\/11\/8.png","contentUrl":"https:\/\/brufaganya.cat\/2020\/wp-content\/uploads\/2022\/11\/8.png","width":822,"height":558,"caption":"Cercant l'aigua des de temps antics"},{"@type":"BreadcrumbList","@id":"https:\/\/brufaganya.cat\/2020\/les-veus-de-la-brufaganya\/#breadcrumb","itemListElement":[{"@type":"ListItem","position":1,"name":"Inici","item":"https:\/\/brufaganya.cat\/2020\/"},{"@type":"ListItem","position":2,"name":"Les Veus de la Brufaganya"}]},{"@type":"WebSite","@id":"https:\/\/brufaganya.cat\/2020\/#website","url":"https:\/\/brufaganya.cat\/2020\/","name":"Sant Mag\u00ed de la Brufaganya","description":"Lloc web de Sant Mag\u00ed de la Brufaganya","publisher":{"@id":"https:\/\/brufaganya.cat\/2020\/#organization"},"potentialAction":[{"@type":"SearchAction","target":{"@type":"EntryPoint","urlTemplate":"https:\/\/brufaganya.cat\/2020\/?s={search_term_string}"},"query-input":{"@type":"PropertyValueSpecification","valueRequired":true,"valueName":"search_term_string"}}],"inLanguage":"ca"},{"@type":"Organization","@id":"https:\/\/brufaganya.cat\/2020\/#organization","name":"Sant Mag\u00ed de Brufaganya","url":"https:\/\/brufaganya.cat\/2020\/","logo":{"@type":"ImageObject","inLanguage":"ca","@id":"https:\/\/brufaganya.cat\/2020\/#\/schema\/logo\/image\/","url":"https:\/\/brufaganya.cat\/2020\/wp-content\/uploads\/2018\/11\/st_marti_bruga_horitz_posi_logo.jpg","contentUrl":"https:\/\/brufaganya.cat\/2020\/wp-content\/uploads\/2018\/11\/st_marti_bruga_horitz_posi_logo.jpg","width":1479,"height":804,"caption":"Sant Mag\u00ed de Brufaganya"},"image":{"@id":"https:\/\/brufaganya.cat\/2020\/#\/schema\/logo\/image\/"},"sameAs":["https:\/\/ca.wikipedia.org\/wiki\/Sant_Mag\u00ed_de_Brufaganya"]},{"@type":"Person","@id":"https:\/\/brufaganya.cat\/2020\/#\/schema\/person\/104a8a58bc74955dad00f639bb234a56","name":"Silvestre Pal\u00e0 Aug\u00e9","image":{"@type":"ImageObject","inLanguage":"ca","@id":"https:\/\/secure.gravatar.com\/avatar\/240c865b87ee90f68f1bb82d954fb54e1c50d2b4355c9b807c7f2862e50c5fb1?s=96&d=mm&r=g","url":"https:\/\/secure.gravatar.com\/avatar\/240c865b87ee90f68f1bb82d954fb54e1c50d2b4355c9b807c7f2862e50c5fb1?s=96&d=mm&r=g","contentUrl":"https:\/\/secure.gravatar.com\/avatar\/240c865b87ee90f68f1bb82d954fb54e1c50d2b4355c9b807c7f2862e50c5fb1?s=96&d=mm&r=g","caption":"Silvestre Pal\u00e0 Aug\u00e9"},"url":"https:\/\/brufaganya.cat\/2020\/author\/spala\/"}]}},"_links":{"self":[{"href":"https:\/\/brufaganya.cat\/2020\/wp-json\/wp\/v2\/posts\/7341","targetHints":{"allow":["GET"]}}],"collection":[{"href":"https:\/\/brufaganya.cat\/2020\/wp-json\/wp\/v2\/posts"}],"about":[{"href":"https:\/\/brufaganya.cat\/2020\/wp-json\/wp\/v2\/types\/post"}],"author":[{"embeddable":true,"href":"https:\/\/brufaganya.cat\/2020\/wp-json\/wp\/v2\/users\/109"}],"replies":[{"embeddable":true,"href":"https:\/\/brufaganya.cat\/2020\/wp-json\/wp\/v2\/comments?post=7341"}],"version-history":[{"count":0,"href":"https:\/\/brufaganya.cat\/2020\/wp-json\/wp\/v2\/posts\/7341\/revisions"}],"wp:featuredmedia":[{"embeddable":true,"href":"https:\/\/brufaganya.cat\/2020\/wp-json\/wp\/v2\/media\/7352"}],"wp:attachment":[{"href":"https:\/\/brufaganya.cat\/2020\/wp-json\/wp\/v2\/media?parent=7341"}],"wp:term":[{"taxonomy":"category","embeddable":true,"href":"https:\/\/brufaganya.cat\/2020\/wp-json\/wp\/v2\/categories?post=7341"},{"taxonomy":"post_tag","embeddable":true,"href":"https:\/\/brufaganya.cat\/2020\/wp-json\/wp\/v2\/tags?post=7341"}],"curies":[{"name":"wp","href":"https:\/\/api.w.org\/{rel}","templated":true}]}}