{"id":7067,"date":"2022-09-20T19:04:31","date_gmt":"2022-09-20T17:04:31","guid":{"rendered":"https:\/\/brufaganya.cat\/2020\/?p=7067"},"modified":"2022-09-20T20:05:04","modified_gmt":"2022-09-20T18:05:04","slug":"aplec-de-setembre-a-sant-magi","status":"publish","type":"post","link":"https:\/\/brufaganya.cat\/2020\/aplec-de-setembre-a-sant-magi\/","title":{"rendered":"Aplec de Setembre a Sant Mag\u00ed"},"content":{"rendered":"<p>L&#8217;<strong>Aplec de Setembre<\/strong> ha estat tot un \u00e8xit, fruit de l&#8217;entusiasme i la participaci\u00f3 de tothom. Dels assistents que han vingut a peu, en bicicleta, a cavall o amb cotxe. Ho han fet des de Santa Coloma de Queralt, la Llacuna, Cervera, la Bisbal del Pened\u00e8s<span class=\"hiddenGrammarError\">,<\/span> Igualada, Barcelona&#8230; i els diferents pobles del voltant.<\/p>\n<p><img loading=\"lazy\" decoding=\"async\" class=\"size-medium wp-image-7069 alignleft\" src=\"https:\/\/brufaganya.cat\/2020\/wp-content\/uploads\/2022\/09\/cavalls-300x218.jpeg\" alt=\"\" width=\"300\" height=\"218\" srcset=\"https:\/\/brufaganya.cat\/2020\/wp-content\/uploads\/2022\/09\/cavalls-300x218.jpeg 300w, https:\/\/brufaganya.cat\/2020\/wp-content\/uploads\/2022\/09\/cavalls-768x558.jpeg 768w, https:\/\/brufaganya.cat\/2020\/wp-content\/uploads\/2022\/09\/cavalls.jpeg 1024w\" sizes=\"auto, (max-width: 300px) 100vw, 300px\" \/>Al mat\u00ed arriben a la <strong>Capella de les Fonts<\/strong>, un bon esmorzar i la preg\u00e0ria d&#8217;arribada dels pelegrins. Les paradetes de records, el rac\u00f3 de jocs i l&#8217;exposici\u00f3 estan a punt pels que arriben a Sant Mag\u00ed.<\/p>\n<p>El <strong>santuari<\/strong> es va omplint de gent per l&#8217;ofici, on la confraria de Barcelona puja a lliurar la xocolata i enguany tamb\u00e9 porta un tr\u00edptic de Sant Mag\u00ed en record dels <span class=\"hiddenGreenError\">400<\/span> anys de l&#8217;aplec.<\/p>\n<p><img loading=\"lazy\" decoding=\"async\" class=\"size-medium wp-image-7075 alignright\" src=\"https:\/\/brufaganya.cat\/2020\/wp-content\/uploads\/2022\/09\/jocsAplec2022-300x225.jpg\" alt=\"\" width=\"300\" height=\"225\" srcset=\"https:\/\/brufaganya.cat\/2020\/wp-content\/uploads\/2022\/09\/jocsAplec2022-300x225.jpg 300w, https:\/\/brufaganya.cat\/2020\/wp-content\/uploads\/2022\/09\/jocsAplec2022-1024x769.jpg 1024w, https:\/\/brufaganya.cat\/2020\/wp-content\/uploads\/2022\/09\/jocsAplec2022-768x576.jpg 768w, https:\/\/brufaganya.cat\/2020\/wp-content\/uploads\/2022\/09\/jocsAplec2022-1536x1153.jpg 1536w, https:\/\/brufaganya.cat\/2020\/wp-content\/uploads\/2022\/09\/jocsAplec2022-86x64.jpg 86w, https:\/\/brufaganya.cat\/2020\/wp-content\/uploads\/2022\/09\/jocsAplec2022.jpg 2048w\" sizes=\"auto, (max-width: 300px) 100vw, 300px\" \/>Les <strong>sardanes<\/strong> i el <strong>ball pla de Sant Mag\u00ed<\/strong> omplen la pla\u00e7a del santuari mentre a la esplanada de les Fonts les fam\u00edlies posen les taules, visiten <strong>l&#8217;exposici\u00f3&#8221; La meva Brufaganya i altres habitants&#8221;<\/strong> i els nens pinten com veuen l&#8217;Aplec, acoloreixen mandales i juguen al <strong>Rac\u00f3 dels jocs<\/strong>.<\/p>\n<p>El treball desinteressat dels organitzadors i voluntaris\u00a0 ha fet possible crear al Santuari i a l&#8217;esplanada de les Fonts un lloc agradable per a petits i grans.<\/p>\n<p>La Xaranga omple de m\u00fasica tot l&#8217;espai i anima a esperar l&#8217;<strong>arrossada<\/strong>.<br \/>\n<img loading=\"lazy\" decoding=\"async\" class=\"size-medium wp-image-7070 alignleft\" src=\"https:\/\/brufaganya.cat\/2020\/wp-content\/uploads\/2022\/09\/dinar20022-300x253.jpeg\" alt=\"\" width=\"300\" height=\"253\" srcset=\"https:\/\/brufaganya.cat\/2020\/wp-content\/uploads\/2022\/09\/dinar20022-300x253.jpeg 300w, https:\/\/brufaganya.cat\/2020\/wp-content\/uploads\/2022\/09\/dinar20022-768x647.jpeg 768w, https:\/\/brufaganya.cat\/2020\/wp-content\/uploads\/2022\/09\/dinar20022.jpeg 1024w\" sizes=\"auto, (max-width: 300px) 100vw, 300px\" \/><br \/>\nDespr\u00e9s de dinar, la festa omple l&#8217;esplanada de les Fonts<span class=\"hiddenGrammarError\">\u00a0.<\/span> El ball pla\u00a0 s&#8217;apr\u00e8n sobre la marxa. Tots hi posen el seu saber i surt for\u00e7a b\u00e9&#8230; l&#8217;any que ve, sortir\u00e0 millor.<\/p>\n<p>Segueix la\u00a0m\u00fasica\u00a0pasdobles, polques&#8230;\u00a0fins al\u00a0<span class=\"hiddenGrammarError\">&#8220;<\/span>passi-ho be &#8230; fins a l&#8217;any que ve&#8221;.<\/p>\n<p>Per veure m\u00e9s fotografies, podeu pr\u00e9mer el reportatge: :<a href=\"https:\/\/tribusdelasegarra.cat\/2022\/09\/19\/aplec-de-sant-magi-2022\/\">https:\/\/tribusdelasegarra.cat\/2022\/09\/19\/aplec-de-sant-magi-2022\/<\/a><\/p>\n","protected":false},"excerpt":{"rendered":"<p>L&#8217;Aplec de Setembre ha estat tot un \u00e8xit, fruit de l&#8217;entusiasme i la participaci\u00f3 de tothom. Dels assistents que han vingut a peu, en bicicleta, a cavall o amb cotxe. [&hellip;]<\/p>\n","protected":false},"author":105,"featured_media":7068,"comment_status":"open","ping_status":"closed","sticky":false,"template":"","format":"standard","meta":{"inline_featured_image":false,"footnotes":""},"categories":[1,768],"tags":[],"class_list":["post-7067","post","type-post","status-publish","format-standard","has-post-thumbnail","hentry","category-noticies","category-tradicions-religioses"],"yoast_head":"<!-- This site is optimized with the Yoast SEO plugin v27.5 - https:\/\/yoast.com\/product\/yoast-seo-wordpress\/ -->\n<title>Aplec de Setembre a Sant Mag\u00ed &#187; Sant Mag\u00ed de la Brufaganya<\/title>\n<meta name=\"robots\" content=\"index, follow, max-snippet:-1, max-image-preview:large, max-video-preview:-1\" \/>\n<link rel=\"canonical\" href=\"https:\/\/brufaganya.cat\/2020\/aplec-de-setembre-a-sant-magi\/\" \/>\n<meta property=\"og:locale\" content=\"ca_ES\" \/>\n<meta property=\"og:type\" content=\"article\" \/>\n<meta property=\"og:title\" content=\"Aplec de Setembre a Sant Mag\u00ed &#187; Sant Mag\u00ed de la Brufaganya\" \/>\n<meta property=\"og:description\" content=\"L&#8217;Aplec de Setembre ha estat tot un \u00e8xit, fruit de l&#8217;entusiasme i la participaci\u00f3 de tothom. Dels assistents que han vingut a peu, en bicicleta, a cavall o amb cotxe. [&hellip;]\" \/>\n<meta property=\"og:url\" content=\"https:\/\/brufaganya.cat\/2020\/aplec-de-setembre-a-sant-magi\/\" \/>\n<meta property=\"og:site_name\" content=\"Sant Mag\u00ed de la Brufaganya\" \/>\n<meta property=\"article:published_time\" content=\"2022-09-20T17:04:31+00:00\" \/>\n<meta property=\"article:modified_time\" content=\"2022-09-20T18:05:04+00:00\" \/>\n<meta property=\"og:image\" content=\"https:\/\/brufaganya.cat\/2020\/wp-content\/uploads\/2022\/09\/aple2022.jpeg\" \/>\n\t<meta property=\"og:image:width\" content=\"1024\" \/>\n\t<meta property=\"og:image:height\" content=\"709\" \/>\n\t<meta property=\"og:image:type\" content=\"image\/jpeg\" \/>\n<meta name=\"author\" content=\"Rita Armejach Carreras\" \/>\n<meta name=\"twitter:card\" content=\"summary_large_image\" \/>\n<meta name=\"twitter:label1\" content=\"Escrit per\" \/>\n\t<meta name=\"twitter:data1\" content=\"Rita Armejach Carreras\" \/>\n\t<meta name=\"twitter:label2\" content=\"Temps estimat de lectura\" \/>\n\t<meta name=\"twitter:data2\" content=\"3 minuts\" \/>\n<script type=\"application\/ld+json\" class=\"yoast-schema-graph\">{\"@context\":\"https:\\\/\\\/schema.org\",\"@graph\":[{\"@type\":\"Article\",\"@id\":\"https:\\\/\\\/brufaganya.cat\\\/2020\\\/aplec-de-setembre-a-sant-magi\\\/#article\",\"isPartOf\":{\"@id\":\"https:\\\/\\\/brufaganya.cat\\\/2020\\\/aplec-de-setembre-a-sant-magi\\\/\"},\"author\":{\"name\":\"Rita Armejach Carreras\",\"@id\":\"https:\\\/\\\/brufaganya.cat\\\/2020\\\/#\\\/schema\\\/person\\\/cd383ee397867b5182d1cf80b8c2e95c\"},\"headline\":\"Aplec de Setembre a Sant Mag\u00ed\",\"datePublished\":\"2022-09-20T17:04:31+00:00\",\"dateModified\":\"2022-09-20T18:05:04+00:00\",\"mainEntityOfPage\":{\"@id\":\"https:\\\/\\\/brufaganya.cat\\\/2020\\\/aplec-de-setembre-a-sant-magi\\\/\"},\"wordCount\":289,\"commentCount\":0,\"publisher\":{\"@id\":\"https:\\\/\\\/brufaganya.cat\\\/2020\\\/#organization\"},\"image\":{\"@id\":\"https:\\\/\\\/brufaganya.cat\\\/2020\\\/aplec-de-setembre-a-sant-magi\\\/#primaryimage\"},\"thumbnailUrl\":\"https:\\\/\\\/brufaganya.cat\\\/2020\\\/wp-content\\\/uploads\\\/2022\\\/09\\\/aple2022.jpeg\",\"articleSection\":[\"Not\u00edcies\",\"Tradicions religioses\"],\"inLanguage\":\"ca\",\"potentialAction\":[{\"@type\":\"CommentAction\",\"name\":\"Comment\",\"target\":[\"https:\\\/\\\/brufaganya.cat\\\/2020\\\/aplec-de-setembre-a-sant-magi\\\/#respond\"]}]},{\"@type\":\"WebPage\",\"@id\":\"https:\\\/\\\/brufaganya.cat\\\/2020\\\/aplec-de-setembre-a-sant-magi\\\/\",\"url\":\"https:\\\/\\\/brufaganya.cat\\\/2020\\\/aplec-de-setembre-a-sant-magi\\\/\",\"name\":\"Aplec de Setembre a Sant Mag\u00ed &#187; Sant Mag\u00ed de la Brufaganya\",\"isPartOf\":{\"@id\":\"https:\\\/\\\/brufaganya.cat\\\/2020\\\/#website\"},\"primaryImageOfPage\":{\"@id\":\"https:\\\/\\\/brufaganya.cat\\\/2020\\\/aplec-de-setembre-a-sant-magi\\\/#primaryimage\"},\"image\":{\"@id\":\"https:\\\/\\\/brufaganya.cat\\\/2020\\\/aplec-de-setembre-a-sant-magi\\\/#primaryimage\"},\"thumbnailUrl\":\"https:\\\/\\\/brufaganya.cat\\\/2020\\\/wp-content\\\/uploads\\\/2022\\\/09\\\/aple2022.jpeg\",\"datePublished\":\"2022-09-20T17:04:31+00:00\",\"dateModified\":\"2022-09-20T18:05:04+00:00\",\"breadcrumb\":{\"@id\":\"https:\\\/\\\/brufaganya.cat\\\/2020\\\/aplec-de-setembre-a-sant-magi\\\/#breadcrumb\"},\"inLanguage\":\"ca\",\"potentialAction\":[{\"@type\":\"ReadAction\",\"target\":[\"https:\\\/\\\/brufaganya.cat\\\/2020\\\/aplec-de-setembre-a-sant-magi\\\/\"]}]},{\"@type\":\"ImageObject\",\"inLanguage\":\"ca\",\"@id\":\"https:\\\/\\\/brufaganya.cat\\\/2020\\\/aplec-de-setembre-a-sant-magi\\\/#primaryimage\",\"url\":\"https:\\\/\\\/brufaganya.cat\\\/2020\\\/wp-content\\\/uploads\\\/2022\\\/09\\\/aple2022.jpeg\",\"contentUrl\":\"https:\\\/\\\/brufaganya.cat\\\/2020\\\/wp-content\\\/uploads\\\/2022\\\/09\\\/aple2022.jpeg\",\"width\":1024,\"height\":709},{\"@type\":\"BreadcrumbList\",\"@id\":\"https:\\\/\\\/brufaganya.cat\\\/2020\\\/aplec-de-setembre-a-sant-magi\\\/#breadcrumb\",\"itemListElement\":[{\"@type\":\"ListItem\",\"position\":1,\"name\":\"Inici\",\"item\":\"https:\\\/\\\/brufaganya.cat\\\/2020\\\/\"},{\"@type\":\"ListItem\",\"position\":2,\"name\":\"Aplec de Setembre a Sant Mag\u00ed\"}]},{\"@type\":\"WebSite\",\"@id\":\"https:\\\/\\\/brufaganya.cat\\\/2020\\\/#website\",\"url\":\"https:\\\/\\\/brufaganya.cat\\\/2020\\\/\",\"name\":\"Sant Mag\u00ed de la Brufaganya\",\"description\":\"Lloc web de Sant Mag\u00ed de la Brufaganya\",\"publisher\":{\"@id\":\"https:\\\/\\\/brufaganya.cat\\\/2020\\\/#organization\"},\"potentialAction\":[{\"@type\":\"SearchAction\",\"target\":{\"@type\":\"EntryPoint\",\"urlTemplate\":\"https:\\\/\\\/brufaganya.cat\\\/2020\\\/?s={search_term_string}\"},\"query-input\":{\"@type\":\"PropertyValueSpecification\",\"valueRequired\":true,\"valueName\":\"search_term_string\"}}],\"inLanguage\":\"ca\"},{\"@type\":\"Organization\",\"@id\":\"https:\\\/\\\/brufaganya.cat\\\/2020\\\/#organization\",\"name\":\"Sant Mag\u00ed de Brufaganya\",\"url\":\"https:\\\/\\\/brufaganya.cat\\\/2020\\\/\",\"logo\":{\"@type\":\"ImageObject\",\"inLanguage\":\"ca\",\"@id\":\"https:\\\/\\\/brufaganya.cat\\\/2020\\\/#\\\/schema\\\/logo\\\/image\\\/\",\"url\":\"https:\\\/\\\/brufaganya.cat\\\/2020\\\/wp-content\\\/uploads\\\/2018\\\/11\\\/st_marti_bruga_horitz_posi_logo.jpg\",\"contentUrl\":\"https:\\\/\\\/brufaganya.cat\\\/2020\\\/wp-content\\\/uploads\\\/2018\\\/11\\\/st_marti_bruga_horitz_posi_logo.jpg\",\"width\":1479,\"height\":804,\"caption\":\"Sant Mag\u00ed de Brufaganya\"},\"image\":{\"@id\":\"https:\\\/\\\/brufaganya.cat\\\/2020\\\/#\\\/schema\\\/logo\\\/image\\\/\"},\"sameAs\":[\"https:\\\/\\\/ca.wikipedia.org\\\/wiki\\\/Sant_Mag\u00ed_de_Brufaganya\"]},{\"@type\":\"Person\",\"@id\":\"https:\\\/\\\/brufaganya.cat\\\/2020\\\/#\\\/schema\\\/person\\\/cd383ee397867b5182d1cf80b8c2e95c\",\"name\":\"Rita Armejach Carreras\",\"image\":{\"@type\":\"ImageObject\",\"inLanguage\":\"ca\",\"@id\":\"https:\\\/\\\/secure.gravatar.com\\\/avatar\\\/9dd6e49c4c61c4e14defcbf48211c55e6d268a4486cf9f5cef1b53148943d71d?s=96&d=mm&r=g\",\"url\":\"https:\\\/\\\/secure.gravatar.com\\\/avatar\\\/9dd6e49c4c61c4e14defcbf48211c55e6d268a4486cf9f5cef1b53148943d71d?s=96&d=mm&r=g\",\"contentUrl\":\"https:\\\/\\\/secure.gravatar.com\\\/avatar\\\/9dd6e49c4c61c4e14defcbf48211c55e6d268a4486cf9f5cef1b53148943d71d?s=96&d=mm&r=g\",\"caption\":\"Rita Armejach Carreras\"},\"url\":\"https:\\\/\\\/brufaganya.cat\\\/2020\\\/author\\\/rarmejach\\\/\"}]}<\/script>\n<!-- \/ Yoast SEO plugin. -->","yoast_head_json":{"title":"Aplec de Setembre a Sant Mag\u00ed &#187; Sant Mag\u00ed de la Brufaganya","robots":{"index":"index","follow":"follow","max-snippet":"max-snippet:-1","max-image-preview":"max-image-preview:large","max-video-preview":"max-video-preview:-1"},"canonical":"https:\/\/brufaganya.cat\/2020\/aplec-de-setembre-a-sant-magi\/","og_locale":"ca_ES","og_type":"article","og_title":"Aplec de Setembre a Sant Mag\u00ed &#187; Sant Mag\u00ed de la Brufaganya","og_description":"L&#8217;Aplec de Setembre ha estat tot un \u00e8xit, fruit de l&#8217;entusiasme i la participaci\u00f3 de tothom. Dels assistents que han vingut a peu, en bicicleta, a cavall o amb cotxe. [&hellip;]","og_url":"https:\/\/brufaganya.cat\/2020\/aplec-de-setembre-a-sant-magi\/","og_site_name":"Sant Mag\u00ed de la Brufaganya","article_published_time":"2022-09-20T17:04:31+00:00","article_modified_time":"2022-09-20T18:05:04+00:00","og_image":[{"width":1024,"height":709,"url":"https:\/\/brufaganya.cat\/2020\/wp-content\/uploads\/2022\/09\/aple2022.jpeg","type":"image\/jpeg"}],"author":"Rita Armejach Carreras","twitter_card":"summary_large_image","twitter_misc":{"Escrit per":"Rita Armejach Carreras","Temps estimat de lectura":"3 minuts"},"schema":{"@context":"https:\/\/schema.org","@graph":[{"@type":"Article","@id":"https:\/\/brufaganya.cat\/2020\/aplec-de-setembre-a-sant-magi\/#article","isPartOf":{"@id":"https:\/\/brufaganya.cat\/2020\/aplec-de-setembre-a-sant-magi\/"},"author":{"name":"Rita Armejach Carreras","@id":"https:\/\/brufaganya.cat\/2020\/#\/schema\/person\/cd383ee397867b5182d1cf80b8c2e95c"},"headline":"Aplec de Setembre a Sant Mag\u00ed","datePublished":"2022-09-20T17:04:31+00:00","dateModified":"2022-09-20T18:05:04+00:00","mainEntityOfPage":{"@id":"https:\/\/brufaganya.cat\/2020\/aplec-de-setembre-a-sant-magi\/"},"wordCount":289,"commentCount":0,"publisher":{"@id":"https:\/\/brufaganya.cat\/2020\/#organization"},"image":{"@id":"https:\/\/brufaganya.cat\/2020\/aplec-de-setembre-a-sant-magi\/#primaryimage"},"thumbnailUrl":"https:\/\/brufaganya.cat\/2020\/wp-content\/uploads\/2022\/09\/aple2022.jpeg","articleSection":["Not\u00edcies","Tradicions religioses"],"inLanguage":"ca","potentialAction":[{"@type":"CommentAction","name":"Comment","target":["https:\/\/brufaganya.cat\/2020\/aplec-de-setembre-a-sant-magi\/#respond"]}]},{"@type":"WebPage","@id":"https:\/\/brufaganya.cat\/2020\/aplec-de-setembre-a-sant-magi\/","url":"https:\/\/brufaganya.cat\/2020\/aplec-de-setembre-a-sant-magi\/","name":"Aplec de Setembre a Sant Mag\u00ed &#187; Sant Mag\u00ed de la Brufaganya","isPartOf":{"@id":"https:\/\/brufaganya.cat\/2020\/#website"},"primaryImageOfPage":{"@id":"https:\/\/brufaganya.cat\/2020\/aplec-de-setembre-a-sant-magi\/#primaryimage"},"image":{"@id":"https:\/\/brufaganya.cat\/2020\/aplec-de-setembre-a-sant-magi\/#primaryimage"},"thumbnailUrl":"https:\/\/brufaganya.cat\/2020\/wp-content\/uploads\/2022\/09\/aple2022.jpeg","datePublished":"2022-09-20T17:04:31+00:00","dateModified":"2022-09-20T18:05:04+00:00","breadcrumb":{"@id":"https:\/\/brufaganya.cat\/2020\/aplec-de-setembre-a-sant-magi\/#breadcrumb"},"inLanguage":"ca","potentialAction":[{"@type":"ReadAction","target":["https:\/\/brufaganya.cat\/2020\/aplec-de-setembre-a-sant-magi\/"]}]},{"@type":"ImageObject","inLanguage":"ca","@id":"https:\/\/brufaganya.cat\/2020\/aplec-de-setembre-a-sant-magi\/#primaryimage","url":"https:\/\/brufaganya.cat\/2020\/wp-content\/uploads\/2022\/09\/aple2022.jpeg","contentUrl":"https:\/\/brufaganya.cat\/2020\/wp-content\/uploads\/2022\/09\/aple2022.jpeg","width":1024,"height":709},{"@type":"BreadcrumbList","@id":"https:\/\/brufaganya.cat\/2020\/aplec-de-setembre-a-sant-magi\/#breadcrumb","itemListElement":[{"@type":"ListItem","position":1,"name":"Inici","item":"https:\/\/brufaganya.cat\/2020\/"},{"@type":"ListItem","position":2,"name":"Aplec de Setembre a Sant Mag\u00ed"}]},{"@type":"WebSite","@id":"https:\/\/brufaganya.cat\/2020\/#website","url":"https:\/\/brufaganya.cat\/2020\/","name":"Sant Mag\u00ed de la Brufaganya","description":"Lloc web de Sant Mag\u00ed de la Brufaganya","publisher":{"@id":"https:\/\/brufaganya.cat\/2020\/#organization"},"potentialAction":[{"@type":"SearchAction","target":{"@type":"EntryPoint","urlTemplate":"https:\/\/brufaganya.cat\/2020\/?s={search_term_string}"},"query-input":{"@type":"PropertyValueSpecification","valueRequired":true,"valueName":"search_term_string"}}],"inLanguage":"ca"},{"@type":"Organization","@id":"https:\/\/brufaganya.cat\/2020\/#organization","name":"Sant Mag\u00ed de Brufaganya","url":"https:\/\/brufaganya.cat\/2020\/","logo":{"@type":"ImageObject","inLanguage":"ca","@id":"https:\/\/brufaganya.cat\/2020\/#\/schema\/logo\/image\/","url":"https:\/\/brufaganya.cat\/2020\/wp-content\/uploads\/2018\/11\/st_marti_bruga_horitz_posi_logo.jpg","contentUrl":"https:\/\/brufaganya.cat\/2020\/wp-content\/uploads\/2018\/11\/st_marti_bruga_horitz_posi_logo.jpg","width":1479,"height":804,"caption":"Sant Mag\u00ed de Brufaganya"},"image":{"@id":"https:\/\/brufaganya.cat\/2020\/#\/schema\/logo\/image\/"},"sameAs":["https:\/\/ca.wikipedia.org\/wiki\/Sant_Mag\u00ed_de_Brufaganya"]},{"@type":"Person","@id":"https:\/\/brufaganya.cat\/2020\/#\/schema\/person\/cd383ee397867b5182d1cf80b8c2e95c","name":"Rita Armejach Carreras","image":{"@type":"ImageObject","inLanguage":"ca","@id":"https:\/\/secure.gravatar.com\/avatar\/9dd6e49c4c61c4e14defcbf48211c55e6d268a4486cf9f5cef1b53148943d71d?s=96&d=mm&r=g","url":"https:\/\/secure.gravatar.com\/avatar\/9dd6e49c4c61c4e14defcbf48211c55e6d268a4486cf9f5cef1b53148943d71d?s=96&d=mm&r=g","contentUrl":"https:\/\/secure.gravatar.com\/avatar\/9dd6e49c4c61c4e14defcbf48211c55e6d268a4486cf9f5cef1b53148943d71d?s=96&d=mm&r=g","caption":"Rita Armejach Carreras"},"url":"https:\/\/brufaganya.cat\/2020\/author\/rarmejach\/"}]}},"_links":{"self":[{"href":"https:\/\/brufaganya.cat\/2020\/wp-json\/wp\/v2\/posts\/7067","targetHints":{"allow":["GET"]}}],"collection":[{"href":"https:\/\/brufaganya.cat\/2020\/wp-json\/wp\/v2\/posts"}],"about":[{"href":"https:\/\/brufaganya.cat\/2020\/wp-json\/wp\/v2\/types\/post"}],"author":[{"embeddable":true,"href":"https:\/\/brufaganya.cat\/2020\/wp-json\/wp\/v2\/users\/105"}],"replies":[{"embeddable":true,"href":"https:\/\/brufaganya.cat\/2020\/wp-json\/wp\/v2\/comments?post=7067"}],"version-history":[{"count":0,"href":"https:\/\/brufaganya.cat\/2020\/wp-json\/wp\/v2\/posts\/7067\/revisions"}],"wp:featuredmedia":[{"embeddable":true,"href":"https:\/\/brufaganya.cat\/2020\/wp-json\/wp\/v2\/media\/7068"}],"wp:attachment":[{"href":"https:\/\/brufaganya.cat\/2020\/wp-json\/wp\/v2\/media?parent=7067"}],"wp:term":[{"taxonomy":"category","embeddable":true,"href":"https:\/\/brufaganya.cat\/2020\/wp-json\/wp\/v2\/categories?post=7067"},{"taxonomy":"post_tag","embeddable":true,"href":"https:\/\/brufaganya.cat\/2020\/wp-json\/wp\/v2\/tags?post=7067"}],"curies":[{"name":"wp","href":"https:\/\/api.w.org\/{rel}","templated":true}]}}