{"id":6954,"date":"2022-08-18T13:36:20","date_gmt":"2022-08-18T11:36:20","guid":{"rendered":"https:\/\/brufaganya.cat\/2020\/?p=6954"},"modified":"2022-08-18T14:07:59","modified_gmt":"2022-08-18T12:07:59","slug":"celebrem-sant-magi-a-la-brufaganya","status":"publish","type":"post","link":"https:\/\/brufaganya.cat\/2020\/celebrem-sant-magi-a-la-brufaganya\/","title":{"rendered":"Celebrem Sant Mag\u00ed a la Brufaganya!"},"content":{"rendered":"<p>Dem\u00e0 \u00e9s festa grossa a Sant Mag\u00ed. El dia 19 d&#8217;agost el santoral commemora l&#8217;eremita que segons la tradici\u00f3, als voltants del segle III va ser mort pels soldats romans a la <span class=\"hiddenSpellError\">Brufaganya<\/span>. \u00c9s tradici\u00f3 que gent de totes les contrades vinguin a la Capella de les Fonts, es remullin amb les aig\u00fces que manen de les boques, s&#8217;enduguin aigua a casa i visitin el Santuari.<\/p>\n<figure id=\"attachment_6222\" aria-describedby=\"caption-attachment-6222\" style=\"width: 200px\" class=\"wp-caption alignright\"><img loading=\"lazy\" decoding=\"async\" class=\"wp-image-6222 size-medium\" src=\"https:\/\/brufaganya.cat\/2020\/wp-content\/uploads\/2021\/06\/iglesia-200x300.jpg\" alt=\"\" width=\"200\" height=\"300\" srcset=\"https:\/\/brufaganya.cat\/2020\/wp-content\/uploads\/2021\/06\/iglesia-200x300.jpg 200w, https:\/\/brufaganya.cat\/2020\/wp-content\/uploads\/2021\/06\/iglesia-683x1024.jpg 683w, https:\/\/brufaganya.cat\/2020\/wp-content\/uploads\/2021\/06\/iglesia-768x1152.jpg 768w, https:\/\/brufaganya.cat\/2020\/wp-content\/uploads\/2021\/06\/iglesia.jpg 984w\" sizes=\"auto, (max-width: 200px) 100vw, 200px\" \/><figcaption id=\"caption-attachment-6222\" class=\"wp-caption-text\">L&#8217;esgl\u00e9sia plena de la gent per Sant Mag\u00ed<\/figcaption><\/figure>\n<p>El costum d&#8217;oferir ciris a Sant Mag\u00ed demanant all\u00f2 que necessiten o encendre&#8217;ls per seguir el costum dels avis, fa del santuari una process\u00f3 de persones i l&#8217;omple d&#8217;una llumin\u00e0ria especial.<\/p>\n<p>A la porta del santuari hi haur\u00e0 a disposici\u00f3 dels visitants: ciris, mides (cinta de tafet\u00e0 vermella i groga amb la llarg\u00e0ria de la mida que tenia la primera imatge del Sant), c\u00e0ntirs per l&#8217;aigua, tasses per veure-la, llibres i informaci\u00f3 sobre les activitats que es duen a terme al llarg de l&#8217;any.<\/p>\n<p>L&#8217;exposici\u00f3<span class=\"hiddenGrammarError\" style=\"padding-bottom: 2px; background-image: url('..\/..\/..\/..\/..\/images\/squiggle.png'); background-repeat: repeat-x; background-position: left bottom; cursor: default; color: #000000; font-family: 'Open Sans', Helvetica, Arial, sans-serif; font-size: 16px; font-style: normal; font-variant-ligatures: normal; font-variant-caps: normal; font-weight: 300; letter-spacing: normal; orphans: 2; text-align: start; text-indent: 0px; text-transform: none; white-space: normal; widows: 2; word-spacing: 0px; -webkit-text-stroke-width: 0px; text-decoration-thickness: initial; text-decoration-style: initial; text-decoration-color: initial;\">\u00a0&#8221;\u00a0<\/span>La meva\u00a0<span class=\"hiddenSpellError\">Brufaganya<\/span> i altres habitants&#8221; ser\u00e0 enguany un al\u00b7licient m\u00e9s de la diada de Sant Mag\u00ed. Les fotografies, donades per la fam\u00edlia Goberna de Montalegre a l&#8217;Arxiu Comarcal de la Conca de Barber\u00e0, recullen part de la vida familiar \u00a0i mostren les feines i formes de vida dels anys 40 i 50 en aquests entorns.<\/p>\n<p>Us esperem per celebrar Sant Mag\u00ed a la Brufaganya! Visca Sant Mag\u00ed!<\/p>\n","protected":false},"excerpt":{"rendered":"<p>Dem\u00e0 \u00e9s festa grossa a Sant Mag\u00ed. El dia 19 d&#8217;agost el santoral commemora l&#8217;eremita que segons la tradici\u00f3, als voltants del segle III va ser mort pels soldats romans [&hellip;]<\/p>\n","protected":false},"author":105,"featured_media":5424,"comment_status":"open","ping_status":"closed","sticky":false,"template":"","format":"standard","meta":{"inline_featured_image":false,"footnotes":""},"categories":[1,768],"tags":[],"class_list":["post-6954","post","type-post","status-publish","format-standard","has-post-thumbnail","hentry","category-noticies","category-tradicions-religioses"],"yoast_head":"<!-- This site is optimized with the Yoast SEO plugin v27.5 - https:\/\/yoast.com\/product\/yoast-seo-wordpress\/ -->\n<title>Celebrem Sant Mag\u00ed a la Brufaganya! &#187; Sant Mag\u00ed de la Brufaganya<\/title>\n<meta name=\"robots\" content=\"index, follow, max-snippet:-1, max-image-preview:large, max-video-preview:-1\" \/>\n<link rel=\"canonical\" href=\"https:\/\/brufaganya.cat\/2020\/celebrem-sant-magi-a-la-brufaganya\/\" \/>\n<meta property=\"og:locale\" content=\"ca_ES\" \/>\n<meta property=\"og:type\" content=\"article\" \/>\n<meta property=\"og:title\" content=\"Celebrem Sant Mag\u00ed a la Brufaganya! &#187; Sant Mag\u00ed de la Brufaganya\" \/>\n<meta property=\"og:description\" content=\"Dem\u00e0 \u00e9s festa grossa a Sant Mag\u00ed. El dia 19 d&#8217;agost el santoral commemora l&#8217;eremita que segons la tradici\u00f3, als voltants del segle III va ser mort pels soldats romans [&hellip;]\" \/>\n<meta property=\"og:url\" content=\"https:\/\/brufaganya.cat\/2020\/celebrem-sant-magi-a-la-brufaganya\/\" \/>\n<meta property=\"og:site_name\" content=\"Sant Mag\u00ed de la Brufaganya\" \/>\n<meta property=\"article:published_time\" content=\"2022-08-18T11:36:20+00:00\" \/>\n<meta property=\"article:modified_time\" content=\"2022-08-18T12:07:59+00:00\" \/>\n<meta property=\"og:image\" content=\"https:\/\/brufaganya.cat\/2020\/wp-content\/uploads\/2020\/07\/pla\u00e7aMG_3853-1024x682.jpg\" \/>\n\t<meta property=\"og:image:width\" content=\"1024\" \/>\n\t<meta property=\"og:image:height\" content=\"682\" \/>\n\t<meta property=\"og:image:type\" content=\"image\/jpeg\" \/>\n<meta name=\"author\" content=\"Rita Armejach Carreras\" \/>\n<meta name=\"twitter:card\" content=\"summary_large_image\" \/>\n<meta name=\"twitter:label1\" content=\"Escrit per\" \/>\n\t<meta name=\"twitter:data1\" content=\"Rita Armejach Carreras\" \/>\n\t<meta name=\"twitter:label2\" content=\"Temps estimat de lectura\" \/>\n\t<meta name=\"twitter:data2\" content=\"2 minuts\" \/>\n<script type=\"application\/ld+json\" class=\"yoast-schema-graph\">{\"@context\":\"https:\\\/\\\/schema.org\",\"@graph\":[{\"@type\":\"Article\",\"@id\":\"https:\\\/\\\/brufaganya.cat\\\/2020\\\/celebrem-sant-magi-a-la-brufaganya\\\/#article\",\"isPartOf\":{\"@id\":\"https:\\\/\\\/brufaganya.cat\\\/2020\\\/celebrem-sant-magi-a-la-brufaganya\\\/\"},\"author\":{\"name\":\"Rita Armejach Carreras\",\"@id\":\"https:\\\/\\\/brufaganya.cat\\\/2020\\\/#\\\/schema\\\/person\\\/cd383ee397867b5182d1cf80b8c2e95c\"},\"headline\":\"Celebrem Sant Mag\u00ed a la Brufaganya!\",\"datePublished\":\"2022-08-18T11:36:20+00:00\",\"dateModified\":\"2022-08-18T12:07:59+00:00\",\"mainEntityOfPage\":{\"@id\":\"https:\\\/\\\/brufaganya.cat\\\/2020\\\/celebrem-sant-magi-a-la-brufaganya\\\/\"},\"wordCount\":245,\"commentCount\":0,\"publisher\":{\"@id\":\"https:\\\/\\\/brufaganya.cat\\\/2020\\\/#organization\"},\"image\":{\"@id\":\"https:\\\/\\\/brufaganya.cat\\\/2020\\\/celebrem-sant-magi-a-la-brufaganya\\\/#primaryimage\"},\"thumbnailUrl\":\"https:\\\/\\\/brufaganya.cat\\\/2020\\\/wp-content\\\/uploads\\\/2020\\\/07\\\/pla\u00e7aMG_3853-1024x682.jpg\",\"articleSection\":[\"Not\u00edcies\",\"Tradicions religioses\"],\"inLanguage\":\"ca\",\"potentialAction\":[{\"@type\":\"CommentAction\",\"name\":\"Comment\",\"target\":[\"https:\\\/\\\/brufaganya.cat\\\/2020\\\/celebrem-sant-magi-a-la-brufaganya\\\/#respond\"]}]},{\"@type\":\"WebPage\",\"@id\":\"https:\\\/\\\/brufaganya.cat\\\/2020\\\/celebrem-sant-magi-a-la-brufaganya\\\/\",\"url\":\"https:\\\/\\\/brufaganya.cat\\\/2020\\\/celebrem-sant-magi-a-la-brufaganya\\\/\",\"name\":\"Celebrem Sant Mag\u00ed a la Brufaganya! &#187; Sant Mag\u00ed de la Brufaganya\",\"isPartOf\":{\"@id\":\"https:\\\/\\\/brufaganya.cat\\\/2020\\\/#website\"},\"primaryImageOfPage\":{\"@id\":\"https:\\\/\\\/brufaganya.cat\\\/2020\\\/celebrem-sant-magi-a-la-brufaganya\\\/#primaryimage\"},\"image\":{\"@id\":\"https:\\\/\\\/brufaganya.cat\\\/2020\\\/celebrem-sant-magi-a-la-brufaganya\\\/#primaryimage\"},\"thumbnailUrl\":\"https:\\\/\\\/brufaganya.cat\\\/2020\\\/wp-content\\\/uploads\\\/2020\\\/07\\\/pla\u00e7aMG_3853-1024x682.jpg\",\"datePublished\":\"2022-08-18T11:36:20+00:00\",\"dateModified\":\"2022-08-18T12:07:59+00:00\",\"breadcrumb\":{\"@id\":\"https:\\\/\\\/brufaganya.cat\\\/2020\\\/celebrem-sant-magi-a-la-brufaganya\\\/#breadcrumb\"},\"inLanguage\":\"ca\",\"potentialAction\":[{\"@type\":\"ReadAction\",\"target\":[\"https:\\\/\\\/brufaganya.cat\\\/2020\\\/celebrem-sant-magi-a-la-brufaganya\\\/\"]}]},{\"@type\":\"ImageObject\",\"inLanguage\":\"ca\",\"@id\":\"https:\\\/\\\/brufaganya.cat\\\/2020\\\/celebrem-sant-magi-a-la-brufaganya\\\/#primaryimage\",\"url\":\"https:\\\/\\\/brufaganya.cat\\\/2020\\\/wp-content\\\/uploads\\\/2020\\\/07\\\/pla\u00e7aMG_3853-1024x682.jpg\",\"contentUrl\":\"https:\\\/\\\/brufaganya.cat\\\/2020\\\/wp-content\\\/uploads\\\/2020\\\/07\\\/pla\u00e7aMG_3853-1024x682.jpg\",\"width\":1024,\"height\":682,\"caption\":\"PATRIMONI: Santuari\"},{\"@type\":\"BreadcrumbList\",\"@id\":\"https:\\\/\\\/brufaganya.cat\\\/2020\\\/celebrem-sant-magi-a-la-brufaganya\\\/#breadcrumb\",\"itemListElement\":[{\"@type\":\"ListItem\",\"position\":1,\"name\":\"Inici\",\"item\":\"https:\\\/\\\/brufaganya.cat\\\/2020\\\/\"},{\"@type\":\"ListItem\",\"position\":2,\"name\":\"Celebrem Sant Mag\u00ed a la Brufaganya!\"}]},{\"@type\":\"WebSite\",\"@id\":\"https:\\\/\\\/brufaganya.cat\\\/2020\\\/#website\",\"url\":\"https:\\\/\\\/brufaganya.cat\\\/2020\\\/\",\"name\":\"Sant Mag\u00ed de la Brufaganya\",\"description\":\"Lloc web de Sant Mag\u00ed de la Brufaganya\",\"publisher\":{\"@id\":\"https:\\\/\\\/brufaganya.cat\\\/2020\\\/#organization\"},\"potentialAction\":[{\"@type\":\"SearchAction\",\"target\":{\"@type\":\"EntryPoint\",\"urlTemplate\":\"https:\\\/\\\/brufaganya.cat\\\/2020\\\/?s={search_term_string}\"},\"query-input\":{\"@type\":\"PropertyValueSpecification\",\"valueRequired\":true,\"valueName\":\"search_term_string\"}}],\"inLanguage\":\"ca\"},{\"@type\":\"Organization\",\"@id\":\"https:\\\/\\\/brufaganya.cat\\\/2020\\\/#organization\",\"name\":\"Sant Mag\u00ed de Brufaganya\",\"url\":\"https:\\\/\\\/brufaganya.cat\\\/2020\\\/\",\"logo\":{\"@type\":\"ImageObject\",\"inLanguage\":\"ca\",\"@id\":\"https:\\\/\\\/brufaganya.cat\\\/2020\\\/#\\\/schema\\\/logo\\\/image\\\/\",\"url\":\"https:\\\/\\\/brufaganya.cat\\\/2020\\\/wp-content\\\/uploads\\\/2018\\\/11\\\/st_marti_bruga_horitz_posi_logo.jpg\",\"contentUrl\":\"https:\\\/\\\/brufaganya.cat\\\/2020\\\/wp-content\\\/uploads\\\/2018\\\/11\\\/st_marti_bruga_horitz_posi_logo.jpg\",\"width\":1479,\"height\":804,\"caption\":\"Sant Mag\u00ed de Brufaganya\"},\"image\":{\"@id\":\"https:\\\/\\\/brufaganya.cat\\\/2020\\\/#\\\/schema\\\/logo\\\/image\\\/\"},\"sameAs\":[\"https:\\\/\\\/ca.wikipedia.org\\\/wiki\\\/Sant_Mag\u00ed_de_Brufaganya\"]},{\"@type\":\"Person\",\"@id\":\"https:\\\/\\\/brufaganya.cat\\\/2020\\\/#\\\/schema\\\/person\\\/cd383ee397867b5182d1cf80b8c2e95c\",\"name\":\"Rita Armejach Carreras\",\"image\":{\"@type\":\"ImageObject\",\"inLanguage\":\"ca\",\"@id\":\"https:\\\/\\\/secure.gravatar.com\\\/avatar\\\/9dd6e49c4c61c4e14defcbf48211c55e6d268a4486cf9f5cef1b53148943d71d?s=96&d=mm&r=g\",\"url\":\"https:\\\/\\\/secure.gravatar.com\\\/avatar\\\/9dd6e49c4c61c4e14defcbf48211c55e6d268a4486cf9f5cef1b53148943d71d?s=96&d=mm&r=g\",\"contentUrl\":\"https:\\\/\\\/secure.gravatar.com\\\/avatar\\\/9dd6e49c4c61c4e14defcbf48211c55e6d268a4486cf9f5cef1b53148943d71d?s=96&d=mm&r=g\",\"caption\":\"Rita Armejach Carreras\"},\"url\":\"https:\\\/\\\/brufaganya.cat\\\/2020\\\/author\\\/rarmejach\\\/\"}]}<\/script>\n<!-- \/ Yoast SEO plugin. -->","yoast_head_json":{"title":"Celebrem Sant Mag\u00ed a la Brufaganya! &#187; Sant Mag\u00ed de la Brufaganya","robots":{"index":"index","follow":"follow","max-snippet":"max-snippet:-1","max-image-preview":"max-image-preview:large","max-video-preview":"max-video-preview:-1"},"canonical":"https:\/\/brufaganya.cat\/2020\/celebrem-sant-magi-a-la-brufaganya\/","og_locale":"ca_ES","og_type":"article","og_title":"Celebrem Sant Mag\u00ed a la Brufaganya! &#187; Sant Mag\u00ed de la Brufaganya","og_description":"Dem\u00e0 \u00e9s festa grossa a Sant Mag\u00ed. El dia 19 d&#8217;agost el santoral commemora l&#8217;eremita que segons la tradici\u00f3, als voltants del segle III va ser mort pels soldats romans [&hellip;]","og_url":"https:\/\/brufaganya.cat\/2020\/celebrem-sant-magi-a-la-brufaganya\/","og_site_name":"Sant Mag\u00ed de la Brufaganya","article_published_time":"2022-08-18T11:36:20+00:00","article_modified_time":"2022-08-18T12:07:59+00:00","og_image":[{"width":1024,"height":682,"url":"https:\/\/brufaganya.cat\/2020\/wp-content\/uploads\/2020\/07\/pla\u00e7aMG_3853-1024x682.jpg","type":"image\/jpeg"}],"author":"Rita Armejach Carreras","twitter_card":"summary_large_image","twitter_misc":{"Escrit per":"Rita Armejach Carreras","Temps estimat de lectura":"2 minuts"},"schema":{"@context":"https:\/\/schema.org","@graph":[{"@type":"Article","@id":"https:\/\/brufaganya.cat\/2020\/celebrem-sant-magi-a-la-brufaganya\/#article","isPartOf":{"@id":"https:\/\/brufaganya.cat\/2020\/celebrem-sant-magi-a-la-brufaganya\/"},"author":{"name":"Rita Armejach Carreras","@id":"https:\/\/brufaganya.cat\/2020\/#\/schema\/person\/cd383ee397867b5182d1cf80b8c2e95c"},"headline":"Celebrem Sant Mag\u00ed a la Brufaganya!","datePublished":"2022-08-18T11:36:20+00:00","dateModified":"2022-08-18T12:07:59+00:00","mainEntityOfPage":{"@id":"https:\/\/brufaganya.cat\/2020\/celebrem-sant-magi-a-la-brufaganya\/"},"wordCount":245,"commentCount":0,"publisher":{"@id":"https:\/\/brufaganya.cat\/2020\/#organization"},"image":{"@id":"https:\/\/brufaganya.cat\/2020\/celebrem-sant-magi-a-la-brufaganya\/#primaryimage"},"thumbnailUrl":"https:\/\/brufaganya.cat\/2020\/wp-content\/uploads\/2020\/07\/pla\u00e7aMG_3853-1024x682.jpg","articleSection":["Not\u00edcies","Tradicions religioses"],"inLanguage":"ca","potentialAction":[{"@type":"CommentAction","name":"Comment","target":["https:\/\/brufaganya.cat\/2020\/celebrem-sant-magi-a-la-brufaganya\/#respond"]}]},{"@type":"WebPage","@id":"https:\/\/brufaganya.cat\/2020\/celebrem-sant-magi-a-la-brufaganya\/","url":"https:\/\/brufaganya.cat\/2020\/celebrem-sant-magi-a-la-brufaganya\/","name":"Celebrem Sant Mag\u00ed a la Brufaganya! &#187; Sant Mag\u00ed de la Brufaganya","isPartOf":{"@id":"https:\/\/brufaganya.cat\/2020\/#website"},"primaryImageOfPage":{"@id":"https:\/\/brufaganya.cat\/2020\/celebrem-sant-magi-a-la-brufaganya\/#primaryimage"},"image":{"@id":"https:\/\/brufaganya.cat\/2020\/celebrem-sant-magi-a-la-brufaganya\/#primaryimage"},"thumbnailUrl":"https:\/\/brufaganya.cat\/2020\/wp-content\/uploads\/2020\/07\/pla\u00e7aMG_3853-1024x682.jpg","datePublished":"2022-08-18T11:36:20+00:00","dateModified":"2022-08-18T12:07:59+00:00","breadcrumb":{"@id":"https:\/\/brufaganya.cat\/2020\/celebrem-sant-magi-a-la-brufaganya\/#breadcrumb"},"inLanguage":"ca","potentialAction":[{"@type":"ReadAction","target":["https:\/\/brufaganya.cat\/2020\/celebrem-sant-magi-a-la-brufaganya\/"]}]},{"@type":"ImageObject","inLanguage":"ca","@id":"https:\/\/brufaganya.cat\/2020\/celebrem-sant-magi-a-la-brufaganya\/#primaryimage","url":"https:\/\/brufaganya.cat\/2020\/wp-content\/uploads\/2020\/07\/pla\u00e7aMG_3853-1024x682.jpg","contentUrl":"https:\/\/brufaganya.cat\/2020\/wp-content\/uploads\/2020\/07\/pla\u00e7aMG_3853-1024x682.jpg","width":1024,"height":682,"caption":"PATRIMONI: Santuari"},{"@type":"BreadcrumbList","@id":"https:\/\/brufaganya.cat\/2020\/celebrem-sant-magi-a-la-brufaganya\/#breadcrumb","itemListElement":[{"@type":"ListItem","position":1,"name":"Inici","item":"https:\/\/brufaganya.cat\/2020\/"},{"@type":"ListItem","position":2,"name":"Celebrem Sant Mag\u00ed a la Brufaganya!"}]},{"@type":"WebSite","@id":"https:\/\/brufaganya.cat\/2020\/#website","url":"https:\/\/brufaganya.cat\/2020\/","name":"Sant Mag\u00ed de la Brufaganya","description":"Lloc web de Sant Mag\u00ed de la Brufaganya","publisher":{"@id":"https:\/\/brufaganya.cat\/2020\/#organization"},"potentialAction":[{"@type":"SearchAction","target":{"@type":"EntryPoint","urlTemplate":"https:\/\/brufaganya.cat\/2020\/?s={search_term_string}"},"query-input":{"@type":"PropertyValueSpecification","valueRequired":true,"valueName":"search_term_string"}}],"inLanguage":"ca"},{"@type":"Organization","@id":"https:\/\/brufaganya.cat\/2020\/#organization","name":"Sant Mag\u00ed de Brufaganya","url":"https:\/\/brufaganya.cat\/2020\/","logo":{"@type":"ImageObject","inLanguage":"ca","@id":"https:\/\/brufaganya.cat\/2020\/#\/schema\/logo\/image\/","url":"https:\/\/brufaganya.cat\/2020\/wp-content\/uploads\/2018\/11\/st_marti_bruga_horitz_posi_logo.jpg","contentUrl":"https:\/\/brufaganya.cat\/2020\/wp-content\/uploads\/2018\/11\/st_marti_bruga_horitz_posi_logo.jpg","width":1479,"height":804,"caption":"Sant Mag\u00ed de Brufaganya"},"image":{"@id":"https:\/\/brufaganya.cat\/2020\/#\/schema\/logo\/image\/"},"sameAs":["https:\/\/ca.wikipedia.org\/wiki\/Sant_Mag\u00ed_de_Brufaganya"]},{"@type":"Person","@id":"https:\/\/brufaganya.cat\/2020\/#\/schema\/person\/cd383ee397867b5182d1cf80b8c2e95c","name":"Rita Armejach Carreras","image":{"@type":"ImageObject","inLanguage":"ca","@id":"https:\/\/secure.gravatar.com\/avatar\/9dd6e49c4c61c4e14defcbf48211c55e6d268a4486cf9f5cef1b53148943d71d?s=96&d=mm&r=g","url":"https:\/\/secure.gravatar.com\/avatar\/9dd6e49c4c61c4e14defcbf48211c55e6d268a4486cf9f5cef1b53148943d71d?s=96&d=mm&r=g","contentUrl":"https:\/\/secure.gravatar.com\/avatar\/9dd6e49c4c61c4e14defcbf48211c55e6d268a4486cf9f5cef1b53148943d71d?s=96&d=mm&r=g","caption":"Rita Armejach Carreras"},"url":"https:\/\/brufaganya.cat\/2020\/author\/rarmejach\/"}]}},"_links":{"self":[{"href":"https:\/\/brufaganya.cat\/2020\/wp-json\/wp\/v2\/posts\/6954","targetHints":{"allow":["GET"]}}],"collection":[{"href":"https:\/\/brufaganya.cat\/2020\/wp-json\/wp\/v2\/posts"}],"about":[{"href":"https:\/\/brufaganya.cat\/2020\/wp-json\/wp\/v2\/types\/post"}],"author":[{"embeddable":true,"href":"https:\/\/brufaganya.cat\/2020\/wp-json\/wp\/v2\/users\/105"}],"replies":[{"embeddable":true,"href":"https:\/\/brufaganya.cat\/2020\/wp-json\/wp\/v2\/comments?post=6954"}],"version-history":[{"count":0,"href":"https:\/\/brufaganya.cat\/2020\/wp-json\/wp\/v2\/posts\/6954\/revisions"}],"wp:featuredmedia":[{"embeddable":true,"href":"https:\/\/brufaganya.cat\/2020\/wp-json\/wp\/v2\/media\/5424"}],"wp:attachment":[{"href":"https:\/\/brufaganya.cat\/2020\/wp-json\/wp\/v2\/media?parent=6954"}],"wp:term":[{"taxonomy":"category","embeddable":true,"href":"https:\/\/brufaganya.cat\/2020\/wp-json\/wp\/v2\/categories?post=6954"},{"taxonomy":"post_tag","embeddable":true,"href":"https:\/\/brufaganya.cat\/2020\/wp-json\/wp\/v2\/tags?post=6954"}],"curies":[{"name":"wp","href":"https:\/\/api.w.org\/{rel}","templated":true}]}}