{"id":6873,"date":"2022-06-30T07:46:21","date_gmt":"2022-06-30T05:46:21","guid":{"rendered":"https:\/\/brufaganya.cat\/2020\/?p=6873"},"modified":"2022-06-30T07:46:21","modified_gmt":"2022-06-30T05:46:21","slug":"dia-de-treball-voluntari-a-sant-magi","status":"publish","type":"post","link":"https:\/\/brufaganya.cat\/2020\/dia-de-treball-voluntari-a-sant-magi\/","title":{"rendered":"DIA DE TREBALL VOLUNTARI A SANT MAG\u00cd"},"content":{"rendered":"<p>&nbsp;<\/p>\n<p>Una vegada mes ens trobarem a Sant Mag\u00ed el proper diumenge dia 3 de juliol per fer treballs de voluntariat. Seran treballs a l&#8217;abast de qualsevol persona amb un m\u00ednim estat de forma i sense risc d&#8217;accidents.<\/p>\n<p><img loading=\"lazy\" decoding=\"async\" class=\"size-medium wp-image-6317 alignleft\" src=\"https:\/\/brufaganya.cat\/2020\/wp-content\/uploads\/2021\/08\/butifarra-300x200.jpg\" alt=\"\" width=\"300\" height=\"200\" srcset=\"https:\/\/brufaganya.cat\/2020\/wp-content\/uploads\/2021\/08\/butifarra-300x200.jpg 300w, https:\/\/brufaganya.cat\/2020\/wp-content\/uploads\/2021\/08\/butifarra-1024x683.jpg 1024w, https:\/\/brufaganya.cat\/2020\/wp-content\/uploads\/2021\/08\/butifarra-768x512.jpg 768w, https:\/\/brufaganya.cat\/2020\/wp-content\/uploads\/2021\/08\/butifarra.jpg 1479w\" sizes=\"auto, (max-width: 300px) 100vw, 300px\" \/>Si hi voleu participar nom\u00e9s cal que el dia 3 us presenteu a Sant Mag\u00ed i us rebrem amb els bra\u00e7os oberts. Hi podeu venir a partir de les 8 del mat\u00ed i cap a les 10 sempre fem un bon esmorzar.<\/p>\n","protected":false},"excerpt":{"rendered":"<p>&nbsp; Una vegada mes ens trobarem a Sant Mag\u00ed el proper diumenge dia 3 de juliol per fer treballs de voluntariat. Seran treballs a l&#8217;abast de qualsevol persona amb un [&hellip;]<\/p>\n","protected":false},"author":105,"featured_media":4092,"comment_status":"open","ping_status":"closed","sticky":false,"template":"","format":"standard","meta":{"inline_featured_image":false,"footnotes":""},"categories":[1,780],"tags":[],"class_list":["post-6873","post","type-post","status-publish","format-standard","has-post-thumbnail","hentry","category-noticies","category-patrimoni-arquitectonic"],"yoast_head":"<!-- This site is optimized with the Yoast SEO plugin v27.4 - https:\/\/yoast.com\/product\/yoast-seo-wordpress\/ -->\n<title>DIA DE TREBALL VOLUNTARI A SANT MAG\u00cd &#187; Sant Mag\u00ed de la Brufaganya<\/title>\n<meta name=\"robots\" content=\"index, follow, max-snippet:-1, max-image-preview:large, max-video-preview:-1\" \/>\n<link rel=\"canonical\" href=\"https:\/\/brufaganya.cat\/2020\/dia-de-treball-voluntari-a-sant-magi\/\" \/>\n<meta property=\"og:locale\" content=\"ca_ES\" \/>\n<meta property=\"og:type\" content=\"article\" \/>\n<meta property=\"og:title\" content=\"DIA DE TREBALL VOLUNTARI A SANT MAG\u00cd &#187; Sant Mag\u00ed de la Brufaganya\" \/>\n<meta property=\"og:description\" content=\"&nbsp; Una vegada mes ens trobarem a Sant Mag\u00ed el proper diumenge dia 3 de juliol per fer treballs de voluntariat. Seran treballs a l&#8217;abast de qualsevol persona amb un [&hellip;]\" \/>\n<meta property=\"og:url\" content=\"https:\/\/brufaganya.cat\/2020\/dia-de-treball-voluntari-a-sant-magi\/\" \/>\n<meta property=\"og:site_name\" content=\"Sant Mag\u00ed de la Brufaganya\" \/>\n<meta property=\"article:published_time\" content=\"2022-06-30T05:46:21+00:00\" \/>\n<meta property=\"og:image\" content=\"https:\/\/brufaganya.cat\/2020\/wp-content\/uploads\/2019\/04\/2019SMporta.jpg\" \/>\n\t<meta property=\"og:image:width\" content=\"225\" \/>\n\t<meta property=\"og:image:height\" content=\"225\" \/>\n\t<meta property=\"og:image:type\" content=\"image\/jpeg\" \/>\n<meta name=\"author\" content=\"Rita Armejach Carreras\" \/>\n<meta name=\"twitter:card\" content=\"summary_large_image\" \/>\n<meta name=\"twitter:label1\" content=\"Escrit per\" \/>\n\t<meta name=\"twitter:data1\" content=\"Rita Armejach Carreras\" \/>\n\t<meta name=\"twitter:label2\" content=\"Temps estimat de lectura\" \/>\n\t<meta name=\"twitter:data2\" content=\"1 minut\" \/>\n<script type=\"application\/ld+json\" class=\"yoast-schema-graph\">{\"@context\":\"https:\\\/\\\/schema.org\",\"@graph\":[{\"@type\":\"Article\",\"@id\":\"https:\\\/\\\/brufaganya.cat\\\/2020\\\/dia-de-treball-voluntari-a-sant-magi\\\/#article\",\"isPartOf\":{\"@id\":\"https:\\\/\\\/brufaganya.cat\\\/2020\\\/dia-de-treball-voluntari-a-sant-magi\\\/\"},\"author\":{\"name\":\"Rita Armejach Carreras\",\"@id\":\"https:\\\/\\\/brufaganya.cat\\\/2020\\\/#\\\/schema\\\/person\\\/cd383ee397867b5182d1cf80b8c2e95c\"},\"headline\":\"DIA DE TREBALL VOLUNTARI A SANT MAG\u00cd\",\"datePublished\":\"2022-06-30T05:46:21+00:00\",\"mainEntityOfPage\":{\"@id\":\"https:\\\/\\\/brufaganya.cat\\\/2020\\\/dia-de-treball-voluntari-a-sant-magi\\\/\"},\"wordCount\":86,\"commentCount\":0,\"publisher\":{\"@id\":\"https:\\\/\\\/brufaganya.cat\\\/2020\\\/#organization\"},\"image\":{\"@id\":\"https:\\\/\\\/brufaganya.cat\\\/2020\\\/dia-de-treball-voluntari-a-sant-magi\\\/#primaryimage\"},\"thumbnailUrl\":\"https:\\\/\\\/brufaganya.cat\\\/2020\\\/wp-content\\\/uploads\\\/2019\\\/04\\\/2019SMporta.jpg\",\"articleSection\":[\"Not\u00edcies\",\"Patrimoni arquitect\u00f2nic\"],\"inLanguage\":\"ca\",\"potentialAction\":[{\"@type\":\"CommentAction\",\"name\":\"Comment\",\"target\":[\"https:\\\/\\\/brufaganya.cat\\\/2020\\\/dia-de-treball-voluntari-a-sant-magi\\\/#respond\"]}]},{\"@type\":\"WebPage\",\"@id\":\"https:\\\/\\\/brufaganya.cat\\\/2020\\\/dia-de-treball-voluntari-a-sant-magi\\\/\",\"url\":\"https:\\\/\\\/brufaganya.cat\\\/2020\\\/dia-de-treball-voluntari-a-sant-magi\\\/\",\"name\":\"DIA DE TREBALL VOLUNTARI A SANT MAG\u00cd &#187; Sant Mag\u00ed de la Brufaganya\",\"isPartOf\":{\"@id\":\"https:\\\/\\\/brufaganya.cat\\\/2020\\\/#website\"},\"primaryImageOfPage\":{\"@id\":\"https:\\\/\\\/brufaganya.cat\\\/2020\\\/dia-de-treball-voluntari-a-sant-magi\\\/#primaryimage\"},\"image\":{\"@id\":\"https:\\\/\\\/brufaganya.cat\\\/2020\\\/dia-de-treball-voluntari-a-sant-magi\\\/#primaryimage\"},\"thumbnailUrl\":\"https:\\\/\\\/brufaganya.cat\\\/2020\\\/wp-content\\\/uploads\\\/2019\\\/04\\\/2019SMporta.jpg\",\"datePublished\":\"2022-06-30T05:46:21+00:00\",\"breadcrumb\":{\"@id\":\"https:\\\/\\\/brufaganya.cat\\\/2020\\\/dia-de-treball-voluntari-a-sant-magi\\\/#breadcrumb\"},\"inLanguage\":\"ca\",\"potentialAction\":[{\"@type\":\"ReadAction\",\"target\":[\"https:\\\/\\\/brufaganya.cat\\\/2020\\\/dia-de-treball-voluntari-a-sant-magi\\\/\"]}]},{\"@type\":\"ImageObject\",\"inLanguage\":\"ca\",\"@id\":\"https:\\\/\\\/brufaganya.cat\\\/2020\\\/dia-de-treball-voluntari-a-sant-magi\\\/#primaryimage\",\"url\":\"https:\\\/\\\/brufaganya.cat\\\/2020\\\/wp-content\\\/uploads\\\/2019\\\/04\\\/2019SMporta.jpg\",\"contentUrl\":\"https:\\\/\\\/brufaganya.cat\\\/2020\\\/wp-content\\\/uploads\\\/2019\\\/04\\\/2019SMporta.jpg\",\"width\":225,\"height\":225},{\"@type\":\"BreadcrumbList\",\"@id\":\"https:\\\/\\\/brufaganya.cat\\\/2020\\\/dia-de-treball-voluntari-a-sant-magi\\\/#breadcrumb\",\"itemListElement\":[{\"@type\":\"ListItem\",\"position\":1,\"name\":\"Inici\",\"item\":\"https:\\\/\\\/brufaganya.cat\\\/2020\\\/\"},{\"@type\":\"ListItem\",\"position\":2,\"name\":\"DIA DE TREBALL VOLUNTARI A SANT MAG\u00cd\"}]},{\"@type\":\"WebSite\",\"@id\":\"https:\\\/\\\/brufaganya.cat\\\/2020\\\/#website\",\"url\":\"https:\\\/\\\/brufaganya.cat\\\/2020\\\/\",\"name\":\"Sant Mag\u00ed de la Brufaganya\",\"description\":\"Lloc web de Sant Mag\u00ed de la Brufaganya\",\"publisher\":{\"@id\":\"https:\\\/\\\/brufaganya.cat\\\/2020\\\/#organization\"},\"potentialAction\":[{\"@type\":\"SearchAction\",\"target\":{\"@type\":\"EntryPoint\",\"urlTemplate\":\"https:\\\/\\\/brufaganya.cat\\\/2020\\\/?s={search_term_string}\"},\"query-input\":{\"@type\":\"PropertyValueSpecification\",\"valueRequired\":true,\"valueName\":\"search_term_string\"}}],\"inLanguage\":\"ca\"},{\"@type\":\"Organization\",\"@id\":\"https:\\\/\\\/brufaganya.cat\\\/2020\\\/#organization\",\"name\":\"Sant Mag\u00ed de Brufaganya\",\"url\":\"https:\\\/\\\/brufaganya.cat\\\/2020\\\/\",\"logo\":{\"@type\":\"ImageObject\",\"inLanguage\":\"ca\",\"@id\":\"https:\\\/\\\/brufaganya.cat\\\/2020\\\/#\\\/schema\\\/logo\\\/image\\\/\",\"url\":\"https:\\\/\\\/brufaganya.cat\\\/2020\\\/wp-content\\\/uploads\\\/2018\\\/11\\\/st_marti_bruga_horitz_posi_logo.jpg\",\"contentUrl\":\"https:\\\/\\\/brufaganya.cat\\\/2020\\\/wp-content\\\/uploads\\\/2018\\\/11\\\/st_marti_bruga_horitz_posi_logo.jpg\",\"width\":1479,\"height\":804,\"caption\":\"Sant Mag\u00ed de Brufaganya\"},\"image\":{\"@id\":\"https:\\\/\\\/brufaganya.cat\\\/2020\\\/#\\\/schema\\\/logo\\\/image\\\/\"},\"sameAs\":[\"https:\\\/\\\/ca.wikipedia.org\\\/wiki\\\/Sant_Mag\u00ed_de_Brufaganya\"]},{\"@type\":\"Person\",\"@id\":\"https:\\\/\\\/brufaganya.cat\\\/2020\\\/#\\\/schema\\\/person\\\/cd383ee397867b5182d1cf80b8c2e95c\",\"name\":\"Rita Armejach Carreras\",\"image\":{\"@type\":\"ImageObject\",\"inLanguage\":\"ca\",\"@id\":\"https:\\\/\\\/secure.gravatar.com\\\/avatar\\\/9dd6e49c4c61c4e14defcbf48211c55e6d268a4486cf9f5cef1b53148943d71d?s=96&d=mm&r=g\",\"url\":\"https:\\\/\\\/secure.gravatar.com\\\/avatar\\\/9dd6e49c4c61c4e14defcbf48211c55e6d268a4486cf9f5cef1b53148943d71d?s=96&d=mm&r=g\",\"contentUrl\":\"https:\\\/\\\/secure.gravatar.com\\\/avatar\\\/9dd6e49c4c61c4e14defcbf48211c55e6d268a4486cf9f5cef1b53148943d71d?s=96&d=mm&r=g\",\"caption\":\"Rita Armejach Carreras\"},\"url\":\"https:\\\/\\\/brufaganya.cat\\\/2020\\\/author\\\/rarmejach\\\/\"}]}<\/script>\n<!-- \/ Yoast SEO plugin. -->","yoast_head_json":{"title":"DIA DE TREBALL VOLUNTARI A SANT MAG\u00cd &#187; Sant Mag\u00ed de la Brufaganya","robots":{"index":"index","follow":"follow","max-snippet":"max-snippet:-1","max-image-preview":"max-image-preview:large","max-video-preview":"max-video-preview:-1"},"canonical":"https:\/\/brufaganya.cat\/2020\/dia-de-treball-voluntari-a-sant-magi\/","og_locale":"ca_ES","og_type":"article","og_title":"DIA DE TREBALL VOLUNTARI A SANT MAG\u00cd &#187; Sant Mag\u00ed de la Brufaganya","og_description":"&nbsp; Una vegada mes ens trobarem a Sant Mag\u00ed el proper diumenge dia 3 de juliol per fer treballs de voluntariat. Seran treballs a l&#8217;abast de qualsevol persona amb un [&hellip;]","og_url":"https:\/\/brufaganya.cat\/2020\/dia-de-treball-voluntari-a-sant-magi\/","og_site_name":"Sant Mag\u00ed de la Brufaganya","article_published_time":"2022-06-30T05:46:21+00:00","og_image":[{"width":225,"height":225,"url":"https:\/\/brufaganya.cat\/2020\/wp-content\/uploads\/2019\/04\/2019SMporta.jpg","type":"image\/jpeg"}],"author":"Rita Armejach Carreras","twitter_card":"summary_large_image","twitter_misc":{"Escrit per":"Rita Armejach Carreras","Temps estimat de lectura":"1 minut"},"schema":{"@context":"https:\/\/schema.org","@graph":[{"@type":"Article","@id":"https:\/\/brufaganya.cat\/2020\/dia-de-treball-voluntari-a-sant-magi\/#article","isPartOf":{"@id":"https:\/\/brufaganya.cat\/2020\/dia-de-treball-voluntari-a-sant-magi\/"},"author":{"name":"Rita Armejach Carreras","@id":"https:\/\/brufaganya.cat\/2020\/#\/schema\/person\/cd383ee397867b5182d1cf80b8c2e95c"},"headline":"DIA DE TREBALL VOLUNTARI A SANT MAG\u00cd","datePublished":"2022-06-30T05:46:21+00:00","mainEntityOfPage":{"@id":"https:\/\/brufaganya.cat\/2020\/dia-de-treball-voluntari-a-sant-magi\/"},"wordCount":86,"commentCount":0,"publisher":{"@id":"https:\/\/brufaganya.cat\/2020\/#organization"},"image":{"@id":"https:\/\/brufaganya.cat\/2020\/dia-de-treball-voluntari-a-sant-magi\/#primaryimage"},"thumbnailUrl":"https:\/\/brufaganya.cat\/2020\/wp-content\/uploads\/2019\/04\/2019SMporta.jpg","articleSection":["Not\u00edcies","Patrimoni arquitect\u00f2nic"],"inLanguage":"ca","potentialAction":[{"@type":"CommentAction","name":"Comment","target":["https:\/\/brufaganya.cat\/2020\/dia-de-treball-voluntari-a-sant-magi\/#respond"]}]},{"@type":"WebPage","@id":"https:\/\/brufaganya.cat\/2020\/dia-de-treball-voluntari-a-sant-magi\/","url":"https:\/\/brufaganya.cat\/2020\/dia-de-treball-voluntari-a-sant-magi\/","name":"DIA DE TREBALL VOLUNTARI A SANT MAG\u00cd &#187; Sant Mag\u00ed de la Brufaganya","isPartOf":{"@id":"https:\/\/brufaganya.cat\/2020\/#website"},"primaryImageOfPage":{"@id":"https:\/\/brufaganya.cat\/2020\/dia-de-treball-voluntari-a-sant-magi\/#primaryimage"},"image":{"@id":"https:\/\/brufaganya.cat\/2020\/dia-de-treball-voluntari-a-sant-magi\/#primaryimage"},"thumbnailUrl":"https:\/\/brufaganya.cat\/2020\/wp-content\/uploads\/2019\/04\/2019SMporta.jpg","datePublished":"2022-06-30T05:46:21+00:00","breadcrumb":{"@id":"https:\/\/brufaganya.cat\/2020\/dia-de-treball-voluntari-a-sant-magi\/#breadcrumb"},"inLanguage":"ca","potentialAction":[{"@type":"ReadAction","target":["https:\/\/brufaganya.cat\/2020\/dia-de-treball-voluntari-a-sant-magi\/"]}]},{"@type":"ImageObject","inLanguage":"ca","@id":"https:\/\/brufaganya.cat\/2020\/dia-de-treball-voluntari-a-sant-magi\/#primaryimage","url":"https:\/\/brufaganya.cat\/2020\/wp-content\/uploads\/2019\/04\/2019SMporta.jpg","contentUrl":"https:\/\/brufaganya.cat\/2020\/wp-content\/uploads\/2019\/04\/2019SMporta.jpg","width":225,"height":225},{"@type":"BreadcrumbList","@id":"https:\/\/brufaganya.cat\/2020\/dia-de-treball-voluntari-a-sant-magi\/#breadcrumb","itemListElement":[{"@type":"ListItem","position":1,"name":"Inici","item":"https:\/\/brufaganya.cat\/2020\/"},{"@type":"ListItem","position":2,"name":"DIA DE TREBALL VOLUNTARI A SANT MAG\u00cd"}]},{"@type":"WebSite","@id":"https:\/\/brufaganya.cat\/2020\/#website","url":"https:\/\/brufaganya.cat\/2020\/","name":"Sant Mag\u00ed de la Brufaganya","description":"Lloc web de Sant Mag\u00ed de la Brufaganya","publisher":{"@id":"https:\/\/brufaganya.cat\/2020\/#organization"},"potentialAction":[{"@type":"SearchAction","target":{"@type":"EntryPoint","urlTemplate":"https:\/\/brufaganya.cat\/2020\/?s={search_term_string}"},"query-input":{"@type":"PropertyValueSpecification","valueRequired":true,"valueName":"search_term_string"}}],"inLanguage":"ca"},{"@type":"Organization","@id":"https:\/\/brufaganya.cat\/2020\/#organization","name":"Sant Mag\u00ed de Brufaganya","url":"https:\/\/brufaganya.cat\/2020\/","logo":{"@type":"ImageObject","inLanguage":"ca","@id":"https:\/\/brufaganya.cat\/2020\/#\/schema\/logo\/image\/","url":"https:\/\/brufaganya.cat\/2020\/wp-content\/uploads\/2018\/11\/st_marti_bruga_horitz_posi_logo.jpg","contentUrl":"https:\/\/brufaganya.cat\/2020\/wp-content\/uploads\/2018\/11\/st_marti_bruga_horitz_posi_logo.jpg","width":1479,"height":804,"caption":"Sant Mag\u00ed de Brufaganya"},"image":{"@id":"https:\/\/brufaganya.cat\/2020\/#\/schema\/logo\/image\/"},"sameAs":["https:\/\/ca.wikipedia.org\/wiki\/Sant_Mag\u00ed_de_Brufaganya"]},{"@type":"Person","@id":"https:\/\/brufaganya.cat\/2020\/#\/schema\/person\/cd383ee397867b5182d1cf80b8c2e95c","name":"Rita Armejach Carreras","image":{"@type":"ImageObject","inLanguage":"ca","@id":"https:\/\/secure.gravatar.com\/avatar\/9dd6e49c4c61c4e14defcbf48211c55e6d268a4486cf9f5cef1b53148943d71d?s=96&d=mm&r=g","url":"https:\/\/secure.gravatar.com\/avatar\/9dd6e49c4c61c4e14defcbf48211c55e6d268a4486cf9f5cef1b53148943d71d?s=96&d=mm&r=g","contentUrl":"https:\/\/secure.gravatar.com\/avatar\/9dd6e49c4c61c4e14defcbf48211c55e6d268a4486cf9f5cef1b53148943d71d?s=96&d=mm&r=g","caption":"Rita Armejach Carreras"},"url":"https:\/\/brufaganya.cat\/2020\/author\/rarmejach\/"}]}},"_links":{"self":[{"href":"https:\/\/brufaganya.cat\/2020\/wp-json\/wp\/v2\/posts\/6873","targetHints":{"allow":["GET"]}}],"collection":[{"href":"https:\/\/brufaganya.cat\/2020\/wp-json\/wp\/v2\/posts"}],"about":[{"href":"https:\/\/brufaganya.cat\/2020\/wp-json\/wp\/v2\/types\/post"}],"author":[{"embeddable":true,"href":"https:\/\/brufaganya.cat\/2020\/wp-json\/wp\/v2\/users\/105"}],"replies":[{"embeddable":true,"href":"https:\/\/brufaganya.cat\/2020\/wp-json\/wp\/v2\/comments?post=6873"}],"version-history":[{"count":0,"href":"https:\/\/brufaganya.cat\/2020\/wp-json\/wp\/v2\/posts\/6873\/revisions"}],"wp:featuredmedia":[{"embeddable":true,"href":"https:\/\/brufaganya.cat\/2020\/wp-json\/wp\/v2\/media\/4092"}],"wp:attachment":[{"href":"https:\/\/brufaganya.cat\/2020\/wp-json\/wp\/v2\/media?parent=6873"}],"wp:term":[{"taxonomy":"category","embeddable":true,"href":"https:\/\/brufaganya.cat\/2020\/wp-json\/wp\/v2\/categories?post=6873"},{"taxonomy":"post_tag","embeddable":true,"href":"https:\/\/brufaganya.cat\/2020\/wp-json\/wp\/v2\/tags?post=6873"}],"curies":[{"name":"wp","href":"https:\/\/api.w.org\/{rel}","templated":true}]}}