{"id":6725,"date":"2022-04-29T10:12:36","date_gmt":"2022-04-29T08:12:36","guid":{"rendered":"https:\/\/brufaganya.cat\/2020\/?p=6725"},"modified":"2022-04-29T10:12:36","modified_gmt":"2022-04-29T08:12:36","slug":"a-santa-perpetua-benediccio-del-terme-i-ball-pla-de-sant-magi","status":"publish","type":"post","link":"https:\/\/brufaganya.cat\/2020\/a-santa-perpetua-benediccio-del-terme-i-ball-pla-de-sant-magi\/","title":{"rendered":"A Santa Perp\u00e8tua, benedicci\u00f3 del terme i  ball pla de Sant Mag\u00ed"},"content":{"rendered":"<figure id=\"attachment_5642\" aria-describedby=\"caption-attachment-5642\" style=\"width: 300px\" class=\"wp-caption alignright\"><img loading=\"lazy\" decoding=\"async\" class=\"wp-image-5642 size-medium\" src=\"https:\/\/brufaganya.cat\/2020\/wp-content\/uploads\/2020\/09\/aplecNena-300x251.jpeg\" alt=\"\" width=\"300\" height=\"251\" srcset=\"https:\/\/brufaganya.cat\/2020\/wp-content\/uploads\/2020\/09\/aplecNena-300x251.jpeg 300w, https:\/\/brufaganya.cat\/2020\/wp-content\/uploads\/2020\/09\/aplecNena-768x643.jpeg 768w, https:\/\/brufaganya.cat\/2020\/wp-content\/uploads\/2020\/09\/aplecNena.jpeg 1024w\" sizes=\"auto, (max-width: 300px) 100vw, 300px\" \/><figcaption id=\"caption-attachment-5642\" class=\"wp-caption-text\">La gegantessa Perp\u00e8tua.<\/figcaption><\/figure>\n<p>Aquest diumenge dia 1 de maig,\u00a0<span class=\"hiddenGreenError\" style=\"padding-bottom: 2px; background-image: url('..\/..\/..\/..\/..\/images\/squiggle_green.png'); background-repeat: repeat-x; background-position: left bottom; cursor: default; color: #000000; font-family: 'Open Sans', Helvetica, Arial, sans-serif; font-size: 16px; font-style: normal; font-variant-ligatures: normal; font-variant-caps: normal; font-weight: 300; letter-spacing: normal; orphans: 2; text-align: start; text-indent: 0px; text-transform: none; white-space: normal; widows: 2; word-spacing: 0px; -webkit-text-stroke-width: 0px; text-decoration-thickness: initial; text-decoration-style: initial; text-decoration-color: initial;\">es<\/span>\u00a0celebra <strong>la festa de la Santa Creu a Santa Perp\u00e8tua de Gai\u00e0<\/strong>. A partir de les\u00a0<span class=\"hiddenGrammarError\">12h<\/span>.\u00a0<span class=\"hiddenGrammarError\">s&#8217;<\/span>iniciar\u00e0 la process\u00f3 des del poble fins al peu de la creu de terme, davant de l&#8217;esgl\u00e9sia de <a href=\"https:\/\/encrypted-tbn0.gstatic.com\/images?q=tbn:ANd9GcSBE1ATVJT19GvRYVatpXjrtVYqb68lrNAa4Q&amp;usqp=CAU\">Santa Maria<\/a>, on es beneir\u00e0 el terme.<\/p>\n<p>Un cop retornats al poble ser\u00e0 el torn del ball de la gegantassa Perp\u00e8tua i la interpretaci\u00f3 del<strong> ball pla de Sant Mag\u00ed.<\/strong> Tamb\u00e9 es far\u00e0 la venda de les coques bene\u00efdes i hi ha la possibilitat de quedar-se a dinar previ av\u00eds.<\/p>\n<figure id=\"attachment_6642\" aria-describedby=\"caption-attachment-6642\" style=\"width: 300px\" class=\"wp-caption alignleft\"><img loading=\"lazy\" decoding=\"async\" class=\"wp-image-6642 size-medium\" src=\"https:\/\/brufaganya.cat\/2020\/wp-content\/uploads\/2022\/02\/DSC_6791-300x201.jpg\" alt=\"\" width=\"300\" height=\"201\" srcset=\"https:\/\/brufaganya.cat\/2020\/wp-content\/uploads\/2022\/02\/DSC_6791-300x201.jpg 300w, https:\/\/brufaganya.cat\/2020\/wp-content\/uploads\/2022\/02\/DSC_6791-1024x685.jpg 1024w, https:\/\/brufaganya.cat\/2020\/wp-content\/uploads\/2022\/02\/DSC_6791-768x514.jpg 768w, https:\/\/brufaganya.cat\/2020\/wp-content\/uploads\/2022\/02\/DSC_6791-1536x1028.jpg 1536w, https:\/\/brufaganya.cat\/2020\/wp-content\/uploads\/2022\/02\/DSC_6791.jpg 1600w\" sizes=\"auto, (max-width: 300px) 100vw, 300px\" \/><figcaption id=\"caption-attachment-6642\" class=\"wp-caption-text\">Ball Pla de Sant Mag\u00ed.<\/figcaption><\/figure>\n<p>I \u00e9s\u00a0tothom\u00a0convidat.<\/p>\n","protected":false},"excerpt":{"rendered":"<p>Aquest diumenge dia 1 de maig,\u00a0es\u00a0celebra la festa de la Santa Creu a Santa Perp\u00e8tua de Gai\u00e0. A partir de les\u00a012h.\u00a0s&#8217;iniciar\u00e0 la process\u00f3 des del poble fins al peu de [&hellip;]<\/p>\n","protected":false},"author":105,"featured_media":5588,"comment_status":"open","ping_status":"closed","sticky":false,"template":"","format":"standard","meta":{"inline_featured_image":false,"footnotes":""},"categories":[1,768],"tags":[],"class_list":["post-6725","post","type-post","status-publish","format-standard","has-post-thumbnail","hentry","category-noticies","category-tradicions-religioses"],"yoast_head":"<!-- This site is optimized with the Yoast SEO plugin v27.5 - https:\/\/yoast.com\/product\/yoast-seo-wordpress\/ -->\n<title>A Santa Perp\u00e8tua, benedicci\u00f3 del terme i ball pla de Sant Mag\u00ed &#187; Sant Mag\u00ed de la Brufaganya<\/title>\n<meta name=\"robots\" content=\"index, follow, max-snippet:-1, max-image-preview:large, max-video-preview:-1\" \/>\n<link rel=\"canonical\" href=\"https:\/\/brufaganya.cat\/2020\/a-santa-perpetua-benediccio-del-terme-i-ball-pla-de-sant-magi\/\" \/>\n<meta property=\"og:locale\" content=\"ca_ES\" \/>\n<meta property=\"og:type\" content=\"article\" \/>\n<meta property=\"og:title\" content=\"A Santa Perp\u00e8tua, benedicci\u00f3 del terme i ball pla de Sant Mag\u00ed &#187; Sant Mag\u00ed de la Brufaganya\" \/>\n<meta property=\"og:description\" content=\"Aquest diumenge dia 1 de maig,\u00a0es\u00a0celebra la festa de la Santa Creu a Santa Perp\u00e8tua de Gai\u00e0. A partir de les\u00a012h.\u00a0s&#8217;iniciar\u00e0 la process\u00f3 des del poble fins al peu de [&hellip;]\" \/>\n<meta property=\"og:url\" content=\"https:\/\/brufaganya.cat\/2020\/a-santa-perpetua-benediccio-del-terme-i-ball-pla-de-sant-magi\/\" \/>\n<meta property=\"og:site_name\" content=\"Sant Mag\u00ed de la Brufaganya\" \/>\n<meta property=\"article:published_time\" content=\"2022-04-29T08:12:36+00:00\" \/>\n<meta property=\"og:image\" content=\"https:\/\/brufaganya.cat\/2020\/wp-content\/uploads\/2020\/09\/staPerpetua.jpeg\" \/>\n\t<meta property=\"og:image:width\" content=\"1024\" \/>\n\t<meta property=\"og:image:height\" content=\"768\" \/>\n\t<meta property=\"og:image:type\" content=\"image\/jpeg\" \/>\n<meta name=\"author\" content=\"Rita Armejach Carreras\" \/>\n<meta name=\"twitter:card\" content=\"summary_large_image\" \/>\n<meta name=\"twitter:label1\" content=\"Escrit per\" \/>\n\t<meta name=\"twitter:data1\" content=\"Rita Armejach Carreras\" \/>\n\t<meta name=\"twitter:label2\" content=\"Temps estimat de lectura\" \/>\n\t<meta name=\"twitter:data2\" content=\"2 minuts\" \/>\n<script type=\"application\/ld+json\" class=\"yoast-schema-graph\">{\"@context\":\"https:\\\/\\\/schema.org\",\"@graph\":[{\"@type\":\"Article\",\"@id\":\"https:\\\/\\\/brufaganya.cat\\\/2020\\\/a-santa-perpetua-benediccio-del-terme-i-ball-pla-de-sant-magi\\\/#article\",\"isPartOf\":{\"@id\":\"https:\\\/\\\/brufaganya.cat\\\/2020\\\/a-santa-perpetua-benediccio-del-terme-i-ball-pla-de-sant-magi\\\/\"},\"author\":{\"name\":\"Rita Armejach Carreras\",\"@id\":\"https:\\\/\\\/brufaganya.cat\\\/2020\\\/#\\\/schema\\\/person\\\/cd383ee397867b5182d1cf80b8c2e95c\"},\"headline\":\"A Santa Perp\u00e8tua, benedicci\u00f3 del terme i ball pla de Sant Mag\u00ed\",\"datePublished\":\"2022-04-29T08:12:36+00:00\",\"mainEntityOfPage\":{\"@id\":\"https:\\\/\\\/brufaganya.cat\\\/2020\\\/a-santa-perpetua-benediccio-del-terme-i-ball-pla-de-sant-magi\\\/\"},\"wordCount\":136,\"commentCount\":0,\"publisher\":{\"@id\":\"https:\\\/\\\/brufaganya.cat\\\/2020\\\/#organization\"},\"image\":{\"@id\":\"https:\\\/\\\/brufaganya.cat\\\/2020\\\/a-santa-perpetua-benediccio-del-terme-i-ball-pla-de-sant-magi\\\/#primaryimage\"},\"thumbnailUrl\":\"https:\\\/\\\/brufaganya.cat\\\/2020\\\/wp-content\\\/uploads\\\/2020\\\/09\\\/staPerpetua.jpeg\",\"articleSection\":[\"Not\u00edcies\",\"Tradicions religioses\"],\"inLanguage\":\"ca\",\"potentialAction\":[{\"@type\":\"CommentAction\",\"name\":\"Comment\",\"target\":[\"https:\\\/\\\/brufaganya.cat\\\/2020\\\/a-santa-perpetua-benediccio-del-terme-i-ball-pla-de-sant-magi\\\/#respond\"]}]},{\"@type\":\"WebPage\",\"@id\":\"https:\\\/\\\/brufaganya.cat\\\/2020\\\/a-santa-perpetua-benediccio-del-terme-i-ball-pla-de-sant-magi\\\/\",\"url\":\"https:\\\/\\\/brufaganya.cat\\\/2020\\\/a-santa-perpetua-benediccio-del-terme-i-ball-pla-de-sant-magi\\\/\",\"name\":\"A Santa Perp\u00e8tua, benedicci\u00f3 del terme i ball pla de Sant Mag\u00ed &#187; Sant Mag\u00ed de la Brufaganya\",\"isPartOf\":{\"@id\":\"https:\\\/\\\/brufaganya.cat\\\/2020\\\/#website\"},\"primaryImageOfPage\":{\"@id\":\"https:\\\/\\\/brufaganya.cat\\\/2020\\\/a-santa-perpetua-benediccio-del-terme-i-ball-pla-de-sant-magi\\\/#primaryimage\"},\"image\":{\"@id\":\"https:\\\/\\\/brufaganya.cat\\\/2020\\\/a-santa-perpetua-benediccio-del-terme-i-ball-pla-de-sant-magi\\\/#primaryimage\"},\"thumbnailUrl\":\"https:\\\/\\\/brufaganya.cat\\\/2020\\\/wp-content\\\/uploads\\\/2020\\\/09\\\/staPerpetua.jpeg\",\"datePublished\":\"2022-04-29T08:12:36+00:00\",\"breadcrumb\":{\"@id\":\"https:\\\/\\\/brufaganya.cat\\\/2020\\\/a-santa-perpetua-benediccio-del-terme-i-ball-pla-de-sant-magi\\\/#breadcrumb\"},\"inLanguage\":\"ca\",\"potentialAction\":[{\"@type\":\"ReadAction\",\"target\":[\"https:\\\/\\\/brufaganya.cat\\\/2020\\\/a-santa-perpetua-benediccio-del-terme-i-ball-pla-de-sant-magi\\\/\"]}]},{\"@type\":\"ImageObject\",\"inLanguage\":\"ca\",\"@id\":\"https:\\\/\\\/brufaganya.cat\\\/2020\\\/a-santa-perpetua-benediccio-del-terme-i-ball-pla-de-sant-magi\\\/#primaryimage\",\"url\":\"https:\\\/\\\/brufaganya.cat\\\/2020\\\/wp-content\\\/uploads\\\/2020\\\/09\\\/staPerpetua.jpeg\",\"contentUrl\":\"https:\\\/\\\/brufaganya.cat\\\/2020\\\/wp-content\\\/uploads\\\/2020\\\/09\\\/staPerpetua.jpeg\",\"width\":1024,\"height\":768,\"caption\":\"Sta Perp\u00e8tua de Gaia. Foto. Tribus de la Segarra\"},{\"@type\":\"BreadcrumbList\",\"@id\":\"https:\\\/\\\/brufaganya.cat\\\/2020\\\/a-santa-perpetua-benediccio-del-terme-i-ball-pla-de-sant-magi\\\/#breadcrumb\",\"itemListElement\":[{\"@type\":\"ListItem\",\"position\":1,\"name\":\"Inici\",\"item\":\"https:\\\/\\\/brufaganya.cat\\\/2020\\\/\"},{\"@type\":\"ListItem\",\"position\":2,\"name\":\"A Santa Perp\u00e8tua, benedicci\u00f3 del terme i ball pla de Sant Mag\u00ed\"}]},{\"@type\":\"WebSite\",\"@id\":\"https:\\\/\\\/brufaganya.cat\\\/2020\\\/#website\",\"url\":\"https:\\\/\\\/brufaganya.cat\\\/2020\\\/\",\"name\":\"Sant Mag\u00ed de la Brufaganya\",\"description\":\"Lloc web de Sant Mag\u00ed de la Brufaganya\",\"publisher\":{\"@id\":\"https:\\\/\\\/brufaganya.cat\\\/2020\\\/#organization\"},\"potentialAction\":[{\"@type\":\"SearchAction\",\"target\":{\"@type\":\"EntryPoint\",\"urlTemplate\":\"https:\\\/\\\/brufaganya.cat\\\/2020\\\/?s={search_term_string}\"},\"query-input\":{\"@type\":\"PropertyValueSpecification\",\"valueRequired\":true,\"valueName\":\"search_term_string\"}}],\"inLanguage\":\"ca\"},{\"@type\":\"Organization\",\"@id\":\"https:\\\/\\\/brufaganya.cat\\\/2020\\\/#organization\",\"name\":\"Sant Mag\u00ed de Brufaganya\",\"url\":\"https:\\\/\\\/brufaganya.cat\\\/2020\\\/\",\"logo\":{\"@type\":\"ImageObject\",\"inLanguage\":\"ca\",\"@id\":\"https:\\\/\\\/brufaganya.cat\\\/2020\\\/#\\\/schema\\\/logo\\\/image\\\/\",\"url\":\"https:\\\/\\\/brufaganya.cat\\\/2020\\\/wp-content\\\/uploads\\\/2018\\\/11\\\/st_marti_bruga_horitz_posi_logo.jpg\",\"contentUrl\":\"https:\\\/\\\/brufaganya.cat\\\/2020\\\/wp-content\\\/uploads\\\/2018\\\/11\\\/st_marti_bruga_horitz_posi_logo.jpg\",\"width\":1479,\"height\":804,\"caption\":\"Sant Mag\u00ed de Brufaganya\"},\"image\":{\"@id\":\"https:\\\/\\\/brufaganya.cat\\\/2020\\\/#\\\/schema\\\/logo\\\/image\\\/\"},\"sameAs\":[\"https:\\\/\\\/ca.wikipedia.org\\\/wiki\\\/Sant_Mag\u00ed_de_Brufaganya\"]},{\"@type\":\"Person\",\"@id\":\"https:\\\/\\\/brufaganya.cat\\\/2020\\\/#\\\/schema\\\/person\\\/cd383ee397867b5182d1cf80b8c2e95c\",\"name\":\"Rita Armejach Carreras\",\"image\":{\"@type\":\"ImageObject\",\"inLanguage\":\"ca\",\"@id\":\"https:\\\/\\\/secure.gravatar.com\\\/avatar\\\/9dd6e49c4c61c4e14defcbf48211c55e6d268a4486cf9f5cef1b53148943d71d?s=96&d=mm&r=g\",\"url\":\"https:\\\/\\\/secure.gravatar.com\\\/avatar\\\/9dd6e49c4c61c4e14defcbf48211c55e6d268a4486cf9f5cef1b53148943d71d?s=96&d=mm&r=g\",\"contentUrl\":\"https:\\\/\\\/secure.gravatar.com\\\/avatar\\\/9dd6e49c4c61c4e14defcbf48211c55e6d268a4486cf9f5cef1b53148943d71d?s=96&d=mm&r=g\",\"caption\":\"Rita Armejach Carreras\"},\"url\":\"https:\\\/\\\/brufaganya.cat\\\/2020\\\/author\\\/rarmejach\\\/\"}]}<\/script>\n<!-- \/ Yoast SEO plugin. -->","yoast_head_json":{"title":"A Santa Perp\u00e8tua, benedicci\u00f3 del terme i ball pla de Sant Mag\u00ed &#187; Sant Mag\u00ed de la Brufaganya","robots":{"index":"index","follow":"follow","max-snippet":"max-snippet:-1","max-image-preview":"max-image-preview:large","max-video-preview":"max-video-preview:-1"},"canonical":"https:\/\/brufaganya.cat\/2020\/a-santa-perpetua-benediccio-del-terme-i-ball-pla-de-sant-magi\/","og_locale":"ca_ES","og_type":"article","og_title":"A Santa Perp\u00e8tua, benedicci\u00f3 del terme i ball pla de Sant Mag\u00ed &#187; Sant Mag\u00ed de la Brufaganya","og_description":"Aquest diumenge dia 1 de maig,\u00a0es\u00a0celebra la festa de la Santa Creu a Santa Perp\u00e8tua de Gai\u00e0. A partir de les\u00a012h.\u00a0s&#8217;iniciar\u00e0 la process\u00f3 des del poble fins al peu de [&hellip;]","og_url":"https:\/\/brufaganya.cat\/2020\/a-santa-perpetua-benediccio-del-terme-i-ball-pla-de-sant-magi\/","og_site_name":"Sant Mag\u00ed de la Brufaganya","article_published_time":"2022-04-29T08:12:36+00:00","og_image":[{"width":1024,"height":768,"url":"https:\/\/brufaganya.cat\/2020\/wp-content\/uploads\/2020\/09\/staPerpetua.jpeg","type":"image\/jpeg"}],"author":"Rita Armejach Carreras","twitter_card":"summary_large_image","twitter_misc":{"Escrit per":"Rita Armejach Carreras","Temps estimat de lectura":"2 minuts"},"schema":{"@context":"https:\/\/schema.org","@graph":[{"@type":"Article","@id":"https:\/\/brufaganya.cat\/2020\/a-santa-perpetua-benediccio-del-terme-i-ball-pla-de-sant-magi\/#article","isPartOf":{"@id":"https:\/\/brufaganya.cat\/2020\/a-santa-perpetua-benediccio-del-terme-i-ball-pla-de-sant-magi\/"},"author":{"name":"Rita Armejach Carreras","@id":"https:\/\/brufaganya.cat\/2020\/#\/schema\/person\/cd383ee397867b5182d1cf80b8c2e95c"},"headline":"A Santa Perp\u00e8tua, benedicci\u00f3 del terme i ball pla de Sant Mag\u00ed","datePublished":"2022-04-29T08:12:36+00:00","mainEntityOfPage":{"@id":"https:\/\/brufaganya.cat\/2020\/a-santa-perpetua-benediccio-del-terme-i-ball-pla-de-sant-magi\/"},"wordCount":136,"commentCount":0,"publisher":{"@id":"https:\/\/brufaganya.cat\/2020\/#organization"},"image":{"@id":"https:\/\/brufaganya.cat\/2020\/a-santa-perpetua-benediccio-del-terme-i-ball-pla-de-sant-magi\/#primaryimage"},"thumbnailUrl":"https:\/\/brufaganya.cat\/2020\/wp-content\/uploads\/2020\/09\/staPerpetua.jpeg","articleSection":["Not\u00edcies","Tradicions religioses"],"inLanguage":"ca","potentialAction":[{"@type":"CommentAction","name":"Comment","target":["https:\/\/brufaganya.cat\/2020\/a-santa-perpetua-benediccio-del-terme-i-ball-pla-de-sant-magi\/#respond"]}]},{"@type":"WebPage","@id":"https:\/\/brufaganya.cat\/2020\/a-santa-perpetua-benediccio-del-terme-i-ball-pla-de-sant-magi\/","url":"https:\/\/brufaganya.cat\/2020\/a-santa-perpetua-benediccio-del-terme-i-ball-pla-de-sant-magi\/","name":"A Santa Perp\u00e8tua, benedicci\u00f3 del terme i ball pla de Sant Mag\u00ed &#187; Sant Mag\u00ed de la Brufaganya","isPartOf":{"@id":"https:\/\/brufaganya.cat\/2020\/#website"},"primaryImageOfPage":{"@id":"https:\/\/brufaganya.cat\/2020\/a-santa-perpetua-benediccio-del-terme-i-ball-pla-de-sant-magi\/#primaryimage"},"image":{"@id":"https:\/\/brufaganya.cat\/2020\/a-santa-perpetua-benediccio-del-terme-i-ball-pla-de-sant-magi\/#primaryimage"},"thumbnailUrl":"https:\/\/brufaganya.cat\/2020\/wp-content\/uploads\/2020\/09\/staPerpetua.jpeg","datePublished":"2022-04-29T08:12:36+00:00","breadcrumb":{"@id":"https:\/\/brufaganya.cat\/2020\/a-santa-perpetua-benediccio-del-terme-i-ball-pla-de-sant-magi\/#breadcrumb"},"inLanguage":"ca","potentialAction":[{"@type":"ReadAction","target":["https:\/\/brufaganya.cat\/2020\/a-santa-perpetua-benediccio-del-terme-i-ball-pla-de-sant-magi\/"]}]},{"@type":"ImageObject","inLanguage":"ca","@id":"https:\/\/brufaganya.cat\/2020\/a-santa-perpetua-benediccio-del-terme-i-ball-pla-de-sant-magi\/#primaryimage","url":"https:\/\/brufaganya.cat\/2020\/wp-content\/uploads\/2020\/09\/staPerpetua.jpeg","contentUrl":"https:\/\/brufaganya.cat\/2020\/wp-content\/uploads\/2020\/09\/staPerpetua.jpeg","width":1024,"height":768,"caption":"Sta Perp\u00e8tua de Gaia. Foto. Tribus de la Segarra"},{"@type":"BreadcrumbList","@id":"https:\/\/brufaganya.cat\/2020\/a-santa-perpetua-benediccio-del-terme-i-ball-pla-de-sant-magi\/#breadcrumb","itemListElement":[{"@type":"ListItem","position":1,"name":"Inici","item":"https:\/\/brufaganya.cat\/2020\/"},{"@type":"ListItem","position":2,"name":"A Santa Perp\u00e8tua, benedicci\u00f3 del terme i ball pla de Sant Mag\u00ed"}]},{"@type":"WebSite","@id":"https:\/\/brufaganya.cat\/2020\/#website","url":"https:\/\/brufaganya.cat\/2020\/","name":"Sant Mag\u00ed de la Brufaganya","description":"Lloc web de Sant Mag\u00ed de la Brufaganya","publisher":{"@id":"https:\/\/brufaganya.cat\/2020\/#organization"},"potentialAction":[{"@type":"SearchAction","target":{"@type":"EntryPoint","urlTemplate":"https:\/\/brufaganya.cat\/2020\/?s={search_term_string}"},"query-input":{"@type":"PropertyValueSpecification","valueRequired":true,"valueName":"search_term_string"}}],"inLanguage":"ca"},{"@type":"Organization","@id":"https:\/\/brufaganya.cat\/2020\/#organization","name":"Sant Mag\u00ed de Brufaganya","url":"https:\/\/brufaganya.cat\/2020\/","logo":{"@type":"ImageObject","inLanguage":"ca","@id":"https:\/\/brufaganya.cat\/2020\/#\/schema\/logo\/image\/","url":"https:\/\/brufaganya.cat\/2020\/wp-content\/uploads\/2018\/11\/st_marti_bruga_horitz_posi_logo.jpg","contentUrl":"https:\/\/brufaganya.cat\/2020\/wp-content\/uploads\/2018\/11\/st_marti_bruga_horitz_posi_logo.jpg","width":1479,"height":804,"caption":"Sant Mag\u00ed de Brufaganya"},"image":{"@id":"https:\/\/brufaganya.cat\/2020\/#\/schema\/logo\/image\/"},"sameAs":["https:\/\/ca.wikipedia.org\/wiki\/Sant_Mag\u00ed_de_Brufaganya"]},{"@type":"Person","@id":"https:\/\/brufaganya.cat\/2020\/#\/schema\/person\/cd383ee397867b5182d1cf80b8c2e95c","name":"Rita Armejach Carreras","image":{"@type":"ImageObject","inLanguage":"ca","@id":"https:\/\/secure.gravatar.com\/avatar\/9dd6e49c4c61c4e14defcbf48211c55e6d268a4486cf9f5cef1b53148943d71d?s=96&d=mm&r=g","url":"https:\/\/secure.gravatar.com\/avatar\/9dd6e49c4c61c4e14defcbf48211c55e6d268a4486cf9f5cef1b53148943d71d?s=96&d=mm&r=g","contentUrl":"https:\/\/secure.gravatar.com\/avatar\/9dd6e49c4c61c4e14defcbf48211c55e6d268a4486cf9f5cef1b53148943d71d?s=96&d=mm&r=g","caption":"Rita Armejach Carreras"},"url":"https:\/\/brufaganya.cat\/2020\/author\/rarmejach\/"}]}},"_links":{"self":[{"href":"https:\/\/brufaganya.cat\/2020\/wp-json\/wp\/v2\/posts\/6725","targetHints":{"allow":["GET"]}}],"collection":[{"href":"https:\/\/brufaganya.cat\/2020\/wp-json\/wp\/v2\/posts"}],"about":[{"href":"https:\/\/brufaganya.cat\/2020\/wp-json\/wp\/v2\/types\/post"}],"author":[{"embeddable":true,"href":"https:\/\/brufaganya.cat\/2020\/wp-json\/wp\/v2\/users\/105"}],"replies":[{"embeddable":true,"href":"https:\/\/brufaganya.cat\/2020\/wp-json\/wp\/v2\/comments?post=6725"}],"version-history":[{"count":0,"href":"https:\/\/brufaganya.cat\/2020\/wp-json\/wp\/v2\/posts\/6725\/revisions"}],"wp:featuredmedia":[{"embeddable":true,"href":"https:\/\/brufaganya.cat\/2020\/wp-json\/wp\/v2\/media\/5588"}],"wp:attachment":[{"href":"https:\/\/brufaganya.cat\/2020\/wp-json\/wp\/v2\/media?parent=6725"}],"wp:term":[{"taxonomy":"category","embeddable":true,"href":"https:\/\/brufaganya.cat\/2020\/wp-json\/wp\/v2\/categories?post=6725"},{"taxonomy":"post_tag","embeddable":true,"href":"https:\/\/brufaganya.cat\/2020\/wp-json\/wp\/v2\/tags?post=6725"}],"curies":[{"name":"wp","href":"https:\/\/api.w.org\/{rel}","templated":true}]}}