{"id":6710,"date":"2024-04-16T11:52:14","date_gmt":"2024-04-16T09:52:14","guid":{"rendered":"https:\/\/brufaganya.cat\/2020\/?p=6710"},"modified":"2024-04-20T21:10:03","modified_gmt":"2024-04-20T19:10:03","slug":"tornen-les-misses-a-sant-magi","status":"publish","type":"post","link":"https:\/\/brufaganya.cat\/2020\/tornen-les-misses-a-sant-magi\/","title":{"rendered":"Arriba el bon temps i tornen les misses a Sant Mag\u00ed"},"content":{"rendered":"<p>Tornen les misses a Sant Mag\u00ed, en acabar els mesos d&#8217;hivern. Moss\u00e8n Joan ens acompanya i el tercer diumenge de mes, a tres quarts d&#8217;una del migdia\u00a0 fem la celebraci\u00f3,<\/p>\n<p>Us mostrem\u00a0 la primera missa de l&#8217;any 2022. El repicar de la campana, la pla\u00e7a plena de lliris\u00a0 i bojacs era una joia! Per si voleu sentir el repic, hem posat una petita mostra, Podeu pr\u00e9mer el v\u00eddeo.<\/p>\n<div style=\"width: 1080px;\" class=\"wp-video\"><video class=\"wp-video-shortcode\" id=\"video-6710-1\" width=\"1080\" height=\"1920\" preload=\"metadata\" controls=\"controls\"><source type=\"video\/mp4\" src=\"https:\/\/brufaganya.cat\/2020\/wp-content\/uploads\/2022\/04\/MyVideo_4.mp4?_=1\" \/><a href=\"https:\/\/brufaganya.cat\/2020\/wp-content\/uploads\/2022\/04\/MyVideo_4.mp4\">https:\/\/brufaganya.cat\/2020\/wp-content\/uploads\/2022\/04\/MyVideo_4.mp4<\/a><\/video><\/div>\n<p>La missa \u00e9s, en molts casos motiu de trobada de diferents grups que venen a Sant Mag\u00ed per fer la seves celebracions i alhora compartir amb els assistents la seva diada.<\/p>\n<p>Posem les dates previstes d&#8217;enguany per si esteu interessats en participar:<\/p>\n<p><img loading=\"lazy\" decoding=\"async\" class=\" wp-image-8223 aligncenter\" src=\"https:\/\/brufaganya.cat\/2020\/wp-content\/uploads\/2024\/04\/Captura-de-Pantalla-2024-04-18-a-les-2.11.33-225x300.png\" alt=\"\" width=\"360\" height=\"480\" srcset=\"https:\/\/brufaganya.cat\/2020\/wp-content\/uploads\/2024\/04\/Captura-de-Pantalla-2024-04-18-a-les-2.11.33-225x300.png 225w, https:\/\/brufaganya.cat\/2020\/wp-content\/uploads\/2024\/04\/Captura-de-Pantalla-2024-04-18-a-les-2.11.33.png 723w\" sizes=\"auto, (max-width: 360px) 100vw, 360px\" \/><\/p>\n<div id='gallery-1' class='gallery galleryid-6710 gallery-columns-3 gallery-size-large'><figure class='gallery-item'>\n\t\t\t<div class='gallery-icon landscape'>\n\t\t\t\t<a href='https:\/\/brufaganya.cat\/2020\/wp-content\/uploads\/2021\/06\/210608-108.jpg'><img loading=\"lazy\" decoding=\"async\" width=\"1024\" height=\"683\" src=\"https:\/\/brufaganya.cat\/2020\/wp-content\/uploads\/2021\/06\/210608-108-1024x683.jpg\" class=\"attachment-large size-large\" alt=\"\" aria-describedby=\"gallery-1-6226\" srcset=\"https:\/\/brufaganya.cat\/2020\/wp-content\/uploads\/2021\/06\/210608-108-1024x683.jpg 1024w, https:\/\/brufaganya.cat\/2020\/wp-content\/uploads\/2021\/06\/210608-108-300x200.jpg 300w, https:\/\/brufaganya.cat\/2020\/wp-content\/uploads\/2021\/06\/210608-108-768x512.jpg 768w, https:\/\/brufaganya.cat\/2020\/wp-content\/uploads\/2021\/06\/210608-108.jpg 1476w\" sizes=\"auto, (max-width: 1024px) 100vw, 1024px\" \/><\/a>\n\t\t\t<\/div>\n\t\t\t\t<figcaption class='wp-caption-text gallery-caption' id='gallery-1-6226'>\n\t\t\t\tAPLEC DE LES ROSES\n\t\t\t\t<\/figcaption><\/figure><figure class='gallery-item'>\n\t\t\t<div class='gallery-icon landscape'>\n\t\t\t\t<a href='https:\/\/brufaganya.cat\/2020\/wp-content\/uploads\/2020\/08\/SMagafantAigua.jpg'><img loading=\"lazy\" decoding=\"async\" width=\"337\" height=\"253\" src=\"https:\/\/brufaganya.cat\/2020\/wp-content\/uploads\/2020\/08\/SMagafantAigua.jpg\" class=\"attachment-large size-large\" alt=\"\" aria-describedby=\"gallery-1-5509\" srcset=\"https:\/\/brufaganya.cat\/2020\/wp-content\/uploads\/2020\/08\/SMagafantAigua.jpg 337w, https:\/\/brufaganya.cat\/2020\/wp-content\/uploads\/2020\/08\/SMagafantAigua-300x225.jpg 300w, https:\/\/brufaganya.cat\/2020\/wp-content\/uploads\/2020\/08\/SMagafantAigua-86x64.jpg 86w\" sizes=\"auto, (max-width: 337px) 100vw, 337px\" \/><\/a>\n\t\t\t<\/div>\n\t\t\t\t<figcaption class='wp-caption-text gallery-caption' id='gallery-1-5509'>\n\t\t\t\tPreparant l&#8217;aigua\n\t\t\t\t<\/figcaption><\/figure><figure class='gallery-item'>\n\t\t\t<div class='gallery-icon landscape'>\n\t\t\t\t<a href='https:\/\/brufaganya.cat\/2020\/wp-content\/uploads\/2020\/05\/SMportants.jpg'><img loading=\"lazy\" decoding=\"async\" width=\"412\" height=\"274\" src=\"https:\/\/brufaganya.cat\/2020\/wp-content\/uploads\/2020\/05\/SMportants.jpg\" class=\"attachment-large size-large\" alt=\"\" aria-describedby=\"gallery-1-5250\" srcset=\"https:\/\/brufaganya.cat\/2020\/wp-content\/uploads\/2020\/05\/SMportants.jpg 412w, https:\/\/brufaganya.cat\/2020\/wp-content\/uploads\/2020\/05\/SMportants-300x200.jpg 300w\" sizes=\"auto, (max-width: 412px) 100vw, 412px\" \/><\/a>\n\t\t\t<\/div>\n\t\t\t\t<figcaption class='wp-caption-text gallery-caption' id='gallery-1-5250'>\n\t\t\t\tPortans de Tarragona\n\t\t\t\t<\/figcaption><\/figure><figure class='gallery-item'>\n\t\t\t<div class='gallery-icon landscape'>\n\t\t\t\t<a href='https:\/\/brufaganya.cat\/2020\/wp-content\/uploads\/2020\/04\/cervera5.jpg'><img loading=\"lazy\" decoding=\"async\" width=\"1024\" height=\"927\" src=\"https:\/\/brufaganya.cat\/2020\/wp-content\/uploads\/2020\/04\/cervera5-1024x927.jpg\" class=\"attachment-large size-large\" alt=\"\" aria-describedby=\"gallery-1-5214\" srcset=\"https:\/\/brufaganya.cat\/2020\/wp-content\/uploads\/2020\/04\/cervera5-1024x927.jpg 1024w, https:\/\/brufaganya.cat\/2020\/wp-content\/uploads\/2020\/04\/cervera5-300x272.jpg 300w, https:\/\/brufaganya.cat\/2020\/wp-content\/uploads\/2020\/04\/cervera5-768x695.jpg 768w, https:\/\/brufaganya.cat\/2020\/wp-content\/uploads\/2020\/04\/cervera5.jpg 1074w\" sizes=\"auto, (max-width: 1024px) 100vw, 1024px\" \/><\/a>\n\t\t\t<\/div>\n\t\t\t\t<figcaption class='wp-caption-text gallery-caption' id='gallery-1-5214'>\n\t\t\t\tAigua de Sant Mag\u00ed a Cervera\n\t\t\t\t<\/figcaption><\/figure><figure class='gallery-item'>\n\t\t\t<div class='gallery-icon landscape'>\n\t\t\t\t<a href='https:\/\/brufaganya.cat\/2020\/wp-content\/uploads\/2022\/02\/4.-Portants-de-laigua-de-Tarragona-scaled.jpg'><img loading=\"lazy\" decoding=\"async\" width=\"1024\" height=\"683\" src=\"https:\/\/brufaganya.cat\/2020\/wp-content\/uploads\/2022\/02\/4.-Portants-de-laigua-de-Tarragona-1024x683.jpg\" class=\"attachment-large size-large\" alt=\"\" aria-describedby=\"gallery-1-6635\" srcset=\"https:\/\/brufaganya.cat\/2020\/wp-content\/uploads\/2022\/02\/4.-Portants-de-laigua-de-Tarragona-1024x683.jpg 1024w, https:\/\/brufaganya.cat\/2020\/wp-content\/uploads\/2022\/02\/4.-Portants-de-laigua-de-Tarragona-300x200.jpg 300w, https:\/\/brufaganya.cat\/2020\/wp-content\/uploads\/2022\/02\/4.-Portants-de-laigua-de-Tarragona-768x512.jpg 768w, https:\/\/brufaganya.cat\/2020\/wp-content\/uploads\/2022\/02\/4.-Portants-de-laigua-de-Tarragona-1536x1024.jpg 1536w, https:\/\/brufaganya.cat\/2020\/wp-content\/uploads\/2022\/02\/4.-Portants-de-laigua-de-Tarragona-2048x1365.jpg 2048w\" sizes=\"auto, (max-width: 1024px) 100vw, 1024px\" \/><\/a>\n\t\t\t<\/div>\n\t\t\t\t<figcaption class='wp-caption-text gallery-caption' id='gallery-1-6635'>\n\t\t\t\tPORTANTS: Agafant l&#8217;aigua cap a Tarragona\n\t\t\t\t<\/figcaption><\/figure><figure class='gallery-item'>\n\t\t\t<div class='gallery-icon landscape'>\n\t\t\t\t<a href='https:\/\/brufaganya.cat\/2020\/wp-content\/uploads\/2021\/09\/SMmullarFont.jpeg'><img loading=\"lazy\" decoding=\"async\" width=\"1024\" height=\"682\" src=\"https:\/\/brufaganya.cat\/2020\/wp-content\/uploads\/2021\/09\/SMmullarFont.jpeg\" class=\"attachment-large size-large\" alt=\"\" aria-describedby=\"gallery-1-6409\" srcset=\"https:\/\/brufaganya.cat\/2020\/wp-content\/uploads\/2021\/09\/SMmullarFont.jpeg 1024w, https:\/\/brufaganya.cat\/2020\/wp-content\/uploads\/2021\/09\/SMmullarFont-300x200.jpeg 300w, https:\/\/brufaganya.cat\/2020\/wp-content\/uploads\/2021\/09\/SMmullarFont-768x512.jpeg 768w\" sizes=\"auto, (max-width: 1024px) 100vw, 1024px\" \/><\/a>\n\t\t\t<\/div>\n\t\t\t\t<figcaption class='wp-caption-text gallery-caption' id='gallery-1-6409'>\n\t\t\t\t Mullant-se a les Fonts\n\t\t\t\t<\/figcaption><\/figure><figure class='gallery-item'>\n\t\t\t<div class='gallery-icon landscape'>\n\t\t\t\t<a href='https:\/\/brufaganya.cat\/2020\/wp-content\/uploads\/2019\/09\/SM.jpg'><img loading=\"lazy\" decoding=\"async\" width=\"384\" height=\"289\" src=\"https:\/\/brufaganya.cat\/2020\/wp-content\/uploads\/2019\/09\/SM.jpg\" class=\"attachment-large size-large\" alt=\"\" aria-describedby=\"gallery-1-4572\" srcset=\"https:\/\/brufaganya.cat\/2020\/wp-content\/uploads\/2019\/09\/SM.jpg 384w, https:\/\/brufaganya.cat\/2020\/wp-content\/uploads\/2019\/09\/SM-300x226.jpg 300w, https:\/\/brufaganya.cat\/2020\/wp-content\/uploads\/2019\/09\/SM-86x64.jpg 86w\" sizes=\"auto, (max-width: 384px) 100vw, 384px\" \/><\/a>\n\t\t\t<\/div>\n\t\t\t\t<figcaption class='wp-caption-text gallery-caption' id='gallery-1-4572'>\n\t\t\t\tDiada de Sant Mag\u00ed\n\t\t\t\t<\/figcaption><\/figure><figure class='gallery-item'>\n\t\t\t<div class='gallery-icon landscape'>\n\t\t\t\t<a href='https:\/\/brufaganya.cat\/2020\/wp-content\/uploads\/2022\/02\/DSC_6791.jpg'><img loading=\"lazy\" decoding=\"async\" width=\"1024\" height=\"685\" src=\"https:\/\/brufaganya.cat\/2020\/wp-content\/uploads\/2022\/02\/DSC_6791-1024x685.jpg\" class=\"attachment-large size-large\" alt=\"\" aria-describedby=\"gallery-1-6642\" srcset=\"https:\/\/brufaganya.cat\/2020\/wp-content\/uploads\/2022\/02\/DSC_6791-1024x685.jpg 1024w, https:\/\/brufaganya.cat\/2020\/wp-content\/uploads\/2022\/02\/DSC_6791-300x201.jpg 300w, https:\/\/brufaganya.cat\/2020\/wp-content\/uploads\/2022\/02\/DSC_6791-768x514.jpg 768w, https:\/\/brufaganya.cat\/2020\/wp-content\/uploads\/2022\/02\/DSC_6791-1536x1028.jpg 1536w, https:\/\/brufaganya.cat\/2020\/wp-content\/uploads\/2022\/02\/DSC_6791.jpg 1600w\" sizes=\"auto, (max-width: 1024px) 100vw, 1024px\" \/><\/a>\n\t\t\t<\/div>\n\t\t\t\t<figcaption class='wp-caption-text gallery-caption' id='gallery-1-6642'>\n\t\t\t\tAPLEC: Ball Pla\n\t\t\t\t<\/figcaption><\/figure><figure class='gallery-item'>\n\t\t\t<div class='gallery-icon landscape'>\n\t\t\t\t<a href='https:\/\/brufaganya.cat\/2020\/wp-content\/uploads\/2020\/12\/Sardanes-a-laplec.jpg'><img loading=\"lazy\" decoding=\"async\" width=\"1024\" height=\"793\" src=\"https:\/\/brufaganya.cat\/2020\/wp-content\/uploads\/2020\/12\/Sardanes-a-laplec-1024x793.jpg\" class=\"attachment-large size-large\" alt=\"\" aria-describedby=\"gallery-1-5922\" srcset=\"https:\/\/brufaganya.cat\/2020\/wp-content\/uploads\/2020\/12\/Sardanes-a-laplec-1024x793.jpg 1024w, https:\/\/brufaganya.cat\/2020\/wp-content\/uploads\/2020\/12\/Sardanes-a-laplec-300x232.jpg 300w, https:\/\/brufaganya.cat\/2020\/wp-content\/uploads\/2020\/12\/Sardanes-a-laplec-768x595.jpg 768w, https:\/\/brufaganya.cat\/2020\/wp-content\/uploads\/2020\/12\/Sardanes-a-laplec.jpg 1239w\" sizes=\"auto, (max-width: 1024px) 100vw, 1024px\" \/><\/a>\n\t\t\t<\/div>\n\t\t\t\t<figcaption class='wp-caption-text gallery-caption' id='gallery-1-5922'>\n\t\t\t\t APLEC: Sardanes\n\t\t\t\t<\/figcaption><\/figure><figure class='gallery-item'>\n\t\t\t<div class='gallery-icon landscape'>\n\t\t\t\t<a href='https:\/\/brufaganya.cat\/2020\/wp-content\/uploads\/2020\/08\/nenAplec.jpg'><img loading=\"lazy\" decoding=\"async\" width=\"735\" height=\"553\" src=\"https:\/\/brufaganya.cat\/2020\/wp-content\/uploads\/2020\/08\/nenAplec.jpg\" class=\"attachment-large size-large\" alt=\"\" aria-describedby=\"gallery-1-5558\" srcset=\"https:\/\/brufaganya.cat\/2020\/wp-content\/uploads\/2020\/08\/nenAplec.jpg 735w, https:\/\/brufaganya.cat\/2020\/wp-content\/uploads\/2020\/08\/nenAplec-300x226.jpg 300w, https:\/\/brufaganya.cat\/2020\/wp-content\/uploads\/2020\/08\/nenAplec-86x64.jpg 86w\" sizes=\"auto, (max-width: 735px) 100vw, 735px\" \/><\/a>\n\t\t\t<\/div>\n\t\t\t\t<figcaption class='wp-caption-text gallery-caption' id='gallery-1-5558'>\n\t\t\t\tAPLEC: Dels petits als m\u00e9s grans.\n\t\t\t\t<\/figcaption><\/figure><figure class='gallery-item'>\n\t\t\t<div class='gallery-icon landscape'>\n\t\t\t\t<a href='https:\/\/brufaganya.cat\/2020\/wp-content\/uploads\/2019\/08\/SMsardana-esglesia.jpeg'><img loading=\"lazy\" decoding=\"async\" width=\"1024\" height=\"683\" src=\"https:\/\/brufaganya.cat\/2020\/wp-content\/uploads\/2019\/08\/SMsardana-esglesia-1024x683.jpeg\" class=\"attachment-large size-large\" alt=\"\" aria-describedby=\"gallery-1-4518\" srcset=\"https:\/\/brufaganya.cat\/2020\/wp-content\/uploads\/2019\/08\/SMsardana-esglesia.jpeg 1024w, https:\/\/brufaganya.cat\/2020\/wp-content\/uploads\/2019\/08\/SMsardana-esglesia-300x200.jpeg 300w, https:\/\/brufaganya.cat\/2020\/wp-content\/uploads\/2019\/08\/SMsardana-esglesia-768x512.jpeg 768w, https:\/\/brufaganya.cat\/2020\/wp-content\/uploads\/2019\/08\/SMsardana-esglesia-450x300.jpeg 450w\" sizes=\"auto, (max-width: 1024px) 100vw, 1024px\" \/><\/a>\n\t\t\t<\/div>\n\t\t\t\t<figcaption class='wp-caption-text gallery-caption' id='gallery-1-4518'>\n\t\t\t\tBallant sardanes\n\t\t\t\t<\/figcaption><\/figure><figure class='gallery-item'>\n\t\t\t<div class='gallery-icon landscape'>\n\t\t\t\t<a href='https:\/\/brufaganya.cat\/2020\/wp-content\/uploads\/2019\/12\/SMpessebre.jpg'><img loading=\"lazy\" decoding=\"async\" width=\"924\" height=\"615\" src=\"https:\/\/brufaganya.cat\/2020\/wp-content\/uploads\/2019\/12\/SMpessebre.jpg\" class=\"attachment-large size-large\" alt=\"\" aria-describedby=\"gallery-1-4760\" srcset=\"https:\/\/brufaganya.cat\/2020\/wp-content\/uploads\/2019\/12\/SMpessebre.jpg 924w, https:\/\/brufaganya.cat\/2020\/wp-content\/uploads\/2019\/12\/SMpessebre-300x200.jpg 300w, https:\/\/brufaganya.cat\/2020\/wp-content\/uploads\/2019\/12\/SMpessebre-768x511.jpg 768w, https:\/\/brufaganya.cat\/2020\/wp-content\/uploads\/2019\/12\/SMpessebre-450x300.jpg 450w\" sizes=\"auto, (max-width: 924px) 100vw, 924px\" \/><\/a>\n\t\t\t<\/div>\n\t\t\t\t<figcaption class='wp-caption-text gallery-caption' id='gallery-1-4760'>\n\t\t\t\tMotos i pessebre\n\t\t\t\t<\/figcaption><\/figure>\n\t\t<\/div>\n\n<p>&nbsp;<\/p>\n<p>Esperem que alguna d&#8217;aquestes trobades sigui del vostre inter\u00e8s i ja sabeu que sou sempre Benvinguts<\/p>\n","protected":false},"excerpt":{"rendered":"<p>Tornen les misses a Sant Mag\u00ed, en acabar els mesos d&#8217;hivern. Moss\u00e8n Joan ens acompanya i el tercer diumenge de mes, a tres quarts d&#8217;una del migdia\u00a0 fem la celebraci\u00f3, [&hellip;]<\/p>\n","protected":false},"author":105,"featured_media":6720,"comment_status":"open","ping_status":"closed","sticky":false,"template":"","format":"standard","meta":{"inline_featured_image":false,"footnotes":""},"categories":[1,768],"tags":[],"class_list":["post-6710","post","type-post","status-publish","format-standard","has-post-thumbnail","hentry","category-noticies","category-tradicions-religioses"],"yoast_head":"<!-- This site is optimized with the Yoast SEO plugin v27.5 - https:\/\/yoast.com\/product\/yoast-seo-wordpress\/ -->\n<title>Arriba el bon temps i tornen les misses a Sant Mag\u00ed &#187; Sant Mag\u00ed de la Brufaganya<\/title>\n<meta name=\"robots\" content=\"index, follow, max-snippet:-1, max-image-preview:large, max-video-preview:-1\" \/>\n<link rel=\"canonical\" href=\"https:\/\/brufaganya.cat\/2020\/tornen-les-misses-a-sant-magi\/\" \/>\n<meta property=\"og:locale\" content=\"ca_ES\" \/>\n<meta property=\"og:type\" content=\"article\" \/>\n<meta property=\"og:title\" content=\"Arriba el bon temps i tornen les misses a Sant Mag\u00ed &#187; Sant Mag\u00ed de la Brufaganya\" \/>\n<meta property=\"og:description\" content=\"Tornen les misses a Sant Mag\u00ed, en acabar els mesos d&#8217;hivern. Moss\u00e8n Joan ens acompanya i el tercer diumenge de mes, a tres quarts d&#8217;una del migdia\u00a0 fem la celebraci\u00f3, [&hellip;]\" \/>\n<meta property=\"og:url\" content=\"https:\/\/brufaganya.cat\/2020\/tornen-les-misses-a-sant-magi\/\" \/>\n<meta property=\"og:site_name\" content=\"Sant Mag\u00ed de la Brufaganya\" \/>\n<meta property=\"article:published_time\" content=\"2024-04-16T09:52:14+00:00\" \/>\n<meta property=\"article:modified_time\" content=\"2024-04-20T19:10:03+00:00\" \/>\n<meta property=\"og:image\" content=\"https:\/\/brufaganya.cat\/2020\/wp-content\/uploads\/2022\/04\/20220424_025727-scaled.jpg\" \/>\n\t<meta property=\"og:image:width\" content=\"2560\" \/>\n\t<meta property=\"og:image:height\" content=\"1440\" \/>\n\t<meta property=\"og:image:type\" content=\"image\/jpeg\" \/>\n<meta name=\"author\" content=\"Rita Armejach Carreras\" \/>\n<meta name=\"twitter:card\" content=\"summary_large_image\" \/>\n<meta name=\"twitter:label1\" content=\"Escrit per\" \/>\n\t<meta name=\"twitter:data1\" content=\"Rita Armejach Carreras\" \/>\n\t<meta name=\"twitter:label2\" content=\"Temps estimat de lectura\" \/>\n\t<meta name=\"twitter:data2\" content=\"2 minuts\" \/>\n<script type=\"application\/ld+json\" class=\"yoast-schema-graph\">{\"@context\":\"https:\\\/\\\/schema.org\",\"@graph\":[{\"@type\":\"Article\",\"@id\":\"https:\\\/\\\/brufaganya.cat\\\/2020\\\/tornen-les-misses-a-sant-magi\\\/#article\",\"isPartOf\":{\"@id\":\"https:\\\/\\\/brufaganya.cat\\\/2020\\\/tornen-les-misses-a-sant-magi\\\/\"},\"author\":{\"name\":\"Rita Armejach Carreras\",\"@id\":\"https:\\\/\\\/brufaganya.cat\\\/2020\\\/#\\\/schema\\\/person\\\/cd383ee397867b5182d1cf80b8c2e95c\"},\"headline\":\"Arriba el bon temps i tornen les misses a Sant Mag\u00ed\",\"datePublished\":\"2024-04-16T09:52:14+00:00\",\"dateModified\":\"2024-04-20T19:10:03+00:00\",\"mainEntityOfPage\":{\"@id\":\"https:\\\/\\\/brufaganya.cat\\\/2020\\\/tornen-les-misses-a-sant-magi\\\/\"},\"wordCount\":160,\"commentCount\":0,\"publisher\":{\"@id\":\"https:\\\/\\\/brufaganya.cat\\\/2020\\\/#organization\"},\"image\":{\"@id\":\"https:\\\/\\\/brufaganya.cat\\\/2020\\\/tornen-les-misses-a-sant-magi\\\/#primaryimage\"},\"thumbnailUrl\":\"https:\\\/\\\/brufaganya.cat\\\/2020\\\/wp-content\\\/uploads\\\/2022\\\/04\\\/20220424_025727-scaled.jpg\",\"articleSection\":[\"Not\u00edcies\",\"Tradicions religioses\"],\"inLanguage\":\"ca\",\"potentialAction\":[{\"@type\":\"CommentAction\",\"name\":\"Comment\",\"target\":[\"https:\\\/\\\/brufaganya.cat\\\/2020\\\/tornen-les-misses-a-sant-magi\\\/#respond\"]}]},{\"@type\":\"WebPage\",\"@id\":\"https:\\\/\\\/brufaganya.cat\\\/2020\\\/tornen-les-misses-a-sant-magi\\\/\",\"url\":\"https:\\\/\\\/brufaganya.cat\\\/2020\\\/tornen-les-misses-a-sant-magi\\\/\",\"name\":\"Arriba el bon temps i tornen les misses a Sant Mag\u00ed &#187; Sant Mag\u00ed de la Brufaganya\",\"isPartOf\":{\"@id\":\"https:\\\/\\\/brufaganya.cat\\\/2020\\\/#website\"},\"primaryImageOfPage\":{\"@id\":\"https:\\\/\\\/brufaganya.cat\\\/2020\\\/tornen-les-misses-a-sant-magi\\\/#primaryimage\"},\"image\":{\"@id\":\"https:\\\/\\\/brufaganya.cat\\\/2020\\\/tornen-les-misses-a-sant-magi\\\/#primaryimage\"},\"thumbnailUrl\":\"https:\\\/\\\/brufaganya.cat\\\/2020\\\/wp-content\\\/uploads\\\/2022\\\/04\\\/20220424_025727-scaled.jpg\",\"datePublished\":\"2024-04-16T09:52:14+00:00\",\"dateModified\":\"2024-04-20T19:10:03+00:00\",\"breadcrumb\":{\"@id\":\"https:\\\/\\\/brufaganya.cat\\\/2020\\\/tornen-les-misses-a-sant-magi\\\/#breadcrumb\"},\"inLanguage\":\"ca\",\"potentialAction\":[{\"@type\":\"ReadAction\",\"target\":[\"https:\\\/\\\/brufaganya.cat\\\/2020\\\/tornen-les-misses-a-sant-magi\\\/\"]}]},{\"@type\":\"ImageObject\",\"inLanguage\":\"ca\",\"@id\":\"https:\\\/\\\/brufaganya.cat\\\/2020\\\/tornen-les-misses-a-sant-magi\\\/#primaryimage\",\"url\":\"https:\\\/\\\/brufaganya.cat\\\/2020\\\/wp-content\\\/uploads\\\/2022\\\/04\\\/20220424_025727-scaled.jpg\",\"contentUrl\":\"https:\\\/\\\/brufaganya.cat\\\/2020\\\/wp-content\\\/uploads\\\/2022\\\/04\\\/20220424_025727-scaled.jpg\",\"width\":2560,\"height\":1440,\"caption\":\"NATURA: Els bojacs floreixen\"},{\"@type\":\"BreadcrumbList\",\"@id\":\"https:\\\/\\\/brufaganya.cat\\\/2020\\\/tornen-les-misses-a-sant-magi\\\/#breadcrumb\",\"itemListElement\":[{\"@type\":\"ListItem\",\"position\":1,\"name\":\"Inici\",\"item\":\"https:\\\/\\\/brufaganya.cat\\\/2020\\\/\"},{\"@type\":\"ListItem\",\"position\":2,\"name\":\"Arriba el bon temps i tornen les misses a Sant Mag\u00ed\"}]},{\"@type\":\"WebSite\",\"@id\":\"https:\\\/\\\/brufaganya.cat\\\/2020\\\/#website\",\"url\":\"https:\\\/\\\/brufaganya.cat\\\/2020\\\/\",\"name\":\"Sant Mag\u00ed de la Brufaganya\",\"description\":\"Lloc web de Sant Mag\u00ed de la Brufaganya\",\"publisher\":{\"@id\":\"https:\\\/\\\/brufaganya.cat\\\/2020\\\/#organization\"},\"potentialAction\":[{\"@type\":\"SearchAction\",\"target\":{\"@type\":\"EntryPoint\",\"urlTemplate\":\"https:\\\/\\\/brufaganya.cat\\\/2020\\\/?s={search_term_string}\"},\"query-input\":{\"@type\":\"PropertyValueSpecification\",\"valueRequired\":true,\"valueName\":\"search_term_string\"}}],\"inLanguage\":\"ca\"},{\"@type\":\"Organization\",\"@id\":\"https:\\\/\\\/brufaganya.cat\\\/2020\\\/#organization\",\"name\":\"Sant Mag\u00ed de Brufaganya\",\"url\":\"https:\\\/\\\/brufaganya.cat\\\/2020\\\/\",\"logo\":{\"@type\":\"ImageObject\",\"inLanguage\":\"ca\",\"@id\":\"https:\\\/\\\/brufaganya.cat\\\/2020\\\/#\\\/schema\\\/logo\\\/image\\\/\",\"url\":\"https:\\\/\\\/brufaganya.cat\\\/2020\\\/wp-content\\\/uploads\\\/2018\\\/11\\\/st_marti_bruga_horitz_posi_logo.jpg\",\"contentUrl\":\"https:\\\/\\\/brufaganya.cat\\\/2020\\\/wp-content\\\/uploads\\\/2018\\\/11\\\/st_marti_bruga_horitz_posi_logo.jpg\",\"width\":1479,\"height\":804,\"caption\":\"Sant Mag\u00ed de Brufaganya\"},\"image\":{\"@id\":\"https:\\\/\\\/brufaganya.cat\\\/2020\\\/#\\\/schema\\\/logo\\\/image\\\/\"},\"sameAs\":[\"https:\\\/\\\/ca.wikipedia.org\\\/wiki\\\/Sant_Mag\u00ed_de_Brufaganya\"]},{\"@type\":\"Person\",\"@id\":\"https:\\\/\\\/brufaganya.cat\\\/2020\\\/#\\\/schema\\\/person\\\/cd383ee397867b5182d1cf80b8c2e95c\",\"name\":\"Rita Armejach Carreras\",\"image\":{\"@type\":\"ImageObject\",\"inLanguage\":\"ca\",\"@id\":\"https:\\\/\\\/secure.gravatar.com\\\/avatar\\\/9dd6e49c4c61c4e14defcbf48211c55e6d268a4486cf9f5cef1b53148943d71d?s=96&d=mm&r=g\",\"url\":\"https:\\\/\\\/secure.gravatar.com\\\/avatar\\\/9dd6e49c4c61c4e14defcbf48211c55e6d268a4486cf9f5cef1b53148943d71d?s=96&d=mm&r=g\",\"contentUrl\":\"https:\\\/\\\/secure.gravatar.com\\\/avatar\\\/9dd6e49c4c61c4e14defcbf48211c55e6d268a4486cf9f5cef1b53148943d71d?s=96&d=mm&r=g\",\"caption\":\"Rita Armejach Carreras\"},\"url\":\"https:\\\/\\\/brufaganya.cat\\\/2020\\\/author\\\/rarmejach\\\/\"}]}<\/script>\n<!-- \/ Yoast SEO plugin. -->","yoast_head_json":{"title":"Arriba el bon temps i tornen les misses a Sant Mag\u00ed &#187; Sant Mag\u00ed de la Brufaganya","robots":{"index":"index","follow":"follow","max-snippet":"max-snippet:-1","max-image-preview":"max-image-preview:large","max-video-preview":"max-video-preview:-1"},"canonical":"https:\/\/brufaganya.cat\/2020\/tornen-les-misses-a-sant-magi\/","og_locale":"ca_ES","og_type":"article","og_title":"Arriba el bon temps i tornen les misses a Sant Mag\u00ed &#187; Sant Mag\u00ed de la Brufaganya","og_description":"Tornen les misses a Sant Mag\u00ed, en acabar els mesos d&#8217;hivern. Moss\u00e8n Joan ens acompanya i el tercer diumenge de mes, a tres quarts d&#8217;una del migdia\u00a0 fem la celebraci\u00f3, [&hellip;]","og_url":"https:\/\/brufaganya.cat\/2020\/tornen-les-misses-a-sant-magi\/","og_site_name":"Sant Mag\u00ed de la Brufaganya","article_published_time":"2024-04-16T09:52:14+00:00","article_modified_time":"2024-04-20T19:10:03+00:00","og_image":[{"width":2560,"height":1440,"url":"https:\/\/brufaganya.cat\/2020\/wp-content\/uploads\/2022\/04\/20220424_025727-scaled.jpg","type":"image\/jpeg"}],"author":"Rita Armejach Carreras","twitter_card":"summary_large_image","twitter_misc":{"Escrit per":"Rita Armejach Carreras","Temps estimat de lectura":"2 minuts"},"schema":{"@context":"https:\/\/schema.org","@graph":[{"@type":"Article","@id":"https:\/\/brufaganya.cat\/2020\/tornen-les-misses-a-sant-magi\/#article","isPartOf":{"@id":"https:\/\/brufaganya.cat\/2020\/tornen-les-misses-a-sant-magi\/"},"author":{"name":"Rita Armejach Carreras","@id":"https:\/\/brufaganya.cat\/2020\/#\/schema\/person\/cd383ee397867b5182d1cf80b8c2e95c"},"headline":"Arriba el bon temps i tornen les misses a Sant Mag\u00ed","datePublished":"2024-04-16T09:52:14+00:00","dateModified":"2024-04-20T19:10:03+00:00","mainEntityOfPage":{"@id":"https:\/\/brufaganya.cat\/2020\/tornen-les-misses-a-sant-magi\/"},"wordCount":160,"commentCount":0,"publisher":{"@id":"https:\/\/brufaganya.cat\/2020\/#organization"},"image":{"@id":"https:\/\/brufaganya.cat\/2020\/tornen-les-misses-a-sant-magi\/#primaryimage"},"thumbnailUrl":"https:\/\/brufaganya.cat\/2020\/wp-content\/uploads\/2022\/04\/20220424_025727-scaled.jpg","articleSection":["Not\u00edcies","Tradicions religioses"],"inLanguage":"ca","potentialAction":[{"@type":"CommentAction","name":"Comment","target":["https:\/\/brufaganya.cat\/2020\/tornen-les-misses-a-sant-magi\/#respond"]}]},{"@type":"WebPage","@id":"https:\/\/brufaganya.cat\/2020\/tornen-les-misses-a-sant-magi\/","url":"https:\/\/brufaganya.cat\/2020\/tornen-les-misses-a-sant-magi\/","name":"Arriba el bon temps i tornen les misses a Sant Mag\u00ed &#187; Sant Mag\u00ed de la Brufaganya","isPartOf":{"@id":"https:\/\/brufaganya.cat\/2020\/#website"},"primaryImageOfPage":{"@id":"https:\/\/brufaganya.cat\/2020\/tornen-les-misses-a-sant-magi\/#primaryimage"},"image":{"@id":"https:\/\/brufaganya.cat\/2020\/tornen-les-misses-a-sant-magi\/#primaryimage"},"thumbnailUrl":"https:\/\/brufaganya.cat\/2020\/wp-content\/uploads\/2022\/04\/20220424_025727-scaled.jpg","datePublished":"2024-04-16T09:52:14+00:00","dateModified":"2024-04-20T19:10:03+00:00","breadcrumb":{"@id":"https:\/\/brufaganya.cat\/2020\/tornen-les-misses-a-sant-magi\/#breadcrumb"},"inLanguage":"ca","potentialAction":[{"@type":"ReadAction","target":["https:\/\/brufaganya.cat\/2020\/tornen-les-misses-a-sant-magi\/"]}]},{"@type":"ImageObject","inLanguage":"ca","@id":"https:\/\/brufaganya.cat\/2020\/tornen-les-misses-a-sant-magi\/#primaryimage","url":"https:\/\/brufaganya.cat\/2020\/wp-content\/uploads\/2022\/04\/20220424_025727-scaled.jpg","contentUrl":"https:\/\/brufaganya.cat\/2020\/wp-content\/uploads\/2022\/04\/20220424_025727-scaled.jpg","width":2560,"height":1440,"caption":"NATURA: Els bojacs floreixen"},{"@type":"BreadcrumbList","@id":"https:\/\/brufaganya.cat\/2020\/tornen-les-misses-a-sant-magi\/#breadcrumb","itemListElement":[{"@type":"ListItem","position":1,"name":"Inici","item":"https:\/\/brufaganya.cat\/2020\/"},{"@type":"ListItem","position":2,"name":"Arriba el bon temps i tornen les misses a Sant Mag\u00ed"}]},{"@type":"WebSite","@id":"https:\/\/brufaganya.cat\/2020\/#website","url":"https:\/\/brufaganya.cat\/2020\/","name":"Sant Mag\u00ed de la Brufaganya","description":"Lloc web de Sant Mag\u00ed de la Brufaganya","publisher":{"@id":"https:\/\/brufaganya.cat\/2020\/#organization"},"potentialAction":[{"@type":"SearchAction","target":{"@type":"EntryPoint","urlTemplate":"https:\/\/brufaganya.cat\/2020\/?s={search_term_string}"},"query-input":{"@type":"PropertyValueSpecification","valueRequired":true,"valueName":"search_term_string"}}],"inLanguage":"ca"},{"@type":"Organization","@id":"https:\/\/brufaganya.cat\/2020\/#organization","name":"Sant Mag\u00ed de Brufaganya","url":"https:\/\/brufaganya.cat\/2020\/","logo":{"@type":"ImageObject","inLanguage":"ca","@id":"https:\/\/brufaganya.cat\/2020\/#\/schema\/logo\/image\/","url":"https:\/\/brufaganya.cat\/2020\/wp-content\/uploads\/2018\/11\/st_marti_bruga_horitz_posi_logo.jpg","contentUrl":"https:\/\/brufaganya.cat\/2020\/wp-content\/uploads\/2018\/11\/st_marti_bruga_horitz_posi_logo.jpg","width":1479,"height":804,"caption":"Sant Mag\u00ed de Brufaganya"},"image":{"@id":"https:\/\/brufaganya.cat\/2020\/#\/schema\/logo\/image\/"},"sameAs":["https:\/\/ca.wikipedia.org\/wiki\/Sant_Mag\u00ed_de_Brufaganya"]},{"@type":"Person","@id":"https:\/\/brufaganya.cat\/2020\/#\/schema\/person\/cd383ee397867b5182d1cf80b8c2e95c","name":"Rita Armejach Carreras","image":{"@type":"ImageObject","inLanguage":"ca","@id":"https:\/\/secure.gravatar.com\/avatar\/9dd6e49c4c61c4e14defcbf48211c55e6d268a4486cf9f5cef1b53148943d71d?s=96&d=mm&r=g","url":"https:\/\/secure.gravatar.com\/avatar\/9dd6e49c4c61c4e14defcbf48211c55e6d268a4486cf9f5cef1b53148943d71d?s=96&d=mm&r=g","contentUrl":"https:\/\/secure.gravatar.com\/avatar\/9dd6e49c4c61c4e14defcbf48211c55e6d268a4486cf9f5cef1b53148943d71d?s=96&d=mm&r=g","caption":"Rita Armejach Carreras"},"url":"https:\/\/brufaganya.cat\/2020\/author\/rarmejach\/"}]}},"_links":{"self":[{"href":"https:\/\/brufaganya.cat\/2020\/wp-json\/wp\/v2\/posts\/6710","targetHints":{"allow":["GET"]}}],"collection":[{"href":"https:\/\/brufaganya.cat\/2020\/wp-json\/wp\/v2\/posts"}],"about":[{"href":"https:\/\/brufaganya.cat\/2020\/wp-json\/wp\/v2\/types\/post"}],"author":[{"embeddable":true,"href":"https:\/\/brufaganya.cat\/2020\/wp-json\/wp\/v2\/users\/105"}],"replies":[{"embeddable":true,"href":"https:\/\/brufaganya.cat\/2020\/wp-json\/wp\/v2\/comments?post=6710"}],"version-history":[{"count":0,"href":"https:\/\/brufaganya.cat\/2020\/wp-json\/wp\/v2\/posts\/6710\/revisions"}],"wp:featuredmedia":[{"embeddable":true,"href":"https:\/\/brufaganya.cat\/2020\/wp-json\/wp\/v2\/media\/6720"}],"wp:attachment":[{"href":"https:\/\/brufaganya.cat\/2020\/wp-json\/wp\/v2\/media?parent=6710"}],"wp:term":[{"taxonomy":"category","embeddable":true,"href":"https:\/\/brufaganya.cat\/2020\/wp-json\/wp\/v2\/categories?post=6710"},{"taxonomy":"post_tag","embeddable":true,"href":"https:\/\/brufaganya.cat\/2020\/wp-json\/wp\/v2\/tags?post=6710"}],"curies":[{"name":"wp","href":"https:\/\/api.w.org\/{rel}","templated":true}]}}