{"id":6594,"date":"2022-02-10T18:12:05","date_gmt":"2022-02-10T16:12:05","guid":{"rendered":"https:\/\/brufaganya.cat\/2020\/?p=6594"},"modified":"2023-01-27T13:55:22","modified_gmt":"2023-01-27T11:55:22","slug":"recuperem-la-memoria-de-sant-magi-de-la-brufaganya","status":"publish","type":"post","link":"https:\/\/brufaganya.cat\/2020\/recuperem-la-memoria-de-sant-magi-de-la-brufaganya\/","title":{"rendered":"Recuperem la mem\u00f2ria de Sant Mag\u00ed de la\u00a0Brufaganya"},"content":{"rendered":"<figure id=\"attachment_5509\" aria-describedby=\"caption-attachment-5509\" style=\"width: 300px\" class=\"wp-caption alignleft\"><img loading=\"lazy\" decoding=\"async\" class=\"wp-image-5509 size-medium\" src=\"https:\/\/brufaganya.cat\/2020\/wp-content\/uploads\/2020\/08\/SMagafantAigua-300x225.jpg\" alt=\"\" width=\"300\" height=\"225\" srcset=\"https:\/\/brufaganya.cat\/2020\/wp-content\/uploads\/2020\/08\/SMagafantAigua-300x225.jpg 300w, https:\/\/brufaganya.cat\/2020\/wp-content\/uploads\/2020\/08\/SMagafantAigua-86x64.jpg 86w, https:\/\/brufaganya.cat\/2020\/wp-content\/uploads\/2020\/08\/SMagafantAigua.jpg 337w\" sizes=\"auto, (max-width: 300px) 100vw, 300px\" \/><figcaption id=\"caption-attachment-5509\" class=\"wp-caption-text\">venir a Sant Mag\u00ed a buscar aigua per repartir-la als pobles<\/figcaption><\/figure>\n<p>Tira\u00a0endavant\u00a0el projecte <strong>&#8220;Recuperem la mem\u00f2ria de Sant Mag\u00ed de la\u00a0<span class=\"hiddenSpellError\">Brufaganya<\/span>&#8220;<\/strong>. La Brufaganya\u00a0\u00e9s un lloc d&#8217;antigues tradicions on amb el temps s&#8217;<span class=\"hiddenGrammarError\" style=\"padding-bottom: 2px; background-image: url('..\/..\/..\/..\/..\/images\/squiggle.png'); background-repeat: repeat-x; background-position: left bottom; cursor: default; color: #000000; font-family: 'Open Sans', Helvetica, Arial, sans-serif; font-size: 16px; font-style: normal; font-variant-ligatures: normal; font-variant-caps: normal; font-weight: 300; letter-spacing: normal; orphans: 2; text-align: start; text-indent: 0px; text-transform: none; white-space: normal; widows: 2; word-spacing: 0px; -webkit-text-stroke-width: 0px; text-decoration-thickness: initial; text-decoration-style: initial; text-decoration-color: initial;\">han<\/span>\u00a0anat acumulant costums i pr\u00e0ctiques normalment formades a l&#8217;entorn de\u00a0la devoci\u00f3 a Sant Mag\u00ed. Moltes d&#8217;aquestes tradicions s&#8217;<span class=\"hiddenGrammarError\" style=\"padding-bottom: 2px; background-image: url('..\/..\/..\/..\/..\/images\/squiggle.png'); background-repeat: repeat-x; background-position: left bottom; cursor: default; color: #000000; font-family: 'Open Sans', Helvetica, Arial, sans-serif; font-size: 16px; font-style: normal; font-variant-ligatures: normal; font-variant-caps: normal; font-weight: 300; letter-spacing: normal; orphans: 2; text-align: start; text-indent: 0px; text-transform: none; white-space: normal; widows: 2; word-spacing: 0px; -webkit-text-stroke-width: 0px; text-decoration-thickness: initial; text-decoration-style: initial; text-decoration-color: initial;\">han<\/span> anat perdent i ja nom\u00e9s existeixen a la mem\u00f2ria de les persones m\u00e9s grans, especialment d&#8217;aquelles que hi van viure abans dels anys seixanta del segle XX.<br \/>\nEls <strong>Amics de Sant Mag\u00ed i el seu entorn<\/strong> fa molt temps que ens vam proposar tirar endavant una campanya per recollir documentalment all\u00f2 que recorden aquestes persones i era un objectiu preferent en la campanya &#8220;<strong>Sant Mag\u00ed 2020<\/strong>&#8221; per commemorar els <span class=\"hiddenGreenError\">400<\/span>\u00a0anys de l&#8217;Aplec de setembre.<\/p>\n<p>Des del passat mes d&#8217;octubre hem posat fil a l&#8217;agulla i s&#8217;ha iniciat el projecte <strong>&#8220;Recuperem la mem\u00f2ria de Sant Mag\u00ed de la\u00a0<span class=\"hiddenGrammarError\">Brufaganya &#8220;<\/span><\/strong>, que inclou la\u00a0pr\u00f2pia\u00a0redacci\u00f3 del projecte<span class=\"hiddenGrammarError\">\u00a0,<\/span>\u00a0la realitzaci\u00f3 de diverses entrevistes a persones grans<span class=\"hiddenGrammarError\">\u00a0,<\/span>\u00a0la seva posterior transcripci\u00f3 i l&#8217;ingr\u00e9s de les entrevistes a l&#8217;<span class=\"hiddenSpellError\">IPEC<\/span>\u00a0(Inventari\u00a0de Patrimoni Etnol\u00f2gic de Catalunya).<\/p>\n<figure id=\"attachment_2829\" aria-describedby=\"caption-attachment-2829\" style=\"width: 300px\" class=\"wp-caption alignright\"><img loading=\"lazy\" decoding=\"async\" class=\"size-medium wp-image-2829\" src=\"https:\/\/brufaganya.cat\/2020\/wp-content\/uploads\/2018\/11\/sardana-i-music-300x200.jpg\" alt=\"Aplec 2018. Foto: Tribus de la Segarra\" width=\"300\" height=\"200\" srcset=\"https:\/\/brufaganya.cat\/2020\/wp-content\/uploads\/2018\/11\/sardana-i-music-300x200.jpg 300w, https:\/\/brufaganya.cat\/2020\/wp-content\/uploads\/2018\/11\/sardana-i-music-450x300.jpg 450w, https:\/\/brufaganya.cat\/2020\/wp-content\/uploads\/2018\/11\/sardana-i-music.jpg 567w\" sizes=\"auto, (max-width: 300px) 100vw, 300px\" \/><figcaption id=\"caption-attachment-2829\" class=\"wp-caption-text\">Aplec 2018. Foto: Tribus de la Segarra<\/figcaption><\/figure>\n<p>Tot el projecte es tira endavant amb el suport log\u00edstic dels Amics de Sant Mag\u00ed de la <span class=\"hiddenSpellError\">Brufaganya<\/span> i el seu entorn i amb el suport econ\u00f2mic de la Diputaci\u00f3 de Tarragona dintre el seu programa de subvencions a entitats de l&#8217;any 2022, i compta amb professionals qualificats per a la seva elaboraci\u00f3.<\/p>\n","protected":false},"excerpt":{"rendered":"<p>Tira\u00a0endavant\u00a0el projecte &#8220;Recuperem la mem\u00f2ria de Sant Mag\u00ed de la\u00a0Brufaganya&#8220;. La Brufaganya\u00a0\u00e9s un lloc d&#8217;antigues tradicions on amb el temps s&#8217;han\u00a0anat acumulant costums i pr\u00e0ctiques normalment formades a l&#8217;entorn de\u00a0la [&hellip;]<\/p>\n","protected":false},"author":105,"featured_media":6224,"comment_status":"open","ping_status":"closed","sticky":false,"template":"","format":"standard","meta":{"inline_featured_image":false,"footnotes":""},"categories":[769,1],"tags":[],"class_list":["post-6594","post","type-post","status-publish","format-standard","has-post-thumbnail","hentry","category-historia-oral","category-noticies"],"yoast_head":"<!-- This site is optimized with the Yoast SEO plugin v27.5 - https:\/\/yoast.com\/product\/yoast-seo-wordpress\/ -->\n<title>Recuperem la mem\u00f2ria de Sant Mag\u00ed de la\u00a0Brufaganya &#187; Sant Mag\u00ed de la Brufaganya<\/title>\n<meta name=\"robots\" content=\"index, follow, max-snippet:-1, max-image-preview:large, max-video-preview:-1\" \/>\n<link rel=\"canonical\" href=\"https:\/\/brufaganya.cat\/2020\/recuperem-la-memoria-de-sant-magi-de-la-brufaganya\/\" \/>\n<meta property=\"og:locale\" content=\"ca_ES\" \/>\n<meta property=\"og:type\" content=\"article\" \/>\n<meta property=\"og:title\" content=\"Recuperem la mem\u00f2ria de Sant Mag\u00ed de la\u00a0Brufaganya &#187; Sant Mag\u00ed de la Brufaganya\" \/>\n<meta property=\"og:description\" content=\"Tira\u00a0endavant\u00a0el projecte &#8220;Recuperem la mem\u00f2ria de Sant Mag\u00ed de la\u00a0Brufaganya&#8220;. La Brufaganya\u00a0\u00e9s un lloc d&#8217;antigues tradicions on amb el temps s&#8217;han\u00a0anat acumulant costums i pr\u00e0ctiques normalment formades a l&#8217;entorn de\u00a0la [&hellip;]\" \/>\n<meta property=\"og:url\" content=\"https:\/\/brufaganya.cat\/2020\/recuperem-la-memoria-de-sant-magi-de-la-brufaganya\/\" \/>\n<meta property=\"og:site_name\" content=\"Sant Mag\u00ed de la Brufaganya\" \/>\n<meta property=\"article:published_time\" content=\"2022-02-10T16:12:05+00:00\" \/>\n<meta property=\"article:modified_time\" content=\"2023-01-27T11:55:22+00:00\" \/>\n<meta property=\"og:image\" content=\"https:\/\/brufaganya.cat\/2020\/wp-content\/uploads\/2021\/06\/repartint.jpg\" \/>\n\t<meta property=\"og:image:width\" content=\"1476\" \/>\n\t<meta property=\"og:image:height\" content=\"984\" \/>\n\t<meta property=\"og:image:type\" content=\"image\/jpeg\" \/>\n<meta name=\"author\" content=\"Rita Armejach Carreras\" \/>\n<meta name=\"twitter:card\" content=\"summary_large_image\" \/>\n<meta name=\"twitter:label1\" content=\"Escrit per\" \/>\n\t<meta name=\"twitter:data1\" content=\"Rita Armejach Carreras\" \/>\n\t<meta name=\"twitter:label2\" content=\"Temps estimat de lectura\" \/>\n\t<meta name=\"twitter:data2\" content=\"2 minuts\" \/>\n<script type=\"application\/ld+json\" class=\"yoast-schema-graph\">{\"@context\":\"https:\\\/\\\/schema.org\",\"@graph\":[{\"@type\":\"Article\",\"@id\":\"https:\\\/\\\/brufaganya.cat\\\/2020\\\/recuperem-la-memoria-de-sant-magi-de-la-brufaganya\\\/#article\",\"isPartOf\":{\"@id\":\"https:\\\/\\\/brufaganya.cat\\\/2020\\\/recuperem-la-memoria-de-sant-magi-de-la-brufaganya\\\/\"},\"author\":{\"name\":\"Rita Armejach Carreras\",\"@id\":\"https:\\\/\\\/brufaganya.cat\\\/2020\\\/#\\\/schema\\\/person\\\/cd383ee397867b5182d1cf80b8c2e95c\"},\"headline\":\"Recuperem la mem\u00f2ria de Sant Mag\u00ed de la\u00a0Brufaganya\",\"datePublished\":\"2022-02-10T16:12:05+00:00\",\"dateModified\":\"2023-01-27T11:55:22+00:00\",\"mainEntityOfPage\":{\"@id\":\"https:\\\/\\\/brufaganya.cat\\\/2020\\\/recuperem-la-memoria-de-sant-magi-de-la-brufaganya\\\/\"},\"wordCount\":277,\"commentCount\":0,\"publisher\":{\"@id\":\"https:\\\/\\\/brufaganya.cat\\\/2020\\\/#organization\"},\"image\":{\"@id\":\"https:\\\/\\\/brufaganya.cat\\\/2020\\\/recuperem-la-memoria-de-sant-magi-de-la-brufaganya\\\/#primaryimage\"},\"thumbnailUrl\":\"https:\\\/\\\/brufaganya.cat\\\/2020\\\/wp-content\\\/uploads\\\/2021\\\/06\\\/repartint.jpg\",\"articleSection\":[\"Hist\u00f2ria oral\",\"Not\u00edcies\"],\"inLanguage\":\"ca\",\"potentialAction\":[{\"@type\":\"CommentAction\",\"name\":\"Comment\",\"target\":[\"https:\\\/\\\/brufaganya.cat\\\/2020\\\/recuperem-la-memoria-de-sant-magi-de-la-brufaganya\\\/#respond\"]}]},{\"@type\":\"WebPage\",\"@id\":\"https:\\\/\\\/brufaganya.cat\\\/2020\\\/recuperem-la-memoria-de-sant-magi-de-la-brufaganya\\\/\",\"url\":\"https:\\\/\\\/brufaganya.cat\\\/2020\\\/recuperem-la-memoria-de-sant-magi-de-la-brufaganya\\\/\",\"name\":\"Recuperem la mem\u00f2ria de Sant Mag\u00ed de la\u00a0Brufaganya &#187; Sant Mag\u00ed de la Brufaganya\",\"isPartOf\":{\"@id\":\"https:\\\/\\\/brufaganya.cat\\\/2020\\\/#website\"},\"primaryImageOfPage\":{\"@id\":\"https:\\\/\\\/brufaganya.cat\\\/2020\\\/recuperem-la-memoria-de-sant-magi-de-la-brufaganya\\\/#primaryimage\"},\"image\":{\"@id\":\"https:\\\/\\\/brufaganya.cat\\\/2020\\\/recuperem-la-memoria-de-sant-magi-de-la-brufaganya\\\/#primaryimage\"},\"thumbnailUrl\":\"https:\\\/\\\/brufaganya.cat\\\/2020\\\/wp-content\\\/uploads\\\/2021\\\/06\\\/repartint.jpg\",\"datePublished\":\"2022-02-10T16:12:05+00:00\",\"dateModified\":\"2023-01-27T11:55:22+00:00\",\"breadcrumb\":{\"@id\":\"https:\\\/\\\/brufaganya.cat\\\/2020\\\/recuperem-la-memoria-de-sant-magi-de-la-brufaganya\\\/#breadcrumb\"},\"inLanguage\":\"ca\",\"potentialAction\":[{\"@type\":\"ReadAction\",\"target\":[\"https:\\\/\\\/brufaganya.cat\\\/2020\\\/recuperem-la-memoria-de-sant-magi-de-la-brufaganya\\\/\"]}]},{\"@type\":\"ImageObject\",\"inLanguage\":\"ca\",\"@id\":\"https:\\\/\\\/brufaganya.cat\\\/2020\\\/recuperem-la-memoria-de-sant-magi-de-la-brufaganya\\\/#primaryimage\",\"url\":\"https:\\\/\\\/brufaganya.cat\\\/2020\\\/wp-content\\\/uploads\\\/2021\\\/06\\\/repartint.jpg\",\"contentUrl\":\"https:\\\/\\\/brufaganya.cat\\\/2020\\\/wp-content\\\/uploads\\\/2021\\\/06\\\/repartint.jpg\",\"width\":1476,\"height\":984,\"caption\":\"APLEC DE LES ROSES\"},{\"@type\":\"BreadcrumbList\",\"@id\":\"https:\\\/\\\/brufaganya.cat\\\/2020\\\/recuperem-la-memoria-de-sant-magi-de-la-brufaganya\\\/#breadcrumb\",\"itemListElement\":[{\"@type\":\"ListItem\",\"position\":1,\"name\":\"Inici\",\"item\":\"https:\\\/\\\/brufaganya.cat\\\/2020\\\/\"},{\"@type\":\"ListItem\",\"position\":2,\"name\":\"Recuperem la mem\u00f2ria de Sant Mag\u00ed de la\u00a0Brufaganya\"}]},{\"@type\":\"WebSite\",\"@id\":\"https:\\\/\\\/brufaganya.cat\\\/2020\\\/#website\",\"url\":\"https:\\\/\\\/brufaganya.cat\\\/2020\\\/\",\"name\":\"Sant Mag\u00ed de la Brufaganya\",\"description\":\"Lloc web de Sant Mag\u00ed de la Brufaganya\",\"publisher\":{\"@id\":\"https:\\\/\\\/brufaganya.cat\\\/2020\\\/#organization\"},\"potentialAction\":[{\"@type\":\"SearchAction\",\"target\":{\"@type\":\"EntryPoint\",\"urlTemplate\":\"https:\\\/\\\/brufaganya.cat\\\/2020\\\/?s={search_term_string}\"},\"query-input\":{\"@type\":\"PropertyValueSpecification\",\"valueRequired\":true,\"valueName\":\"search_term_string\"}}],\"inLanguage\":\"ca\"},{\"@type\":\"Organization\",\"@id\":\"https:\\\/\\\/brufaganya.cat\\\/2020\\\/#organization\",\"name\":\"Sant Mag\u00ed de Brufaganya\",\"url\":\"https:\\\/\\\/brufaganya.cat\\\/2020\\\/\",\"logo\":{\"@type\":\"ImageObject\",\"inLanguage\":\"ca\",\"@id\":\"https:\\\/\\\/brufaganya.cat\\\/2020\\\/#\\\/schema\\\/logo\\\/image\\\/\",\"url\":\"https:\\\/\\\/brufaganya.cat\\\/2020\\\/wp-content\\\/uploads\\\/2018\\\/11\\\/st_marti_bruga_horitz_posi_logo.jpg\",\"contentUrl\":\"https:\\\/\\\/brufaganya.cat\\\/2020\\\/wp-content\\\/uploads\\\/2018\\\/11\\\/st_marti_bruga_horitz_posi_logo.jpg\",\"width\":1479,\"height\":804,\"caption\":\"Sant Mag\u00ed de Brufaganya\"},\"image\":{\"@id\":\"https:\\\/\\\/brufaganya.cat\\\/2020\\\/#\\\/schema\\\/logo\\\/image\\\/\"},\"sameAs\":[\"https:\\\/\\\/ca.wikipedia.org\\\/wiki\\\/Sant_Mag\u00ed_de_Brufaganya\"]},{\"@type\":\"Person\",\"@id\":\"https:\\\/\\\/brufaganya.cat\\\/2020\\\/#\\\/schema\\\/person\\\/cd383ee397867b5182d1cf80b8c2e95c\",\"name\":\"Rita Armejach Carreras\",\"image\":{\"@type\":\"ImageObject\",\"inLanguage\":\"ca\",\"@id\":\"https:\\\/\\\/secure.gravatar.com\\\/avatar\\\/9dd6e49c4c61c4e14defcbf48211c55e6d268a4486cf9f5cef1b53148943d71d?s=96&d=mm&r=g\",\"url\":\"https:\\\/\\\/secure.gravatar.com\\\/avatar\\\/9dd6e49c4c61c4e14defcbf48211c55e6d268a4486cf9f5cef1b53148943d71d?s=96&d=mm&r=g\",\"contentUrl\":\"https:\\\/\\\/secure.gravatar.com\\\/avatar\\\/9dd6e49c4c61c4e14defcbf48211c55e6d268a4486cf9f5cef1b53148943d71d?s=96&d=mm&r=g\",\"caption\":\"Rita Armejach Carreras\"},\"url\":\"https:\\\/\\\/brufaganya.cat\\\/2020\\\/author\\\/rarmejach\\\/\"}]}<\/script>\n<!-- \/ Yoast SEO plugin. -->","yoast_head_json":{"title":"Recuperem la mem\u00f2ria de Sant Mag\u00ed de la\u00a0Brufaganya &#187; Sant Mag\u00ed de la Brufaganya","robots":{"index":"index","follow":"follow","max-snippet":"max-snippet:-1","max-image-preview":"max-image-preview:large","max-video-preview":"max-video-preview:-1"},"canonical":"https:\/\/brufaganya.cat\/2020\/recuperem-la-memoria-de-sant-magi-de-la-brufaganya\/","og_locale":"ca_ES","og_type":"article","og_title":"Recuperem la mem\u00f2ria de Sant Mag\u00ed de la\u00a0Brufaganya &#187; Sant Mag\u00ed de la Brufaganya","og_description":"Tira\u00a0endavant\u00a0el projecte &#8220;Recuperem la mem\u00f2ria de Sant Mag\u00ed de la\u00a0Brufaganya&#8220;. La Brufaganya\u00a0\u00e9s un lloc d&#8217;antigues tradicions on amb el temps s&#8217;han\u00a0anat acumulant costums i pr\u00e0ctiques normalment formades a l&#8217;entorn de\u00a0la [&hellip;]","og_url":"https:\/\/brufaganya.cat\/2020\/recuperem-la-memoria-de-sant-magi-de-la-brufaganya\/","og_site_name":"Sant Mag\u00ed de la Brufaganya","article_published_time":"2022-02-10T16:12:05+00:00","article_modified_time":"2023-01-27T11:55:22+00:00","og_image":[{"width":1476,"height":984,"url":"https:\/\/brufaganya.cat\/2020\/wp-content\/uploads\/2021\/06\/repartint.jpg","type":"image\/jpeg"}],"author":"Rita Armejach Carreras","twitter_card":"summary_large_image","twitter_misc":{"Escrit per":"Rita Armejach Carreras","Temps estimat de lectura":"2 minuts"},"schema":{"@context":"https:\/\/schema.org","@graph":[{"@type":"Article","@id":"https:\/\/brufaganya.cat\/2020\/recuperem-la-memoria-de-sant-magi-de-la-brufaganya\/#article","isPartOf":{"@id":"https:\/\/brufaganya.cat\/2020\/recuperem-la-memoria-de-sant-magi-de-la-brufaganya\/"},"author":{"name":"Rita Armejach Carreras","@id":"https:\/\/brufaganya.cat\/2020\/#\/schema\/person\/cd383ee397867b5182d1cf80b8c2e95c"},"headline":"Recuperem la mem\u00f2ria de Sant Mag\u00ed de la\u00a0Brufaganya","datePublished":"2022-02-10T16:12:05+00:00","dateModified":"2023-01-27T11:55:22+00:00","mainEntityOfPage":{"@id":"https:\/\/brufaganya.cat\/2020\/recuperem-la-memoria-de-sant-magi-de-la-brufaganya\/"},"wordCount":277,"commentCount":0,"publisher":{"@id":"https:\/\/brufaganya.cat\/2020\/#organization"},"image":{"@id":"https:\/\/brufaganya.cat\/2020\/recuperem-la-memoria-de-sant-magi-de-la-brufaganya\/#primaryimage"},"thumbnailUrl":"https:\/\/brufaganya.cat\/2020\/wp-content\/uploads\/2021\/06\/repartint.jpg","articleSection":["Hist\u00f2ria oral","Not\u00edcies"],"inLanguage":"ca","potentialAction":[{"@type":"CommentAction","name":"Comment","target":["https:\/\/brufaganya.cat\/2020\/recuperem-la-memoria-de-sant-magi-de-la-brufaganya\/#respond"]}]},{"@type":"WebPage","@id":"https:\/\/brufaganya.cat\/2020\/recuperem-la-memoria-de-sant-magi-de-la-brufaganya\/","url":"https:\/\/brufaganya.cat\/2020\/recuperem-la-memoria-de-sant-magi-de-la-brufaganya\/","name":"Recuperem la mem\u00f2ria de Sant Mag\u00ed de la\u00a0Brufaganya &#187; Sant Mag\u00ed de la Brufaganya","isPartOf":{"@id":"https:\/\/brufaganya.cat\/2020\/#website"},"primaryImageOfPage":{"@id":"https:\/\/brufaganya.cat\/2020\/recuperem-la-memoria-de-sant-magi-de-la-brufaganya\/#primaryimage"},"image":{"@id":"https:\/\/brufaganya.cat\/2020\/recuperem-la-memoria-de-sant-magi-de-la-brufaganya\/#primaryimage"},"thumbnailUrl":"https:\/\/brufaganya.cat\/2020\/wp-content\/uploads\/2021\/06\/repartint.jpg","datePublished":"2022-02-10T16:12:05+00:00","dateModified":"2023-01-27T11:55:22+00:00","breadcrumb":{"@id":"https:\/\/brufaganya.cat\/2020\/recuperem-la-memoria-de-sant-magi-de-la-brufaganya\/#breadcrumb"},"inLanguage":"ca","potentialAction":[{"@type":"ReadAction","target":["https:\/\/brufaganya.cat\/2020\/recuperem-la-memoria-de-sant-magi-de-la-brufaganya\/"]}]},{"@type":"ImageObject","inLanguage":"ca","@id":"https:\/\/brufaganya.cat\/2020\/recuperem-la-memoria-de-sant-magi-de-la-brufaganya\/#primaryimage","url":"https:\/\/brufaganya.cat\/2020\/wp-content\/uploads\/2021\/06\/repartint.jpg","contentUrl":"https:\/\/brufaganya.cat\/2020\/wp-content\/uploads\/2021\/06\/repartint.jpg","width":1476,"height":984,"caption":"APLEC DE LES ROSES"},{"@type":"BreadcrumbList","@id":"https:\/\/brufaganya.cat\/2020\/recuperem-la-memoria-de-sant-magi-de-la-brufaganya\/#breadcrumb","itemListElement":[{"@type":"ListItem","position":1,"name":"Inici","item":"https:\/\/brufaganya.cat\/2020\/"},{"@type":"ListItem","position":2,"name":"Recuperem la mem\u00f2ria de Sant Mag\u00ed de la\u00a0Brufaganya"}]},{"@type":"WebSite","@id":"https:\/\/brufaganya.cat\/2020\/#website","url":"https:\/\/brufaganya.cat\/2020\/","name":"Sant Mag\u00ed de la Brufaganya","description":"Lloc web de Sant Mag\u00ed de la Brufaganya","publisher":{"@id":"https:\/\/brufaganya.cat\/2020\/#organization"},"potentialAction":[{"@type":"SearchAction","target":{"@type":"EntryPoint","urlTemplate":"https:\/\/brufaganya.cat\/2020\/?s={search_term_string}"},"query-input":{"@type":"PropertyValueSpecification","valueRequired":true,"valueName":"search_term_string"}}],"inLanguage":"ca"},{"@type":"Organization","@id":"https:\/\/brufaganya.cat\/2020\/#organization","name":"Sant Mag\u00ed de Brufaganya","url":"https:\/\/brufaganya.cat\/2020\/","logo":{"@type":"ImageObject","inLanguage":"ca","@id":"https:\/\/brufaganya.cat\/2020\/#\/schema\/logo\/image\/","url":"https:\/\/brufaganya.cat\/2020\/wp-content\/uploads\/2018\/11\/st_marti_bruga_horitz_posi_logo.jpg","contentUrl":"https:\/\/brufaganya.cat\/2020\/wp-content\/uploads\/2018\/11\/st_marti_bruga_horitz_posi_logo.jpg","width":1479,"height":804,"caption":"Sant Mag\u00ed de Brufaganya"},"image":{"@id":"https:\/\/brufaganya.cat\/2020\/#\/schema\/logo\/image\/"},"sameAs":["https:\/\/ca.wikipedia.org\/wiki\/Sant_Mag\u00ed_de_Brufaganya"]},{"@type":"Person","@id":"https:\/\/brufaganya.cat\/2020\/#\/schema\/person\/cd383ee397867b5182d1cf80b8c2e95c","name":"Rita Armejach Carreras","image":{"@type":"ImageObject","inLanguage":"ca","@id":"https:\/\/secure.gravatar.com\/avatar\/9dd6e49c4c61c4e14defcbf48211c55e6d268a4486cf9f5cef1b53148943d71d?s=96&d=mm&r=g","url":"https:\/\/secure.gravatar.com\/avatar\/9dd6e49c4c61c4e14defcbf48211c55e6d268a4486cf9f5cef1b53148943d71d?s=96&d=mm&r=g","contentUrl":"https:\/\/secure.gravatar.com\/avatar\/9dd6e49c4c61c4e14defcbf48211c55e6d268a4486cf9f5cef1b53148943d71d?s=96&d=mm&r=g","caption":"Rita Armejach Carreras"},"url":"https:\/\/brufaganya.cat\/2020\/author\/rarmejach\/"}]}},"_links":{"self":[{"href":"https:\/\/brufaganya.cat\/2020\/wp-json\/wp\/v2\/posts\/6594","targetHints":{"allow":["GET"]}}],"collection":[{"href":"https:\/\/brufaganya.cat\/2020\/wp-json\/wp\/v2\/posts"}],"about":[{"href":"https:\/\/brufaganya.cat\/2020\/wp-json\/wp\/v2\/types\/post"}],"author":[{"embeddable":true,"href":"https:\/\/brufaganya.cat\/2020\/wp-json\/wp\/v2\/users\/105"}],"replies":[{"embeddable":true,"href":"https:\/\/brufaganya.cat\/2020\/wp-json\/wp\/v2\/comments?post=6594"}],"version-history":[{"count":0,"href":"https:\/\/brufaganya.cat\/2020\/wp-json\/wp\/v2\/posts\/6594\/revisions"}],"wp:featuredmedia":[{"embeddable":true,"href":"https:\/\/brufaganya.cat\/2020\/wp-json\/wp\/v2\/media\/6224"}],"wp:attachment":[{"href":"https:\/\/brufaganya.cat\/2020\/wp-json\/wp\/v2\/media?parent=6594"}],"wp:term":[{"taxonomy":"category","embeddable":true,"href":"https:\/\/brufaganya.cat\/2020\/wp-json\/wp\/v2\/categories?post=6594"},{"taxonomy":"post_tag","embeddable":true,"href":"https:\/\/brufaganya.cat\/2020\/wp-json\/wp\/v2\/tags?post=6594"}],"curies":[{"name":"wp","href":"https:\/\/api.w.org\/{rel}","templated":true}]}}