{"id":6534,"date":"2021-12-20T20:16:04","date_gmt":"2021-12-20T18:16:04","guid":{"rendered":"https:\/\/brufaganya.cat\/2020\/?p=6534"},"modified":"2021-12-20T20:25:16","modified_gmt":"2021-12-20T18:25:16","slug":"6534-2","status":"publish","type":"post","link":"https:\/\/brufaganya.cat\/2020\/6534-2\/","title":{"rendered":"Els motards porten el pessebre a Sant Mag\u00ed"},"content":{"rendered":"<p>Diumenge, com cada any, els motards van portar un pessebre a Sant Mag\u00ed de la\u00a0<span class=\"hiddenSpellError\">Brufaganya<\/span>. En el moment de l&#8217;ofertori, es va oferir el pessebre al Sant, una pe\u00e7a plena de simbolisme.<br \/>\nLa\u00a0pand\u00e8mia, la gent que la sofreix i\u00a0Nadal\u00a0com a bri d&#8217;esperan\u00e7a, est\u00e0 representada en la figura.<\/p>\n<p><img loading=\"lazy\" decoding=\"async\" class=\"size-medium wp-image-6537 alignright\" src=\"https:\/\/brufaganya.cat\/2020\/wp-content\/uploads\/2021\/12\/pessebre2021-169x300.jpg\" alt=\"\" width=\"169\" height=\"300\" srcset=\"https:\/\/brufaganya.cat\/2020\/wp-content\/uploads\/2021\/12\/pessebre2021-169x300.jpg 169w, https:\/\/brufaganya.cat\/2020\/wp-content\/uploads\/2021\/12\/pessebre2021-576x1024.jpg 576w, https:\/\/brufaganya.cat\/2020\/wp-content\/uploads\/2021\/12\/pessebre2021-768x1365.jpg 768w, https:\/\/brufaganya.cat\/2020\/wp-content\/uploads\/2021\/12\/pessebre2021-864x1536.jpg 864w, https:\/\/brufaganya.cat\/2020\/wp-content\/uploads\/2021\/12\/pessebre2021-1152x2048.jpg 1152w, https:\/\/brufaganya.cat\/2020\/wp-content\/uploads\/2021\/12\/pessebre2021-scaled.jpg 1440w\" sizes=\"auto, (max-width: 169px) 100vw, 169px\" \/>Treball d&#8217;una\u00a0l\u00ednia\u00a0poc convencional i creativa. Al final de la missa un dels motards va explicar als\u00a0assistents\u00a0les diferents parts i el seu significat. De color viu es presenta el cervell que es veu afectat pel virus i en ell hi ha Nadal un llum d&#8217;esperan\u00e7a. Un rellotge marca el temps i no hi pot faltar la\u00a0refer\u00e8ncia\u00a0a les motos.<br \/>\nDe la carretera de Tarragona, dels camins de\u00a0la\u00a0Llacuna, de diferents indrets arriben els motards. Les seves m\u00e0quines\u00a0potents\u00a0i els seus\u00a0equipaments\u00a0multicolors animen la pla\u00e7a. La gent espera\u00a0prenent\u00a0el sol en un mat\u00ed net,\u00a0clar i fresquet. Els motoristes\u00a0se\u00a0saluden i comenten les seves\u00a0experi\u00e8ncies.<br \/>\nToca la campana i comen\u00e7a la\u00a0missa. Els cants, la presentaci\u00f3 del pessebre i la participaci\u00f3 en la\u00a0cerim\u00f2nia\u00a0tot ens anima a comen\u00e7ar b\u00e9\u00a0Nadal.<br \/>\n<img loading=\"lazy\" decoding=\"async\" class=\"size-medium wp-image-6536 alignleft\" src=\"https:\/\/brufaganya.cat\/2020\/wp-content\/uploads\/2021\/12\/grupMotards-169x300.jpg\" alt=\"\" width=\"169\" height=\"300\" srcset=\"https:\/\/brufaganya.cat\/2020\/wp-content\/uploads\/2021\/12\/grupMotards-169x300.jpg 169w, https:\/\/brufaganya.cat\/2020\/wp-content\/uploads\/2021\/12\/grupMotards-576x1024.jpg 576w, https:\/\/brufaganya.cat\/2020\/wp-content\/uploads\/2021\/12\/grupMotards-768x1365.jpg 768w, https:\/\/brufaganya.cat\/2020\/wp-content\/uploads\/2021\/12\/grupMotards-864x1536.jpg 864w, https:\/\/brufaganya.cat\/2020\/wp-content\/uploads\/2021\/12\/grupMotards-1152x2048.jpg 1152w, https:\/\/brufaganya.cat\/2020\/wp-content\/uploads\/2021\/12\/grupMotards-scaled.jpg 1440w\" sizes=\"auto, (max-width: 169px) 100vw, 169px\" \/>A la sortida de missa es torna a omplir la pla\u00e7a. Els motards amb\u00a0les seves motos\u00a0es fan les fotos amb els companys. Imatges en posici\u00f3,\u00a0motoristes de peu damunt\u00a0les motos, marxant cap a la Llacuna fent piruetes de trial&#8230;<\/p>\n<p>Se\u00a0senten contents de retrobar-se altra vegada a Sant Mag\u00ed.\u00a0Tots estem contents de veure&#8217;ns i esperem que\u00a0puguem\u00a0tornar a dir: Bon Nadal i\u00a0<span class=\"hiddenGrammarError\">millor<\/span>\u00a0Any Nou!<\/p>\n","protected":false},"excerpt":{"rendered":"<p>Diumenge, com cada any, els motards van portar un pessebre a Sant Mag\u00ed de la\u00a0Brufaganya. En el moment de l&#8217;ofertori, es va oferir el pessebre al Sant, una pe\u00e7a plena [&hellip;]<\/p>\n","protected":false},"author":105,"featured_media":6535,"comment_status":"open","ping_status":"closed","sticky":false,"template":"","format":"standard","meta":{"inline_featured_image":false,"footnotes":""},"categories":[1,768],"tags":[],"class_list":["post-6534","post","type-post","status-publish","format-standard","has-post-thumbnail","hentry","category-noticies","category-tradicions-religioses"],"yoast_head":"<!-- This site is optimized with the Yoast SEO plugin v27.5 - https:\/\/yoast.com\/product\/yoast-seo-wordpress\/ -->\n<title>Els motards porten el pessebre a Sant Mag\u00ed &#187; Sant Mag\u00ed de la Brufaganya<\/title>\n<meta name=\"robots\" content=\"index, follow, max-snippet:-1, max-image-preview:large, max-video-preview:-1\" \/>\n<link rel=\"canonical\" href=\"https:\/\/brufaganya.cat\/2020\/6534-2\/\" \/>\n<meta property=\"og:locale\" content=\"ca_ES\" \/>\n<meta property=\"og:type\" content=\"article\" \/>\n<meta property=\"og:title\" content=\"Els motards porten el pessebre a Sant Mag\u00ed &#187; Sant Mag\u00ed de la Brufaganya\" \/>\n<meta property=\"og:description\" content=\"Diumenge, com cada any, els motards van portar un pessebre a Sant Mag\u00ed de la\u00a0Brufaganya. En el moment de l&#8217;ofertori, es va oferir el pessebre al Sant, una pe\u00e7a plena [&hellip;]\" \/>\n<meta property=\"og:url\" content=\"https:\/\/brufaganya.cat\/2020\/6534-2\/\" \/>\n<meta property=\"og:site_name\" content=\"Sant Mag\u00ed de la Brufaganya\" \/>\n<meta property=\"article:published_time\" content=\"2021-12-20T18:16:04+00:00\" \/>\n<meta property=\"article:modified_time\" content=\"2021-12-20T18:25:16+00:00\" \/>\n<meta property=\"og:image\" content=\"https:\/\/brufaganya.cat\/2020\/wp-content\/uploads\/2021\/12\/placaPlena.jpg\" \/>\n\t<meta property=\"og:image:width\" content=\"1328\" \/>\n\t<meta property=\"og:image:height\" content=\"747\" \/>\n\t<meta property=\"og:image:type\" content=\"image\/jpeg\" \/>\n<meta name=\"author\" content=\"Rita Armejach Carreras\" \/>\n<meta name=\"twitter:card\" content=\"summary_large_image\" \/>\n<meta name=\"twitter:label1\" content=\"Escrit per\" \/>\n\t<meta name=\"twitter:data1\" content=\"Rita Armejach Carreras\" \/>\n\t<meta name=\"twitter:label2\" content=\"Temps estimat de lectura\" \/>\n\t<meta name=\"twitter:data2\" content=\"2 minuts\" \/>\n<script type=\"application\/ld+json\" class=\"yoast-schema-graph\">{\"@context\":\"https:\\\/\\\/schema.org\",\"@graph\":[{\"@type\":\"Article\",\"@id\":\"https:\\\/\\\/brufaganya.cat\\\/2020\\\/6534-2\\\/#article\",\"isPartOf\":{\"@id\":\"https:\\\/\\\/brufaganya.cat\\\/2020\\\/6534-2\\\/\"},\"author\":{\"name\":\"Rita Armejach Carreras\",\"@id\":\"https:\\\/\\\/brufaganya.cat\\\/2020\\\/#\\\/schema\\\/person\\\/cd383ee397867b5182d1cf80b8c2e95c\"},\"headline\":\"Els motards porten el pessebre a Sant Mag\u00ed\",\"datePublished\":\"2021-12-20T18:16:04+00:00\",\"dateModified\":\"2021-12-20T18:25:16+00:00\",\"mainEntityOfPage\":{\"@id\":\"https:\\\/\\\/brufaganya.cat\\\/2020\\\/6534-2\\\/\"},\"wordCount\":281,\"commentCount\":0,\"publisher\":{\"@id\":\"https:\\\/\\\/brufaganya.cat\\\/2020\\\/#organization\"},\"image\":{\"@id\":\"https:\\\/\\\/brufaganya.cat\\\/2020\\\/6534-2\\\/#primaryimage\"},\"thumbnailUrl\":\"https:\\\/\\\/brufaganya.cat\\\/2020\\\/wp-content\\\/uploads\\\/2021\\\/12\\\/placaPlena.jpg\",\"articleSection\":[\"Not\u00edcies\",\"Tradicions religioses\"],\"inLanguage\":\"ca\",\"potentialAction\":[{\"@type\":\"CommentAction\",\"name\":\"Comment\",\"target\":[\"https:\\\/\\\/brufaganya.cat\\\/2020\\\/6534-2\\\/#respond\"]}]},{\"@type\":\"WebPage\",\"@id\":\"https:\\\/\\\/brufaganya.cat\\\/2020\\\/6534-2\\\/\",\"url\":\"https:\\\/\\\/brufaganya.cat\\\/2020\\\/6534-2\\\/\",\"name\":\"Els motards porten el pessebre a Sant Mag\u00ed &#187; Sant Mag\u00ed de la Brufaganya\",\"isPartOf\":{\"@id\":\"https:\\\/\\\/brufaganya.cat\\\/2020\\\/#website\"},\"primaryImageOfPage\":{\"@id\":\"https:\\\/\\\/brufaganya.cat\\\/2020\\\/6534-2\\\/#primaryimage\"},\"image\":{\"@id\":\"https:\\\/\\\/brufaganya.cat\\\/2020\\\/6534-2\\\/#primaryimage\"},\"thumbnailUrl\":\"https:\\\/\\\/brufaganya.cat\\\/2020\\\/wp-content\\\/uploads\\\/2021\\\/12\\\/placaPlena.jpg\",\"datePublished\":\"2021-12-20T18:16:04+00:00\",\"dateModified\":\"2021-12-20T18:25:16+00:00\",\"breadcrumb\":{\"@id\":\"https:\\\/\\\/brufaganya.cat\\\/2020\\\/6534-2\\\/#breadcrumb\"},\"inLanguage\":\"ca\",\"potentialAction\":[{\"@type\":\"ReadAction\",\"target\":[\"https:\\\/\\\/brufaganya.cat\\\/2020\\\/6534-2\\\/\"]}]},{\"@type\":\"ImageObject\",\"inLanguage\":\"ca\",\"@id\":\"https:\\\/\\\/brufaganya.cat\\\/2020\\\/6534-2\\\/#primaryimage\",\"url\":\"https:\\\/\\\/brufaganya.cat\\\/2020\\\/wp-content\\\/uploads\\\/2021\\\/12\\\/placaPlena.jpg\",\"contentUrl\":\"https:\\\/\\\/brufaganya.cat\\\/2020\\\/wp-content\\\/uploads\\\/2021\\\/12\\\/placaPlena.jpg\",\"width\":1328,\"height\":747},{\"@type\":\"BreadcrumbList\",\"@id\":\"https:\\\/\\\/brufaganya.cat\\\/2020\\\/6534-2\\\/#breadcrumb\",\"itemListElement\":[{\"@type\":\"ListItem\",\"position\":1,\"name\":\"Inici\",\"item\":\"https:\\\/\\\/brufaganya.cat\\\/2020\\\/\"},{\"@type\":\"ListItem\",\"position\":2,\"name\":\"Els motards porten el pessebre a Sant Mag\u00ed\"}]},{\"@type\":\"WebSite\",\"@id\":\"https:\\\/\\\/brufaganya.cat\\\/2020\\\/#website\",\"url\":\"https:\\\/\\\/brufaganya.cat\\\/2020\\\/\",\"name\":\"Sant Mag\u00ed de la Brufaganya\",\"description\":\"Lloc web de Sant Mag\u00ed de la Brufaganya\",\"publisher\":{\"@id\":\"https:\\\/\\\/brufaganya.cat\\\/2020\\\/#organization\"},\"potentialAction\":[{\"@type\":\"SearchAction\",\"target\":{\"@type\":\"EntryPoint\",\"urlTemplate\":\"https:\\\/\\\/brufaganya.cat\\\/2020\\\/?s={search_term_string}\"},\"query-input\":{\"@type\":\"PropertyValueSpecification\",\"valueRequired\":true,\"valueName\":\"search_term_string\"}}],\"inLanguage\":\"ca\"},{\"@type\":\"Organization\",\"@id\":\"https:\\\/\\\/brufaganya.cat\\\/2020\\\/#organization\",\"name\":\"Sant Mag\u00ed de Brufaganya\",\"url\":\"https:\\\/\\\/brufaganya.cat\\\/2020\\\/\",\"logo\":{\"@type\":\"ImageObject\",\"inLanguage\":\"ca\",\"@id\":\"https:\\\/\\\/brufaganya.cat\\\/2020\\\/#\\\/schema\\\/logo\\\/image\\\/\",\"url\":\"https:\\\/\\\/brufaganya.cat\\\/2020\\\/wp-content\\\/uploads\\\/2018\\\/11\\\/st_marti_bruga_horitz_posi_logo.jpg\",\"contentUrl\":\"https:\\\/\\\/brufaganya.cat\\\/2020\\\/wp-content\\\/uploads\\\/2018\\\/11\\\/st_marti_bruga_horitz_posi_logo.jpg\",\"width\":1479,\"height\":804,\"caption\":\"Sant Mag\u00ed de Brufaganya\"},\"image\":{\"@id\":\"https:\\\/\\\/brufaganya.cat\\\/2020\\\/#\\\/schema\\\/logo\\\/image\\\/\"},\"sameAs\":[\"https:\\\/\\\/ca.wikipedia.org\\\/wiki\\\/Sant_Mag\u00ed_de_Brufaganya\"]},{\"@type\":\"Person\",\"@id\":\"https:\\\/\\\/brufaganya.cat\\\/2020\\\/#\\\/schema\\\/person\\\/cd383ee397867b5182d1cf80b8c2e95c\",\"name\":\"Rita Armejach Carreras\",\"image\":{\"@type\":\"ImageObject\",\"inLanguage\":\"ca\",\"@id\":\"https:\\\/\\\/secure.gravatar.com\\\/avatar\\\/9dd6e49c4c61c4e14defcbf48211c55e6d268a4486cf9f5cef1b53148943d71d?s=96&d=mm&r=g\",\"url\":\"https:\\\/\\\/secure.gravatar.com\\\/avatar\\\/9dd6e49c4c61c4e14defcbf48211c55e6d268a4486cf9f5cef1b53148943d71d?s=96&d=mm&r=g\",\"contentUrl\":\"https:\\\/\\\/secure.gravatar.com\\\/avatar\\\/9dd6e49c4c61c4e14defcbf48211c55e6d268a4486cf9f5cef1b53148943d71d?s=96&d=mm&r=g\",\"caption\":\"Rita Armejach Carreras\"},\"url\":\"https:\\\/\\\/brufaganya.cat\\\/2020\\\/author\\\/rarmejach\\\/\"}]}<\/script>\n<!-- \/ Yoast SEO plugin. -->","yoast_head_json":{"title":"Els motards porten el pessebre a Sant Mag\u00ed &#187; Sant Mag\u00ed de la Brufaganya","robots":{"index":"index","follow":"follow","max-snippet":"max-snippet:-1","max-image-preview":"max-image-preview:large","max-video-preview":"max-video-preview:-1"},"canonical":"https:\/\/brufaganya.cat\/2020\/6534-2\/","og_locale":"ca_ES","og_type":"article","og_title":"Els motards porten el pessebre a Sant Mag\u00ed &#187; Sant Mag\u00ed de la Brufaganya","og_description":"Diumenge, com cada any, els motards van portar un pessebre a Sant Mag\u00ed de la\u00a0Brufaganya. En el moment de l&#8217;ofertori, es va oferir el pessebre al Sant, una pe\u00e7a plena [&hellip;]","og_url":"https:\/\/brufaganya.cat\/2020\/6534-2\/","og_site_name":"Sant Mag\u00ed de la Brufaganya","article_published_time":"2021-12-20T18:16:04+00:00","article_modified_time":"2021-12-20T18:25:16+00:00","og_image":[{"width":1328,"height":747,"url":"https:\/\/brufaganya.cat\/2020\/wp-content\/uploads\/2021\/12\/placaPlena.jpg","type":"image\/jpeg"}],"author":"Rita Armejach Carreras","twitter_card":"summary_large_image","twitter_misc":{"Escrit per":"Rita Armejach Carreras","Temps estimat de lectura":"2 minuts"},"schema":{"@context":"https:\/\/schema.org","@graph":[{"@type":"Article","@id":"https:\/\/brufaganya.cat\/2020\/6534-2\/#article","isPartOf":{"@id":"https:\/\/brufaganya.cat\/2020\/6534-2\/"},"author":{"name":"Rita Armejach Carreras","@id":"https:\/\/brufaganya.cat\/2020\/#\/schema\/person\/cd383ee397867b5182d1cf80b8c2e95c"},"headline":"Els motards porten el pessebre a Sant Mag\u00ed","datePublished":"2021-12-20T18:16:04+00:00","dateModified":"2021-12-20T18:25:16+00:00","mainEntityOfPage":{"@id":"https:\/\/brufaganya.cat\/2020\/6534-2\/"},"wordCount":281,"commentCount":0,"publisher":{"@id":"https:\/\/brufaganya.cat\/2020\/#organization"},"image":{"@id":"https:\/\/brufaganya.cat\/2020\/6534-2\/#primaryimage"},"thumbnailUrl":"https:\/\/brufaganya.cat\/2020\/wp-content\/uploads\/2021\/12\/placaPlena.jpg","articleSection":["Not\u00edcies","Tradicions religioses"],"inLanguage":"ca","potentialAction":[{"@type":"CommentAction","name":"Comment","target":["https:\/\/brufaganya.cat\/2020\/6534-2\/#respond"]}]},{"@type":"WebPage","@id":"https:\/\/brufaganya.cat\/2020\/6534-2\/","url":"https:\/\/brufaganya.cat\/2020\/6534-2\/","name":"Els motards porten el pessebre a Sant Mag\u00ed &#187; Sant Mag\u00ed de la Brufaganya","isPartOf":{"@id":"https:\/\/brufaganya.cat\/2020\/#website"},"primaryImageOfPage":{"@id":"https:\/\/brufaganya.cat\/2020\/6534-2\/#primaryimage"},"image":{"@id":"https:\/\/brufaganya.cat\/2020\/6534-2\/#primaryimage"},"thumbnailUrl":"https:\/\/brufaganya.cat\/2020\/wp-content\/uploads\/2021\/12\/placaPlena.jpg","datePublished":"2021-12-20T18:16:04+00:00","dateModified":"2021-12-20T18:25:16+00:00","breadcrumb":{"@id":"https:\/\/brufaganya.cat\/2020\/6534-2\/#breadcrumb"},"inLanguage":"ca","potentialAction":[{"@type":"ReadAction","target":["https:\/\/brufaganya.cat\/2020\/6534-2\/"]}]},{"@type":"ImageObject","inLanguage":"ca","@id":"https:\/\/brufaganya.cat\/2020\/6534-2\/#primaryimage","url":"https:\/\/brufaganya.cat\/2020\/wp-content\/uploads\/2021\/12\/placaPlena.jpg","contentUrl":"https:\/\/brufaganya.cat\/2020\/wp-content\/uploads\/2021\/12\/placaPlena.jpg","width":1328,"height":747},{"@type":"BreadcrumbList","@id":"https:\/\/brufaganya.cat\/2020\/6534-2\/#breadcrumb","itemListElement":[{"@type":"ListItem","position":1,"name":"Inici","item":"https:\/\/brufaganya.cat\/2020\/"},{"@type":"ListItem","position":2,"name":"Els motards porten el pessebre a Sant Mag\u00ed"}]},{"@type":"WebSite","@id":"https:\/\/brufaganya.cat\/2020\/#website","url":"https:\/\/brufaganya.cat\/2020\/","name":"Sant Mag\u00ed de la Brufaganya","description":"Lloc web de Sant Mag\u00ed de la Brufaganya","publisher":{"@id":"https:\/\/brufaganya.cat\/2020\/#organization"},"potentialAction":[{"@type":"SearchAction","target":{"@type":"EntryPoint","urlTemplate":"https:\/\/brufaganya.cat\/2020\/?s={search_term_string}"},"query-input":{"@type":"PropertyValueSpecification","valueRequired":true,"valueName":"search_term_string"}}],"inLanguage":"ca"},{"@type":"Organization","@id":"https:\/\/brufaganya.cat\/2020\/#organization","name":"Sant Mag\u00ed de Brufaganya","url":"https:\/\/brufaganya.cat\/2020\/","logo":{"@type":"ImageObject","inLanguage":"ca","@id":"https:\/\/brufaganya.cat\/2020\/#\/schema\/logo\/image\/","url":"https:\/\/brufaganya.cat\/2020\/wp-content\/uploads\/2018\/11\/st_marti_bruga_horitz_posi_logo.jpg","contentUrl":"https:\/\/brufaganya.cat\/2020\/wp-content\/uploads\/2018\/11\/st_marti_bruga_horitz_posi_logo.jpg","width":1479,"height":804,"caption":"Sant Mag\u00ed de Brufaganya"},"image":{"@id":"https:\/\/brufaganya.cat\/2020\/#\/schema\/logo\/image\/"},"sameAs":["https:\/\/ca.wikipedia.org\/wiki\/Sant_Mag\u00ed_de_Brufaganya"]},{"@type":"Person","@id":"https:\/\/brufaganya.cat\/2020\/#\/schema\/person\/cd383ee397867b5182d1cf80b8c2e95c","name":"Rita Armejach Carreras","image":{"@type":"ImageObject","inLanguage":"ca","@id":"https:\/\/secure.gravatar.com\/avatar\/9dd6e49c4c61c4e14defcbf48211c55e6d268a4486cf9f5cef1b53148943d71d?s=96&d=mm&r=g","url":"https:\/\/secure.gravatar.com\/avatar\/9dd6e49c4c61c4e14defcbf48211c55e6d268a4486cf9f5cef1b53148943d71d?s=96&d=mm&r=g","contentUrl":"https:\/\/secure.gravatar.com\/avatar\/9dd6e49c4c61c4e14defcbf48211c55e6d268a4486cf9f5cef1b53148943d71d?s=96&d=mm&r=g","caption":"Rita Armejach Carreras"},"url":"https:\/\/brufaganya.cat\/2020\/author\/rarmejach\/"}]}},"_links":{"self":[{"href":"https:\/\/brufaganya.cat\/2020\/wp-json\/wp\/v2\/posts\/6534","targetHints":{"allow":["GET"]}}],"collection":[{"href":"https:\/\/brufaganya.cat\/2020\/wp-json\/wp\/v2\/posts"}],"about":[{"href":"https:\/\/brufaganya.cat\/2020\/wp-json\/wp\/v2\/types\/post"}],"author":[{"embeddable":true,"href":"https:\/\/brufaganya.cat\/2020\/wp-json\/wp\/v2\/users\/105"}],"replies":[{"embeddable":true,"href":"https:\/\/brufaganya.cat\/2020\/wp-json\/wp\/v2\/comments?post=6534"}],"version-history":[{"count":0,"href":"https:\/\/brufaganya.cat\/2020\/wp-json\/wp\/v2\/posts\/6534\/revisions"}],"wp:featuredmedia":[{"embeddable":true,"href":"https:\/\/brufaganya.cat\/2020\/wp-json\/wp\/v2\/media\/6535"}],"wp:attachment":[{"href":"https:\/\/brufaganya.cat\/2020\/wp-json\/wp\/v2\/media?parent=6534"}],"wp:term":[{"taxonomy":"category","embeddable":true,"href":"https:\/\/brufaganya.cat\/2020\/wp-json\/wp\/v2\/categories?post=6534"},{"taxonomy":"post_tag","embeddable":true,"href":"https:\/\/brufaganya.cat\/2020\/wp-json\/wp\/v2\/tags?post=6534"}],"curies":[{"name":"wp","href":"https:\/\/api.w.org\/{rel}","templated":true}]}}