{"id":6390,"date":"2021-09-13T17:40:50","date_gmt":"2021-09-13T15:40:50","guid":{"rendered":"https:\/\/brufaganya.cat\/2020\/?p=6390"},"modified":"2021-09-12T17:27:35","modified_gmt":"2021-09-12T15:27:35","slug":"aplec-de-setembre","status":"publish","type":"post","link":"https:\/\/brufaganya.cat\/2020\/aplec-de-setembre\/","title":{"rendered":"Aplec de Setembre"},"content":{"rendered":"<p>Arriba la festa ! Tothom a l&#8217;Aplec!<\/p>\n<p><strong>Diumenge 19 de setembre,<\/strong> com cada any des d&#8217;en fa 400 , totes i tots, joves i grans, ja sia a peu , amb\u00a0 cotxe o amb bicicleta, anirem a l&#8217;<strong>aplec de Sant Mag\u00ed de la Brufaganya.<\/strong><\/p>\n<p><img loading=\"lazy\" decoding=\"async\" class=\"size-medium wp-image-6391 alignleft\" src=\"https:\/\/brufaganya.cat\/2020\/wp-content\/uploads\/2021\/09\/SMaplec2021-204x300.jpg\" alt=\"\" width=\"204\" height=\"300\" srcset=\"https:\/\/brufaganya.cat\/2020\/wp-content\/uploads\/2021\/09\/SMaplec2021-204x300.jpg 204w, https:\/\/brufaganya.cat\/2020\/wp-content\/uploads\/2021\/09\/SMaplec2021-698x1024.jpg 698w, https:\/\/brufaganya.cat\/2020\/wp-content\/uploads\/2021\/09\/SMaplec2021-768x1127.jpg 768w, https:\/\/brufaganya.cat\/2020\/wp-content\/uploads\/2021\/09\/SMaplec2021-1046x1536.jpg 1046w, https:\/\/brufaganya.cat\/2020\/wp-content\/uploads\/2021\/09\/SMaplec2021.jpg 1090w\" sizes=\"auto, (max-width: 204px) 100vw, 204px\" \/>All\u00e0 s&#8217;ajunten -entre altres- els veins de Pontils, Santa Perpetua, Santa Coloma, la Llacuna, Cervera, Igualada,,, tamb\u00e9\u00a0 de m\u00e9s lluny com els de Vilafranca i Barcelona.<\/p>\n<p>Al mat\u00ed arriba gent de totes bandes, Un bon esmortzar i la <strong>preg\u00e0ria\u00a0 d&#8217;acollida als caminants i romeus<\/strong>, a la <strong>Capella de les Fonts<\/strong>. Les families i els grups pugen al santuari pel cam\u00ed que s&#8217;usa des de fa segles.\u00a0 <strong>Ofici solemne<\/strong> i en l&#8217;ofertori tradicional <strong>ofrena<\/strong> per part de la Il.lustre confreria de Sant Mag\u00ed m\u00e0rtir de Barcelona de dues lliures de xocolata per al santuari.\u00a0 Aquesta donaci\u00f3 documentada al 1620(1) \u00e9s el fet que dona peu al projecte <strong>&#8220;Sant Mag\u00ed 2020&#8221;. <\/strong>Cant dels <strong>Goigs de Sant Mag\u00ed<\/strong> i sortida a la pla\u00e7a. \u00a0Converses alegres i trobades inesperades per\u00f2 gratificants.\u00a0 Sonen les sardanes amb la <strong>cobla Coss\u00e8tania<\/strong> , tamb\u00e9 la de &#8221; <a href=\"https:\/\/brufaganya.cat\/2020\/la-sardana-sant-magi-de-brufaganya-de-marcel-casellas-i-navines\/\">Sant Mag\u00ed de Brufaganya <\/a>&#8220;composta especialment per Marcel Casellas.<\/p>\n<figure id=\"attachment_5373\" aria-describedby=\"caption-attachment-5373\" style=\"width: 300px\" class=\"wp-caption alignright\"><img loading=\"lazy\" decoding=\"async\" class=\"wp-image-5373 size-medium\" src=\"https:\/\/brufaganya.cat\/2020\/wp-content\/uploads\/2020\/06\/SMdinar-300x200.jpg\" alt=\"\" width=\"300\" height=\"200\" srcset=\"https:\/\/brufaganya.cat\/2020\/wp-content\/uploads\/2020\/06\/SMdinar-300x200.jpg 300w, https:\/\/brufaganya.cat\/2020\/wp-content\/uploads\/2020\/06\/SMdinar-768x513.jpg 768w, https:\/\/brufaganya.cat\/2020\/wp-content\/uploads\/2020\/06\/SMdinar-1024x684.jpg 1024w, https:\/\/brufaganya.cat\/2020\/wp-content\/uploads\/2020\/06\/SMdinar.jpg 1114w\" sizes=\"auto, (max-width: 300px) 100vw, 300px\" \/><figcaption id=\"caption-attachment-5373\" class=\"wp-caption-text\">fons ACBS<\/figcaption><\/figure>\n<p>I despr\u00e9s a dinar a les Fonts ! amb les taules, cadires, ampolles i fiambreres (ara en diem tappers) que cadasc\u00fa ha portat de casa, les families s&#8217;acomoden sota els arbres i disfruten de la companyia .<\/p>\n<p>Migdiada? una estoneta perque la <strong>xaranga Tal com sona<\/strong> de Pa\u00fcls\u00a0 facilitar\u00e0 la digesti\u00f3 i arrodonir\u00e0 la festa.<\/p>\n<p>Com sempre, l&#8217;Aplec us espera,,, Vindreu?<\/p>\n<p>&nbsp;<\/p>\n<p>&nbsp;<\/p>\n<p>Referencies_<\/p>\n<p>(1) Mn J.Segura &#8220;Hist\u00f2ria de Sant Mag\u00ed de la Brufaganya&#8221; SCBS<\/p>\n","protected":false},"excerpt":{"rendered":"<p>Arriba la festa ! Tothom a l&#8217;Aplec! Diumenge 19 de setembre, com cada any des d&#8217;en fa 400 , totes i tots, joves i grans, ja sia a peu , [&hellip;]<\/p>\n","protected":false},"author":105,"featured_media":5558,"comment_status":"open","ping_status":"closed","sticky":false,"template":"","format":"standard","meta":{"inline_featured_image":false,"footnotes":""},"categories":[1,768],"tags":[],"class_list":["post-6390","post","type-post","status-publish","format-standard","has-post-thumbnail","hentry","category-noticies","category-tradicions-religioses"],"yoast_head":"<!-- This site is optimized with the Yoast SEO plugin v27.5 - https:\/\/yoast.com\/product\/yoast-seo-wordpress\/ -->\n<title>Aplec de Setembre &#187; Sant Mag\u00ed de la Brufaganya<\/title>\n<meta name=\"robots\" content=\"index, follow, max-snippet:-1, max-image-preview:large, max-video-preview:-1\" \/>\n<link rel=\"canonical\" href=\"https:\/\/brufaganya.cat\/2020\/aplec-de-setembre\/\" \/>\n<meta property=\"og:locale\" content=\"ca_ES\" \/>\n<meta property=\"og:type\" content=\"article\" \/>\n<meta property=\"og:title\" content=\"Aplec de Setembre &#187; Sant Mag\u00ed de la Brufaganya\" \/>\n<meta property=\"og:description\" content=\"Arriba la festa ! Tothom a l&#8217;Aplec! Diumenge 19 de setembre, com cada any des d&#8217;en fa 400 , totes i tots, joves i grans, ja sia a peu , [&hellip;]\" \/>\n<meta property=\"og:url\" content=\"https:\/\/brufaganya.cat\/2020\/aplec-de-setembre\/\" \/>\n<meta property=\"og:site_name\" content=\"Sant Mag\u00ed de la Brufaganya\" \/>\n<meta property=\"article:published_time\" content=\"2021-09-13T15:40:50+00:00\" \/>\n<meta property=\"og:image\" content=\"https:\/\/brufaganya.cat\/2020\/wp-content\/uploads\/2020\/08\/nenAplec.jpg\" \/>\n\t<meta property=\"og:image:width\" content=\"735\" \/>\n\t<meta property=\"og:image:height\" content=\"553\" \/>\n\t<meta property=\"og:image:type\" content=\"image\/jpeg\" \/>\n<meta name=\"author\" content=\"Rita Armejach Carreras\" \/>\n<meta name=\"twitter:card\" content=\"summary_large_image\" \/>\n<meta name=\"twitter:label1\" content=\"Escrit per\" \/>\n\t<meta name=\"twitter:data1\" content=\"Rita Armejach Carreras\" \/>\n\t<meta name=\"twitter:label2\" content=\"Temps estimat de lectura\" \/>\n\t<meta name=\"twitter:data2\" content=\"2 minuts\" \/>\n<script type=\"application\/ld+json\" class=\"yoast-schema-graph\">{\"@context\":\"https:\\\/\\\/schema.org\",\"@graph\":[{\"@type\":\"Article\",\"@id\":\"https:\\\/\\\/brufaganya.cat\\\/2020\\\/aplec-de-setembre\\\/#article\",\"isPartOf\":{\"@id\":\"https:\\\/\\\/brufaganya.cat\\\/2020\\\/aplec-de-setembre\\\/\"},\"author\":{\"name\":\"Rita Armejach Carreras\",\"@id\":\"https:\\\/\\\/brufaganya.cat\\\/2020\\\/#\\\/schema\\\/person\\\/cd383ee397867b5182d1cf80b8c2e95c\"},\"headline\":\"Aplec de Setembre\",\"datePublished\":\"2021-09-13T15:40:50+00:00\",\"mainEntityOfPage\":{\"@id\":\"https:\\\/\\\/brufaganya.cat\\\/2020\\\/aplec-de-setembre\\\/\"},\"wordCount\":277,\"commentCount\":0,\"publisher\":{\"@id\":\"https:\\\/\\\/brufaganya.cat\\\/2020\\\/#organization\"},\"image\":{\"@id\":\"https:\\\/\\\/brufaganya.cat\\\/2020\\\/aplec-de-setembre\\\/#primaryimage\"},\"thumbnailUrl\":\"https:\\\/\\\/brufaganya.cat\\\/2020\\\/wp-content\\\/uploads\\\/2020\\\/08\\\/nenAplec.jpg\",\"articleSection\":[\"Not\u00edcies\",\"Tradicions religioses\"],\"inLanguage\":\"ca\",\"potentialAction\":[{\"@type\":\"CommentAction\",\"name\":\"Comment\",\"target\":[\"https:\\\/\\\/brufaganya.cat\\\/2020\\\/aplec-de-setembre\\\/#respond\"]}]},{\"@type\":\"WebPage\",\"@id\":\"https:\\\/\\\/brufaganya.cat\\\/2020\\\/aplec-de-setembre\\\/\",\"url\":\"https:\\\/\\\/brufaganya.cat\\\/2020\\\/aplec-de-setembre\\\/\",\"name\":\"Aplec de Setembre &#187; Sant Mag\u00ed de la Brufaganya\",\"isPartOf\":{\"@id\":\"https:\\\/\\\/brufaganya.cat\\\/2020\\\/#website\"},\"primaryImageOfPage\":{\"@id\":\"https:\\\/\\\/brufaganya.cat\\\/2020\\\/aplec-de-setembre\\\/#primaryimage\"},\"image\":{\"@id\":\"https:\\\/\\\/brufaganya.cat\\\/2020\\\/aplec-de-setembre\\\/#primaryimage\"},\"thumbnailUrl\":\"https:\\\/\\\/brufaganya.cat\\\/2020\\\/wp-content\\\/uploads\\\/2020\\\/08\\\/nenAplec.jpg\",\"datePublished\":\"2021-09-13T15:40:50+00:00\",\"breadcrumb\":{\"@id\":\"https:\\\/\\\/brufaganya.cat\\\/2020\\\/aplec-de-setembre\\\/#breadcrumb\"},\"inLanguage\":\"ca\",\"potentialAction\":[{\"@type\":\"ReadAction\",\"target\":[\"https:\\\/\\\/brufaganya.cat\\\/2020\\\/aplec-de-setembre\\\/\"]}]},{\"@type\":\"ImageObject\",\"inLanguage\":\"ca\",\"@id\":\"https:\\\/\\\/brufaganya.cat\\\/2020\\\/aplec-de-setembre\\\/#primaryimage\",\"url\":\"https:\\\/\\\/brufaganya.cat\\\/2020\\\/wp-content\\\/uploads\\\/2020\\\/08\\\/nenAplec.jpg\",\"contentUrl\":\"https:\\\/\\\/brufaganya.cat\\\/2020\\\/wp-content\\\/uploads\\\/2020\\\/08\\\/nenAplec.jpg\",\"width\":735,\"height\":553,\"caption\":\"APLEC: Dels petits als m\u00e9s grans.\"},{\"@type\":\"BreadcrumbList\",\"@id\":\"https:\\\/\\\/brufaganya.cat\\\/2020\\\/aplec-de-setembre\\\/#breadcrumb\",\"itemListElement\":[{\"@type\":\"ListItem\",\"position\":1,\"name\":\"Inici\",\"item\":\"https:\\\/\\\/brufaganya.cat\\\/2020\\\/\"},{\"@type\":\"ListItem\",\"position\":2,\"name\":\"Aplec de Setembre\"}]},{\"@type\":\"WebSite\",\"@id\":\"https:\\\/\\\/brufaganya.cat\\\/2020\\\/#website\",\"url\":\"https:\\\/\\\/brufaganya.cat\\\/2020\\\/\",\"name\":\"Sant Mag\u00ed de la Brufaganya\",\"description\":\"Lloc web de Sant Mag\u00ed de la Brufaganya\",\"publisher\":{\"@id\":\"https:\\\/\\\/brufaganya.cat\\\/2020\\\/#organization\"},\"potentialAction\":[{\"@type\":\"SearchAction\",\"target\":{\"@type\":\"EntryPoint\",\"urlTemplate\":\"https:\\\/\\\/brufaganya.cat\\\/2020\\\/?s={search_term_string}\"},\"query-input\":{\"@type\":\"PropertyValueSpecification\",\"valueRequired\":true,\"valueName\":\"search_term_string\"}}],\"inLanguage\":\"ca\"},{\"@type\":\"Organization\",\"@id\":\"https:\\\/\\\/brufaganya.cat\\\/2020\\\/#organization\",\"name\":\"Sant Mag\u00ed de Brufaganya\",\"url\":\"https:\\\/\\\/brufaganya.cat\\\/2020\\\/\",\"logo\":{\"@type\":\"ImageObject\",\"inLanguage\":\"ca\",\"@id\":\"https:\\\/\\\/brufaganya.cat\\\/2020\\\/#\\\/schema\\\/logo\\\/image\\\/\",\"url\":\"https:\\\/\\\/brufaganya.cat\\\/2020\\\/wp-content\\\/uploads\\\/2018\\\/11\\\/st_marti_bruga_horitz_posi_logo.jpg\",\"contentUrl\":\"https:\\\/\\\/brufaganya.cat\\\/2020\\\/wp-content\\\/uploads\\\/2018\\\/11\\\/st_marti_bruga_horitz_posi_logo.jpg\",\"width\":1479,\"height\":804,\"caption\":\"Sant Mag\u00ed de Brufaganya\"},\"image\":{\"@id\":\"https:\\\/\\\/brufaganya.cat\\\/2020\\\/#\\\/schema\\\/logo\\\/image\\\/\"},\"sameAs\":[\"https:\\\/\\\/ca.wikipedia.org\\\/wiki\\\/Sant_Mag\u00ed_de_Brufaganya\"]},{\"@type\":\"Person\",\"@id\":\"https:\\\/\\\/brufaganya.cat\\\/2020\\\/#\\\/schema\\\/person\\\/cd383ee397867b5182d1cf80b8c2e95c\",\"name\":\"Rita Armejach Carreras\",\"image\":{\"@type\":\"ImageObject\",\"inLanguage\":\"ca\",\"@id\":\"https:\\\/\\\/secure.gravatar.com\\\/avatar\\\/9dd6e49c4c61c4e14defcbf48211c55e6d268a4486cf9f5cef1b53148943d71d?s=96&d=mm&r=g\",\"url\":\"https:\\\/\\\/secure.gravatar.com\\\/avatar\\\/9dd6e49c4c61c4e14defcbf48211c55e6d268a4486cf9f5cef1b53148943d71d?s=96&d=mm&r=g\",\"contentUrl\":\"https:\\\/\\\/secure.gravatar.com\\\/avatar\\\/9dd6e49c4c61c4e14defcbf48211c55e6d268a4486cf9f5cef1b53148943d71d?s=96&d=mm&r=g\",\"caption\":\"Rita Armejach Carreras\"},\"url\":\"https:\\\/\\\/brufaganya.cat\\\/2020\\\/author\\\/rarmejach\\\/\"}]}<\/script>\n<!-- \/ Yoast SEO plugin. -->","yoast_head_json":{"title":"Aplec de Setembre &#187; Sant Mag\u00ed de la Brufaganya","robots":{"index":"index","follow":"follow","max-snippet":"max-snippet:-1","max-image-preview":"max-image-preview:large","max-video-preview":"max-video-preview:-1"},"canonical":"https:\/\/brufaganya.cat\/2020\/aplec-de-setembre\/","og_locale":"ca_ES","og_type":"article","og_title":"Aplec de Setembre &#187; Sant Mag\u00ed de la Brufaganya","og_description":"Arriba la festa ! Tothom a l&#8217;Aplec! Diumenge 19 de setembre, com cada any des d&#8217;en fa 400 , totes i tots, joves i grans, ja sia a peu , [&hellip;]","og_url":"https:\/\/brufaganya.cat\/2020\/aplec-de-setembre\/","og_site_name":"Sant Mag\u00ed de la Brufaganya","article_published_time":"2021-09-13T15:40:50+00:00","og_image":[{"width":735,"height":553,"url":"https:\/\/brufaganya.cat\/2020\/wp-content\/uploads\/2020\/08\/nenAplec.jpg","type":"image\/jpeg"}],"author":"Rita Armejach Carreras","twitter_card":"summary_large_image","twitter_misc":{"Escrit per":"Rita Armejach Carreras","Temps estimat de lectura":"2 minuts"},"schema":{"@context":"https:\/\/schema.org","@graph":[{"@type":"Article","@id":"https:\/\/brufaganya.cat\/2020\/aplec-de-setembre\/#article","isPartOf":{"@id":"https:\/\/brufaganya.cat\/2020\/aplec-de-setembre\/"},"author":{"name":"Rita Armejach Carreras","@id":"https:\/\/brufaganya.cat\/2020\/#\/schema\/person\/cd383ee397867b5182d1cf80b8c2e95c"},"headline":"Aplec de Setembre","datePublished":"2021-09-13T15:40:50+00:00","mainEntityOfPage":{"@id":"https:\/\/brufaganya.cat\/2020\/aplec-de-setembre\/"},"wordCount":277,"commentCount":0,"publisher":{"@id":"https:\/\/brufaganya.cat\/2020\/#organization"},"image":{"@id":"https:\/\/brufaganya.cat\/2020\/aplec-de-setembre\/#primaryimage"},"thumbnailUrl":"https:\/\/brufaganya.cat\/2020\/wp-content\/uploads\/2020\/08\/nenAplec.jpg","articleSection":["Not\u00edcies","Tradicions religioses"],"inLanguage":"ca","potentialAction":[{"@type":"CommentAction","name":"Comment","target":["https:\/\/brufaganya.cat\/2020\/aplec-de-setembre\/#respond"]}]},{"@type":"WebPage","@id":"https:\/\/brufaganya.cat\/2020\/aplec-de-setembre\/","url":"https:\/\/brufaganya.cat\/2020\/aplec-de-setembre\/","name":"Aplec de Setembre &#187; Sant Mag\u00ed de la Brufaganya","isPartOf":{"@id":"https:\/\/brufaganya.cat\/2020\/#website"},"primaryImageOfPage":{"@id":"https:\/\/brufaganya.cat\/2020\/aplec-de-setembre\/#primaryimage"},"image":{"@id":"https:\/\/brufaganya.cat\/2020\/aplec-de-setembre\/#primaryimage"},"thumbnailUrl":"https:\/\/brufaganya.cat\/2020\/wp-content\/uploads\/2020\/08\/nenAplec.jpg","datePublished":"2021-09-13T15:40:50+00:00","breadcrumb":{"@id":"https:\/\/brufaganya.cat\/2020\/aplec-de-setembre\/#breadcrumb"},"inLanguage":"ca","potentialAction":[{"@type":"ReadAction","target":["https:\/\/brufaganya.cat\/2020\/aplec-de-setembre\/"]}]},{"@type":"ImageObject","inLanguage":"ca","@id":"https:\/\/brufaganya.cat\/2020\/aplec-de-setembre\/#primaryimage","url":"https:\/\/brufaganya.cat\/2020\/wp-content\/uploads\/2020\/08\/nenAplec.jpg","contentUrl":"https:\/\/brufaganya.cat\/2020\/wp-content\/uploads\/2020\/08\/nenAplec.jpg","width":735,"height":553,"caption":"APLEC: Dels petits als m\u00e9s grans."},{"@type":"BreadcrumbList","@id":"https:\/\/brufaganya.cat\/2020\/aplec-de-setembre\/#breadcrumb","itemListElement":[{"@type":"ListItem","position":1,"name":"Inici","item":"https:\/\/brufaganya.cat\/2020\/"},{"@type":"ListItem","position":2,"name":"Aplec de Setembre"}]},{"@type":"WebSite","@id":"https:\/\/brufaganya.cat\/2020\/#website","url":"https:\/\/brufaganya.cat\/2020\/","name":"Sant Mag\u00ed de la Brufaganya","description":"Lloc web de Sant Mag\u00ed de la Brufaganya","publisher":{"@id":"https:\/\/brufaganya.cat\/2020\/#organization"},"potentialAction":[{"@type":"SearchAction","target":{"@type":"EntryPoint","urlTemplate":"https:\/\/brufaganya.cat\/2020\/?s={search_term_string}"},"query-input":{"@type":"PropertyValueSpecification","valueRequired":true,"valueName":"search_term_string"}}],"inLanguage":"ca"},{"@type":"Organization","@id":"https:\/\/brufaganya.cat\/2020\/#organization","name":"Sant Mag\u00ed de Brufaganya","url":"https:\/\/brufaganya.cat\/2020\/","logo":{"@type":"ImageObject","inLanguage":"ca","@id":"https:\/\/brufaganya.cat\/2020\/#\/schema\/logo\/image\/","url":"https:\/\/brufaganya.cat\/2020\/wp-content\/uploads\/2018\/11\/st_marti_bruga_horitz_posi_logo.jpg","contentUrl":"https:\/\/brufaganya.cat\/2020\/wp-content\/uploads\/2018\/11\/st_marti_bruga_horitz_posi_logo.jpg","width":1479,"height":804,"caption":"Sant Mag\u00ed de Brufaganya"},"image":{"@id":"https:\/\/brufaganya.cat\/2020\/#\/schema\/logo\/image\/"},"sameAs":["https:\/\/ca.wikipedia.org\/wiki\/Sant_Mag\u00ed_de_Brufaganya"]},{"@type":"Person","@id":"https:\/\/brufaganya.cat\/2020\/#\/schema\/person\/cd383ee397867b5182d1cf80b8c2e95c","name":"Rita Armejach Carreras","image":{"@type":"ImageObject","inLanguage":"ca","@id":"https:\/\/secure.gravatar.com\/avatar\/9dd6e49c4c61c4e14defcbf48211c55e6d268a4486cf9f5cef1b53148943d71d?s=96&d=mm&r=g","url":"https:\/\/secure.gravatar.com\/avatar\/9dd6e49c4c61c4e14defcbf48211c55e6d268a4486cf9f5cef1b53148943d71d?s=96&d=mm&r=g","contentUrl":"https:\/\/secure.gravatar.com\/avatar\/9dd6e49c4c61c4e14defcbf48211c55e6d268a4486cf9f5cef1b53148943d71d?s=96&d=mm&r=g","caption":"Rita Armejach Carreras"},"url":"https:\/\/brufaganya.cat\/2020\/author\/rarmejach\/"}]}},"_links":{"self":[{"href":"https:\/\/brufaganya.cat\/2020\/wp-json\/wp\/v2\/posts\/6390","targetHints":{"allow":["GET"]}}],"collection":[{"href":"https:\/\/brufaganya.cat\/2020\/wp-json\/wp\/v2\/posts"}],"about":[{"href":"https:\/\/brufaganya.cat\/2020\/wp-json\/wp\/v2\/types\/post"}],"author":[{"embeddable":true,"href":"https:\/\/brufaganya.cat\/2020\/wp-json\/wp\/v2\/users\/105"}],"replies":[{"embeddable":true,"href":"https:\/\/brufaganya.cat\/2020\/wp-json\/wp\/v2\/comments?post=6390"}],"version-history":[{"count":0,"href":"https:\/\/brufaganya.cat\/2020\/wp-json\/wp\/v2\/posts\/6390\/revisions"}],"wp:featuredmedia":[{"embeddable":true,"href":"https:\/\/brufaganya.cat\/2020\/wp-json\/wp\/v2\/media\/5558"}],"wp:attachment":[{"href":"https:\/\/brufaganya.cat\/2020\/wp-json\/wp\/v2\/media?parent=6390"}],"wp:term":[{"taxonomy":"category","embeddable":true,"href":"https:\/\/brufaganya.cat\/2020\/wp-json\/wp\/v2\/categories?post=6390"},{"taxonomy":"post_tag","embeddable":true,"href":"https:\/\/brufaganya.cat\/2020\/wp-json\/wp\/v2\/tags?post=6390"}],"curies":[{"name":"wp","href":"https:\/\/api.w.org\/{rel}","templated":true}]}}