{"id":6258,"date":"2021-07-02T09:19:04","date_gmt":"2021-07-02T07:19:04","guid":{"rendered":"https:\/\/brufaganya.cat\/2020\/?p=6258"},"modified":"2021-07-04T11:54:06","modified_gmt":"2021-07-04T09:54:06","slug":"acaba-la-primera-fase-de-la-reconstruccio-de-la-casa-de-lermita","status":"publish","type":"post","link":"https:\/\/brufaganya.cat\/2020\/acaba-la-primera-fase-de-la-reconstruccio-de-la-casa-de-lermita\/","title":{"rendered":"Acaba la primera fase de la reconstrucci\u00f3 de la Casa de l&#8217;Ermit\u00e0"},"content":{"rendered":"<p><!--more--><\/p>\n<p>La primera fase de la reconstrucci\u00f3 de la Casa de l\u2019Ermit\u00e0 situada al costat mateix del santuari de Sant Mag\u00ed consistia en arranjar la planta baixa, renovar totalment els dos forjats de la casa i construir tamb\u00e9 la coberta. La previsi\u00f3 era tenir acabada aquesta fase a finals de l\u2019any 2020 per\u00f2 la pand\u00e8mia ho va impedir. Tot i aix\u00ed ara s\u2019hi est\u00e0 treballant de valent i quedar\u00e0 enllestida en pocs dies.<\/p>\n<p>En aquesta fase la Diputaci\u00f3 de Tarragona hi haur\u00e0 aportat 8.750\u20ac a trav\u00e9s d\u2019una subvenci\u00f3 concedida el mes de desembre del 2019. La Campanya Sant Mag\u00ed Casa Vostra hi ha aportat fins ara la quantitat 3.500\u20ac. L\u2019aportaci\u00f3 de l\u2019Arquebisbat de Tarragona ha estat de 5.000\u20ac i tamb\u00e9 els Amics de Sant Mag\u00ed hi ha aportat 2.000\u20ac. Totes aquestes aportacions sumen 19.250\u20ac. La resta, fins a la quantitat total d\u2019uns 30.000\u20ac les ha aportat la parr\u00f2quia amb un petit pr\u00e9stec que s\u2019haur\u00e0 de retornar en els propers anys.<\/p>\n<p>Els Amics de Sant Mag\u00ed, amb la feina desinteressada dels seus voluntaris, tamb\u00e9 contribueix notablement al seu finan\u00e7ament ja que fan feines com retirada de runes, repicat de les parets, neteja i preparaci\u00f3 de l\u2019obra per a la feina dels paletes, feines que abarateixen notablement el seu cost.<\/p>\n<p>Queden dues fases pendents: la primera ser\u00e0 l\u2019adequaci\u00f3 de la primera planta i la segona l\u2019adequaci\u00f3 de la segona planta, m\u00e9s la construcci\u00f3 de les escales entre els dos pisos.<\/p>\n<p>No posem data a la finalitzaci\u00f3 total ja que la construcci\u00f3 es va fent a mesura de que podem anar disposant dels fons necessaris, per\u00f2 si segu\u00edssim al ritme actual la podr\u00edem tenir enllestida l\u2019any 2025.<\/p>\n<p>El pressupost total de l\u2019obra ronda els 120.000\u20ac<\/p>\n","protected":false},"excerpt":{"rendered":"La primera fase de la reconstrucci\u00f3 de la Casa de l\u2019Ermit\u00e0 situada al costat mateix del santuari de Sant Mag\u00ed consistia en arranjar la planta baixa, renovar totalment els dos [...]","protected":false},"author":109,"featured_media":6271,"comment_status":"open","ping_status":"closed","sticky":false,"template":"","format":"standard","meta":{"inline_featured_image":false,"footnotes":""},"categories":[1,780],"tags":[],"class_list":["post-6258","post","type-post","status-publish","format-standard","has-post-thumbnail","hentry","category-noticies","category-patrimoni-arquitectonic"],"yoast_head":"<!-- This site is optimized with the Yoast SEO plugin v27.4 - https:\/\/yoast.com\/product\/yoast-seo-wordpress\/ -->\n<title>Acaba la primera fase de la reconstrucci\u00f3 de la Casa de l&#039;Ermit\u00e0 &#187; Sant Mag\u00ed de la Brufaganya<\/title>\n<meta name=\"robots\" content=\"index, follow, max-snippet:-1, max-image-preview:large, max-video-preview:-1\" \/>\n<link rel=\"canonical\" href=\"https:\/\/brufaganya.cat\/2020\/acaba-la-primera-fase-de-la-reconstruccio-de-la-casa-de-lermita\/\" \/>\n<meta property=\"og:locale\" content=\"ca_ES\" \/>\n<meta property=\"og:type\" content=\"article\" \/>\n<meta property=\"og:title\" content=\"Acaba la primera fase de la reconstrucci\u00f3 de la Casa de l&#039;Ermit\u00e0 &#187; Sant Mag\u00ed de la Brufaganya\" \/>\n<meta property=\"og:url\" content=\"https:\/\/brufaganya.cat\/2020\/acaba-la-primera-fase-de-la-reconstruccio-de-la-casa-de-lermita\/\" \/>\n<meta property=\"og:site_name\" content=\"Sant Mag\u00ed de la Brufaganya\" \/>\n<meta property=\"article:published_time\" content=\"2021-07-02T07:19:04+00:00\" \/>\n<meta property=\"article:modified_time\" content=\"2021-07-04T09:54:06+00:00\" \/>\n<meta property=\"og:image\" content=\"https:\/\/brufaganya.cat\/2020\/wp-content\/uploads\/2021\/07\/2021-07-022.jpg\" \/>\n\t<meta property=\"og:image:width\" content=\"2000\" \/>\n\t<meta property=\"og:image:height\" content=\"1500\" \/>\n\t<meta property=\"og:image:type\" content=\"image\/jpeg\" \/>\n<meta name=\"author\" content=\"Silvestre Pal\u00e0 Aug\u00e9\" \/>\n<meta name=\"twitter:card\" content=\"summary_large_image\" \/>\n<meta name=\"twitter:label1\" content=\"Escrit per\" \/>\n\t<meta name=\"twitter:data1\" content=\"Silvestre Pal\u00e0 Aug\u00e9\" \/>\n\t<meta name=\"twitter:label2\" content=\"Temps estimat de lectura\" \/>\n\t<meta name=\"twitter:data2\" content=\"2 minuts\" \/>\n<script type=\"application\/ld+json\" class=\"yoast-schema-graph\">{\"@context\":\"https:\\\/\\\/schema.org\",\"@graph\":[{\"@type\":\"Article\",\"@id\":\"https:\\\/\\\/brufaganya.cat\\\/2020\\\/acaba-la-primera-fase-de-la-reconstruccio-de-la-casa-de-lermita\\\/#article\",\"isPartOf\":{\"@id\":\"https:\\\/\\\/brufaganya.cat\\\/2020\\\/acaba-la-primera-fase-de-la-reconstruccio-de-la-casa-de-lermita\\\/\"},\"author\":{\"name\":\"Silvestre Pal\u00e0 Aug\u00e9\",\"@id\":\"https:\\\/\\\/brufaganya.cat\\\/2020\\\/#\\\/schema\\\/person\\\/104a8a58bc74955dad00f639bb234a56\"},\"headline\":\"Acaba la primera fase de la reconstrucci\u00f3 de la Casa de l&#8217;Ermit\u00e0\",\"datePublished\":\"2021-07-02T07:19:04+00:00\",\"dateModified\":\"2021-07-04T09:54:06+00:00\",\"mainEntityOfPage\":{\"@id\":\"https:\\\/\\\/brufaganya.cat\\\/2020\\\/acaba-la-primera-fase-de-la-reconstruccio-de-la-casa-de-lermita\\\/\"},\"wordCount\":304,\"commentCount\":0,\"publisher\":{\"@id\":\"https:\\\/\\\/brufaganya.cat\\\/2020\\\/#organization\"},\"image\":{\"@id\":\"https:\\\/\\\/brufaganya.cat\\\/2020\\\/acaba-la-primera-fase-de-la-reconstruccio-de-la-casa-de-lermita\\\/#primaryimage\"},\"thumbnailUrl\":\"https:\\\/\\\/brufaganya.cat\\\/2020\\\/wp-content\\\/uploads\\\/2021\\\/07\\\/2021-07-022.jpg\",\"articleSection\":[\"Not\u00edcies\",\"Patrimoni arquitect\u00f2nic\"],\"inLanguage\":\"ca\",\"potentialAction\":[{\"@type\":\"CommentAction\",\"name\":\"Comment\",\"target\":[\"https:\\\/\\\/brufaganya.cat\\\/2020\\\/acaba-la-primera-fase-de-la-reconstruccio-de-la-casa-de-lermita\\\/#respond\"]}]},{\"@type\":\"WebPage\",\"@id\":\"https:\\\/\\\/brufaganya.cat\\\/2020\\\/acaba-la-primera-fase-de-la-reconstruccio-de-la-casa-de-lermita\\\/\",\"url\":\"https:\\\/\\\/brufaganya.cat\\\/2020\\\/acaba-la-primera-fase-de-la-reconstruccio-de-la-casa-de-lermita\\\/\",\"name\":\"Acaba la primera fase de la reconstrucci\u00f3 de la Casa de l'Ermit\u00e0 &#187; Sant Mag\u00ed de la Brufaganya\",\"isPartOf\":{\"@id\":\"https:\\\/\\\/brufaganya.cat\\\/2020\\\/#website\"},\"primaryImageOfPage\":{\"@id\":\"https:\\\/\\\/brufaganya.cat\\\/2020\\\/acaba-la-primera-fase-de-la-reconstruccio-de-la-casa-de-lermita\\\/#primaryimage\"},\"image\":{\"@id\":\"https:\\\/\\\/brufaganya.cat\\\/2020\\\/acaba-la-primera-fase-de-la-reconstruccio-de-la-casa-de-lermita\\\/#primaryimage\"},\"thumbnailUrl\":\"https:\\\/\\\/brufaganya.cat\\\/2020\\\/wp-content\\\/uploads\\\/2021\\\/07\\\/2021-07-022.jpg\",\"datePublished\":\"2021-07-02T07:19:04+00:00\",\"dateModified\":\"2021-07-04T09:54:06+00:00\",\"breadcrumb\":{\"@id\":\"https:\\\/\\\/brufaganya.cat\\\/2020\\\/acaba-la-primera-fase-de-la-reconstruccio-de-la-casa-de-lermita\\\/#breadcrumb\"},\"inLanguage\":\"ca\",\"potentialAction\":[{\"@type\":\"ReadAction\",\"target\":[\"https:\\\/\\\/brufaganya.cat\\\/2020\\\/acaba-la-primera-fase-de-la-reconstruccio-de-la-casa-de-lermita\\\/\"]}]},{\"@type\":\"ImageObject\",\"inLanguage\":\"ca\",\"@id\":\"https:\\\/\\\/brufaganya.cat\\\/2020\\\/acaba-la-primera-fase-de-la-reconstruccio-de-la-casa-de-lermita\\\/#primaryimage\",\"url\":\"https:\\\/\\\/brufaganya.cat\\\/2020\\\/wp-content\\\/uploads\\\/2021\\\/07\\\/2021-07-022.jpg\",\"contentUrl\":\"https:\\\/\\\/brufaganya.cat\\\/2020\\\/wp-content\\\/uploads\\\/2021\\\/07\\\/2021-07-022.jpg\",\"width\":2000,\"height\":1500,\"caption\":\"La Casa de l'Ermita en plenes obres\"},{\"@type\":\"BreadcrumbList\",\"@id\":\"https:\\\/\\\/brufaganya.cat\\\/2020\\\/acaba-la-primera-fase-de-la-reconstruccio-de-la-casa-de-lermita\\\/#breadcrumb\",\"itemListElement\":[{\"@type\":\"ListItem\",\"position\":1,\"name\":\"Inici\",\"item\":\"https:\\\/\\\/brufaganya.cat\\\/2020\\\/\"},{\"@type\":\"ListItem\",\"position\":2,\"name\":\"Acaba la primera fase de la reconstrucci\u00f3 de la Casa de l&#8217;Ermit\u00e0\"}]},{\"@type\":\"WebSite\",\"@id\":\"https:\\\/\\\/brufaganya.cat\\\/2020\\\/#website\",\"url\":\"https:\\\/\\\/brufaganya.cat\\\/2020\\\/\",\"name\":\"Sant Mag\u00ed de la Brufaganya\",\"description\":\"Lloc web de Sant Mag\u00ed de la Brufaganya\",\"publisher\":{\"@id\":\"https:\\\/\\\/brufaganya.cat\\\/2020\\\/#organization\"},\"potentialAction\":[{\"@type\":\"SearchAction\",\"target\":{\"@type\":\"EntryPoint\",\"urlTemplate\":\"https:\\\/\\\/brufaganya.cat\\\/2020\\\/?s={search_term_string}\"},\"query-input\":{\"@type\":\"PropertyValueSpecification\",\"valueRequired\":true,\"valueName\":\"search_term_string\"}}],\"inLanguage\":\"ca\"},{\"@type\":\"Organization\",\"@id\":\"https:\\\/\\\/brufaganya.cat\\\/2020\\\/#organization\",\"name\":\"Sant Mag\u00ed de Brufaganya\",\"url\":\"https:\\\/\\\/brufaganya.cat\\\/2020\\\/\",\"logo\":{\"@type\":\"ImageObject\",\"inLanguage\":\"ca\",\"@id\":\"https:\\\/\\\/brufaganya.cat\\\/2020\\\/#\\\/schema\\\/logo\\\/image\\\/\",\"url\":\"https:\\\/\\\/brufaganya.cat\\\/2020\\\/wp-content\\\/uploads\\\/2018\\\/11\\\/st_marti_bruga_horitz_posi_logo.jpg\",\"contentUrl\":\"https:\\\/\\\/brufaganya.cat\\\/2020\\\/wp-content\\\/uploads\\\/2018\\\/11\\\/st_marti_bruga_horitz_posi_logo.jpg\",\"width\":1479,\"height\":804,\"caption\":\"Sant Mag\u00ed de Brufaganya\"},\"image\":{\"@id\":\"https:\\\/\\\/brufaganya.cat\\\/2020\\\/#\\\/schema\\\/logo\\\/image\\\/\"},\"sameAs\":[\"https:\\\/\\\/ca.wikipedia.org\\\/wiki\\\/Sant_Mag\u00ed_de_Brufaganya\"]},{\"@type\":\"Person\",\"@id\":\"https:\\\/\\\/brufaganya.cat\\\/2020\\\/#\\\/schema\\\/person\\\/104a8a58bc74955dad00f639bb234a56\",\"name\":\"Silvestre Pal\u00e0 Aug\u00e9\",\"image\":{\"@type\":\"ImageObject\",\"inLanguage\":\"ca\",\"@id\":\"https:\\\/\\\/secure.gravatar.com\\\/avatar\\\/240c865b87ee90f68f1bb82d954fb54e1c50d2b4355c9b807c7f2862e50c5fb1?s=96&d=mm&r=g\",\"url\":\"https:\\\/\\\/secure.gravatar.com\\\/avatar\\\/240c865b87ee90f68f1bb82d954fb54e1c50d2b4355c9b807c7f2862e50c5fb1?s=96&d=mm&r=g\",\"contentUrl\":\"https:\\\/\\\/secure.gravatar.com\\\/avatar\\\/240c865b87ee90f68f1bb82d954fb54e1c50d2b4355c9b807c7f2862e50c5fb1?s=96&d=mm&r=g\",\"caption\":\"Silvestre Pal\u00e0 Aug\u00e9\"},\"url\":\"https:\\\/\\\/brufaganya.cat\\\/2020\\\/author\\\/spala\\\/\"}]}<\/script>\n<!-- \/ Yoast SEO plugin. -->","yoast_head_json":{"title":"Acaba la primera fase de la reconstrucci\u00f3 de la Casa de l'Ermit\u00e0 &#187; Sant Mag\u00ed de la Brufaganya","robots":{"index":"index","follow":"follow","max-snippet":"max-snippet:-1","max-image-preview":"max-image-preview:large","max-video-preview":"max-video-preview:-1"},"canonical":"https:\/\/brufaganya.cat\/2020\/acaba-la-primera-fase-de-la-reconstruccio-de-la-casa-de-lermita\/","og_locale":"ca_ES","og_type":"article","og_title":"Acaba la primera fase de la reconstrucci\u00f3 de la Casa de l'Ermit\u00e0 &#187; Sant Mag\u00ed de la Brufaganya","og_url":"https:\/\/brufaganya.cat\/2020\/acaba-la-primera-fase-de-la-reconstruccio-de-la-casa-de-lermita\/","og_site_name":"Sant Mag\u00ed de la Brufaganya","article_published_time":"2021-07-02T07:19:04+00:00","article_modified_time":"2021-07-04T09:54:06+00:00","og_image":[{"width":2000,"height":1500,"url":"https:\/\/brufaganya.cat\/2020\/wp-content\/uploads\/2021\/07\/2021-07-022.jpg","type":"image\/jpeg"}],"author":"Silvestre Pal\u00e0 Aug\u00e9","twitter_card":"summary_large_image","twitter_misc":{"Escrit per":"Silvestre Pal\u00e0 Aug\u00e9","Temps estimat de lectura":"2 minuts"},"schema":{"@context":"https:\/\/schema.org","@graph":[{"@type":"Article","@id":"https:\/\/brufaganya.cat\/2020\/acaba-la-primera-fase-de-la-reconstruccio-de-la-casa-de-lermita\/#article","isPartOf":{"@id":"https:\/\/brufaganya.cat\/2020\/acaba-la-primera-fase-de-la-reconstruccio-de-la-casa-de-lermita\/"},"author":{"name":"Silvestre Pal\u00e0 Aug\u00e9","@id":"https:\/\/brufaganya.cat\/2020\/#\/schema\/person\/104a8a58bc74955dad00f639bb234a56"},"headline":"Acaba la primera fase de la reconstrucci\u00f3 de la Casa de l&#8217;Ermit\u00e0","datePublished":"2021-07-02T07:19:04+00:00","dateModified":"2021-07-04T09:54:06+00:00","mainEntityOfPage":{"@id":"https:\/\/brufaganya.cat\/2020\/acaba-la-primera-fase-de-la-reconstruccio-de-la-casa-de-lermita\/"},"wordCount":304,"commentCount":0,"publisher":{"@id":"https:\/\/brufaganya.cat\/2020\/#organization"},"image":{"@id":"https:\/\/brufaganya.cat\/2020\/acaba-la-primera-fase-de-la-reconstruccio-de-la-casa-de-lermita\/#primaryimage"},"thumbnailUrl":"https:\/\/brufaganya.cat\/2020\/wp-content\/uploads\/2021\/07\/2021-07-022.jpg","articleSection":["Not\u00edcies","Patrimoni arquitect\u00f2nic"],"inLanguage":"ca","potentialAction":[{"@type":"CommentAction","name":"Comment","target":["https:\/\/brufaganya.cat\/2020\/acaba-la-primera-fase-de-la-reconstruccio-de-la-casa-de-lermita\/#respond"]}]},{"@type":"WebPage","@id":"https:\/\/brufaganya.cat\/2020\/acaba-la-primera-fase-de-la-reconstruccio-de-la-casa-de-lermita\/","url":"https:\/\/brufaganya.cat\/2020\/acaba-la-primera-fase-de-la-reconstruccio-de-la-casa-de-lermita\/","name":"Acaba la primera fase de la reconstrucci\u00f3 de la Casa de l'Ermit\u00e0 &#187; Sant Mag\u00ed de la Brufaganya","isPartOf":{"@id":"https:\/\/brufaganya.cat\/2020\/#website"},"primaryImageOfPage":{"@id":"https:\/\/brufaganya.cat\/2020\/acaba-la-primera-fase-de-la-reconstruccio-de-la-casa-de-lermita\/#primaryimage"},"image":{"@id":"https:\/\/brufaganya.cat\/2020\/acaba-la-primera-fase-de-la-reconstruccio-de-la-casa-de-lermita\/#primaryimage"},"thumbnailUrl":"https:\/\/brufaganya.cat\/2020\/wp-content\/uploads\/2021\/07\/2021-07-022.jpg","datePublished":"2021-07-02T07:19:04+00:00","dateModified":"2021-07-04T09:54:06+00:00","breadcrumb":{"@id":"https:\/\/brufaganya.cat\/2020\/acaba-la-primera-fase-de-la-reconstruccio-de-la-casa-de-lermita\/#breadcrumb"},"inLanguage":"ca","potentialAction":[{"@type":"ReadAction","target":["https:\/\/brufaganya.cat\/2020\/acaba-la-primera-fase-de-la-reconstruccio-de-la-casa-de-lermita\/"]}]},{"@type":"ImageObject","inLanguage":"ca","@id":"https:\/\/brufaganya.cat\/2020\/acaba-la-primera-fase-de-la-reconstruccio-de-la-casa-de-lermita\/#primaryimage","url":"https:\/\/brufaganya.cat\/2020\/wp-content\/uploads\/2021\/07\/2021-07-022.jpg","contentUrl":"https:\/\/brufaganya.cat\/2020\/wp-content\/uploads\/2021\/07\/2021-07-022.jpg","width":2000,"height":1500,"caption":"La Casa de l'Ermita en plenes obres"},{"@type":"BreadcrumbList","@id":"https:\/\/brufaganya.cat\/2020\/acaba-la-primera-fase-de-la-reconstruccio-de-la-casa-de-lermita\/#breadcrumb","itemListElement":[{"@type":"ListItem","position":1,"name":"Inici","item":"https:\/\/brufaganya.cat\/2020\/"},{"@type":"ListItem","position":2,"name":"Acaba la primera fase de la reconstrucci\u00f3 de la Casa de l&#8217;Ermit\u00e0"}]},{"@type":"WebSite","@id":"https:\/\/brufaganya.cat\/2020\/#website","url":"https:\/\/brufaganya.cat\/2020\/","name":"Sant Mag\u00ed de la Brufaganya","description":"Lloc web de Sant Mag\u00ed de la Brufaganya","publisher":{"@id":"https:\/\/brufaganya.cat\/2020\/#organization"},"potentialAction":[{"@type":"SearchAction","target":{"@type":"EntryPoint","urlTemplate":"https:\/\/brufaganya.cat\/2020\/?s={search_term_string}"},"query-input":{"@type":"PropertyValueSpecification","valueRequired":true,"valueName":"search_term_string"}}],"inLanguage":"ca"},{"@type":"Organization","@id":"https:\/\/brufaganya.cat\/2020\/#organization","name":"Sant Mag\u00ed de Brufaganya","url":"https:\/\/brufaganya.cat\/2020\/","logo":{"@type":"ImageObject","inLanguage":"ca","@id":"https:\/\/brufaganya.cat\/2020\/#\/schema\/logo\/image\/","url":"https:\/\/brufaganya.cat\/2020\/wp-content\/uploads\/2018\/11\/st_marti_bruga_horitz_posi_logo.jpg","contentUrl":"https:\/\/brufaganya.cat\/2020\/wp-content\/uploads\/2018\/11\/st_marti_bruga_horitz_posi_logo.jpg","width":1479,"height":804,"caption":"Sant Mag\u00ed de Brufaganya"},"image":{"@id":"https:\/\/brufaganya.cat\/2020\/#\/schema\/logo\/image\/"},"sameAs":["https:\/\/ca.wikipedia.org\/wiki\/Sant_Mag\u00ed_de_Brufaganya"]},{"@type":"Person","@id":"https:\/\/brufaganya.cat\/2020\/#\/schema\/person\/104a8a58bc74955dad00f639bb234a56","name":"Silvestre Pal\u00e0 Aug\u00e9","image":{"@type":"ImageObject","inLanguage":"ca","@id":"https:\/\/secure.gravatar.com\/avatar\/240c865b87ee90f68f1bb82d954fb54e1c50d2b4355c9b807c7f2862e50c5fb1?s=96&d=mm&r=g","url":"https:\/\/secure.gravatar.com\/avatar\/240c865b87ee90f68f1bb82d954fb54e1c50d2b4355c9b807c7f2862e50c5fb1?s=96&d=mm&r=g","contentUrl":"https:\/\/secure.gravatar.com\/avatar\/240c865b87ee90f68f1bb82d954fb54e1c50d2b4355c9b807c7f2862e50c5fb1?s=96&d=mm&r=g","caption":"Silvestre Pal\u00e0 Aug\u00e9"},"url":"https:\/\/brufaganya.cat\/2020\/author\/spala\/"}]}},"_links":{"self":[{"href":"https:\/\/brufaganya.cat\/2020\/wp-json\/wp\/v2\/posts\/6258","targetHints":{"allow":["GET"]}}],"collection":[{"href":"https:\/\/brufaganya.cat\/2020\/wp-json\/wp\/v2\/posts"}],"about":[{"href":"https:\/\/brufaganya.cat\/2020\/wp-json\/wp\/v2\/types\/post"}],"author":[{"embeddable":true,"href":"https:\/\/brufaganya.cat\/2020\/wp-json\/wp\/v2\/users\/109"}],"replies":[{"embeddable":true,"href":"https:\/\/brufaganya.cat\/2020\/wp-json\/wp\/v2\/comments?post=6258"}],"version-history":[{"count":0,"href":"https:\/\/brufaganya.cat\/2020\/wp-json\/wp\/v2\/posts\/6258\/revisions"}],"wp:featuredmedia":[{"embeddable":true,"href":"https:\/\/brufaganya.cat\/2020\/wp-json\/wp\/v2\/media\/6271"}],"wp:attachment":[{"href":"https:\/\/brufaganya.cat\/2020\/wp-json\/wp\/v2\/media?parent=6258"}],"wp:term":[{"taxonomy":"category","embeddable":true,"href":"https:\/\/brufaganya.cat\/2020\/wp-json\/wp\/v2\/categories?post=6258"},{"taxonomy":"post_tag","embeddable":true,"href":"https:\/\/brufaganya.cat\/2020\/wp-json\/wp\/v2\/tags?post=6258"}],"curies":[{"name":"wp","href":"https:\/\/api.w.org\/{rel}","templated":true}]}}