{"id":5905,"date":"2021-01-14T13:43:30","date_gmt":"2021-01-14T11:43:30","guid":{"rendered":"https:\/\/brufaganya.cat\/2020\/?p=5905"},"modified":"2020-12-30T14:28:29","modified_gmt":"2020-12-30T12:28:29","slug":"sant-magi-en-el-folklore-llegendes-de-tarragona","status":"publish","type":"post","link":"https:\/\/brufaganya.cat\/2020\/sant-magi-en-el-folklore-llegendes-de-tarragona\/","title":{"rendered":"Sant Mag\u00ed en el folklore.&#8221; Llegendes de Tarragona&#8221;"},"content":{"rendered":"<figure id=\"attachment_5842\" aria-describedby=\"caption-attachment-5842\" style=\"width: 300px\" class=\"wp-caption alignright\"><img loading=\"lazy\" decoding=\"async\" class=\"size-medium wp-image-5842\" src=\"https:\/\/brufaganya.cat\/2020\/wp-content\/uploads\/2020\/12\/SMneu-300x171.png\" alt=\"\" width=\"300\" height=\"171\" srcset=\"https:\/\/brufaganya.cat\/2020\/wp-content\/uploads\/2020\/12\/SMneu-300x171.png 300w, https:\/\/brufaganya.cat\/2020\/wp-content\/uploads\/2020\/12\/SMneu.png 700w\" sizes=\"auto, (max-width: 300px) 100vw, 300px\" \/><figcaption id=\"caption-attachment-5842\" class=\"wp-caption-text\">Sant Mag\u00ed nevada de 2015. M.Rumbau<\/figcaption><\/figure>\n<p>Sempre \u00e9s bo veure que Sant Mag\u00ed segueix viu en l&#8217;imaginari i els treballs de recerca de moltes persones inquietes, curioses i estudioses,\u00a0 aix\u00f2 passa amb aquest llibre. Ara ens el trobem amb el treball\u00a0\u00a0d\u2019Emili Samper Prunera. L\u2019obra en q\u00fcesti\u00f3 porta per t\u00edtol <b>&#8221; Llegendes de Tarragona&#8221;<\/b>. Aquest autor (Tarragona 1980)\u00a0 \u00e9s escriptor , investigador i, segons la Wiquip\u00e8dia, treballa a<a href=\"https:\/\/www.blogger.com\/blog\/post\/edit\/1538828191261898304\/8287163591121207609#\" data-original-attrs=\"{&quot;data-original-href&quot;:&quot;http:\/\/www.filologiacatalana.urv.cat\/ca\/transferencia\/folk\/&quot;}\">\u00a0l\u2019Arxiu de Folklore del Departament de Filologia Catalana de la Universitat Rovira i Virgili<\/a>. El seu treball sobre el folklorista i enginyer catal\u00e0 Cels Gomis i Mestre (1841-1915) va ser premiat l\u2018any 2014.<\/p>\n<div>\n<figure id=\"attachment_5906\" aria-describedby=\"caption-attachment-5906\" style=\"width: 259px\" class=\"wp-caption alignleft\"><img loading=\"lazy\" decoding=\"async\" class=\"wp-image-5906 size-full\" src=\"https:\/\/brufaganya.cat\/2020\/wp-content\/uploads\/2020\/12\/catedralTarragona.jpg\" alt=\"\" width=\"259\" height=\"194\" srcset=\"https:\/\/brufaganya.cat\/2020\/wp-content\/uploads\/2020\/12\/catedralTarragona.jpg 259w, https:\/\/brufaganya.cat\/2020\/wp-content\/uploads\/2020\/12\/catedralTarragona-86x64.jpg 86w\" sizes=\"auto, (max-width: 259px) 100vw, 259px\" \/><figcaption id=\"caption-attachment-5906\" class=\"wp-caption-text\">Catedral de Tarragona<\/figcaption><\/figure>\n<p>El llibre\u00a0<b>&#8221; Llegendes de Tarragona&#8221;<\/b>\u00a0ens explica els antecedents que hi ha hagut per recopilar les llegendes tan escrites com orals al voltant de la ciutat de Tarragona i el seu entorn. \u00c9s m\u00e9s aviat un treball d\u2019investigaci\u00f3 i el que pret\u00e9n potser \u00e9s ser exhaustiu en el tema que aborda.<\/p>\n<\/div>\n<div>\u00a0Els relats no tenen gaire guarniment literari, i s\u00f3n textos sovint molt breus. La llegendes potser criden l\u2019atenci\u00f3 per la pres\u00e8ncia d\u2019una viol\u00e8ncia gratu\u00efta que en els relats contemporanis no trobem.<\/div>\n<div>\n<figure id=\"attachment_5907\" aria-describedby=\"caption-attachment-5907\" style=\"width: 259px\" class=\"wp-caption alignright\"><img loading=\"lazy\" decoding=\"async\" class=\"wp-image-5907 size-full\" src=\"https:\/\/brufaganya.cat\/2020\/wp-content\/uploads\/2020\/12\/pontDiable.jpg\" alt=\"\" width=\"259\" height=\"194\" srcset=\"https:\/\/brufaganya.cat\/2020\/wp-content\/uploads\/2020\/12\/pontDiable.jpg 259w, https:\/\/brufaganya.cat\/2020\/wp-content\/uploads\/2020\/12\/pontDiable-86x64.jpg 86w\" sizes=\"auto, (max-width: 259px) 100vw, 259px\" \/><figcaption id=\"caption-attachment-5907\" class=\"wp-caption-text\">Pont del Diable. Font: Ricard Ballo (2015)<\/figcaption><\/figure>\n<p>Encara que tamb\u00e9 la trobem en els contes infantils m\u00e9s tradicionals. Hi trobem llegendes al voltant del pont del Diable, de la platja del Miracle o de la catedral com punts destacats de la ciutat de Tarragona i dels voltants com el castell de Tamarit. \u00c9s de destacar que hi ha unes quantes llegendes al voltant de la\u00a0<b>figura de Sant Mag\u00ed<\/b>. Moltes tenen un rerefons religi\u00f3s on sempre es produeix el miracle corresponent que \u00e9s el nucli del relat.<\/p>\n<\/div>\n<div>El\u00a0<b>club de lectura de Sta.Coloma de Queralt<\/b>, l&#8217;ha escollit per fer el seu treball. Segur que ser\u00e0 molt profit\u00f3s.<\/div>\n<div>La noticia ha aparegut al web <a href=\"https:\/\/tribusdelasegarra.cat\/\">&#8220;Tribus de la Segarra<\/a> i ens en voldr\u00edem fer ress\u00f2.<\/div>\n","protected":false},"excerpt":{"rendered":"<p>Sempre \u00e9s bo veure que Sant Mag\u00ed segueix viu en l&#8217;imaginari i els treballs de recerca de moltes persones inquietes, curioses i estudioses,\u00a0 aix\u00f2 passa amb aquest llibre. Ara ens [&hellip;]<\/p>\n","protected":false},"author":105,"featured_media":5908,"comment_status":"open","ping_status":"closed","sticky":false,"template":"","format":"standard","meta":{"inline_featured_image":false,"footnotes":""},"categories":[769,1],"tags":[],"class_list":["post-5905","post","type-post","status-publish","format-standard","has-post-thumbnail","hentry","category-historia-oral","category-noticies"],"yoast_head":"<!-- This site is optimized with the Yoast SEO plugin v27.5 - https:\/\/yoast.com\/product\/yoast-seo-wordpress\/ -->\n<title>Sant Mag\u00ed en el folklore.&quot; Llegendes de Tarragona&quot; &#187; Sant Mag\u00ed de la Brufaganya<\/title>\n<meta name=\"robots\" content=\"index, follow, max-snippet:-1, max-image-preview:large, max-video-preview:-1\" \/>\n<link rel=\"canonical\" href=\"https:\/\/brufaganya.cat\/2020\/sant-magi-en-el-folklore-llegendes-de-tarragona\/\" \/>\n<meta property=\"og:locale\" content=\"ca_ES\" \/>\n<meta property=\"og:type\" content=\"article\" \/>\n<meta property=\"og:title\" content=\"Sant Mag\u00ed en el folklore.&quot; Llegendes de Tarragona&quot; &#187; Sant Mag\u00ed de la Brufaganya\" \/>\n<meta property=\"og:description\" content=\"Sempre \u00e9s bo veure que Sant Mag\u00ed segueix viu en l&#8217;imaginari i els treballs de recerca de moltes persones inquietes, curioses i estudioses,\u00a0 aix\u00f2 passa amb aquest llibre. Ara ens [&hellip;]\" \/>\n<meta property=\"og:url\" content=\"https:\/\/brufaganya.cat\/2020\/sant-magi-en-el-folklore-llegendes-de-tarragona\/\" \/>\n<meta property=\"og:site_name\" content=\"Sant Mag\u00ed de la Brufaganya\" \/>\n<meta property=\"article:published_time\" content=\"2021-01-14T11:43:30+00:00\" \/>\n<meta property=\"og:image\" content=\"https:\/\/brufaganya.cat\/2020\/wp-content\/uploads\/2020\/12\/Emili-Samper-perfil-1024x1024-1.jpg\" \/>\n\t<meta property=\"og:image:width\" content=\"1024\" \/>\n\t<meta property=\"og:image:height\" content=\"1024\" \/>\n\t<meta property=\"og:image:type\" content=\"image\/jpeg\" \/>\n<meta name=\"author\" content=\"Rita Armejach Carreras\" \/>\n<meta name=\"twitter:card\" content=\"summary_large_image\" \/>\n<meta name=\"twitter:label1\" content=\"Escrit per\" \/>\n\t<meta name=\"twitter:data1\" content=\"Rita Armejach Carreras\" \/>\n\t<meta name=\"twitter:label2\" content=\"Temps estimat de lectura\" \/>\n\t<meta name=\"twitter:data2\" content=\"2 minuts\" \/>\n<script type=\"application\/ld+json\" class=\"yoast-schema-graph\">{\"@context\":\"https:\\\/\\\/schema.org\",\"@graph\":[{\"@type\":\"Article\",\"@id\":\"https:\\\/\\\/brufaganya.cat\\\/2020\\\/sant-magi-en-el-folklore-llegendes-de-tarragona\\\/#article\",\"isPartOf\":{\"@id\":\"https:\\\/\\\/brufaganya.cat\\\/2020\\\/sant-magi-en-el-folklore-llegendes-de-tarragona\\\/\"},\"author\":{\"name\":\"Rita Armejach Carreras\",\"@id\":\"https:\\\/\\\/brufaganya.cat\\\/2020\\\/#\\\/schema\\\/person\\\/cd383ee397867b5182d1cf80b8c2e95c\"},\"headline\":\"Sant Mag\u00ed en el folklore.&#8221; Llegendes de Tarragona&#8221;\",\"datePublished\":\"2021-01-14T11:43:30+00:00\",\"mainEntityOfPage\":{\"@id\":\"https:\\\/\\\/brufaganya.cat\\\/2020\\\/sant-magi-en-el-folklore-llegendes-de-tarragona\\\/\"},\"wordCount\":354,\"commentCount\":0,\"publisher\":{\"@id\":\"https:\\\/\\\/brufaganya.cat\\\/2020\\\/#organization\"},\"image\":{\"@id\":\"https:\\\/\\\/brufaganya.cat\\\/2020\\\/sant-magi-en-el-folklore-llegendes-de-tarragona\\\/#primaryimage\"},\"thumbnailUrl\":\"https:\\\/\\\/brufaganya.cat\\\/2020\\\/wp-content\\\/uploads\\\/2020\\\/12\\\/Emili-Samper-perfil-1024x1024-1.jpg\",\"articleSection\":[\"Hist\u00f2ria oral\",\"Not\u00edcies\"],\"inLanguage\":\"ca\",\"potentialAction\":[{\"@type\":\"CommentAction\",\"name\":\"Comment\",\"target\":[\"https:\\\/\\\/brufaganya.cat\\\/2020\\\/sant-magi-en-el-folklore-llegendes-de-tarragona\\\/#respond\"]}]},{\"@type\":\"WebPage\",\"@id\":\"https:\\\/\\\/brufaganya.cat\\\/2020\\\/sant-magi-en-el-folklore-llegendes-de-tarragona\\\/\",\"url\":\"https:\\\/\\\/brufaganya.cat\\\/2020\\\/sant-magi-en-el-folklore-llegendes-de-tarragona\\\/\",\"name\":\"Sant Mag\u00ed en el folklore.\\\" Llegendes de Tarragona\\\" &#187; Sant Mag\u00ed de la Brufaganya\",\"isPartOf\":{\"@id\":\"https:\\\/\\\/brufaganya.cat\\\/2020\\\/#website\"},\"primaryImageOfPage\":{\"@id\":\"https:\\\/\\\/brufaganya.cat\\\/2020\\\/sant-magi-en-el-folklore-llegendes-de-tarragona\\\/#primaryimage\"},\"image\":{\"@id\":\"https:\\\/\\\/brufaganya.cat\\\/2020\\\/sant-magi-en-el-folklore-llegendes-de-tarragona\\\/#primaryimage\"},\"thumbnailUrl\":\"https:\\\/\\\/brufaganya.cat\\\/2020\\\/wp-content\\\/uploads\\\/2020\\\/12\\\/Emili-Samper-perfil-1024x1024-1.jpg\",\"datePublished\":\"2021-01-14T11:43:30+00:00\",\"breadcrumb\":{\"@id\":\"https:\\\/\\\/brufaganya.cat\\\/2020\\\/sant-magi-en-el-folklore-llegendes-de-tarragona\\\/#breadcrumb\"},\"inLanguage\":\"ca\",\"potentialAction\":[{\"@type\":\"ReadAction\",\"target\":[\"https:\\\/\\\/brufaganya.cat\\\/2020\\\/sant-magi-en-el-folklore-llegendes-de-tarragona\\\/\"]}]},{\"@type\":\"ImageObject\",\"inLanguage\":\"ca\",\"@id\":\"https:\\\/\\\/brufaganya.cat\\\/2020\\\/sant-magi-en-el-folklore-llegendes-de-tarragona\\\/#primaryimage\",\"url\":\"https:\\\/\\\/brufaganya.cat\\\/2020\\\/wp-content\\\/uploads\\\/2020\\\/12\\\/Emili-Samper-perfil-1024x1024-1.jpg\",\"contentUrl\":\"https:\\\/\\\/brufaganya.cat\\\/2020\\\/wp-content\\\/uploads\\\/2020\\\/12\\\/Emili-Samper-perfil-1024x1024-1.jpg\",\"width\":1024,\"height\":1024},{\"@type\":\"BreadcrumbList\",\"@id\":\"https:\\\/\\\/brufaganya.cat\\\/2020\\\/sant-magi-en-el-folklore-llegendes-de-tarragona\\\/#breadcrumb\",\"itemListElement\":[{\"@type\":\"ListItem\",\"position\":1,\"name\":\"Inici\",\"item\":\"https:\\\/\\\/brufaganya.cat\\\/2020\\\/\"},{\"@type\":\"ListItem\",\"position\":2,\"name\":\"Sant Mag\u00ed en el folklore.&#8221; Llegendes de Tarragona&#8221;\"}]},{\"@type\":\"WebSite\",\"@id\":\"https:\\\/\\\/brufaganya.cat\\\/2020\\\/#website\",\"url\":\"https:\\\/\\\/brufaganya.cat\\\/2020\\\/\",\"name\":\"Sant Mag\u00ed de la Brufaganya\",\"description\":\"Lloc web de Sant Mag\u00ed de la Brufaganya\",\"publisher\":{\"@id\":\"https:\\\/\\\/brufaganya.cat\\\/2020\\\/#organization\"},\"potentialAction\":[{\"@type\":\"SearchAction\",\"target\":{\"@type\":\"EntryPoint\",\"urlTemplate\":\"https:\\\/\\\/brufaganya.cat\\\/2020\\\/?s={search_term_string}\"},\"query-input\":{\"@type\":\"PropertyValueSpecification\",\"valueRequired\":true,\"valueName\":\"search_term_string\"}}],\"inLanguage\":\"ca\"},{\"@type\":\"Organization\",\"@id\":\"https:\\\/\\\/brufaganya.cat\\\/2020\\\/#organization\",\"name\":\"Sant Mag\u00ed de Brufaganya\",\"url\":\"https:\\\/\\\/brufaganya.cat\\\/2020\\\/\",\"logo\":{\"@type\":\"ImageObject\",\"inLanguage\":\"ca\",\"@id\":\"https:\\\/\\\/brufaganya.cat\\\/2020\\\/#\\\/schema\\\/logo\\\/image\\\/\",\"url\":\"https:\\\/\\\/brufaganya.cat\\\/2020\\\/wp-content\\\/uploads\\\/2018\\\/11\\\/st_marti_bruga_horitz_posi_logo.jpg\",\"contentUrl\":\"https:\\\/\\\/brufaganya.cat\\\/2020\\\/wp-content\\\/uploads\\\/2018\\\/11\\\/st_marti_bruga_horitz_posi_logo.jpg\",\"width\":1479,\"height\":804,\"caption\":\"Sant Mag\u00ed de Brufaganya\"},\"image\":{\"@id\":\"https:\\\/\\\/brufaganya.cat\\\/2020\\\/#\\\/schema\\\/logo\\\/image\\\/\"},\"sameAs\":[\"https:\\\/\\\/ca.wikipedia.org\\\/wiki\\\/Sant_Mag\u00ed_de_Brufaganya\"]},{\"@type\":\"Person\",\"@id\":\"https:\\\/\\\/brufaganya.cat\\\/2020\\\/#\\\/schema\\\/person\\\/cd383ee397867b5182d1cf80b8c2e95c\",\"name\":\"Rita Armejach Carreras\",\"image\":{\"@type\":\"ImageObject\",\"inLanguage\":\"ca\",\"@id\":\"https:\\\/\\\/secure.gravatar.com\\\/avatar\\\/9dd6e49c4c61c4e14defcbf48211c55e6d268a4486cf9f5cef1b53148943d71d?s=96&d=mm&r=g\",\"url\":\"https:\\\/\\\/secure.gravatar.com\\\/avatar\\\/9dd6e49c4c61c4e14defcbf48211c55e6d268a4486cf9f5cef1b53148943d71d?s=96&d=mm&r=g\",\"contentUrl\":\"https:\\\/\\\/secure.gravatar.com\\\/avatar\\\/9dd6e49c4c61c4e14defcbf48211c55e6d268a4486cf9f5cef1b53148943d71d?s=96&d=mm&r=g\",\"caption\":\"Rita Armejach Carreras\"},\"url\":\"https:\\\/\\\/brufaganya.cat\\\/2020\\\/author\\\/rarmejach\\\/\"}]}<\/script>\n<!-- \/ Yoast SEO plugin. -->","yoast_head_json":{"title":"Sant Mag\u00ed en el folklore.\" Llegendes de Tarragona\" &#187; Sant Mag\u00ed de la Brufaganya","robots":{"index":"index","follow":"follow","max-snippet":"max-snippet:-1","max-image-preview":"max-image-preview:large","max-video-preview":"max-video-preview:-1"},"canonical":"https:\/\/brufaganya.cat\/2020\/sant-magi-en-el-folklore-llegendes-de-tarragona\/","og_locale":"ca_ES","og_type":"article","og_title":"Sant Mag\u00ed en el folklore.\" Llegendes de Tarragona\" &#187; Sant Mag\u00ed de la Brufaganya","og_description":"Sempre \u00e9s bo veure que Sant Mag\u00ed segueix viu en l&#8217;imaginari i els treballs de recerca de moltes persones inquietes, curioses i estudioses,\u00a0 aix\u00f2 passa amb aquest llibre. Ara ens [&hellip;]","og_url":"https:\/\/brufaganya.cat\/2020\/sant-magi-en-el-folklore-llegendes-de-tarragona\/","og_site_name":"Sant Mag\u00ed de la Brufaganya","article_published_time":"2021-01-14T11:43:30+00:00","og_image":[{"width":1024,"height":1024,"url":"https:\/\/brufaganya.cat\/2020\/wp-content\/uploads\/2020\/12\/Emili-Samper-perfil-1024x1024-1.jpg","type":"image\/jpeg"}],"author":"Rita Armejach Carreras","twitter_card":"summary_large_image","twitter_misc":{"Escrit per":"Rita Armejach Carreras","Temps estimat de lectura":"2 minuts"},"schema":{"@context":"https:\/\/schema.org","@graph":[{"@type":"Article","@id":"https:\/\/brufaganya.cat\/2020\/sant-magi-en-el-folklore-llegendes-de-tarragona\/#article","isPartOf":{"@id":"https:\/\/brufaganya.cat\/2020\/sant-magi-en-el-folklore-llegendes-de-tarragona\/"},"author":{"name":"Rita Armejach Carreras","@id":"https:\/\/brufaganya.cat\/2020\/#\/schema\/person\/cd383ee397867b5182d1cf80b8c2e95c"},"headline":"Sant Mag\u00ed en el folklore.&#8221; Llegendes de Tarragona&#8221;","datePublished":"2021-01-14T11:43:30+00:00","mainEntityOfPage":{"@id":"https:\/\/brufaganya.cat\/2020\/sant-magi-en-el-folklore-llegendes-de-tarragona\/"},"wordCount":354,"commentCount":0,"publisher":{"@id":"https:\/\/brufaganya.cat\/2020\/#organization"},"image":{"@id":"https:\/\/brufaganya.cat\/2020\/sant-magi-en-el-folklore-llegendes-de-tarragona\/#primaryimage"},"thumbnailUrl":"https:\/\/brufaganya.cat\/2020\/wp-content\/uploads\/2020\/12\/Emili-Samper-perfil-1024x1024-1.jpg","articleSection":["Hist\u00f2ria oral","Not\u00edcies"],"inLanguage":"ca","potentialAction":[{"@type":"CommentAction","name":"Comment","target":["https:\/\/brufaganya.cat\/2020\/sant-magi-en-el-folklore-llegendes-de-tarragona\/#respond"]}]},{"@type":"WebPage","@id":"https:\/\/brufaganya.cat\/2020\/sant-magi-en-el-folklore-llegendes-de-tarragona\/","url":"https:\/\/brufaganya.cat\/2020\/sant-magi-en-el-folklore-llegendes-de-tarragona\/","name":"Sant Mag\u00ed en el folklore.\" Llegendes de Tarragona\" &#187; Sant Mag\u00ed de la Brufaganya","isPartOf":{"@id":"https:\/\/brufaganya.cat\/2020\/#website"},"primaryImageOfPage":{"@id":"https:\/\/brufaganya.cat\/2020\/sant-magi-en-el-folklore-llegendes-de-tarragona\/#primaryimage"},"image":{"@id":"https:\/\/brufaganya.cat\/2020\/sant-magi-en-el-folklore-llegendes-de-tarragona\/#primaryimage"},"thumbnailUrl":"https:\/\/brufaganya.cat\/2020\/wp-content\/uploads\/2020\/12\/Emili-Samper-perfil-1024x1024-1.jpg","datePublished":"2021-01-14T11:43:30+00:00","breadcrumb":{"@id":"https:\/\/brufaganya.cat\/2020\/sant-magi-en-el-folklore-llegendes-de-tarragona\/#breadcrumb"},"inLanguage":"ca","potentialAction":[{"@type":"ReadAction","target":["https:\/\/brufaganya.cat\/2020\/sant-magi-en-el-folklore-llegendes-de-tarragona\/"]}]},{"@type":"ImageObject","inLanguage":"ca","@id":"https:\/\/brufaganya.cat\/2020\/sant-magi-en-el-folklore-llegendes-de-tarragona\/#primaryimage","url":"https:\/\/brufaganya.cat\/2020\/wp-content\/uploads\/2020\/12\/Emili-Samper-perfil-1024x1024-1.jpg","contentUrl":"https:\/\/brufaganya.cat\/2020\/wp-content\/uploads\/2020\/12\/Emili-Samper-perfil-1024x1024-1.jpg","width":1024,"height":1024},{"@type":"BreadcrumbList","@id":"https:\/\/brufaganya.cat\/2020\/sant-magi-en-el-folklore-llegendes-de-tarragona\/#breadcrumb","itemListElement":[{"@type":"ListItem","position":1,"name":"Inici","item":"https:\/\/brufaganya.cat\/2020\/"},{"@type":"ListItem","position":2,"name":"Sant Mag\u00ed en el folklore.&#8221; Llegendes de Tarragona&#8221;"}]},{"@type":"WebSite","@id":"https:\/\/brufaganya.cat\/2020\/#website","url":"https:\/\/brufaganya.cat\/2020\/","name":"Sant Mag\u00ed de la Brufaganya","description":"Lloc web de Sant Mag\u00ed de la Brufaganya","publisher":{"@id":"https:\/\/brufaganya.cat\/2020\/#organization"},"potentialAction":[{"@type":"SearchAction","target":{"@type":"EntryPoint","urlTemplate":"https:\/\/brufaganya.cat\/2020\/?s={search_term_string}"},"query-input":{"@type":"PropertyValueSpecification","valueRequired":true,"valueName":"search_term_string"}}],"inLanguage":"ca"},{"@type":"Organization","@id":"https:\/\/brufaganya.cat\/2020\/#organization","name":"Sant Mag\u00ed de Brufaganya","url":"https:\/\/brufaganya.cat\/2020\/","logo":{"@type":"ImageObject","inLanguage":"ca","@id":"https:\/\/brufaganya.cat\/2020\/#\/schema\/logo\/image\/","url":"https:\/\/brufaganya.cat\/2020\/wp-content\/uploads\/2018\/11\/st_marti_bruga_horitz_posi_logo.jpg","contentUrl":"https:\/\/brufaganya.cat\/2020\/wp-content\/uploads\/2018\/11\/st_marti_bruga_horitz_posi_logo.jpg","width":1479,"height":804,"caption":"Sant Mag\u00ed de Brufaganya"},"image":{"@id":"https:\/\/brufaganya.cat\/2020\/#\/schema\/logo\/image\/"},"sameAs":["https:\/\/ca.wikipedia.org\/wiki\/Sant_Mag\u00ed_de_Brufaganya"]},{"@type":"Person","@id":"https:\/\/brufaganya.cat\/2020\/#\/schema\/person\/cd383ee397867b5182d1cf80b8c2e95c","name":"Rita Armejach Carreras","image":{"@type":"ImageObject","inLanguage":"ca","@id":"https:\/\/secure.gravatar.com\/avatar\/9dd6e49c4c61c4e14defcbf48211c55e6d268a4486cf9f5cef1b53148943d71d?s=96&d=mm&r=g","url":"https:\/\/secure.gravatar.com\/avatar\/9dd6e49c4c61c4e14defcbf48211c55e6d268a4486cf9f5cef1b53148943d71d?s=96&d=mm&r=g","contentUrl":"https:\/\/secure.gravatar.com\/avatar\/9dd6e49c4c61c4e14defcbf48211c55e6d268a4486cf9f5cef1b53148943d71d?s=96&d=mm&r=g","caption":"Rita Armejach Carreras"},"url":"https:\/\/brufaganya.cat\/2020\/author\/rarmejach\/"}]}},"_links":{"self":[{"href":"https:\/\/brufaganya.cat\/2020\/wp-json\/wp\/v2\/posts\/5905","targetHints":{"allow":["GET"]}}],"collection":[{"href":"https:\/\/brufaganya.cat\/2020\/wp-json\/wp\/v2\/posts"}],"about":[{"href":"https:\/\/brufaganya.cat\/2020\/wp-json\/wp\/v2\/types\/post"}],"author":[{"embeddable":true,"href":"https:\/\/brufaganya.cat\/2020\/wp-json\/wp\/v2\/users\/105"}],"replies":[{"embeddable":true,"href":"https:\/\/brufaganya.cat\/2020\/wp-json\/wp\/v2\/comments?post=5905"}],"version-history":[{"count":0,"href":"https:\/\/brufaganya.cat\/2020\/wp-json\/wp\/v2\/posts\/5905\/revisions"}],"wp:featuredmedia":[{"embeddable":true,"href":"https:\/\/brufaganya.cat\/2020\/wp-json\/wp\/v2\/media\/5908"}],"wp:attachment":[{"href":"https:\/\/brufaganya.cat\/2020\/wp-json\/wp\/v2\/media?parent=5905"}],"wp:term":[{"taxonomy":"category","embeddable":true,"href":"https:\/\/brufaganya.cat\/2020\/wp-json\/wp\/v2\/categories?post=5905"},{"taxonomy":"post_tag","embeddable":true,"href":"https:\/\/brufaganya.cat\/2020\/wp-json\/wp\/v2\/tags?post=5905"}],"curies":[{"name":"wp","href":"https:\/\/api.w.org\/{rel}","templated":true}]}}