{"id":5742,"date":"2020-11-05T18:16:05","date_gmt":"2020-11-05T16:16:05","guid":{"rendered":"https:\/\/brufaganya.cat\/2020\/?p=5742"},"modified":"2020-11-06T00:08:35","modified_gmt":"2020-11-05T22:08:35","slug":"sant-magi-a-la-radio","status":"publish","type":"post","link":"https:\/\/brufaganya.cat\/2020\/sant-magi-a-la-radio\/","title":{"rendered":"Sant Mag\u00ed a la r\u00e0dio"},"content":{"rendered":"<p>En l&#8217;\u00e0mbit de la difusi\u00f3 ha tingut lloc l&#8217;entrevista a Josep Maria Carreras i Silvestre Pal\u00e0, membres de l&#8217; &#8220;<strong>Associaci\u00f3 d&#8217;Amics de Sant Mag\u00ed de la Brufaganya i el seu entorn<\/strong>&#8220;. <a href=\"https:\/\/www.efmr.cat\/\">EsplugaFMradio<\/a>, en el seu programa l&#8217;<strong>Informatiu<\/strong>, s&#8217;interessava sobre qu\u00e8 era el Sant Mag\u00ed actual, com havia transcorregut aquest estiu tan singular i com s&#8217;havien desenvolupat les activitats que es duen a terme.<\/p>\n<p>Per escoltar l&#8217;entrevista sencera <strong><a href=\"https:\/\/www.efmr.cat\/blog\/2020\/11\/05\/informatius-laltaveu-del-dijous-5-de-novembre-de-2020\/\">PREMEU AQU\u00cd<\/a><\/strong><\/p>\n<p>De forma planera els dos interviuats anaven exposant diferents aspectes de la Brufaganya i els seus perfils.<\/p>\n<ul>\n<li>Com estava de abandonat en l&#8217;aspecte material i de valoraci\u00f3 popular l&#8217;entorn de Sant Mag\u00ed. Reviuen les dificultats per redre\u00e7ar-ho, els ajuts rebuts\u00a0 i el canvi a positiu que l&#8217;est\u00e0 convertint en el centre cultural, musical i ambiental actual.<\/li>\n<li>Com el COVID-19 no ha paralitzat del tot aquesta vida cultural sin\u00f3 que l&#8217;han adequat a les necessitats i la gent hi ha respost amb responsabilitat i fidelitat<\/li>\n<li>Ofereixen diferents visions de Sant Mag\u00ed, mes amplies que la t\u00edpica devoci\u00f3 al Sant i que permeten gaudir del patrimoni del santuari, de la capella de les Fonts &#8230;<\/li>\n<li>Descriuen les &#8220;Nits musicals de la Brufaganya&#8221; cicle de concerts de molta qualitat que han creat fidelitzaci\u00f3 entre persones que venen de llocs ben allunyats per gaudir de la m\u00fasica i l&#8217;acollida de l&#8217;entorn.<\/li>\n<li>Fan una descripci\u00f3 de la natura de la Brufaganya, amb flora i fauna pr\u00f2pia que interessa i crea grups d&#8217;estudiosos\u00a0 i permet un apropament als interessats en aspectes concrets, com lepid\u00f2pters(papallones) i arbres singulars entre ells els roures centenaris o el Pi de la Fou.<\/li>\n<li>Mencionen reiteradament Aplecs i Festes, punt de trobada per anar a buscar l&#8217;aigua de les Fonts i portar-la als pobles en el dia de Sant Mag\u00ed. Aquesta tradici\u00f3 que es conserva viva i que junt amb els aplecs es potser el m\u00e9s conegut.<\/li>\n<\/ul>\n<p>En acabar un d&#8217;ells deia: A Sant Mag\u00ed, passejant per les Fonts o per\u00a0 altres indrets, sempre hi trobes alg\u00fa.<\/p>\n<p>\u00c9s veritat. Sempre hi ha alguna cosa a veure i viure a Sant Mag\u00ed.<\/p>\n<p>&nbsp;<\/p>\n","protected":false},"excerpt":{"rendered":"<p>En l&#8217;\u00e0mbit de la difusi\u00f3 ha tingut lloc l&#8217;entrevista a Josep Maria Carreras i Silvestre Pal\u00e0, membres de l&#8217; &#8220;Associaci\u00f3 d&#8217;Amics de Sant Mag\u00ed de la Brufaganya i el seu [&hellip;]<\/p>\n","protected":false},"author":105,"featured_media":5743,"comment_status":"open","ping_status":"closed","sticky":false,"template":"","format":"standard","meta":{"inline_featured_image":false,"footnotes":""},"categories":[776,1],"tags":[],"class_list":["post-5742","post","type-post","status-publish","format-standard","has-post-thumbnail","hentry","category-exposicions-xerrades","category-noticies"],"yoast_head":"<!-- This site is optimized with the Yoast SEO plugin v27.5 - https:\/\/yoast.com\/product\/yoast-seo-wordpress\/ -->\n<title>Sant Mag\u00ed a la r\u00e0dio &#187; Sant Mag\u00ed de la Brufaganya<\/title>\n<meta name=\"robots\" content=\"index, follow, max-snippet:-1, max-image-preview:large, max-video-preview:-1\" \/>\n<link rel=\"canonical\" href=\"https:\/\/brufaganya.cat\/2020\/sant-magi-a-la-radio\/\" \/>\n<meta property=\"og:locale\" content=\"ca_ES\" \/>\n<meta property=\"og:type\" content=\"article\" \/>\n<meta property=\"og:title\" content=\"Sant Mag\u00ed a la r\u00e0dio &#187; Sant Mag\u00ed de la Brufaganya\" \/>\n<meta property=\"og:description\" content=\"En l&#8217;\u00e0mbit de la difusi\u00f3 ha tingut lloc l&#8217;entrevista a Josep Maria Carreras i Silvestre Pal\u00e0, membres de l&#8217; &#8220;Associaci\u00f3 d&#8217;Amics de Sant Mag\u00ed de la Brufaganya i el seu [&hellip;]\" \/>\n<meta property=\"og:url\" content=\"https:\/\/brufaganya.cat\/2020\/sant-magi-a-la-radio\/\" \/>\n<meta property=\"og:site_name\" content=\"Sant Mag\u00ed de la Brufaganya\" \/>\n<meta property=\"article:published_time\" content=\"2020-11-05T16:16:05+00:00\" \/>\n<meta property=\"article:modified_time\" content=\"2020-11-05T22:08:35+00:00\" \/>\n<meta property=\"og:image\" content=\"https:\/\/brufaganya.cat\/2020\/wp-content\/uploads\/2020\/11\/RadioSM.jpg\" \/>\n\t<meta property=\"og:image:width\" content=\"786\" \/>\n\t<meta property=\"og:image:height\" content=\"468\" \/>\n\t<meta property=\"og:image:type\" content=\"image\/jpeg\" \/>\n<meta name=\"author\" content=\"Rita Armejach Carreras\" \/>\n<meta name=\"twitter:card\" content=\"summary_large_image\" \/>\n<meta name=\"twitter:label1\" content=\"Escrit per\" \/>\n\t<meta name=\"twitter:data1\" content=\"Rita Armejach Carreras\" \/>\n\t<meta name=\"twitter:label2\" content=\"Temps estimat de lectura\" \/>\n\t<meta name=\"twitter:data2\" content=\"2 minuts\" \/>\n<script type=\"application\/ld+json\" class=\"yoast-schema-graph\">{\"@context\":\"https:\\\/\\\/schema.org\",\"@graph\":[{\"@type\":\"Article\",\"@id\":\"https:\\\/\\\/brufaganya.cat\\\/2020\\\/sant-magi-a-la-radio\\\/#article\",\"isPartOf\":{\"@id\":\"https:\\\/\\\/brufaganya.cat\\\/2020\\\/sant-magi-a-la-radio\\\/\"},\"author\":{\"name\":\"Rita Armejach Carreras\",\"@id\":\"https:\\\/\\\/brufaganya.cat\\\/2020\\\/#\\\/schema\\\/person\\\/cd383ee397867b5182d1cf80b8c2e95c\"},\"headline\":\"Sant Mag\u00ed a la r\u00e0dio\",\"datePublished\":\"2020-11-05T16:16:05+00:00\",\"dateModified\":\"2020-11-05T22:08:35+00:00\",\"mainEntityOfPage\":{\"@id\":\"https:\\\/\\\/brufaganya.cat\\\/2020\\\/sant-magi-a-la-radio\\\/\"},\"wordCount\":352,\"commentCount\":0,\"publisher\":{\"@id\":\"https:\\\/\\\/brufaganya.cat\\\/2020\\\/#organization\"},\"image\":{\"@id\":\"https:\\\/\\\/brufaganya.cat\\\/2020\\\/sant-magi-a-la-radio\\\/#primaryimage\"},\"thumbnailUrl\":\"https:\\\/\\\/brufaganya.cat\\\/2020\\\/wp-content\\\/uploads\\\/2020\\\/11\\\/RadioSM.jpg\",\"articleSection\":[\"Exposicions i xerrades\",\"Not\u00edcies\"],\"inLanguage\":\"ca\",\"potentialAction\":[{\"@type\":\"CommentAction\",\"name\":\"Comment\",\"target\":[\"https:\\\/\\\/brufaganya.cat\\\/2020\\\/sant-magi-a-la-radio\\\/#respond\"]}]},{\"@type\":\"WebPage\",\"@id\":\"https:\\\/\\\/brufaganya.cat\\\/2020\\\/sant-magi-a-la-radio\\\/\",\"url\":\"https:\\\/\\\/brufaganya.cat\\\/2020\\\/sant-magi-a-la-radio\\\/\",\"name\":\"Sant Mag\u00ed a la r\u00e0dio &#187; Sant Mag\u00ed de la Brufaganya\",\"isPartOf\":{\"@id\":\"https:\\\/\\\/brufaganya.cat\\\/2020\\\/#website\"},\"primaryImageOfPage\":{\"@id\":\"https:\\\/\\\/brufaganya.cat\\\/2020\\\/sant-magi-a-la-radio\\\/#primaryimage\"},\"image\":{\"@id\":\"https:\\\/\\\/brufaganya.cat\\\/2020\\\/sant-magi-a-la-radio\\\/#primaryimage\"},\"thumbnailUrl\":\"https:\\\/\\\/brufaganya.cat\\\/2020\\\/wp-content\\\/uploads\\\/2020\\\/11\\\/RadioSM.jpg\",\"datePublished\":\"2020-11-05T16:16:05+00:00\",\"dateModified\":\"2020-11-05T22:08:35+00:00\",\"breadcrumb\":{\"@id\":\"https:\\\/\\\/brufaganya.cat\\\/2020\\\/sant-magi-a-la-radio\\\/#breadcrumb\"},\"inLanguage\":\"ca\",\"potentialAction\":[{\"@type\":\"ReadAction\",\"target\":[\"https:\\\/\\\/brufaganya.cat\\\/2020\\\/sant-magi-a-la-radio\\\/\"]}]},{\"@type\":\"ImageObject\",\"inLanguage\":\"ca\",\"@id\":\"https:\\\/\\\/brufaganya.cat\\\/2020\\\/sant-magi-a-la-radio\\\/#primaryimage\",\"url\":\"https:\\\/\\\/brufaganya.cat\\\/2020\\\/wp-content\\\/uploads\\\/2020\\\/11\\\/RadioSM.jpg\",\"contentUrl\":\"https:\\\/\\\/brufaganya.cat\\\/2020\\\/wp-content\\\/uploads\\\/2020\\\/11\\\/RadioSM.jpg\",\"width\":786,\"height\":468},{\"@type\":\"BreadcrumbList\",\"@id\":\"https:\\\/\\\/brufaganya.cat\\\/2020\\\/sant-magi-a-la-radio\\\/#breadcrumb\",\"itemListElement\":[{\"@type\":\"ListItem\",\"position\":1,\"name\":\"Inici\",\"item\":\"https:\\\/\\\/brufaganya.cat\\\/2020\\\/\"},{\"@type\":\"ListItem\",\"position\":2,\"name\":\"Sant Mag\u00ed a la r\u00e0dio\"}]},{\"@type\":\"WebSite\",\"@id\":\"https:\\\/\\\/brufaganya.cat\\\/2020\\\/#website\",\"url\":\"https:\\\/\\\/brufaganya.cat\\\/2020\\\/\",\"name\":\"Sant Mag\u00ed de la Brufaganya\",\"description\":\"Lloc web de Sant Mag\u00ed de la Brufaganya\",\"publisher\":{\"@id\":\"https:\\\/\\\/brufaganya.cat\\\/2020\\\/#organization\"},\"potentialAction\":[{\"@type\":\"SearchAction\",\"target\":{\"@type\":\"EntryPoint\",\"urlTemplate\":\"https:\\\/\\\/brufaganya.cat\\\/2020\\\/?s={search_term_string}\"},\"query-input\":{\"@type\":\"PropertyValueSpecification\",\"valueRequired\":true,\"valueName\":\"search_term_string\"}}],\"inLanguage\":\"ca\"},{\"@type\":\"Organization\",\"@id\":\"https:\\\/\\\/brufaganya.cat\\\/2020\\\/#organization\",\"name\":\"Sant Mag\u00ed de Brufaganya\",\"url\":\"https:\\\/\\\/brufaganya.cat\\\/2020\\\/\",\"logo\":{\"@type\":\"ImageObject\",\"inLanguage\":\"ca\",\"@id\":\"https:\\\/\\\/brufaganya.cat\\\/2020\\\/#\\\/schema\\\/logo\\\/image\\\/\",\"url\":\"https:\\\/\\\/brufaganya.cat\\\/2020\\\/wp-content\\\/uploads\\\/2018\\\/11\\\/st_marti_bruga_horitz_posi_logo.jpg\",\"contentUrl\":\"https:\\\/\\\/brufaganya.cat\\\/2020\\\/wp-content\\\/uploads\\\/2018\\\/11\\\/st_marti_bruga_horitz_posi_logo.jpg\",\"width\":1479,\"height\":804,\"caption\":\"Sant Mag\u00ed de Brufaganya\"},\"image\":{\"@id\":\"https:\\\/\\\/brufaganya.cat\\\/2020\\\/#\\\/schema\\\/logo\\\/image\\\/\"},\"sameAs\":[\"https:\\\/\\\/ca.wikipedia.org\\\/wiki\\\/Sant_Mag\u00ed_de_Brufaganya\"]},{\"@type\":\"Person\",\"@id\":\"https:\\\/\\\/brufaganya.cat\\\/2020\\\/#\\\/schema\\\/person\\\/cd383ee397867b5182d1cf80b8c2e95c\",\"name\":\"Rita Armejach Carreras\",\"image\":{\"@type\":\"ImageObject\",\"inLanguage\":\"ca\",\"@id\":\"https:\\\/\\\/secure.gravatar.com\\\/avatar\\\/9dd6e49c4c61c4e14defcbf48211c55e6d268a4486cf9f5cef1b53148943d71d?s=96&d=mm&r=g\",\"url\":\"https:\\\/\\\/secure.gravatar.com\\\/avatar\\\/9dd6e49c4c61c4e14defcbf48211c55e6d268a4486cf9f5cef1b53148943d71d?s=96&d=mm&r=g\",\"contentUrl\":\"https:\\\/\\\/secure.gravatar.com\\\/avatar\\\/9dd6e49c4c61c4e14defcbf48211c55e6d268a4486cf9f5cef1b53148943d71d?s=96&d=mm&r=g\",\"caption\":\"Rita Armejach Carreras\"},\"url\":\"https:\\\/\\\/brufaganya.cat\\\/2020\\\/author\\\/rarmejach\\\/\"}]}<\/script>\n<!-- \/ Yoast SEO plugin. -->","yoast_head_json":{"title":"Sant Mag\u00ed a la r\u00e0dio &#187; Sant Mag\u00ed de la Brufaganya","robots":{"index":"index","follow":"follow","max-snippet":"max-snippet:-1","max-image-preview":"max-image-preview:large","max-video-preview":"max-video-preview:-1"},"canonical":"https:\/\/brufaganya.cat\/2020\/sant-magi-a-la-radio\/","og_locale":"ca_ES","og_type":"article","og_title":"Sant Mag\u00ed a la r\u00e0dio &#187; Sant Mag\u00ed de la Brufaganya","og_description":"En l&#8217;\u00e0mbit de la difusi\u00f3 ha tingut lloc l&#8217;entrevista a Josep Maria Carreras i Silvestre Pal\u00e0, membres de l&#8217; &#8220;Associaci\u00f3 d&#8217;Amics de Sant Mag\u00ed de la Brufaganya i el seu [&hellip;]","og_url":"https:\/\/brufaganya.cat\/2020\/sant-magi-a-la-radio\/","og_site_name":"Sant Mag\u00ed de la Brufaganya","article_published_time":"2020-11-05T16:16:05+00:00","article_modified_time":"2020-11-05T22:08:35+00:00","og_image":[{"width":786,"height":468,"url":"https:\/\/brufaganya.cat\/2020\/wp-content\/uploads\/2020\/11\/RadioSM.jpg","type":"image\/jpeg"}],"author":"Rita Armejach Carreras","twitter_card":"summary_large_image","twitter_misc":{"Escrit per":"Rita Armejach Carreras","Temps estimat de lectura":"2 minuts"},"schema":{"@context":"https:\/\/schema.org","@graph":[{"@type":"Article","@id":"https:\/\/brufaganya.cat\/2020\/sant-magi-a-la-radio\/#article","isPartOf":{"@id":"https:\/\/brufaganya.cat\/2020\/sant-magi-a-la-radio\/"},"author":{"name":"Rita Armejach Carreras","@id":"https:\/\/brufaganya.cat\/2020\/#\/schema\/person\/cd383ee397867b5182d1cf80b8c2e95c"},"headline":"Sant Mag\u00ed a la r\u00e0dio","datePublished":"2020-11-05T16:16:05+00:00","dateModified":"2020-11-05T22:08:35+00:00","mainEntityOfPage":{"@id":"https:\/\/brufaganya.cat\/2020\/sant-magi-a-la-radio\/"},"wordCount":352,"commentCount":0,"publisher":{"@id":"https:\/\/brufaganya.cat\/2020\/#organization"},"image":{"@id":"https:\/\/brufaganya.cat\/2020\/sant-magi-a-la-radio\/#primaryimage"},"thumbnailUrl":"https:\/\/brufaganya.cat\/2020\/wp-content\/uploads\/2020\/11\/RadioSM.jpg","articleSection":["Exposicions i xerrades","Not\u00edcies"],"inLanguage":"ca","potentialAction":[{"@type":"CommentAction","name":"Comment","target":["https:\/\/brufaganya.cat\/2020\/sant-magi-a-la-radio\/#respond"]}]},{"@type":"WebPage","@id":"https:\/\/brufaganya.cat\/2020\/sant-magi-a-la-radio\/","url":"https:\/\/brufaganya.cat\/2020\/sant-magi-a-la-radio\/","name":"Sant Mag\u00ed a la r\u00e0dio &#187; Sant Mag\u00ed de la Brufaganya","isPartOf":{"@id":"https:\/\/brufaganya.cat\/2020\/#website"},"primaryImageOfPage":{"@id":"https:\/\/brufaganya.cat\/2020\/sant-magi-a-la-radio\/#primaryimage"},"image":{"@id":"https:\/\/brufaganya.cat\/2020\/sant-magi-a-la-radio\/#primaryimage"},"thumbnailUrl":"https:\/\/brufaganya.cat\/2020\/wp-content\/uploads\/2020\/11\/RadioSM.jpg","datePublished":"2020-11-05T16:16:05+00:00","dateModified":"2020-11-05T22:08:35+00:00","breadcrumb":{"@id":"https:\/\/brufaganya.cat\/2020\/sant-magi-a-la-radio\/#breadcrumb"},"inLanguage":"ca","potentialAction":[{"@type":"ReadAction","target":["https:\/\/brufaganya.cat\/2020\/sant-magi-a-la-radio\/"]}]},{"@type":"ImageObject","inLanguage":"ca","@id":"https:\/\/brufaganya.cat\/2020\/sant-magi-a-la-radio\/#primaryimage","url":"https:\/\/brufaganya.cat\/2020\/wp-content\/uploads\/2020\/11\/RadioSM.jpg","contentUrl":"https:\/\/brufaganya.cat\/2020\/wp-content\/uploads\/2020\/11\/RadioSM.jpg","width":786,"height":468},{"@type":"BreadcrumbList","@id":"https:\/\/brufaganya.cat\/2020\/sant-magi-a-la-radio\/#breadcrumb","itemListElement":[{"@type":"ListItem","position":1,"name":"Inici","item":"https:\/\/brufaganya.cat\/2020\/"},{"@type":"ListItem","position":2,"name":"Sant Mag\u00ed a la r\u00e0dio"}]},{"@type":"WebSite","@id":"https:\/\/brufaganya.cat\/2020\/#website","url":"https:\/\/brufaganya.cat\/2020\/","name":"Sant Mag\u00ed de la Brufaganya","description":"Lloc web de Sant Mag\u00ed de la Brufaganya","publisher":{"@id":"https:\/\/brufaganya.cat\/2020\/#organization"},"potentialAction":[{"@type":"SearchAction","target":{"@type":"EntryPoint","urlTemplate":"https:\/\/brufaganya.cat\/2020\/?s={search_term_string}"},"query-input":{"@type":"PropertyValueSpecification","valueRequired":true,"valueName":"search_term_string"}}],"inLanguage":"ca"},{"@type":"Organization","@id":"https:\/\/brufaganya.cat\/2020\/#organization","name":"Sant Mag\u00ed de Brufaganya","url":"https:\/\/brufaganya.cat\/2020\/","logo":{"@type":"ImageObject","inLanguage":"ca","@id":"https:\/\/brufaganya.cat\/2020\/#\/schema\/logo\/image\/","url":"https:\/\/brufaganya.cat\/2020\/wp-content\/uploads\/2018\/11\/st_marti_bruga_horitz_posi_logo.jpg","contentUrl":"https:\/\/brufaganya.cat\/2020\/wp-content\/uploads\/2018\/11\/st_marti_bruga_horitz_posi_logo.jpg","width":1479,"height":804,"caption":"Sant Mag\u00ed de Brufaganya"},"image":{"@id":"https:\/\/brufaganya.cat\/2020\/#\/schema\/logo\/image\/"},"sameAs":["https:\/\/ca.wikipedia.org\/wiki\/Sant_Mag\u00ed_de_Brufaganya"]},{"@type":"Person","@id":"https:\/\/brufaganya.cat\/2020\/#\/schema\/person\/cd383ee397867b5182d1cf80b8c2e95c","name":"Rita Armejach Carreras","image":{"@type":"ImageObject","inLanguage":"ca","@id":"https:\/\/secure.gravatar.com\/avatar\/9dd6e49c4c61c4e14defcbf48211c55e6d268a4486cf9f5cef1b53148943d71d?s=96&d=mm&r=g","url":"https:\/\/secure.gravatar.com\/avatar\/9dd6e49c4c61c4e14defcbf48211c55e6d268a4486cf9f5cef1b53148943d71d?s=96&d=mm&r=g","contentUrl":"https:\/\/secure.gravatar.com\/avatar\/9dd6e49c4c61c4e14defcbf48211c55e6d268a4486cf9f5cef1b53148943d71d?s=96&d=mm&r=g","caption":"Rita Armejach Carreras"},"url":"https:\/\/brufaganya.cat\/2020\/author\/rarmejach\/"}]}},"_links":{"self":[{"href":"https:\/\/brufaganya.cat\/2020\/wp-json\/wp\/v2\/posts\/5742","targetHints":{"allow":["GET"]}}],"collection":[{"href":"https:\/\/brufaganya.cat\/2020\/wp-json\/wp\/v2\/posts"}],"about":[{"href":"https:\/\/brufaganya.cat\/2020\/wp-json\/wp\/v2\/types\/post"}],"author":[{"embeddable":true,"href":"https:\/\/brufaganya.cat\/2020\/wp-json\/wp\/v2\/users\/105"}],"replies":[{"embeddable":true,"href":"https:\/\/brufaganya.cat\/2020\/wp-json\/wp\/v2\/comments?post=5742"}],"version-history":[{"count":0,"href":"https:\/\/brufaganya.cat\/2020\/wp-json\/wp\/v2\/posts\/5742\/revisions"}],"wp:featuredmedia":[{"embeddable":true,"href":"https:\/\/brufaganya.cat\/2020\/wp-json\/wp\/v2\/media\/5743"}],"wp:attachment":[{"href":"https:\/\/brufaganya.cat\/2020\/wp-json\/wp\/v2\/media?parent=5742"}],"wp:term":[{"taxonomy":"category","embeddable":true,"href":"https:\/\/brufaganya.cat\/2020\/wp-json\/wp\/v2\/categories?post=5742"},{"taxonomy":"post_tag","embeddable":true,"href":"https:\/\/brufaganya.cat\/2020\/wp-json\/wp\/v2\/tags?post=5742"}],"curies":[{"name":"wp","href":"https:\/\/api.w.org\/{rel}","templated":true}]}}