{"id":5696,"date":"2020-11-06T10:24:52","date_gmt":"2020-11-06T08:24:52","guid":{"rendered":"https:\/\/brufaganya.cat\/2020\/?p=5696"},"modified":"2020-11-06T10:24:52","modified_gmt":"2020-11-06T08:24:52","slug":"afsm031-altar-al-menjador-de-la-fonda-de-sant-magi-1940-1946","status":"publish","type":"post","link":"https:\/\/brufaganya.cat\/2020\/afsm031-altar-al-menjador-de-la-fonda-de-sant-magi-1940-1946\/","title":{"rendered":"AFSM031.- Altar al menjador de la fonda de Sant Mag\u00ed (1940-1946)"},"content":{"rendered":"<p><!--more--><\/p>\n<table>\n<tbody>\n<tr>\n<td width=\"158\">Identificador propi:<\/td>\n<td width=\"418\">AFSM031<\/td>\n<\/tr>\n<tr>\n<td width=\"158\">T\u00edtol:<\/td>\n<td width=\"418\">Altar a la fonda de Sant Mag\u00ed (1940-1946)<\/td>\n<\/tr>\n<tr>\n<td width=\"158\">Descripci\u00f3:<\/td>\n<td width=\"418\">El santuari de Sant Mag\u00ed fou cremat i destru\u00eft totalment el dia 22 de juliol de 1936, tot just comen\u00e7ar la guerra civil, segons dades que consten a l\u2019arxiu de la Causa General. L\u2019esgl\u00e9sia va quedar completament inservible per a usos religiosos.<\/p>\n<p>L\u2019any 1940 l\u2019arquebisbat va nomenar regent de la parr\u00f2quia moss\u00e8n Francesc Gebell\u00ed i Rius i va habilitar com a lloc de culte el menjador de la fonda situada al costat del santuari. A l\u2019altar hi van posar una imatge donada per un devot de Barcelona. Les fotografies de l\u2019altar que hi ha a l\u2019\u00e0lbum de fotografies del moss\u00e8n s\u00f3n les \u00faniques conegudes fins ara. Aquesta fotografia n\u2019\u00e9s la m\u00e9s representativa.<\/p>\n<p>Al menjador s\u2019hi van dir les misses fins al 1946 en que s\u2019habilit\u00e0 com a capella la sala d\u2019ex-vots situada en un edifici annex al santuari on avui (2020) s\u2019hi fan les obres de la \u201cCasa de l\u2019Ermit\u00e0\u201d.<\/p>\n<p>La reconstrucci\u00f3 del santuari va comen\u00e7ar l\u2019any 1954 amb la constituci\u00f3 d\u2019un Patronat presidit pel cardenal Arriba y Castro en el que hi havia representants dels diversos llocs on hi havia arrelada la devoci\u00f3 a Sant Mag\u00ed.<\/td>\n<\/tr>\n<tr>\n<td width=\"158\">Autor:<\/td>\n<td width=\"418\">Desconegut<\/td>\n<\/tr>\n<tr>\n<td width=\"158\">Descriptors tem\u00e0tics:<\/td>\n<td width=\"418\">E.- CI\u00c8NCIES HUMANES:E.5. RELIGI\u00d3:PR\u00c0CTIQUES RELIGIOSES:\u00c0MBITS DE PR\u00c0CTIQUES RELIGIOSES:CAPELLES<\/td>\n<\/tr>\n<tr>\n<td width=\"158\">Paraules clau:<\/td>\n<td width=\"418\">Fonda de Sant Mag\u00ed, imatge de Sant Mag\u00ed, capella<\/td>\n<\/tr>\n<tr>\n<td width=\"158\">Descriptors biogr\u00e0fics:<\/td>\n<td width=\"418\">&#8212;<\/td>\n<\/tr>\n<tr>\n<td width=\"158\">Data:<\/td>\n<td width=\"418\">Entre 1940 i 1946<\/td>\n<\/tr>\n<tr>\n<td width=\"158\">Lloc:<\/td>\n<td width=\"418\">CATALUNYA:BAIXA SEGARRA:PONTILS: SANT MAG\u00cd DE LA BRUFAGANYA<\/td>\n<\/tr>\n<tr>\n<td width=\"158\">Proced\u00e8ncia:<\/td>\n<td width=\"418\">\u00c0lbum de fotografies de moss\u00e8n Francesc Gebell\u00ed Rius<\/td>\n<\/tr>\n<tr>\n<td width=\"158\">Suport original:<\/td>\n<td width=\"418\">paper<\/td>\n<\/tr>\n<tr>\n<td width=\"158\">Identificador arxiu ali\u00e8:<\/td>\n<td width=\"418\">&#8212;<\/td>\n<\/tr>\n<\/tbody>\n<\/table>\n","protected":false},"excerpt":{"rendered":"Identificador propi: AFSM031 T\u00edtol: Altar a la fonda de Sant Mag\u00ed (1940-1946) Descripci\u00f3: El santuari de Sant Mag\u00ed fou cremat i destru\u00eft totalment el dia 22 de juliol de 1936, [...]","protected":false},"author":109,"featured_media":5750,"comment_status":"open","ping_status":"closed","sticky":false,"template":"","format":"standard","meta":{"inline_featured_image":false,"footnotes":""},"categories":[779,803,1],"tags":[],"class_list":["post-5696","post","type-post","status-publish","format-standard","has-post-thumbnail","hentry","category-arxiu-fotografic","category-arxiu-fotografic-historic","category-noticies"],"yoast_head":"<!-- This site is optimized with the Yoast SEO plugin v27.4 - https:\/\/yoast.com\/product\/yoast-seo-wordpress\/ -->\n<title>AFSM031.- Altar al menjador de la fonda de Sant Mag\u00ed (1940-1946) &#187; Sant Mag\u00ed de la Brufaganya<\/title>\n<meta name=\"robots\" content=\"index, follow, max-snippet:-1, max-image-preview:large, max-video-preview:-1\" \/>\n<link rel=\"canonical\" href=\"https:\/\/brufaganya.cat\/2020\/afsm031-altar-al-menjador-de-la-fonda-de-sant-magi-1940-1946\/\" \/>\n<meta property=\"og:locale\" content=\"ca_ES\" \/>\n<meta property=\"og:type\" content=\"article\" \/>\n<meta property=\"og:title\" content=\"AFSM031.- Altar al menjador de la fonda de Sant Mag\u00ed (1940-1946) &#187; Sant Mag\u00ed de la Brufaganya\" \/>\n<meta property=\"og:url\" content=\"https:\/\/brufaganya.cat\/2020\/afsm031-altar-al-menjador-de-la-fonda-de-sant-magi-1940-1946\/\" \/>\n<meta property=\"og:site_name\" content=\"Sant Mag\u00ed de la Brufaganya\" \/>\n<meta property=\"article:published_time\" content=\"2020-11-06T08:24:52+00:00\" \/>\n<meta property=\"og:image\" content=\"https:\/\/brufaganya.cat\/2020\/wp-content\/uploads\/2020\/11\/031.-Altar-al-menjador-de-la-fonda-1940-1946.jpg\" \/>\n\t<meta property=\"og:image:width\" content=\"3255\" \/>\n\t<meta property=\"og:image:height\" content=\"2025\" \/>\n\t<meta property=\"og:image:type\" content=\"image\/jpeg\" \/>\n<meta name=\"author\" content=\"Silvestre Pal\u00e0 Aug\u00e9\" \/>\n<meta name=\"twitter:card\" content=\"summary_large_image\" \/>\n<meta name=\"twitter:label1\" content=\"Escrit per\" \/>\n\t<meta name=\"twitter:data1\" content=\"Silvestre Pal\u00e0 Aug\u00e9\" \/>\n\t<meta name=\"twitter:label2\" content=\"Temps estimat de lectura\" \/>\n\t<meta name=\"twitter:data2\" content=\"1 minut\" \/>\n<script type=\"application\/ld+json\" class=\"yoast-schema-graph\">{\"@context\":\"https:\\\/\\\/schema.org\",\"@graph\":[{\"@type\":\"Article\",\"@id\":\"https:\\\/\\\/brufaganya.cat\\\/2020\\\/afsm031-altar-al-menjador-de-la-fonda-de-sant-magi-1940-1946\\\/#article\",\"isPartOf\":{\"@id\":\"https:\\\/\\\/brufaganya.cat\\\/2020\\\/afsm031-altar-al-menjador-de-la-fonda-de-sant-magi-1940-1946\\\/\"},\"author\":{\"name\":\"Silvestre Pal\u00e0 Aug\u00e9\",\"@id\":\"https:\\\/\\\/brufaganya.cat\\\/2020\\\/#\\\/schema\\\/person\\\/104a8a58bc74955dad00f639bb234a56\"},\"headline\":\"AFSM031.- Altar al menjador de la fonda de Sant Mag\u00ed (1940-1946)\",\"datePublished\":\"2020-11-06T08:24:52+00:00\",\"mainEntityOfPage\":{\"@id\":\"https:\\\/\\\/brufaganya.cat\\\/2020\\\/afsm031-altar-al-menjador-de-la-fonda-de-sant-magi-1940-1946\\\/\"},\"wordCount\":298,\"commentCount\":0,\"publisher\":{\"@id\":\"https:\\\/\\\/brufaganya.cat\\\/2020\\\/#organization\"},\"image\":{\"@id\":\"https:\\\/\\\/brufaganya.cat\\\/2020\\\/afsm031-altar-al-menjador-de-la-fonda-de-sant-magi-1940-1946\\\/#primaryimage\"},\"thumbnailUrl\":\"https:\\\/\\\/brufaganya.cat\\\/2020\\\/wp-content\\\/uploads\\\/2020\\\/11\\\/031.-Altar-al-menjador-de-la-fonda-1940-1946.jpg\",\"articleSection\":[\"Arxiu fotogr\u00e0fic\",\"Arxiu fotogr\u00e0fic - arxiu hist\u00f2ric\",\"Not\u00edcies\"],\"inLanguage\":\"ca\",\"potentialAction\":[{\"@type\":\"CommentAction\",\"name\":\"Comment\",\"target\":[\"https:\\\/\\\/brufaganya.cat\\\/2020\\\/afsm031-altar-al-menjador-de-la-fonda-de-sant-magi-1940-1946\\\/#respond\"]}]},{\"@type\":\"WebPage\",\"@id\":\"https:\\\/\\\/brufaganya.cat\\\/2020\\\/afsm031-altar-al-menjador-de-la-fonda-de-sant-magi-1940-1946\\\/\",\"url\":\"https:\\\/\\\/brufaganya.cat\\\/2020\\\/afsm031-altar-al-menjador-de-la-fonda-de-sant-magi-1940-1946\\\/\",\"name\":\"AFSM031.- Altar al menjador de la fonda de Sant Mag\u00ed (1940-1946) &#187; Sant Mag\u00ed de la Brufaganya\",\"isPartOf\":{\"@id\":\"https:\\\/\\\/brufaganya.cat\\\/2020\\\/#website\"},\"primaryImageOfPage\":{\"@id\":\"https:\\\/\\\/brufaganya.cat\\\/2020\\\/afsm031-altar-al-menjador-de-la-fonda-de-sant-magi-1940-1946\\\/#primaryimage\"},\"image\":{\"@id\":\"https:\\\/\\\/brufaganya.cat\\\/2020\\\/afsm031-altar-al-menjador-de-la-fonda-de-sant-magi-1940-1946\\\/#primaryimage\"},\"thumbnailUrl\":\"https:\\\/\\\/brufaganya.cat\\\/2020\\\/wp-content\\\/uploads\\\/2020\\\/11\\\/031.-Altar-al-menjador-de-la-fonda-1940-1946.jpg\",\"datePublished\":\"2020-11-06T08:24:52+00:00\",\"breadcrumb\":{\"@id\":\"https:\\\/\\\/brufaganya.cat\\\/2020\\\/afsm031-altar-al-menjador-de-la-fonda-de-sant-magi-1940-1946\\\/#breadcrumb\"},\"inLanguage\":\"ca\",\"potentialAction\":[{\"@type\":\"ReadAction\",\"target\":[\"https:\\\/\\\/brufaganya.cat\\\/2020\\\/afsm031-altar-al-menjador-de-la-fonda-de-sant-magi-1940-1946\\\/\"]}]},{\"@type\":\"ImageObject\",\"inLanguage\":\"ca\",\"@id\":\"https:\\\/\\\/brufaganya.cat\\\/2020\\\/afsm031-altar-al-menjador-de-la-fonda-de-sant-magi-1940-1946\\\/#primaryimage\",\"url\":\"https:\\\/\\\/brufaganya.cat\\\/2020\\\/wp-content\\\/uploads\\\/2020\\\/11\\\/031.-Altar-al-menjador-de-la-fonda-1940-1946.jpg\",\"contentUrl\":\"https:\\\/\\\/brufaganya.cat\\\/2020\\\/wp-content\\\/uploads\\\/2020\\\/11\\\/031.-Altar-al-menjador-de-la-fonda-1940-1946.jpg\",\"width\":3255,\"height\":2025},{\"@type\":\"BreadcrumbList\",\"@id\":\"https:\\\/\\\/brufaganya.cat\\\/2020\\\/afsm031-altar-al-menjador-de-la-fonda-de-sant-magi-1940-1946\\\/#breadcrumb\",\"itemListElement\":[{\"@type\":\"ListItem\",\"position\":1,\"name\":\"Inici\",\"item\":\"https:\\\/\\\/brufaganya.cat\\\/2020\\\/\"},{\"@type\":\"ListItem\",\"position\":2,\"name\":\"AFSM031.- Altar al menjador de la fonda de Sant Mag\u00ed (1940-1946)\"}]},{\"@type\":\"WebSite\",\"@id\":\"https:\\\/\\\/brufaganya.cat\\\/2020\\\/#website\",\"url\":\"https:\\\/\\\/brufaganya.cat\\\/2020\\\/\",\"name\":\"Sant Mag\u00ed de la Brufaganya\",\"description\":\"Lloc web de Sant Mag\u00ed de la Brufaganya\",\"publisher\":{\"@id\":\"https:\\\/\\\/brufaganya.cat\\\/2020\\\/#organization\"},\"potentialAction\":[{\"@type\":\"SearchAction\",\"target\":{\"@type\":\"EntryPoint\",\"urlTemplate\":\"https:\\\/\\\/brufaganya.cat\\\/2020\\\/?s={search_term_string}\"},\"query-input\":{\"@type\":\"PropertyValueSpecification\",\"valueRequired\":true,\"valueName\":\"search_term_string\"}}],\"inLanguage\":\"ca\"},{\"@type\":\"Organization\",\"@id\":\"https:\\\/\\\/brufaganya.cat\\\/2020\\\/#organization\",\"name\":\"Sant Mag\u00ed de Brufaganya\",\"url\":\"https:\\\/\\\/brufaganya.cat\\\/2020\\\/\",\"logo\":{\"@type\":\"ImageObject\",\"inLanguage\":\"ca\",\"@id\":\"https:\\\/\\\/brufaganya.cat\\\/2020\\\/#\\\/schema\\\/logo\\\/image\\\/\",\"url\":\"https:\\\/\\\/brufaganya.cat\\\/2020\\\/wp-content\\\/uploads\\\/2018\\\/11\\\/st_marti_bruga_horitz_posi_logo.jpg\",\"contentUrl\":\"https:\\\/\\\/brufaganya.cat\\\/2020\\\/wp-content\\\/uploads\\\/2018\\\/11\\\/st_marti_bruga_horitz_posi_logo.jpg\",\"width\":1479,\"height\":804,\"caption\":\"Sant Mag\u00ed de Brufaganya\"},\"image\":{\"@id\":\"https:\\\/\\\/brufaganya.cat\\\/2020\\\/#\\\/schema\\\/logo\\\/image\\\/\"},\"sameAs\":[\"https:\\\/\\\/ca.wikipedia.org\\\/wiki\\\/Sant_Mag\u00ed_de_Brufaganya\"]},{\"@type\":\"Person\",\"@id\":\"https:\\\/\\\/brufaganya.cat\\\/2020\\\/#\\\/schema\\\/person\\\/104a8a58bc74955dad00f639bb234a56\",\"name\":\"Silvestre Pal\u00e0 Aug\u00e9\",\"image\":{\"@type\":\"ImageObject\",\"inLanguage\":\"ca\",\"@id\":\"https:\\\/\\\/secure.gravatar.com\\\/avatar\\\/240c865b87ee90f68f1bb82d954fb54e1c50d2b4355c9b807c7f2862e50c5fb1?s=96&d=mm&r=g\",\"url\":\"https:\\\/\\\/secure.gravatar.com\\\/avatar\\\/240c865b87ee90f68f1bb82d954fb54e1c50d2b4355c9b807c7f2862e50c5fb1?s=96&d=mm&r=g\",\"contentUrl\":\"https:\\\/\\\/secure.gravatar.com\\\/avatar\\\/240c865b87ee90f68f1bb82d954fb54e1c50d2b4355c9b807c7f2862e50c5fb1?s=96&d=mm&r=g\",\"caption\":\"Silvestre Pal\u00e0 Aug\u00e9\"},\"url\":\"https:\\\/\\\/brufaganya.cat\\\/2020\\\/author\\\/spala\\\/\"}]}<\/script>\n<!-- \/ Yoast SEO plugin. -->","yoast_head_json":{"title":"AFSM031.- Altar al menjador de la fonda de Sant Mag\u00ed (1940-1946) &#187; Sant Mag\u00ed de la Brufaganya","robots":{"index":"index","follow":"follow","max-snippet":"max-snippet:-1","max-image-preview":"max-image-preview:large","max-video-preview":"max-video-preview:-1"},"canonical":"https:\/\/brufaganya.cat\/2020\/afsm031-altar-al-menjador-de-la-fonda-de-sant-magi-1940-1946\/","og_locale":"ca_ES","og_type":"article","og_title":"AFSM031.- Altar al menjador de la fonda de Sant Mag\u00ed (1940-1946) &#187; Sant Mag\u00ed de la Brufaganya","og_url":"https:\/\/brufaganya.cat\/2020\/afsm031-altar-al-menjador-de-la-fonda-de-sant-magi-1940-1946\/","og_site_name":"Sant Mag\u00ed de la Brufaganya","article_published_time":"2020-11-06T08:24:52+00:00","og_image":[{"width":3255,"height":2025,"url":"https:\/\/brufaganya.cat\/2020\/wp-content\/uploads\/2020\/11\/031.-Altar-al-menjador-de-la-fonda-1940-1946.jpg","type":"image\/jpeg"}],"author":"Silvestre Pal\u00e0 Aug\u00e9","twitter_card":"summary_large_image","twitter_misc":{"Escrit per":"Silvestre Pal\u00e0 Aug\u00e9","Temps estimat de lectura":"1 minut"},"schema":{"@context":"https:\/\/schema.org","@graph":[{"@type":"Article","@id":"https:\/\/brufaganya.cat\/2020\/afsm031-altar-al-menjador-de-la-fonda-de-sant-magi-1940-1946\/#article","isPartOf":{"@id":"https:\/\/brufaganya.cat\/2020\/afsm031-altar-al-menjador-de-la-fonda-de-sant-magi-1940-1946\/"},"author":{"name":"Silvestre Pal\u00e0 Aug\u00e9","@id":"https:\/\/brufaganya.cat\/2020\/#\/schema\/person\/104a8a58bc74955dad00f639bb234a56"},"headline":"AFSM031.- Altar al menjador de la fonda de Sant Mag\u00ed (1940-1946)","datePublished":"2020-11-06T08:24:52+00:00","mainEntityOfPage":{"@id":"https:\/\/brufaganya.cat\/2020\/afsm031-altar-al-menjador-de-la-fonda-de-sant-magi-1940-1946\/"},"wordCount":298,"commentCount":0,"publisher":{"@id":"https:\/\/brufaganya.cat\/2020\/#organization"},"image":{"@id":"https:\/\/brufaganya.cat\/2020\/afsm031-altar-al-menjador-de-la-fonda-de-sant-magi-1940-1946\/#primaryimage"},"thumbnailUrl":"https:\/\/brufaganya.cat\/2020\/wp-content\/uploads\/2020\/11\/031.-Altar-al-menjador-de-la-fonda-1940-1946.jpg","articleSection":["Arxiu fotogr\u00e0fic","Arxiu fotogr\u00e0fic - arxiu hist\u00f2ric","Not\u00edcies"],"inLanguage":"ca","potentialAction":[{"@type":"CommentAction","name":"Comment","target":["https:\/\/brufaganya.cat\/2020\/afsm031-altar-al-menjador-de-la-fonda-de-sant-magi-1940-1946\/#respond"]}]},{"@type":"WebPage","@id":"https:\/\/brufaganya.cat\/2020\/afsm031-altar-al-menjador-de-la-fonda-de-sant-magi-1940-1946\/","url":"https:\/\/brufaganya.cat\/2020\/afsm031-altar-al-menjador-de-la-fonda-de-sant-magi-1940-1946\/","name":"AFSM031.- Altar al menjador de la fonda de Sant Mag\u00ed (1940-1946) &#187; Sant Mag\u00ed de la Brufaganya","isPartOf":{"@id":"https:\/\/brufaganya.cat\/2020\/#website"},"primaryImageOfPage":{"@id":"https:\/\/brufaganya.cat\/2020\/afsm031-altar-al-menjador-de-la-fonda-de-sant-magi-1940-1946\/#primaryimage"},"image":{"@id":"https:\/\/brufaganya.cat\/2020\/afsm031-altar-al-menjador-de-la-fonda-de-sant-magi-1940-1946\/#primaryimage"},"thumbnailUrl":"https:\/\/brufaganya.cat\/2020\/wp-content\/uploads\/2020\/11\/031.-Altar-al-menjador-de-la-fonda-1940-1946.jpg","datePublished":"2020-11-06T08:24:52+00:00","breadcrumb":{"@id":"https:\/\/brufaganya.cat\/2020\/afsm031-altar-al-menjador-de-la-fonda-de-sant-magi-1940-1946\/#breadcrumb"},"inLanguage":"ca","potentialAction":[{"@type":"ReadAction","target":["https:\/\/brufaganya.cat\/2020\/afsm031-altar-al-menjador-de-la-fonda-de-sant-magi-1940-1946\/"]}]},{"@type":"ImageObject","inLanguage":"ca","@id":"https:\/\/brufaganya.cat\/2020\/afsm031-altar-al-menjador-de-la-fonda-de-sant-magi-1940-1946\/#primaryimage","url":"https:\/\/brufaganya.cat\/2020\/wp-content\/uploads\/2020\/11\/031.-Altar-al-menjador-de-la-fonda-1940-1946.jpg","contentUrl":"https:\/\/brufaganya.cat\/2020\/wp-content\/uploads\/2020\/11\/031.-Altar-al-menjador-de-la-fonda-1940-1946.jpg","width":3255,"height":2025},{"@type":"BreadcrumbList","@id":"https:\/\/brufaganya.cat\/2020\/afsm031-altar-al-menjador-de-la-fonda-de-sant-magi-1940-1946\/#breadcrumb","itemListElement":[{"@type":"ListItem","position":1,"name":"Inici","item":"https:\/\/brufaganya.cat\/2020\/"},{"@type":"ListItem","position":2,"name":"AFSM031.- Altar al menjador de la fonda de Sant Mag\u00ed (1940-1946)"}]},{"@type":"WebSite","@id":"https:\/\/brufaganya.cat\/2020\/#website","url":"https:\/\/brufaganya.cat\/2020\/","name":"Sant Mag\u00ed de la Brufaganya","description":"Lloc web de Sant Mag\u00ed de la Brufaganya","publisher":{"@id":"https:\/\/brufaganya.cat\/2020\/#organization"},"potentialAction":[{"@type":"SearchAction","target":{"@type":"EntryPoint","urlTemplate":"https:\/\/brufaganya.cat\/2020\/?s={search_term_string}"},"query-input":{"@type":"PropertyValueSpecification","valueRequired":true,"valueName":"search_term_string"}}],"inLanguage":"ca"},{"@type":"Organization","@id":"https:\/\/brufaganya.cat\/2020\/#organization","name":"Sant Mag\u00ed de Brufaganya","url":"https:\/\/brufaganya.cat\/2020\/","logo":{"@type":"ImageObject","inLanguage":"ca","@id":"https:\/\/brufaganya.cat\/2020\/#\/schema\/logo\/image\/","url":"https:\/\/brufaganya.cat\/2020\/wp-content\/uploads\/2018\/11\/st_marti_bruga_horitz_posi_logo.jpg","contentUrl":"https:\/\/brufaganya.cat\/2020\/wp-content\/uploads\/2018\/11\/st_marti_bruga_horitz_posi_logo.jpg","width":1479,"height":804,"caption":"Sant Mag\u00ed de Brufaganya"},"image":{"@id":"https:\/\/brufaganya.cat\/2020\/#\/schema\/logo\/image\/"},"sameAs":["https:\/\/ca.wikipedia.org\/wiki\/Sant_Mag\u00ed_de_Brufaganya"]},{"@type":"Person","@id":"https:\/\/brufaganya.cat\/2020\/#\/schema\/person\/104a8a58bc74955dad00f639bb234a56","name":"Silvestre Pal\u00e0 Aug\u00e9","image":{"@type":"ImageObject","inLanguage":"ca","@id":"https:\/\/secure.gravatar.com\/avatar\/240c865b87ee90f68f1bb82d954fb54e1c50d2b4355c9b807c7f2862e50c5fb1?s=96&d=mm&r=g","url":"https:\/\/secure.gravatar.com\/avatar\/240c865b87ee90f68f1bb82d954fb54e1c50d2b4355c9b807c7f2862e50c5fb1?s=96&d=mm&r=g","contentUrl":"https:\/\/secure.gravatar.com\/avatar\/240c865b87ee90f68f1bb82d954fb54e1c50d2b4355c9b807c7f2862e50c5fb1?s=96&d=mm&r=g","caption":"Silvestre Pal\u00e0 Aug\u00e9"},"url":"https:\/\/brufaganya.cat\/2020\/author\/spala\/"}]}},"_links":{"self":[{"href":"https:\/\/brufaganya.cat\/2020\/wp-json\/wp\/v2\/posts\/5696","targetHints":{"allow":["GET"]}}],"collection":[{"href":"https:\/\/brufaganya.cat\/2020\/wp-json\/wp\/v2\/posts"}],"about":[{"href":"https:\/\/brufaganya.cat\/2020\/wp-json\/wp\/v2\/types\/post"}],"author":[{"embeddable":true,"href":"https:\/\/brufaganya.cat\/2020\/wp-json\/wp\/v2\/users\/109"}],"replies":[{"embeddable":true,"href":"https:\/\/brufaganya.cat\/2020\/wp-json\/wp\/v2\/comments?post=5696"}],"version-history":[{"count":0,"href":"https:\/\/brufaganya.cat\/2020\/wp-json\/wp\/v2\/posts\/5696\/revisions"}],"wp:featuredmedia":[{"embeddable":true,"href":"https:\/\/brufaganya.cat\/2020\/wp-json\/wp\/v2\/media\/5750"}],"wp:attachment":[{"href":"https:\/\/brufaganya.cat\/2020\/wp-json\/wp\/v2\/media?parent=5696"}],"wp:term":[{"taxonomy":"category","embeddable":true,"href":"https:\/\/brufaganya.cat\/2020\/wp-json\/wp\/v2\/categories?post=5696"},{"taxonomy":"post_tag","embeddable":true,"href":"https:\/\/brufaganya.cat\/2020\/wp-json\/wp\/v2\/tags?post=5696"}],"curies":[{"name":"wp","href":"https:\/\/api.w.org\/{rel}","templated":true}]}}