{"id":5670,"date":"2020-10-26T08:45:40","date_gmt":"2020-10-26T06:45:40","guid":{"rendered":"https:\/\/brufaganya.cat\/2020\/?p=5670"},"modified":"2020-10-26T09:39:42","modified_gmt":"2020-10-26T07:39:42","slug":"lalbum-de-fotografies-de-mossen-francesc-gebelli-rius","status":"publish","type":"post","link":"https:\/\/brufaganya.cat\/2020\/lalbum-de-fotografies-de-mossen-francesc-gebelli-rius\/","title":{"rendered":"L&#8217;\u00e0lbum de fotografies de moss\u00e8n Francesc Gebell\u00ed Rius"},"content":{"rendered":"<p><!--more--><\/p>\n<figure id=\"attachment_5673\" aria-describedby=\"caption-attachment-5673\" style=\"width: 204px\" class=\"wp-caption alignright\"><img loading=\"lazy\" decoding=\"async\" class=\"wp-image-5673 size-medium\" src=\"https:\/\/brufaganya.cat\/2020\/wp-content\/uploads\/2020\/10\/1.-Moss\u00e8n-Francesc-Gebell\u00ed-recent-ordenat-sacerdot-1940-e1603045865420-204x300.jpg\" alt=\"\" width=\"204\" height=\"300\" srcset=\"https:\/\/brufaganya.cat\/2020\/wp-content\/uploads\/2020\/10\/1.-Moss\u00e8n-Francesc-Gebell\u00ed-recent-ordenat-sacerdot-1940-e1603045865420-204x300.jpg 204w, https:\/\/brufaganya.cat\/2020\/wp-content\/uploads\/2020\/10\/1.-Moss\u00e8n-Francesc-Gebell\u00ed-recent-ordenat-sacerdot-1940-e1603045865420-768x1131.jpg 768w, https:\/\/brufaganya.cat\/2020\/wp-content\/uploads\/2020\/10\/1.-Moss\u00e8n-Francesc-Gebell\u00ed-recent-ordenat-sacerdot-1940-e1603045865420-696x1024.jpg 696w\" sizes=\"auto, (max-width: 204px) 100vw, 204px\" \/><figcaption id=\"caption-attachment-5673\" class=\"wp-caption-text\">L&#8217;any 1940, tot just despr\u00e9s de ser ordenat sacerdot<\/figcaption><\/figure>\n<p>Moss\u00e8n Francesc Gebell\u00ed Rius (Maspujols, 1912 \u2013 Tarragona, 2000) va ser el primer capell\u00e0 de Sant Mag\u00ed de la Brufaganya despr\u00e9s de la guerra civil. Tenia 28 anys quan el van nomenar regent de la parr\u00f2quia. Va comen\u00e7ar a exercir el 9 d\u2019agost de 1940 fins que cap a l\u2019any 1946 va ser traslladat a la parr\u00f2quia de Les Piles. A Sant Mag\u00ed hi va arribar amb el seu pare i la seva mare que l\u2019acompanyaven, si b\u00e9 el pare hi va morir ben aviat, l\u2019any 1941.Posteriorment va exercir a altres llocs: Vespella, Vistabella, La Nou de Gai\u00e0, La Secuita i altres indrets. Va morir a Tarragona als 88 anys.<\/p>\n<p>La seva fam\u00edlia ens ha facilitat l\u2019acc\u00e9s a l\u2019\u00e0lbum fotogr\u00e0fic en qu\u00e8 el moss\u00e8n va anar recollint les seves viv\u00e8ncies: la fam\u00edlia, els amics, els companys sacerdots, les parr\u00f2quies, les festes, les visites pastorals, els exercicis espirituals, etc&#8230;<\/p>\n<p>De la seva estada a Sant Mag\u00ed hi ha una vintena de fotografies. Gaireb\u00e9 totes s\u00f3n molt petites i de baixa qualitat donades les mancances t\u00e8cniques i econ\u00f2miques de la immediata postguerra. Tot i aix\u00ed ens permeten copsar l\u2019ambient d\u2019austeritat i mancances de l\u2019\u00e8poca.<\/p>\n<p>Agra\u00efm a la fam\u00edlia la seva predisposici\u00f3 a deixar-nos el material, que a partir d\u2019ara passa a formar part de la hist\u00f2ria gr\u00e0fica de Sant Mag\u00ed de la Brufaganya.<\/p>\n<p>Vegeu seguidament algunes de les fotografies amb les anotacions fetes pel mateix moss\u00e8n:<\/p>\n<p>&nbsp;<\/p>\n<figure id=\"attachment_5676\" aria-describedby=\"caption-attachment-5676\" style=\"width: 1024px\" class=\"wp-caption aligncenter\"><img loading=\"lazy\" decoding=\"async\" class=\"wp-image-5676 size-large\" src=\"https:\/\/brufaganya.cat\/2020\/wp-content\/uploads\/2020\/10\/Sant-Mag\u00ed-9-Monument-de-Setmana-Santa-a-Sant-Mag\u00ed-1940-1945-Plaza-e1603052715281-1024x654.jpg\" alt=\"\" width=\"1024\" height=\"654\" srcset=\"https:\/\/brufaganya.cat\/2020\/wp-content\/uploads\/2020\/10\/Sant-Mag\u00ed-9-Monument-de-Setmana-Santa-a-Sant-Mag\u00ed-1940-1945-Plaza-e1603052715281-1024x654.jpg 1024w, https:\/\/brufaganya.cat\/2020\/wp-content\/uploads\/2020\/10\/Sant-Mag\u00ed-9-Monument-de-Setmana-Santa-a-Sant-Mag\u00ed-1940-1945-Plaza-e1603052715281-300x192.jpg 300w, https:\/\/brufaganya.cat\/2020\/wp-content\/uploads\/2020\/10\/Sant-Mag\u00ed-9-Monument-de-Setmana-Santa-a-Sant-Mag\u00ed-1940-1945-Plaza-e1603052715281-768x491.jpg 768w, https:\/\/brufaganya.cat\/2020\/wp-content\/uploads\/2020\/10\/Sant-Mag\u00ed-9-Monument-de-Setmana-Santa-a-Sant-Mag\u00ed-1940-1945-Plaza-e1603052715281.jpg 1434w\" sizes=\"auto, (max-width: 1024px) 100vw, 1024px\" \/><figcaption id=\"caption-attachment-5676\" class=\"wp-caption-text\">El monument de Setmana Santa al costat de l&#8217;altar que hi havia a la fonda.<\/figcaption><\/figure>\n<figure id=\"attachment_5675\" aria-describedby=\"caption-attachment-5675\" style=\"width: 1024px\" class=\"wp-caption aligncenter\"><img loading=\"lazy\" decoding=\"async\" class=\"wp-image-5675 size-large\" src=\"https:\/\/brufaganya.cat\/2020\/wp-content\/uploads\/2020\/10\/Sant-Mag\u00ed-15-El-Pare-Bausili-S.J.-predicant-el-dia-de-Sant-Mag\u00ed-1944-Plaza-e1603052676830-1024x666.jpg\" alt=\"\" width=\"1024\" height=\"666\" srcset=\"https:\/\/brufaganya.cat\/2020\/wp-content\/uploads\/2020\/10\/Sant-Mag\u00ed-15-El-Pare-Bausili-S.J.-predicant-el-dia-de-Sant-Mag\u00ed-1944-Plaza-e1603052676830-1024x666.jpg 1024w, https:\/\/brufaganya.cat\/2020\/wp-content\/uploads\/2020\/10\/Sant-Mag\u00ed-15-El-Pare-Bausili-S.J.-predicant-el-dia-de-Sant-Mag\u00ed-1944-Plaza-e1603052676830-300x195.jpg 300w, https:\/\/brufaganya.cat\/2020\/wp-content\/uploads\/2020\/10\/Sant-Mag\u00ed-15-El-Pare-Bausili-S.J.-predicant-el-dia-de-Sant-Mag\u00ed-1944-Plaza-e1603052676830-768x500.jpg 768w, https:\/\/brufaganya.cat\/2020\/wp-content\/uploads\/2020\/10\/Sant-Mag\u00ed-15-El-Pare-Bausili-S.J.-predicant-el-dia-de-Sant-Mag\u00ed-1944-Plaza-e1603052676830-210x136.jpg 210w, https:\/\/brufaganya.cat\/2020\/wp-content\/uploads\/2020\/10\/Sant-Mag\u00ed-15-El-Pare-Bausili-S.J.-predicant-el-dia-de-Sant-Mag\u00ed-1944-Plaza-e1603052676830.jpg 1905w\" sizes=\"auto, (max-width: 1024px) 100vw, 1024px\" \/><figcaption id=\"caption-attachment-5675\" class=\"wp-caption-text\">El jesu\u00efta Pare Bausili, predicant el dia de Sant Mag\u00ed de 1944.<\/figcaption><\/figure>\n<figure id=\"attachment_5684\" aria-describedby=\"caption-attachment-5684\" style=\"width: 679px\" class=\"wp-caption aligncenter\"><img loading=\"lazy\" decoding=\"async\" class=\"wp-image-5684 size-large\" src=\"https:\/\/brufaganya.cat\/2020\/wp-content\/uploads\/2020\/10\/Sant-Mag\u00ed-6.-Al-Gloria-i-Jubi-\u00bf-a-Sant-Mag\u00ed-1944-Pere-Plaza-1-e1603052761347-679x1024.jpg\" alt=\"\" width=\"679\" height=\"1024\" srcset=\"https:\/\/brufaganya.cat\/2020\/wp-content\/uploads\/2020\/10\/Sant-Mag\u00ed-6.-Al-Gloria-i-Jubi-\u00bf-a-Sant-Mag\u00ed-1944-Pere-Plaza-1-e1603052761347-679x1024.jpg 679w, https:\/\/brufaganya.cat\/2020\/wp-content\/uploads\/2020\/10\/Sant-Mag\u00ed-6.-Al-Gloria-i-Jubi-\u00bf-a-Sant-Mag\u00ed-1944-Pere-Plaza-1-e1603052761347-199x300.jpg 199w, https:\/\/brufaganya.cat\/2020\/wp-content\/uploads\/2020\/10\/Sant-Mag\u00ed-6.-Al-Gloria-i-Jubi-\u00bf-a-Sant-Mag\u00ed-1944-Pere-Plaza-1-e1603052761347-768x1158.jpg 768w, https:\/\/brufaganya.cat\/2020\/wp-content\/uploads\/2020\/10\/Sant-Mag\u00ed-6.-Al-Gloria-i-Jubi-\u00bf-a-Sant-Mag\u00ed-1944-Pere-Plaza-1-e1603052761347.jpg 1269w\" sizes=\"auto, (max-width: 679px) 100vw, 679px\" \/><figcaption id=\"caption-attachment-5684\" class=\"wp-caption-text\">Ofici solemne, acompanyat del rector de Bellprat i el Dr. Pag\u00e8s l&#8217;any 1944.<\/figcaption><\/figure>\n<figure id=\"attachment_5685\" aria-describedby=\"caption-attachment-5685\" style=\"width: 1024px\" class=\"wp-caption aligncenter\"><img loading=\"lazy\" decoding=\"async\" class=\"wp-image-5685 size-large\" src=\"https:\/\/brufaganya.cat\/2020\/wp-content\/uploads\/2020\/10\/Sant-Mag\u00ed-16-A-la-reixa-dels-records-de-Sant-Mag\u00ed-1940-45-e1603052212799-1024x765.jpg\" alt=\"\" width=\"1024\" height=\"765\" srcset=\"https:\/\/brufaganya.cat\/2020\/wp-content\/uploads\/2020\/10\/Sant-Mag\u00ed-16-A-la-reixa-dels-records-de-Sant-Mag\u00ed-1940-45-e1603052212799-1024x765.jpg 1024w, https:\/\/brufaganya.cat\/2020\/wp-content\/uploads\/2020\/10\/Sant-Mag\u00ed-16-A-la-reixa-dels-records-de-Sant-Mag\u00ed-1940-45-e1603052212799-300x224.jpg 300w, https:\/\/brufaganya.cat\/2020\/wp-content\/uploads\/2020\/10\/Sant-Mag\u00ed-16-A-la-reixa-dels-records-de-Sant-Mag\u00ed-1940-45-e1603052212799-768x574.jpg 768w, https:\/\/brufaganya.cat\/2020\/wp-content\/uploads\/2020\/10\/Sant-Mag\u00ed-16-A-la-reixa-dels-records-de-Sant-Mag\u00ed-1940-45-e1603052212799-86x64.jpg 86w, https:\/\/brufaganya.cat\/2020\/wp-content\/uploads\/2020\/10\/Sant-Mag\u00ed-16-A-la-reixa-dels-records-de-Sant-Mag\u00ed-1940-45-e1603052212799.jpg 1991w\" sizes=\"auto, (max-width: 1024px) 100vw, 1024px\" \/><figcaption id=\"caption-attachment-5685\" class=\"wp-caption-text\">La finestra dels records, a Sant Mag\u00ed.<\/figcaption><\/figure>\n<figure id=\"attachment_5690\" aria-describedby=\"caption-attachment-5690\" style=\"width: 697px\" class=\"wp-caption aligncenter\"><img loading=\"lazy\" decoding=\"async\" class=\"wp-image-5690 size-large\" src=\"https:\/\/brufaganya.cat\/2020\/wp-content\/uploads\/2020\/10\/Sant-Mag\u00ed-17-Amb-Jaume-Punto-de-Santa-Coloma-1940-45-e1603052571998-697x1024.jpg\" alt=\"\" width=\"697\" height=\"1024\" srcset=\"https:\/\/brufaganya.cat\/2020\/wp-content\/uploads\/2020\/10\/Sant-Mag\u00ed-17-Amb-Jaume-Punto-de-Santa-Coloma-1940-45-e1603052571998-697x1024.jpg 697w, https:\/\/brufaganya.cat\/2020\/wp-content\/uploads\/2020\/10\/Sant-Mag\u00ed-17-Amb-Jaume-Punto-de-Santa-Coloma-1940-45-e1603052571998-204x300.jpg 204w, https:\/\/brufaganya.cat\/2020\/wp-content\/uploads\/2020\/10\/Sant-Mag\u00ed-17-Amb-Jaume-Punto-de-Santa-Coloma-1940-45-e1603052571998-768x1129.jpg 768w, https:\/\/brufaganya.cat\/2020\/wp-content\/uploads\/2020\/10\/Sant-Mag\u00ed-17-Amb-Jaume-Punto-de-Santa-Coloma-1940-45-e1603052571998.jpg 1280w\" sizes=\"auto, (max-width: 697px) 100vw, 697px\" \/><figcaption id=\"caption-attachment-5690\" class=\"wp-caption-text\">Amb la fam\u00edlia de cal Jaume Punto de Santa Coloma de Queralt.<\/figcaption><\/figure>\n","protected":false},"excerpt":{"rendered":"L'any 1940, tot just despr\u00e9s de ser ordenat sacerdot Moss\u00e8n Francesc Gebell\u00ed Rius (Maspujols, 1912 \u2013 Tarragona, 2000) va ser el primer capell\u00e0 de Sant Mag\u00ed de la Brufaganya despr\u00e9s [...]","protected":false},"author":109,"featured_media":5677,"comment_status":"open","ping_status":"closed","sticky":false,"template":"","format":"standard","meta":{"inline_featured_image":false,"footnotes":""},"categories":[779,1],"tags":[],"class_list":["post-5670","post","type-post","status-publish","format-standard","has-post-thumbnail","hentry","category-arxiu-fotografic","category-noticies"],"yoast_head":"<!-- This site is optimized with the Yoast SEO plugin v27.4 - https:\/\/yoast.com\/product\/yoast-seo-wordpress\/ -->\n<title>L&#039;\u00e0lbum de fotografies de moss\u00e8n Francesc Gebell\u00ed Rius &#187; Sant Mag\u00ed de la Brufaganya<\/title>\n<meta name=\"robots\" content=\"index, follow, max-snippet:-1, max-image-preview:large, max-video-preview:-1\" \/>\n<link rel=\"canonical\" href=\"https:\/\/brufaganya.cat\/2020\/lalbum-de-fotografies-de-mossen-francesc-gebelli-rius\/\" \/>\n<meta property=\"og:locale\" content=\"ca_ES\" \/>\n<meta property=\"og:type\" content=\"article\" \/>\n<meta property=\"og:title\" content=\"L&#039;\u00e0lbum de fotografies de moss\u00e8n Francesc Gebell\u00ed Rius &#187; Sant Mag\u00ed de la Brufaganya\" \/>\n<meta property=\"og:url\" content=\"https:\/\/brufaganya.cat\/2020\/lalbum-de-fotografies-de-mossen-francesc-gebelli-rius\/\" \/>\n<meta property=\"og:site_name\" content=\"Sant Mag\u00ed de la Brufaganya\" \/>\n<meta property=\"article:published_time\" content=\"2020-10-26T06:45:40+00:00\" \/>\n<meta property=\"article:modified_time\" content=\"2020-10-26T07:39:42+00:00\" \/>\n<meta property=\"og:image\" content=\"https:\/\/brufaganya.cat\/2020\/wp-content\/uploads\/2020\/10\/20201018_191353-e1603045342281.jpg\" \/>\n\t<meta property=\"og:image:width\" content=\"3800\" \/>\n\t<meta property=\"og:image:height\" content=\"2484\" \/>\n\t<meta property=\"og:image:type\" content=\"image\/jpeg\" \/>\n<meta name=\"author\" content=\"Silvestre Pal\u00e0 Aug\u00e9\" \/>\n<meta name=\"twitter:card\" content=\"summary_large_image\" \/>\n<meta name=\"twitter:label1\" content=\"Escrit per\" \/>\n\t<meta name=\"twitter:data1\" content=\"Silvestre Pal\u00e0 Aug\u00e9\" \/>\n\t<meta name=\"twitter:label2\" content=\"Temps estimat de lectura\" \/>\n\t<meta name=\"twitter:data2\" content=\"2 minuts\" \/>\n<script type=\"application\/ld+json\" class=\"yoast-schema-graph\">{\"@context\":\"https:\\\/\\\/schema.org\",\"@graph\":[{\"@type\":\"Article\",\"@id\":\"https:\\\/\\\/brufaganya.cat\\\/2020\\\/lalbum-de-fotografies-de-mossen-francesc-gebelli-rius\\\/#article\",\"isPartOf\":{\"@id\":\"https:\\\/\\\/brufaganya.cat\\\/2020\\\/lalbum-de-fotografies-de-mossen-francesc-gebelli-rius\\\/\"},\"author\":{\"name\":\"Silvestre Pal\u00e0 Aug\u00e9\",\"@id\":\"https:\\\/\\\/brufaganya.cat\\\/2020\\\/#\\\/schema\\\/person\\\/104a8a58bc74955dad00f639bb234a56\"},\"headline\":\"L&#8217;\u00e0lbum de fotografies de moss\u00e8n Francesc Gebell\u00ed Rius\",\"datePublished\":\"2020-10-26T06:45:40+00:00\",\"dateModified\":\"2020-10-26T07:39:42+00:00\",\"mainEntityOfPage\":{\"@id\":\"https:\\\/\\\/brufaganya.cat\\\/2020\\\/lalbum-de-fotografies-de-mossen-francesc-gebelli-rius\\\/\"},\"wordCount\":378,\"commentCount\":1,\"publisher\":{\"@id\":\"https:\\\/\\\/brufaganya.cat\\\/2020\\\/#organization\"},\"image\":{\"@id\":\"https:\\\/\\\/brufaganya.cat\\\/2020\\\/lalbum-de-fotografies-de-mossen-francesc-gebelli-rius\\\/#primaryimage\"},\"thumbnailUrl\":\"https:\\\/\\\/brufaganya.cat\\\/2020\\\/wp-content\\\/uploads\\\/2020\\\/10\\\/20201018_191353-e1603045342281.jpg\",\"articleSection\":[\"Arxiu fotogr\u00e0fic\",\"Not\u00edcies\"],\"inLanguage\":\"ca\",\"potentialAction\":[{\"@type\":\"CommentAction\",\"name\":\"Comment\",\"target\":[\"https:\\\/\\\/brufaganya.cat\\\/2020\\\/lalbum-de-fotografies-de-mossen-francesc-gebelli-rius\\\/#respond\"]}]},{\"@type\":\"WebPage\",\"@id\":\"https:\\\/\\\/brufaganya.cat\\\/2020\\\/lalbum-de-fotografies-de-mossen-francesc-gebelli-rius\\\/\",\"url\":\"https:\\\/\\\/brufaganya.cat\\\/2020\\\/lalbum-de-fotografies-de-mossen-francesc-gebelli-rius\\\/\",\"name\":\"L'\u00e0lbum de fotografies de moss\u00e8n Francesc Gebell\u00ed Rius &#187; Sant Mag\u00ed de la Brufaganya\",\"isPartOf\":{\"@id\":\"https:\\\/\\\/brufaganya.cat\\\/2020\\\/#website\"},\"primaryImageOfPage\":{\"@id\":\"https:\\\/\\\/brufaganya.cat\\\/2020\\\/lalbum-de-fotografies-de-mossen-francesc-gebelli-rius\\\/#primaryimage\"},\"image\":{\"@id\":\"https:\\\/\\\/brufaganya.cat\\\/2020\\\/lalbum-de-fotografies-de-mossen-francesc-gebelli-rius\\\/#primaryimage\"},\"thumbnailUrl\":\"https:\\\/\\\/brufaganya.cat\\\/2020\\\/wp-content\\\/uploads\\\/2020\\\/10\\\/20201018_191353-e1603045342281.jpg\",\"datePublished\":\"2020-10-26T06:45:40+00:00\",\"dateModified\":\"2020-10-26T07:39:42+00:00\",\"breadcrumb\":{\"@id\":\"https:\\\/\\\/brufaganya.cat\\\/2020\\\/lalbum-de-fotografies-de-mossen-francesc-gebelli-rius\\\/#breadcrumb\"},\"inLanguage\":\"ca\",\"potentialAction\":[{\"@type\":\"ReadAction\",\"target\":[\"https:\\\/\\\/brufaganya.cat\\\/2020\\\/lalbum-de-fotografies-de-mossen-francesc-gebelli-rius\\\/\"]}]},{\"@type\":\"ImageObject\",\"inLanguage\":\"ca\",\"@id\":\"https:\\\/\\\/brufaganya.cat\\\/2020\\\/lalbum-de-fotografies-de-mossen-francesc-gebelli-rius\\\/#primaryimage\",\"url\":\"https:\\\/\\\/brufaganya.cat\\\/2020\\\/wp-content\\\/uploads\\\/2020\\\/10\\\/20201018_191353-e1603045342281.jpg\",\"contentUrl\":\"https:\\\/\\\/brufaganya.cat\\\/2020\\\/wp-content\\\/uploads\\\/2020\\\/10\\\/20201018_191353-e1603045342281.jpg\",\"width\":3800,\"height\":2484,\"caption\":\"Primeres p\u00e0gines de l\u00b4\u00e0lbum\"},{\"@type\":\"BreadcrumbList\",\"@id\":\"https:\\\/\\\/brufaganya.cat\\\/2020\\\/lalbum-de-fotografies-de-mossen-francesc-gebelli-rius\\\/#breadcrumb\",\"itemListElement\":[{\"@type\":\"ListItem\",\"position\":1,\"name\":\"Inici\",\"item\":\"https:\\\/\\\/brufaganya.cat\\\/2020\\\/\"},{\"@type\":\"ListItem\",\"position\":2,\"name\":\"L&#8217;\u00e0lbum de fotografies de moss\u00e8n Francesc Gebell\u00ed Rius\"}]},{\"@type\":\"WebSite\",\"@id\":\"https:\\\/\\\/brufaganya.cat\\\/2020\\\/#website\",\"url\":\"https:\\\/\\\/brufaganya.cat\\\/2020\\\/\",\"name\":\"Sant Mag\u00ed de la Brufaganya\",\"description\":\"Lloc web de Sant Mag\u00ed de la Brufaganya\",\"publisher\":{\"@id\":\"https:\\\/\\\/brufaganya.cat\\\/2020\\\/#organization\"},\"potentialAction\":[{\"@type\":\"SearchAction\",\"target\":{\"@type\":\"EntryPoint\",\"urlTemplate\":\"https:\\\/\\\/brufaganya.cat\\\/2020\\\/?s={search_term_string}\"},\"query-input\":{\"@type\":\"PropertyValueSpecification\",\"valueRequired\":true,\"valueName\":\"search_term_string\"}}],\"inLanguage\":\"ca\"},{\"@type\":\"Organization\",\"@id\":\"https:\\\/\\\/brufaganya.cat\\\/2020\\\/#organization\",\"name\":\"Sant Mag\u00ed de Brufaganya\",\"url\":\"https:\\\/\\\/brufaganya.cat\\\/2020\\\/\",\"logo\":{\"@type\":\"ImageObject\",\"inLanguage\":\"ca\",\"@id\":\"https:\\\/\\\/brufaganya.cat\\\/2020\\\/#\\\/schema\\\/logo\\\/image\\\/\",\"url\":\"https:\\\/\\\/brufaganya.cat\\\/2020\\\/wp-content\\\/uploads\\\/2018\\\/11\\\/st_marti_bruga_horitz_posi_logo.jpg\",\"contentUrl\":\"https:\\\/\\\/brufaganya.cat\\\/2020\\\/wp-content\\\/uploads\\\/2018\\\/11\\\/st_marti_bruga_horitz_posi_logo.jpg\",\"width\":1479,\"height\":804,\"caption\":\"Sant Mag\u00ed de Brufaganya\"},\"image\":{\"@id\":\"https:\\\/\\\/brufaganya.cat\\\/2020\\\/#\\\/schema\\\/logo\\\/image\\\/\"},\"sameAs\":[\"https:\\\/\\\/ca.wikipedia.org\\\/wiki\\\/Sant_Mag\u00ed_de_Brufaganya\"]},{\"@type\":\"Person\",\"@id\":\"https:\\\/\\\/brufaganya.cat\\\/2020\\\/#\\\/schema\\\/person\\\/104a8a58bc74955dad00f639bb234a56\",\"name\":\"Silvestre Pal\u00e0 Aug\u00e9\",\"image\":{\"@type\":\"ImageObject\",\"inLanguage\":\"ca\",\"@id\":\"https:\\\/\\\/secure.gravatar.com\\\/avatar\\\/240c865b87ee90f68f1bb82d954fb54e1c50d2b4355c9b807c7f2862e50c5fb1?s=96&d=mm&r=g\",\"url\":\"https:\\\/\\\/secure.gravatar.com\\\/avatar\\\/240c865b87ee90f68f1bb82d954fb54e1c50d2b4355c9b807c7f2862e50c5fb1?s=96&d=mm&r=g\",\"contentUrl\":\"https:\\\/\\\/secure.gravatar.com\\\/avatar\\\/240c865b87ee90f68f1bb82d954fb54e1c50d2b4355c9b807c7f2862e50c5fb1?s=96&d=mm&r=g\",\"caption\":\"Silvestre Pal\u00e0 Aug\u00e9\"},\"url\":\"https:\\\/\\\/brufaganya.cat\\\/2020\\\/author\\\/spala\\\/\"}]}<\/script>\n<!-- \/ Yoast SEO plugin. -->","yoast_head_json":{"title":"L'\u00e0lbum de fotografies de moss\u00e8n Francesc Gebell\u00ed Rius &#187; Sant Mag\u00ed de la Brufaganya","robots":{"index":"index","follow":"follow","max-snippet":"max-snippet:-1","max-image-preview":"max-image-preview:large","max-video-preview":"max-video-preview:-1"},"canonical":"https:\/\/brufaganya.cat\/2020\/lalbum-de-fotografies-de-mossen-francesc-gebelli-rius\/","og_locale":"ca_ES","og_type":"article","og_title":"L'\u00e0lbum de fotografies de moss\u00e8n Francesc Gebell\u00ed Rius &#187; Sant Mag\u00ed de la Brufaganya","og_url":"https:\/\/brufaganya.cat\/2020\/lalbum-de-fotografies-de-mossen-francesc-gebelli-rius\/","og_site_name":"Sant Mag\u00ed de la Brufaganya","article_published_time":"2020-10-26T06:45:40+00:00","article_modified_time":"2020-10-26T07:39:42+00:00","og_image":[{"width":3800,"height":2484,"url":"https:\/\/brufaganya.cat\/2020\/wp-content\/uploads\/2020\/10\/20201018_191353-e1603045342281.jpg","type":"image\/jpeg"}],"author":"Silvestre Pal\u00e0 Aug\u00e9","twitter_card":"summary_large_image","twitter_misc":{"Escrit per":"Silvestre Pal\u00e0 Aug\u00e9","Temps estimat de lectura":"2 minuts"},"schema":{"@context":"https:\/\/schema.org","@graph":[{"@type":"Article","@id":"https:\/\/brufaganya.cat\/2020\/lalbum-de-fotografies-de-mossen-francesc-gebelli-rius\/#article","isPartOf":{"@id":"https:\/\/brufaganya.cat\/2020\/lalbum-de-fotografies-de-mossen-francesc-gebelli-rius\/"},"author":{"name":"Silvestre Pal\u00e0 Aug\u00e9","@id":"https:\/\/brufaganya.cat\/2020\/#\/schema\/person\/104a8a58bc74955dad00f639bb234a56"},"headline":"L&#8217;\u00e0lbum de fotografies de moss\u00e8n Francesc Gebell\u00ed Rius","datePublished":"2020-10-26T06:45:40+00:00","dateModified":"2020-10-26T07:39:42+00:00","mainEntityOfPage":{"@id":"https:\/\/brufaganya.cat\/2020\/lalbum-de-fotografies-de-mossen-francesc-gebelli-rius\/"},"wordCount":378,"commentCount":1,"publisher":{"@id":"https:\/\/brufaganya.cat\/2020\/#organization"},"image":{"@id":"https:\/\/brufaganya.cat\/2020\/lalbum-de-fotografies-de-mossen-francesc-gebelli-rius\/#primaryimage"},"thumbnailUrl":"https:\/\/brufaganya.cat\/2020\/wp-content\/uploads\/2020\/10\/20201018_191353-e1603045342281.jpg","articleSection":["Arxiu fotogr\u00e0fic","Not\u00edcies"],"inLanguage":"ca","potentialAction":[{"@type":"CommentAction","name":"Comment","target":["https:\/\/brufaganya.cat\/2020\/lalbum-de-fotografies-de-mossen-francesc-gebelli-rius\/#respond"]}]},{"@type":"WebPage","@id":"https:\/\/brufaganya.cat\/2020\/lalbum-de-fotografies-de-mossen-francesc-gebelli-rius\/","url":"https:\/\/brufaganya.cat\/2020\/lalbum-de-fotografies-de-mossen-francesc-gebelli-rius\/","name":"L'\u00e0lbum de fotografies de moss\u00e8n Francesc Gebell\u00ed Rius &#187; Sant Mag\u00ed de la Brufaganya","isPartOf":{"@id":"https:\/\/brufaganya.cat\/2020\/#website"},"primaryImageOfPage":{"@id":"https:\/\/brufaganya.cat\/2020\/lalbum-de-fotografies-de-mossen-francesc-gebelli-rius\/#primaryimage"},"image":{"@id":"https:\/\/brufaganya.cat\/2020\/lalbum-de-fotografies-de-mossen-francesc-gebelli-rius\/#primaryimage"},"thumbnailUrl":"https:\/\/brufaganya.cat\/2020\/wp-content\/uploads\/2020\/10\/20201018_191353-e1603045342281.jpg","datePublished":"2020-10-26T06:45:40+00:00","dateModified":"2020-10-26T07:39:42+00:00","breadcrumb":{"@id":"https:\/\/brufaganya.cat\/2020\/lalbum-de-fotografies-de-mossen-francesc-gebelli-rius\/#breadcrumb"},"inLanguage":"ca","potentialAction":[{"@type":"ReadAction","target":["https:\/\/brufaganya.cat\/2020\/lalbum-de-fotografies-de-mossen-francesc-gebelli-rius\/"]}]},{"@type":"ImageObject","inLanguage":"ca","@id":"https:\/\/brufaganya.cat\/2020\/lalbum-de-fotografies-de-mossen-francesc-gebelli-rius\/#primaryimage","url":"https:\/\/brufaganya.cat\/2020\/wp-content\/uploads\/2020\/10\/20201018_191353-e1603045342281.jpg","contentUrl":"https:\/\/brufaganya.cat\/2020\/wp-content\/uploads\/2020\/10\/20201018_191353-e1603045342281.jpg","width":3800,"height":2484,"caption":"Primeres p\u00e0gines de l\u00b4\u00e0lbum"},{"@type":"BreadcrumbList","@id":"https:\/\/brufaganya.cat\/2020\/lalbum-de-fotografies-de-mossen-francesc-gebelli-rius\/#breadcrumb","itemListElement":[{"@type":"ListItem","position":1,"name":"Inici","item":"https:\/\/brufaganya.cat\/2020\/"},{"@type":"ListItem","position":2,"name":"L&#8217;\u00e0lbum de fotografies de moss\u00e8n Francesc Gebell\u00ed Rius"}]},{"@type":"WebSite","@id":"https:\/\/brufaganya.cat\/2020\/#website","url":"https:\/\/brufaganya.cat\/2020\/","name":"Sant Mag\u00ed de la Brufaganya","description":"Lloc web de Sant Mag\u00ed de la Brufaganya","publisher":{"@id":"https:\/\/brufaganya.cat\/2020\/#organization"},"potentialAction":[{"@type":"SearchAction","target":{"@type":"EntryPoint","urlTemplate":"https:\/\/brufaganya.cat\/2020\/?s={search_term_string}"},"query-input":{"@type":"PropertyValueSpecification","valueRequired":true,"valueName":"search_term_string"}}],"inLanguage":"ca"},{"@type":"Organization","@id":"https:\/\/brufaganya.cat\/2020\/#organization","name":"Sant Mag\u00ed de Brufaganya","url":"https:\/\/brufaganya.cat\/2020\/","logo":{"@type":"ImageObject","inLanguage":"ca","@id":"https:\/\/brufaganya.cat\/2020\/#\/schema\/logo\/image\/","url":"https:\/\/brufaganya.cat\/2020\/wp-content\/uploads\/2018\/11\/st_marti_bruga_horitz_posi_logo.jpg","contentUrl":"https:\/\/brufaganya.cat\/2020\/wp-content\/uploads\/2018\/11\/st_marti_bruga_horitz_posi_logo.jpg","width":1479,"height":804,"caption":"Sant Mag\u00ed de Brufaganya"},"image":{"@id":"https:\/\/brufaganya.cat\/2020\/#\/schema\/logo\/image\/"},"sameAs":["https:\/\/ca.wikipedia.org\/wiki\/Sant_Mag\u00ed_de_Brufaganya"]},{"@type":"Person","@id":"https:\/\/brufaganya.cat\/2020\/#\/schema\/person\/104a8a58bc74955dad00f639bb234a56","name":"Silvestre Pal\u00e0 Aug\u00e9","image":{"@type":"ImageObject","inLanguage":"ca","@id":"https:\/\/secure.gravatar.com\/avatar\/240c865b87ee90f68f1bb82d954fb54e1c50d2b4355c9b807c7f2862e50c5fb1?s=96&d=mm&r=g","url":"https:\/\/secure.gravatar.com\/avatar\/240c865b87ee90f68f1bb82d954fb54e1c50d2b4355c9b807c7f2862e50c5fb1?s=96&d=mm&r=g","contentUrl":"https:\/\/secure.gravatar.com\/avatar\/240c865b87ee90f68f1bb82d954fb54e1c50d2b4355c9b807c7f2862e50c5fb1?s=96&d=mm&r=g","caption":"Silvestre Pal\u00e0 Aug\u00e9"},"url":"https:\/\/brufaganya.cat\/2020\/author\/spala\/"}]}},"_links":{"self":[{"href":"https:\/\/brufaganya.cat\/2020\/wp-json\/wp\/v2\/posts\/5670","targetHints":{"allow":["GET"]}}],"collection":[{"href":"https:\/\/brufaganya.cat\/2020\/wp-json\/wp\/v2\/posts"}],"about":[{"href":"https:\/\/brufaganya.cat\/2020\/wp-json\/wp\/v2\/types\/post"}],"author":[{"embeddable":true,"href":"https:\/\/brufaganya.cat\/2020\/wp-json\/wp\/v2\/users\/109"}],"replies":[{"embeddable":true,"href":"https:\/\/brufaganya.cat\/2020\/wp-json\/wp\/v2\/comments?post=5670"}],"version-history":[{"count":0,"href":"https:\/\/brufaganya.cat\/2020\/wp-json\/wp\/v2\/posts\/5670\/revisions"}],"wp:featuredmedia":[{"embeddable":true,"href":"https:\/\/brufaganya.cat\/2020\/wp-json\/wp\/v2\/media\/5677"}],"wp:attachment":[{"href":"https:\/\/brufaganya.cat\/2020\/wp-json\/wp\/v2\/media?parent=5670"}],"wp:term":[{"taxonomy":"category","embeddable":true,"href":"https:\/\/brufaganya.cat\/2020\/wp-json\/wp\/v2\/categories?post=5670"},{"taxonomy":"post_tag","embeddable":true,"href":"https:\/\/brufaganya.cat\/2020\/wp-json\/wp\/v2\/tags?post=5670"}],"curies":[{"name":"wp","href":"https:\/\/api.w.org\/{rel}","templated":true}]}}