{"id":5587,"date":"2020-10-13T11:24:32","date_gmt":"2020-10-13T09:24:32","guid":{"rendered":"https:\/\/brufaganya.cat\/2020\/?p=5587"},"modified":"2020-10-14T19:34:30","modified_gmt":"2020-10-14T17:34:30","slug":"campaments-fa-50-anys-a-sta-perpetua-i-s-magi","status":"publish","type":"post","link":"https:\/\/brufaganya.cat\/2020\/campaments-fa-50-anys-a-sta-perpetua-i-s-magi\/","title":{"rendered":"50 anys dels campaments a Santa Perp\u00e8tua i Sant Mag\u00ed"},"content":{"rendered":"<p><!--more--><\/p>\n<p class=\"western\"><span style=\"color: #000000;\"><span style=\"font-family: Times New Roman, serif;\"><span style=\"font-size: large;\">L&#8217;estiu de 1970 es van fer uns\u00a0<\/span><\/span><\/span><span style=\"color: #000000;\"><span style=\"font-family: Times New Roman, serif;\"><span style=\"font-size: large;\"><b>campaments<\/b><\/span><\/span><\/span><span style=\"color: #000000;\"><span style=\"font-family: Times New Roman, serif;\"><span style=\"font-size: large;\"> de nenes de entre 10 i 11 anys a Santa Perp\u00e8tua de Gai\u00e0 amb sortides a Sant Mag\u00ed de la Brufaganya. Ara, 50 anys despr\u00e9s, i mirant les fotografies els revivim i ens adonem que a Sant Mag\u00ed es feien activitats de diferent caire i per a diferents edats.\u00a0 \u00a0<\/span><\/span><\/span><\/p>\n<figure id=\"attachment_5597\" aria-describedby=\"caption-attachment-5597\" style=\"width: 300px\" class=\"wp-caption alignleft\"><img loading=\"lazy\" decoding=\"async\" class=\"wp-image-5597 size-medium\" src=\"https:\/\/brufaganya.cat\/2020\/wp-content\/uploads\/2020\/09\/Tenda-1-300x300.jpg\" alt=\"\" width=\"300\" height=\"300\" srcset=\"https:\/\/brufaganya.cat\/2020\/wp-content\/uploads\/2020\/09\/Tenda-1-300x300.jpg 300w, https:\/\/brufaganya.cat\/2020\/wp-content\/uploads\/2020\/09\/Tenda-1-150x150.jpg 150w, https:\/\/brufaganya.cat\/2020\/wp-content\/uploads\/2020\/09\/Tenda-1.jpg 627w\" sizes=\"auto, (max-width: 300px) 100vw, 300px\" \/><figcaption id=\"caption-attachment-5597\" class=\"wp-caption-text\">Tenda de grup<\/figcaption><\/figure>\n<p class=\"western\"><span style=\"color: #000000; font-family: Times New Roman, serif; font-size: large;\">En aquestes tardes al final del bon temps, la conversa es fa planera i tranquil.la. Surt el tema de les col\u00f2nies i de com han canviat les formes d&#8217;acc\u00e9s i l&#8217;organitzaci\u00f3. Sant Mag\u00ed i tot l&#8217;entorn ha acollit grups de nens i nenes que durant uns dies varen gaudir d&#8217;aquests paratges quasi verges, es van apropar al riu Gai\u00e0, als roures i pins de la Brufaganya muntant tendes i sacs de dormir, tot veient els estels en cels no contaminats.<\/span><\/p>\n<p class=\"western\"><span style=\"color: #000000;\"><span style=\"font-family: Times New Roman, serif;\"><span style=\"font-size: large;\">Anem comentant els campaments que el CAU, \u201cAgrupament Escolta M\u00aa Ant\u00f2nia Salv\u00e0\u201d (en aquells moments no era mixt) va fer a Santa Perp\u00e8tua de Gai\u00e0 l&#8217;any 1970, les activitats que es duien a terme, les excursions amb tot el grup i les difer\u00e8ncies que llavors semblaven normals i ara es veuen llunyanes.<\/span><\/span><\/span><\/p>\n<p class=\"western\"><span style=\"color: #000000;\"><span style=\"font-family: Times New Roman, serif;\"><span style=\"font-size: large;\">De la conversa en surten preguntes. Rita Vila que en aquell campament de &#8220;daines&#8221; n&#8217;era Cap, ens va responent amb calma, aclarint amb les imatges\u00a0 alguns aspectes i ampliant-ne d&#8217;altres.<\/span><\/span><\/span><\/p>\n<p class=\"western\"><span style=\"color: #000000;\"><span style=\"font-family: Times New Roman, serif;\"><span style=\"font-size: large;\"><b>El primer que volem saber es com s&#8217;organitzaven?<\/b><\/span><\/span><\/span><\/p>\n<figure id=\"attachment_5592\" aria-describedby=\"caption-attachment-5592\" style=\"width: 300px\" class=\"wp-caption alignleft\"><img loading=\"lazy\" decoding=\"async\" class=\"wp-image-5592 size-medium\" src=\"https:\/\/brufaganya.cat\/2020\/wp-content\/uploads\/2020\/09\/Cuina-2-1-300x287.jpg\" alt=\"\" width=\"300\" height=\"287\" srcset=\"https:\/\/brufaganya.cat\/2020\/wp-content\/uploads\/2020\/09\/Cuina-2-1-300x287.jpg 300w, https:\/\/brufaganya.cat\/2020\/wp-content\/uploads\/2020\/09\/Cuina-2-1.jpg 695w\" sizes=\"auto, (max-width: 300px) 100vw, 300px\" \/><figcaption id=\"caption-attachment-5592\" class=\"wp-caption-text\">ajudants i altres responsables<\/figcaption><\/figure>\n<p class=\"western\"><span style=\"color: #000000;\"><span style=\"font-family: Times New Roman, serif;\"><span style=\"font-size: large;\">El grup era un aplec de daines, el formaven 24 daines repartides en 4 motes de 6 nenes cada una. En cada mota hi havia la \u201cdaina gran\u201d i l\u2019ajudant, normalment eren les grans que a l\u2019any seg\u00fcent ja passaven de grup.<\/span><\/span><\/span><\/p>\n<p class=\"western\"><span style=\"color: #000000;\"><span style=\"font-family: Times New Roman, serif;\"><span style=\"font-size: large;\">En cada aplec de daines hi havia unes caps, que en aquest campament v\u00e0rem ser la Rosa M\u00aa. Pont i jo. Un consiliari (moss\u00e8n Miquel) i les intendentes Teresa Moncunill i Josefina Dalmau. &#8230;..<\/span><\/span><\/span><\/p>\n<p>&nbsp;<\/p>\n<p><span style=\"color: #000000;\"><span style=\"font-family: Times New Roman, serif;\"><span style=\"font-size: large;\"><b>On dorm\u00edeu? com menj\u00e0veu? qui feia la cuina? i les dutxes?<\/b><\/span><\/span><\/span><\/p>\n<p class=\"western\"><span style=\"color: #000000;\"><span style=\"font-family: Times New Roman, serif;\"><span style=\"font-size: large;\">Dorm\u00edem en tendes, en cada tenda hi havia 6 daines (una mota)<\/span><\/span><\/span><\/p>\n<figure id=\"attachment_5590\" aria-describedby=\"caption-attachment-5590\" style=\"width: 300px\" class=\"wp-caption alignright\"><img loading=\"lazy\" decoding=\"async\" class=\"wp-image-5590 size-medium\" src=\"https:\/\/brufaganya.cat\/2020\/wp-content\/uploads\/2020\/09\/Cuina-1-300x300.jpg\" alt=\"\" width=\"300\" height=\"300\" srcset=\"https:\/\/brufaganya.cat\/2020\/wp-content\/uploads\/2020\/09\/Cuina-1-300x300.jpg 300w, https:\/\/brufaganya.cat\/2020\/wp-content\/uploads\/2020\/09\/Cuina-1-150x150.jpg 150w, https:\/\/brufaganya.cat\/2020\/wp-content\/uploads\/2020\/09\/Cuina-1.jpg 625w\" sizes=\"auto, (max-width: 300px) 100vw, 300px\" \/><figcaption id=\"caption-attachment-5590\" class=\"wp-caption-text\">Intend\u00e8ncia<\/figcaption><\/figure>\n<p class=\"western\"><span style=\"color: #000000;\"><span style=\"font-family: Times New Roman, serif;\"><span style=\"font-size: large;\">Hi havia la tenda de les Caps i les intendentes.<\/span><\/span><\/span><\/p>\n<p class=\"western\"><span style=\"color: #000000;\"><span style=\"font-family: Times New Roman, serif;\"><span style=\"font-size: large;\">I la tenda del consiliari.<\/span><\/span><\/span><\/p>\n<p class=\"western\"><span style=\"color: #000000;\"><span style=\"font-family: Times New Roman, serif;\"><span style=\"font-size: large;\">La cuina la feien les intendentes, en men\u00fas decidits en la preparaci\u00f3 del campament. Si feia falta s\u2019anava a comprar al poble m\u00e9s proper.\u00a0<\/span><\/span><\/span><\/p>\n<p class=\"western\"><span style=\"color: #000000;\"><span style=\"font-family: Times New Roman, serif;\"><span style=\"font-size: large;\">Dies abans s\u2019anaven a fer les instal\u00b7lacions del campament :<\/span><\/span><\/span><\/p>\n<p class=\"western\"><span style=\"color: #000000;\"><span style=\"font-family: Times New Roman, serif;\"><span style=\"font-size: large;\">-Es decidia el lloc de tendes que es muntaven les daines mateixes en arribar al campament<\/span><\/span><\/span><\/p>\n<p class=\"western\"><span style=\"color: #000000;\"><span style=\"font-family: Times New Roman, serif;\"><span style=\"font-size: large;\">-Preparar lloc de cuina \u00a0<\/span><\/span><\/span><\/p>\n<p class=\"western\"><span style=\"color: #000000;\"><span style=\"font-family: Times New Roman, serif;\"><span style=\"font-size: large;\">-Lloc de menjar (es feia taula amb troncs i cordill)<\/span><\/span><\/span><\/p>\n<p class=\"western\"><span style=\"color: #000000;\"><span style=\"font-family: Times New Roman, serif;\"><span style=\"font-size: large;\">-La cartellera on cada dia es posaven les activitats i els serveis que havia de fer cadasc\u00fa: vigilar neteja campament, ajudar intendentes, rentar plats, preparar taula, etc.<\/span><\/span><\/span><\/p>\n<p class=\"western\"><span style=\"color: #000000;\"><span style=\"font-family: Times New Roman, serif;\"><span style=\"font-size: large;\">-Lletrines\u2026<\/span><\/span><\/span><\/p>\n<p class=\"western\"><span style=\"color: #000000;\"><span style=\"font-family: Times New Roman, serif;\"><span style=\"font-size: large;\">Cada mat\u00ed f\u00e8iem la higiene personal al riu Gai\u00e0.<\/span><\/span><\/span><\/p>\n<p class=\"western\"><span style=\"color: #000000;\"><span style=\"font-family: Times New Roman, serif;\"><span style=\"font-size: large;\"><img loading=\"lazy\" decoding=\"async\" class=\"alignnone size-medium wp-image-5589\" src=\"https:\/\/brufaganya.cat\/2020\/wp-content\/uploads\/2020\/09\/Bany-2-1-300x300.jpg\" alt=\"\" width=\"300\" height=\"300\" srcset=\"https:\/\/brufaganya.cat\/2020\/wp-content\/uploads\/2020\/09\/Bany-2-1-300x300.jpg 300w, https:\/\/brufaganya.cat\/2020\/wp-content\/uploads\/2020\/09\/Bany-2-1-150x150.jpg 150w, https:\/\/brufaganya.cat\/2020\/wp-content\/uploads\/2020\/09\/Bany-2-1.jpg 628w\" sizes=\"auto, (max-width: 300px) 100vw, 300px\" \/>\u00a0 \u00a0 \u00a0 \u00a0 <img loading=\"lazy\" decoding=\"async\" class=\"alignnone size-medium wp-image-5591\" src=\"https:\/\/brufaganya.cat\/2020\/wp-content\/uploads\/2020\/09\/Gimn\u00e0stica-3-297x300.jpg\" alt=\"\" width=\"297\" height=\"300\" srcset=\"https:\/\/brufaganya.cat\/2020\/wp-content\/uploads\/2020\/09\/Gimn\u00e0stica-3-297x300.jpg 297w, https:\/\/brufaganya.cat\/2020\/wp-content\/uploads\/2020\/09\/Gimn\u00e0stica-3.jpg 629w\" sizes=\"auto, (max-width: 297px) 100vw, 297px\" \/> <\/span><\/span><\/span><\/p>\n<p>&nbsp;<\/p>\n<p class=\"western\"><span style=\"color: #000000;\"><span style=\"font-family: Times New Roman, serif;\"><span style=\"font-size: large;\"><b>Quines activitats f\u00e8ieu?<\/b><\/span><\/span><\/span><\/p>\n<p class=\"western\"><span style=\"color: #000000;\"><span style=\"font-family: Times New Roman, serif;\"><span style=\"font-size: large;\">\u00a0Al riu Gai\u00e0: higiene personal, banyar-se i rentar els utensilis b\u00e0sics&#8230;<br \/>\n<\/span><\/span><\/span><\/p>\n<p class=\"western\"><span style=\"color: #000000;\"><span style=\"font-family: Times New Roman, serif;\"><span style=\"font-size: large;\">Activitats f\u00edsiques<\/span><\/span><\/span><\/p>\n<p class=\"western\"><span style=\"color: #000000;\"><span style=\"font-family: Times New Roman, serif;\"><span style=\"font-size: large;\">Jocs\u00a0<\/span><\/span><\/span><\/p>\n<p class=\"western\"><span style=\"color: #000000;\"><span style=\"font-family: Times New Roman, serif;\"><span style=\"font-size: large;\">Excursions<\/span><\/span><\/span><\/p>\n<p class=\"western\"><span style=\"color: #000000;\"><span style=\"font-family: Times New Roman, serif;\"><span style=\"font-size: large;\">Focs de camp (cosa impensable ara)<\/span><\/span><\/span><\/p>\n<p class=\"western\"><span style=\"color: #000000;\"><span style=\"font-family: Times New Roman, serif;\"><span style=\"font-size: large;\">etc&#8230;<\/span><\/span><\/span><\/p>\n<p class=\"western\"><span style=\"color: #000000;\"><span style=\"font-family: Times New Roman, serif;\"><span style=\"font-size: large;\"><br \/>\n<\/span><\/span><\/span><span style=\"color: #000000;\"><span style=\"font-family: Times New Roman, serif;\"><span style=\"font-size: large;\"><b>Com es va fer l&#8217;excursi\u00f3 a Sant Mag\u00ed de la Brufaganya?<\/b><\/span><\/span><\/span><\/p>\n<figure id=\"attachment_5593\" aria-describedby=\"caption-attachment-5593\" style=\"width: 300px\" class=\"wp-caption alignleft\"><img loading=\"lazy\" decoding=\"async\" class=\"wp-image-5593 size-medium\" src=\"https:\/\/brufaganya.cat\/2020\/wp-content\/uploads\/2020\/09\/Grup-1-300x300.jpg\" alt=\"\" width=\"300\" height=\"300\" srcset=\"https:\/\/brufaganya.cat\/2020\/wp-content\/uploads\/2020\/09\/Grup-1-300x300.jpg 300w, https:\/\/brufaganya.cat\/2020\/wp-content\/uploads\/2020\/09\/Grup-1-150x150.jpg 150w, https:\/\/brufaganya.cat\/2020\/wp-content\/uploads\/2020\/09\/Grup-1.jpg 626w\" sizes=\"auto, (max-width: 300px) 100vw, 300px\" \/><figcaption id=\"caption-attachment-5593\" class=\"wp-caption-text\">Excursi\u00f3 a Sant Mag\u00ed<\/figcaption><\/figure>\n<p class=\"western\"><span style=\"color: #000000;\"><span style=\"font-family: Times New Roman, serif;\"><span style=\"font-size: large;\"><br \/>\nA peu des del campament, sempre es feien excursions a llocs propers i passar el dia. A m\u00e9s de descobrir el paratge de les Fonts i el Santuari es van fer activitats a les esplanades i fotografies al roure de la Font (que per cert estava viu i tenia branques i fulles)<\/span><\/span><\/span><\/p>\n<p>&nbsp;<\/p>\n<p class=\"western\"><span style=\"color: #000000;\"><span style=\"font-family: Times New Roman, serif;\"><span style=\"font-size: large;\"><b>Eren uns dies d&#8217;esbarjo o es pensava amb altres valors?<\/b><\/span><\/span><\/span><\/p>\n<p class=\"western\"><span style=\"color: #000000;\"><span style=\"font-family: Times New Roman, serif;\"><span style=\"font-size: large;\">Dies d\u2019esbarjo, per\u00f2 totes les activitats estaven pensades per educar en diferents valors, sobretot respecte per la natura, compartir, viure amb pocs recursos, fomentar la responsabilitat.<\/span><\/span><\/span><\/p>\n<p class=\"western\"><span style=\"color: #000000;\"><span style=\"font-family: Times New Roman, serif;\"><span style=\"font-size: large;\">I sobretot tenir en compte la frase de Baden Powell (fundador de l\u2019escoltisme):\u00a0<\/span><\/span><\/span><span style=\"color: #000000;\">\u201c<span style=\"font-family: Times New Roman, serif;\"><span style=\"font-size: large;\">Procureu deixar el lloc una mica millor de com l\u2019heu trobat\u201d<\/span><\/span><\/span><\/p>\n<p>&nbsp;<\/p>\n<p class=\"western\"><span style=\"color: #000000;\"><span style=\"font-family: Times New Roman, serif;\"><span style=\"font-size: large;\"><b>Eren necessaris tants permisos com ara?<\/b><\/span><\/span><\/span><\/p>\n<p class=\"western\"><span style=\"color: #000000;\"><span style=\"font-family: Times New Roman, serif;\"><span style=\"font-size: large;\">No, ens limit\u00e0vem a demanar perm\u00eds al propietari del terreny. Incl\u00fas si era una masia, ens deixava palla per omplir les m\u00e0rfegues per fer matalassos per dormir (en acabar el campament la retorn\u00e0vem a lloc)<\/span><\/span><\/span><\/p>\n<p>&nbsp;<\/p>\n<p class=\"western\"><span style=\"color: #000000;\"><span style=\"font-family: Times New Roman, serif;\"><span style=\"font-size: large;\"><b>Quina relaci\u00f3 ten\u00edeu amb la gent del poble o de els masies on pos\u00e0veu les tendes?<\/b><\/span><\/span><\/span><\/p>\n<p class=\"western\"><span style=\"color: #000000;\"><span style=\"font-family: Times New Roman, serif;\"><span style=\"font-size: large;\">Al poble hi an\u00e0vem a comprar coses necess\u00e0ries per la cuina.<\/span><\/span><\/span><\/p>\n<p class=\"western\"><span style=\"color: #000000;\"><span style=\"font-family: Times New Roman, serif;\"><span style=\"font-size: large;\">Tamb\u00e9 an\u00e0vem d\u2019excursi\u00f3 o visit\u00e0vem masies on pod\u00edem comprar ous, verdures&#8230;<\/span><\/span><\/span><\/p>\n<p><span style=\"color: #000000;\"><span style=\"font-family: Times New Roman, serif;\"><span style=\"font-size: large;\"><b>Mirem les fotos i surt la pregunta, an\u00e0veu d&#8217;uniforme?<\/b><\/span><\/span><\/span><\/p>\n<p class=\"western\"><span style=\"color: #000000;\"><span style=\"font-family: Times New Roman, serif;\"><span style=\"font-size: large;\">Si, en aquells moments era una falda marr\u00f3, una camisa blanca i un fulard al coll de color verd.<\/span><\/span><\/span><\/p>\n<p class=\"western\"><b style=\"font-size: large; font-family: 'Times New Roman', serif; color: #000000;\">Quines difer\u00e8ncies hi trobes entre els campaments que feies i les col\u00f2nies d&#8217;ara?<\/b><\/p>\n<p class=\"western\"><span style=\"color: #000000;\"><span style=\"font-family: Times New Roman, serif;\"><span style=\"font-size: large;\">Crec que la principal difer\u00e8ncia \u00e9s que en els campaments, tamb\u00e9 en els d\u2019ara, es viu intensament en contacte amb la natura i amb els m\u00ednims mitjans materials.\u00a0<\/span><\/span><\/span><\/p>\n<p><span style=\"color: #000000;\"><span style=\"font-family: Times New Roman, serif;\"><span style=\"font-size: large;\"><b>\u00a0 \u00a0 \u00a0 \u00a0 \u00a0 <img loading=\"lazy\" decoding=\"async\" class=\"alignnone wp-image-5605\" src=\"https:\/\/brufaganya.cat\/2020\/wp-content\/uploads\/2020\/09\/Bany-3-297x300.jpg\" alt=\"\" width=\"233\" height=\"235\" srcset=\"https:\/\/brufaganya.cat\/2020\/wp-content\/uploads\/2020\/09\/Bany-3-297x300.jpg 297w, https:\/\/brufaganya.cat\/2020\/wp-content\/uploads\/2020\/09\/Bany-3-150x150.jpg 150w, https:\/\/brufaganya.cat\/2020\/wp-content\/uploads\/2020\/09\/Bany-3.jpg 626w\" sizes=\"auto, (max-width: 233px) 100vw, 233px\" \/>\u00a0<\/b><\/span><\/span><\/span><\/p>\n<p><span style=\"color: #000000;\"><span style=\"font-family: Times New Roman, serif;\"><span style=\"font-size: large;\"><b style=\"color: #000000; font-family: 'Times New Roman', serif; font-size: large;\">Venien les <\/b><span style=\"color: #000000; font-family: Times New Roman, serif; font-size: large;\"><b>fam\u00edlies<\/b><\/span><b style=\"color: #000000; font-family: 'Times New Roman', serif; font-size: large;\">\u00a0a veure les filles?<\/b><br \/>\n<\/span><\/span><\/span><span style=\"color: #000000;\"><span style=\"font-family: Times New Roman, serif;\"><span style=\"font-size: large;\">Si, hi havia el dia de pares, on les fam\u00edlies venien a passar el dia i s\u2019organitzaven activitats conjuntes per a nenes i pares&#8230;<\/span><\/span><\/span><\/p>\n<p>Ens acomiadem de la Rita agraint-li l&#8217;estona que ens ha dedicat. Segur que queden moltes coses que no hem tocat, per\u00f2 la conversa ens ajuda a entendre que fa uns anys els nens i nenes de diferents llocs de Catalunya, en aquest cas Igualada, jugaven i s&#8217;apropaven a la natura en l&#8217;entorn de Sant Mag\u00ed.<\/p>\n<p class=\"western\"><span style=\"color: #000000;\"><span style=\"font-family: Times New Roman, serif;\"><span style=\"font-size: large;\">La vida canvia, malgrat tot algunes coses queden permanents en el record: les rialles, els jocs, les responsabilitats i els amics que en un moment van fer campaments a la Brufaganya.<\/span><\/span><\/span><\/p>\n<p>&nbsp;<\/p>\n","protected":false},"excerpt":{"rendered":"L'estiu de 1970 es van fer uns\u00a0campaments de nenes de entre 10 i 11 anys a Santa Perp\u00e8tua de Gai\u00e0 amb sortides a Sant Mag\u00ed de la Brufaganya. Ara, 50 [...]","protected":false},"author":105,"featured_media":5588,"comment_status":"open","ping_status":"closed","sticky":false,"template":"","format":"standard","meta":{"inline_featured_image":false,"footnotes":""},"categories":[799,1],"tags":[],"class_list":["post-5587","post","type-post","status-publish","format-standard","has-post-thumbnail","hentry","category-joves","category-noticies"],"yoast_head":"<!-- This site is optimized with the Yoast SEO plugin v27.4 - https:\/\/yoast.com\/product\/yoast-seo-wordpress\/ -->\n<title>50 anys dels campaments a Santa Perp\u00e8tua i Sant Mag\u00ed &#187; Sant Mag\u00ed de la Brufaganya<\/title>\n<meta name=\"robots\" content=\"index, follow, max-snippet:-1, max-image-preview:large, max-video-preview:-1\" \/>\n<link rel=\"canonical\" href=\"https:\/\/brufaganya.cat\/2020\/campaments-fa-50-anys-a-sta-perpetua-i-s-magi\/\" \/>\n<meta property=\"og:locale\" content=\"ca_ES\" \/>\n<meta property=\"og:type\" content=\"article\" \/>\n<meta property=\"og:title\" content=\"50 anys dels campaments a Santa Perp\u00e8tua i Sant Mag\u00ed &#187; Sant Mag\u00ed de la Brufaganya\" \/>\n<meta property=\"og:url\" content=\"https:\/\/brufaganya.cat\/2020\/campaments-fa-50-anys-a-sta-perpetua-i-s-magi\/\" \/>\n<meta property=\"og:site_name\" content=\"Sant Mag\u00ed de la Brufaganya\" \/>\n<meta property=\"article:published_time\" content=\"2020-10-13T09:24:32+00:00\" \/>\n<meta property=\"article:modified_time\" content=\"2020-10-14T17:34:30+00:00\" \/>\n<meta property=\"og:image\" content=\"https:\/\/brufaganya.cat\/2020\/wp-content\/uploads\/2020\/09\/staPerpetua.jpeg\" \/>\n\t<meta property=\"og:image:width\" content=\"1024\" \/>\n\t<meta property=\"og:image:height\" content=\"768\" \/>\n\t<meta property=\"og:image:type\" content=\"image\/jpeg\" \/>\n<meta name=\"author\" content=\"Rita Armejach Carreras\" \/>\n<meta name=\"twitter:card\" content=\"summary_large_image\" \/>\n<meta name=\"twitter:label1\" content=\"Escrit per\" \/>\n\t<meta name=\"twitter:data1\" content=\"Rita Armejach Carreras\" \/>\n\t<meta name=\"twitter:label2\" content=\"Temps estimat de lectura\" \/>\n\t<meta name=\"twitter:data2\" content=\"5 minuts\" \/>\n<script type=\"application\/ld+json\" class=\"yoast-schema-graph\">{\"@context\":\"https:\\\/\\\/schema.org\",\"@graph\":[{\"@type\":\"Article\",\"@id\":\"https:\\\/\\\/brufaganya.cat\\\/2020\\\/campaments-fa-50-anys-a-sta-perpetua-i-s-magi\\\/#article\",\"isPartOf\":{\"@id\":\"https:\\\/\\\/brufaganya.cat\\\/2020\\\/campaments-fa-50-anys-a-sta-perpetua-i-s-magi\\\/\"},\"author\":{\"name\":\"Rita Armejach Carreras\",\"@id\":\"https:\\\/\\\/brufaganya.cat\\\/2020\\\/#\\\/schema\\\/person\\\/cd383ee397867b5182d1cf80b8c2e95c\"},\"headline\":\"50 anys dels campaments a Santa Perp\u00e8tua i Sant Mag\u00ed\",\"datePublished\":\"2020-10-13T09:24:32+00:00\",\"dateModified\":\"2020-10-14T17:34:30+00:00\",\"mainEntityOfPage\":{\"@id\":\"https:\\\/\\\/brufaganya.cat\\\/2020\\\/campaments-fa-50-anys-a-sta-perpetua-i-s-magi\\\/\"},\"wordCount\":952,\"commentCount\":0,\"publisher\":{\"@id\":\"https:\\\/\\\/brufaganya.cat\\\/2020\\\/#organization\"},\"image\":{\"@id\":\"https:\\\/\\\/brufaganya.cat\\\/2020\\\/campaments-fa-50-anys-a-sta-perpetua-i-s-magi\\\/#primaryimage\"},\"thumbnailUrl\":\"https:\\\/\\\/brufaganya.cat\\\/2020\\\/wp-content\\\/uploads\\\/2020\\\/09\\\/staPerpetua.jpeg\",\"articleSection\":[\"Joves\",\"Not\u00edcies\"],\"inLanguage\":\"ca\",\"potentialAction\":[{\"@type\":\"CommentAction\",\"name\":\"Comment\",\"target\":[\"https:\\\/\\\/brufaganya.cat\\\/2020\\\/campaments-fa-50-anys-a-sta-perpetua-i-s-magi\\\/#respond\"]}]},{\"@type\":\"WebPage\",\"@id\":\"https:\\\/\\\/brufaganya.cat\\\/2020\\\/campaments-fa-50-anys-a-sta-perpetua-i-s-magi\\\/\",\"url\":\"https:\\\/\\\/brufaganya.cat\\\/2020\\\/campaments-fa-50-anys-a-sta-perpetua-i-s-magi\\\/\",\"name\":\"50 anys dels campaments a Santa Perp\u00e8tua i Sant Mag\u00ed &#187; Sant Mag\u00ed de la Brufaganya\",\"isPartOf\":{\"@id\":\"https:\\\/\\\/brufaganya.cat\\\/2020\\\/#website\"},\"primaryImageOfPage\":{\"@id\":\"https:\\\/\\\/brufaganya.cat\\\/2020\\\/campaments-fa-50-anys-a-sta-perpetua-i-s-magi\\\/#primaryimage\"},\"image\":{\"@id\":\"https:\\\/\\\/brufaganya.cat\\\/2020\\\/campaments-fa-50-anys-a-sta-perpetua-i-s-magi\\\/#primaryimage\"},\"thumbnailUrl\":\"https:\\\/\\\/brufaganya.cat\\\/2020\\\/wp-content\\\/uploads\\\/2020\\\/09\\\/staPerpetua.jpeg\",\"datePublished\":\"2020-10-13T09:24:32+00:00\",\"dateModified\":\"2020-10-14T17:34:30+00:00\",\"breadcrumb\":{\"@id\":\"https:\\\/\\\/brufaganya.cat\\\/2020\\\/campaments-fa-50-anys-a-sta-perpetua-i-s-magi\\\/#breadcrumb\"},\"inLanguage\":\"ca\",\"potentialAction\":[{\"@type\":\"ReadAction\",\"target\":[\"https:\\\/\\\/brufaganya.cat\\\/2020\\\/campaments-fa-50-anys-a-sta-perpetua-i-s-magi\\\/\"]}]},{\"@type\":\"ImageObject\",\"inLanguage\":\"ca\",\"@id\":\"https:\\\/\\\/brufaganya.cat\\\/2020\\\/campaments-fa-50-anys-a-sta-perpetua-i-s-magi\\\/#primaryimage\",\"url\":\"https:\\\/\\\/brufaganya.cat\\\/2020\\\/wp-content\\\/uploads\\\/2020\\\/09\\\/staPerpetua.jpeg\",\"contentUrl\":\"https:\\\/\\\/brufaganya.cat\\\/2020\\\/wp-content\\\/uploads\\\/2020\\\/09\\\/staPerpetua.jpeg\",\"width\":1024,\"height\":768,\"caption\":\"Sta Perp\u00e8tua de Gaia. Foto. Tribus de la Segarra\"},{\"@type\":\"BreadcrumbList\",\"@id\":\"https:\\\/\\\/brufaganya.cat\\\/2020\\\/campaments-fa-50-anys-a-sta-perpetua-i-s-magi\\\/#breadcrumb\",\"itemListElement\":[{\"@type\":\"ListItem\",\"position\":1,\"name\":\"Inici\",\"item\":\"https:\\\/\\\/brufaganya.cat\\\/2020\\\/\"},{\"@type\":\"ListItem\",\"position\":2,\"name\":\"50 anys dels campaments a Santa Perp\u00e8tua i Sant Mag\u00ed\"}]},{\"@type\":\"WebSite\",\"@id\":\"https:\\\/\\\/brufaganya.cat\\\/2020\\\/#website\",\"url\":\"https:\\\/\\\/brufaganya.cat\\\/2020\\\/\",\"name\":\"Sant Mag\u00ed de la Brufaganya\",\"description\":\"Lloc web de Sant Mag\u00ed de la Brufaganya\",\"publisher\":{\"@id\":\"https:\\\/\\\/brufaganya.cat\\\/2020\\\/#organization\"},\"potentialAction\":[{\"@type\":\"SearchAction\",\"target\":{\"@type\":\"EntryPoint\",\"urlTemplate\":\"https:\\\/\\\/brufaganya.cat\\\/2020\\\/?s={search_term_string}\"},\"query-input\":{\"@type\":\"PropertyValueSpecification\",\"valueRequired\":true,\"valueName\":\"search_term_string\"}}],\"inLanguage\":\"ca\"},{\"@type\":\"Organization\",\"@id\":\"https:\\\/\\\/brufaganya.cat\\\/2020\\\/#organization\",\"name\":\"Sant Mag\u00ed de Brufaganya\",\"url\":\"https:\\\/\\\/brufaganya.cat\\\/2020\\\/\",\"logo\":{\"@type\":\"ImageObject\",\"inLanguage\":\"ca\",\"@id\":\"https:\\\/\\\/brufaganya.cat\\\/2020\\\/#\\\/schema\\\/logo\\\/image\\\/\",\"url\":\"https:\\\/\\\/brufaganya.cat\\\/2020\\\/wp-content\\\/uploads\\\/2018\\\/11\\\/st_marti_bruga_horitz_posi_logo.jpg\",\"contentUrl\":\"https:\\\/\\\/brufaganya.cat\\\/2020\\\/wp-content\\\/uploads\\\/2018\\\/11\\\/st_marti_bruga_horitz_posi_logo.jpg\",\"width\":1479,\"height\":804,\"caption\":\"Sant Mag\u00ed de Brufaganya\"},\"image\":{\"@id\":\"https:\\\/\\\/brufaganya.cat\\\/2020\\\/#\\\/schema\\\/logo\\\/image\\\/\"},\"sameAs\":[\"https:\\\/\\\/ca.wikipedia.org\\\/wiki\\\/Sant_Mag\u00ed_de_Brufaganya\"]},{\"@type\":\"Person\",\"@id\":\"https:\\\/\\\/brufaganya.cat\\\/2020\\\/#\\\/schema\\\/person\\\/cd383ee397867b5182d1cf80b8c2e95c\",\"name\":\"Rita Armejach Carreras\",\"image\":{\"@type\":\"ImageObject\",\"inLanguage\":\"ca\",\"@id\":\"https:\\\/\\\/secure.gravatar.com\\\/avatar\\\/9dd6e49c4c61c4e14defcbf48211c55e6d268a4486cf9f5cef1b53148943d71d?s=96&d=mm&r=g\",\"url\":\"https:\\\/\\\/secure.gravatar.com\\\/avatar\\\/9dd6e49c4c61c4e14defcbf48211c55e6d268a4486cf9f5cef1b53148943d71d?s=96&d=mm&r=g\",\"contentUrl\":\"https:\\\/\\\/secure.gravatar.com\\\/avatar\\\/9dd6e49c4c61c4e14defcbf48211c55e6d268a4486cf9f5cef1b53148943d71d?s=96&d=mm&r=g\",\"caption\":\"Rita Armejach Carreras\"},\"url\":\"https:\\\/\\\/brufaganya.cat\\\/2020\\\/author\\\/rarmejach\\\/\"}]}<\/script>\n<!-- \/ Yoast SEO plugin. -->","yoast_head_json":{"title":"50 anys dels campaments a Santa Perp\u00e8tua i Sant Mag\u00ed &#187; Sant Mag\u00ed de la Brufaganya","robots":{"index":"index","follow":"follow","max-snippet":"max-snippet:-1","max-image-preview":"max-image-preview:large","max-video-preview":"max-video-preview:-1"},"canonical":"https:\/\/brufaganya.cat\/2020\/campaments-fa-50-anys-a-sta-perpetua-i-s-magi\/","og_locale":"ca_ES","og_type":"article","og_title":"50 anys dels campaments a Santa Perp\u00e8tua i Sant Mag\u00ed &#187; Sant Mag\u00ed de la Brufaganya","og_url":"https:\/\/brufaganya.cat\/2020\/campaments-fa-50-anys-a-sta-perpetua-i-s-magi\/","og_site_name":"Sant Mag\u00ed de la Brufaganya","article_published_time":"2020-10-13T09:24:32+00:00","article_modified_time":"2020-10-14T17:34:30+00:00","og_image":[{"width":1024,"height":768,"url":"https:\/\/brufaganya.cat\/2020\/wp-content\/uploads\/2020\/09\/staPerpetua.jpeg","type":"image\/jpeg"}],"author":"Rita Armejach Carreras","twitter_card":"summary_large_image","twitter_misc":{"Escrit per":"Rita Armejach Carreras","Temps estimat de lectura":"5 minuts"},"schema":{"@context":"https:\/\/schema.org","@graph":[{"@type":"Article","@id":"https:\/\/brufaganya.cat\/2020\/campaments-fa-50-anys-a-sta-perpetua-i-s-magi\/#article","isPartOf":{"@id":"https:\/\/brufaganya.cat\/2020\/campaments-fa-50-anys-a-sta-perpetua-i-s-magi\/"},"author":{"name":"Rita Armejach Carreras","@id":"https:\/\/brufaganya.cat\/2020\/#\/schema\/person\/cd383ee397867b5182d1cf80b8c2e95c"},"headline":"50 anys dels campaments a Santa Perp\u00e8tua i Sant Mag\u00ed","datePublished":"2020-10-13T09:24:32+00:00","dateModified":"2020-10-14T17:34:30+00:00","mainEntityOfPage":{"@id":"https:\/\/brufaganya.cat\/2020\/campaments-fa-50-anys-a-sta-perpetua-i-s-magi\/"},"wordCount":952,"commentCount":0,"publisher":{"@id":"https:\/\/brufaganya.cat\/2020\/#organization"},"image":{"@id":"https:\/\/brufaganya.cat\/2020\/campaments-fa-50-anys-a-sta-perpetua-i-s-magi\/#primaryimage"},"thumbnailUrl":"https:\/\/brufaganya.cat\/2020\/wp-content\/uploads\/2020\/09\/staPerpetua.jpeg","articleSection":["Joves","Not\u00edcies"],"inLanguage":"ca","potentialAction":[{"@type":"CommentAction","name":"Comment","target":["https:\/\/brufaganya.cat\/2020\/campaments-fa-50-anys-a-sta-perpetua-i-s-magi\/#respond"]}]},{"@type":"WebPage","@id":"https:\/\/brufaganya.cat\/2020\/campaments-fa-50-anys-a-sta-perpetua-i-s-magi\/","url":"https:\/\/brufaganya.cat\/2020\/campaments-fa-50-anys-a-sta-perpetua-i-s-magi\/","name":"50 anys dels campaments a Santa Perp\u00e8tua i Sant Mag\u00ed &#187; Sant Mag\u00ed de la Brufaganya","isPartOf":{"@id":"https:\/\/brufaganya.cat\/2020\/#website"},"primaryImageOfPage":{"@id":"https:\/\/brufaganya.cat\/2020\/campaments-fa-50-anys-a-sta-perpetua-i-s-magi\/#primaryimage"},"image":{"@id":"https:\/\/brufaganya.cat\/2020\/campaments-fa-50-anys-a-sta-perpetua-i-s-magi\/#primaryimage"},"thumbnailUrl":"https:\/\/brufaganya.cat\/2020\/wp-content\/uploads\/2020\/09\/staPerpetua.jpeg","datePublished":"2020-10-13T09:24:32+00:00","dateModified":"2020-10-14T17:34:30+00:00","breadcrumb":{"@id":"https:\/\/brufaganya.cat\/2020\/campaments-fa-50-anys-a-sta-perpetua-i-s-magi\/#breadcrumb"},"inLanguage":"ca","potentialAction":[{"@type":"ReadAction","target":["https:\/\/brufaganya.cat\/2020\/campaments-fa-50-anys-a-sta-perpetua-i-s-magi\/"]}]},{"@type":"ImageObject","inLanguage":"ca","@id":"https:\/\/brufaganya.cat\/2020\/campaments-fa-50-anys-a-sta-perpetua-i-s-magi\/#primaryimage","url":"https:\/\/brufaganya.cat\/2020\/wp-content\/uploads\/2020\/09\/staPerpetua.jpeg","contentUrl":"https:\/\/brufaganya.cat\/2020\/wp-content\/uploads\/2020\/09\/staPerpetua.jpeg","width":1024,"height":768,"caption":"Sta Perp\u00e8tua de Gaia. Foto. Tribus de la Segarra"},{"@type":"BreadcrumbList","@id":"https:\/\/brufaganya.cat\/2020\/campaments-fa-50-anys-a-sta-perpetua-i-s-magi\/#breadcrumb","itemListElement":[{"@type":"ListItem","position":1,"name":"Inici","item":"https:\/\/brufaganya.cat\/2020\/"},{"@type":"ListItem","position":2,"name":"50 anys dels campaments a Santa Perp\u00e8tua i Sant Mag\u00ed"}]},{"@type":"WebSite","@id":"https:\/\/brufaganya.cat\/2020\/#website","url":"https:\/\/brufaganya.cat\/2020\/","name":"Sant Mag\u00ed de la Brufaganya","description":"Lloc web de Sant Mag\u00ed de la Brufaganya","publisher":{"@id":"https:\/\/brufaganya.cat\/2020\/#organization"},"potentialAction":[{"@type":"SearchAction","target":{"@type":"EntryPoint","urlTemplate":"https:\/\/brufaganya.cat\/2020\/?s={search_term_string}"},"query-input":{"@type":"PropertyValueSpecification","valueRequired":true,"valueName":"search_term_string"}}],"inLanguage":"ca"},{"@type":"Organization","@id":"https:\/\/brufaganya.cat\/2020\/#organization","name":"Sant Mag\u00ed de Brufaganya","url":"https:\/\/brufaganya.cat\/2020\/","logo":{"@type":"ImageObject","inLanguage":"ca","@id":"https:\/\/brufaganya.cat\/2020\/#\/schema\/logo\/image\/","url":"https:\/\/brufaganya.cat\/2020\/wp-content\/uploads\/2018\/11\/st_marti_bruga_horitz_posi_logo.jpg","contentUrl":"https:\/\/brufaganya.cat\/2020\/wp-content\/uploads\/2018\/11\/st_marti_bruga_horitz_posi_logo.jpg","width":1479,"height":804,"caption":"Sant Mag\u00ed de Brufaganya"},"image":{"@id":"https:\/\/brufaganya.cat\/2020\/#\/schema\/logo\/image\/"},"sameAs":["https:\/\/ca.wikipedia.org\/wiki\/Sant_Mag\u00ed_de_Brufaganya"]},{"@type":"Person","@id":"https:\/\/brufaganya.cat\/2020\/#\/schema\/person\/cd383ee397867b5182d1cf80b8c2e95c","name":"Rita Armejach Carreras","image":{"@type":"ImageObject","inLanguage":"ca","@id":"https:\/\/secure.gravatar.com\/avatar\/9dd6e49c4c61c4e14defcbf48211c55e6d268a4486cf9f5cef1b53148943d71d?s=96&d=mm&r=g","url":"https:\/\/secure.gravatar.com\/avatar\/9dd6e49c4c61c4e14defcbf48211c55e6d268a4486cf9f5cef1b53148943d71d?s=96&d=mm&r=g","contentUrl":"https:\/\/secure.gravatar.com\/avatar\/9dd6e49c4c61c4e14defcbf48211c55e6d268a4486cf9f5cef1b53148943d71d?s=96&d=mm&r=g","caption":"Rita Armejach Carreras"},"url":"https:\/\/brufaganya.cat\/2020\/author\/rarmejach\/"}]}},"_links":{"self":[{"href":"https:\/\/brufaganya.cat\/2020\/wp-json\/wp\/v2\/posts\/5587","targetHints":{"allow":["GET"]}}],"collection":[{"href":"https:\/\/brufaganya.cat\/2020\/wp-json\/wp\/v2\/posts"}],"about":[{"href":"https:\/\/brufaganya.cat\/2020\/wp-json\/wp\/v2\/types\/post"}],"author":[{"embeddable":true,"href":"https:\/\/brufaganya.cat\/2020\/wp-json\/wp\/v2\/users\/105"}],"replies":[{"embeddable":true,"href":"https:\/\/brufaganya.cat\/2020\/wp-json\/wp\/v2\/comments?post=5587"}],"version-history":[{"count":0,"href":"https:\/\/brufaganya.cat\/2020\/wp-json\/wp\/v2\/posts\/5587\/revisions"}],"wp:featuredmedia":[{"embeddable":true,"href":"https:\/\/brufaganya.cat\/2020\/wp-json\/wp\/v2\/media\/5588"}],"wp:attachment":[{"href":"https:\/\/brufaganya.cat\/2020\/wp-json\/wp\/v2\/media?parent=5587"}],"wp:term":[{"taxonomy":"category","embeddable":true,"href":"https:\/\/brufaganya.cat\/2020\/wp-json\/wp\/v2\/categories?post=5587"},{"taxonomy":"post_tag","embeddable":true,"href":"https:\/\/brufaganya.cat\/2020\/wp-json\/wp\/v2\/tags?post=5587"}],"curies":[{"name":"wp","href":"https:\/\/api.w.org\/{rel}","templated":true}]}}