{"id":5484,"date":"2020-08-07T09:04:53","date_gmt":"2020-08-07T07:04:53","guid":{"rendered":"https:\/\/brufaganya.cat\/2020\/?p=5484"},"modified":"2020-08-07T09:04:53","modified_gmt":"2020-08-07T07:04:53","slug":"les-families-dels-portants-de-laigua-celebraran-la-seva-trobada-anyal-a-sant-magi","status":"publish","type":"post","link":"https:\/\/brufaganya.cat\/2020\/les-families-dels-portants-de-laigua-celebraran-la-seva-trobada-anyal-a-sant-magi\/","title":{"rendered":"Les fam\u00edlies dels Portants de l&#8217;Aigua celebraran la seva trobada anyal a Sant Mag\u00ed"},"content":{"rendered":"<p>El proper <strong>diumenge dia 9 d\u2019agost, a les 12 del migdia<\/strong>, se celebrar\u00e0 a Sant Mag\u00ed la missa de les fam\u00edlies dels Portants de l\u2019Aigua de Tarragona.<\/p>\n<p>Aquest any la pand\u00e8mia COVI-19 impedir\u00e0 que els Portants puguin fer la tradicional Baixada de l\u2019Aigua des de les Fonts de Sant Mag\u00ed fins a Tarragona com es feia en els \u00faltims anys amb carruatges i cavalls. Tot i\u00a0 aix\u00ed s\u2019organitzar\u00e0 la \u201cBaixada\u201d amb un cami\u00f3 antic que passar\u00e0 pels llocs on tradicionalment fan parada.<\/p>\n<p>El canvi de format ha obligat al fet que, en lloc de la vuitantena de persones que hi participen directament en la ruta, \u00abserem unes dotze i passarem pels pobles de sempre amb un cami\u00f3 antic que portar\u00e0 un remolc\u00bb. No obstant aix\u00f2, com en anteriors edicions \u00aben cada parada sonar\u00e0 la m\u00fasica de les gralles que ens acompanyaran\u00bb. La ruta enlla\u00e7a les comarques de la Conca de Barber\u00e0, l\u2019Alt Camp i el Tarragon\u00e8s, i espais com l\u2019Albereda de Santes Creus o el municipi de Br\u00e0fim.<\/p>\n<p>M\u00e9s informaci\u00f3 en la cr\u00f2nica que podeu <a href=\"https:\/\/www.diarimes.com\/noticies\/tarragona\/2020\/08\/05\/els_portants_aigua_marcaran_ruta_amb_una_escultura_sant_magi_86874_1091.html\" target=\"_blank\" rel=\"noopener noreferrer\" data-saferedirecturl=\"https:\/\/www.google.com\/url?q=https:\/\/www.diarimes.com\/noticies\/tarragona\/2020\/08\/05\/els_portants_aigua_marcaran_ruta_amb_una_escultura_sant_magi_86874_1091.html&amp;source=gmail&amp;ust=1596869554402000&amp;usg=AFQjCNFhFEDEPuSqoo8OWbBEuYXzlS0dhQ\">llegir aqu\u00ed.<\/a><\/p>\n","protected":false},"excerpt":{"rendered":"<p>El proper diumenge dia 9 d\u2019agost, a les 12 del migdia, se celebrar\u00e0 a Sant Mag\u00ed la missa de les fam\u00edlies dels Portants de l\u2019Aigua de Tarragona. Aquest any la [&hellip;]<\/p>\n","protected":false},"author":105,"featured_media":5246,"comment_status":"open","ping_status":"closed","sticky":false,"template":"","format":"standard","meta":{"inline_featured_image":false,"footnotes":""},"categories":[1,768],"tags":[],"class_list":["post-5484","post","type-post","status-publish","format-standard","has-post-thumbnail","hentry","category-noticies","category-tradicions-religioses"],"yoast_head":"<!-- This site is optimized with the Yoast SEO plugin v27.5 - https:\/\/yoast.com\/product\/yoast-seo-wordpress\/ -->\n<title>Les fam\u00edlies dels Portants de l&#039;Aigua celebraran la seva trobada anyal a Sant Mag\u00ed &#187; Sant Mag\u00ed de la Brufaganya<\/title>\n<meta name=\"robots\" content=\"index, follow, max-snippet:-1, max-image-preview:large, max-video-preview:-1\" \/>\n<link rel=\"canonical\" href=\"https:\/\/brufaganya.cat\/2020\/les-families-dels-portants-de-laigua-celebraran-la-seva-trobada-anyal-a-sant-magi\/\" \/>\n<meta property=\"og:locale\" content=\"ca_ES\" \/>\n<meta property=\"og:type\" content=\"article\" \/>\n<meta property=\"og:title\" content=\"Les fam\u00edlies dels Portants de l&#039;Aigua celebraran la seva trobada anyal a Sant Mag\u00ed &#187; Sant Mag\u00ed de la Brufaganya\" \/>\n<meta property=\"og:description\" content=\"El proper diumenge dia 9 d\u2019agost, a les 12 del migdia, se celebrar\u00e0 a Sant Mag\u00ed la missa de les fam\u00edlies dels Portants de l\u2019Aigua de Tarragona. Aquest any la [&hellip;]\" \/>\n<meta property=\"og:url\" content=\"https:\/\/brufaganya.cat\/2020\/les-families-dels-portants-de-laigua-celebraran-la-seva-trobada-anyal-a-sant-magi\/\" \/>\n<meta property=\"og:site_name\" content=\"Sant Mag\u00ed de la Brufaganya\" \/>\n<meta property=\"article:published_time\" content=\"2020-08-07T07:04:53+00:00\" \/>\n<meta property=\"og:image\" content=\"https:\/\/brufaganya.cat\/2020\/wp-content\/uploads\/2020\/05\/portantsTtarragona.jpg\" \/>\n\t<meta property=\"og:image:width\" content=\"760\" \/>\n\t<meta property=\"og:image:height\" content=\"428\" \/>\n\t<meta property=\"og:image:type\" content=\"image\/jpeg\" \/>\n<meta name=\"author\" content=\"Rita Armejach Carreras\" \/>\n<meta name=\"twitter:card\" content=\"summary_large_image\" \/>\n<meta name=\"twitter:label1\" content=\"Escrit per\" \/>\n\t<meta name=\"twitter:data1\" content=\"Rita Armejach Carreras\" \/>\n\t<meta name=\"twitter:label2\" content=\"Temps estimat de lectura\" \/>\n\t<meta name=\"twitter:data2\" content=\"1 minut\" \/>\n<script type=\"application\/ld+json\" class=\"yoast-schema-graph\">{\"@context\":\"https:\\\/\\\/schema.org\",\"@graph\":[{\"@type\":\"Article\",\"@id\":\"https:\\\/\\\/brufaganya.cat\\\/2020\\\/les-families-dels-portants-de-laigua-celebraran-la-seva-trobada-anyal-a-sant-magi\\\/#article\",\"isPartOf\":{\"@id\":\"https:\\\/\\\/brufaganya.cat\\\/2020\\\/les-families-dels-portants-de-laigua-celebraran-la-seva-trobada-anyal-a-sant-magi\\\/\"},\"author\":{\"name\":\"Rita Armejach Carreras\",\"@id\":\"https:\\\/\\\/brufaganya.cat\\\/2020\\\/#\\\/schema\\\/person\\\/cd383ee397867b5182d1cf80b8c2e95c\"},\"headline\":\"Les fam\u00edlies dels Portants de l&#8217;Aigua celebraran la seva trobada anyal a Sant Mag\u00ed\",\"datePublished\":\"2020-08-07T07:04:53+00:00\",\"mainEntityOfPage\":{\"@id\":\"https:\\\/\\\/brufaganya.cat\\\/2020\\\/les-families-dels-portants-de-laigua-celebraran-la-seva-trobada-anyal-a-sant-magi\\\/\"},\"wordCount\":204,\"commentCount\":0,\"publisher\":{\"@id\":\"https:\\\/\\\/brufaganya.cat\\\/2020\\\/#organization\"},\"image\":{\"@id\":\"https:\\\/\\\/brufaganya.cat\\\/2020\\\/les-families-dels-portants-de-laigua-celebraran-la-seva-trobada-anyal-a-sant-magi\\\/#primaryimage\"},\"thumbnailUrl\":\"https:\\\/\\\/brufaganya.cat\\\/2020\\\/wp-content\\\/uploads\\\/2020\\\/05\\\/portantsTtarragona.jpg\",\"articleSection\":[\"Not\u00edcies\",\"Tradicions religioses\"],\"inLanguage\":\"ca\",\"potentialAction\":[{\"@type\":\"CommentAction\",\"name\":\"Comment\",\"target\":[\"https:\\\/\\\/brufaganya.cat\\\/2020\\\/les-families-dels-portants-de-laigua-celebraran-la-seva-trobada-anyal-a-sant-magi\\\/#respond\"]}]},{\"@type\":\"WebPage\",\"@id\":\"https:\\\/\\\/brufaganya.cat\\\/2020\\\/les-families-dels-portants-de-laigua-celebraran-la-seva-trobada-anyal-a-sant-magi\\\/\",\"url\":\"https:\\\/\\\/brufaganya.cat\\\/2020\\\/les-families-dels-portants-de-laigua-celebraran-la-seva-trobada-anyal-a-sant-magi\\\/\",\"name\":\"Les fam\u00edlies dels Portants de l'Aigua celebraran la seva trobada anyal a Sant Mag\u00ed &#187; Sant Mag\u00ed de la Brufaganya\",\"isPartOf\":{\"@id\":\"https:\\\/\\\/brufaganya.cat\\\/2020\\\/#website\"},\"primaryImageOfPage\":{\"@id\":\"https:\\\/\\\/brufaganya.cat\\\/2020\\\/les-families-dels-portants-de-laigua-celebraran-la-seva-trobada-anyal-a-sant-magi\\\/#primaryimage\"},\"image\":{\"@id\":\"https:\\\/\\\/brufaganya.cat\\\/2020\\\/les-families-dels-portants-de-laigua-celebraran-la-seva-trobada-anyal-a-sant-magi\\\/#primaryimage\"},\"thumbnailUrl\":\"https:\\\/\\\/brufaganya.cat\\\/2020\\\/wp-content\\\/uploads\\\/2020\\\/05\\\/portantsTtarragona.jpg\",\"datePublished\":\"2020-08-07T07:04:53+00:00\",\"breadcrumb\":{\"@id\":\"https:\\\/\\\/brufaganya.cat\\\/2020\\\/les-families-dels-portants-de-laigua-celebraran-la-seva-trobada-anyal-a-sant-magi\\\/#breadcrumb\"},\"inLanguage\":\"ca\",\"potentialAction\":[{\"@type\":\"ReadAction\",\"target\":[\"https:\\\/\\\/brufaganya.cat\\\/2020\\\/les-families-dels-portants-de-laigua-celebraran-la-seva-trobada-anyal-a-sant-magi\\\/\"]}]},{\"@type\":\"ImageObject\",\"inLanguage\":\"ca\",\"@id\":\"https:\\\/\\\/brufaganya.cat\\\/2020\\\/les-families-dels-portants-de-laigua-celebraran-la-seva-trobada-anyal-a-sant-magi\\\/#primaryimage\",\"url\":\"https:\\\/\\\/brufaganya.cat\\\/2020\\\/wp-content\\\/uploads\\\/2020\\\/05\\\/portantsTtarragona.jpg\",\"contentUrl\":\"https:\\\/\\\/brufaganya.cat\\\/2020\\\/wp-content\\\/uploads\\\/2020\\\/05\\\/portantsTtarragona.jpg\",\"width\":760,\"height\":428},{\"@type\":\"BreadcrumbList\",\"@id\":\"https:\\\/\\\/brufaganya.cat\\\/2020\\\/les-families-dels-portants-de-laigua-celebraran-la-seva-trobada-anyal-a-sant-magi\\\/#breadcrumb\",\"itemListElement\":[{\"@type\":\"ListItem\",\"position\":1,\"name\":\"Inici\",\"item\":\"https:\\\/\\\/brufaganya.cat\\\/2020\\\/\"},{\"@type\":\"ListItem\",\"position\":2,\"name\":\"Les fam\u00edlies dels Portants de l&#8217;Aigua celebraran la seva trobada anyal a Sant Mag\u00ed\"}]},{\"@type\":\"WebSite\",\"@id\":\"https:\\\/\\\/brufaganya.cat\\\/2020\\\/#website\",\"url\":\"https:\\\/\\\/brufaganya.cat\\\/2020\\\/\",\"name\":\"Sant Mag\u00ed de la Brufaganya\",\"description\":\"Lloc web de Sant Mag\u00ed de la Brufaganya\",\"publisher\":{\"@id\":\"https:\\\/\\\/brufaganya.cat\\\/2020\\\/#organization\"},\"potentialAction\":[{\"@type\":\"SearchAction\",\"target\":{\"@type\":\"EntryPoint\",\"urlTemplate\":\"https:\\\/\\\/brufaganya.cat\\\/2020\\\/?s={search_term_string}\"},\"query-input\":{\"@type\":\"PropertyValueSpecification\",\"valueRequired\":true,\"valueName\":\"search_term_string\"}}],\"inLanguage\":\"ca\"},{\"@type\":\"Organization\",\"@id\":\"https:\\\/\\\/brufaganya.cat\\\/2020\\\/#organization\",\"name\":\"Sant Mag\u00ed de Brufaganya\",\"url\":\"https:\\\/\\\/brufaganya.cat\\\/2020\\\/\",\"logo\":{\"@type\":\"ImageObject\",\"inLanguage\":\"ca\",\"@id\":\"https:\\\/\\\/brufaganya.cat\\\/2020\\\/#\\\/schema\\\/logo\\\/image\\\/\",\"url\":\"https:\\\/\\\/brufaganya.cat\\\/2020\\\/wp-content\\\/uploads\\\/2018\\\/11\\\/st_marti_bruga_horitz_posi_logo.jpg\",\"contentUrl\":\"https:\\\/\\\/brufaganya.cat\\\/2020\\\/wp-content\\\/uploads\\\/2018\\\/11\\\/st_marti_bruga_horitz_posi_logo.jpg\",\"width\":1479,\"height\":804,\"caption\":\"Sant Mag\u00ed de Brufaganya\"},\"image\":{\"@id\":\"https:\\\/\\\/brufaganya.cat\\\/2020\\\/#\\\/schema\\\/logo\\\/image\\\/\"},\"sameAs\":[\"https:\\\/\\\/ca.wikipedia.org\\\/wiki\\\/Sant_Mag\u00ed_de_Brufaganya\"]},{\"@type\":\"Person\",\"@id\":\"https:\\\/\\\/brufaganya.cat\\\/2020\\\/#\\\/schema\\\/person\\\/cd383ee397867b5182d1cf80b8c2e95c\",\"name\":\"Rita Armejach Carreras\",\"image\":{\"@type\":\"ImageObject\",\"inLanguage\":\"ca\",\"@id\":\"https:\\\/\\\/secure.gravatar.com\\\/avatar\\\/9dd6e49c4c61c4e14defcbf48211c55e6d268a4486cf9f5cef1b53148943d71d?s=96&d=mm&r=g\",\"url\":\"https:\\\/\\\/secure.gravatar.com\\\/avatar\\\/9dd6e49c4c61c4e14defcbf48211c55e6d268a4486cf9f5cef1b53148943d71d?s=96&d=mm&r=g\",\"contentUrl\":\"https:\\\/\\\/secure.gravatar.com\\\/avatar\\\/9dd6e49c4c61c4e14defcbf48211c55e6d268a4486cf9f5cef1b53148943d71d?s=96&d=mm&r=g\",\"caption\":\"Rita Armejach Carreras\"},\"url\":\"https:\\\/\\\/brufaganya.cat\\\/2020\\\/author\\\/rarmejach\\\/\"}]}<\/script>\n<!-- \/ Yoast SEO plugin. -->","yoast_head_json":{"title":"Les fam\u00edlies dels Portants de l'Aigua celebraran la seva trobada anyal a Sant Mag\u00ed &#187; Sant Mag\u00ed de la Brufaganya","robots":{"index":"index","follow":"follow","max-snippet":"max-snippet:-1","max-image-preview":"max-image-preview:large","max-video-preview":"max-video-preview:-1"},"canonical":"https:\/\/brufaganya.cat\/2020\/les-families-dels-portants-de-laigua-celebraran-la-seva-trobada-anyal-a-sant-magi\/","og_locale":"ca_ES","og_type":"article","og_title":"Les fam\u00edlies dels Portants de l'Aigua celebraran la seva trobada anyal a Sant Mag\u00ed &#187; Sant Mag\u00ed de la Brufaganya","og_description":"El proper diumenge dia 9 d\u2019agost, a les 12 del migdia, se celebrar\u00e0 a Sant Mag\u00ed la missa de les fam\u00edlies dels Portants de l\u2019Aigua de Tarragona. Aquest any la [&hellip;]","og_url":"https:\/\/brufaganya.cat\/2020\/les-families-dels-portants-de-laigua-celebraran-la-seva-trobada-anyal-a-sant-magi\/","og_site_name":"Sant Mag\u00ed de la Brufaganya","article_published_time":"2020-08-07T07:04:53+00:00","og_image":[{"width":760,"height":428,"url":"https:\/\/brufaganya.cat\/2020\/wp-content\/uploads\/2020\/05\/portantsTtarragona.jpg","type":"image\/jpeg"}],"author":"Rita Armejach Carreras","twitter_card":"summary_large_image","twitter_misc":{"Escrit per":"Rita Armejach Carreras","Temps estimat de lectura":"1 minut"},"schema":{"@context":"https:\/\/schema.org","@graph":[{"@type":"Article","@id":"https:\/\/brufaganya.cat\/2020\/les-families-dels-portants-de-laigua-celebraran-la-seva-trobada-anyal-a-sant-magi\/#article","isPartOf":{"@id":"https:\/\/brufaganya.cat\/2020\/les-families-dels-portants-de-laigua-celebraran-la-seva-trobada-anyal-a-sant-magi\/"},"author":{"name":"Rita Armejach Carreras","@id":"https:\/\/brufaganya.cat\/2020\/#\/schema\/person\/cd383ee397867b5182d1cf80b8c2e95c"},"headline":"Les fam\u00edlies dels Portants de l&#8217;Aigua celebraran la seva trobada anyal a Sant Mag\u00ed","datePublished":"2020-08-07T07:04:53+00:00","mainEntityOfPage":{"@id":"https:\/\/brufaganya.cat\/2020\/les-families-dels-portants-de-laigua-celebraran-la-seva-trobada-anyal-a-sant-magi\/"},"wordCount":204,"commentCount":0,"publisher":{"@id":"https:\/\/brufaganya.cat\/2020\/#organization"},"image":{"@id":"https:\/\/brufaganya.cat\/2020\/les-families-dels-portants-de-laigua-celebraran-la-seva-trobada-anyal-a-sant-magi\/#primaryimage"},"thumbnailUrl":"https:\/\/brufaganya.cat\/2020\/wp-content\/uploads\/2020\/05\/portantsTtarragona.jpg","articleSection":["Not\u00edcies","Tradicions religioses"],"inLanguage":"ca","potentialAction":[{"@type":"CommentAction","name":"Comment","target":["https:\/\/brufaganya.cat\/2020\/les-families-dels-portants-de-laigua-celebraran-la-seva-trobada-anyal-a-sant-magi\/#respond"]}]},{"@type":"WebPage","@id":"https:\/\/brufaganya.cat\/2020\/les-families-dels-portants-de-laigua-celebraran-la-seva-trobada-anyal-a-sant-magi\/","url":"https:\/\/brufaganya.cat\/2020\/les-families-dels-portants-de-laigua-celebraran-la-seva-trobada-anyal-a-sant-magi\/","name":"Les fam\u00edlies dels Portants de l'Aigua celebraran la seva trobada anyal a Sant Mag\u00ed &#187; Sant Mag\u00ed de la Brufaganya","isPartOf":{"@id":"https:\/\/brufaganya.cat\/2020\/#website"},"primaryImageOfPage":{"@id":"https:\/\/brufaganya.cat\/2020\/les-families-dels-portants-de-laigua-celebraran-la-seva-trobada-anyal-a-sant-magi\/#primaryimage"},"image":{"@id":"https:\/\/brufaganya.cat\/2020\/les-families-dels-portants-de-laigua-celebraran-la-seva-trobada-anyal-a-sant-magi\/#primaryimage"},"thumbnailUrl":"https:\/\/brufaganya.cat\/2020\/wp-content\/uploads\/2020\/05\/portantsTtarragona.jpg","datePublished":"2020-08-07T07:04:53+00:00","breadcrumb":{"@id":"https:\/\/brufaganya.cat\/2020\/les-families-dels-portants-de-laigua-celebraran-la-seva-trobada-anyal-a-sant-magi\/#breadcrumb"},"inLanguage":"ca","potentialAction":[{"@type":"ReadAction","target":["https:\/\/brufaganya.cat\/2020\/les-families-dels-portants-de-laigua-celebraran-la-seva-trobada-anyal-a-sant-magi\/"]}]},{"@type":"ImageObject","inLanguage":"ca","@id":"https:\/\/brufaganya.cat\/2020\/les-families-dels-portants-de-laigua-celebraran-la-seva-trobada-anyal-a-sant-magi\/#primaryimage","url":"https:\/\/brufaganya.cat\/2020\/wp-content\/uploads\/2020\/05\/portantsTtarragona.jpg","contentUrl":"https:\/\/brufaganya.cat\/2020\/wp-content\/uploads\/2020\/05\/portantsTtarragona.jpg","width":760,"height":428},{"@type":"BreadcrumbList","@id":"https:\/\/brufaganya.cat\/2020\/les-families-dels-portants-de-laigua-celebraran-la-seva-trobada-anyal-a-sant-magi\/#breadcrumb","itemListElement":[{"@type":"ListItem","position":1,"name":"Inici","item":"https:\/\/brufaganya.cat\/2020\/"},{"@type":"ListItem","position":2,"name":"Les fam\u00edlies dels Portants de l&#8217;Aigua celebraran la seva trobada anyal a Sant Mag\u00ed"}]},{"@type":"WebSite","@id":"https:\/\/brufaganya.cat\/2020\/#website","url":"https:\/\/brufaganya.cat\/2020\/","name":"Sant Mag\u00ed de la Brufaganya","description":"Lloc web de Sant Mag\u00ed de la Brufaganya","publisher":{"@id":"https:\/\/brufaganya.cat\/2020\/#organization"},"potentialAction":[{"@type":"SearchAction","target":{"@type":"EntryPoint","urlTemplate":"https:\/\/brufaganya.cat\/2020\/?s={search_term_string}"},"query-input":{"@type":"PropertyValueSpecification","valueRequired":true,"valueName":"search_term_string"}}],"inLanguage":"ca"},{"@type":"Organization","@id":"https:\/\/brufaganya.cat\/2020\/#organization","name":"Sant Mag\u00ed de Brufaganya","url":"https:\/\/brufaganya.cat\/2020\/","logo":{"@type":"ImageObject","inLanguage":"ca","@id":"https:\/\/brufaganya.cat\/2020\/#\/schema\/logo\/image\/","url":"https:\/\/brufaganya.cat\/2020\/wp-content\/uploads\/2018\/11\/st_marti_bruga_horitz_posi_logo.jpg","contentUrl":"https:\/\/brufaganya.cat\/2020\/wp-content\/uploads\/2018\/11\/st_marti_bruga_horitz_posi_logo.jpg","width":1479,"height":804,"caption":"Sant Mag\u00ed de Brufaganya"},"image":{"@id":"https:\/\/brufaganya.cat\/2020\/#\/schema\/logo\/image\/"},"sameAs":["https:\/\/ca.wikipedia.org\/wiki\/Sant_Mag\u00ed_de_Brufaganya"]},{"@type":"Person","@id":"https:\/\/brufaganya.cat\/2020\/#\/schema\/person\/cd383ee397867b5182d1cf80b8c2e95c","name":"Rita Armejach Carreras","image":{"@type":"ImageObject","inLanguage":"ca","@id":"https:\/\/secure.gravatar.com\/avatar\/9dd6e49c4c61c4e14defcbf48211c55e6d268a4486cf9f5cef1b53148943d71d?s=96&d=mm&r=g","url":"https:\/\/secure.gravatar.com\/avatar\/9dd6e49c4c61c4e14defcbf48211c55e6d268a4486cf9f5cef1b53148943d71d?s=96&d=mm&r=g","contentUrl":"https:\/\/secure.gravatar.com\/avatar\/9dd6e49c4c61c4e14defcbf48211c55e6d268a4486cf9f5cef1b53148943d71d?s=96&d=mm&r=g","caption":"Rita Armejach Carreras"},"url":"https:\/\/brufaganya.cat\/2020\/author\/rarmejach\/"}]}},"_links":{"self":[{"href":"https:\/\/brufaganya.cat\/2020\/wp-json\/wp\/v2\/posts\/5484","targetHints":{"allow":["GET"]}}],"collection":[{"href":"https:\/\/brufaganya.cat\/2020\/wp-json\/wp\/v2\/posts"}],"about":[{"href":"https:\/\/brufaganya.cat\/2020\/wp-json\/wp\/v2\/types\/post"}],"author":[{"embeddable":true,"href":"https:\/\/brufaganya.cat\/2020\/wp-json\/wp\/v2\/users\/105"}],"replies":[{"embeddable":true,"href":"https:\/\/brufaganya.cat\/2020\/wp-json\/wp\/v2\/comments?post=5484"}],"version-history":[{"count":0,"href":"https:\/\/brufaganya.cat\/2020\/wp-json\/wp\/v2\/posts\/5484\/revisions"}],"wp:featuredmedia":[{"embeddable":true,"href":"https:\/\/brufaganya.cat\/2020\/wp-json\/wp\/v2\/media\/5246"}],"wp:attachment":[{"href":"https:\/\/brufaganya.cat\/2020\/wp-json\/wp\/v2\/media?parent=5484"}],"wp:term":[{"taxonomy":"category","embeddable":true,"href":"https:\/\/brufaganya.cat\/2020\/wp-json\/wp\/v2\/categories?post=5484"},{"taxonomy":"post_tag","embeddable":true,"href":"https:\/\/brufaganya.cat\/2020\/wp-json\/wp\/v2\/tags?post=5484"}],"curies":[{"name":"wp","href":"https:\/\/api.w.org\/{rel}","templated":true}]}}