{"id":5462,"date":"2020-07-24T12:47:03","date_gmt":"2020-07-24T10:47:03","guid":{"rendered":"https:\/\/brufaganya.cat\/2020\/?p=5462"},"modified":"2023-09-06T18:30:34","modified_gmt":"2023-09-06T16:30:34","slug":"repic-de-campana-a-sant-magi","status":"publish","type":"post","link":"https:\/\/brufaganya.cat\/2020\/repic-de-campana-a-sant-magi\/","title":{"rendered":"Repic de campana a Sant Mag\u00ed"},"content":{"rendered":"<p>El diumenge dia 19 de juliol, coincidint en la represa de misses a Sant Mag\u00ed, vam poder gaudir d&#8217;un repic de campana excepcional. Acostumats als tocs de campana que els voluntaris fan per anunciar la missa o als tocs d&#8217;av\u00eds que en les &#8220;Nits de la Brufaganya&#8221; ens avisen de l&#8217;inici dels concerts; diumenge escolt\u00e0vem intrigats i contents aquells sons melodiosos, impactants i contundents que llan\u00e7ava la campana de Sant Mag\u00ed de la Brufaganya. La Francesca Magina, aquest \u00e9s el nom de la campana, voltejada per mans expertes ens oferia el seu so n\u00edtid i clar. Tots escolt\u00e0vem impressionats i alhora una mica ensordits com aquella campana a la que estem acostumats s&#8217;havia despertat. Sons nous, clars i brillants. Tot gr\u00e0cies al sr. Mart\u00ednez Casanelles, campaner . Va venir a documentar la campana de Sant Mag\u00ed per incloure-la en un <strong>estudi de les campanes de la Conca de Barber\u00e0<\/strong> que es far\u00e0 sota el patrocini del Consell Comarcal.<\/p>\n<p>Per escoltar el repics de Campana . <a href=\"https:\/\/drive.google.com\/file\/d\/1qJz1uFMIik_gxlVeKgWa6klGLjn9otjG\/view?usp=sharing\">Premeu AQU\u00cd<\/a><\/p>\n<p>La <strong>Francesca Magina<\/strong>\u00a0 \u00e9s una campana fosa en bronze de 56 cm. de di\u00e0metre i 120 kg. de pes. A l&#8217;anvers hi ha l&#8217;escut de Sant Mag\u00ed i la llegenda <strong>SANT MAG\u00cd MOLT GLORI\u00d2S PREGUEU PER NOSALTRES. 8 DE JUNY DE 2008.<\/strong><\/p>\n<p>Col\u00b7locada per l&#8217;empresa al cloquer campanar de la dreta del santuari amb presencia de T\u00f2fol, Mag\u00ed i Maite &#8211; amics de Sant Mag\u00ed &#8211; i moss\u00e8n Gallart.<\/p>\n<figure id=\"attachment_5464\" aria-describedby=\"caption-attachment-5464\" style=\"width: 240px\" class=\"wp-caption alignleft\"><img loading=\"lazy\" decoding=\"async\" class=\"wp-image-5464 size-medium\" src=\"https:\/\/brufaganya.cat\/2020\/wp-content\/uploads\/2020\/07\/SMsenseCampana-240x300.jpg\" alt=\"\" width=\"240\" height=\"300\" srcset=\"https:\/\/brufaganya.cat\/2020\/wp-content\/uploads\/2020\/07\/SMsenseCampana-240x300.jpg 240w, https:\/\/brufaganya.cat\/2020\/wp-content\/uploads\/2020\/07\/SMsenseCampana.jpg 357w\" sizes=\"auto, (max-width: 240px) 100vw, 240px\" \/><figcaption id=\"caption-attachment-5464\" class=\"wp-caption-text\">Sant Mag\u00ed sense campana<\/figcaption><\/figure>\n<p><strong>Fou bene\u00efda el dia 8 de juny<\/strong>, data de l&#8217;aplec de les Roses per l&#8217;Excm. Rvdm. Jaume Pujol arquebisbe metropolit\u00e0 de Tarragona assistit per moss\u00e8n Gallart consiliari de la capella.<\/p>\n<p>El 2008 va ser una gran festa recuperar el so de la campanya de Sant Mag\u00ed , robada per alg\u00fa i posada amb la col\u00b7laboraci\u00f3 de tots.<\/p>\n<p>Diumenge passat, en sentir-la repicar tothom ho recordava.<\/p>\n<p>&nbsp;<\/p>\n","protected":false},"excerpt":{"rendered":"<p>El diumenge dia 19 de juliol, coincidint en la represa de misses a Sant Mag\u00ed, vam poder gaudir d&#8217;un repic de campana excepcional. Acostumats als tocs de campana que els [&hellip;]<\/p>\n","protected":false},"author":105,"featured_media":6498,"comment_status":"open","ping_status":"closed","sticky":false,"template":"","format":"standard","meta":{"inline_featured_image":false,"footnotes":""},"categories":[1,768],"tags":[],"class_list":["post-5462","post","type-post","status-publish","format-standard","has-post-thumbnail","hentry","category-noticies","category-tradicions-religioses"],"yoast_head":"<!-- This site is optimized with the Yoast SEO plugin v27.5 - https:\/\/yoast.com\/product\/yoast-seo-wordpress\/ -->\n<title>Repic de campana a Sant Mag\u00ed &#187; Sant Mag\u00ed de la Brufaganya<\/title>\n<meta name=\"robots\" content=\"index, follow, max-snippet:-1, max-image-preview:large, max-video-preview:-1\" \/>\n<link rel=\"canonical\" href=\"https:\/\/brufaganya.cat\/2020\/repic-de-campana-a-sant-magi\/\" \/>\n<meta property=\"og:locale\" content=\"ca_ES\" \/>\n<meta property=\"og:type\" content=\"article\" \/>\n<meta property=\"og:title\" content=\"Repic de campana a Sant Mag\u00ed &#187; Sant Mag\u00ed de la Brufaganya\" \/>\n<meta property=\"og:description\" content=\"El diumenge dia 19 de juliol, coincidint en la represa de misses a Sant Mag\u00ed, vam poder gaudir d&#8217;un repic de campana excepcional. Acostumats als tocs de campana que els [&hellip;]\" \/>\n<meta property=\"og:url\" content=\"https:\/\/brufaganya.cat\/2020\/repic-de-campana-a-sant-magi\/\" \/>\n<meta property=\"og:site_name\" content=\"Sant Mag\u00ed de la Brufaganya\" \/>\n<meta property=\"article:published_time\" content=\"2020-07-24T10:47:03+00:00\" \/>\n<meta property=\"article:modified_time\" content=\"2023-09-06T16:30:34+00:00\" \/>\n<meta property=\"og:image\" content=\"https:\/\/brufaganya.cat\/2020\/wp-content\/uploads\/2021\/11\/Santuari_de_Sant_Magi_de_Brufaganya_Pontils_-_5.jpg\" \/>\n\t<meta property=\"og:image:width\" content=\"450\" \/>\n\t<meta property=\"og:image:height\" content=\"295\" \/>\n\t<meta property=\"og:image:type\" content=\"image\/jpeg\" \/>\n<meta name=\"author\" content=\"Rita Armejach Carreras\" \/>\n<meta name=\"twitter:card\" content=\"summary_large_image\" \/>\n<meta name=\"twitter:label1\" content=\"Escrit per\" \/>\n\t<meta name=\"twitter:data1\" content=\"Rita Armejach Carreras\" \/>\n\t<meta name=\"twitter:label2\" content=\"Temps estimat de lectura\" \/>\n\t<meta name=\"twitter:data2\" content=\"2 minuts\" \/>\n<script type=\"application\/ld+json\" class=\"yoast-schema-graph\">{\"@context\":\"https:\\\/\\\/schema.org\",\"@graph\":[{\"@type\":\"Article\",\"@id\":\"https:\\\/\\\/brufaganya.cat\\\/2020\\\/repic-de-campana-a-sant-magi\\\/#article\",\"isPartOf\":{\"@id\":\"https:\\\/\\\/brufaganya.cat\\\/2020\\\/repic-de-campana-a-sant-magi\\\/\"},\"author\":{\"name\":\"Rita Armejach Carreras\",\"@id\":\"https:\\\/\\\/brufaganya.cat\\\/2020\\\/#\\\/schema\\\/person\\\/cd383ee397867b5182d1cf80b8c2e95c\"},\"headline\":\"Repic de campana a Sant Mag\u00ed\",\"datePublished\":\"2020-07-24T10:47:03+00:00\",\"dateModified\":\"2023-09-06T16:30:34+00:00\",\"mainEntityOfPage\":{\"@id\":\"https:\\\/\\\/brufaganya.cat\\\/2020\\\/repic-de-campana-a-sant-magi\\\/\"},\"wordCount\":324,\"commentCount\":0,\"publisher\":{\"@id\":\"https:\\\/\\\/brufaganya.cat\\\/2020\\\/#organization\"},\"image\":{\"@id\":\"https:\\\/\\\/brufaganya.cat\\\/2020\\\/repic-de-campana-a-sant-magi\\\/#primaryimage\"},\"thumbnailUrl\":\"https:\\\/\\\/brufaganya.cat\\\/2020\\\/wp-content\\\/uploads\\\/2021\\\/11\\\/Santuari_de_Sant_Magi_de_Brufaganya_Pontils_-_5.jpg\",\"articleSection\":[\"Not\u00edcies\",\"Tradicions religioses\"],\"inLanguage\":\"ca\",\"potentialAction\":[{\"@type\":\"CommentAction\",\"name\":\"Comment\",\"target\":[\"https:\\\/\\\/brufaganya.cat\\\/2020\\\/repic-de-campana-a-sant-magi\\\/#respond\"]}]},{\"@type\":\"WebPage\",\"@id\":\"https:\\\/\\\/brufaganya.cat\\\/2020\\\/repic-de-campana-a-sant-magi\\\/\",\"url\":\"https:\\\/\\\/brufaganya.cat\\\/2020\\\/repic-de-campana-a-sant-magi\\\/\",\"name\":\"Repic de campana a Sant Mag\u00ed &#187; Sant Mag\u00ed de la Brufaganya\",\"isPartOf\":{\"@id\":\"https:\\\/\\\/brufaganya.cat\\\/2020\\\/#website\"},\"primaryImageOfPage\":{\"@id\":\"https:\\\/\\\/brufaganya.cat\\\/2020\\\/repic-de-campana-a-sant-magi\\\/#primaryimage\"},\"image\":{\"@id\":\"https:\\\/\\\/brufaganya.cat\\\/2020\\\/repic-de-campana-a-sant-magi\\\/#primaryimage\"},\"thumbnailUrl\":\"https:\\\/\\\/brufaganya.cat\\\/2020\\\/wp-content\\\/uploads\\\/2021\\\/11\\\/Santuari_de_Sant_Magi_de_Brufaganya_Pontils_-_5.jpg\",\"datePublished\":\"2020-07-24T10:47:03+00:00\",\"dateModified\":\"2023-09-06T16:30:34+00:00\",\"breadcrumb\":{\"@id\":\"https:\\\/\\\/brufaganya.cat\\\/2020\\\/repic-de-campana-a-sant-magi\\\/#breadcrumb\"},\"inLanguage\":\"ca\",\"potentialAction\":[{\"@type\":\"ReadAction\",\"target\":[\"https:\\\/\\\/brufaganya.cat\\\/2020\\\/repic-de-campana-a-sant-magi\\\/\"]}]},{\"@type\":\"ImageObject\",\"inLanguage\":\"ca\",\"@id\":\"https:\\\/\\\/brufaganya.cat\\\/2020\\\/repic-de-campana-a-sant-magi\\\/#primaryimage\",\"url\":\"https:\\\/\\\/brufaganya.cat\\\/2020\\\/wp-content\\\/uploads\\\/2021\\\/11\\\/Santuari_de_Sant_Magi_de_Brufaganya_Pontils_-_5.jpg\",\"contentUrl\":\"https:\\\/\\\/brufaganya.cat\\\/2020\\\/wp-content\\\/uploads\\\/2021\\\/11\\\/Santuari_de_Sant_Magi_de_Brufaganya_Pontils_-_5.jpg\",\"width\":450,\"height\":295,\"caption\":\"PATRIMONI Santuari\"},{\"@type\":\"BreadcrumbList\",\"@id\":\"https:\\\/\\\/brufaganya.cat\\\/2020\\\/repic-de-campana-a-sant-magi\\\/#breadcrumb\",\"itemListElement\":[{\"@type\":\"ListItem\",\"position\":1,\"name\":\"Inici\",\"item\":\"https:\\\/\\\/brufaganya.cat\\\/2020\\\/\"},{\"@type\":\"ListItem\",\"position\":2,\"name\":\"Repic de campana a Sant Mag\u00ed\"}]},{\"@type\":\"WebSite\",\"@id\":\"https:\\\/\\\/brufaganya.cat\\\/2020\\\/#website\",\"url\":\"https:\\\/\\\/brufaganya.cat\\\/2020\\\/\",\"name\":\"Sant Mag\u00ed de la Brufaganya\",\"description\":\"Lloc web de Sant Mag\u00ed de la Brufaganya\",\"publisher\":{\"@id\":\"https:\\\/\\\/brufaganya.cat\\\/2020\\\/#organization\"},\"potentialAction\":[{\"@type\":\"SearchAction\",\"target\":{\"@type\":\"EntryPoint\",\"urlTemplate\":\"https:\\\/\\\/brufaganya.cat\\\/2020\\\/?s={search_term_string}\"},\"query-input\":{\"@type\":\"PropertyValueSpecification\",\"valueRequired\":true,\"valueName\":\"search_term_string\"}}],\"inLanguage\":\"ca\"},{\"@type\":\"Organization\",\"@id\":\"https:\\\/\\\/brufaganya.cat\\\/2020\\\/#organization\",\"name\":\"Sant Mag\u00ed de Brufaganya\",\"url\":\"https:\\\/\\\/brufaganya.cat\\\/2020\\\/\",\"logo\":{\"@type\":\"ImageObject\",\"inLanguage\":\"ca\",\"@id\":\"https:\\\/\\\/brufaganya.cat\\\/2020\\\/#\\\/schema\\\/logo\\\/image\\\/\",\"url\":\"https:\\\/\\\/brufaganya.cat\\\/2020\\\/wp-content\\\/uploads\\\/2018\\\/11\\\/st_marti_bruga_horitz_posi_logo.jpg\",\"contentUrl\":\"https:\\\/\\\/brufaganya.cat\\\/2020\\\/wp-content\\\/uploads\\\/2018\\\/11\\\/st_marti_bruga_horitz_posi_logo.jpg\",\"width\":1479,\"height\":804,\"caption\":\"Sant Mag\u00ed de Brufaganya\"},\"image\":{\"@id\":\"https:\\\/\\\/brufaganya.cat\\\/2020\\\/#\\\/schema\\\/logo\\\/image\\\/\"},\"sameAs\":[\"https:\\\/\\\/ca.wikipedia.org\\\/wiki\\\/Sant_Mag\u00ed_de_Brufaganya\"]},{\"@type\":\"Person\",\"@id\":\"https:\\\/\\\/brufaganya.cat\\\/2020\\\/#\\\/schema\\\/person\\\/cd383ee397867b5182d1cf80b8c2e95c\",\"name\":\"Rita Armejach Carreras\",\"image\":{\"@type\":\"ImageObject\",\"inLanguage\":\"ca\",\"@id\":\"https:\\\/\\\/secure.gravatar.com\\\/avatar\\\/9dd6e49c4c61c4e14defcbf48211c55e6d268a4486cf9f5cef1b53148943d71d?s=96&d=mm&r=g\",\"url\":\"https:\\\/\\\/secure.gravatar.com\\\/avatar\\\/9dd6e49c4c61c4e14defcbf48211c55e6d268a4486cf9f5cef1b53148943d71d?s=96&d=mm&r=g\",\"contentUrl\":\"https:\\\/\\\/secure.gravatar.com\\\/avatar\\\/9dd6e49c4c61c4e14defcbf48211c55e6d268a4486cf9f5cef1b53148943d71d?s=96&d=mm&r=g\",\"caption\":\"Rita Armejach Carreras\"},\"url\":\"https:\\\/\\\/brufaganya.cat\\\/2020\\\/author\\\/rarmejach\\\/\"}]}<\/script>\n<!-- \/ Yoast SEO plugin. -->","yoast_head_json":{"title":"Repic de campana a Sant Mag\u00ed &#187; Sant Mag\u00ed de la Brufaganya","robots":{"index":"index","follow":"follow","max-snippet":"max-snippet:-1","max-image-preview":"max-image-preview:large","max-video-preview":"max-video-preview:-1"},"canonical":"https:\/\/brufaganya.cat\/2020\/repic-de-campana-a-sant-magi\/","og_locale":"ca_ES","og_type":"article","og_title":"Repic de campana a Sant Mag\u00ed &#187; Sant Mag\u00ed de la Brufaganya","og_description":"El diumenge dia 19 de juliol, coincidint en la represa de misses a Sant Mag\u00ed, vam poder gaudir d&#8217;un repic de campana excepcional. Acostumats als tocs de campana que els [&hellip;]","og_url":"https:\/\/brufaganya.cat\/2020\/repic-de-campana-a-sant-magi\/","og_site_name":"Sant Mag\u00ed de la Brufaganya","article_published_time":"2020-07-24T10:47:03+00:00","article_modified_time":"2023-09-06T16:30:34+00:00","og_image":[{"width":450,"height":295,"url":"https:\/\/brufaganya.cat\/2020\/wp-content\/uploads\/2021\/11\/Santuari_de_Sant_Magi_de_Brufaganya_Pontils_-_5.jpg","type":"image\/jpeg"}],"author":"Rita Armejach Carreras","twitter_card":"summary_large_image","twitter_misc":{"Escrit per":"Rita Armejach Carreras","Temps estimat de lectura":"2 minuts"},"schema":{"@context":"https:\/\/schema.org","@graph":[{"@type":"Article","@id":"https:\/\/brufaganya.cat\/2020\/repic-de-campana-a-sant-magi\/#article","isPartOf":{"@id":"https:\/\/brufaganya.cat\/2020\/repic-de-campana-a-sant-magi\/"},"author":{"name":"Rita Armejach Carreras","@id":"https:\/\/brufaganya.cat\/2020\/#\/schema\/person\/cd383ee397867b5182d1cf80b8c2e95c"},"headline":"Repic de campana a Sant Mag\u00ed","datePublished":"2020-07-24T10:47:03+00:00","dateModified":"2023-09-06T16:30:34+00:00","mainEntityOfPage":{"@id":"https:\/\/brufaganya.cat\/2020\/repic-de-campana-a-sant-magi\/"},"wordCount":324,"commentCount":0,"publisher":{"@id":"https:\/\/brufaganya.cat\/2020\/#organization"},"image":{"@id":"https:\/\/brufaganya.cat\/2020\/repic-de-campana-a-sant-magi\/#primaryimage"},"thumbnailUrl":"https:\/\/brufaganya.cat\/2020\/wp-content\/uploads\/2021\/11\/Santuari_de_Sant_Magi_de_Brufaganya_Pontils_-_5.jpg","articleSection":["Not\u00edcies","Tradicions religioses"],"inLanguage":"ca","potentialAction":[{"@type":"CommentAction","name":"Comment","target":["https:\/\/brufaganya.cat\/2020\/repic-de-campana-a-sant-magi\/#respond"]}]},{"@type":"WebPage","@id":"https:\/\/brufaganya.cat\/2020\/repic-de-campana-a-sant-magi\/","url":"https:\/\/brufaganya.cat\/2020\/repic-de-campana-a-sant-magi\/","name":"Repic de campana a Sant Mag\u00ed &#187; Sant Mag\u00ed de la Brufaganya","isPartOf":{"@id":"https:\/\/brufaganya.cat\/2020\/#website"},"primaryImageOfPage":{"@id":"https:\/\/brufaganya.cat\/2020\/repic-de-campana-a-sant-magi\/#primaryimage"},"image":{"@id":"https:\/\/brufaganya.cat\/2020\/repic-de-campana-a-sant-magi\/#primaryimage"},"thumbnailUrl":"https:\/\/brufaganya.cat\/2020\/wp-content\/uploads\/2021\/11\/Santuari_de_Sant_Magi_de_Brufaganya_Pontils_-_5.jpg","datePublished":"2020-07-24T10:47:03+00:00","dateModified":"2023-09-06T16:30:34+00:00","breadcrumb":{"@id":"https:\/\/brufaganya.cat\/2020\/repic-de-campana-a-sant-magi\/#breadcrumb"},"inLanguage":"ca","potentialAction":[{"@type":"ReadAction","target":["https:\/\/brufaganya.cat\/2020\/repic-de-campana-a-sant-magi\/"]}]},{"@type":"ImageObject","inLanguage":"ca","@id":"https:\/\/brufaganya.cat\/2020\/repic-de-campana-a-sant-magi\/#primaryimage","url":"https:\/\/brufaganya.cat\/2020\/wp-content\/uploads\/2021\/11\/Santuari_de_Sant_Magi_de_Brufaganya_Pontils_-_5.jpg","contentUrl":"https:\/\/brufaganya.cat\/2020\/wp-content\/uploads\/2021\/11\/Santuari_de_Sant_Magi_de_Brufaganya_Pontils_-_5.jpg","width":450,"height":295,"caption":"PATRIMONI Santuari"},{"@type":"BreadcrumbList","@id":"https:\/\/brufaganya.cat\/2020\/repic-de-campana-a-sant-magi\/#breadcrumb","itemListElement":[{"@type":"ListItem","position":1,"name":"Inici","item":"https:\/\/brufaganya.cat\/2020\/"},{"@type":"ListItem","position":2,"name":"Repic de campana a Sant Mag\u00ed"}]},{"@type":"WebSite","@id":"https:\/\/brufaganya.cat\/2020\/#website","url":"https:\/\/brufaganya.cat\/2020\/","name":"Sant Mag\u00ed de la Brufaganya","description":"Lloc web de Sant Mag\u00ed de la Brufaganya","publisher":{"@id":"https:\/\/brufaganya.cat\/2020\/#organization"},"potentialAction":[{"@type":"SearchAction","target":{"@type":"EntryPoint","urlTemplate":"https:\/\/brufaganya.cat\/2020\/?s={search_term_string}"},"query-input":{"@type":"PropertyValueSpecification","valueRequired":true,"valueName":"search_term_string"}}],"inLanguage":"ca"},{"@type":"Organization","@id":"https:\/\/brufaganya.cat\/2020\/#organization","name":"Sant Mag\u00ed de Brufaganya","url":"https:\/\/brufaganya.cat\/2020\/","logo":{"@type":"ImageObject","inLanguage":"ca","@id":"https:\/\/brufaganya.cat\/2020\/#\/schema\/logo\/image\/","url":"https:\/\/brufaganya.cat\/2020\/wp-content\/uploads\/2018\/11\/st_marti_bruga_horitz_posi_logo.jpg","contentUrl":"https:\/\/brufaganya.cat\/2020\/wp-content\/uploads\/2018\/11\/st_marti_bruga_horitz_posi_logo.jpg","width":1479,"height":804,"caption":"Sant Mag\u00ed de Brufaganya"},"image":{"@id":"https:\/\/brufaganya.cat\/2020\/#\/schema\/logo\/image\/"},"sameAs":["https:\/\/ca.wikipedia.org\/wiki\/Sant_Mag\u00ed_de_Brufaganya"]},{"@type":"Person","@id":"https:\/\/brufaganya.cat\/2020\/#\/schema\/person\/cd383ee397867b5182d1cf80b8c2e95c","name":"Rita Armejach Carreras","image":{"@type":"ImageObject","inLanguage":"ca","@id":"https:\/\/secure.gravatar.com\/avatar\/9dd6e49c4c61c4e14defcbf48211c55e6d268a4486cf9f5cef1b53148943d71d?s=96&d=mm&r=g","url":"https:\/\/secure.gravatar.com\/avatar\/9dd6e49c4c61c4e14defcbf48211c55e6d268a4486cf9f5cef1b53148943d71d?s=96&d=mm&r=g","contentUrl":"https:\/\/secure.gravatar.com\/avatar\/9dd6e49c4c61c4e14defcbf48211c55e6d268a4486cf9f5cef1b53148943d71d?s=96&d=mm&r=g","caption":"Rita Armejach Carreras"},"url":"https:\/\/brufaganya.cat\/2020\/author\/rarmejach\/"}]}},"_links":{"self":[{"href":"https:\/\/brufaganya.cat\/2020\/wp-json\/wp\/v2\/posts\/5462","targetHints":{"allow":["GET"]}}],"collection":[{"href":"https:\/\/brufaganya.cat\/2020\/wp-json\/wp\/v2\/posts"}],"about":[{"href":"https:\/\/brufaganya.cat\/2020\/wp-json\/wp\/v2\/types\/post"}],"author":[{"embeddable":true,"href":"https:\/\/brufaganya.cat\/2020\/wp-json\/wp\/v2\/users\/105"}],"replies":[{"embeddable":true,"href":"https:\/\/brufaganya.cat\/2020\/wp-json\/wp\/v2\/comments?post=5462"}],"version-history":[{"count":0,"href":"https:\/\/brufaganya.cat\/2020\/wp-json\/wp\/v2\/posts\/5462\/revisions"}],"wp:featuredmedia":[{"embeddable":true,"href":"https:\/\/brufaganya.cat\/2020\/wp-json\/wp\/v2\/media\/6498"}],"wp:attachment":[{"href":"https:\/\/brufaganya.cat\/2020\/wp-json\/wp\/v2\/media?parent=5462"}],"wp:term":[{"taxonomy":"category","embeddable":true,"href":"https:\/\/brufaganya.cat\/2020\/wp-json\/wp\/v2\/categories?post=5462"},{"taxonomy":"post_tag","embeddable":true,"href":"https:\/\/brufaganya.cat\/2020\/wp-json\/wp\/v2\/tags?post=5462"}],"curies":[{"name":"wp","href":"https:\/\/api.w.org\/{rel}","templated":true}]}}