{"id":5360,"date":"2020-06-18T17:54:05","date_gmt":"2020-06-18T15:54:05","guid":{"rendered":"https:\/\/brufaganya.cat\/2020\/?p=5360"},"modified":"2020-06-22T13:04:08","modified_gmt":"2020-06-22T11:04:08","slug":"5360-2","status":"publish","type":"post","link":"https:\/\/brufaganya.cat\/2020\/5360-2\/","title":{"rendered":"500 anys de vida rural a Sant Mag\u00ed de la Brufaganya i entorns"},"content":{"rendered":"<div>El 24\/06\/20 a les 19 hores, a la pla\u00e7a del Castell de Santa Coloma de Queralt, es presenta el llibre de la Montse Rumbau<strong> &#8221; 500 anys de vida rural a Sant Mag\u00ed de la Brufaganya i entorns&#8221;<\/strong> editat per Cosset\u00e0nia.\u00a0 El llibre \u00e9s una eina indispensable pels qui estudien aquests paratges, pels afeccionats a la Genealogia, a la mem\u00f2ria oral, a les tradicions&#8230; Per aix\u00f2,\u00a0 en Josep Carreras &#8211; membre de l'&#8221;Associaci\u00f3 d&#8217;Amics de Sant Mag\u00ed i el seu entorn&#8221;, diu:<br \/>\n&#8220;Als que ja fa anys que pentinem cabells blancs ens \u00e9s f\u00e0cil adonar-nos de la transformaci\u00f3 radical que ha sofert la vida en els nostres pobles, fins i tot els m\u00e9s petits. El m\u00f3n que v\u00e0rem viure en la infantesa ja no existeix i la gent de la meva edat hem vist m\u00e9s canvis dels que hi havia hagut en segles. Les feines del camp es feien a m\u00e0 en llargues i dures hores de treball. Pels carrers circulaven carros, i no era estrany veure algun home que amb una pala i un cabasset arreplegava els fems dels animals per fer-los servir d\u2019adob. Els pagesos de les masies venien a mercat els dilluns a proveir per a tota la setmana. A comprar o a vendre. Ous, gallines, conills, verdura de l\u2019hort\u2026 Omplien un sac de pa que havia de durar set dies, feien tractes a la pla\u00e7a i tornaven a les masies, d\u2019on no en sortirien fins al cap d\u2019una setmana. Nom\u00e9s els infants venien a peu per anar a escola\u2026 si no havien d\u2019ajudar en les feines del camp.<\/div>\n<div>\n<figure id=\"attachment_5366\" aria-describedby=\"caption-attachment-5366\" style=\"width: 300px\" class=\"wp-caption alignleft\"><img loading=\"lazy\" decoding=\"async\" class=\"wp-image-5366 size-medium\" src=\"https:\/\/brufaganya.cat\/2020\/wp-content\/uploads\/2020\/06\/SMcalNofre-300x216.jpeg\" alt=\"\" width=\"300\" height=\"216\" srcset=\"https:\/\/brufaganya.cat\/2020\/wp-content\/uploads\/2020\/06\/SMcalNofre-300x216.jpeg 300w, https:\/\/brufaganya.cat\/2020\/wp-content\/uploads\/2020\/06\/SMcalNofre-768x552.jpeg 768w, https:\/\/brufaganya.cat\/2020\/wp-content\/uploads\/2020\/06\/SMcalNofre.jpeg 1024w\" sizes=\"auto, (max-width: 300px) 100vw, 300px\" \/><figcaption id=\"caption-attachment-5366\" class=\"wp-caption-text\">Cal Nofre<\/figcaption><\/figure>\n<p>Tamb\u00e9 el conreu de la terra es va fer de manera molt semblant almenys durant 5.000 anys. Poc va evolucionar des del Neol\u00edtic, quan l\u2019home va passar de ser ca\u00e7ador i depredador a ramader i agricultor, \u00e9s a dir, productor. Els infants an\u00e0vem a l\u2019era a batre, els homes es llevaven de nit encara per arribar al camp a punta de dia i treballaven fins que es feia fosc. Les collites eren minses i la fam no era una desconeguda. L\u2019agricultura i ramaderia no varen canviar gaire fins a mitjans del segle XX.<\/p>\n<\/div>\n<div class=\"separator\"><\/div>\n<div>Ara, per\u00f2, tot aquest m\u00f3n s\u2019ha acabat. En queden nom\u00e9s alguns testimonis que aviat, per llei de vida, tamb\u00e9 desapareixeran. Molts masos han estat abandonats i en els poblets la majoria de cases s\u2019han convertit en segones resid\u00e8ncies. Avui la gent ja no va a buscar aigua a la font, encara que les fonts ragin; per por que estigui contaminada tothom la compra al supermercat en garrafes de pl\u00e0stic. Anem en cotxe a tot arreu i all\u00f2 que podia representar un viatge de dies (el meu avi tardava tres dies per anar al Mercat del Ram de Vic), avui es fa en poc m\u00e9s d\u2019una hora\u2026<\/div>\n<div>\u00a0 \u00a0 \u00a0 \u00a0 \u00a0 \u00a0 En tot aix\u00f2 i moltes altres coses m\u2019ha fet pensar el llibre que acaba de publicar la historiadora Montserrat Rumbau que ha anat resseguint totes (o gaireb\u00e9 totes) les masies de la Baixa Segarra, parlant amb les persones que hi varen viure i recollint les hist\u00f2ries dels \u00faltims testimonis de cada lloc. Un treball immens, que ha durat m\u00e9s de deu anys i que porta per t\u00edtol\u00a0<em>500 anys de vida rural a Sant Mag\u00ed de la Brufaganya i entorns<\/em>.<\/div>\n<div>\n<figure id=\"attachment_5373\" aria-describedby=\"caption-attachment-5373\" style=\"width: 300px\" class=\"wp-caption alignright\"><img loading=\"lazy\" decoding=\"async\" class=\"wp-image-5373 size-medium\" src=\"https:\/\/brufaganya.cat\/2020\/wp-content\/uploads\/2020\/06\/SMdinar-300x200.jpg\" alt=\"\" width=\"300\" height=\"200\" srcset=\"https:\/\/brufaganya.cat\/2020\/wp-content\/uploads\/2020\/06\/SMdinar-300x200.jpg 300w, https:\/\/brufaganya.cat\/2020\/wp-content\/uploads\/2020\/06\/SMdinar-768x513.jpg 768w, https:\/\/brufaganya.cat\/2020\/wp-content\/uploads\/2020\/06\/SMdinar-1024x684.jpg 1024w, https:\/\/brufaganya.cat\/2020\/wp-content\/uploads\/2020\/06\/SMdinar.jpg 1114w\" sizes=\"auto, (max-width: 300px) 100vw, 300px\" \/><figcaption id=\"caption-attachment-5373\" class=\"wp-caption-text\">Dinant al camp. Fons: ACBS<\/figcaption><\/figure>\n<p>Com diu el Dr. Valent\u00ed Gual en el pr\u00f2leg, \u00e9s una \u201ccombinaci\u00f3 impecable d\u2019hist\u00f2ria oral i de recerca arxiv\u00edstica\u201d escrit en un llenguatge senzill i am\u00e8, on apareixen amb noms, cognoms i renoms moltes fam\u00edlies i persones massa sovint oblidades per la hist\u00f2ria \u201coficial\u201d, per\u00f2 que han conformat la xarxa b\u00e0sica de la societat catalana. Gent treballadora, sovint an\u00f2nima, sovint maltractada, que ha sofert guerres, pestes, fams i molta mis\u00e8ria, per\u00f2 que ha lluitat durament per sobreviure a nivell personal per\u00f2 tamb\u00e9 com a poble. Un m\u00f3n en vies d\u2019extinci\u00f3, al qual \u201cja no li cauen els masos perqu\u00e8 ja s\u00f3n a terra [\u2026]. Nom\u00e9s queda el record dels que el van con\u00e8ixer i la tasca tit\u00e0nica d\u2019aquells que, com la Montse, el volen preservar de la mort total: l\u2019oblit. Un llibre captivador. Enhorabona!&#8221;<a href=\"https:\/\/brufaganya.cat\/2020\/wp-content\/uploads\/2020\/06\/Annex-1-\u00cdndex-Llibre.pdf\"> (veure index )<\/a><\/p>\n<\/div>\n","protected":false},"excerpt":{"rendered":"<p>El 24\/06\/20 a les 19 hores, a la pla\u00e7a del Castell de Santa Coloma de Queralt, es presenta el llibre de la Montse Rumbau &#8221; 500 anys de vida rural [&hellip;]<\/p>\n","protected":false},"author":105,"featured_media":5369,"comment_status":"open","ping_status":"closed","sticky":false,"template":"","format":"standard","meta":{"inline_featured_image":false,"footnotes":""},"categories":[778,769,1],"tags":[],"class_list":["post-5360","post","type-post","status-publish","format-standard","has-post-thumbnail","hentry","category-arxiu-documental-hemeroteca","category-historia-oral","category-noticies"],"yoast_head":"<!-- This site is optimized with the Yoast SEO plugin v27.5 - https:\/\/yoast.com\/product\/yoast-seo-wordpress\/ -->\n<title>500 anys de vida rural a Sant Mag\u00ed de la Brufaganya i entorns &#187; Sant Mag\u00ed de la Brufaganya<\/title>\n<meta name=\"robots\" content=\"index, follow, max-snippet:-1, max-image-preview:large, max-video-preview:-1\" \/>\n<link rel=\"canonical\" href=\"https:\/\/brufaganya.cat\/2020\/5360-2\/\" \/>\n<meta property=\"og:locale\" content=\"ca_ES\" \/>\n<meta property=\"og:type\" content=\"article\" \/>\n<meta property=\"og:title\" content=\"500 anys de vida rural a Sant Mag\u00ed de la Brufaganya i entorns &#187; Sant Mag\u00ed de la Brufaganya\" \/>\n<meta property=\"og:description\" content=\"El 24\/06\/20 a les 19 hores, a la pla\u00e7a del Castell de Santa Coloma de Queralt, es presenta el llibre de la Montse Rumbau &#8221; 500 anys de vida rural [&hellip;]\" \/>\n<meta property=\"og:url\" content=\"https:\/\/brufaganya.cat\/2020\/5360-2\/\" \/>\n<meta property=\"og:site_name\" content=\"Sant Mag\u00ed de la Brufaganya\" \/>\n<meta property=\"article:published_time\" content=\"2020-06-18T15:54:05+00:00\" \/>\n<meta property=\"article:modified_time\" content=\"2020-06-22T11:04:08+00:00\" \/>\n<meta property=\"og:image\" content=\"https:\/\/brufaganya.cat\/2020\/wp-content\/uploads\/2020\/06\/SMllibre2.jpeg\" \/>\n\t<meta property=\"og:image:width\" content=\"1024\" \/>\n\t<meta property=\"og:image:height\" content=\"768\" \/>\n\t<meta property=\"og:image:type\" content=\"image\/jpeg\" \/>\n<meta name=\"author\" content=\"Rita Armejach Carreras\" \/>\n<meta name=\"twitter:card\" content=\"summary_large_image\" \/>\n<meta name=\"twitter:label1\" content=\"Escrit per\" \/>\n\t<meta name=\"twitter:data1\" content=\"Rita Armejach Carreras\" \/>\n\t<meta name=\"twitter:label2\" content=\"Temps estimat de lectura\" \/>\n\t<meta name=\"twitter:data2\" content=\"4 minuts\" \/>\n<script type=\"application\/ld+json\" class=\"yoast-schema-graph\">{\"@context\":\"https:\\\/\\\/schema.org\",\"@graph\":[{\"@type\":\"Article\",\"@id\":\"https:\\\/\\\/brufaganya.cat\\\/2020\\\/5360-2\\\/#article\",\"isPartOf\":{\"@id\":\"https:\\\/\\\/brufaganya.cat\\\/2020\\\/5360-2\\\/\"},\"author\":{\"name\":\"Rita Armejach Carreras\",\"@id\":\"https:\\\/\\\/brufaganya.cat\\\/2020\\\/#\\\/schema\\\/person\\\/cd383ee397867b5182d1cf80b8c2e95c\"},\"headline\":\"500 anys de vida rural a Sant Mag\u00ed de la Brufaganya i entorns\",\"datePublished\":\"2020-06-18T15:54:05+00:00\",\"dateModified\":\"2020-06-22T11:04:08+00:00\",\"mainEntityOfPage\":{\"@id\":\"https:\\\/\\\/brufaganya.cat\\\/2020\\\/5360-2\\\/\"},\"wordCount\":754,\"commentCount\":4,\"publisher\":{\"@id\":\"https:\\\/\\\/brufaganya.cat\\\/2020\\\/#organization\"},\"image\":{\"@id\":\"https:\\\/\\\/brufaganya.cat\\\/2020\\\/5360-2\\\/#primaryimage\"},\"thumbnailUrl\":\"https:\\\/\\\/brufaganya.cat\\\/2020\\\/wp-content\\\/uploads\\\/2020\\\/06\\\/SMllibre2.jpeg\",\"articleSection\":[\"Arxiu documental \\\/ Hemeroteca\",\"Hist\u00f2ria oral\",\"Not\u00edcies\"],\"inLanguage\":\"ca\",\"potentialAction\":[{\"@type\":\"CommentAction\",\"name\":\"Comment\",\"target\":[\"https:\\\/\\\/brufaganya.cat\\\/2020\\\/5360-2\\\/#respond\"]}]},{\"@type\":\"WebPage\",\"@id\":\"https:\\\/\\\/brufaganya.cat\\\/2020\\\/5360-2\\\/\",\"url\":\"https:\\\/\\\/brufaganya.cat\\\/2020\\\/5360-2\\\/\",\"name\":\"500 anys de vida rural a Sant Mag\u00ed de la Brufaganya i entorns &#187; Sant Mag\u00ed de la Brufaganya\",\"isPartOf\":{\"@id\":\"https:\\\/\\\/brufaganya.cat\\\/2020\\\/#website\"},\"primaryImageOfPage\":{\"@id\":\"https:\\\/\\\/brufaganya.cat\\\/2020\\\/5360-2\\\/#primaryimage\"},\"image\":{\"@id\":\"https:\\\/\\\/brufaganya.cat\\\/2020\\\/5360-2\\\/#primaryimage\"},\"thumbnailUrl\":\"https:\\\/\\\/brufaganya.cat\\\/2020\\\/wp-content\\\/uploads\\\/2020\\\/06\\\/SMllibre2.jpeg\",\"datePublished\":\"2020-06-18T15:54:05+00:00\",\"dateModified\":\"2020-06-22T11:04:08+00:00\",\"breadcrumb\":{\"@id\":\"https:\\\/\\\/brufaganya.cat\\\/2020\\\/5360-2\\\/#breadcrumb\"},\"inLanguage\":\"ca\",\"potentialAction\":[{\"@type\":\"ReadAction\",\"target\":[\"https:\\\/\\\/brufaganya.cat\\\/2020\\\/5360-2\\\/\"]}]},{\"@type\":\"ImageObject\",\"inLanguage\":\"ca\",\"@id\":\"https:\\\/\\\/brufaganya.cat\\\/2020\\\/5360-2\\\/#primaryimage\",\"url\":\"https:\\\/\\\/brufaganya.cat\\\/2020\\\/wp-content\\\/uploads\\\/2020\\\/06\\\/SMllibre2.jpeg\",\"contentUrl\":\"https:\\\/\\\/brufaganya.cat\\\/2020\\\/wp-content\\\/uploads\\\/2020\\\/06\\\/SMllibre2.jpeg\",\"width\":1024,\"height\":768,\"caption\":\"LLIBRE Families i costums\"},{\"@type\":\"BreadcrumbList\",\"@id\":\"https:\\\/\\\/brufaganya.cat\\\/2020\\\/5360-2\\\/#breadcrumb\",\"itemListElement\":[{\"@type\":\"ListItem\",\"position\":1,\"name\":\"Inici\",\"item\":\"https:\\\/\\\/brufaganya.cat\\\/2020\\\/\"},{\"@type\":\"ListItem\",\"position\":2,\"name\":\"500 anys de vida rural a Sant Mag\u00ed de la Brufaganya i entorns\"}]},{\"@type\":\"WebSite\",\"@id\":\"https:\\\/\\\/brufaganya.cat\\\/2020\\\/#website\",\"url\":\"https:\\\/\\\/brufaganya.cat\\\/2020\\\/\",\"name\":\"Sant Mag\u00ed de la Brufaganya\",\"description\":\"Lloc web de Sant Mag\u00ed de la Brufaganya\",\"publisher\":{\"@id\":\"https:\\\/\\\/brufaganya.cat\\\/2020\\\/#organization\"},\"potentialAction\":[{\"@type\":\"SearchAction\",\"target\":{\"@type\":\"EntryPoint\",\"urlTemplate\":\"https:\\\/\\\/brufaganya.cat\\\/2020\\\/?s={search_term_string}\"},\"query-input\":{\"@type\":\"PropertyValueSpecification\",\"valueRequired\":true,\"valueName\":\"search_term_string\"}}],\"inLanguage\":\"ca\"},{\"@type\":\"Organization\",\"@id\":\"https:\\\/\\\/brufaganya.cat\\\/2020\\\/#organization\",\"name\":\"Sant Mag\u00ed de Brufaganya\",\"url\":\"https:\\\/\\\/brufaganya.cat\\\/2020\\\/\",\"logo\":{\"@type\":\"ImageObject\",\"inLanguage\":\"ca\",\"@id\":\"https:\\\/\\\/brufaganya.cat\\\/2020\\\/#\\\/schema\\\/logo\\\/image\\\/\",\"url\":\"https:\\\/\\\/brufaganya.cat\\\/2020\\\/wp-content\\\/uploads\\\/2018\\\/11\\\/st_marti_bruga_horitz_posi_logo.jpg\",\"contentUrl\":\"https:\\\/\\\/brufaganya.cat\\\/2020\\\/wp-content\\\/uploads\\\/2018\\\/11\\\/st_marti_bruga_horitz_posi_logo.jpg\",\"width\":1479,\"height\":804,\"caption\":\"Sant Mag\u00ed de Brufaganya\"},\"image\":{\"@id\":\"https:\\\/\\\/brufaganya.cat\\\/2020\\\/#\\\/schema\\\/logo\\\/image\\\/\"},\"sameAs\":[\"https:\\\/\\\/ca.wikipedia.org\\\/wiki\\\/Sant_Mag\u00ed_de_Brufaganya\"]},{\"@type\":\"Person\",\"@id\":\"https:\\\/\\\/brufaganya.cat\\\/2020\\\/#\\\/schema\\\/person\\\/cd383ee397867b5182d1cf80b8c2e95c\",\"name\":\"Rita Armejach Carreras\",\"image\":{\"@type\":\"ImageObject\",\"inLanguage\":\"ca\",\"@id\":\"https:\\\/\\\/secure.gravatar.com\\\/avatar\\\/9dd6e49c4c61c4e14defcbf48211c55e6d268a4486cf9f5cef1b53148943d71d?s=96&d=mm&r=g\",\"url\":\"https:\\\/\\\/secure.gravatar.com\\\/avatar\\\/9dd6e49c4c61c4e14defcbf48211c55e6d268a4486cf9f5cef1b53148943d71d?s=96&d=mm&r=g\",\"contentUrl\":\"https:\\\/\\\/secure.gravatar.com\\\/avatar\\\/9dd6e49c4c61c4e14defcbf48211c55e6d268a4486cf9f5cef1b53148943d71d?s=96&d=mm&r=g\",\"caption\":\"Rita Armejach Carreras\"},\"url\":\"https:\\\/\\\/brufaganya.cat\\\/2020\\\/author\\\/rarmejach\\\/\"}]}<\/script>\n<!-- \/ Yoast SEO plugin. -->","yoast_head_json":{"title":"500 anys de vida rural a Sant Mag\u00ed de la Brufaganya i entorns &#187; Sant Mag\u00ed de la Brufaganya","robots":{"index":"index","follow":"follow","max-snippet":"max-snippet:-1","max-image-preview":"max-image-preview:large","max-video-preview":"max-video-preview:-1"},"canonical":"https:\/\/brufaganya.cat\/2020\/5360-2\/","og_locale":"ca_ES","og_type":"article","og_title":"500 anys de vida rural a Sant Mag\u00ed de la Brufaganya i entorns &#187; Sant Mag\u00ed de la Brufaganya","og_description":"El 24\/06\/20 a les 19 hores, a la pla\u00e7a del Castell de Santa Coloma de Queralt, es presenta el llibre de la Montse Rumbau &#8221; 500 anys de vida rural [&hellip;]","og_url":"https:\/\/brufaganya.cat\/2020\/5360-2\/","og_site_name":"Sant Mag\u00ed de la Brufaganya","article_published_time":"2020-06-18T15:54:05+00:00","article_modified_time":"2020-06-22T11:04:08+00:00","og_image":[{"width":1024,"height":768,"url":"https:\/\/brufaganya.cat\/2020\/wp-content\/uploads\/2020\/06\/SMllibre2.jpeg","type":"image\/jpeg"}],"author":"Rita Armejach Carreras","twitter_card":"summary_large_image","twitter_misc":{"Escrit per":"Rita Armejach Carreras","Temps estimat de lectura":"4 minuts"},"schema":{"@context":"https:\/\/schema.org","@graph":[{"@type":"Article","@id":"https:\/\/brufaganya.cat\/2020\/5360-2\/#article","isPartOf":{"@id":"https:\/\/brufaganya.cat\/2020\/5360-2\/"},"author":{"name":"Rita Armejach Carreras","@id":"https:\/\/brufaganya.cat\/2020\/#\/schema\/person\/cd383ee397867b5182d1cf80b8c2e95c"},"headline":"500 anys de vida rural a Sant Mag\u00ed de la Brufaganya i entorns","datePublished":"2020-06-18T15:54:05+00:00","dateModified":"2020-06-22T11:04:08+00:00","mainEntityOfPage":{"@id":"https:\/\/brufaganya.cat\/2020\/5360-2\/"},"wordCount":754,"commentCount":4,"publisher":{"@id":"https:\/\/brufaganya.cat\/2020\/#organization"},"image":{"@id":"https:\/\/brufaganya.cat\/2020\/5360-2\/#primaryimage"},"thumbnailUrl":"https:\/\/brufaganya.cat\/2020\/wp-content\/uploads\/2020\/06\/SMllibre2.jpeg","articleSection":["Arxiu documental \/ Hemeroteca","Hist\u00f2ria oral","Not\u00edcies"],"inLanguage":"ca","potentialAction":[{"@type":"CommentAction","name":"Comment","target":["https:\/\/brufaganya.cat\/2020\/5360-2\/#respond"]}]},{"@type":"WebPage","@id":"https:\/\/brufaganya.cat\/2020\/5360-2\/","url":"https:\/\/brufaganya.cat\/2020\/5360-2\/","name":"500 anys de vida rural a Sant Mag\u00ed de la Brufaganya i entorns &#187; Sant Mag\u00ed de la Brufaganya","isPartOf":{"@id":"https:\/\/brufaganya.cat\/2020\/#website"},"primaryImageOfPage":{"@id":"https:\/\/brufaganya.cat\/2020\/5360-2\/#primaryimage"},"image":{"@id":"https:\/\/brufaganya.cat\/2020\/5360-2\/#primaryimage"},"thumbnailUrl":"https:\/\/brufaganya.cat\/2020\/wp-content\/uploads\/2020\/06\/SMllibre2.jpeg","datePublished":"2020-06-18T15:54:05+00:00","dateModified":"2020-06-22T11:04:08+00:00","breadcrumb":{"@id":"https:\/\/brufaganya.cat\/2020\/5360-2\/#breadcrumb"},"inLanguage":"ca","potentialAction":[{"@type":"ReadAction","target":["https:\/\/brufaganya.cat\/2020\/5360-2\/"]}]},{"@type":"ImageObject","inLanguage":"ca","@id":"https:\/\/brufaganya.cat\/2020\/5360-2\/#primaryimage","url":"https:\/\/brufaganya.cat\/2020\/wp-content\/uploads\/2020\/06\/SMllibre2.jpeg","contentUrl":"https:\/\/brufaganya.cat\/2020\/wp-content\/uploads\/2020\/06\/SMllibre2.jpeg","width":1024,"height":768,"caption":"LLIBRE Families i costums"},{"@type":"BreadcrumbList","@id":"https:\/\/brufaganya.cat\/2020\/5360-2\/#breadcrumb","itemListElement":[{"@type":"ListItem","position":1,"name":"Inici","item":"https:\/\/brufaganya.cat\/2020\/"},{"@type":"ListItem","position":2,"name":"500 anys de vida rural a Sant Mag\u00ed de la Brufaganya i entorns"}]},{"@type":"WebSite","@id":"https:\/\/brufaganya.cat\/2020\/#website","url":"https:\/\/brufaganya.cat\/2020\/","name":"Sant Mag\u00ed de la Brufaganya","description":"Lloc web de Sant Mag\u00ed de la Brufaganya","publisher":{"@id":"https:\/\/brufaganya.cat\/2020\/#organization"},"potentialAction":[{"@type":"SearchAction","target":{"@type":"EntryPoint","urlTemplate":"https:\/\/brufaganya.cat\/2020\/?s={search_term_string}"},"query-input":{"@type":"PropertyValueSpecification","valueRequired":true,"valueName":"search_term_string"}}],"inLanguage":"ca"},{"@type":"Organization","@id":"https:\/\/brufaganya.cat\/2020\/#organization","name":"Sant Mag\u00ed de Brufaganya","url":"https:\/\/brufaganya.cat\/2020\/","logo":{"@type":"ImageObject","inLanguage":"ca","@id":"https:\/\/brufaganya.cat\/2020\/#\/schema\/logo\/image\/","url":"https:\/\/brufaganya.cat\/2020\/wp-content\/uploads\/2018\/11\/st_marti_bruga_horitz_posi_logo.jpg","contentUrl":"https:\/\/brufaganya.cat\/2020\/wp-content\/uploads\/2018\/11\/st_marti_bruga_horitz_posi_logo.jpg","width":1479,"height":804,"caption":"Sant Mag\u00ed de Brufaganya"},"image":{"@id":"https:\/\/brufaganya.cat\/2020\/#\/schema\/logo\/image\/"},"sameAs":["https:\/\/ca.wikipedia.org\/wiki\/Sant_Mag\u00ed_de_Brufaganya"]},{"@type":"Person","@id":"https:\/\/brufaganya.cat\/2020\/#\/schema\/person\/cd383ee397867b5182d1cf80b8c2e95c","name":"Rita Armejach Carreras","image":{"@type":"ImageObject","inLanguage":"ca","@id":"https:\/\/secure.gravatar.com\/avatar\/9dd6e49c4c61c4e14defcbf48211c55e6d268a4486cf9f5cef1b53148943d71d?s=96&d=mm&r=g","url":"https:\/\/secure.gravatar.com\/avatar\/9dd6e49c4c61c4e14defcbf48211c55e6d268a4486cf9f5cef1b53148943d71d?s=96&d=mm&r=g","contentUrl":"https:\/\/secure.gravatar.com\/avatar\/9dd6e49c4c61c4e14defcbf48211c55e6d268a4486cf9f5cef1b53148943d71d?s=96&d=mm&r=g","caption":"Rita Armejach Carreras"},"url":"https:\/\/brufaganya.cat\/2020\/author\/rarmejach\/"}]}},"_links":{"self":[{"href":"https:\/\/brufaganya.cat\/2020\/wp-json\/wp\/v2\/posts\/5360","targetHints":{"allow":["GET"]}}],"collection":[{"href":"https:\/\/brufaganya.cat\/2020\/wp-json\/wp\/v2\/posts"}],"about":[{"href":"https:\/\/brufaganya.cat\/2020\/wp-json\/wp\/v2\/types\/post"}],"author":[{"embeddable":true,"href":"https:\/\/brufaganya.cat\/2020\/wp-json\/wp\/v2\/users\/105"}],"replies":[{"embeddable":true,"href":"https:\/\/brufaganya.cat\/2020\/wp-json\/wp\/v2\/comments?post=5360"}],"version-history":[{"count":0,"href":"https:\/\/brufaganya.cat\/2020\/wp-json\/wp\/v2\/posts\/5360\/revisions"}],"wp:featuredmedia":[{"embeddable":true,"href":"https:\/\/brufaganya.cat\/2020\/wp-json\/wp\/v2\/media\/5369"}],"wp:attachment":[{"href":"https:\/\/brufaganya.cat\/2020\/wp-json\/wp\/v2\/media?parent=5360"}],"wp:term":[{"taxonomy":"category","embeddable":true,"href":"https:\/\/brufaganya.cat\/2020\/wp-json\/wp\/v2\/categories?post=5360"},{"taxonomy":"post_tag","embeddable":true,"href":"https:\/\/brufaganya.cat\/2020\/wp-json\/wp\/v2\/tags?post=5360"}],"curies":[{"name":"wp","href":"https:\/\/api.w.org\/{rel}","templated":true}]}}