{"id":5327,"date":"2020-06-09T20:51:55","date_gmt":"2020-06-09T18:51:55","guid":{"rendered":"https:\/\/brufaganya.cat\/2020\/?p=5327"},"modified":"2020-06-09T20:51:55","modified_gmt":"2020-06-09T18:51:55","slug":"rehabilitacio-de-la-casa-de-lermita-a-sant-magi","status":"publish","type":"post","link":"https:\/\/brufaganya.cat\/2020\/rehabilitacio-de-la-casa-de-lermita-a-sant-magi\/","title":{"rendered":"Rehabilitaci\u00f3 de la &#8220;Casa de l&#8217;Ermit\u00e0&#8221; a Sant Mag\u00ed"},"content":{"rendered":"<p><!--more--><\/p>\n<figure id=\"attachment_5345\" aria-describedby=\"caption-attachment-5345\" style=\"width: 313px\" class=\"wp-caption alignright\"><img loading=\"lazy\" decoding=\"async\" class=\"wp-image-5345\" src=\"https:\/\/brufaganya.cat\/2020\/wp-content\/uploads\/2020\/06\/jd-Ps3Hg-1024x768.jpeg\" alt=\"\" width=\"313\" height=\"235\" srcset=\"https:\/\/brufaganya.cat\/2020\/wp-content\/uploads\/2020\/06\/jd-Ps3Hg-1024x768.jpeg 1024w, https:\/\/brufaganya.cat\/2020\/wp-content\/uploads\/2020\/06\/jd-Ps3Hg-300x225.jpeg 300w, https:\/\/brufaganya.cat\/2020\/wp-content\/uploads\/2020\/06\/jd-Ps3Hg-768x576.jpeg 768w, https:\/\/brufaganya.cat\/2020\/wp-content\/uploads\/2020\/06\/jd-Ps3Hg-86x64.jpeg 86w\" sizes=\"auto, (max-width: 313px) 100vw, 313px\" \/><figcaption id=\"caption-attachment-5345\" class=\"wp-caption-text\">Fent el paviment de la planta baixa<\/figcaption><\/figure>\n<p>Des de mitjans de l&#8217;any 2019 es fan obres a l&#8217;edifici situat al costat mateix del santuari de Sant Mag\u00ed. El projecte contempla la restauraci\u00f3 total de l&#8217;edifici per fer-hi un petit habitatge en la part superior i una sala d&#8217;informaci\u00f3 per als visitants en la planta inferior.<\/p>\n<p>En la primera fase de l&#8217;obra s&#8217;ha enderrocat un forjat que presentava un estat molt deteriorat a causa d&#8217;un incendi forestal de principis dels anys 70 de segle passat, que no va afectar la part del santuari per\u00f2 si els edificis annexos.<\/p>\n<p>S&#8217;ha fet un nou paviment de la planta baixa d&#8217;una profunditat d&#8217;uns 30 cms. pr\u00e8via excavaci\u00f3 i retirada de terra i col\u00b7locaci\u00f3 de grava i el corresponent paviment de formig\u00f3.<\/p>\n<p>S&#8217;ha posat un nou forjat del primer pis substituint l&#8217;enderrocat, amb biguetes de formig\u00f3 pretensat imitaci\u00f3 fusta i revolt\u00f3 cer\u00e0mic. Al damunt s&#8217;ha fet un paviment amb solera de formig\u00f3 i malla electrosoldada de barres corrugades d&#8217;acer.<\/p>\n<p>S&#8217;han repicat les parets de pedra de la planta baixa i s&#8217;han rejuntat amb morter de ciment biocalce deixant la pedra vista.<\/p>\n<figure id=\"attachment_5344\" aria-describedby=\"caption-attachment-5344\" style=\"width: 311px\" class=\"wp-caption alignright\"><img loading=\"lazy\" decoding=\"async\" class=\"wp-image-5344\" src=\"https:\/\/brufaganya.cat\/2020\/wp-content\/uploads\/2020\/06\/IIEd4wkg-1024x576.jpeg\" alt=\"\" width=\"311\" height=\"175\" srcset=\"https:\/\/brufaganya.cat\/2020\/wp-content\/uploads\/2020\/06\/IIEd4wkg-1024x576.jpeg 1024w, https:\/\/brufaganya.cat\/2020\/wp-content\/uploads\/2020\/06\/IIEd4wkg-300x169.jpeg 300w, https:\/\/brufaganya.cat\/2020\/wp-content\/uploads\/2020\/06\/IIEd4wkg-768x432.jpeg 768w\" sizes=\"auto, (max-width: 311px) 100vw, 311px\" \/><figcaption id=\"caption-attachment-5344\" class=\"wp-caption-text\">Els voluntaris treballant<\/figcaption><\/figure>\n<p>El pressupost final de l&#8217;obra \u00e9s de 91.881,89 que<\/p>\n<p>Les fonts de finan\u00e7ament s\u00f3n diverses: per una part la Diputaci\u00f3 de Tarragona que ha concedit per aquesta primera fase una subvenci\u00f3 de 8.950\u20ac de la que s&#8217;anir\u00e0 disposant a mida que avanci l&#8217;obra. Per una altra part hi ha una aportaci\u00f3 dels Fons Com\u00fa Dioces\u00e0 de l&#8217;arquebisbat de Tarragona, per\u00f2 tamb\u00e9 hi ha aportaci\u00f3 econ\u00f2mica per part dels Amics de Sant Mag\u00ed de la Brufaganya i el seu entorn. Aix\u00f2, a banda de l&#8217;aportaci\u00f3 de la pr\u00f2pia parr\u00f2quia de Sant Mag\u00ed.<\/p>\n<p>L&#8217;aportaci\u00f3 dels voluntaris, independent de l&#8217;aportaci\u00f3 econ\u00f2mica que ha fet l&#8217;associaci\u00f3, ha consistit en fer l&#8217;enderrocat del forjat preexistent, retirada i c\u00e0rrega de runes al contenidor, excavaci\u00f3 feta en part a ma en la planta baixa, repicat i posterior rejuntat amb formig\u00f3 biocalce de les parets. La valoraci\u00f3 de la feina dels voluntaris en el pressupost total puja fins ara m\u00e9s de 4.691,03\u20ac<\/p>\n<p>&nbsp;<\/p>\n","protected":false},"excerpt":{"rendered":"Fent el paviment de la planta baixa Des de mitjans de l'any 2019 es fan obres a l'edifici situat al costat mateix del santuari de Sant Mag\u00ed. El projecte contempla [...]","protected":false},"author":109,"featured_media":5342,"comment_status":"open","ping_status":"closed","sticky":false,"template":"","format":"standard","meta":{"inline_featured_image":false,"footnotes":""},"categories":[1,780],"tags":[],"class_list":["post-5327","post","type-post","status-publish","format-standard","has-post-thumbnail","hentry","category-noticies","category-patrimoni-arquitectonic"],"yoast_head":"<!-- This site is optimized with the Yoast SEO plugin v27.4 - https:\/\/yoast.com\/product\/yoast-seo-wordpress\/ -->\n<title>Rehabilitaci\u00f3 de la &quot;Casa de l&#039;Ermit\u00e0&quot; a Sant Mag\u00ed &#187; Sant Mag\u00ed de la Brufaganya<\/title>\n<meta name=\"robots\" content=\"index, follow, max-snippet:-1, max-image-preview:large, max-video-preview:-1\" \/>\n<link rel=\"canonical\" href=\"https:\/\/brufaganya.cat\/2020\/rehabilitacio-de-la-casa-de-lermita-a-sant-magi\/\" \/>\n<meta property=\"og:locale\" content=\"ca_ES\" \/>\n<meta property=\"og:type\" content=\"article\" \/>\n<meta property=\"og:title\" content=\"Rehabilitaci\u00f3 de la &quot;Casa de l&#039;Ermit\u00e0&quot; a Sant Mag\u00ed &#187; Sant Mag\u00ed de la Brufaganya\" \/>\n<meta property=\"og:url\" content=\"https:\/\/brufaganya.cat\/2020\/rehabilitacio-de-la-casa-de-lermita-a-sant-magi\/\" \/>\n<meta property=\"og:site_name\" content=\"Sant Mag\u00ed de la Brufaganya\" \/>\n<meta property=\"article:published_time\" content=\"2020-06-09T18:51:55+00:00\" \/>\n<meta property=\"og:image\" content=\"https:\/\/brufaganya.cat\/2020\/wp-content\/uploads\/2020\/06\/cami\u00f3-santuari.jpeg\" \/>\n\t<meta property=\"og:image:width\" content=\"1127\" \/>\n\t<meta property=\"og:image:height\" content=\"845\" \/>\n\t<meta property=\"og:image:type\" content=\"image\/jpeg\" \/>\n<meta name=\"author\" content=\"Silvestre Pal\u00e0 Aug\u00e9\" \/>\n<meta name=\"twitter:card\" content=\"summary_large_image\" \/>\n<meta name=\"twitter:label1\" content=\"Escrit per\" \/>\n\t<meta name=\"twitter:data1\" content=\"Silvestre Pal\u00e0 Aug\u00e9\" \/>\n\t<meta name=\"twitter:label2\" content=\"Temps estimat de lectura\" \/>\n\t<meta name=\"twitter:data2\" content=\"2 minuts\" \/>\n<script type=\"application\/ld+json\" class=\"yoast-schema-graph\">{\"@context\":\"https:\\\/\\\/schema.org\",\"@graph\":[{\"@type\":\"Article\",\"@id\":\"https:\\\/\\\/brufaganya.cat\\\/2020\\\/rehabilitacio-de-la-casa-de-lermita-a-sant-magi\\\/#article\",\"isPartOf\":{\"@id\":\"https:\\\/\\\/brufaganya.cat\\\/2020\\\/rehabilitacio-de-la-casa-de-lermita-a-sant-magi\\\/\"},\"author\":{\"name\":\"Silvestre Pal\u00e0 Aug\u00e9\",\"@id\":\"https:\\\/\\\/brufaganya.cat\\\/2020\\\/#\\\/schema\\\/person\\\/104a8a58bc74955dad00f639bb234a56\"},\"headline\":\"Rehabilitaci\u00f3 de la &#8220;Casa de l&#8217;Ermit\u00e0&#8221; a Sant Mag\u00ed\",\"datePublished\":\"2020-06-09T18:51:55+00:00\",\"mainEntityOfPage\":{\"@id\":\"https:\\\/\\\/brufaganya.cat\\\/2020\\\/rehabilitacio-de-la-casa-de-lermita-a-sant-magi\\\/\"},\"wordCount\":372,\"commentCount\":0,\"publisher\":{\"@id\":\"https:\\\/\\\/brufaganya.cat\\\/2020\\\/#organization\"},\"image\":{\"@id\":\"https:\\\/\\\/brufaganya.cat\\\/2020\\\/rehabilitacio-de-la-casa-de-lermita-a-sant-magi\\\/#primaryimage\"},\"thumbnailUrl\":\"https:\\\/\\\/brufaganya.cat\\\/2020\\\/wp-content\\\/uploads\\\/2020\\\/06\\\/cami\u00f3-santuari.jpeg\",\"articleSection\":[\"Not\u00edcies\",\"Patrimoni arquitect\u00f2nic\"],\"inLanguage\":\"ca\",\"potentialAction\":[{\"@type\":\"CommentAction\",\"name\":\"Comment\",\"target\":[\"https:\\\/\\\/brufaganya.cat\\\/2020\\\/rehabilitacio-de-la-casa-de-lermita-a-sant-magi\\\/#respond\"]}]},{\"@type\":\"WebPage\",\"@id\":\"https:\\\/\\\/brufaganya.cat\\\/2020\\\/rehabilitacio-de-la-casa-de-lermita-a-sant-magi\\\/\",\"url\":\"https:\\\/\\\/brufaganya.cat\\\/2020\\\/rehabilitacio-de-la-casa-de-lermita-a-sant-magi\\\/\",\"name\":\"Rehabilitaci\u00f3 de la \\\"Casa de l'Ermit\u00e0\\\" a Sant Mag\u00ed &#187; Sant Mag\u00ed de la Brufaganya\",\"isPartOf\":{\"@id\":\"https:\\\/\\\/brufaganya.cat\\\/2020\\\/#website\"},\"primaryImageOfPage\":{\"@id\":\"https:\\\/\\\/brufaganya.cat\\\/2020\\\/rehabilitacio-de-la-casa-de-lermita-a-sant-magi\\\/#primaryimage\"},\"image\":{\"@id\":\"https:\\\/\\\/brufaganya.cat\\\/2020\\\/rehabilitacio-de-la-casa-de-lermita-a-sant-magi\\\/#primaryimage\"},\"thumbnailUrl\":\"https:\\\/\\\/brufaganya.cat\\\/2020\\\/wp-content\\\/uploads\\\/2020\\\/06\\\/cami\u00f3-santuari.jpeg\",\"datePublished\":\"2020-06-09T18:51:55+00:00\",\"breadcrumb\":{\"@id\":\"https:\\\/\\\/brufaganya.cat\\\/2020\\\/rehabilitacio-de-la-casa-de-lermita-a-sant-magi\\\/#breadcrumb\"},\"inLanguage\":\"ca\",\"potentialAction\":[{\"@type\":\"ReadAction\",\"target\":[\"https:\\\/\\\/brufaganya.cat\\\/2020\\\/rehabilitacio-de-la-casa-de-lermita-a-sant-magi\\\/\"]}]},{\"@type\":\"ImageObject\",\"inLanguage\":\"ca\",\"@id\":\"https:\\\/\\\/brufaganya.cat\\\/2020\\\/rehabilitacio-de-la-casa-de-lermita-a-sant-magi\\\/#primaryimage\",\"url\":\"https:\\\/\\\/brufaganya.cat\\\/2020\\\/wp-content\\\/uploads\\\/2020\\\/06\\\/cami\u00f3-santuari.jpeg\",\"contentUrl\":\"https:\\\/\\\/brufaganya.cat\\\/2020\\\/wp-content\\\/uploads\\\/2020\\\/06\\\/cami\u00f3-santuari.jpeg\",\"width\":1127,\"height\":845},{\"@type\":\"BreadcrumbList\",\"@id\":\"https:\\\/\\\/brufaganya.cat\\\/2020\\\/rehabilitacio-de-la-casa-de-lermita-a-sant-magi\\\/#breadcrumb\",\"itemListElement\":[{\"@type\":\"ListItem\",\"position\":1,\"name\":\"Inici\",\"item\":\"https:\\\/\\\/brufaganya.cat\\\/2020\\\/\"},{\"@type\":\"ListItem\",\"position\":2,\"name\":\"Rehabilitaci\u00f3 de la &#8220;Casa de l&#8217;Ermit\u00e0&#8221; a Sant Mag\u00ed\"}]},{\"@type\":\"WebSite\",\"@id\":\"https:\\\/\\\/brufaganya.cat\\\/2020\\\/#website\",\"url\":\"https:\\\/\\\/brufaganya.cat\\\/2020\\\/\",\"name\":\"Sant Mag\u00ed de la Brufaganya\",\"description\":\"Lloc web de Sant Mag\u00ed de la Brufaganya\",\"publisher\":{\"@id\":\"https:\\\/\\\/brufaganya.cat\\\/2020\\\/#organization\"},\"potentialAction\":[{\"@type\":\"SearchAction\",\"target\":{\"@type\":\"EntryPoint\",\"urlTemplate\":\"https:\\\/\\\/brufaganya.cat\\\/2020\\\/?s={search_term_string}\"},\"query-input\":{\"@type\":\"PropertyValueSpecification\",\"valueRequired\":true,\"valueName\":\"search_term_string\"}}],\"inLanguage\":\"ca\"},{\"@type\":\"Organization\",\"@id\":\"https:\\\/\\\/brufaganya.cat\\\/2020\\\/#organization\",\"name\":\"Sant Mag\u00ed de Brufaganya\",\"url\":\"https:\\\/\\\/brufaganya.cat\\\/2020\\\/\",\"logo\":{\"@type\":\"ImageObject\",\"inLanguage\":\"ca\",\"@id\":\"https:\\\/\\\/brufaganya.cat\\\/2020\\\/#\\\/schema\\\/logo\\\/image\\\/\",\"url\":\"https:\\\/\\\/brufaganya.cat\\\/2020\\\/wp-content\\\/uploads\\\/2018\\\/11\\\/st_marti_bruga_horitz_posi_logo.jpg\",\"contentUrl\":\"https:\\\/\\\/brufaganya.cat\\\/2020\\\/wp-content\\\/uploads\\\/2018\\\/11\\\/st_marti_bruga_horitz_posi_logo.jpg\",\"width\":1479,\"height\":804,\"caption\":\"Sant Mag\u00ed de Brufaganya\"},\"image\":{\"@id\":\"https:\\\/\\\/brufaganya.cat\\\/2020\\\/#\\\/schema\\\/logo\\\/image\\\/\"},\"sameAs\":[\"https:\\\/\\\/ca.wikipedia.org\\\/wiki\\\/Sant_Mag\u00ed_de_Brufaganya\"]},{\"@type\":\"Person\",\"@id\":\"https:\\\/\\\/brufaganya.cat\\\/2020\\\/#\\\/schema\\\/person\\\/104a8a58bc74955dad00f639bb234a56\",\"name\":\"Silvestre Pal\u00e0 Aug\u00e9\",\"image\":{\"@type\":\"ImageObject\",\"inLanguage\":\"ca\",\"@id\":\"https:\\\/\\\/secure.gravatar.com\\\/avatar\\\/240c865b87ee90f68f1bb82d954fb54e1c50d2b4355c9b807c7f2862e50c5fb1?s=96&d=mm&r=g\",\"url\":\"https:\\\/\\\/secure.gravatar.com\\\/avatar\\\/240c865b87ee90f68f1bb82d954fb54e1c50d2b4355c9b807c7f2862e50c5fb1?s=96&d=mm&r=g\",\"contentUrl\":\"https:\\\/\\\/secure.gravatar.com\\\/avatar\\\/240c865b87ee90f68f1bb82d954fb54e1c50d2b4355c9b807c7f2862e50c5fb1?s=96&d=mm&r=g\",\"caption\":\"Silvestre Pal\u00e0 Aug\u00e9\"},\"url\":\"https:\\\/\\\/brufaganya.cat\\\/2020\\\/author\\\/spala\\\/\"}]}<\/script>\n<!-- \/ Yoast SEO plugin. -->","yoast_head_json":{"title":"Rehabilitaci\u00f3 de la \"Casa de l'Ermit\u00e0\" a Sant Mag\u00ed &#187; Sant Mag\u00ed de la Brufaganya","robots":{"index":"index","follow":"follow","max-snippet":"max-snippet:-1","max-image-preview":"max-image-preview:large","max-video-preview":"max-video-preview:-1"},"canonical":"https:\/\/brufaganya.cat\/2020\/rehabilitacio-de-la-casa-de-lermita-a-sant-magi\/","og_locale":"ca_ES","og_type":"article","og_title":"Rehabilitaci\u00f3 de la \"Casa de l'Ermit\u00e0\" a Sant Mag\u00ed &#187; Sant Mag\u00ed de la Brufaganya","og_url":"https:\/\/brufaganya.cat\/2020\/rehabilitacio-de-la-casa-de-lermita-a-sant-magi\/","og_site_name":"Sant Mag\u00ed de la Brufaganya","article_published_time":"2020-06-09T18:51:55+00:00","og_image":[{"width":1127,"height":845,"url":"https:\/\/brufaganya.cat\/2020\/wp-content\/uploads\/2020\/06\/cami\u00f3-santuari.jpeg","type":"image\/jpeg"}],"author":"Silvestre Pal\u00e0 Aug\u00e9","twitter_card":"summary_large_image","twitter_misc":{"Escrit per":"Silvestre Pal\u00e0 Aug\u00e9","Temps estimat de lectura":"2 minuts"},"schema":{"@context":"https:\/\/schema.org","@graph":[{"@type":"Article","@id":"https:\/\/brufaganya.cat\/2020\/rehabilitacio-de-la-casa-de-lermita-a-sant-magi\/#article","isPartOf":{"@id":"https:\/\/brufaganya.cat\/2020\/rehabilitacio-de-la-casa-de-lermita-a-sant-magi\/"},"author":{"name":"Silvestre Pal\u00e0 Aug\u00e9","@id":"https:\/\/brufaganya.cat\/2020\/#\/schema\/person\/104a8a58bc74955dad00f639bb234a56"},"headline":"Rehabilitaci\u00f3 de la &#8220;Casa de l&#8217;Ermit\u00e0&#8221; a Sant Mag\u00ed","datePublished":"2020-06-09T18:51:55+00:00","mainEntityOfPage":{"@id":"https:\/\/brufaganya.cat\/2020\/rehabilitacio-de-la-casa-de-lermita-a-sant-magi\/"},"wordCount":372,"commentCount":0,"publisher":{"@id":"https:\/\/brufaganya.cat\/2020\/#organization"},"image":{"@id":"https:\/\/brufaganya.cat\/2020\/rehabilitacio-de-la-casa-de-lermita-a-sant-magi\/#primaryimage"},"thumbnailUrl":"https:\/\/brufaganya.cat\/2020\/wp-content\/uploads\/2020\/06\/cami\u00f3-santuari.jpeg","articleSection":["Not\u00edcies","Patrimoni arquitect\u00f2nic"],"inLanguage":"ca","potentialAction":[{"@type":"CommentAction","name":"Comment","target":["https:\/\/brufaganya.cat\/2020\/rehabilitacio-de-la-casa-de-lermita-a-sant-magi\/#respond"]}]},{"@type":"WebPage","@id":"https:\/\/brufaganya.cat\/2020\/rehabilitacio-de-la-casa-de-lermita-a-sant-magi\/","url":"https:\/\/brufaganya.cat\/2020\/rehabilitacio-de-la-casa-de-lermita-a-sant-magi\/","name":"Rehabilitaci\u00f3 de la \"Casa de l'Ermit\u00e0\" a Sant Mag\u00ed &#187; Sant Mag\u00ed de la Brufaganya","isPartOf":{"@id":"https:\/\/brufaganya.cat\/2020\/#website"},"primaryImageOfPage":{"@id":"https:\/\/brufaganya.cat\/2020\/rehabilitacio-de-la-casa-de-lermita-a-sant-magi\/#primaryimage"},"image":{"@id":"https:\/\/brufaganya.cat\/2020\/rehabilitacio-de-la-casa-de-lermita-a-sant-magi\/#primaryimage"},"thumbnailUrl":"https:\/\/brufaganya.cat\/2020\/wp-content\/uploads\/2020\/06\/cami\u00f3-santuari.jpeg","datePublished":"2020-06-09T18:51:55+00:00","breadcrumb":{"@id":"https:\/\/brufaganya.cat\/2020\/rehabilitacio-de-la-casa-de-lermita-a-sant-magi\/#breadcrumb"},"inLanguage":"ca","potentialAction":[{"@type":"ReadAction","target":["https:\/\/brufaganya.cat\/2020\/rehabilitacio-de-la-casa-de-lermita-a-sant-magi\/"]}]},{"@type":"ImageObject","inLanguage":"ca","@id":"https:\/\/brufaganya.cat\/2020\/rehabilitacio-de-la-casa-de-lermita-a-sant-magi\/#primaryimage","url":"https:\/\/brufaganya.cat\/2020\/wp-content\/uploads\/2020\/06\/cami\u00f3-santuari.jpeg","contentUrl":"https:\/\/brufaganya.cat\/2020\/wp-content\/uploads\/2020\/06\/cami\u00f3-santuari.jpeg","width":1127,"height":845},{"@type":"BreadcrumbList","@id":"https:\/\/brufaganya.cat\/2020\/rehabilitacio-de-la-casa-de-lermita-a-sant-magi\/#breadcrumb","itemListElement":[{"@type":"ListItem","position":1,"name":"Inici","item":"https:\/\/brufaganya.cat\/2020\/"},{"@type":"ListItem","position":2,"name":"Rehabilitaci\u00f3 de la &#8220;Casa de l&#8217;Ermit\u00e0&#8221; a Sant Mag\u00ed"}]},{"@type":"WebSite","@id":"https:\/\/brufaganya.cat\/2020\/#website","url":"https:\/\/brufaganya.cat\/2020\/","name":"Sant Mag\u00ed de la Brufaganya","description":"Lloc web de Sant Mag\u00ed de la Brufaganya","publisher":{"@id":"https:\/\/brufaganya.cat\/2020\/#organization"},"potentialAction":[{"@type":"SearchAction","target":{"@type":"EntryPoint","urlTemplate":"https:\/\/brufaganya.cat\/2020\/?s={search_term_string}"},"query-input":{"@type":"PropertyValueSpecification","valueRequired":true,"valueName":"search_term_string"}}],"inLanguage":"ca"},{"@type":"Organization","@id":"https:\/\/brufaganya.cat\/2020\/#organization","name":"Sant Mag\u00ed de Brufaganya","url":"https:\/\/brufaganya.cat\/2020\/","logo":{"@type":"ImageObject","inLanguage":"ca","@id":"https:\/\/brufaganya.cat\/2020\/#\/schema\/logo\/image\/","url":"https:\/\/brufaganya.cat\/2020\/wp-content\/uploads\/2018\/11\/st_marti_bruga_horitz_posi_logo.jpg","contentUrl":"https:\/\/brufaganya.cat\/2020\/wp-content\/uploads\/2018\/11\/st_marti_bruga_horitz_posi_logo.jpg","width":1479,"height":804,"caption":"Sant Mag\u00ed de Brufaganya"},"image":{"@id":"https:\/\/brufaganya.cat\/2020\/#\/schema\/logo\/image\/"},"sameAs":["https:\/\/ca.wikipedia.org\/wiki\/Sant_Mag\u00ed_de_Brufaganya"]},{"@type":"Person","@id":"https:\/\/brufaganya.cat\/2020\/#\/schema\/person\/104a8a58bc74955dad00f639bb234a56","name":"Silvestre Pal\u00e0 Aug\u00e9","image":{"@type":"ImageObject","inLanguage":"ca","@id":"https:\/\/secure.gravatar.com\/avatar\/240c865b87ee90f68f1bb82d954fb54e1c50d2b4355c9b807c7f2862e50c5fb1?s=96&d=mm&r=g","url":"https:\/\/secure.gravatar.com\/avatar\/240c865b87ee90f68f1bb82d954fb54e1c50d2b4355c9b807c7f2862e50c5fb1?s=96&d=mm&r=g","contentUrl":"https:\/\/secure.gravatar.com\/avatar\/240c865b87ee90f68f1bb82d954fb54e1c50d2b4355c9b807c7f2862e50c5fb1?s=96&d=mm&r=g","caption":"Silvestre Pal\u00e0 Aug\u00e9"},"url":"https:\/\/brufaganya.cat\/2020\/author\/spala\/"}]}},"_links":{"self":[{"href":"https:\/\/brufaganya.cat\/2020\/wp-json\/wp\/v2\/posts\/5327","targetHints":{"allow":["GET"]}}],"collection":[{"href":"https:\/\/brufaganya.cat\/2020\/wp-json\/wp\/v2\/posts"}],"about":[{"href":"https:\/\/brufaganya.cat\/2020\/wp-json\/wp\/v2\/types\/post"}],"author":[{"embeddable":true,"href":"https:\/\/brufaganya.cat\/2020\/wp-json\/wp\/v2\/users\/109"}],"replies":[{"embeddable":true,"href":"https:\/\/brufaganya.cat\/2020\/wp-json\/wp\/v2\/comments?post=5327"}],"version-history":[{"count":0,"href":"https:\/\/brufaganya.cat\/2020\/wp-json\/wp\/v2\/posts\/5327\/revisions"}],"wp:featuredmedia":[{"embeddable":true,"href":"https:\/\/brufaganya.cat\/2020\/wp-json\/wp\/v2\/media\/5342"}],"wp:attachment":[{"href":"https:\/\/brufaganya.cat\/2020\/wp-json\/wp\/v2\/media?parent=5327"}],"wp:term":[{"taxonomy":"category","embeddable":true,"href":"https:\/\/brufaganya.cat\/2020\/wp-json\/wp\/v2\/categories?post=5327"},{"taxonomy":"post_tag","embeddable":true,"href":"https:\/\/brufaganya.cat\/2020\/wp-json\/wp\/v2\/tags?post=5327"}],"curies":[{"name":"wp","href":"https:\/\/api.w.org\/{rel}","templated":true}]}}