{"id":5200,"date":"2020-04-22T23:33:59","date_gmt":"2020-04-22T21:33:59","guid":{"rendered":"https:\/\/brufaganya.cat\/2020\/?p=5200"},"modified":"2020-04-24T22:28:42","modified_gmt":"2020-04-24T20:28:42","slug":"cent-misses-en-sufragi-de-lanima-de-magi-sivilla","status":"publish","type":"post","link":"https:\/\/brufaganya.cat\/2020\/cent-misses-en-sufragi-de-lanima-de-magi-sivilla\/","title":{"rendered":"Cent misses en sufragi de l&#8217;\u00e0nima de Mag\u00ed Sivill\u00e0"},"content":{"rendered":"<p><!--more--><\/p>\n<figure id=\"attachment_5204\" aria-describedby=\"caption-attachment-5204\" style=\"width: 230px\" class=\"wp-caption alignright\"><img loading=\"lazy\" decoding=\"async\" class=\"wp-image-5204\" src=\"https:\/\/brufaganya.cat\/2020\/wp-content\/uploads\/2020\/04\/Josep-de-Margarit-i-de-Biure-677x1024.jpg\" alt=\"\" width=\"230\" height=\"347\" srcset=\"https:\/\/brufaganya.cat\/2020\/wp-content\/uploads\/2020\/04\/Josep-de-Margarit-i-de-Biure-677x1024.jpg 677w, https:\/\/brufaganya.cat\/2020\/wp-content\/uploads\/2020\/04\/Josep-de-Margarit-i-de-Biure-198x300.jpg 198w, https:\/\/brufaganya.cat\/2020\/wp-content\/uploads\/2020\/04\/Josep-de-Margarit-i-de-Biure-768x1162.jpg 768w, https:\/\/brufaganya.cat\/2020\/wp-content\/uploads\/2020\/04\/Josep-de-Margarit-i-de-Biure.jpg 800w\" sizes=\"auto, (max-width: 230px) 100vw, 230px\" \/><figcaption id=\"caption-attachment-5204\" class=\"wp-caption-text\">Josep de Margarit i de Biure, Marqu\u00e9s d&#8217;Aguilar<\/figcaption><\/figure>\n<p>Molt recentment (desembre de 2019), la Generalitat de Catalunya ha publicat una cr\u00f2nica de la Guerra dels Segadors escrita per Mag\u00ed Sivill\u00e0, en una edici\u00f3 a cura de Guillem Carreras Albareda, historiador de Santa Coloma de Queralt (1)<\/p>\n<p>Mag\u00ed Sivill\u00e0 i Magoles va n\u00e9ixer a Santa Coloma de Queralt el 26 d\u2019octubre de 1597, va ser ordenat sacerdot i va formar part de la comunitat de preveres de Santa Coloma durant molts anys. No es pot pas descartar, ans el contrari, que en Mag\u00ed Sivill\u00e0, sent com era capell\u00e0, portant el nom de Mag\u00ed i vivint una part important de la seva vida a Santa Coloma, en un moment o altre visit\u00e9s el santuari de la Brufaganya, en aquells anys administrat ja pels frares dominics, tot i que aquest fet no est\u00e0 documentat.<\/p>\n<p>Mag\u00ed Sivill\u00e0 tenia relaci\u00f3 molt estreta amb Dalmau III de Queralt i \u00a0tamb\u00e9 amb Josep de Margarit i de Biure, nomenat Governador de Catalunya per Llu\u00eds XIII, rei de Fran\u00e7a. Sivill\u00e0 es va traslladar a Fran\u00e7a ja a principi de la Guerra dels Segadors com a preceptor dels fills de Josep de Margarit. Cap a 1645 comen\u00e7\u00e0 a escriure l\u2019extensa cr\u00f2nica que ara s\u2019ha publicat. Mor\u00ed a finals de 1656 o principis de 1657.<\/p>\n<p>En un moment indeterminat despr\u00e9s de la mort de Sivill\u00e0, Josep de Margarit i de Biure va demanar al prior de Sant Mag\u00ed que fes dir cent misses en sufragi de l\u2019\u00e0nima del seu amic. El cas \u00e9s que l\u2019enc\u00e0rrec de les misses mai va ser pagat pel Margarit, i el prior Domingo Sur\u00f3 (prior de 1659 a 1662) va fer tots els possibles per aconseguir de cobrar aquest deute i algun altre que el mateix Margarit tenia amb el santuari. Amb aquesta intenci\u00f3 va escriure al bisbe d\u2019Elna Vicen\u00e7 de Margarit, germ\u00e0 del governador, que se&#8217;l va treure bonament del damunt. El prior va escriure llavors al marit de la germana de Mag\u00ed Sivill\u00e0 que vivia a T\u00e0rrega per si hi podien fer res. Van contestar al prior que si les misses les havia encarregat en Margarit que les pagu\u00e9s ell \u201cque cosas de major consideraci\u00f3 deuen \u00e1 son germ\u00e1, y que prou cosas ne tenen; y ax\u00ed si dit Sr. Don Joseph don\u00e1 eix ordre, es cavaller, que o paga: no dic mes\u201d \u00a0(2)<\/p>\n<p>Tot plegat \u00e9s una simple an\u00e8cdota, per\u00f2 serveix per explicar la import\u00e0ncia que anava adquirint el santuari dintre dels \u00e0mbits religiosos i de la devoci\u00f3 popular ja a mitjan segle XVII.<\/p>\n<p>(1) Sivill\u00e0, Mag\u00ed \u2013 Carreras, Guillem (ed.), <em>Historia general del Principado de Catalu\u00f1a, condados de Rossellon y Cerda\u00f1a. Cr\u00f2nica de la Guerra dels Segadors, <\/em>Barcelona, Centre d\u2019Hist\u00f2ria Contempor\u00e0nia de Catalunya, 2019.<\/p>\n<p>(2) Segura i Valls, J., <em>Hist\u00f2ria del santuari de Sant Mag\u00ed<\/em>, Santa Coloma de Queralt, Associaci\u00f3 Cultural Baixa Segarra, 1994, pp. 134-135.<\/p>\n","protected":false},"excerpt":{"rendered":"Josep de Margarit i de Biure, Marqu\u00e9s d'Aguilar Molt recentment (desembre de 2019), la Generalitat de Catalunya ha publicat una cr\u00f2nica de la Guerra dels Segadors escrita per Mag\u00ed Sivill\u00e0, [...]","protected":false},"author":109,"featured_media":5202,"comment_status":"open","ping_status":"closed","sticky":false,"template":"","format":"standard","meta":{"inline_featured_image":false,"footnotes":""},"categories":[778,1],"tags":[],"class_list":["post-5200","post","type-post","status-publish","format-standard","has-post-thumbnail","hentry","category-arxiu-documental-hemeroteca","category-noticies"],"yoast_head":"<!-- This site is optimized with the Yoast SEO plugin v27.5 - https:\/\/yoast.com\/product\/yoast-seo-wordpress\/ -->\n<title>Cent misses en sufragi de l&#039;\u00e0nima de Mag\u00ed Sivill\u00e0 &#187; Sant Mag\u00ed de la Brufaganya<\/title>\n<meta name=\"robots\" content=\"index, follow, max-snippet:-1, max-image-preview:large, max-video-preview:-1\" \/>\n<link rel=\"canonical\" href=\"https:\/\/brufaganya.cat\/2020\/cent-misses-en-sufragi-de-lanima-de-magi-sivilla\/\" \/>\n<meta property=\"og:locale\" content=\"ca_ES\" \/>\n<meta property=\"og:type\" content=\"article\" \/>\n<meta property=\"og:title\" content=\"Cent misses en sufragi de l&#039;\u00e0nima de Mag\u00ed Sivill\u00e0 &#187; Sant Mag\u00ed de la Brufaganya\" \/>\n<meta property=\"og:url\" content=\"https:\/\/brufaganya.cat\/2020\/cent-misses-en-sufragi-de-lanima-de-magi-sivilla\/\" \/>\n<meta property=\"og:site_name\" content=\"Sant Mag\u00ed de la Brufaganya\" \/>\n<meta property=\"article:published_time\" content=\"2020-04-22T21:33:59+00:00\" \/>\n<meta property=\"article:modified_time\" content=\"2020-04-24T20:28:42+00:00\" \/>\n<meta property=\"og:image\" content=\"https:\/\/brufaganya.cat\/2020\/wp-content\/uploads\/2020\/04\/llibre-Sivilla.jpg\" \/>\n\t<meta property=\"og:image:width\" content=\"354\" \/>\n\t<meta property=\"og:image:height\" content=\"496\" \/>\n\t<meta property=\"og:image:type\" content=\"image\/jpeg\" \/>\n<meta name=\"author\" content=\"Silvestre Pal\u00e0 Aug\u00e9\" \/>\n<meta name=\"twitter:card\" content=\"summary_large_image\" \/>\n<meta name=\"twitter:label1\" content=\"Escrit per\" \/>\n\t<meta name=\"twitter:data1\" content=\"Silvestre Pal\u00e0 Aug\u00e9\" \/>\n\t<meta name=\"twitter:label2\" content=\"Temps estimat de lectura\" \/>\n\t<meta name=\"twitter:data2\" content=\"2 minuts\" \/>\n<script type=\"application\/ld+json\" class=\"yoast-schema-graph\">{\"@context\":\"https:\\\/\\\/schema.org\",\"@graph\":[{\"@type\":\"Article\",\"@id\":\"https:\\\/\\\/brufaganya.cat\\\/2020\\\/cent-misses-en-sufragi-de-lanima-de-magi-sivilla\\\/#article\",\"isPartOf\":{\"@id\":\"https:\\\/\\\/brufaganya.cat\\\/2020\\\/cent-misses-en-sufragi-de-lanima-de-magi-sivilla\\\/\"},\"author\":{\"name\":\"Silvestre Pal\u00e0 Aug\u00e9\",\"@id\":\"https:\\\/\\\/brufaganya.cat\\\/2020\\\/#\\\/schema\\\/person\\\/104a8a58bc74955dad00f639bb234a56\"},\"headline\":\"Cent misses en sufragi de l&#8217;\u00e0nima de Mag\u00ed Sivill\u00e0\",\"datePublished\":\"2020-04-22T21:33:59+00:00\",\"dateModified\":\"2020-04-24T20:28:42+00:00\",\"mainEntityOfPage\":{\"@id\":\"https:\\\/\\\/brufaganya.cat\\\/2020\\\/cent-misses-en-sufragi-de-lanima-de-magi-sivilla\\\/\"},\"wordCount\":503,\"commentCount\":0,\"publisher\":{\"@id\":\"https:\\\/\\\/brufaganya.cat\\\/2020\\\/#organization\"},\"image\":{\"@id\":\"https:\\\/\\\/brufaganya.cat\\\/2020\\\/cent-misses-en-sufragi-de-lanima-de-magi-sivilla\\\/#primaryimage\"},\"thumbnailUrl\":\"https:\\\/\\\/brufaganya.cat\\\/2020\\\/wp-content\\\/uploads\\\/2020\\\/04\\\/llibre-Sivilla.jpg\",\"articleSection\":[\"Arxiu documental \\\/ Hemeroteca\",\"Not\u00edcies\"],\"inLanguage\":\"ca\",\"potentialAction\":[{\"@type\":\"CommentAction\",\"name\":\"Comment\",\"target\":[\"https:\\\/\\\/brufaganya.cat\\\/2020\\\/cent-misses-en-sufragi-de-lanima-de-magi-sivilla\\\/#respond\"]}]},{\"@type\":\"WebPage\",\"@id\":\"https:\\\/\\\/brufaganya.cat\\\/2020\\\/cent-misses-en-sufragi-de-lanima-de-magi-sivilla\\\/\",\"url\":\"https:\\\/\\\/brufaganya.cat\\\/2020\\\/cent-misses-en-sufragi-de-lanima-de-magi-sivilla\\\/\",\"name\":\"Cent misses en sufragi de l'\u00e0nima de Mag\u00ed Sivill\u00e0 &#187; Sant Mag\u00ed de la Brufaganya\",\"isPartOf\":{\"@id\":\"https:\\\/\\\/brufaganya.cat\\\/2020\\\/#website\"},\"primaryImageOfPage\":{\"@id\":\"https:\\\/\\\/brufaganya.cat\\\/2020\\\/cent-misses-en-sufragi-de-lanima-de-magi-sivilla\\\/#primaryimage\"},\"image\":{\"@id\":\"https:\\\/\\\/brufaganya.cat\\\/2020\\\/cent-misses-en-sufragi-de-lanima-de-magi-sivilla\\\/#primaryimage\"},\"thumbnailUrl\":\"https:\\\/\\\/brufaganya.cat\\\/2020\\\/wp-content\\\/uploads\\\/2020\\\/04\\\/llibre-Sivilla.jpg\",\"datePublished\":\"2020-04-22T21:33:59+00:00\",\"dateModified\":\"2020-04-24T20:28:42+00:00\",\"breadcrumb\":{\"@id\":\"https:\\\/\\\/brufaganya.cat\\\/2020\\\/cent-misses-en-sufragi-de-lanima-de-magi-sivilla\\\/#breadcrumb\"},\"inLanguage\":\"ca\",\"potentialAction\":[{\"@type\":\"ReadAction\",\"target\":[\"https:\\\/\\\/brufaganya.cat\\\/2020\\\/cent-misses-en-sufragi-de-lanima-de-magi-sivilla\\\/\"]}]},{\"@type\":\"ImageObject\",\"inLanguage\":\"ca\",\"@id\":\"https:\\\/\\\/brufaganya.cat\\\/2020\\\/cent-misses-en-sufragi-de-lanima-de-magi-sivilla\\\/#primaryimage\",\"url\":\"https:\\\/\\\/brufaganya.cat\\\/2020\\\/wp-content\\\/uploads\\\/2020\\\/04\\\/llibre-Sivilla.jpg\",\"contentUrl\":\"https:\\\/\\\/brufaganya.cat\\\/2020\\\/wp-content\\\/uploads\\\/2020\\\/04\\\/llibre-Sivilla.jpg\",\"width\":354,\"height\":496,\"caption\":\"Presentaci\u00f3 del llibre\"},{\"@type\":\"BreadcrumbList\",\"@id\":\"https:\\\/\\\/brufaganya.cat\\\/2020\\\/cent-misses-en-sufragi-de-lanima-de-magi-sivilla\\\/#breadcrumb\",\"itemListElement\":[{\"@type\":\"ListItem\",\"position\":1,\"name\":\"Inici\",\"item\":\"https:\\\/\\\/brufaganya.cat\\\/2020\\\/\"},{\"@type\":\"ListItem\",\"position\":2,\"name\":\"Cent misses en sufragi de l&#8217;\u00e0nima de Mag\u00ed Sivill\u00e0\"}]},{\"@type\":\"WebSite\",\"@id\":\"https:\\\/\\\/brufaganya.cat\\\/2020\\\/#website\",\"url\":\"https:\\\/\\\/brufaganya.cat\\\/2020\\\/\",\"name\":\"Sant Mag\u00ed de la Brufaganya\",\"description\":\"Lloc web de Sant Mag\u00ed de la Brufaganya\",\"publisher\":{\"@id\":\"https:\\\/\\\/brufaganya.cat\\\/2020\\\/#organization\"},\"potentialAction\":[{\"@type\":\"SearchAction\",\"target\":{\"@type\":\"EntryPoint\",\"urlTemplate\":\"https:\\\/\\\/brufaganya.cat\\\/2020\\\/?s={search_term_string}\"},\"query-input\":{\"@type\":\"PropertyValueSpecification\",\"valueRequired\":true,\"valueName\":\"search_term_string\"}}],\"inLanguage\":\"ca\"},{\"@type\":\"Organization\",\"@id\":\"https:\\\/\\\/brufaganya.cat\\\/2020\\\/#organization\",\"name\":\"Sant Mag\u00ed de Brufaganya\",\"url\":\"https:\\\/\\\/brufaganya.cat\\\/2020\\\/\",\"logo\":{\"@type\":\"ImageObject\",\"inLanguage\":\"ca\",\"@id\":\"https:\\\/\\\/brufaganya.cat\\\/2020\\\/#\\\/schema\\\/logo\\\/image\\\/\",\"url\":\"https:\\\/\\\/brufaganya.cat\\\/2020\\\/wp-content\\\/uploads\\\/2018\\\/11\\\/st_marti_bruga_horitz_posi_logo.jpg\",\"contentUrl\":\"https:\\\/\\\/brufaganya.cat\\\/2020\\\/wp-content\\\/uploads\\\/2018\\\/11\\\/st_marti_bruga_horitz_posi_logo.jpg\",\"width\":1479,\"height\":804,\"caption\":\"Sant Mag\u00ed de Brufaganya\"},\"image\":{\"@id\":\"https:\\\/\\\/brufaganya.cat\\\/2020\\\/#\\\/schema\\\/logo\\\/image\\\/\"},\"sameAs\":[\"https:\\\/\\\/ca.wikipedia.org\\\/wiki\\\/Sant_Mag\u00ed_de_Brufaganya\"]},{\"@type\":\"Person\",\"@id\":\"https:\\\/\\\/brufaganya.cat\\\/2020\\\/#\\\/schema\\\/person\\\/104a8a58bc74955dad00f639bb234a56\",\"name\":\"Silvestre Pal\u00e0 Aug\u00e9\",\"image\":{\"@type\":\"ImageObject\",\"inLanguage\":\"ca\",\"@id\":\"https:\\\/\\\/secure.gravatar.com\\\/avatar\\\/240c865b87ee90f68f1bb82d954fb54e1c50d2b4355c9b807c7f2862e50c5fb1?s=96&d=mm&r=g\",\"url\":\"https:\\\/\\\/secure.gravatar.com\\\/avatar\\\/240c865b87ee90f68f1bb82d954fb54e1c50d2b4355c9b807c7f2862e50c5fb1?s=96&d=mm&r=g\",\"contentUrl\":\"https:\\\/\\\/secure.gravatar.com\\\/avatar\\\/240c865b87ee90f68f1bb82d954fb54e1c50d2b4355c9b807c7f2862e50c5fb1?s=96&d=mm&r=g\",\"caption\":\"Silvestre Pal\u00e0 Aug\u00e9\"},\"url\":\"https:\\\/\\\/brufaganya.cat\\\/2020\\\/author\\\/spala\\\/\"}]}<\/script>\n<!-- \/ Yoast SEO plugin. -->","yoast_head_json":{"title":"Cent misses en sufragi de l'\u00e0nima de Mag\u00ed Sivill\u00e0 &#187; Sant Mag\u00ed de la Brufaganya","robots":{"index":"index","follow":"follow","max-snippet":"max-snippet:-1","max-image-preview":"max-image-preview:large","max-video-preview":"max-video-preview:-1"},"canonical":"https:\/\/brufaganya.cat\/2020\/cent-misses-en-sufragi-de-lanima-de-magi-sivilla\/","og_locale":"ca_ES","og_type":"article","og_title":"Cent misses en sufragi de l'\u00e0nima de Mag\u00ed Sivill\u00e0 &#187; Sant Mag\u00ed de la Brufaganya","og_url":"https:\/\/brufaganya.cat\/2020\/cent-misses-en-sufragi-de-lanima-de-magi-sivilla\/","og_site_name":"Sant Mag\u00ed de la Brufaganya","article_published_time":"2020-04-22T21:33:59+00:00","article_modified_time":"2020-04-24T20:28:42+00:00","og_image":[{"width":354,"height":496,"url":"https:\/\/brufaganya.cat\/2020\/wp-content\/uploads\/2020\/04\/llibre-Sivilla.jpg","type":"image\/jpeg"}],"author":"Silvestre Pal\u00e0 Aug\u00e9","twitter_card":"summary_large_image","twitter_misc":{"Escrit per":"Silvestre Pal\u00e0 Aug\u00e9","Temps estimat de lectura":"2 minuts"},"schema":{"@context":"https:\/\/schema.org","@graph":[{"@type":"Article","@id":"https:\/\/brufaganya.cat\/2020\/cent-misses-en-sufragi-de-lanima-de-magi-sivilla\/#article","isPartOf":{"@id":"https:\/\/brufaganya.cat\/2020\/cent-misses-en-sufragi-de-lanima-de-magi-sivilla\/"},"author":{"name":"Silvestre Pal\u00e0 Aug\u00e9","@id":"https:\/\/brufaganya.cat\/2020\/#\/schema\/person\/104a8a58bc74955dad00f639bb234a56"},"headline":"Cent misses en sufragi de l&#8217;\u00e0nima de Mag\u00ed Sivill\u00e0","datePublished":"2020-04-22T21:33:59+00:00","dateModified":"2020-04-24T20:28:42+00:00","mainEntityOfPage":{"@id":"https:\/\/brufaganya.cat\/2020\/cent-misses-en-sufragi-de-lanima-de-magi-sivilla\/"},"wordCount":503,"commentCount":0,"publisher":{"@id":"https:\/\/brufaganya.cat\/2020\/#organization"},"image":{"@id":"https:\/\/brufaganya.cat\/2020\/cent-misses-en-sufragi-de-lanima-de-magi-sivilla\/#primaryimage"},"thumbnailUrl":"https:\/\/brufaganya.cat\/2020\/wp-content\/uploads\/2020\/04\/llibre-Sivilla.jpg","articleSection":["Arxiu documental \/ Hemeroteca","Not\u00edcies"],"inLanguage":"ca","potentialAction":[{"@type":"CommentAction","name":"Comment","target":["https:\/\/brufaganya.cat\/2020\/cent-misses-en-sufragi-de-lanima-de-magi-sivilla\/#respond"]}]},{"@type":"WebPage","@id":"https:\/\/brufaganya.cat\/2020\/cent-misses-en-sufragi-de-lanima-de-magi-sivilla\/","url":"https:\/\/brufaganya.cat\/2020\/cent-misses-en-sufragi-de-lanima-de-magi-sivilla\/","name":"Cent misses en sufragi de l'\u00e0nima de Mag\u00ed Sivill\u00e0 &#187; Sant Mag\u00ed de la Brufaganya","isPartOf":{"@id":"https:\/\/brufaganya.cat\/2020\/#website"},"primaryImageOfPage":{"@id":"https:\/\/brufaganya.cat\/2020\/cent-misses-en-sufragi-de-lanima-de-magi-sivilla\/#primaryimage"},"image":{"@id":"https:\/\/brufaganya.cat\/2020\/cent-misses-en-sufragi-de-lanima-de-magi-sivilla\/#primaryimage"},"thumbnailUrl":"https:\/\/brufaganya.cat\/2020\/wp-content\/uploads\/2020\/04\/llibre-Sivilla.jpg","datePublished":"2020-04-22T21:33:59+00:00","dateModified":"2020-04-24T20:28:42+00:00","breadcrumb":{"@id":"https:\/\/brufaganya.cat\/2020\/cent-misses-en-sufragi-de-lanima-de-magi-sivilla\/#breadcrumb"},"inLanguage":"ca","potentialAction":[{"@type":"ReadAction","target":["https:\/\/brufaganya.cat\/2020\/cent-misses-en-sufragi-de-lanima-de-magi-sivilla\/"]}]},{"@type":"ImageObject","inLanguage":"ca","@id":"https:\/\/brufaganya.cat\/2020\/cent-misses-en-sufragi-de-lanima-de-magi-sivilla\/#primaryimage","url":"https:\/\/brufaganya.cat\/2020\/wp-content\/uploads\/2020\/04\/llibre-Sivilla.jpg","contentUrl":"https:\/\/brufaganya.cat\/2020\/wp-content\/uploads\/2020\/04\/llibre-Sivilla.jpg","width":354,"height":496,"caption":"Presentaci\u00f3 del llibre"},{"@type":"BreadcrumbList","@id":"https:\/\/brufaganya.cat\/2020\/cent-misses-en-sufragi-de-lanima-de-magi-sivilla\/#breadcrumb","itemListElement":[{"@type":"ListItem","position":1,"name":"Inici","item":"https:\/\/brufaganya.cat\/2020\/"},{"@type":"ListItem","position":2,"name":"Cent misses en sufragi de l&#8217;\u00e0nima de Mag\u00ed Sivill\u00e0"}]},{"@type":"WebSite","@id":"https:\/\/brufaganya.cat\/2020\/#website","url":"https:\/\/brufaganya.cat\/2020\/","name":"Sant Mag\u00ed de la Brufaganya","description":"Lloc web de Sant Mag\u00ed de la Brufaganya","publisher":{"@id":"https:\/\/brufaganya.cat\/2020\/#organization"},"potentialAction":[{"@type":"SearchAction","target":{"@type":"EntryPoint","urlTemplate":"https:\/\/brufaganya.cat\/2020\/?s={search_term_string}"},"query-input":{"@type":"PropertyValueSpecification","valueRequired":true,"valueName":"search_term_string"}}],"inLanguage":"ca"},{"@type":"Organization","@id":"https:\/\/brufaganya.cat\/2020\/#organization","name":"Sant Mag\u00ed de Brufaganya","url":"https:\/\/brufaganya.cat\/2020\/","logo":{"@type":"ImageObject","inLanguage":"ca","@id":"https:\/\/brufaganya.cat\/2020\/#\/schema\/logo\/image\/","url":"https:\/\/brufaganya.cat\/2020\/wp-content\/uploads\/2018\/11\/st_marti_bruga_horitz_posi_logo.jpg","contentUrl":"https:\/\/brufaganya.cat\/2020\/wp-content\/uploads\/2018\/11\/st_marti_bruga_horitz_posi_logo.jpg","width":1479,"height":804,"caption":"Sant Mag\u00ed de Brufaganya"},"image":{"@id":"https:\/\/brufaganya.cat\/2020\/#\/schema\/logo\/image\/"},"sameAs":["https:\/\/ca.wikipedia.org\/wiki\/Sant_Mag\u00ed_de_Brufaganya"]},{"@type":"Person","@id":"https:\/\/brufaganya.cat\/2020\/#\/schema\/person\/104a8a58bc74955dad00f639bb234a56","name":"Silvestre Pal\u00e0 Aug\u00e9","image":{"@type":"ImageObject","inLanguage":"ca","@id":"https:\/\/secure.gravatar.com\/avatar\/240c865b87ee90f68f1bb82d954fb54e1c50d2b4355c9b807c7f2862e50c5fb1?s=96&d=mm&r=g","url":"https:\/\/secure.gravatar.com\/avatar\/240c865b87ee90f68f1bb82d954fb54e1c50d2b4355c9b807c7f2862e50c5fb1?s=96&d=mm&r=g","contentUrl":"https:\/\/secure.gravatar.com\/avatar\/240c865b87ee90f68f1bb82d954fb54e1c50d2b4355c9b807c7f2862e50c5fb1?s=96&d=mm&r=g","caption":"Silvestre Pal\u00e0 Aug\u00e9"},"url":"https:\/\/brufaganya.cat\/2020\/author\/spala\/"}]}},"_links":{"self":[{"href":"https:\/\/brufaganya.cat\/2020\/wp-json\/wp\/v2\/posts\/5200","targetHints":{"allow":["GET"]}}],"collection":[{"href":"https:\/\/brufaganya.cat\/2020\/wp-json\/wp\/v2\/posts"}],"about":[{"href":"https:\/\/brufaganya.cat\/2020\/wp-json\/wp\/v2\/types\/post"}],"author":[{"embeddable":true,"href":"https:\/\/brufaganya.cat\/2020\/wp-json\/wp\/v2\/users\/109"}],"replies":[{"embeddable":true,"href":"https:\/\/brufaganya.cat\/2020\/wp-json\/wp\/v2\/comments?post=5200"}],"version-history":[{"count":0,"href":"https:\/\/brufaganya.cat\/2020\/wp-json\/wp\/v2\/posts\/5200\/revisions"}],"wp:featuredmedia":[{"embeddable":true,"href":"https:\/\/brufaganya.cat\/2020\/wp-json\/wp\/v2\/media\/5202"}],"wp:attachment":[{"href":"https:\/\/brufaganya.cat\/2020\/wp-json\/wp\/v2\/media?parent=5200"}],"wp:term":[{"taxonomy":"category","embeddable":true,"href":"https:\/\/brufaganya.cat\/2020\/wp-json\/wp\/v2\/categories?post=5200"},{"taxonomy":"post_tag","embeddable":true,"href":"https:\/\/brufaganya.cat\/2020\/wp-json\/wp\/v2\/tags?post=5200"}],"curies":[{"name":"wp","href":"https:\/\/api.w.org\/{rel}","templated":true}]}}