{"id":5154,"date":"2020-03-30T23:07:51","date_gmt":"2020-03-30T21:07:51","guid":{"rendered":"https:\/\/brufaganya.cat\/2020\/?p=5154"},"modified":"2020-04-01T12:21:53","modified_gmt":"2020-04-01T10:21:53","slug":"la-tradicio-de-la-festa-de-sant-magi-a-guissona","status":"publish","type":"post","link":"https:\/\/brufaganya.cat\/2020\/la-tradicio-de-la-festa-de-sant-magi-a-guissona\/","title":{"rendered":"La tradici\u00f3 de la festa de Sant Mag\u00ed a Guissona"},"content":{"rendered":"<p><!--more--><\/p>\n<p>La devoci\u00f3 a Sant Mag\u00ed a Guissona \u00e9s molt antiga. \u00c9s una d\u2019aquelles petites festes de poble que se celebren gaireb\u00e9 en la intimitat per\u00f2 que any rere any, generaci\u00f3 rere generaci\u00f3, van fent el seu cam\u00ed.<\/p>\n<figure id=\"attachment_5157\" aria-describedby=\"caption-attachment-5157\" style=\"width: 381px\" class=\"wp-caption alignright\"><img loading=\"lazy\" decoding=\"async\" class=\"wp-image-5157\" src=\"https:\/\/brufaganya.cat\/2020\/wp-content\/uploads\/2020\/03\/1940-08-19-CAPELLA-SANT-MAG\u00cd-768x1024.jpg\" alt=\"\" width=\"381\" height=\"508\" srcset=\"https:\/\/brufaganya.cat\/2020\/wp-content\/uploads\/2020\/03\/1940-08-19-CAPELLA-SANT-MAG\u00cd-768x1024.jpg 768w, https:\/\/brufaganya.cat\/2020\/wp-content\/uploads\/2020\/03\/1940-08-19-CAPELLA-SANT-MAG\u00cd-225x300.jpg 225w\" sizes=\"auto, (max-width: 381px) 100vw, 381px\" \/><figcaption id=\"caption-attachment-5157\" class=\"wp-caption-text\">El carrer de Sant Mag\u00ed a Guissona l&#8217;any 1940<\/figcaption><\/figure>\n<p>Si mirem temps enrere sabem que el mat\u00ed del dia de Sant Mag\u00ed, el 19 d\u2019agost, hi havia una missa molt concorreguda a l\u2019esgl\u00e9sia parroquial al final de la qual es bene\u00efen dos c\u00e0ntirs d\u2019aigua que despr\u00e9s servien per omplir dos petits sellons que es posaven al peu de la capelleta de Sant Mag\u00ed que hi ha al carrer del seu nom. La gent passava a resar un parenostre i feien un trago de l\u2019aigua bene\u00efda. A la tarda es donava cova ensucrada i a la nit hi havia un ball de festa<\/p>\n<p>Tamb\u00e9 en aquell temps era bastant com\u00fa, molt m\u00e9s que ara, el nom de Mag\u00ed entre els convilatans de Guissona. En fem un petit rep\u00e0s que no vol pas ser exhaustiu:<\/p>\n<ul>\n<li>Mag\u00ed Mercad\u00e9 Serra (1883-1968)<\/li>\n<li>Mag\u00ed Mercad\u00e9 Segura (1823-1876)<\/li>\n<li>Mag\u00ed Roca Sala -Cal Pona- (1912-1936)<\/li>\n<li>Mag\u00ed Lluch<\/li>\n<li>Mag\u00ed Huguet Daniel \u2013Cal Pad\u00e8mies- (1894-1970)<\/li>\n<li>Mag\u00ed Torramorell \u2013Cal M\u00fasic-<\/li>\n<li>Mag\u00ed Ros Farr\u00e9 \u2013Cal Llebreta- (1868-?)<\/li>\n<li>Mag\u00ed Beneit Santaeul\u00e0ria (1886-1966)<\/li>\n<li>Mag\u00ed Beneit Gabriel (1847-?)<\/li>\n<li>Mag\u00ed Graset Borroy.<\/li>\n<\/ul>\n<p>Com en molts altres llocs la guerra civil va afectar plenament la festa. La imatge va ser salvada per Joan Badia, el pubill de Cal Rafelet, que la va amagar sota la caixa d\u2019escala de casa seva.<\/p>\n<p><em>(Informaci\u00f3 facilitada per Meli Jounou)<\/em><\/p>\n","protected":false},"excerpt":{"rendered":"La devoci\u00f3 a Sant Mag\u00ed a Guissona \u00e9s molt antiga. \u00c9s una d\u2019aquelles petites festes de poble que se celebren gaireb\u00e9 en la intimitat per\u00f2 que any rere any, generaci\u00f3 [...]","protected":false},"author":109,"featured_media":5162,"comment_status":"open","ping_status":"closed","sticky":false,"template":"","format":"standard","meta":{"inline_featured_image":false,"footnotes":""},"categories":[768],"tags":[807,806],"class_list":["post-5154","post","type-post","status-publish","format-standard","has-post-thumbnail","hentry","category-tradicions-religioses","tag-barri-de-sant-magi","tag-guissona"],"yoast_head":"<!-- This site is optimized with the Yoast SEO plugin v27.5 - https:\/\/yoast.com\/product\/yoast-seo-wordpress\/ -->\n<title>La tradici\u00f3 de la festa de Sant Mag\u00ed a Guissona &#187; Sant Mag\u00ed de la Brufaganya<\/title>\n<meta name=\"robots\" content=\"index, follow, max-snippet:-1, max-image-preview:large, max-video-preview:-1\" \/>\n<link rel=\"canonical\" href=\"https:\/\/brufaganya.cat\/2020\/la-tradicio-de-la-festa-de-sant-magi-a-guissona\/\" \/>\n<meta property=\"og:locale\" content=\"ca_ES\" \/>\n<meta property=\"og:type\" content=\"article\" \/>\n<meta property=\"og:title\" content=\"La tradici\u00f3 de la festa de Sant Mag\u00ed a Guissona &#187; Sant Mag\u00ed de la Brufaganya\" \/>\n<meta property=\"og:url\" content=\"https:\/\/brufaganya.cat\/2020\/la-tradicio-de-la-festa-de-sant-magi-a-guissona\/\" \/>\n<meta property=\"og:site_name\" content=\"Sant Mag\u00ed de la Brufaganya\" \/>\n<meta property=\"article:published_time\" content=\"2020-03-30T21:07:51+00:00\" \/>\n<meta property=\"article:modified_time\" content=\"2020-04-01T10:21:53+00:00\" \/>\n<meta property=\"og:image\" content=\"https:\/\/brufaganya.cat\/2020\/wp-content\/uploads\/2020\/03\/2011-08-19-LA-FESTA-DEL-SANT-10-m\u00e9s-petita.jpg\" \/>\n\t<meta property=\"og:image:width\" content=\"2480\" \/>\n\t<meta property=\"og:image:height\" content=\"1860\" \/>\n\t<meta property=\"og:image:type\" content=\"image\/jpeg\" \/>\n<meta name=\"author\" content=\"Silvestre Pal\u00e0 Aug\u00e9\" \/>\n<meta name=\"twitter:card\" content=\"summary_large_image\" \/>\n<meta name=\"twitter:label1\" content=\"Escrit per\" \/>\n\t<meta name=\"twitter:data1\" content=\"Silvestre Pal\u00e0 Aug\u00e9\" \/>\n\t<meta name=\"twitter:label2\" content=\"Temps estimat de lectura\" \/>\n\t<meta name=\"twitter:data2\" content=\"1 minut\" \/>\n<script type=\"application\/ld+json\" class=\"yoast-schema-graph\">{\"@context\":\"https:\\\/\\\/schema.org\",\"@graph\":[{\"@type\":\"Article\",\"@id\":\"https:\\\/\\\/brufaganya.cat\\\/2020\\\/la-tradicio-de-la-festa-de-sant-magi-a-guissona\\\/#article\",\"isPartOf\":{\"@id\":\"https:\\\/\\\/brufaganya.cat\\\/2020\\\/la-tradicio-de-la-festa-de-sant-magi-a-guissona\\\/\"},\"author\":{\"name\":\"Silvestre Pal\u00e0 Aug\u00e9\",\"@id\":\"https:\\\/\\\/brufaganya.cat\\\/2020\\\/#\\\/schema\\\/person\\\/104a8a58bc74955dad00f639bb234a56\"},\"headline\":\"La tradici\u00f3 de la festa de Sant Mag\u00ed a Guissona\",\"datePublished\":\"2020-03-30T21:07:51+00:00\",\"dateModified\":\"2020-04-01T10:21:53+00:00\",\"mainEntityOfPage\":{\"@id\":\"https:\\\/\\\/brufaganya.cat\\\/2020\\\/la-tradicio-de-la-festa-de-sant-magi-a-guissona\\\/\"},\"wordCount\":286,\"commentCount\":0,\"publisher\":{\"@id\":\"https:\\\/\\\/brufaganya.cat\\\/2020\\\/#organization\"},\"image\":{\"@id\":\"https:\\\/\\\/brufaganya.cat\\\/2020\\\/la-tradicio-de-la-festa-de-sant-magi-a-guissona\\\/#primaryimage\"},\"thumbnailUrl\":\"https:\\\/\\\/brufaganya.cat\\\/2020\\\/wp-content\\\/uploads\\\/2020\\\/03\\\/2011-08-19-LA-FESTA-DEL-SANT-10-m\u00e9s-petita.jpg\",\"keywords\":[\"barri de Sant Mag\u00ed\",\"Guissona\"],\"articleSection\":[\"Tradicions religioses\"],\"inLanguage\":\"ca\",\"potentialAction\":[{\"@type\":\"CommentAction\",\"name\":\"Comment\",\"target\":[\"https:\\\/\\\/brufaganya.cat\\\/2020\\\/la-tradicio-de-la-festa-de-sant-magi-a-guissona\\\/#respond\"]}]},{\"@type\":\"WebPage\",\"@id\":\"https:\\\/\\\/brufaganya.cat\\\/2020\\\/la-tradicio-de-la-festa-de-sant-magi-a-guissona\\\/\",\"url\":\"https:\\\/\\\/brufaganya.cat\\\/2020\\\/la-tradicio-de-la-festa-de-sant-magi-a-guissona\\\/\",\"name\":\"La tradici\u00f3 de la festa de Sant Mag\u00ed a Guissona &#187; Sant Mag\u00ed de la Brufaganya\",\"isPartOf\":{\"@id\":\"https:\\\/\\\/brufaganya.cat\\\/2020\\\/#website\"},\"primaryImageOfPage\":{\"@id\":\"https:\\\/\\\/brufaganya.cat\\\/2020\\\/la-tradicio-de-la-festa-de-sant-magi-a-guissona\\\/#primaryimage\"},\"image\":{\"@id\":\"https:\\\/\\\/brufaganya.cat\\\/2020\\\/la-tradicio-de-la-festa-de-sant-magi-a-guissona\\\/#primaryimage\"},\"thumbnailUrl\":\"https:\\\/\\\/brufaganya.cat\\\/2020\\\/wp-content\\\/uploads\\\/2020\\\/03\\\/2011-08-19-LA-FESTA-DEL-SANT-10-m\u00e9s-petita.jpg\",\"datePublished\":\"2020-03-30T21:07:51+00:00\",\"dateModified\":\"2020-04-01T10:21:53+00:00\",\"breadcrumb\":{\"@id\":\"https:\\\/\\\/brufaganya.cat\\\/2020\\\/la-tradicio-de-la-festa-de-sant-magi-a-guissona\\\/#breadcrumb\"},\"inLanguage\":\"ca\",\"potentialAction\":[{\"@type\":\"ReadAction\",\"target\":[\"https:\\\/\\\/brufaganya.cat\\\/2020\\\/la-tradicio-de-la-festa-de-sant-magi-a-guissona\\\/\"]}]},{\"@type\":\"ImageObject\",\"inLanguage\":\"ca\",\"@id\":\"https:\\\/\\\/brufaganya.cat\\\/2020\\\/la-tradicio-de-la-festa-de-sant-magi-a-guissona\\\/#primaryimage\",\"url\":\"https:\\\/\\\/brufaganya.cat\\\/2020\\\/wp-content\\\/uploads\\\/2020\\\/03\\\/2011-08-19-LA-FESTA-DEL-SANT-10-m\u00e9s-petita.jpg\",\"contentUrl\":\"https:\\\/\\\/brufaganya.cat\\\/2020\\\/wp-content\\\/uploads\\\/2020\\\/03\\\/2011-08-19-LA-FESTA-DEL-SANT-10-m\u00e9s-petita.jpg\",\"width\":2480,\"height\":1860,\"caption\":\"La forn\u00edcula de Sant Mag\u00ed a Guissona (Foto: Meli Jonou, 2011)\"},{\"@type\":\"BreadcrumbList\",\"@id\":\"https:\\\/\\\/brufaganya.cat\\\/2020\\\/la-tradicio-de-la-festa-de-sant-magi-a-guissona\\\/#breadcrumb\",\"itemListElement\":[{\"@type\":\"ListItem\",\"position\":1,\"name\":\"Inici\",\"item\":\"https:\\\/\\\/brufaganya.cat\\\/2020\\\/\"},{\"@type\":\"ListItem\",\"position\":2,\"name\":\"La tradici\u00f3 de la festa de Sant Mag\u00ed a Guissona\"}]},{\"@type\":\"WebSite\",\"@id\":\"https:\\\/\\\/brufaganya.cat\\\/2020\\\/#website\",\"url\":\"https:\\\/\\\/brufaganya.cat\\\/2020\\\/\",\"name\":\"Sant Mag\u00ed de la Brufaganya\",\"description\":\"Lloc web de Sant Mag\u00ed de la Brufaganya\",\"publisher\":{\"@id\":\"https:\\\/\\\/brufaganya.cat\\\/2020\\\/#organization\"},\"potentialAction\":[{\"@type\":\"SearchAction\",\"target\":{\"@type\":\"EntryPoint\",\"urlTemplate\":\"https:\\\/\\\/brufaganya.cat\\\/2020\\\/?s={search_term_string}\"},\"query-input\":{\"@type\":\"PropertyValueSpecification\",\"valueRequired\":true,\"valueName\":\"search_term_string\"}}],\"inLanguage\":\"ca\"},{\"@type\":\"Organization\",\"@id\":\"https:\\\/\\\/brufaganya.cat\\\/2020\\\/#organization\",\"name\":\"Sant Mag\u00ed de Brufaganya\",\"url\":\"https:\\\/\\\/brufaganya.cat\\\/2020\\\/\",\"logo\":{\"@type\":\"ImageObject\",\"inLanguage\":\"ca\",\"@id\":\"https:\\\/\\\/brufaganya.cat\\\/2020\\\/#\\\/schema\\\/logo\\\/image\\\/\",\"url\":\"https:\\\/\\\/brufaganya.cat\\\/2020\\\/wp-content\\\/uploads\\\/2018\\\/11\\\/st_marti_bruga_horitz_posi_logo.jpg\",\"contentUrl\":\"https:\\\/\\\/brufaganya.cat\\\/2020\\\/wp-content\\\/uploads\\\/2018\\\/11\\\/st_marti_bruga_horitz_posi_logo.jpg\",\"width\":1479,\"height\":804,\"caption\":\"Sant Mag\u00ed de Brufaganya\"},\"image\":{\"@id\":\"https:\\\/\\\/brufaganya.cat\\\/2020\\\/#\\\/schema\\\/logo\\\/image\\\/\"},\"sameAs\":[\"https:\\\/\\\/ca.wikipedia.org\\\/wiki\\\/Sant_Mag\u00ed_de_Brufaganya\"]},{\"@type\":\"Person\",\"@id\":\"https:\\\/\\\/brufaganya.cat\\\/2020\\\/#\\\/schema\\\/person\\\/104a8a58bc74955dad00f639bb234a56\",\"name\":\"Silvestre Pal\u00e0 Aug\u00e9\",\"image\":{\"@type\":\"ImageObject\",\"inLanguage\":\"ca\",\"@id\":\"https:\\\/\\\/secure.gravatar.com\\\/avatar\\\/240c865b87ee90f68f1bb82d954fb54e1c50d2b4355c9b807c7f2862e50c5fb1?s=96&d=mm&r=g\",\"url\":\"https:\\\/\\\/secure.gravatar.com\\\/avatar\\\/240c865b87ee90f68f1bb82d954fb54e1c50d2b4355c9b807c7f2862e50c5fb1?s=96&d=mm&r=g\",\"contentUrl\":\"https:\\\/\\\/secure.gravatar.com\\\/avatar\\\/240c865b87ee90f68f1bb82d954fb54e1c50d2b4355c9b807c7f2862e50c5fb1?s=96&d=mm&r=g\",\"caption\":\"Silvestre Pal\u00e0 Aug\u00e9\"},\"url\":\"https:\\\/\\\/brufaganya.cat\\\/2020\\\/author\\\/spala\\\/\"}]}<\/script>\n<!-- \/ Yoast SEO plugin. -->","yoast_head_json":{"title":"La tradici\u00f3 de la festa de Sant Mag\u00ed a Guissona &#187; Sant Mag\u00ed de la Brufaganya","robots":{"index":"index","follow":"follow","max-snippet":"max-snippet:-1","max-image-preview":"max-image-preview:large","max-video-preview":"max-video-preview:-1"},"canonical":"https:\/\/brufaganya.cat\/2020\/la-tradicio-de-la-festa-de-sant-magi-a-guissona\/","og_locale":"ca_ES","og_type":"article","og_title":"La tradici\u00f3 de la festa de Sant Mag\u00ed a Guissona &#187; Sant Mag\u00ed de la Brufaganya","og_url":"https:\/\/brufaganya.cat\/2020\/la-tradicio-de-la-festa-de-sant-magi-a-guissona\/","og_site_name":"Sant Mag\u00ed de la Brufaganya","article_published_time":"2020-03-30T21:07:51+00:00","article_modified_time":"2020-04-01T10:21:53+00:00","og_image":[{"width":2480,"height":1860,"url":"https:\/\/brufaganya.cat\/2020\/wp-content\/uploads\/2020\/03\/2011-08-19-LA-FESTA-DEL-SANT-10-m\u00e9s-petita.jpg","type":"image\/jpeg"}],"author":"Silvestre Pal\u00e0 Aug\u00e9","twitter_card":"summary_large_image","twitter_misc":{"Escrit per":"Silvestre Pal\u00e0 Aug\u00e9","Temps estimat de lectura":"1 minut"},"schema":{"@context":"https:\/\/schema.org","@graph":[{"@type":"Article","@id":"https:\/\/brufaganya.cat\/2020\/la-tradicio-de-la-festa-de-sant-magi-a-guissona\/#article","isPartOf":{"@id":"https:\/\/brufaganya.cat\/2020\/la-tradicio-de-la-festa-de-sant-magi-a-guissona\/"},"author":{"name":"Silvestre Pal\u00e0 Aug\u00e9","@id":"https:\/\/brufaganya.cat\/2020\/#\/schema\/person\/104a8a58bc74955dad00f639bb234a56"},"headline":"La tradici\u00f3 de la festa de Sant Mag\u00ed a Guissona","datePublished":"2020-03-30T21:07:51+00:00","dateModified":"2020-04-01T10:21:53+00:00","mainEntityOfPage":{"@id":"https:\/\/brufaganya.cat\/2020\/la-tradicio-de-la-festa-de-sant-magi-a-guissona\/"},"wordCount":286,"commentCount":0,"publisher":{"@id":"https:\/\/brufaganya.cat\/2020\/#organization"},"image":{"@id":"https:\/\/brufaganya.cat\/2020\/la-tradicio-de-la-festa-de-sant-magi-a-guissona\/#primaryimage"},"thumbnailUrl":"https:\/\/brufaganya.cat\/2020\/wp-content\/uploads\/2020\/03\/2011-08-19-LA-FESTA-DEL-SANT-10-m\u00e9s-petita.jpg","keywords":["barri de Sant Mag\u00ed","Guissona"],"articleSection":["Tradicions religioses"],"inLanguage":"ca","potentialAction":[{"@type":"CommentAction","name":"Comment","target":["https:\/\/brufaganya.cat\/2020\/la-tradicio-de-la-festa-de-sant-magi-a-guissona\/#respond"]}]},{"@type":"WebPage","@id":"https:\/\/brufaganya.cat\/2020\/la-tradicio-de-la-festa-de-sant-magi-a-guissona\/","url":"https:\/\/brufaganya.cat\/2020\/la-tradicio-de-la-festa-de-sant-magi-a-guissona\/","name":"La tradici\u00f3 de la festa de Sant Mag\u00ed a Guissona &#187; Sant Mag\u00ed de la Brufaganya","isPartOf":{"@id":"https:\/\/brufaganya.cat\/2020\/#website"},"primaryImageOfPage":{"@id":"https:\/\/brufaganya.cat\/2020\/la-tradicio-de-la-festa-de-sant-magi-a-guissona\/#primaryimage"},"image":{"@id":"https:\/\/brufaganya.cat\/2020\/la-tradicio-de-la-festa-de-sant-magi-a-guissona\/#primaryimage"},"thumbnailUrl":"https:\/\/brufaganya.cat\/2020\/wp-content\/uploads\/2020\/03\/2011-08-19-LA-FESTA-DEL-SANT-10-m\u00e9s-petita.jpg","datePublished":"2020-03-30T21:07:51+00:00","dateModified":"2020-04-01T10:21:53+00:00","breadcrumb":{"@id":"https:\/\/brufaganya.cat\/2020\/la-tradicio-de-la-festa-de-sant-magi-a-guissona\/#breadcrumb"},"inLanguage":"ca","potentialAction":[{"@type":"ReadAction","target":["https:\/\/brufaganya.cat\/2020\/la-tradicio-de-la-festa-de-sant-magi-a-guissona\/"]}]},{"@type":"ImageObject","inLanguage":"ca","@id":"https:\/\/brufaganya.cat\/2020\/la-tradicio-de-la-festa-de-sant-magi-a-guissona\/#primaryimage","url":"https:\/\/brufaganya.cat\/2020\/wp-content\/uploads\/2020\/03\/2011-08-19-LA-FESTA-DEL-SANT-10-m\u00e9s-petita.jpg","contentUrl":"https:\/\/brufaganya.cat\/2020\/wp-content\/uploads\/2020\/03\/2011-08-19-LA-FESTA-DEL-SANT-10-m\u00e9s-petita.jpg","width":2480,"height":1860,"caption":"La forn\u00edcula de Sant Mag\u00ed a Guissona (Foto: Meli Jonou, 2011)"},{"@type":"BreadcrumbList","@id":"https:\/\/brufaganya.cat\/2020\/la-tradicio-de-la-festa-de-sant-magi-a-guissona\/#breadcrumb","itemListElement":[{"@type":"ListItem","position":1,"name":"Inici","item":"https:\/\/brufaganya.cat\/2020\/"},{"@type":"ListItem","position":2,"name":"La tradici\u00f3 de la festa de Sant Mag\u00ed a Guissona"}]},{"@type":"WebSite","@id":"https:\/\/brufaganya.cat\/2020\/#website","url":"https:\/\/brufaganya.cat\/2020\/","name":"Sant Mag\u00ed de la Brufaganya","description":"Lloc web de Sant Mag\u00ed de la Brufaganya","publisher":{"@id":"https:\/\/brufaganya.cat\/2020\/#organization"},"potentialAction":[{"@type":"SearchAction","target":{"@type":"EntryPoint","urlTemplate":"https:\/\/brufaganya.cat\/2020\/?s={search_term_string}"},"query-input":{"@type":"PropertyValueSpecification","valueRequired":true,"valueName":"search_term_string"}}],"inLanguage":"ca"},{"@type":"Organization","@id":"https:\/\/brufaganya.cat\/2020\/#organization","name":"Sant Mag\u00ed de Brufaganya","url":"https:\/\/brufaganya.cat\/2020\/","logo":{"@type":"ImageObject","inLanguage":"ca","@id":"https:\/\/brufaganya.cat\/2020\/#\/schema\/logo\/image\/","url":"https:\/\/brufaganya.cat\/2020\/wp-content\/uploads\/2018\/11\/st_marti_bruga_horitz_posi_logo.jpg","contentUrl":"https:\/\/brufaganya.cat\/2020\/wp-content\/uploads\/2018\/11\/st_marti_bruga_horitz_posi_logo.jpg","width":1479,"height":804,"caption":"Sant Mag\u00ed de Brufaganya"},"image":{"@id":"https:\/\/brufaganya.cat\/2020\/#\/schema\/logo\/image\/"},"sameAs":["https:\/\/ca.wikipedia.org\/wiki\/Sant_Mag\u00ed_de_Brufaganya"]},{"@type":"Person","@id":"https:\/\/brufaganya.cat\/2020\/#\/schema\/person\/104a8a58bc74955dad00f639bb234a56","name":"Silvestre Pal\u00e0 Aug\u00e9","image":{"@type":"ImageObject","inLanguage":"ca","@id":"https:\/\/secure.gravatar.com\/avatar\/240c865b87ee90f68f1bb82d954fb54e1c50d2b4355c9b807c7f2862e50c5fb1?s=96&d=mm&r=g","url":"https:\/\/secure.gravatar.com\/avatar\/240c865b87ee90f68f1bb82d954fb54e1c50d2b4355c9b807c7f2862e50c5fb1?s=96&d=mm&r=g","contentUrl":"https:\/\/secure.gravatar.com\/avatar\/240c865b87ee90f68f1bb82d954fb54e1c50d2b4355c9b807c7f2862e50c5fb1?s=96&d=mm&r=g","caption":"Silvestre Pal\u00e0 Aug\u00e9"},"url":"https:\/\/brufaganya.cat\/2020\/author\/spala\/"}]}},"_links":{"self":[{"href":"https:\/\/brufaganya.cat\/2020\/wp-json\/wp\/v2\/posts\/5154","targetHints":{"allow":["GET"]}}],"collection":[{"href":"https:\/\/brufaganya.cat\/2020\/wp-json\/wp\/v2\/posts"}],"about":[{"href":"https:\/\/brufaganya.cat\/2020\/wp-json\/wp\/v2\/types\/post"}],"author":[{"embeddable":true,"href":"https:\/\/brufaganya.cat\/2020\/wp-json\/wp\/v2\/users\/109"}],"replies":[{"embeddable":true,"href":"https:\/\/brufaganya.cat\/2020\/wp-json\/wp\/v2\/comments?post=5154"}],"version-history":[{"count":0,"href":"https:\/\/brufaganya.cat\/2020\/wp-json\/wp\/v2\/posts\/5154\/revisions"}],"wp:featuredmedia":[{"embeddable":true,"href":"https:\/\/brufaganya.cat\/2020\/wp-json\/wp\/v2\/media\/5162"}],"wp:attachment":[{"href":"https:\/\/brufaganya.cat\/2020\/wp-json\/wp\/v2\/media?parent=5154"}],"wp:term":[{"taxonomy":"category","embeddable":true,"href":"https:\/\/brufaganya.cat\/2020\/wp-json\/wp\/v2\/categories?post=5154"},{"taxonomy":"post_tag","embeddable":true,"href":"https:\/\/brufaganya.cat\/2020\/wp-json\/wp\/v2\/tags?post=5154"}],"curies":[{"name":"wp","href":"https:\/\/api.w.org\/{rel}","templated":true}]}}