{"id":5041,"date":"2020-03-14T23:34:54","date_gmt":"2020-03-14T21:34:54","guid":{"rendered":"https:\/\/brufaganya.cat\/2020\/?p=5041"},"modified":"2020-12-18T11:20:19","modified_gmt":"2020-12-18T09:20:19","slug":"afsm027-dinar-de-laplec-de-sant-magi-1","status":"publish","type":"post","link":"https:\/\/brufaganya.cat\/2020\/afsm027-dinar-de-laplec-de-sant-magi-1\/","title":{"rendered":"AFSM027 -Dinar de l&#8217;aplec de Sant Mag\u00ed (1)"},"content":{"rendered":"<p><!--more--><\/p>\n<p style=\"text-align: center;\">Dinar de l&#8217;aplec de Sant Mag\u00ed de la Brufaganya (1)<\/p>\n<table>\n<tbody>\n<tr>\n<td width=\"238\">Identificador propi:<\/td>\n<td width=\"627\">AFSM027<\/td>\n<\/tr>\n<tr>\n<td width=\"238\">T\u00edtol:<\/td>\n<td width=\"627\">Dinar de l\u2019aplec de Sant Mag\u00ed de la Brufaganya (1)<\/td>\n<\/tr>\n<tr>\n<td width=\"238\">Descripci\u00f3:<\/td>\n<td width=\"627\">T\u00edpic dinar durant l\u2019aplec de Sant Mag\u00ed de la Brufaganya als finals dels anys 40 del segle XX. S\u2019hi poden veure cistells de v\u00edmet, senalles, plats, coberts i garrafes d\u2019abans de l\u2019\u00e8poca del pl\u00e0stic. El viatge l\u2019havien fet des de Santa Coloma de Queralt (13 km.) pujats a la caixa del cami\u00f3 i asseguts als bancs de fusta on ara tamb\u00e9 estan asseguts. Anaven a l\u2019aplec la fam\u00edlia junt amb els ve\u00efns i fins i tot la colla d\u2019amics.<\/td>\n<\/tr>\n<tr>\n<td width=\"238\">Autor:<\/td>\n<td width=\"627\">Pere Orga Torrent (1921-2014)<\/td>\n<\/tr>\n<tr>\n<td width=\"238\">Descriptors tem\u00e0tics:<\/td>\n<td width=\"627\">C.- LLEURE:C.1. ESBARGIMENT DE LA NATURA<\/p>\n<p>C.- LLEURE:C.5. FESTES:FESTES POPULARS:APLECS:APLECS DE DEVOCI\u00d3<\/td>\n<\/tr>\n<tr>\n<td width=\"238\">Paraules clau:<\/td>\n<td width=\"627\">Dinada, aplec, Sant Mag\u00ed, Brufaganya, indument\u00e0ria.<\/td>\n<\/tr>\n<tr>\n<td width=\"238\">Descriptors biogr\u00e0fics:<\/td>\n<td width=\"627\"><\/td>\n<\/tr>\n<tr>\n<td width=\"238\">Data:<\/td>\n<td width=\"627\">[ca. 1949]<\/td>\n<\/tr>\n<tr>\n<td width=\"238\">Lloc:<\/td>\n<td width=\"627\">CATALUNYA:BAIXA SEGARRA:PONTILS:SANT MAG\u00cd DE LA BRUFAGANYA:ESPLANADA DE LES FONTS DE SANT MAG\u00cd<\/td>\n<\/tr>\n<tr>\n<td width=\"238\">Proced\u00e8ncia:<\/td>\n<td width=\"627\">Fam\u00edlia Orga Mestre<\/td>\n<\/tr>\n<tr>\n<td width=\"238\">Suport original:<\/td>\n<td width=\"627\">&#8212;<\/td>\n<\/tr>\n<tr>\n<td width=\"238\">Identificador arxiu ali\u00e8:<\/td>\n<td width=\"627\">&#8212;<\/td>\n<\/tr>\n<\/tbody>\n<\/table>\n<p>&nbsp;<\/p>\n","protected":false},"excerpt":{"rendered":"Dinar de l'aplec de Sant Mag\u00ed de la Brufaganya (1) Identificador propi: AFSM027 T\u00edtol: Dinar de l\u2019aplec de Sant Mag\u00ed de la Brufaganya (1) Descripci\u00f3: T\u00edpic dinar durant l\u2019aplec de [...]","protected":false},"author":109,"featured_media":5052,"comment_status":"open","ping_status":"closed","sticky":false,"template":"","format":"standard","meta":{"inline_featured_image":false,"footnotes":""},"categories":[779,803],"tags":[],"class_list":["post-5041","post","type-post","status-publish","format-standard","has-post-thumbnail","hentry","category-arxiu-fotografic","category-arxiu-fotografic-historic"],"yoast_head":"<!-- This site is optimized with the Yoast SEO plugin v27.4 - https:\/\/yoast.com\/product\/yoast-seo-wordpress\/ -->\n<title>AFSM027 -Dinar de l&#039;aplec de Sant Mag\u00ed (1) &#187; Sant Mag\u00ed de la Brufaganya<\/title>\n<meta name=\"robots\" content=\"index, follow, max-snippet:-1, max-image-preview:large, max-video-preview:-1\" \/>\n<link rel=\"canonical\" href=\"https:\/\/brufaganya.cat\/2020\/afsm027-dinar-de-laplec-de-sant-magi-1\/\" \/>\n<meta property=\"og:locale\" content=\"ca_ES\" \/>\n<meta property=\"og:type\" content=\"article\" \/>\n<meta property=\"og:title\" content=\"AFSM027 -Dinar de l&#039;aplec de Sant Mag\u00ed (1) &#187; Sant Mag\u00ed de la Brufaganya\" \/>\n<meta property=\"og:url\" content=\"https:\/\/brufaganya.cat\/2020\/afsm027-dinar-de-laplec-de-sant-magi-1\/\" \/>\n<meta property=\"og:site_name\" content=\"Sant Mag\u00ed de la Brufaganya\" \/>\n<meta property=\"article:published_time\" content=\"2020-03-14T21:34:54+00:00\" \/>\n<meta property=\"article:modified_time\" content=\"2020-12-18T09:20:19+00:00\" \/>\n<meta property=\"og:image\" content=\"https:\/\/brufaganya.cat\/2020\/wp-content\/uploads\/2020\/03\/027.-Dinar-de-laplec-de-Sant-Mag\u00ed-1.jpg\" \/>\n\t<meta property=\"og:image:width\" content=\"1944\" \/>\n\t<meta property=\"og:image:height\" content=\"1299\" \/>\n\t<meta property=\"og:image:type\" content=\"image\/jpeg\" \/>\n<meta name=\"author\" content=\"Silvestre Pal\u00e0 Aug\u00e9\" \/>\n<meta name=\"twitter:card\" content=\"summary_large_image\" \/>\n<meta name=\"twitter:label1\" content=\"Escrit per\" \/>\n\t<meta name=\"twitter:data1\" content=\"Silvestre Pal\u00e0 Aug\u00e9\" \/>\n\t<meta name=\"twitter:label2\" content=\"Temps estimat de lectura\" \/>\n\t<meta name=\"twitter:data2\" content=\"1 minut\" \/>\n<script type=\"application\/ld+json\" class=\"yoast-schema-graph\">{\"@context\":\"https:\\\/\\\/schema.org\",\"@graph\":[{\"@type\":\"Article\",\"@id\":\"https:\\\/\\\/brufaganya.cat\\\/2020\\\/afsm027-dinar-de-laplec-de-sant-magi-1\\\/#article\",\"isPartOf\":{\"@id\":\"https:\\\/\\\/brufaganya.cat\\\/2020\\\/afsm027-dinar-de-laplec-de-sant-magi-1\\\/\"},\"author\":{\"name\":\"Silvestre Pal\u00e0 Aug\u00e9\",\"@id\":\"https:\\\/\\\/brufaganya.cat\\\/2020\\\/#\\\/schema\\\/person\\\/104a8a58bc74955dad00f639bb234a56\"},\"headline\":\"AFSM027 -Dinar de l&#8217;aplec de Sant Mag\u00ed (1)\",\"datePublished\":\"2020-03-14T21:34:54+00:00\",\"dateModified\":\"2020-12-18T09:20:19+00:00\",\"mainEntityOfPage\":{\"@id\":\"https:\\\/\\\/brufaganya.cat\\\/2020\\\/afsm027-dinar-de-laplec-de-sant-magi-1\\\/\"},\"wordCount\":193,\"commentCount\":0,\"publisher\":{\"@id\":\"https:\\\/\\\/brufaganya.cat\\\/2020\\\/#organization\"},\"image\":{\"@id\":\"https:\\\/\\\/brufaganya.cat\\\/2020\\\/afsm027-dinar-de-laplec-de-sant-magi-1\\\/#primaryimage\"},\"thumbnailUrl\":\"https:\\\/\\\/brufaganya.cat\\\/2020\\\/wp-content\\\/uploads\\\/2020\\\/03\\\/027.-Dinar-de-laplec-de-Sant-Mag\u00ed-1.jpg\",\"articleSection\":[\"Arxiu fotogr\u00e0fic\",\"Arxiu fotogr\u00e0fic - arxiu hist\u00f2ric\"],\"inLanguage\":\"ca\",\"potentialAction\":[{\"@type\":\"CommentAction\",\"name\":\"Comment\",\"target\":[\"https:\\\/\\\/brufaganya.cat\\\/2020\\\/afsm027-dinar-de-laplec-de-sant-magi-1\\\/#respond\"]}]},{\"@type\":\"WebPage\",\"@id\":\"https:\\\/\\\/brufaganya.cat\\\/2020\\\/afsm027-dinar-de-laplec-de-sant-magi-1\\\/\",\"url\":\"https:\\\/\\\/brufaganya.cat\\\/2020\\\/afsm027-dinar-de-laplec-de-sant-magi-1\\\/\",\"name\":\"AFSM027 -Dinar de l'aplec de Sant Mag\u00ed (1) &#187; Sant Mag\u00ed de la Brufaganya\",\"isPartOf\":{\"@id\":\"https:\\\/\\\/brufaganya.cat\\\/2020\\\/#website\"},\"primaryImageOfPage\":{\"@id\":\"https:\\\/\\\/brufaganya.cat\\\/2020\\\/afsm027-dinar-de-laplec-de-sant-magi-1\\\/#primaryimage\"},\"image\":{\"@id\":\"https:\\\/\\\/brufaganya.cat\\\/2020\\\/afsm027-dinar-de-laplec-de-sant-magi-1\\\/#primaryimage\"},\"thumbnailUrl\":\"https:\\\/\\\/brufaganya.cat\\\/2020\\\/wp-content\\\/uploads\\\/2020\\\/03\\\/027.-Dinar-de-laplec-de-Sant-Mag\u00ed-1.jpg\",\"datePublished\":\"2020-03-14T21:34:54+00:00\",\"dateModified\":\"2020-12-18T09:20:19+00:00\",\"breadcrumb\":{\"@id\":\"https:\\\/\\\/brufaganya.cat\\\/2020\\\/afsm027-dinar-de-laplec-de-sant-magi-1\\\/#breadcrumb\"},\"inLanguage\":\"ca\",\"potentialAction\":[{\"@type\":\"ReadAction\",\"target\":[\"https:\\\/\\\/brufaganya.cat\\\/2020\\\/afsm027-dinar-de-laplec-de-sant-magi-1\\\/\"]}]},{\"@type\":\"ImageObject\",\"inLanguage\":\"ca\",\"@id\":\"https:\\\/\\\/brufaganya.cat\\\/2020\\\/afsm027-dinar-de-laplec-de-sant-magi-1\\\/#primaryimage\",\"url\":\"https:\\\/\\\/brufaganya.cat\\\/2020\\\/wp-content\\\/uploads\\\/2020\\\/03\\\/027.-Dinar-de-laplec-de-Sant-Mag\u00ed-1.jpg\",\"contentUrl\":\"https:\\\/\\\/brufaganya.cat\\\/2020\\\/wp-content\\\/uploads\\\/2020\\\/03\\\/027.-Dinar-de-laplec-de-Sant-Mag\u00ed-1.jpg\",\"width\":1944,\"height\":1299},{\"@type\":\"BreadcrumbList\",\"@id\":\"https:\\\/\\\/brufaganya.cat\\\/2020\\\/afsm027-dinar-de-laplec-de-sant-magi-1\\\/#breadcrumb\",\"itemListElement\":[{\"@type\":\"ListItem\",\"position\":1,\"name\":\"Inici\",\"item\":\"https:\\\/\\\/brufaganya.cat\\\/2020\\\/\"},{\"@type\":\"ListItem\",\"position\":2,\"name\":\"AFSM027 -Dinar de l&#8217;aplec de Sant Mag\u00ed (1)\"}]},{\"@type\":\"WebSite\",\"@id\":\"https:\\\/\\\/brufaganya.cat\\\/2020\\\/#website\",\"url\":\"https:\\\/\\\/brufaganya.cat\\\/2020\\\/\",\"name\":\"Sant Mag\u00ed de la Brufaganya\",\"description\":\"Lloc web de Sant Mag\u00ed de la Brufaganya\",\"publisher\":{\"@id\":\"https:\\\/\\\/brufaganya.cat\\\/2020\\\/#organization\"},\"potentialAction\":[{\"@type\":\"SearchAction\",\"target\":{\"@type\":\"EntryPoint\",\"urlTemplate\":\"https:\\\/\\\/brufaganya.cat\\\/2020\\\/?s={search_term_string}\"},\"query-input\":{\"@type\":\"PropertyValueSpecification\",\"valueRequired\":true,\"valueName\":\"search_term_string\"}}],\"inLanguage\":\"ca\"},{\"@type\":\"Organization\",\"@id\":\"https:\\\/\\\/brufaganya.cat\\\/2020\\\/#organization\",\"name\":\"Sant Mag\u00ed de Brufaganya\",\"url\":\"https:\\\/\\\/brufaganya.cat\\\/2020\\\/\",\"logo\":{\"@type\":\"ImageObject\",\"inLanguage\":\"ca\",\"@id\":\"https:\\\/\\\/brufaganya.cat\\\/2020\\\/#\\\/schema\\\/logo\\\/image\\\/\",\"url\":\"https:\\\/\\\/brufaganya.cat\\\/2020\\\/wp-content\\\/uploads\\\/2018\\\/11\\\/st_marti_bruga_horitz_posi_logo.jpg\",\"contentUrl\":\"https:\\\/\\\/brufaganya.cat\\\/2020\\\/wp-content\\\/uploads\\\/2018\\\/11\\\/st_marti_bruga_horitz_posi_logo.jpg\",\"width\":1479,\"height\":804,\"caption\":\"Sant Mag\u00ed de Brufaganya\"},\"image\":{\"@id\":\"https:\\\/\\\/brufaganya.cat\\\/2020\\\/#\\\/schema\\\/logo\\\/image\\\/\"},\"sameAs\":[\"https:\\\/\\\/ca.wikipedia.org\\\/wiki\\\/Sant_Mag\u00ed_de_Brufaganya\"]},{\"@type\":\"Person\",\"@id\":\"https:\\\/\\\/brufaganya.cat\\\/2020\\\/#\\\/schema\\\/person\\\/104a8a58bc74955dad00f639bb234a56\",\"name\":\"Silvestre Pal\u00e0 Aug\u00e9\",\"image\":{\"@type\":\"ImageObject\",\"inLanguage\":\"ca\",\"@id\":\"https:\\\/\\\/secure.gravatar.com\\\/avatar\\\/240c865b87ee90f68f1bb82d954fb54e1c50d2b4355c9b807c7f2862e50c5fb1?s=96&d=mm&r=g\",\"url\":\"https:\\\/\\\/secure.gravatar.com\\\/avatar\\\/240c865b87ee90f68f1bb82d954fb54e1c50d2b4355c9b807c7f2862e50c5fb1?s=96&d=mm&r=g\",\"contentUrl\":\"https:\\\/\\\/secure.gravatar.com\\\/avatar\\\/240c865b87ee90f68f1bb82d954fb54e1c50d2b4355c9b807c7f2862e50c5fb1?s=96&d=mm&r=g\",\"caption\":\"Silvestre Pal\u00e0 Aug\u00e9\"},\"url\":\"https:\\\/\\\/brufaganya.cat\\\/2020\\\/author\\\/spala\\\/\"}]}<\/script>\n<!-- \/ Yoast SEO plugin. -->","yoast_head_json":{"title":"AFSM027 -Dinar de l'aplec de Sant Mag\u00ed (1) &#187; Sant Mag\u00ed de la Brufaganya","robots":{"index":"index","follow":"follow","max-snippet":"max-snippet:-1","max-image-preview":"max-image-preview:large","max-video-preview":"max-video-preview:-1"},"canonical":"https:\/\/brufaganya.cat\/2020\/afsm027-dinar-de-laplec-de-sant-magi-1\/","og_locale":"ca_ES","og_type":"article","og_title":"AFSM027 -Dinar de l'aplec de Sant Mag\u00ed (1) &#187; Sant Mag\u00ed de la Brufaganya","og_url":"https:\/\/brufaganya.cat\/2020\/afsm027-dinar-de-laplec-de-sant-magi-1\/","og_site_name":"Sant Mag\u00ed de la Brufaganya","article_published_time":"2020-03-14T21:34:54+00:00","article_modified_time":"2020-12-18T09:20:19+00:00","og_image":[{"width":1944,"height":1299,"url":"https:\/\/brufaganya.cat\/2020\/wp-content\/uploads\/2020\/03\/027.-Dinar-de-laplec-de-Sant-Mag\u00ed-1.jpg","type":"image\/jpeg"}],"author":"Silvestre Pal\u00e0 Aug\u00e9","twitter_card":"summary_large_image","twitter_misc":{"Escrit per":"Silvestre Pal\u00e0 Aug\u00e9","Temps estimat de lectura":"1 minut"},"schema":{"@context":"https:\/\/schema.org","@graph":[{"@type":"Article","@id":"https:\/\/brufaganya.cat\/2020\/afsm027-dinar-de-laplec-de-sant-magi-1\/#article","isPartOf":{"@id":"https:\/\/brufaganya.cat\/2020\/afsm027-dinar-de-laplec-de-sant-magi-1\/"},"author":{"name":"Silvestre Pal\u00e0 Aug\u00e9","@id":"https:\/\/brufaganya.cat\/2020\/#\/schema\/person\/104a8a58bc74955dad00f639bb234a56"},"headline":"AFSM027 -Dinar de l&#8217;aplec de Sant Mag\u00ed (1)","datePublished":"2020-03-14T21:34:54+00:00","dateModified":"2020-12-18T09:20:19+00:00","mainEntityOfPage":{"@id":"https:\/\/brufaganya.cat\/2020\/afsm027-dinar-de-laplec-de-sant-magi-1\/"},"wordCount":193,"commentCount":0,"publisher":{"@id":"https:\/\/brufaganya.cat\/2020\/#organization"},"image":{"@id":"https:\/\/brufaganya.cat\/2020\/afsm027-dinar-de-laplec-de-sant-magi-1\/#primaryimage"},"thumbnailUrl":"https:\/\/brufaganya.cat\/2020\/wp-content\/uploads\/2020\/03\/027.-Dinar-de-laplec-de-Sant-Mag\u00ed-1.jpg","articleSection":["Arxiu fotogr\u00e0fic","Arxiu fotogr\u00e0fic - arxiu hist\u00f2ric"],"inLanguage":"ca","potentialAction":[{"@type":"CommentAction","name":"Comment","target":["https:\/\/brufaganya.cat\/2020\/afsm027-dinar-de-laplec-de-sant-magi-1\/#respond"]}]},{"@type":"WebPage","@id":"https:\/\/brufaganya.cat\/2020\/afsm027-dinar-de-laplec-de-sant-magi-1\/","url":"https:\/\/brufaganya.cat\/2020\/afsm027-dinar-de-laplec-de-sant-magi-1\/","name":"AFSM027 -Dinar de l'aplec de Sant Mag\u00ed (1) &#187; Sant Mag\u00ed de la Brufaganya","isPartOf":{"@id":"https:\/\/brufaganya.cat\/2020\/#website"},"primaryImageOfPage":{"@id":"https:\/\/brufaganya.cat\/2020\/afsm027-dinar-de-laplec-de-sant-magi-1\/#primaryimage"},"image":{"@id":"https:\/\/brufaganya.cat\/2020\/afsm027-dinar-de-laplec-de-sant-magi-1\/#primaryimage"},"thumbnailUrl":"https:\/\/brufaganya.cat\/2020\/wp-content\/uploads\/2020\/03\/027.-Dinar-de-laplec-de-Sant-Mag\u00ed-1.jpg","datePublished":"2020-03-14T21:34:54+00:00","dateModified":"2020-12-18T09:20:19+00:00","breadcrumb":{"@id":"https:\/\/brufaganya.cat\/2020\/afsm027-dinar-de-laplec-de-sant-magi-1\/#breadcrumb"},"inLanguage":"ca","potentialAction":[{"@type":"ReadAction","target":["https:\/\/brufaganya.cat\/2020\/afsm027-dinar-de-laplec-de-sant-magi-1\/"]}]},{"@type":"ImageObject","inLanguage":"ca","@id":"https:\/\/brufaganya.cat\/2020\/afsm027-dinar-de-laplec-de-sant-magi-1\/#primaryimage","url":"https:\/\/brufaganya.cat\/2020\/wp-content\/uploads\/2020\/03\/027.-Dinar-de-laplec-de-Sant-Mag\u00ed-1.jpg","contentUrl":"https:\/\/brufaganya.cat\/2020\/wp-content\/uploads\/2020\/03\/027.-Dinar-de-laplec-de-Sant-Mag\u00ed-1.jpg","width":1944,"height":1299},{"@type":"BreadcrumbList","@id":"https:\/\/brufaganya.cat\/2020\/afsm027-dinar-de-laplec-de-sant-magi-1\/#breadcrumb","itemListElement":[{"@type":"ListItem","position":1,"name":"Inici","item":"https:\/\/brufaganya.cat\/2020\/"},{"@type":"ListItem","position":2,"name":"AFSM027 -Dinar de l&#8217;aplec de Sant Mag\u00ed (1)"}]},{"@type":"WebSite","@id":"https:\/\/brufaganya.cat\/2020\/#website","url":"https:\/\/brufaganya.cat\/2020\/","name":"Sant Mag\u00ed de la Brufaganya","description":"Lloc web de Sant Mag\u00ed de la Brufaganya","publisher":{"@id":"https:\/\/brufaganya.cat\/2020\/#organization"},"potentialAction":[{"@type":"SearchAction","target":{"@type":"EntryPoint","urlTemplate":"https:\/\/brufaganya.cat\/2020\/?s={search_term_string}"},"query-input":{"@type":"PropertyValueSpecification","valueRequired":true,"valueName":"search_term_string"}}],"inLanguage":"ca"},{"@type":"Organization","@id":"https:\/\/brufaganya.cat\/2020\/#organization","name":"Sant Mag\u00ed de Brufaganya","url":"https:\/\/brufaganya.cat\/2020\/","logo":{"@type":"ImageObject","inLanguage":"ca","@id":"https:\/\/brufaganya.cat\/2020\/#\/schema\/logo\/image\/","url":"https:\/\/brufaganya.cat\/2020\/wp-content\/uploads\/2018\/11\/st_marti_bruga_horitz_posi_logo.jpg","contentUrl":"https:\/\/brufaganya.cat\/2020\/wp-content\/uploads\/2018\/11\/st_marti_bruga_horitz_posi_logo.jpg","width":1479,"height":804,"caption":"Sant Mag\u00ed de Brufaganya"},"image":{"@id":"https:\/\/brufaganya.cat\/2020\/#\/schema\/logo\/image\/"},"sameAs":["https:\/\/ca.wikipedia.org\/wiki\/Sant_Mag\u00ed_de_Brufaganya"]},{"@type":"Person","@id":"https:\/\/brufaganya.cat\/2020\/#\/schema\/person\/104a8a58bc74955dad00f639bb234a56","name":"Silvestre Pal\u00e0 Aug\u00e9","image":{"@type":"ImageObject","inLanguage":"ca","@id":"https:\/\/secure.gravatar.com\/avatar\/240c865b87ee90f68f1bb82d954fb54e1c50d2b4355c9b807c7f2862e50c5fb1?s=96&d=mm&r=g","url":"https:\/\/secure.gravatar.com\/avatar\/240c865b87ee90f68f1bb82d954fb54e1c50d2b4355c9b807c7f2862e50c5fb1?s=96&d=mm&r=g","contentUrl":"https:\/\/secure.gravatar.com\/avatar\/240c865b87ee90f68f1bb82d954fb54e1c50d2b4355c9b807c7f2862e50c5fb1?s=96&d=mm&r=g","caption":"Silvestre Pal\u00e0 Aug\u00e9"},"url":"https:\/\/brufaganya.cat\/2020\/author\/spala\/"}]}},"_links":{"self":[{"href":"https:\/\/brufaganya.cat\/2020\/wp-json\/wp\/v2\/posts\/5041","targetHints":{"allow":["GET"]}}],"collection":[{"href":"https:\/\/brufaganya.cat\/2020\/wp-json\/wp\/v2\/posts"}],"about":[{"href":"https:\/\/brufaganya.cat\/2020\/wp-json\/wp\/v2\/types\/post"}],"author":[{"embeddable":true,"href":"https:\/\/brufaganya.cat\/2020\/wp-json\/wp\/v2\/users\/109"}],"replies":[{"embeddable":true,"href":"https:\/\/brufaganya.cat\/2020\/wp-json\/wp\/v2\/comments?post=5041"}],"version-history":[{"count":0,"href":"https:\/\/brufaganya.cat\/2020\/wp-json\/wp\/v2\/posts\/5041\/revisions"}],"wp:featuredmedia":[{"embeddable":true,"href":"https:\/\/brufaganya.cat\/2020\/wp-json\/wp\/v2\/media\/5052"}],"wp:attachment":[{"href":"https:\/\/brufaganya.cat\/2020\/wp-json\/wp\/v2\/media?parent=5041"}],"wp:term":[{"taxonomy":"category","embeddable":true,"href":"https:\/\/brufaganya.cat\/2020\/wp-json\/wp\/v2\/categories?post=5041"},{"taxonomy":"post_tag","embeddable":true,"href":"https:\/\/brufaganya.cat\/2020\/wp-json\/wp\/v2\/tags?post=5041"}],"curies":[{"name":"wp","href":"https:\/\/api.w.org\/{rel}","templated":true}]}}