{"id":4699,"date":"2019-10-17T15:41:26","date_gmt":"2019-10-17T13:41:26","guid":{"rendered":"https:\/\/brufaganya.cat\/2020\/?p=4699"},"modified":"2019-10-17T15:51:08","modified_gmt":"2019-10-17T13:51:08","slug":"arqueolegs-a-sant-magi","status":"publish","type":"post","link":"https:\/\/brufaganya.cat\/2020\/arqueolegs-a-sant-magi\/","title":{"rendered":"Arque\u00f2legs visiten  Sant Mag\u00ed"},"content":{"rendered":"<p>Ens han visitat\u00a0 <b>experts a Sant Mag\u00ed.<\/b>\u00a0Aquesta primera visita del Dr. Xavier Costa historiador medieval especialitzat en\u00a0<b>antiguitat tardana<\/b>\u00a0i l&#8217;Anna arque\u00f2loga ,\u00a0 membres de la\u00a0<b>Universitat de Barcelona<\/b>\u00a0. Aquestes persones que estan fent excavacions a diferents llocs de Catalunya en la l\u00ednia de<a href=\"http:\/\/www.ub.edu\/claustra\/cat\">\u00a0<b>Claustra<\/b><\/a><b>\u00a0i ara\u00a0 en el marc<\/b>\u00a0<a href=\"http:\/\/www.ub.edu\/proyectopaisajes\/index.php\/research-lines\/monastic-landscapes\"><b>Monastic Lanscape<\/b><\/a>\u00a0(Aquesta l\u00ednia d\u2019investigaci\u00f3 es dedica a la construcci\u00f3 i l\u2019estudi de\u00a0<strong>mapes diacr\u00f2nics comparatius<\/strong> dels processos de fundaci\u00f3, establiment i desenvolupament d\u2019ordres masculins i femenins en els diferents regnes peninsulars.) podrien obrir per Sant Mag\u00ed, una l\u00ednia de recerca en la seva etapa menys documentada: des de s.III Diocleci\u00e0 , Roma i martiri de Sant Mag\u00ed fins el <b>testament de Guerau de Montagut i Punceta i muller sua als Hospitalers <\/b><b>1124<\/b>. Arribant fins\u00a0 l&#8217;\u00e9poca dels Beneficiats. <img loading=\"lazy\" decoding=\"async\" class=\"size-medium wp-image-4700 alignright\" src=\"https:\/\/brufaganya.cat\/2020\/wp-content\/uploads\/2019\/10\/SMcova-300x225.jpg\" alt=\"\" width=\"300\" height=\"225\" srcset=\"https:\/\/brufaganya.cat\/2020\/wp-content\/uploads\/2019\/10\/SMcova-300x225.jpg 300w, https:\/\/brufaganya.cat\/2020\/wp-content\/uploads\/2019\/10\/SMcova-86x64.jpg 86w, https:\/\/brufaganya.cat\/2020\/wp-content\/uploads\/2019\/10\/SMcova.jpg 480w\" sizes=\"auto, (max-width: 300px) 100vw, 300px\" \/><\/p>\n<p>La visita dels companys de la Universitat ha estat interessant i planera. S&#8217;ha visitat els fonaments del convent dels dominics, constatant la diversitat en els llen\u00e7os de parets de diferents \u00e9poques , sobretot els reaprofitaments de materials. Primer el sepulcre del Sant amb les rajoles diferenciades, despr\u00e9s les diferents parets comparades amb les fotografies de la guerra, la visita al darrera de l&#8217;edifici amb la possible porta orientada al rev\u00e9s que la porta actual fet que reafirma la possibilitat d&#8217;una esgl\u00e9sia anterior en el mateix lloc. Una primera conclusi\u00f3 de que\u00a0 hi ha com a m\u00ednim un metre soterrat i a sota hi pot haver depend\u00e8ncies mes antigues.<\/p>\n<div class=\"separator\"><\/div>\n<p>Una vegada vist l&#8217;edifici del s.XVIII es va a la Cova del Sant. Les altres coves que segueixen es descobreix que estan a un nivell mes baix de la muntanya i la cova del Sant sembla que ha tingut un us continuat fins avui el que fa dif\u00edcil extreure conclusions respecte a la demanda que f\u00e8iem a la Universitat de que dat\u00e9s si en el s.III podia haver servit com eremitori.<\/p>\n<p>L&#8217;esmorzar permet continuar la conversa i mostrar la finestra que X.Costa diu era una forn\u00edcula que habtualment donava acc\u00e9s a reliquies. n cop d&#8217;ull a la fotografia del sepulcre del Sant\u00a0 i al document d&#8217;Estefania de Castro amb la fundaci\u00f3, que est\u00e0 a AHAT.<\/p>\n<div class=\"separator\"><\/div>\n<p>quedem que els hi enviarem les matges i ells tamb\u00e9 ens exposaran les disponibilitats.<br \/>\n<b>Voldriem poder datar l&#8217;eremitori de Sant Mag\u00ed al s.III i l&#8217;ermita forana amb la tomba del Sant a parir del IX.<\/b><\/p>\n<div class=\"separator\"><\/div>\n<p>Esperem que la visita ens porti a treballs de recerca fruct\u00edfers.<\/p>\n","protected":false},"excerpt":{"rendered":"<p>Ens han visitat\u00a0 experts a Sant Mag\u00ed.\u00a0Aquesta primera visita del Dr. Xavier Costa historiador medieval especialitzat en\u00a0antiguitat tardana\u00a0i l&#8217;Anna arque\u00f2loga ,\u00a0 membres de la\u00a0Universitat de Barcelona\u00a0. Aquestes persones que estan [&hellip;]<\/p>\n","protected":false},"author":105,"featured_media":4701,"comment_status":"open","ping_status":"closed","sticky":false,"template":"","format":"standard","meta":{"inline_featured_image":false,"footnotes":""},"categories":[1,780],"tags":[],"class_list":["post-4699","post","type-post","status-publish","format-standard","has-post-thumbnail","hentry","category-noticies","category-patrimoni-arquitectonic"],"yoast_head":"<!-- This site is optimized with the Yoast SEO plugin v27.4 - https:\/\/yoast.com\/product\/yoast-seo-wordpress\/ -->\n<title>Arque\u00f2legs visiten Sant Mag\u00ed &#187; Sant Mag\u00ed de la Brufaganya<\/title>\n<meta name=\"robots\" content=\"index, follow, max-snippet:-1, max-image-preview:large, max-video-preview:-1\" \/>\n<link rel=\"canonical\" href=\"https:\/\/brufaganya.cat\/2020\/arqueolegs-a-sant-magi\/\" \/>\n<meta property=\"og:locale\" content=\"ca_ES\" \/>\n<meta property=\"og:type\" content=\"article\" \/>\n<meta property=\"og:title\" content=\"Arque\u00f2legs visiten Sant Mag\u00ed &#187; Sant Mag\u00ed de la Brufaganya\" \/>\n<meta property=\"og:description\" content=\"Ens han visitat\u00a0 experts a Sant Mag\u00ed.\u00a0Aquesta primera visita del Dr. Xavier Costa historiador medieval especialitzat en\u00a0antiguitat tardana\u00a0i l&#8217;Anna arque\u00f2loga ,\u00a0 membres de la\u00a0Universitat de Barcelona\u00a0. Aquestes persones que estan [&hellip;]\" \/>\n<meta property=\"og:url\" content=\"https:\/\/brufaganya.cat\/2020\/arqueolegs-a-sant-magi\/\" \/>\n<meta property=\"og:site_name\" content=\"Sant Mag\u00ed de la Brufaganya\" \/>\n<meta property=\"article:published_time\" content=\"2019-10-17T13:41:26+00:00\" \/>\n<meta property=\"article:modified_time\" content=\"2019-10-17T13:51:08+00:00\" \/>\n<meta property=\"og:image\" content=\"https:\/\/brufaganya.cat\/2020\/wp-content\/uploads\/2019\/10\/SMsimulacio.jpg\" \/>\n\t<meta property=\"og:image:width\" content=\"980\" \/>\n\t<meta property=\"og:image:height\" content=\"560\" \/>\n\t<meta property=\"og:image:type\" content=\"image\/jpeg\" \/>\n<meta name=\"author\" content=\"Rita Armejach Carreras\" \/>\n<meta name=\"twitter:card\" content=\"summary_large_image\" \/>\n<meta name=\"twitter:label1\" content=\"Escrit per\" \/>\n\t<meta name=\"twitter:data1\" content=\"Rita Armejach Carreras\" \/>\n\t<meta name=\"twitter:label2\" content=\"Temps estimat de lectura\" \/>\n\t<meta name=\"twitter:data2\" content=\"2 minuts\" \/>\n<script type=\"application\/ld+json\" class=\"yoast-schema-graph\">{\"@context\":\"https:\\\/\\\/schema.org\",\"@graph\":[{\"@type\":\"Article\",\"@id\":\"https:\\\/\\\/brufaganya.cat\\\/2020\\\/arqueolegs-a-sant-magi\\\/#article\",\"isPartOf\":{\"@id\":\"https:\\\/\\\/brufaganya.cat\\\/2020\\\/arqueolegs-a-sant-magi\\\/\"},\"author\":{\"name\":\"Rita Armejach Carreras\",\"@id\":\"https:\\\/\\\/brufaganya.cat\\\/2020\\\/#\\\/schema\\\/person\\\/cd383ee397867b5182d1cf80b8c2e95c\"},\"headline\":\"Arque\u00f2legs visiten Sant Mag\u00ed\",\"datePublished\":\"2019-10-17T13:41:26+00:00\",\"dateModified\":\"2019-10-17T13:51:08+00:00\",\"mainEntityOfPage\":{\"@id\":\"https:\\\/\\\/brufaganya.cat\\\/2020\\\/arqueolegs-a-sant-magi\\\/\"},\"wordCount\":425,\"commentCount\":0,\"publisher\":{\"@id\":\"https:\\\/\\\/brufaganya.cat\\\/2020\\\/#organization\"},\"image\":{\"@id\":\"https:\\\/\\\/brufaganya.cat\\\/2020\\\/arqueolegs-a-sant-magi\\\/#primaryimage\"},\"thumbnailUrl\":\"https:\\\/\\\/brufaganya.cat\\\/2020\\\/wp-content\\\/uploads\\\/2019\\\/10\\\/SMsimulacio.jpg\",\"articleSection\":[\"Not\u00edcies\",\"Patrimoni arquitect\u00f2nic\"],\"inLanguage\":\"ca\",\"potentialAction\":[{\"@type\":\"CommentAction\",\"name\":\"Comment\",\"target\":[\"https:\\\/\\\/brufaganya.cat\\\/2020\\\/arqueolegs-a-sant-magi\\\/#respond\"]}]},{\"@type\":\"WebPage\",\"@id\":\"https:\\\/\\\/brufaganya.cat\\\/2020\\\/arqueolegs-a-sant-magi\\\/\",\"url\":\"https:\\\/\\\/brufaganya.cat\\\/2020\\\/arqueolegs-a-sant-magi\\\/\",\"name\":\"Arque\u00f2legs visiten Sant Mag\u00ed &#187; Sant Mag\u00ed de la Brufaganya\",\"isPartOf\":{\"@id\":\"https:\\\/\\\/brufaganya.cat\\\/2020\\\/#website\"},\"primaryImageOfPage\":{\"@id\":\"https:\\\/\\\/brufaganya.cat\\\/2020\\\/arqueolegs-a-sant-magi\\\/#primaryimage\"},\"image\":{\"@id\":\"https:\\\/\\\/brufaganya.cat\\\/2020\\\/arqueolegs-a-sant-magi\\\/#primaryimage\"},\"thumbnailUrl\":\"https:\\\/\\\/brufaganya.cat\\\/2020\\\/wp-content\\\/uploads\\\/2019\\\/10\\\/SMsimulacio.jpg\",\"datePublished\":\"2019-10-17T13:41:26+00:00\",\"dateModified\":\"2019-10-17T13:51:08+00:00\",\"breadcrumb\":{\"@id\":\"https:\\\/\\\/brufaganya.cat\\\/2020\\\/arqueolegs-a-sant-magi\\\/#breadcrumb\"},\"inLanguage\":\"ca\",\"potentialAction\":[{\"@type\":\"ReadAction\",\"target\":[\"https:\\\/\\\/brufaganya.cat\\\/2020\\\/arqueolegs-a-sant-magi\\\/\"]}]},{\"@type\":\"ImageObject\",\"inLanguage\":\"ca\",\"@id\":\"https:\\\/\\\/brufaganya.cat\\\/2020\\\/arqueolegs-a-sant-magi\\\/#primaryimage\",\"url\":\"https:\\\/\\\/brufaganya.cat\\\/2020\\\/wp-content\\\/uploads\\\/2019\\\/10\\\/SMsimulacio.jpg\",\"contentUrl\":\"https:\\\/\\\/brufaganya.cat\\\/2020\\\/wp-content\\\/uploads\\\/2019\\\/10\\\/SMsimulacio.jpg\",\"width\":980,\"height\":560},{\"@type\":\"BreadcrumbList\",\"@id\":\"https:\\\/\\\/brufaganya.cat\\\/2020\\\/arqueolegs-a-sant-magi\\\/#breadcrumb\",\"itemListElement\":[{\"@type\":\"ListItem\",\"position\":1,\"name\":\"Inici\",\"item\":\"https:\\\/\\\/brufaganya.cat\\\/2020\\\/\"},{\"@type\":\"ListItem\",\"position\":2,\"name\":\"Arque\u00f2legs visiten Sant Mag\u00ed\"}]},{\"@type\":\"WebSite\",\"@id\":\"https:\\\/\\\/brufaganya.cat\\\/2020\\\/#website\",\"url\":\"https:\\\/\\\/brufaganya.cat\\\/2020\\\/\",\"name\":\"Sant Mag\u00ed de la Brufaganya\",\"description\":\"Lloc web de Sant Mag\u00ed de la Brufaganya\",\"publisher\":{\"@id\":\"https:\\\/\\\/brufaganya.cat\\\/2020\\\/#organization\"},\"potentialAction\":[{\"@type\":\"SearchAction\",\"target\":{\"@type\":\"EntryPoint\",\"urlTemplate\":\"https:\\\/\\\/brufaganya.cat\\\/2020\\\/?s={search_term_string}\"},\"query-input\":{\"@type\":\"PropertyValueSpecification\",\"valueRequired\":true,\"valueName\":\"search_term_string\"}}],\"inLanguage\":\"ca\"},{\"@type\":\"Organization\",\"@id\":\"https:\\\/\\\/brufaganya.cat\\\/2020\\\/#organization\",\"name\":\"Sant Mag\u00ed de Brufaganya\",\"url\":\"https:\\\/\\\/brufaganya.cat\\\/2020\\\/\",\"logo\":{\"@type\":\"ImageObject\",\"inLanguage\":\"ca\",\"@id\":\"https:\\\/\\\/brufaganya.cat\\\/2020\\\/#\\\/schema\\\/logo\\\/image\\\/\",\"url\":\"https:\\\/\\\/brufaganya.cat\\\/2020\\\/wp-content\\\/uploads\\\/2018\\\/11\\\/st_marti_bruga_horitz_posi_logo.jpg\",\"contentUrl\":\"https:\\\/\\\/brufaganya.cat\\\/2020\\\/wp-content\\\/uploads\\\/2018\\\/11\\\/st_marti_bruga_horitz_posi_logo.jpg\",\"width\":1479,\"height\":804,\"caption\":\"Sant Mag\u00ed de Brufaganya\"},\"image\":{\"@id\":\"https:\\\/\\\/brufaganya.cat\\\/2020\\\/#\\\/schema\\\/logo\\\/image\\\/\"},\"sameAs\":[\"https:\\\/\\\/ca.wikipedia.org\\\/wiki\\\/Sant_Mag\u00ed_de_Brufaganya\"]},{\"@type\":\"Person\",\"@id\":\"https:\\\/\\\/brufaganya.cat\\\/2020\\\/#\\\/schema\\\/person\\\/cd383ee397867b5182d1cf80b8c2e95c\",\"name\":\"Rita Armejach Carreras\",\"image\":{\"@type\":\"ImageObject\",\"inLanguage\":\"ca\",\"@id\":\"https:\\\/\\\/secure.gravatar.com\\\/avatar\\\/9dd6e49c4c61c4e14defcbf48211c55e6d268a4486cf9f5cef1b53148943d71d?s=96&d=mm&r=g\",\"url\":\"https:\\\/\\\/secure.gravatar.com\\\/avatar\\\/9dd6e49c4c61c4e14defcbf48211c55e6d268a4486cf9f5cef1b53148943d71d?s=96&d=mm&r=g\",\"contentUrl\":\"https:\\\/\\\/secure.gravatar.com\\\/avatar\\\/9dd6e49c4c61c4e14defcbf48211c55e6d268a4486cf9f5cef1b53148943d71d?s=96&d=mm&r=g\",\"caption\":\"Rita Armejach Carreras\"},\"url\":\"https:\\\/\\\/brufaganya.cat\\\/2020\\\/author\\\/rarmejach\\\/\"}]}<\/script>\n<!-- \/ Yoast SEO plugin. -->","yoast_head_json":{"title":"Arque\u00f2legs visiten Sant Mag\u00ed &#187; Sant Mag\u00ed de la Brufaganya","robots":{"index":"index","follow":"follow","max-snippet":"max-snippet:-1","max-image-preview":"max-image-preview:large","max-video-preview":"max-video-preview:-1"},"canonical":"https:\/\/brufaganya.cat\/2020\/arqueolegs-a-sant-magi\/","og_locale":"ca_ES","og_type":"article","og_title":"Arque\u00f2legs visiten Sant Mag\u00ed &#187; Sant Mag\u00ed de la Brufaganya","og_description":"Ens han visitat\u00a0 experts a Sant Mag\u00ed.\u00a0Aquesta primera visita del Dr. Xavier Costa historiador medieval especialitzat en\u00a0antiguitat tardana\u00a0i l&#8217;Anna arque\u00f2loga ,\u00a0 membres de la\u00a0Universitat de Barcelona\u00a0. Aquestes persones que estan [&hellip;]","og_url":"https:\/\/brufaganya.cat\/2020\/arqueolegs-a-sant-magi\/","og_site_name":"Sant Mag\u00ed de la Brufaganya","article_published_time":"2019-10-17T13:41:26+00:00","article_modified_time":"2019-10-17T13:51:08+00:00","og_image":[{"width":980,"height":560,"url":"https:\/\/brufaganya.cat\/2020\/wp-content\/uploads\/2019\/10\/SMsimulacio.jpg","type":"image\/jpeg"}],"author":"Rita Armejach Carreras","twitter_card":"summary_large_image","twitter_misc":{"Escrit per":"Rita Armejach Carreras","Temps estimat de lectura":"2 minuts"},"schema":{"@context":"https:\/\/schema.org","@graph":[{"@type":"Article","@id":"https:\/\/brufaganya.cat\/2020\/arqueolegs-a-sant-magi\/#article","isPartOf":{"@id":"https:\/\/brufaganya.cat\/2020\/arqueolegs-a-sant-magi\/"},"author":{"name":"Rita Armejach Carreras","@id":"https:\/\/brufaganya.cat\/2020\/#\/schema\/person\/cd383ee397867b5182d1cf80b8c2e95c"},"headline":"Arque\u00f2legs visiten Sant Mag\u00ed","datePublished":"2019-10-17T13:41:26+00:00","dateModified":"2019-10-17T13:51:08+00:00","mainEntityOfPage":{"@id":"https:\/\/brufaganya.cat\/2020\/arqueolegs-a-sant-magi\/"},"wordCount":425,"commentCount":0,"publisher":{"@id":"https:\/\/brufaganya.cat\/2020\/#organization"},"image":{"@id":"https:\/\/brufaganya.cat\/2020\/arqueolegs-a-sant-magi\/#primaryimage"},"thumbnailUrl":"https:\/\/brufaganya.cat\/2020\/wp-content\/uploads\/2019\/10\/SMsimulacio.jpg","articleSection":["Not\u00edcies","Patrimoni arquitect\u00f2nic"],"inLanguage":"ca","potentialAction":[{"@type":"CommentAction","name":"Comment","target":["https:\/\/brufaganya.cat\/2020\/arqueolegs-a-sant-magi\/#respond"]}]},{"@type":"WebPage","@id":"https:\/\/brufaganya.cat\/2020\/arqueolegs-a-sant-magi\/","url":"https:\/\/brufaganya.cat\/2020\/arqueolegs-a-sant-magi\/","name":"Arque\u00f2legs visiten Sant Mag\u00ed &#187; Sant Mag\u00ed de la Brufaganya","isPartOf":{"@id":"https:\/\/brufaganya.cat\/2020\/#website"},"primaryImageOfPage":{"@id":"https:\/\/brufaganya.cat\/2020\/arqueolegs-a-sant-magi\/#primaryimage"},"image":{"@id":"https:\/\/brufaganya.cat\/2020\/arqueolegs-a-sant-magi\/#primaryimage"},"thumbnailUrl":"https:\/\/brufaganya.cat\/2020\/wp-content\/uploads\/2019\/10\/SMsimulacio.jpg","datePublished":"2019-10-17T13:41:26+00:00","dateModified":"2019-10-17T13:51:08+00:00","breadcrumb":{"@id":"https:\/\/brufaganya.cat\/2020\/arqueolegs-a-sant-magi\/#breadcrumb"},"inLanguage":"ca","potentialAction":[{"@type":"ReadAction","target":["https:\/\/brufaganya.cat\/2020\/arqueolegs-a-sant-magi\/"]}]},{"@type":"ImageObject","inLanguage":"ca","@id":"https:\/\/brufaganya.cat\/2020\/arqueolegs-a-sant-magi\/#primaryimage","url":"https:\/\/brufaganya.cat\/2020\/wp-content\/uploads\/2019\/10\/SMsimulacio.jpg","contentUrl":"https:\/\/brufaganya.cat\/2020\/wp-content\/uploads\/2019\/10\/SMsimulacio.jpg","width":980,"height":560},{"@type":"BreadcrumbList","@id":"https:\/\/brufaganya.cat\/2020\/arqueolegs-a-sant-magi\/#breadcrumb","itemListElement":[{"@type":"ListItem","position":1,"name":"Inici","item":"https:\/\/brufaganya.cat\/2020\/"},{"@type":"ListItem","position":2,"name":"Arque\u00f2legs visiten Sant Mag\u00ed"}]},{"@type":"WebSite","@id":"https:\/\/brufaganya.cat\/2020\/#website","url":"https:\/\/brufaganya.cat\/2020\/","name":"Sant Mag\u00ed de la Brufaganya","description":"Lloc web de Sant Mag\u00ed de la Brufaganya","publisher":{"@id":"https:\/\/brufaganya.cat\/2020\/#organization"},"potentialAction":[{"@type":"SearchAction","target":{"@type":"EntryPoint","urlTemplate":"https:\/\/brufaganya.cat\/2020\/?s={search_term_string}"},"query-input":{"@type":"PropertyValueSpecification","valueRequired":true,"valueName":"search_term_string"}}],"inLanguage":"ca"},{"@type":"Organization","@id":"https:\/\/brufaganya.cat\/2020\/#organization","name":"Sant Mag\u00ed de Brufaganya","url":"https:\/\/brufaganya.cat\/2020\/","logo":{"@type":"ImageObject","inLanguage":"ca","@id":"https:\/\/brufaganya.cat\/2020\/#\/schema\/logo\/image\/","url":"https:\/\/brufaganya.cat\/2020\/wp-content\/uploads\/2018\/11\/st_marti_bruga_horitz_posi_logo.jpg","contentUrl":"https:\/\/brufaganya.cat\/2020\/wp-content\/uploads\/2018\/11\/st_marti_bruga_horitz_posi_logo.jpg","width":1479,"height":804,"caption":"Sant Mag\u00ed de Brufaganya"},"image":{"@id":"https:\/\/brufaganya.cat\/2020\/#\/schema\/logo\/image\/"},"sameAs":["https:\/\/ca.wikipedia.org\/wiki\/Sant_Mag\u00ed_de_Brufaganya"]},{"@type":"Person","@id":"https:\/\/brufaganya.cat\/2020\/#\/schema\/person\/cd383ee397867b5182d1cf80b8c2e95c","name":"Rita Armejach Carreras","image":{"@type":"ImageObject","inLanguage":"ca","@id":"https:\/\/secure.gravatar.com\/avatar\/9dd6e49c4c61c4e14defcbf48211c55e6d268a4486cf9f5cef1b53148943d71d?s=96&d=mm&r=g","url":"https:\/\/secure.gravatar.com\/avatar\/9dd6e49c4c61c4e14defcbf48211c55e6d268a4486cf9f5cef1b53148943d71d?s=96&d=mm&r=g","contentUrl":"https:\/\/secure.gravatar.com\/avatar\/9dd6e49c4c61c4e14defcbf48211c55e6d268a4486cf9f5cef1b53148943d71d?s=96&d=mm&r=g","caption":"Rita Armejach Carreras"},"url":"https:\/\/brufaganya.cat\/2020\/author\/rarmejach\/"}]}},"_links":{"self":[{"href":"https:\/\/brufaganya.cat\/2020\/wp-json\/wp\/v2\/posts\/4699","targetHints":{"allow":["GET"]}}],"collection":[{"href":"https:\/\/brufaganya.cat\/2020\/wp-json\/wp\/v2\/posts"}],"about":[{"href":"https:\/\/brufaganya.cat\/2020\/wp-json\/wp\/v2\/types\/post"}],"author":[{"embeddable":true,"href":"https:\/\/brufaganya.cat\/2020\/wp-json\/wp\/v2\/users\/105"}],"replies":[{"embeddable":true,"href":"https:\/\/brufaganya.cat\/2020\/wp-json\/wp\/v2\/comments?post=4699"}],"version-history":[{"count":0,"href":"https:\/\/brufaganya.cat\/2020\/wp-json\/wp\/v2\/posts\/4699\/revisions"}],"wp:featuredmedia":[{"embeddable":true,"href":"https:\/\/brufaganya.cat\/2020\/wp-json\/wp\/v2\/media\/4701"}],"wp:attachment":[{"href":"https:\/\/brufaganya.cat\/2020\/wp-json\/wp\/v2\/media?parent=4699"}],"wp:term":[{"taxonomy":"category","embeddable":true,"href":"https:\/\/brufaganya.cat\/2020\/wp-json\/wp\/v2\/categories?post=4699"},{"taxonomy":"post_tag","embeddable":true,"href":"https:\/\/brufaganya.cat\/2020\/wp-json\/wp\/v2\/tags?post=4699"}],"curies":[{"name":"wp","href":"https:\/\/api.w.org\/{rel}","templated":true}]}}