{"id":4642,"date":"2019-10-29T01:00:30","date_gmt":"2019-10-28T23:00:30","guid":{"rendered":"https:\/\/brufaganya.cat\/2020\/?p=4642"},"modified":"2020-03-06T08:44:23","modified_gmt":"2020-03-06T06:44:23","slug":"el-cingle-de-sant-magi-de-la-brufaganya-amb-les-coves","status":"publish","type":"post","link":"https:\/\/brufaganya.cat\/2020\/el-cingle-de-sant-magi-de-la-brufaganya-amb-les-coves\/","title":{"rendered":"AFSM018 &#8211; El cingle de Sant Mag\u00ed de la Brufaganya amb les coves"},"content":{"rendered":"<p><!--more--><\/p>\n<table>\n<tbody>\n<tr>\n<td width=\"238\">Identificador propi:<\/td>\n<td width=\"627\">AFSM018<\/td>\n<\/tr>\n<tr>\n<td width=\"238\">T\u00edtol:<\/td>\n<td width=\"627\">El cingle de Sant Mag\u00ed de la Brufaganya amb les coves<\/td>\n<\/tr>\n<tr>\n<td width=\"238\">Descripci\u00f3:<\/td>\n<td width=\"627\">La fotografia ens mostra tot el cingle de Sant Mag\u00ed, situat a la banda nord-oriental del santuari. \u00c9s molt interessant observar com diverses construccions, avui inexistents, encara subsistien a principis del segle XX. A l\u2019esquerra de la foto, bastant amunt, s\u2019hi veu la capella de Sant Domingo; ben b\u00e9 al mig hi ha la Cova de Sant Mag\u00ed i una mica m\u00e9s a la dreta la capella pr\u00e0cticament exempta de la capella de la Mare de D\u00e9u de la Salut. Encara m\u00e9s a la dreta s\u2019hi endevinen runes d\u2019antigues construccions molt probablement del temps dels eremites.<\/td>\n<\/tr>\n<tr>\n<td width=\"238\">Autor:<\/td>\n<td width=\"627\">Joseph Claveras Roca<\/td>\n<\/tr>\n<tr>\n<td width=\"238\">Descriptors tem\u00e0tics:<\/td>\n<td width=\"627\">J.- CI\u00c8NCIA I TECNOLOGIA:J.1. CI\u00c8NCIA:DISCIPLINES CIENT\u00cdFIQUES:CI\u00c8NCIES DE LA TERRA:GEOMORFOLOGIA:FORMES TOPOGR\u00c0FIQUES<\/td>\n<\/tr>\n<tr>\n<td width=\"238\">Paraules clau:<\/td>\n<td width=\"627\">Sant Mag\u00ed, Brufaganya, cingles, coves<\/td>\n<\/tr>\n<tr>\n<td width=\"238\">Descriptors biogr\u00e0fics:<\/td>\n<td width=\"627\"><\/td>\n<\/tr>\n<tr>\n<td width=\"238\">Data:<\/td>\n<td width=\"627\">[1911-1912]<\/td>\n<\/tr>\n<tr>\n<td width=\"238\">Lloc:<\/td>\n<td width=\"627\">CATALUNYA:BAIXA SEGARRA:PONTILS: SANT MAG\u00cd DE LA BRUFAGANYA<\/td>\n<\/tr>\n<tr>\n<td width=\"238\">Proced\u00e8ncia:<\/td>\n<td width=\"627\">Arxiu fotogr\u00e0fic ACBS. Fons fam\u00edlia Sala Serrahima<\/td>\n<\/tr>\n<tr>\n<td width=\"238\">Suport original:<\/td>\n<td width=\"627\">Placa de vidre<\/td>\n<\/tr>\n<tr>\n<td width=\"238\">Identificador arxiu ali\u00e8:<\/td>\n<td width=\"627\">&#8212;<\/td>\n<\/tr>\n<\/tbody>\n<\/table>\n","protected":false},"excerpt":{"rendered":"Identificador propi: AFSM018 T\u00edtol: El cingle de Sant Mag\u00ed de la Brufaganya amb les coves Descripci\u00f3: La fotografia ens mostra tot el cingle de Sant Mag\u00ed, situat a la banda [...]","protected":false},"author":109,"featured_media":4641,"comment_status":"open","ping_status":"closed","sticky":false,"template":"","format":"standard","meta":{"inline_featured_image":false,"footnotes":""},"categories":[779,803],"tags":[],"class_list":["post-4642","post","type-post","status-publish","format-standard","has-post-thumbnail","hentry","category-arxiu-fotografic","category-arxiu-fotografic-historic"],"yoast_head":"<!-- This site is optimized with the Yoast SEO plugin v27.4 - https:\/\/yoast.com\/product\/yoast-seo-wordpress\/ -->\n<title>AFSM018 - El cingle de Sant Mag\u00ed de la Brufaganya amb les coves &#187; Sant Mag\u00ed de la Brufaganya<\/title>\n<meta name=\"robots\" content=\"index, follow, max-snippet:-1, max-image-preview:large, max-video-preview:-1\" \/>\n<link rel=\"canonical\" href=\"https:\/\/brufaganya.cat\/2020\/el-cingle-de-sant-magi-de-la-brufaganya-amb-les-coves\/\" \/>\n<meta property=\"og:locale\" content=\"ca_ES\" \/>\n<meta property=\"og:type\" content=\"article\" \/>\n<meta property=\"og:title\" content=\"AFSM018 - El cingle de Sant Mag\u00ed de la Brufaganya amb les coves &#187; Sant Mag\u00ed de la Brufaganya\" \/>\n<meta property=\"og:url\" content=\"https:\/\/brufaganya.cat\/2020\/el-cingle-de-sant-magi-de-la-brufaganya-amb-les-coves\/\" \/>\n<meta property=\"og:site_name\" content=\"Sant Mag\u00ed de la Brufaganya\" \/>\n<meta property=\"article:published_time\" content=\"2019-10-28T23:00:30+00:00\" \/>\n<meta property=\"article:modified_time\" content=\"2020-03-06T06:44:23+00:00\" \/>\n<meta property=\"og:image\" content=\"https:\/\/brufaganya.cat\/2020\/wp-content\/uploads\/2019\/09\/018.-El-cingle-de-Sant-Mag\u00ed-amb-les-coves.jpg\" \/>\n\t<meta property=\"og:image:width\" content=\"1024\" \/>\n\t<meta property=\"og:image:height\" content=\"766\" \/>\n\t<meta property=\"og:image:type\" content=\"image\/jpeg\" \/>\n<meta name=\"author\" content=\"Silvestre Pal\u00e0 Aug\u00e9\" \/>\n<meta name=\"twitter:card\" content=\"summary_large_image\" \/>\n<meta name=\"twitter:label1\" content=\"Escrit per\" \/>\n\t<meta name=\"twitter:data1\" content=\"Silvestre Pal\u00e0 Aug\u00e9\" \/>\n\t<meta name=\"twitter:label2\" content=\"Temps estimat de lectura\" \/>\n\t<meta name=\"twitter:data2\" content=\"1 minut\" \/>\n<script type=\"application\/ld+json\" class=\"yoast-schema-graph\">{\"@context\":\"https:\\\/\\\/schema.org\",\"@graph\":[{\"@type\":\"Article\",\"@id\":\"https:\\\/\\\/brufaganya.cat\\\/2020\\\/el-cingle-de-sant-magi-de-la-brufaganya-amb-les-coves\\\/#article\",\"isPartOf\":{\"@id\":\"https:\\\/\\\/brufaganya.cat\\\/2020\\\/el-cingle-de-sant-magi-de-la-brufaganya-amb-les-coves\\\/\"},\"author\":{\"name\":\"Silvestre Pal\u00e0 Aug\u00e9\",\"@id\":\"https:\\\/\\\/brufaganya.cat\\\/2020\\\/#\\\/schema\\\/person\\\/104a8a58bc74955dad00f639bb234a56\"},\"headline\":\"AFSM018 &#8211; El cingle de Sant Mag\u00ed de la Brufaganya amb les coves\",\"datePublished\":\"2019-10-28T23:00:30+00:00\",\"dateModified\":\"2020-03-06T06:44:23+00:00\",\"mainEntityOfPage\":{\"@id\":\"https:\\\/\\\/brufaganya.cat\\\/2020\\\/el-cingle-de-sant-magi-de-la-brufaganya-amb-les-coves\\\/\"},\"wordCount\":204,\"commentCount\":0,\"publisher\":{\"@id\":\"https:\\\/\\\/brufaganya.cat\\\/2020\\\/#organization\"},\"image\":{\"@id\":\"https:\\\/\\\/brufaganya.cat\\\/2020\\\/el-cingle-de-sant-magi-de-la-brufaganya-amb-les-coves\\\/#primaryimage\"},\"thumbnailUrl\":\"https:\\\/\\\/brufaganya.cat\\\/2020\\\/wp-content\\\/uploads\\\/2019\\\/09\\\/018.-El-cingle-de-Sant-Mag\u00ed-amb-les-coves.jpg\",\"articleSection\":[\"Arxiu fotogr\u00e0fic\",\"Arxiu fotogr\u00e0fic - arxiu hist\u00f2ric\"],\"inLanguage\":\"ca\",\"potentialAction\":[{\"@type\":\"CommentAction\",\"name\":\"Comment\",\"target\":[\"https:\\\/\\\/brufaganya.cat\\\/2020\\\/el-cingle-de-sant-magi-de-la-brufaganya-amb-les-coves\\\/#respond\"]}]},{\"@type\":\"WebPage\",\"@id\":\"https:\\\/\\\/brufaganya.cat\\\/2020\\\/el-cingle-de-sant-magi-de-la-brufaganya-amb-les-coves\\\/\",\"url\":\"https:\\\/\\\/brufaganya.cat\\\/2020\\\/el-cingle-de-sant-magi-de-la-brufaganya-amb-les-coves\\\/\",\"name\":\"AFSM018 - El cingle de Sant Mag\u00ed de la Brufaganya amb les coves &#187; Sant Mag\u00ed de la Brufaganya\",\"isPartOf\":{\"@id\":\"https:\\\/\\\/brufaganya.cat\\\/2020\\\/#website\"},\"primaryImageOfPage\":{\"@id\":\"https:\\\/\\\/brufaganya.cat\\\/2020\\\/el-cingle-de-sant-magi-de-la-brufaganya-amb-les-coves\\\/#primaryimage\"},\"image\":{\"@id\":\"https:\\\/\\\/brufaganya.cat\\\/2020\\\/el-cingle-de-sant-magi-de-la-brufaganya-amb-les-coves\\\/#primaryimage\"},\"thumbnailUrl\":\"https:\\\/\\\/brufaganya.cat\\\/2020\\\/wp-content\\\/uploads\\\/2019\\\/09\\\/018.-El-cingle-de-Sant-Mag\u00ed-amb-les-coves.jpg\",\"datePublished\":\"2019-10-28T23:00:30+00:00\",\"dateModified\":\"2020-03-06T06:44:23+00:00\",\"breadcrumb\":{\"@id\":\"https:\\\/\\\/brufaganya.cat\\\/2020\\\/el-cingle-de-sant-magi-de-la-brufaganya-amb-les-coves\\\/#breadcrumb\"},\"inLanguage\":\"ca\",\"potentialAction\":[{\"@type\":\"ReadAction\",\"target\":[\"https:\\\/\\\/brufaganya.cat\\\/2020\\\/el-cingle-de-sant-magi-de-la-brufaganya-amb-les-coves\\\/\"]}]},{\"@type\":\"ImageObject\",\"inLanguage\":\"ca\",\"@id\":\"https:\\\/\\\/brufaganya.cat\\\/2020\\\/el-cingle-de-sant-magi-de-la-brufaganya-amb-les-coves\\\/#primaryimage\",\"url\":\"https:\\\/\\\/brufaganya.cat\\\/2020\\\/wp-content\\\/uploads\\\/2019\\\/09\\\/018.-El-cingle-de-Sant-Mag\u00ed-amb-les-coves.jpg\",\"contentUrl\":\"https:\\\/\\\/brufaganya.cat\\\/2020\\\/wp-content\\\/uploads\\\/2019\\\/09\\\/018.-El-cingle-de-Sant-Mag\u00ed-amb-les-coves.jpg\",\"width\":1024,\"height\":766},{\"@type\":\"BreadcrumbList\",\"@id\":\"https:\\\/\\\/brufaganya.cat\\\/2020\\\/el-cingle-de-sant-magi-de-la-brufaganya-amb-les-coves\\\/#breadcrumb\",\"itemListElement\":[{\"@type\":\"ListItem\",\"position\":1,\"name\":\"Inici\",\"item\":\"https:\\\/\\\/brufaganya.cat\\\/2020\\\/\"},{\"@type\":\"ListItem\",\"position\":2,\"name\":\"AFSM018 &#8211; El cingle de Sant Mag\u00ed de la Brufaganya amb les coves\"}]},{\"@type\":\"WebSite\",\"@id\":\"https:\\\/\\\/brufaganya.cat\\\/2020\\\/#website\",\"url\":\"https:\\\/\\\/brufaganya.cat\\\/2020\\\/\",\"name\":\"Sant Mag\u00ed de la Brufaganya\",\"description\":\"Lloc web de Sant Mag\u00ed de la Brufaganya\",\"publisher\":{\"@id\":\"https:\\\/\\\/brufaganya.cat\\\/2020\\\/#organization\"},\"potentialAction\":[{\"@type\":\"SearchAction\",\"target\":{\"@type\":\"EntryPoint\",\"urlTemplate\":\"https:\\\/\\\/brufaganya.cat\\\/2020\\\/?s={search_term_string}\"},\"query-input\":{\"@type\":\"PropertyValueSpecification\",\"valueRequired\":true,\"valueName\":\"search_term_string\"}}],\"inLanguage\":\"ca\"},{\"@type\":\"Organization\",\"@id\":\"https:\\\/\\\/brufaganya.cat\\\/2020\\\/#organization\",\"name\":\"Sant Mag\u00ed de Brufaganya\",\"url\":\"https:\\\/\\\/brufaganya.cat\\\/2020\\\/\",\"logo\":{\"@type\":\"ImageObject\",\"inLanguage\":\"ca\",\"@id\":\"https:\\\/\\\/brufaganya.cat\\\/2020\\\/#\\\/schema\\\/logo\\\/image\\\/\",\"url\":\"https:\\\/\\\/brufaganya.cat\\\/2020\\\/wp-content\\\/uploads\\\/2018\\\/11\\\/st_marti_bruga_horitz_posi_logo.jpg\",\"contentUrl\":\"https:\\\/\\\/brufaganya.cat\\\/2020\\\/wp-content\\\/uploads\\\/2018\\\/11\\\/st_marti_bruga_horitz_posi_logo.jpg\",\"width\":1479,\"height\":804,\"caption\":\"Sant Mag\u00ed de Brufaganya\"},\"image\":{\"@id\":\"https:\\\/\\\/brufaganya.cat\\\/2020\\\/#\\\/schema\\\/logo\\\/image\\\/\"},\"sameAs\":[\"https:\\\/\\\/ca.wikipedia.org\\\/wiki\\\/Sant_Mag\u00ed_de_Brufaganya\"]},{\"@type\":\"Person\",\"@id\":\"https:\\\/\\\/brufaganya.cat\\\/2020\\\/#\\\/schema\\\/person\\\/104a8a58bc74955dad00f639bb234a56\",\"name\":\"Silvestre Pal\u00e0 Aug\u00e9\",\"image\":{\"@type\":\"ImageObject\",\"inLanguage\":\"ca\",\"@id\":\"https:\\\/\\\/secure.gravatar.com\\\/avatar\\\/240c865b87ee90f68f1bb82d954fb54e1c50d2b4355c9b807c7f2862e50c5fb1?s=96&d=mm&r=g\",\"url\":\"https:\\\/\\\/secure.gravatar.com\\\/avatar\\\/240c865b87ee90f68f1bb82d954fb54e1c50d2b4355c9b807c7f2862e50c5fb1?s=96&d=mm&r=g\",\"contentUrl\":\"https:\\\/\\\/secure.gravatar.com\\\/avatar\\\/240c865b87ee90f68f1bb82d954fb54e1c50d2b4355c9b807c7f2862e50c5fb1?s=96&d=mm&r=g\",\"caption\":\"Silvestre Pal\u00e0 Aug\u00e9\"},\"url\":\"https:\\\/\\\/brufaganya.cat\\\/2020\\\/author\\\/spala\\\/\"}]}<\/script>\n<!-- \/ Yoast SEO plugin. -->","yoast_head_json":{"title":"AFSM018 - El cingle de Sant Mag\u00ed de la Brufaganya amb les coves &#187; Sant Mag\u00ed de la Brufaganya","robots":{"index":"index","follow":"follow","max-snippet":"max-snippet:-1","max-image-preview":"max-image-preview:large","max-video-preview":"max-video-preview:-1"},"canonical":"https:\/\/brufaganya.cat\/2020\/el-cingle-de-sant-magi-de-la-brufaganya-amb-les-coves\/","og_locale":"ca_ES","og_type":"article","og_title":"AFSM018 - El cingle de Sant Mag\u00ed de la Brufaganya amb les coves &#187; Sant Mag\u00ed de la Brufaganya","og_url":"https:\/\/brufaganya.cat\/2020\/el-cingle-de-sant-magi-de-la-brufaganya-amb-les-coves\/","og_site_name":"Sant Mag\u00ed de la Brufaganya","article_published_time":"2019-10-28T23:00:30+00:00","article_modified_time":"2020-03-06T06:44:23+00:00","og_image":[{"width":1024,"height":766,"url":"https:\/\/brufaganya.cat\/2020\/wp-content\/uploads\/2019\/09\/018.-El-cingle-de-Sant-Mag\u00ed-amb-les-coves.jpg","type":"image\/jpeg"}],"author":"Silvestre Pal\u00e0 Aug\u00e9","twitter_card":"summary_large_image","twitter_misc":{"Escrit per":"Silvestre Pal\u00e0 Aug\u00e9","Temps estimat de lectura":"1 minut"},"schema":{"@context":"https:\/\/schema.org","@graph":[{"@type":"Article","@id":"https:\/\/brufaganya.cat\/2020\/el-cingle-de-sant-magi-de-la-brufaganya-amb-les-coves\/#article","isPartOf":{"@id":"https:\/\/brufaganya.cat\/2020\/el-cingle-de-sant-magi-de-la-brufaganya-amb-les-coves\/"},"author":{"name":"Silvestre Pal\u00e0 Aug\u00e9","@id":"https:\/\/brufaganya.cat\/2020\/#\/schema\/person\/104a8a58bc74955dad00f639bb234a56"},"headline":"AFSM018 &#8211; El cingle de Sant Mag\u00ed de la Brufaganya amb les coves","datePublished":"2019-10-28T23:00:30+00:00","dateModified":"2020-03-06T06:44:23+00:00","mainEntityOfPage":{"@id":"https:\/\/brufaganya.cat\/2020\/el-cingle-de-sant-magi-de-la-brufaganya-amb-les-coves\/"},"wordCount":204,"commentCount":0,"publisher":{"@id":"https:\/\/brufaganya.cat\/2020\/#organization"},"image":{"@id":"https:\/\/brufaganya.cat\/2020\/el-cingle-de-sant-magi-de-la-brufaganya-amb-les-coves\/#primaryimage"},"thumbnailUrl":"https:\/\/brufaganya.cat\/2020\/wp-content\/uploads\/2019\/09\/018.-El-cingle-de-Sant-Mag\u00ed-amb-les-coves.jpg","articleSection":["Arxiu fotogr\u00e0fic","Arxiu fotogr\u00e0fic - arxiu hist\u00f2ric"],"inLanguage":"ca","potentialAction":[{"@type":"CommentAction","name":"Comment","target":["https:\/\/brufaganya.cat\/2020\/el-cingle-de-sant-magi-de-la-brufaganya-amb-les-coves\/#respond"]}]},{"@type":"WebPage","@id":"https:\/\/brufaganya.cat\/2020\/el-cingle-de-sant-magi-de-la-brufaganya-amb-les-coves\/","url":"https:\/\/brufaganya.cat\/2020\/el-cingle-de-sant-magi-de-la-brufaganya-amb-les-coves\/","name":"AFSM018 - El cingle de Sant Mag\u00ed de la Brufaganya amb les coves &#187; Sant Mag\u00ed de la Brufaganya","isPartOf":{"@id":"https:\/\/brufaganya.cat\/2020\/#website"},"primaryImageOfPage":{"@id":"https:\/\/brufaganya.cat\/2020\/el-cingle-de-sant-magi-de-la-brufaganya-amb-les-coves\/#primaryimage"},"image":{"@id":"https:\/\/brufaganya.cat\/2020\/el-cingle-de-sant-magi-de-la-brufaganya-amb-les-coves\/#primaryimage"},"thumbnailUrl":"https:\/\/brufaganya.cat\/2020\/wp-content\/uploads\/2019\/09\/018.-El-cingle-de-Sant-Mag\u00ed-amb-les-coves.jpg","datePublished":"2019-10-28T23:00:30+00:00","dateModified":"2020-03-06T06:44:23+00:00","breadcrumb":{"@id":"https:\/\/brufaganya.cat\/2020\/el-cingle-de-sant-magi-de-la-brufaganya-amb-les-coves\/#breadcrumb"},"inLanguage":"ca","potentialAction":[{"@type":"ReadAction","target":["https:\/\/brufaganya.cat\/2020\/el-cingle-de-sant-magi-de-la-brufaganya-amb-les-coves\/"]}]},{"@type":"ImageObject","inLanguage":"ca","@id":"https:\/\/brufaganya.cat\/2020\/el-cingle-de-sant-magi-de-la-brufaganya-amb-les-coves\/#primaryimage","url":"https:\/\/brufaganya.cat\/2020\/wp-content\/uploads\/2019\/09\/018.-El-cingle-de-Sant-Mag\u00ed-amb-les-coves.jpg","contentUrl":"https:\/\/brufaganya.cat\/2020\/wp-content\/uploads\/2019\/09\/018.-El-cingle-de-Sant-Mag\u00ed-amb-les-coves.jpg","width":1024,"height":766},{"@type":"BreadcrumbList","@id":"https:\/\/brufaganya.cat\/2020\/el-cingle-de-sant-magi-de-la-brufaganya-amb-les-coves\/#breadcrumb","itemListElement":[{"@type":"ListItem","position":1,"name":"Inici","item":"https:\/\/brufaganya.cat\/2020\/"},{"@type":"ListItem","position":2,"name":"AFSM018 &#8211; El cingle de Sant Mag\u00ed de la Brufaganya amb les coves"}]},{"@type":"WebSite","@id":"https:\/\/brufaganya.cat\/2020\/#website","url":"https:\/\/brufaganya.cat\/2020\/","name":"Sant Mag\u00ed de la Brufaganya","description":"Lloc web de Sant Mag\u00ed de la Brufaganya","publisher":{"@id":"https:\/\/brufaganya.cat\/2020\/#organization"},"potentialAction":[{"@type":"SearchAction","target":{"@type":"EntryPoint","urlTemplate":"https:\/\/brufaganya.cat\/2020\/?s={search_term_string}"},"query-input":{"@type":"PropertyValueSpecification","valueRequired":true,"valueName":"search_term_string"}}],"inLanguage":"ca"},{"@type":"Organization","@id":"https:\/\/brufaganya.cat\/2020\/#organization","name":"Sant Mag\u00ed de Brufaganya","url":"https:\/\/brufaganya.cat\/2020\/","logo":{"@type":"ImageObject","inLanguage":"ca","@id":"https:\/\/brufaganya.cat\/2020\/#\/schema\/logo\/image\/","url":"https:\/\/brufaganya.cat\/2020\/wp-content\/uploads\/2018\/11\/st_marti_bruga_horitz_posi_logo.jpg","contentUrl":"https:\/\/brufaganya.cat\/2020\/wp-content\/uploads\/2018\/11\/st_marti_bruga_horitz_posi_logo.jpg","width":1479,"height":804,"caption":"Sant Mag\u00ed de Brufaganya"},"image":{"@id":"https:\/\/brufaganya.cat\/2020\/#\/schema\/logo\/image\/"},"sameAs":["https:\/\/ca.wikipedia.org\/wiki\/Sant_Mag\u00ed_de_Brufaganya"]},{"@type":"Person","@id":"https:\/\/brufaganya.cat\/2020\/#\/schema\/person\/104a8a58bc74955dad00f639bb234a56","name":"Silvestre Pal\u00e0 Aug\u00e9","image":{"@type":"ImageObject","inLanguage":"ca","@id":"https:\/\/secure.gravatar.com\/avatar\/240c865b87ee90f68f1bb82d954fb54e1c50d2b4355c9b807c7f2862e50c5fb1?s=96&d=mm&r=g","url":"https:\/\/secure.gravatar.com\/avatar\/240c865b87ee90f68f1bb82d954fb54e1c50d2b4355c9b807c7f2862e50c5fb1?s=96&d=mm&r=g","contentUrl":"https:\/\/secure.gravatar.com\/avatar\/240c865b87ee90f68f1bb82d954fb54e1c50d2b4355c9b807c7f2862e50c5fb1?s=96&d=mm&r=g","caption":"Silvestre Pal\u00e0 Aug\u00e9"},"url":"https:\/\/brufaganya.cat\/2020\/author\/spala\/"}]}},"_links":{"self":[{"href":"https:\/\/brufaganya.cat\/2020\/wp-json\/wp\/v2\/posts\/4642","targetHints":{"allow":["GET"]}}],"collection":[{"href":"https:\/\/brufaganya.cat\/2020\/wp-json\/wp\/v2\/posts"}],"about":[{"href":"https:\/\/brufaganya.cat\/2020\/wp-json\/wp\/v2\/types\/post"}],"author":[{"embeddable":true,"href":"https:\/\/brufaganya.cat\/2020\/wp-json\/wp\/v2\/users\/109"}],"replies":[{"embeddable":true,"href":"https:\/\/brufaganya.cat\/2020\/wp-json\/wp\/v2\/comments?post=4642"}],"version-history":[{"count":0,"href":"https:\/\/brufaganya.cat\/2020\/wp-json\/wp\/v2\/posts\/4642\/revisions"}],"wp:featuredmedia":[{"embeddable":true,"href":"https:\/\/brufaganya.cat\/2020\/wp-json\/wp\/v2\/media\/4641"}],"wp:attachment":[{"href":"https:\/\/brufaganya.cat\/2020\/wp-json\/wp\/v2\/media?parent=4642"}],"wp:term":[{"taxonomy":"category","embeddable":true,"href":"https:\/\/brufaganya.cat\/2020\/wp-json\/wp\/v2\/categories?post=4642"},{"taxonomy":"post_tag","embeddable":true,"href":"https:\/\/brufaganya.cat\/2020\/wp-json\/wp\/v2\/tags?post=4642"}],"curies":[{"name":"wp","href":"https:\/\/api.w.org\/{rel}","templated":true}]}}