{"id":4621,"date":"2019-10-15T01:00:49","date_gmt":"2019-10-14T23:00:49","guid":{"rendered":"https:\/\/brufaganya.cat\/2020\/?p=4621"},"modified":"2020-03-06T08:43:14","modified_gmt":"2020-03-06T06:43:14","slug":"una-familia-pujant-a-les-coves-de-sant-magi-de-la-brufaganya","status":"publish","type":"post","link":"https:\/\/brufaganya.cat\/2020\/una-familia-pujant-a-les-coves-de-sant-magi-de-la-brufaganya\/","title":{"rendered":"AFSM014 &#8211; Una fam\u00edlia pujant a les coves de Sant Mag\u00ed de la Brufaganya"},"content":{"rendered":"<p><!--more--><\/p>\n<table>\n<tbody>\n<tr>\n<td width=\"238\">Identificador propi:<\/td>\n<td width=\"627\">AFSM014<\/td>\n<\/tr>\n<tr>\n<td width=\"238\">T\u00edtol:<\/td>\n<td width=\"627\">Una fam\u00edlia pujant a les coves de Sant Mag\u00ed de la Brufaganya<\/td>\n<\/tr>\n<tr>\n<td width=\"238\">Descripci\u00f3:<\/td>\n<td width=\"627\">El dia de l\u2019aplec de Sant Mag\u00ed, el tercer diumenge de setembre, era costum pujar fins a les coves amb la colla o amb la fam\u00edlia. En aquest cas tota la fam\u00edlia, des de l\u2019avi fins als infants pugen a la cova de Sant Dom\u00e8nec que, juntament amb la cova de Sant Mag\u00ed i l\u2019ermita de la Mare de D\u00e9u de la Salut eren els tres llocs on s\u2019anava, tots ells al cingle de la Brufaganya. Mentrestant les dones grans probablement estan preparant el dinar de l\u2019aplec.<\/td>\n<\/tr>\n<tr>\n<td width=\"238\">Autor:<\/td>\n<td width=\"627\">Orga Torrent, Pere (1921-2014)<\/td>\n<\/tr>\n<tr>\n<td width=\"238\">Descriptors tem\u00e0tics:<\/td>\n<td width=\"627\">C.- LLEURE:C.5. FESTES:FESTES POPULARS:APLECS:APLECS DE DEVOCI\u00d3<\/p>\n<p>J.- CI\u00c8NCIA I TECNOLOGIA:J.1. CI\u00c8NCIA:DISCIPLINES CIENT\u00cdFIQUES:CI\u00c8NCIES DE LA TERRA:GEOMORFOLOGIA:FORMES TOPOGR\u00c0FIQUES<\/td>\n<\/tr>\n<tr>\n<td width=\"238\">Paraules clau:<\/td>\n<td width=\"627\">Aplec, coves, Sant Mag\u00ed, Brufaganya,\u00a0 excursi\u00f3, cingles<\/td>\n<\/tr>\n<tr>\n<td width=\"238\">Descriptors biogr\u00e0fics:<\/td>\n<td width=\"627\">Orga Orga, Ramon \/ Orga Torrent, Pere \/ Castells Domingo, Ramon \/ Orga Mestre, Josefina \/ Orga Mestre, Ramon<\/td>\n<\/tr>\n<tr>\n<td width=\"238\">Data:<\/td>\n<td width=\"627\">[ca. 1959]<\/td>\n<\/tr>\n<tr>\n<td width=\"238\">Lloc:<\/td>\n<td width=\"627\">CATALUNYA:BAIXA SEGARRA:PONTILS: SANT MAG\u00cd DE LA BRUFAGANYA<\/td>\n<\/tr>\n<tr>\n<td width=\"238\">Proced\u00e8ncia:<\/td>\n<td width=\"627\">Col\u00b7lecci\u00f3 fam\u00edlia Orga Mestre<\/td>\n<\/tr>\n<tr>\n<td width=\"238\">Suport original:<\/td>\n<td width=\"627\">Paper<\/td>\n<\/tr>\n<tr>\n<td width=\"238\">Identificador arxiu ali\u00e8:<\/td>\n<td width=\"627\">&#8212;<\/td>\n<\/tr>\n<\/tbody>\n<\/table>\n<p>&nbsp;<\/p>\n<p>&nbsp;<\/p>\n","protected":false},"excerpt":{"rendered":"Identificador propi: AFSM014 T\u00edtol: Una fam\u00edlia pujant a les coves de Sant Mag\u00ed de la Brufaganya Descripci\u00f3: El dia de l\u2019aplec de Sant Mag\u00ed, el tercer diumenge de setembre, era [...]","protected":false},"author":109,"featured_media":4620,"comment_status":"open","ping_status":"closed","sticky":false,"template":"","format":"standard","meta":{"inline_featured_image":false,"footnotes":""},"categories":[779,803],"tags":[],"class_list":["post-4621","post","type-post","status-publish","format-standard","has-post-thumbnail","hentry","category-arxiu-fotografic","category-arxiu-fotografic-historic"],"yoast_head":"<!-- This site is optimized with the Yoast SEO plugin v27.4 - https:\/\/yoast.com\/product\/yoast-seo-wordpress\/ -->\n<title>AFSM014 - Una fam\u00edlia pujant a les coves de Sant Mag\u00ed de la Brufaganya &#187; Sant Mag\u00ed de la Brufaganya<\/title>\n<meta name=\"robots\" content=\"index, follow, max-snippet:-1, max-image-preview:large, max-video-preview:-1\" \/>\n<link rel=\"canonical\" href=\"https:\/\/brufaganya.cat\/2020\/una-familia-pujant-a-les-coves-de-sant-magi-de-la-brufaganya\/\" \/>\n<meta property=\"og:locale\" content=\"ca_ES\" \/>\n<meta property=\"og:type\" content=\"article\" \/>\n<meta property=\"og:title\" content=\"AFSM014 - Una fam\u00edlia pujant a les coves de Sant Mag\u00ed de la Brufaganya &#187; Sant Mag\u00ed de la Brufaganya\" \/>\n<meta property=\"og:url\" content=\"https:\/\/brufaganya.cat\/2020\/una-familia-pujant-a-les-coves-de-sant-magi-de-la-brufaganya\/\" \/>\n<meta property=\"og:site_name\" content=\"Sant Mag\u00ed de la Brufaganya\" \/>\n<meta property=\"article:published_time\" content=\"2019-10-14T23:00:49+00:00\" \/>\n<meta property=\"article:modified_time\" content=\"2020-03-06T06:43:14+00:00\" \/>\n<meta property=\"og:image\" content=\"https:\/\/brufaganya.cat\/2020\/wp-content\/uploads\/2019\/09\/014.-Fam\u00edlia-pujant-a-les-coves-de-S.-Mag\u00ed.jpg\" \/>\n\t<meta property=\"og:image:width\" content=\"758\" \/>\n\t<meta property=\"og:image:height\" content=\"1177\" \/>\n\t<meta property=\"og:image:type\" content=\"image\/jpeg\" \/>\n<meta name=\"author\" content=\"Silvestre Pal\u00e0 Aug\u00e9\" \/>\n<meta name=\"twitter:card\" content=\"summary_large_image\" \/>\n<meta name=\"twitter:label1\" content=\"Escrit per\" \/>\n\t<meta name=\"twitter:data1\" content=\"Silvestre Pal\u00e0 Aug\u00e9\" \/>\n\t<meta name=\"twitter:label2\" content=\"Temps estimat de lectura\" \/>\n\t<meta name=\"twitter:data2\" content=\"1 minut\" \/>\n<script type=\"application\/ld+json\" class=\"yoast-schema-graph\">{\"@context\":\"https:\\\/\\\/schema.org\",\"@graph\":[{\"@type\":\"Article\",\"@id\":\"https:\\\/\\\/brufaganya.cat\\\/2020\\\/una-familia-pujant-a-les-coves-de-sant-magi-de-la-brufaganya\\\/#article\",\"isPartOf\":{\"@id\":\"https:\\\/\\\/brufaganya.cat\\\/2020\\\/una-familia-pujant-a-les-coves-de-sant-magi-de-la-brufaganya\\\/\"},\"author\":{\"name\":\"Silvestre Pal\u00e0 Aug\u00e9\",\"@id\":\"https:\\\/\\\/brufaganya.cat\\\/2020\\\/#\\\/schema\\\/person\\\/104a8a58bc74955dad00f639bb234a56\"},\"headline\":\"AFSM014 &#8211; Una fam\u00edlia pujant a les coves de Sant Mag\u00ed de la Brufaganya\",\"datePublished\":\"2019-10-14T23:00:49+00:00\",\"dateModified\":\"2020-03-06T06:43:14+00:00\",\"mainEntityOfPage\":{\"@id\":\"https:\\\/\\\/brufaganya.cat\\\/2020\\\/una-familia-pujant-a-les-coves-de-sant-magi-de-la-brufaganya\\\/\"},\"wordCount\":226,\"commentCount\":0,\"publisher\":{\"@id\":\"https:\\\/\\\/brufaganya.cat\\\/2020\\\/#organization\"},\"image\":{\"@id\":\"https:\\\/\\\/brufaganya.cat\\\/2020\\\/una-familia-pujant-a-les-coves-de-sant-magi-de-la-brufaganya\\\/#primaryimage\"},\"thumbnailUrl\":\"https:\\\/\\\/brufaganya.cat\\\/2020\\\/wp-content\\\/uploads\\\/2019\\\/09\\\/014.-Fam\u00edlia-pujant-a-les-coves-de-S.-Mag\u00ed.jpg\",\"articleSection\":[\"Arxiu fotogr\u00e0fic\",\"Arxiu fotogr\u00e0fic - arxiu hist\u00f2ric\"],\"inLanguage\":\"ca\",\"potentialAction\":[{\"@type\":\"CommentAction\",\"name\":\"Comment\",\"target\":[\"https:\\\/\\\/brufaganya.cat\\\/2020\\\/una-familia-pujant-a-les-coves-de-sant-magi-de-la-brufaganya\\\/#respond\"]}]},{\"@type\":\"WebPage\",\"@id\":\"https:\\\/\\\/brufaganya.cat\\\/2020\\\/una-familia-pujant-a-les-coves-de-sant-magi-de-la-brufaganya\\\/\",\"url\":\"https:\\\/\\\/brufaganya.cat\\\/2020\\\/una-familia-pujant-a-les-coves-de-sant-magi-de-la-brufaganya\\\/\",\"name\":\"AFSM014 - Una fam\u00edlia pujant a les coves de Sant Mag\u00ed de la Brufaganya &#187; Sant Mag\u00ed de la Brufaganya\",\"isPartOf\":{\"@id\":\"https:\\\/\\\/brufaganya.cat\\\/2020\\\/#website\"},\"primaryImageOfPage\":{\"@id\":\"https:\\\/\\\/brufaganya.cat\\\/2020\\\/una-familia-pujant-a-les-coves-de-sant-magi-de-la-brufaganya\\\/#primaryimage\"},\"image\":{\"@id\":\"https:\\\/\\\/brufaganya.cat\\\/2020\\\/una-familia-pujant-a-les-coves-de-sant-magi-de-la-brufaganya\\\/#primaryimage\"},\"thumbnailUrl\":\"https:\\\/\\\/brufaganya.cat\\\/2020\\\/wp-content\\\/uploads\\\/2019\\\/09\\\/014.-Fam\u00edlia-pujant-a-les-coves-de-S.-Mag\u00ed.jpg\",\"datePublished\":\"2019-10-14T23:00:49+00:00\",\"dateModified\":\"2020-03-06T06:43:14+00:00\",\"breadcrumb\":{\"@id\":\"https:\\\/\\\/brufaganya.cat\\\/2020\\\/una-familia-pujant-a-les-coves-de-sant-magi-de-la-brufaganya\\\/#breadcrumb\"},\"inLanguage\":\"ca\",\"potentialAction\":[{\"@type\":\"ReadAction\",\"target\":[\"https:\\\/\\\/brufaganya.cat\\\/2020\\\/una-familia-pujant-a-les-coves-de-sant-magi-de-la-brufaganya\\\/\"]}]},{\"@type\":\"ImageObject\",\"inLanguage\":\"ca\",\"@id\":\"https:\\\/\\\/brufaganya.cat\\\/2020\\\/una-familia-pujant-a-les-coves-de-sant-magi-de-la-brufaganya\\\/#primaryimage\",\"url\":\"https:\\\/\\\/brufaganya.cat\\\/2020\\\/wp-content\\\/uploads\\\/2019\\\/09\\\/014.-Fam\u00edlia-pujant-a-les-coves-de-S.-Mag\u00ed.jpg\",\"contentUrl\":\"https:\\\/\\\/brufaganya.cat\\\/2020\\\/wp-content\\\/uploads\\\/2019\\\/09\\\/014.-Fam\u00edlia-pujant-a-les-coves-de-S.-Mag\u00ed.jpg\",\"width\":758,\"height\":1177},{\"@type\":\"BreadcrumbList\",\"@id\":\"https:\\\/\\\/brufaganya.cat\\\/2020\\\/una-familia-pujant-a-les-coves-de-sant-magi-de-la-brufaganya\\\/#breadcrumb\",\"itemListElement\":[{\"@type\":\"ListItem\",\"position\":1,\"name\":\"Inici\",\"item\":\"https:\\\/\\\/brufaganya.cat\\\/2020\\\/\"},{\"@type\":\"ListItem\",\"position\":2,\"name\":\"AFSM014 &#8211; Una fam\u00edlia pujant a les coves de Sant Mag\u00ed de la Brufaganya\"}]},{\"@type\":\"WebSite\",\"@id\":\"https:\\\/\\\/brufaganya.cat\\\/2020\\\/#website\",\"url\":\"https:\\\/\\\/brufaganya.cat\\\/2020\\\/\",\"name\":\"Sant Mag\u00ed de la Brufaganya\",\"description\":\"Lloc web de Sant Mag\u00ed de la Brufaganya\",\"publisher\":{\"@id\":\"https:\\\/\\\/brufaganya.cat\\\/2020\\\/#organization\"},\"potentialAction\":[{\"@type\":\"SearchAction\",\"target\":{\"@type\":\"EntryPoint\",\"urlTemplate\":\"https:\\\/\\\/brufaganya.cat\\\/2020\\\/?s={search_term_string}\"},\"query-input\":{\"@type\":\"PropertyValueSpecification\",\"valueRequired\":true,\"valueName\":\"search_term_string\"}}],\"inLanguage\":\"ca\"},{\"@type\":\"Organization\",\"@id\":\"https:\\\/\\\/brufaganya.cat\\\/2020\\\/#organization\",\"name\":\"Sant Mag\u00ed de Brufaganya\",\"url\":\"https:\\\/\\\/brufaganya.cat\\\/2020\\\/\",\"logo\":{\"@type\":\"ImageObject\",\"inLanguage\":\"ca\",\"@id\":\"https:\\\/\\\/brufaganya.cat\\\/2020\\\/#\\\/schema\\\/logo\\\/image\\\/\",\"url\":\"https:\\\/\\\/brufaganya.cat\\\/2020\\\/wp-content\\\/uploads\\\/2018\\\/11\\\/st_marti_bruga_horitz_posi_logo.jpg\",\"contentUrl\":\"https:\\\/\\\/brufaganya.cat\\\/2020\\\/wp-content\\\/uploads\\\/2018\\\/11\\\/st_marti_bruga_horitz_posi_logo.jpg\",\"width\":1479,\"height\":804,\"caption\":\"Sant Mag\u00ed de Brufaganya\"},\"image\":{\"@id\":\"https:\\\/\\\/brufaganya.cat\\\/2020\\\/#\\\/schema\\\/logo\\\/image\\\/\"},\"sameAs\":[\"https:\\\/\\\/ca.wikipedia.org\\\/wiki\\\/Sant_Mag\u00ed_de_Brufaganya\"]},{\"@type\":\"Person\",\"@id\":\"https:\\\/\\\/brufaganya.cat\\\/2020\\\/#\\\/schema\\\/person\\\/104a8a58bc74955dad00f639bb234a56\",\"name\":\"Silvestre Pal\u00e0 Aug\u00e9\",\"image\":{\"@type\":\"ImageObject\",\"inLanguage\":\"ca\",\"@id\":\"https:\\\/\\\/secure.gravatar.com\\\/avatar\\\/240c865b87ee90f68f1bb82d954fb54e1c50d2b4355c9b807c7f2862e50c5fb1?s=96&d=mm&r=g\",\"url\":\"https:\\\/\\\/secure.gravatar.com\\\/avatar\\\/240c865b87ee90f68f1bb82d954fb54e1c50d2b4355c9b807c7f2862e50c5fb1?s=96&d=mm&r=g\",\"contentUrl\":\"https:\\\/\\\/secure.gravatar.com\\\/avatar\\\/240c865b87ee90f68f1bb82d954fb54e1c50d2b4355c9b807c7f2862e50c5fb1?s=96&d=mm&r=g\",\"caption\":\"Silvestre Pal\u00e0 Aug\u00e9\"},\"url\":\"https:\\\/\\\/brufaganya.cat\\\/2020\\\/author\\\/spala\\\/\"}]}<\/script>\n<!-- \/ Yoast SEO plugin. -->","yoast_head_json":{"title":"AFSM014 - Una fam\u00edlia pujant a les coves de Sant Mag\u00ed de la Brufaganya &#187; Sant Mag\u00ed de la Brufaganya","robots":{"index":"index","follow":"follow","max-snippet":"max-snippet:-1","max-image-preview":"max-image-preview:large","max-video-preview":"max-video-preview:-1"},"canonical":"https:\/\/brufaganya.cat\/2020\/una-familia-pujant-a-les-coves-de-sant-magi-de-la-brufaganya\/","og_locale":"ca_ES","og_type":"article","og_title":"AFSM014 - Una fam\u00edlia pujant a les coves de Sant Mag\u00ed de la Brufaganya &#187; Sant Mag\u00ed de la Brufaganya","og_url":"https:\/\/brufaganya.cat\/2020\/una-familia-pujant-a-les-coves-de-sant-magi-de-la-brufaganya\/","og_site_name":"Sant Mag\u00ed de la Brufaganya","article_published_time":"2019-10-14T23:00:49+00:00","article_modified_time":"2020-03-06T06:43:14+00:00","og_image":[{"width":758,"height":1177,"url":"https:\/\/brufaganya.cat\/2020\/wp-content\/uploads\/2019\/09\/014.-Fam\u00edlia-pujant-a-les-coves-de-S.-Mag\u00ed.jpg","type":"image\/jpeg"}],"author":"Silvestre Pal\u00e0 Aug\u00e9","twitter_card":"summary_large_image","twitter_misc":{"Escrit per":"Silvestre Pal\u00e0 Aug\u00e9","Temps estimat de lectura":"1 minut"},"schema":{"@context":"https:\/\/schema.org","@graph":[{"@type":"Article","@id":"https:\/\/brufaganya.cat\/2020\/una-familia-pujant-a-les-coves-de-sant-magi-de-la-brufaganya\/#article","isPartOf":{"@id":"https:\/\/brufaganya.cat\/2020\/una-familia-pujant-a-les-coves-de-sant-magi-de-la-brufaganya\/"},"author":{"name":"Silvestre Pal\u00e0 Aug\u00e9","@id":"https:\/\/brufaganya.cat\/2020\/#\/schema\/person\/104a8a58bc74955dad00f639bb234a56"},"headline":"AFSM014 &#8211; Una fam\u00edlia pujant a les coves de Sant Mag\u00ed de la Brufaganya","datePublished":"2019-10-14T23:00:49+00:00","dateModified":"2020-03-06T06:43:14+00:00","mainEntityOfPage":{"@id":"https:\/\/brufaganya.cat\/2020\/una-familia-pujant-a-les-coves-de-sant-magi-de-la-brufaganya\/"},"wordCount":226,"commentCount":0,"publisher":{"@id":"https:\/\/brufaganya.cat\/2020\/#organization"},"image":{"@id":"https:\/\/brufaganya.cat\/2020\/una-familia-pujant-a-les-coves-de-sant-magi-de-la-brufaganya\/#primaryimage"},"thumbnailUrl":"https:\/\/brufaganya.cat\/2020\/wp-content\/uploads\/2019\/09\/014.-Fam\u00edlia-pujant-a-les-coves-de-S.-Mag\u00ed.jpg","articleSection":["Arxiu fotogr\u00e0fic","Arxiu fotogr\u00e0fic - arxiu hist\u00f2ric"],"inLanguage":"ca","potentialAction":[{"@type":"CommentAction","name":"Comment","target":["https:\/\/brufaganya.cat\/2020\/una-familia-pujant-a-les-coves-de-sant-magi-de-la-brufaganya\/#respond"]}]},{"@type":"WebPage","@id":"https:\/\/brufaganya.cat\/2020\/una-familia-pujant-a-les-coves-de-sant-magi-de-la-brufaganya\/","url":"https:\/\/brufaganya.cat\/2020\/una-familia-pujant-a-les-coves-de-sant-magi-de-la-brufaganya\/","name":"AFSM014 - Una fam\u00edlia pujant a les coves de Sant Mag\u00ed de la Brufaganya &#187; Sant Mag\u00ed de la Brufaganya","isPartOf":{"@id":"https:\/\/brufaganya.cat\/2020\/#website"},"primaryImageOfPage":{"@id":"https:\/\/brufaganya.cat\/2020\/una-familia-pujant-a-les-coves-de-sant-magi-de-la-brufaganya\/#primaryimage"},"image":{"@id":"https:\/\/brufaganya.cat\/2020\/una-familia-pujant-a-les-coves-de-sant-magi-de-la-brufaganya\/#primaryimage"},"thumbnailUrl":"https:\/\/brufaganya.cat\/2020\/wp-content\/uploads\/2019\/09\/014.-Fam\u00edlia-pujant-a-les-coves-de-S.-Mag\u00ed.jpg","datePublished":"2019-10-14T23:00:49+00:00","dateModified":"2020-03-06T06:43:14+00:00","breadcrumb":{"@id":"https:\/\/brufaganya.cat\/2020\/una-familia-pujant-a-les-coves-de-sant-magi-de-la-brufaganya\/#breadcrumb"},"inLanguage":"ca","potentialAction":[{"@type":"ReadAction","target":["https:\/\/brufaganya.cat\/2020\/una-familia-pujant-a-les-coves-de-sant-magi-de-la-brufaganya\/"]}]},{"@type":"ImageObject","inLanguage":"ca","@id":"https:\/\/brufaganya.cat\/2020\/una-familia-pujant-a-les-coves-de-sant-magi-de-la-brufaganya\/#primaryimage","url":"https:\/\/brufaganya.cat\/2020\/wp-content\/uploads\/2019\/09\/014.-Fam\u00edlia-pujant-a-les-coves-de-S.-Mag\u00ed.jpg","contentUrl":"https:\/\/brufaganya.cat\/2020\/wp-content\/uploads\/2019\/09\/014.-Fam\u00edlia-pujant-a-les-coves-de-S.-Mag\u00ed.jpg","width":758,"height":1177},{"@type":"BreadcrumbList","@id":"https:\/\/brufaganya.cat\/2020\/una-familia-pujant-a-les-coves-de-sant-magi-de-la-brufaganya\/#breadcrumb","itemListElement":[{"@type":"ListItem","position":1,"name":"Inici","item":"https:\/\/brufaganya.cat\/2020\/"},{"@type":"ListItem","position":2,"name":"AFSM014 &#8211; Una fam\u00edlia pujant a les coves de Sant Mag\u00ed de la Brufaganya"}]},{"@type":"WebSite","@id":"https:\/\/brufaganya.cat\/2020\/#website","url":"https:\/\/brufaganya.cat\/2020\/","name":"Sant Mag\u00ed de la Brufaganya","description":"Lloc web de Sant Mag\u00ed de la Brufaganya","publisher":{"@id":"https:\/\/brufaganya.cat\/2020\/#organization"},"potentialAction":[{"@type":"SearchAction","target":{"@type":"EntryPoint","urlTemplate":"https:\/\/brufaganya.cat\/2020\/?s={search_term_string}"},"query-input":{"@type":"PropertyValueSpecification","valueRequired":true,"valueName":"search_term_string"}}],"inLanguage":"ca"},{"@type":"Organization","@id":"https:\/\/brufaganya.cat\/2020\/#organization","name":"Sant Mag\u00ed de Brufaganya","url":"https:\/\/brufaganya.cat\/2020\/","logo":{"@type":"ImageObject","inLanguage":"ca","@id":"https:\/\/brufaganya.cat\/2020\/#\/schema\/logo\/image\/","url":"https:\/\/brufaganya.cat\/2020\/wp-content\/uploads\/2018\/11\/st_marti_bruga_horitz_posi_logo.jpg","contentUrl":"https:\/\/brufaganya.cat\/2020\/wp-content\/uploads\/2018\/11\/st_marti_bruga_horitz_posi_logo.jpg","width":1479,"height":804,"caption":"Sant Mag\u00ed de Brufaganya"},"image":{"@id":"https:\/\/brufaganya.cat\/2020\/#\/schema\/logo\/image\/"},"sameAs":["https:\/\/ca.wikipedia.org\/wiki\/Sant_Mag\u00ed_de_Brufaganya"]},{"@type":"Person","@id":"https:\/\/brufaganya.cat\/2020\/#\/schema\/person\/104a8a58bc74955dad00f639bb234a56","name":"Silvestre Pal\u00e0 Aug\u00e9","image":{"@type":"ImageObject","inLanguage":"ca","@id":"https:\/\/secure.gravatar.com\/avatar\/240c865b87ee90f68f1bb82d954fb54e1c50d2b4355c9b807c7f2862e50c5fb1?s=96&d=mm&r=g","url":"https:\/\/secure.gravatar.com\/avatar\/240c865b87ee90f68f1bb82d954fb54e1c50d2b4355c9b807c7f2862e50c5fb1?s=96&d=mm&r=g","contentUrl":"https:\/\/secure.gravatar.com\/avatar\/240c865b87ee90f68f1bb82d954fb54e1c50d2b4355c9b807c7f2862e50c5fb1?s=96&d=mm&r=g","caption":"Silvestre Pal\u00e0 Aug\u00e9"},"url":"https:\/\/brufaganya.cat\/2020\/author\/spala\/"}]}},"_links":{"self":[{"href":"https:\/\/brufaganya.cat\/2020\/wp-json\/wp\/v2\/posts\/4621","targetHints":{"allow":["GET"]}}],"collection":[{"href":"https:\/\/brufaganya.cat\/2020\/wp-json\/wp\/v2\/posts"}],"about":[{"href":"https:\/\/brufaganya.cat\/2020\/wp-json\/wp\/v2\/types\/post"}],"author":[{"embeddable":true,"href":"https:\/\/brufaganya.cat\/2020\/wp-json\/wp\/v2\/users\/109"}],"replies":[{"embeddable":true,"href":"https:\/\/brufaganya.cat\/2020\/wp-json\/wp\/v2\/comments?post=4621"}],"version-history":[{"count":0,"href":"https:\/\/brufaganya.cat\/2020\/wp-json\/wp\/v2\/posts\/4621\/revisions"}],"wp:featuredmedia":[{"embeddable":true,"href":"https:\/\/brufaganya.cat\/2020\/wp-json\/wp\/v2\/media\/4620"}],"wp:attachment":[{"href":"https:\/\/brufaganya.cat\/2020\/wp-json\/wp\/v2\/media?parent=4621"}],"wp:term":[{"taxonomy":"category","embeddable":true,"href":"https:\/\/brufaganya.cat\/2020\/wp-json\/wp\/v2\/categories?post=4621"},{"taxonomy":"post_tag","embeddable":true,"href":"https:\/\/brufaganya.cat\/2020\/wp-json\/wp\/v2\/tags?post=4621"}],"curies":[{"name":"wp","href":"https:\/\/api.w.org\/{rel}","templated":true}]}}