{"id":4241,"date":"2019-05-09T12:16:02","date_gmt":"2019-05-09T10:16:02","guid":{"rendered":"https:\/\/brufaganya.cat\/2020\/?p=4241"},"modified":"2019-05-10T11:12:30","modified_gmt":"2019-05-10T09:12:30","slug":"mirem-sant-magi-en-3d","status":"publish","type":"post","link":"https:\/\/brufaganya.cat\/2020\/mirem-sant-magi-en-3d\/","title":{"rendered":"Mirem Sant Mag\u00ed en 3D"},"content":{"rendered":"<p>Ahir a la tarda, mestres, joves i persones interessades van participar el <strong>&#8220;Taller d&#8217;ulleres 3D&#8221;<\/strong>, a la <strong>sala dels Merlets del Castell de Sta. Coloma de Queralt<\/strong>. Aquesta activitat, organitzada pels Amics de Sant Mag\u00ed amb la col\u00b7laboraci\u00f3 desinteressada d&#8217;ACTE Associaci\u00f3 de la Telem\u00e0tica Educativa,\u00a0 s&#8217;ubica en el marc del projecte &#8220;Sant Mag\u00ed 2020&#8221; i ens va permetre experimentar, con\u00e8ixer i visualitzar les possibilitats de la realitat virtual en diferents \u00e0mbits: educatiu , de lleure, de coneixement d&#8217;entorns&#8230; Un dels aspectes mes demanats era com poder tenir i construir\u00a0 al centre els aparells. Posem aqu\u00ed algunes de les adreces on s&#8217;explica- igual que va fer el conferenciant d&#8217;ACTE Je\u00fas Arbu\u00e9s &#8211; els passos a seguir i els elements a emprar: <a href=\"https:\/\/drive.google.com\/file\/d\/0BxFqKtx7eGb0LWNfX0RrT2NaOVk\/view\">https:\/\/drive.google.com\/file\/d\/0BxFqKtx7eGb0LWNfX0RrT2NaOVk\/view<\/a><\/p>\n<figure id=\"attachment_4248\" aria-describedby=\"caption-attachment-4248\" style=\"width: 300px\" class=\"wp-caption alignright\"><img loading=\"lazy\" decoding=\"async\" class=\"wp-image-4248 size-medium\" src=\"https:\/\/brufaganya.cat\/2020\/wp-content\/uploads\/2019\/05\/3DSM-300x225.jpg\" alt=\"\" width=\"300\" height=\"225\" srcset=\"https:\/\/brufaganya.cat\/2020\/wp-content\/uploads\/2019\/05\/3DSM-300x225.jpg 300w, https:\/\/brufaganya.cat\/2020\/wp-content\/uploads\/2019\/05\/3DSM-768x576.jpg 768w, https:\/\/brufaganya.cat\/2020\/wp-content\/uploads\/2019\/05\/3DSM-1024x768.jpg 1024w, https:\/\/brufaganya.cat\/2020\/wp-content\/uploads\/2019\/05\/3DSM-86x64.jpg 86w, https:\/\/brufaganya.cat\/2020\/wp-content\/uploads\/2019\/05\/3DSM.jpg 1200w\" sizes=\"auto, (max-width: 300px) 100vw, 300px\" \/><figcaption id=\"caption-attachment-4248\" class=\"wp-caption-text\">&#8220;Ulleres 3D.Explorem les possibilitats&#8221; Sessi\u00f3 impartida per ACTE. Sala dels Merlets. Castell Sta Coloma de Queralt.<\/figcaption><\/figure>\n<p>Plantilles per fer ulleres 3D:\u00a0 <a href=\"https:\/\/drive.google.com\/file\/d\/0BxFqKtx7eGb0LWNfX0RrT2NaOVk\/view\">https:\/\/drive.google.com\/file\/d\/0BxFqKtx7eGb0LWNfX0RrT2NaOVk\/view<\/a><\/p>\n<p>En un ambient molt agradable, els participants es van interessar per com es podia accedir als materials i Joaquim Fonoll membre de la junta\u00a0 d&#8217;ACTE, va explicar les possibilitats de pr\u00e8stec que l&#8217;entitat ofereix als centres . Mes informaci\u00f3 sobre ACTE a: <a href=\"http:\/\/www.acte.cat\/wp\/\">http:\/\/www.acte.cat\/wp\/<\/a><\/p>\n<p>En concret, sobre les maletes virtuals i el seu pr\u00e9stec a:<\/p>\n<p><a href=\"http:\/\/www.acte.cat\/wp\/reserva-materials\/\">http:\/\/www.acte.cat\/wp\/reserva-materials\/<\/a><\/p>\n<p>El <strong>dissabte 1 de juny<\/strong> a partir de les 10 del mat\u00ed, al <strong>Santuari de Sant Mag\u00ed de la Brufaganya,<\/strong> tindr\u00e0 lloc la segona part del <strong>&#8220;Taller d&#8217;ulleres 3D&#8221;<\/strong> . Tothom est\u00e0 convidat a participar-hi.<\/p>\n<p>&nbsp;<\/p>\n<p>&nbsp;<\/p>\n<p>&nbsp;<\/p>\n","protected":false},"excerpt":{"rendered":"<p>Ahir a la tarda, mestres, joves i persones interessades van participar el &#8220;Taller d&#8217;ulleres 3D&#8221;, a la sala dels Merlets del Castell de Sta. Coloma de Queralt. Aquesta activitat, organitzada [&hellip;]<\/p>\n","protected":false},"author":105,"featured_media":4243,"comment_status":"open","ping_status":"closed","sticky":false,"template":"","format":"standard","meta":{"inline_featured_image":false,"footnotes":""},"categories":[799],"tags":[],"class_list":["post-4241","post","type-post","status-publish","format-standard","has-post-thumbnail","hentry","category-joves"],"yoast_head":"<!-- This site is optimized with the Yoast SEO plugin v27.4 - https:\/\/yoast.com\/product\/yoast-seo-wordpress\/ -->\n<title>Mirem Sant Mag\u00ed en 3D &#187; Sant Mag\u00ed de la Brufaganya<\/title>\n<meta name=\"robots\" content=\"index, follow, max-snippet:-1, max-image-preview:large, max-video-preview:-1\" \/>\n<link rel=\"canonical\" href=\"https:\/\/brufaganya.cat\/2020\/mirem-sant-magi-en-3d\/\" \/>\n<meta property=\"og:locale\" content=\"ca_ES\" \/>\n<meta property=\"og:type\" content=\"article\" \/>\n<meta property=\"og:title\" content=\"Mirem Sant Mag\u00ed en 3D &#187; Sant Mag\u00ed de la Brufaganya\" \/>\n<meta property=\"og:description\" content=\"Ahir a la tarda, mestres, joves i persones interessades van participar el &#8220;Taller d&#8217;ulleres 3D&#8221;, a la sala dels Merlets del Castell de Sta. Coloma de Queralt. Aquesta activitat, organitzada [&hellip;]\" \/>\n<meta property=\"og:url\" content=\"https:\/\/brufaganya.cat\/2020\/mirem-sant-magi-en-3d\/\" \/>\n<meta property=\"og:site_name\" content=\"Sant Mag\u00ed de la Brufaganya\" \/>\n<meta property=\"article:published_time\" content=\"2019-05-09T10:16:02+00:00\" \/>\n<meta property=\"article:modified_time\" content=\"2019-05-10T09:12:30+00:00\" \/>\n<meta property=\"og:image\" content=\"https:\/\/brufaganya.cat\/2020\/wp-content\/uploads\/2019\/05\/SM3D.jpg\" \/>\n\t<meta property=\"og:image:width\" content=\"1025\" \/>\n\t<meta property=\"og:image:height\" content=\"576\" \/>\n\t<meta property=\"og:image:type\" content=\"image\/jpeg\" \/>\n<meta name=\"author\" content=\"Rita Armejach Carreras\" \/>\n<meta name=\"twitter:card\" content=\"summary_large_image\" \/>\n<meta name=\"twitter:label1\" content=\"Escrit per\" \/>\n\t<meta name=\"twitter:data1\" content=\"Rita Armejach Carreras\" \/>\n\t<meta name=\"twitter:label2\" content=\"Temps estimat de lectura\" \/>\n\t<meta name=\"twitter:data2\" content=\"1 minut\" \/>\n<script type=\"application\/ld+json\" class=\"yoast-schema-graph\">{\"@context\":\"https:\\\/\\\/schema.org\",\"@graph\":[{\"@type\":\"Article\",\"@id\":\"https:\\\/\\\/brufaganya.cat\\\/2020\\\/mirem-sant-magi-en-3d\\\/#article\",\"isPartOf\":{\"@id\":\"https:\\\/\\\/brufaganya.cat\\\/2020\\\/mirem-sant-magi-en-3d\\\/\"},\"author\":{\"name\":\"Rita Armejach Carreras\",\"@id\":\"https:\\\/\\\/brufaganya.cat\\\/2020\\\/#\\\/schema\\\/person\\\/cd383ee397867b5182d1cf80b8c2e95c\"},\"headline\":\"Mirem Sant Mag\u00ed en 3D\",\"datePublished\":\"2019-05-09T10:16:02+00:00\",\"dateModified\":\"2019-05-10T09:12:30+00:00\",\"mainEntityOfPage\":{\"@id\":\"https:\\\/\\\/brufaganya.cat\\\/2020\\\/mirem-sant-magi-en-3d\\\/\"},\"wordCount\":281,\"commentCount\":0,\"publisher\":{\"@id\":\"https:\\\/\\\/brufaganya.cat\\\/2020\\\/#organization\"},\"image\":{\"@id\":\"https:\\\/\\\/brufaganya.cat\\\/2020\\\/mirem-sant-magi-en-3d\\\/#primaryimage\"},\"thumbnailUrl\":\"https:\\\/\\\/brufaganya.cat\\\/2020\\\/wp-content\\\/uploads\\\/2019\\\/05\\\/SM3D.jpg\",\"articleSection\":[\"Joves\"],\"inLanguage\":\"ca\",\"potentialAction\":[{\"@type\":\"CommentAction\",\"name\":\"Comment\",\"target\":[\"https:\\\/\\\/brufaganya.cat\\\/2020\\\/mirem-sant-magi-en-3d\\\/#respond\"]}]},{\"@type\":\"WebPage\",\"@id\":\"https:\\\/\\\/brufaganya.cat\\\/2020\\\/mirem-sant-magi-en-3d\\\/\",\"url\":\"https:\\\/\\\/brufaganya.cat\\\/2020\\\/mirem-sant-magi-en-3d\\\/\",\"name\":\"Mirem Sant Mag\u00ed en 3D &#187; Sant Mag\u00ed de la Brufaganya\",\"isPartOf\":{\"@id\":\"https:\\\/\\\/brufaganya.cat\\\/2020\\\/#website\"},\"primaryImageOfPage\":{\"@id\":\"https:\\\/\\\/brufaganya.cat\\\/2020\\\/mirem-sant-magi-en-3d\\\/#primaryimage\"},\"image\":{\"@id\":\"https:\\\/\\\/brufaganya.cat\\\/2020\\\/mirem-sant-magi-en-3d\\\/#primaryimage\"},\"thumbnailUrl\":\"https:\\\/\\\/brufaganya.cat\\\/2020\\\/wp-content\\\/uploads\\\/2019\\\/05\\\/SM3D.jpg\",\"datePublished\":\"2019-05-09T10:16:02+00:00\",\"dateModified\":\"2019-05-10T09:12:30+00:00\",\"breadcrumb\":{\"@id\":\"https:\\\/\\\/brufaganya.cat\\\/2020\\\/mirem-sant-magi-en-3d\\\/#breadcrumb\"},\"inLanguage\":\"ca\",\"potentialAction\":[{\"@type\":\"ReadAction\",\"target\":[\"https:\\\/\\\/brufaganya.cat\\\/2020\\\/mirem-sant-magi-en-3d\\\/\"]}]},{\"@type\":\"ImageObject\",\"inLanguage\":\"ca\",\"@id\":\"https:\\\/\\\/brufaganya.cat\\\/2020\\\/mirem-sant-magi-en-3d\\\/#primaryimage\",\"url\":\"https:\\\/\\\/brufaganya.cat\\\/2020\\\/wp-content\\\/uploads\\\/2019\\\/05\\\/SM3D.jpg\",\"contentUrl\":\"https:\\\/\\\/brufaganya.cat\\\/2020\\\/wp-content\\\/uploads\\\/2019\\\/05\\\/SM3D.jpg\",\"width\":1025,\"height\":576,\"caption\":\"C. ESTUDIS: Recerca de Sant Mag\u00ed en 3D\"},{\"@type\":\"BreadcrumbList\",\"@id\":\"https:\\\/\\\/brufaganya.cat\\\/2020\\\/mirem-sant-magi-en-3d\\\/#breadcrumb\",\"itemListElement\":[{\"@type\":\"ListItem\",\"position\":1,\"name\":\"Inici\",\"item\":\"https:\\\/\\\/brufaganya.cat\\\/2020\\\/\"},{\"@type\":\"ListItem\",\"position\":2,\"name\":\"Mirem Sant Mag\u00ed en 3D\"}]},{\"@type\":\"WebSite\",\"@id\":\"https:\\\/\\\/brufaganya.cat\\\/2020\\\/#website\",\"url\":\"https:\\\/\\\/brufaganya.cat\\\/2020\\\/\",\"name\":\"Sant Mag\u00ed de la Brufaganya\",\"description\":\"Lloc web de Sant Mag\u00ed de la Brufaganya\",\"publisher\":{\"@id\":\"https:\\\/\\\/brufaganya.cat\\\/2020\\\/#organization\"},\"potentialAction\":[{\"@type\":\"SearchAction\",\"target\":{\"@type\":\"EntryPoint\",\"urlTemplate\":\"https:\\\/\\\/brufaganya.cat\\\/2020\\\/?s={search_term_string}\"},\"query-input\":{\"@type\":\"PropertyValueSpecification\",\"valueRequired\":true,\"valueName\":\"search_term_string\"}}],\"inLanguage\":\"ca\"},{\"@type\":\"Organization\",\"@id\":\"https:\\\/\\\/brufaganya.cat\\\/2020\\\/#organization\",\"name\":\"Sant Mag\u00ed de Brufaganya\",\"url\":\"https:\\\/\\\/brufaganya.cat\\\/2020\\\/\",\"logo\":{\"@type\":\"ImageObject\",\"inLanguage\":\"ca\",\"@id\":\"https:\\\/\\\/brufaganya.cat\\\/2020\\\/#\\\/schema\\\/logo\\\/image\\\/\",\"url\":\"https:\\\/\\\/brufaganya.cat\\\/2020\\\/wp-content\\\/uploads\\\/2018\\\/11\\\/st_marti_bruga_horitz_posi_logo.jpg\",\"contentUrl\":\"https:\\\/\\\/brufaganya.cat\\\/2020\\\/wp-content\\\/uploads\\\/2018\\\/11\\\/st_marti_bruga_horitz_posi_logo.jpg\",\"width\":1479,\"height\":804,\"caption\":\"Sant Mag\u00ed de Brufaganya\"},\"image\":{\"@id\":\"https:\\\/\\\/brufaganya.cat\\\/2020\\\/#\\\/schema\\\/logo\\\/image\\\/\"},\"sameAs\":[\"https:\\\/\\\/ca.wikipedia.org\\\/wiki\\\/Sant_Mag\u00ed_de_Brufaganya\"]},{\"@type\":\"Person\",\"@id\":\"https:\\\/\\\/brufaganya.cat\\\/2020\\\/#\\\/schema\\\/person\\\/cd383ee397867b5182d1cf80b8c2e95c\",\"name\":\"Rita Armejach Carreras\",\"image\":{\"@type\":\"ImageObject\",\"inLanguage\":\"ca\",\"@id\":\"https:\\\/\\\/secure.gravatar.com\\\/avatar\\\/9dd6e49c4c61c4e14defcbf48211c55e6d268a4486cf9f5cef1b53148943d71d?s=96&d=mm&r=g\",\"url\":\"https:\\\/\\\/secure.gravatar.com\\\/avatar\\\/9dd6e49c4c61c4e14defcbf48211c55e6d268a4486cf9f5cef1b53148943d71d?s=96&d=mm&r=g\",\"contentUrl\":\"https:\\\/\\\/secure.gravatar.com\\\/avatar\\\/9dd6e49c4c61c4e14defcbf48211c55e6d268a4486cf9f5cef1b53148943d71d?s=96&d=mm&r=g\",\"caption\":\"Rita Armejach Carreras\"},\"url\":\"https:\\\/\\\/brufaganya.cat\\\/2020\\\/author\\\/rarmejach\\\/\"}]}<\/script>\n<!-- \/ Yoast SEO plugin. -->","yoast_head_json":{"title":"Mirem Sant Mag\u00ed en 3D &#187; Sant Mag\u00ed de la Brufaganya","robots":{"index":"index","follow":"follow","max-snippet":"max-snippet:-1","max-image-preview":"max-image-preview:large","max-video-preview":"max-video-preview:-1"},"canonical":"https:\/\/brufaganya.cat\/2020\/mirem-sant-magi-en-3d\/","og_locale":"ca_ES","og_type":"article","og_title":"Mirem Sant Mag\u00ed en 3D &#187; Sant Mag\u00ed de la Brufaganya","og_description":"Ahir a la tarda, mestres, joves i persones interessades van participar el &#8220;Taller d&#8217;ulleres 3D&#8221;, a la sala dels Merlets del Castell de Sta. Coloma de Queralt. Aquesta activitat, organitzada [&hellip;]","og_url":"https:\/\/brufaganya.cat\/2020\/mirem-sant-magi-en-3d\/","og_site_name":"Sant Mag\u00ed de la Brufaganya","article_published_time":"2019-05-09T10:16:02+00:00","article_modified_time":"2019-05-10T09:12:30+00:00","og_image":[{"width":1025,"height":576,"url":"https:\/\/brufaganya.cat\/2020\/wp-content\/uploads\/2019\/05\/SM3D.jpg","type":"image\/jpeg"}],"author":"Rita Armejach Carreras","twitter_card":"summary_large_image","twitter_misc":{"Escrit per":"Rita Armejach Carreras","Temps estimat de lectura":"1 minut"},"schema":{"@context":"https:\/\/schema.org","@graph":[{"@type":"Article","@id":"https:\/\/brufaganya.cat\/2020\/mirem-sant-magi-en-3d\/#article","isPartOf":{"@id":"https:\/\/brufaganya.cat\/2020\/mirem-sant-magi-en-3d\/"},"author":{"name":"Rita Armejach Carreras","@id":"https:\/\/brufaganya.cat\/2020\/#\/schema\/person\/cd383ee397867b5182d1cf80b8c2e95c"},"headline":"Mirem Sant Mag\u00ed en 3D","datePublished":"2019-05-09T10:16:02+00:00","dateModified":"2019-05-10T09:12:30+00:00","mainEntityOfPage":{"@id":"https:\/\/brufaganya.cat\/2020\/mirem-sant-magi-en-3d\/"},"wordCount":281,"commentCount":0,"publisher":{"@id":"https:\/\/brufaganya.cat\/2020\/#organization"},"image":{"@id":"https:\/\/brufaganya.cat\/2020\/mirem-sant-magi-en-3d\/#primaryimage"},"thumbnailUrl":"https:\/\/brufaganya.cat\/2020\/wp-content\/uploads\/2019\/05\/SM3D.jpg","articleSection":["Joves"],"inLanguage":"ca","potentialAction":[{"@type":"CommentAction","name":"Comment","target":["https:\/\/brufaganya.cat\/2020\/mirem-sant-magi-en-3d\/#respond"]}]},{"@type":"WebPage","@id":"https:\/\/brufaganya.cat\/2020\/mirem-sant-magi-en-3d\/","url":"https:\/\/brufaganya.cat\/2020\/mirem-sant-magi-en-3d\/","name":"Mirem Sant Mag\u00ed en 3D &#187; Sant Mag\u00ed de la Brufaganya","isPartOf":{"@id":"https:\/\/brufaganya.cat\/2020\/#website"},"primaryImageOfPage":{"@id":"https:\/\/brufaganya.cat\/2020\/mirem-sant-magi-en-3d\/#primaryimage"},"image":{"@id":"https:\/\/brufaganya.cat\/2020\/mirem-sant-magi-en-3d\/#primaryimage"},"thumbnailUrl":"https:\/\/brufaganya.cat\/2020\/wp-content\/uploads\/2019\/05\/SM3D.jpg","datePublished":"2019-05-09T10:16:02+00:00","dateModified":"2019-05-10T09:12:30+00:00","breadcrumb":{"@id":"https:\/\/brufaganya.cat\/2020\/mirem-sant-magi-en-3d\/#breadcrumb"},"inLanguage":"ca","potentialAction":[{"@type":"ReadAction","target":["https:\/\/brufaganya.cat\/2020\/mirem-sant-magi-en-3d\/"]}]},{"@type":"ImageObject","inLanguage":"ca","@id":"https:\/\/brufaganya.cat\/2020\/mirem-sant-magi-en-3d\/#primaryimage","url":"https:\/\/brufaganya.cat\/2020\/wp-content\/uploads\/2019\/05\/SM3D.jpg","contentUrl":"https:\/\/brufaganya.cat\/2020\/wp-content\/uploads\/2019\/05\/SM3D.jpg","width":1025,"height":576,"caption":"C. ESTUDIS: Recerca de Sant Mag\u00ed en 3D"},{"@type":"BreadcrumbList","@id":"https:\/\/brufaganya.cat\/2020\/mirem-sant-magi-en-3d\/#breadcrumb","itemListElement":[{"@type":"ListItem","position":1,"name":"Inici","item":"https:\/\/brufaganya.cat\/2020\/"},{"@type":"ListItem","position":2,"name":"Mirem Sant Mag\u00ed en 3D"}]},{"@type":"WebSite","@id":"https:\/\/brufaganya.cat\/2020\/#website","url":"https:\/\/brufaganya.cat\/2020\/","name":"Sant Mag\u00ed de la Brufaganya","description":"Lloc web de Sant Mag\u00ed de la Brufaganya","publisher":{"@id":"https:\/\/brufaganya.cat\/2020\/#organization"},"potentialAction":[{"@type":"SearchAction","target":{"@type":"EntryPoint","urlTemplate":"https:\/\/brufaganya.cat\/2020\/?s={search_term_string}"},"query-input":{"@type":"PropertyValueSpecification","valueRequired":true,"valueName":"search_term_string"}}],"inLanguage":"ca"},{"@type":"Organization","@id":"https:\/\/brufaganya.cat\/2020\/#organization","name":"Sant Mag\u00ed de Brufaganya","url":"https:\/\/brufaganya.cat\/2020\/","logo":{"@type":"ImageObject","inLanguage":"ca","@id":"https:\/\/brufaganya.cat\/2020\/#\/schema\/logo\/image\/","url":"https:\/\/brufaganya.cat\/2020\/wp-content\/uploads\/2018\/11\/st_marti_bruga_horitz_posi_logo.jpg","contentUrl":"https:\/\/brufaganya.cat\/2020\/wp-content\/uploads\/2018\/11\/st_marti_bruga_horitz_posi_logo.jpg","width":1479,"height":804,"caption":"Sant Mag\u00ed de Brufaganya"},"image":{"@id":"https:\/\/brufaganya.cat\/2020\/#\/schema\/logo\/image\/"},"sameAs":["https:\/\/ca.wikipedia.org\/wiki\/Sant_Mag\u00ed_de_Brufaganya"]},{"@type":"Person","@id":"https:\/\/brufaganya.cat\/2020\/#\/schema\/person\/cd383ee397867b5182d1cf80b8c2e95c","name":"Rita Armejach Carreras","image":{"@type":"ImageObject","inLanguage":"ca","@id":"https:\/\/secure.gravatar.com\/avatar\/9dd6e49c4c61c4e14defcbf48211c55e6d268a4486cf9f5cef1b53148943d71d?s=96&d=mm&r=g","url":"https:\/\/secure.gravatar.com\/avatar\/9dd6e49c4c61c4e14defcbf48211c55e6d268a4486cf9f5cef1b53148943d71d?s=96&d=mm&r=g","contentUrl":"https:\/\/secure.gravatar.com\/avatar\/9dd6e49c4c61c4e14defcbf48211c55e6d268a4486cf9f5cef1b53148943d71d?s=96&d=mm&r=g","caption":"Rita Armejach Carreras"},"url":"https:\/\/brufaganya.cat\/2020\/author\/rarmejach\/"}]}},"_links":{"self":[{"href":"https:\/\/brufaganya.cat\/2020\/wp-json\/wp\/v2\/posts\/4241","targetHints":{"allow":["GET"]}}],"collection":[{"href":"https:\/\/brufaganya.cat\/2020\/wp-json\/wp\/v2\/posts"}],"about":[{"href":"https:\/\/brufaganya.cat\/2020\/wp-json\/wp\/v2\/types\/post"}],"author":[{"embeddable":true,"href":"https:\/\/brufaganya.cat\/2020\/wp-json\/wp\/v2\/users\/105"}],"replies":[{"embeddable":true,"href":"https:\/\/brufaganya.cat\/2020\/wp-json\/wp\/v2\/comments?post=4241"}],"version-history":[{"count":0,"href":"https:\/\/brufaganya.cat\/2020\/wp-json\/wp\/v2\/posts\/4241\/revisions"}],"wp:featuredmedia":[{"embeddable":true,"href":"https:\/\/brufaganya.cat\/2020\/wp-json\/wp\/v2\/media\/4243"}],"wp:attachment":[{"href":"https:\/\/brufaganya.cat\/2020\/wp-json\/wp\/v2\/media?parent=4241"}],"wp:term":[{"taxonomy":"category","embeddable":true,"href":"https:\/\/brufaganya.cat\/2020\/wp-json\/wp\/v2\/categories?post=4241"},{"taxonomy":"post_tag","embeddable":true,"href":"https:\/\/brufaganya.cat\/2020\/wp-json\/wp\/v2\/tags?post=4241"}],"curies":[{"name":"wp","href":"https:\/\/api.w.org\/{rel}","templated":true}]}}