{"id":3684,"date":"2019-02-24T12:54:38","date_gmt":"2019-02-24T10:54:38","guid":{"rendered":"https:\/\/brufaganya.cat\/2020\/?p=3684"},"modified":"2019-02-24T13:01:06","modified_gmt":"2019-02-24T11:01:06","slug":"moli-de-sant-magi-de-la-brufaganya","status":"publish","type":"post","link":"https:\/\/brufaganya.cat\/2020\/moli-de-sant-magi-de-la-brufaganya\/","title":{"rendered":"Mol\u00ed de Sant Mag\u00ed de la Brufaganya"},"content":{"rendered":"<p>&nbsp;<\/p>\n<p><!--more--><\/p>\n<p>En 1645 es d\u00f3na llic\u00e8ncia als frares de Sant Mag\u00ed per a que facin un mol\u00ed, essent prior el Fra Jacint Andreu. El primer d&#8217;abril de 1647 es pos\u00e0 la primera pedra. El 24 de novembre de 1647 arrib\u00e0 la primera mola de Barcelona.<\/p>\n<p>L&#8217;estat de conservaci\u00f3 del mol\u00ed \u00e9s molt deficient. \u00c9s una ru\u00efna de la que es conserva una paret i es pot apreciar l&#8217;inici de la volta de la part baixa i el desgu\u00e0s del mol\u00ed, on es pot veure la canalitzaci\u00f3 coberta amb volta de can\u00f3. Resulta dif\u00edcil fer-se una idea de configuraci\u00f3 externa.<\/p>\n<p>La construcci\u00f3 est\u00e0 feta amb pedra local m\u00e9s o menys escairada i de mida uniforme<\/p>\n<p>Adre\u00e7a:\u00a0A la dreta del torrent de Sant Mag\u00ed, a l&#8217;afluent del riu Gai\u00e0<\/p>\n<p>Municipi: Pontils<\/p>\n<p>Font: Inventari Patrimoni Arquitect\u00f2nic<\/p>\n","protected":false},"excerpt":{"rendered":"<p>&nbsp;<\/p>\n","protected":false},"author":105,"featured_media":3685,"comment_status":"open","ping_status":"closed","sticky":false,"template":"","format":"standard","meta":{"inline_featured_image":false,"footnotes":""},"categories":[780],"tags":[790],"class_list":["post-3684","post","type-post","status-publish","format-standard","has-post-thumbnail","hentry","category-patrimoni-arquitectonic","tag-edificacions"],"yoast_head":"<!-- This site is optimized with the Yoast SEO plugin v27.4 - https:\/\/yoast.com\/product\/yoast-seo-wordpress\/ -->\n<title>Mol\u00ed de Sant Mag\u00ed de la Brufaganya &#187; Sant Mag\u00ed de la Brufaganya<\/title>\n<meta name=\"robots\" content=\"index, follow, max-snippet:-1, max-image-preview:large, max-video-preview:-1\" \/>\n<link rel=\"canonical\" href=\"https:\/\/brufaganya.cat\/2020\/moli-de-sant-magi-de-la-brufaganya\/\" \/>\n<meta property=\"og:locale\" content=\"ca_ES\" \/>\n<meta property=\"og:type\" content=\"article\" \/>\n<meta property=\"og:title\" content=\"Mol\u00ed de Sant Mag\u00ed de la Brufaganya &#187; Sant Mag\u00ed de la Brufaganya\" \/>\n<meta property=\"og:description\" content=\"&nbsp;\" \/>\n<meta property=\"og:url\" content=\"https:\/\/brufaganya.cat\/2020\/moli-de-sant-magi-de-la-brufaganya\/\" \/>\n<meta property=\"og:site_name\" content=\"Sant Mag\u00ed de la Brufaganya\" \/>\n<meta property=\"article:published_time\" content=\"2019-02-24T10:54:38+00:00\" \/>\n<meta property=\"article:modified_time\" content=\"2019-02-24T11:01:06+00:00\" \/>\n<meta property=\"og:image\" content=\"https:\/\/brufaganya.cat\/2020\/wp-content\/uploads\/2019\/02\/MoliBrufaganya.jpg\" \/>\n\t<meta property=\"og:image:width\" content=\"600\" \/>\n\t<meta property=\"og:image:height\" content=\"419\" \/>\n\t<meta property=\"og:image:type\" content=\"image\/jpeg\" \/>\n<meta name=\"author\" content=\"Rita Armejach Carreras\" \/>\n<meta name=\"twitter:card\" content=\"summary_large_image\" \/>\n<meta name=\"twitter:label1\" content=\"Escrit per\" \/>\n\t<meta name=\"twitter:data1\" content=\"Rita Armejach Carreras\" \/>\n\t<meta name=\"twitter:label2\" content=\"Temps estimat de lectura\" \/>\n\t<meta name=\"twitter:data2\" content=\"1 minut\" \/>\n<script type=\"application\/ld+json\" class=\"yoast-schema-graph\">{\"@context\":\"https:\\\/\\\/schema.org\",\"@graph\":[{\"@type\":\"Article\",\"@id\":\"https:\\\/\\\/brufaganya.cat\\\/2020\\\/moli-de-sant-magi-de-la-brufaganya\\\/#article\",\"isPartOf\":{\"@id\":\"https:\\\/\\\/brufaganya.cat\\\/2020\\\/moli-de-sant-magi-de-la-brufaganya\\\/\"},\"author\":{\"name\":\"Rita Armejach Carreras\",\"@id\":\"https:\\\/\\\/brufaganya.cat\\\/2020\\\/#\\\/schema\\\/person\\\/cd383ee397867b5182d1cf80b8c2e95c\"},\"headline\":\"Mol\u00ed de Sant Mag\u00ed de la Brufaganya\",\"datePublished\":\"2019-02-24T10:54:38+00:00\",\"dateModified\":\"2019-02-24T11:01:06+00:00\",\"mainEntityOfPage\":{\"@id\":\"https:\\\/\\\/brufaganya.cat\\\/2020\\\/moli-de-sant-magi-de-la-brufaganya\\\/\"},\"wordCount\":145,\"commentCount\":1,\"publisher\":{\"@id\":\"https:\\\/\\\/brufaganya.cat\\\/2020\\\/#organization\"},\"image\":{\"@id\":\"https:\\\/\\\/brufaganya.cat\\\/2020\\\/moli-de-sant-magi-de-la-brufaganya\\\/#primaryimage\"},\"thumbnailUrl\":\"https:\\\/\\\/brufaganya.cat\\\/2020\\\/wp-content\\\/uploads\\\/2019\\\/02\\\/MoliBrufaganya.jpg\",\"keywords\":[\"Edificacions\"],\"articleSection\":[\"Patrimoni arquitect\u00f2nic\"],\"inLanguage\":\"ca\",\"potentialAction\":[{\"@type\":\"CommentAction\",\"name\":\"Comment\",\"target\":[\"https:\\\/\\\/brufaganya.cat\\\/2020\\\/moli-de-sant-magi-de-la-brufaganya\\\/#respond\"]}]},{\"@type\":\"WebPage\",\"@id\":\"https:\\\/\\\/brufaganya.cat\\\/2020\\\/moli-de-sant-magi-de-la-brufaganya\\\/\",\"url\":\"https:\\\/\\\/brufaganya.cat\\\/2020\\\/moli-de-sant-magi-de-la-brufaganya\\\/\",\"name\":\"Mol\u00ed de Sant Mag\u00ed de la Brufaganya &#187; Sant Mag\u00ed de la Brufaganya\",\"isPartOf\":{\"@id\":\"https:\\\/\\\/brufaganya.cat\\\/2020\\\/#website\"},\"primaryImageOfPage\":{\"@id\":\"https:\\\/\\\/brufaganya.cat\\\/2020\\\/moli-de-sant-magi-de-la-brufaganya\\\/#primaryimage\"},\"image\":{\"@id\":\"https:\\\/\\\/brufaganya.cat\\\/2020\\\/moli-de-sant-magi-de-la-brufaganya\\\/#primaryimage\"},\"thumbnailUrl\":\"https:\\\/\\\/brufaganya.cat\\\/2020\\\/wp-content\\\/uploads\\\/2019\\\/02\\\/MoliBrufaganya.jpg\",\"datePublished\":\"2019-02-24T10:54:38+00:00\",\"dateModified\":\"2019-02-24T11:01:06+00:00\",\"breadcrumb\":{\"@id\":\"https:\\\/\\\/brufaganya.cat\\\/2020\\\/moli-de-sant-magi-de-la-brufaganya\\\/#breadcrumb\"},\"inLanguage\":\"ca\",\"potentialAction\":[{\"@type\":\"ReadAction\",\"target\":[\"https:\\\/\\\/brufaganya.cat\\\/2020\\\/moli-de-sant-magi-de-la-brufaganya\\\/\"]}]},{\"@type\":\"ImageObject\",\"inLanguage\":\"ca\",\"@id\":\"https:\\\/\\\/brufaganya.cat\\\/2020\\\/moli-de-sant-magi-de-la-brufaganya\\\/#primaryimage\",\"url\":\"https:\\\/\\\/brufaganya.cat\\\/2020\\\/wp-content\\\/uploads\\\/2019\\\/02\\\/MoliBrufaganya.jpg\",\"contentUrl\":\"https:\\\/\\\/brufaganya.cat\\\/2020\\\/wp-content\\\/uploads\\\/2019\\\/02\\\/MoliBrufaganya.jpg\",\"width\":600,\"height\":419},{\"@type\":\"BreadcrumbList\",\"@id\":\"https:\\\/\\\/brufaganya.cat\\\/2020\\\/moli-de-sant-magi-de-la-brufaganya\\\/#breadcrumb\",\"itemListElement\":[{\"@type\":\"ListItem\",\"position\":1,\"name\":\"Inici\",\"item\":\"https:\\\/\\\/brufaganya.cat\\\/2020\\\/\"},{\"@type\":\"ListItem\",\"position\":2,\"name\":\"Mol\u00ed de Sant Mag\u00ed de la Brufaganya\"}]},{\"@type\":\"WebSite\",\"@id\":\"https:\\\/\\\/brufaganya.cat\\\/2020\\\/#website\",\"url\":\"https:\\\/\\\/brufaganya.cat\\\/2020\\\/\",\"name\":\"Sant Mag\u00ed de la Brufaganya\",\"description\":\"Lloc web de Sant Mag\u00ed de la Brufaganya\",\"publisher\":{\"@id\":\"https:\\\/\\\/brufaganya.cat\\\/2020\\\/#organization\"},\"potentialAction\":[{\"@type\":\"SearchAction\",\"target\":{\"@type\":\"EntryPoint\",\"urlTemplate\":\"https:\\\/\\\/brufaganya.cat\\\/2020\\\/?s={search_term_string}\"},\"query-input\":{\"@type\":\"PropertyValueSpecification\",\"valueRequired\":true,\"valueName\":\"search_term_string\"}}],\"inLanguage\":\"ca\"},{\"@type\":\"Organization\",\"@id\":\"https:\\\/\\\/brufaganya.cat\\\/2020\\\/#organization\",\"name\":\"Sant Mag\u00ed de Brufaganya\",\"url\":\"https:\\\/\\\/brufaganya.cat\\\/2020\\\/\",\"logo\":{\"@type\":\"ImageObject\",\"inLanguage\":\"ca\",\"@id\":\"https:\\\/\\\/brufaganya.cat\\\/2020\\\/#\\\/schema\\\/logo\\\/image\\\/\",\"url\":\"https:\\\/\\\/brufaganya.cat\\\/2020\\\/wp-content\\\/uploads\\\/2018\\\/11\\\/st_marti_bruga_horitz_posi_logo.jpg\",\"contentUrl\":\"https:\\\/\\\/brufaganya.cat\\\/2020\\\/wp-content\\\/uploads\\\/2018\\\/11\\\/st_marti_bruga_horitz_posi_logo.jpg\",\"width\":1479,\"height\":804,\"caption\":\"Sant Mag\u00ed de Brufaganya\"},\"image\":{\"@id\":\"https:\\\/\\\/brufaganya.cat\\\/2020\\\/#\\\/schema\\\/logo\\\/image\\\/\"},\"sameAs\":[\"https:\\\/\\\/ca.wikipedia.org\\\/wiki\\\/Sant_Mag\u00ed_de_Brufaganya\"]},{\"@type\":\"Person\",\"@id\":\"https:\\\/\\\/brufaganya.cat\\\/2020\\\/#\\\/schema\\\/person\\\/cd383ee397867b5182d1cf80b8c2e95c\",\"name\":\"Rita Armejach Carreras\",\"image\":{\"@type\":\"ImageObject\",\"inLanguage\":\"ca\",\"@id\":\"https:\\\/\\\/secure.gravatar.com\\\/avatar\\\/9dd6e49c4c61c4e14defcbf48211c55e6d268a4486cf9f5cef1b53148943d71d?s=96&d=mm&r=g\",\"url\":\"https:\\\/\\\/secure.gravatar.com\\\/avatar\\\/9dd6e49c4c61c4e14defcbf48211c55e6d268a4486cf9f5cef1b53148943d71d?s=96&d=mm&r=g\",\"contentUrl\":\"https:\\\/\\\/secure.gravatar.com\\\/avatar\\\/9dd6e49c4c61c4e14defcbf48211c55e6d268a4486cf9f5cef1b53148943d71d?s=96&d=mm&r=g\",\"caption\":\"Rita Armejach Carreras\"},\"url\":\"https:\\\/\\\/brufaganya.cat\\\/2020\\\/author\\\/rarmejach\\\/\"}]}<\/script>\n<!-- \/ Yoast SEO plugin. -->","yoast_head_json":{"title":"Mol\u00ed de Sant Mag\u00ed de la Brufaganya &#187; Sant Mag\u00ed de la Brufaganya","robots":{"index":"index","follow":"follow","max-snippet":"max-snippet:-1","max-image-preview":"max-image-preview:large","max-video-preview":"max-video-preview:-1"},"canonical":"https:\/\/brufaganya.cat\/2020\/moli-de-sant-magi-de-la-brufaganya\/","og_locale":"ca_ES","og_type":"article","og_title":"Mol\u00ed de Sant Mag\u00ed de la Brufaganya &#187; Sant Mag\u00ed de la Brufaganya","og_description":"&nbsp;","og_url":"https:\/\/brufaganya.cat\/2020\/moli-de-sant-magi-de-la-brufaganya\/","og_site_name":"Sant Mag\u00ed de la Brufaganya","article_published_time":"2019-02-24T10:54:38+00:00","article_modified_time":"2019-02-24T11:01:06+00:00","og_image":[{"width":600,"height":419,"url":"https:\/\/brufaganya.cat\/2020\/wp-content\/uploads\/2019\/02\/MoliBrufaganya.jpg","type":"image\/jpeg"}],"author":"Rita Armejach Carreras","twitter_card":"summary_large_image","twitter_misc":{"Escrit per":"Rita Armejach Carreras","Temps estimat de lectura":"1 minut"},"schema":{"@context":"https:\/\/schema.org","@graph":[{"@type":"Article","@id":"https:\/\/brufaganya.cat\/2020\/moli-de-sant-magi-de-la-brufaganya\/#article","isPartOf":{"@id":"https:\/\/brufaganya.cat\/2020\/moli-de-sant-magi-de-la-brufaganya\/"},"author":{"name":"Rita Armejach Carreras","@id":"https:\/\/brufaganya.cat\/2020\/#\/schema\/person\/cd383ee397867b5182d1cf80b8c2e95c"},"headline":"Mol\u00ed de Sant Mag\u00ed de la Brufaganya","datePublished":"2019-02-24T10:54:38+00:00","dateModified":"2019-02-24T11:01:06+00:00","mainEntityOfPage":{"@id":"https:\/\/brufaganya.cat\/2020\/moli-de-sant-magi-de-la-brufaganya\/"},"wordCount":145,"commentCount":1,"publisher":{"@id":"https:\/\/brufaganya.cat\/2020\/#organization"},"image":{"@id":"https:\/\/brufaganya.cat\/2020\/moli-de-sant-magi-de-la-brufaganya\/#primaryimage"},"thumbnailUrl":"https:\/\/brufaganya.cat\/2020\/wp-content\/uploads\/2019\/02\/MoliBrufaganya.jpg","keywords":["Edificacions"],"articleSection":["Patrimoni arquitect\u00f2nic"],"inLanguage":"ca","potentialAction":[{"@type":"CommentAction","name":"Comment","target":["https:\/\/brufaganya.cat\/2020\/moli-de-sant-magi-de-la-brufaganya\/#respond"]}]},{"@type":"WebPage","@id":"https:\/\/brufaganya.cat\/2020\/moli-de-sant-magi-de-la-brufaganya\/","url":"https:\/\/brufaganya.cat\/2020\/moli-de-sant-magi-de-la-brufaganya\/","name":"Mol\u00ed de Sant Mag\u00ed de la Brufaganya &#187; Sant Mag\u00ed de la Brufaganya","isPartOf":{"@id":"https:\/\/brufaganya.cat\/2020\/#website"},"primaryImageOfPage":{"@id":"https:\/\/brufaganya.cat\/2020\/moli-de-sant-magi-de-la-brufaganya\/#primaryimage"},"image":{"@id":"https:\/\/brufaganya.cat\/2020\/moli-de-sant-magi-de-la-brufaganya\/#primaryimage"},"thumbnailUrl":"https:\/\/brufaganya.cat\/2020\/wp-content\/uploads\/2019\/02\/MoliBrufaganya.jpg","datePublished":"2019-02-24T10:54:38+00:00","dateModified":"2019-02-24T11:01:06+00:00","breadcrumb":{"@id":"https:\/\/brufaganya.cat\/2020\/moli-de-sant-magi-de-la-brufaganya\/#breadcrumb"},"inLanguage":"ca","potentialAction":[{"@type":"ReadAction","target":["https:\/\/brufaganya.cat\/2020\/moli-de-sant-magi-de-la-brufaganya\/"]}]},{"@type":"ImageObject","inLanguage":"ca","@id":"https:\/\/brufaganya.cat\/2020\/moli-de-sant-magi-de-la-brufaganya\/#primaryimage","url":"https:\/\/brufaganya.cat\/2020\/wp-content\/uploads\/2019\/02\/MoliBrufaganya.jpg","contentUrl":"https:\/\/brufaganya.cat\/2020\/wp-content\/uploads\/2019\/02\/MoliBrufaganya.jpg","width":600,"height":419},{"@type":"BreadcrumbList","@id":"https:\/\/brufaganya.cat\/2020\/moli-de-sant-magi-de-la-brufaganya\/#breadcrumb","itemListElement":[{"@type":"ListItem","position":1,"name":"Inici","item":"https:\/\/brufaganya.cat\/2020\/"},{"@type":"ListItem","position":2,"name":"Mol\u00ed de Sant Mag\u00ed de la Brufaganya"}]},{"@type":"WebSite","@id":"https:\/\/brufaganya.cat\/2020\/#website","url":"https:\/\/brufaganya.cat\/2020\/","name":"Sant Mag\u00ed de la Brufaganya","description":"Lloc web de Sant Mag\u00ed de la Brufaganya","publisher":{"@id":"https:\/\/brufaganya.cat\/2020\/#organization"},"potentialAction":[{"@type":"SearchAction","target":{"@type":"EntryPoint","urlTemplate":"https:\/\/brufaganya.cat\/2020\/?s={search_term_string}"},"query-input":{"@type":"PropertyValueSpecification","valueRequired":true,"valueName":"search_term_string"}}],"inLanguage":"ca"},{"@type":"Organization","@id":"https:\/\/brufaganya.cat\/2020\/#organization","name":"Sant Mag\u00ed de Brufaganya","url":"https:\/\/brufaganya.cat\/2020\/","logo":{"@type":"ImageObject","inLanguage":"ca","@id":"https:\/\/brufaganya.cat\/2020\/#\/schema\/logo\/image\/","url":"https:\/\/brufaganya.cat\/2020\/wp-content\/uploads\/2018\/11\/st_marti_bruga_horitz_posi_logo.jpg","contentUrl":"https:\/\/brufaganya.cat\/2020\/wp-content\/uploads\/2018\/11\/st_marti_bruga_horitz_posi_logo.jpg","width":1479,"height":804,"caption":"Sant Mag\u00ed de Brufaganya"},"image":{"@id":"https:\/\/brufaganya.cat\/2020\/#\/schema\/logo\/image\/"},"sameAs":["https:\/\/ca.wikipedia.org\/wiki\/Sant_Mag\u00ed_de_Brufaganya"]},{"@type":"Person","@id":"https:\/\/brufaganya.cat\/2020\/#\/schema\/person\/cd383ee397867b5182d1cf80b8c2e95c","name":"Rita Armejach Carreras","image":{"@type":"ImageObject","inLanguage":"ca","@id":"https:\/\/secure.gravatar.com\/avatar\/9dd6e49c4c61c4e14defcbf48211c55e6d268a4486cf9f5cef1b53148943d71d?s=96&d=mm&r=g","url":"https:\/\/secure.gravatar.com\/avatar\/9dd6e49c4c61c4e14defcbf48211c55e6d268a4486cf9f5cef1b53148943d71d?s=96&d=mm&r=g","contentUrl":"https:\/\/secure.gravatar.com\/avatar\/9dd6e49c4c61c4e14defcbf48211c55e6d268a4486cf9f5cef1b53148943d71d?s=96&d=mm&r=g","caption":"Rita Armejach Carreras"},"url":"https:\/\/brufaganya.cat\/2020\/author\/rarmejach\/"}]}},"_links":{"self":[{"href":"https:\/\/brufaganya.cat\/2020\/wp-json\/wp\/v2\/posts\/3684","targetHints":{"allow":["GET"]}}],"collection":[{"href":"https:\/\/brufaganya.cat\/2020\/wp-json\/wp\/v2\/posts"}],"about":[{"href":"https:\/\/brufaganya.cat\/2020\/wp-json\/wp\/v2\/types\/post"}],"author":[{"embeddable":true,"href":"https:\/\/brufaganya.cat\/2020\/wp-json\/wp\/v2\/users\/105"}],"replies":[{"embeddable":true,"href":"https:\/\/brufaganya.cat\/2020\/wp-json\/wp\/v2\/comments?post=3684"}],"version-history":[{"count":0,"href":"https:\/\/brufaganya.cat\/2020\/wp-json\/wp\/v2\/posts\/3684\/revisions"}],"wp:featuredmedia":[{"embeddable":true,"href":"https:\/\/brufaganya.cat\/2020\/wp-json\/wp\/v2\/media\/3685"}],"wp:attachment":[{"href":"https:\/\/brufaganya.cat\/2020\/wp-json\/wp\/v2\/media?parent=3684"}],"wp:term":[{"taxonomy":"category","embeddable":true,"href":"https:\/\/brufaganya.cat\/2020\/wp-json\/wp\/v2\/categories?post=3684"},{"taxonomy":"post_tag","embeddable":true,"href":"https:\/\/brufaganya.cat\/2020\/wp-json\/wp\/v2\/tags?post=3684"}],"curies":[{"name":"wp","href":"https:\/\/api.w.org\/{rel}","templated":true}]}}