{"id":3656,"date":"2019-02-22T11:30:24","date_gmt":"2019-02-22T09:30:24","guid":{"rendered":"https:\/\/brufaganya.cat\/2020\/?p=3656"},"modified":"2019-02-24T11:56:15","modified_gmt":"2019-02-24T09:56:15","slug":"hem-anat-a-sant-magi-guai","status":"publish","type":"post","link":"https:\/\/brufaganya.cat\/2020\/hem-anat-a-sant-magi-guai\/","title":{"rendered":"Hem anat a Sant Mag\u00ed, guai!"},"content":{"rendered":"<p><!--more--><\/p>\n<p><span style=\"font-family: Times New Roman, serif;\"><span style=\"font-size: medium;\"><span style=\"font-family: Arial, serif;\"><span lang=\"ca-ES\">A principis d\u2019octubre, els alumnes de l<strong>\u2019escola La Fassina de Sant Joan de Mediona<\/strong>, vam fer una fant\u00e0stica excursi\u00f3 a Sant Mag\u00ed de la Brufaganya!<\/span><\/span><\/span><\/span><\/p>\n<p><span style=\"font-family: Times New Roman, serif;\"><span style=\"font-size: medium;\"><span style=\"font-family: Arial, serif;\"><span lang=\"ca-ES\">.<img loading=\"lazy\" decoding=\"async\" class=\"size-medium wp-image-3658 alignleft\" src=\"https:\/\/brufaganya.cat\/2020\/wp-content\/uploads\/2019\/02\/escola4-300x225.jpg\" alt=\"\" width=\"300\" height=\"225\" srcset=\"https:\/\/brufaganya.cat\/2020\/wp-content\/uploads\/2019\/02\/escola4-300x225.jpg 300w, https:\/\/brufaganya.cat\/2020\/wp-content\/uploads\/2019\/02\/escola4-86x64.jpg 86w, https:\/\/brufaganya.cat\/2020\/wp-content\/uploads\/2019\/02\/escola4.jpg 576w\" sizes=\"auto, (max-width: 300px) 100vw, 300px\" \/><\/span><\/span><\/span><\/span><\/p>\n<p><span style=\"font-family: Times New Roman, serif;\"><span style=\"font-size: medium;\"><span style=\"font-family: Arial, serif;\"><span lang=\"ca-ES\">L\u2019autocar ens va deixar a l\u2019esplanada davant el Santuari on ens va rebre un dels membres de l\u2019Associaci\u00f3 d\u2019Amics de Sant Mag\u00ed. Ens va facilitar la possibilitat d\u2019utilitzar les instal\u00b7lacions i serveis i ens va fer una breu explicaci\u00f3 de l\u2019entorn.<\/span><\/span><\/span><\/span><\/p>\n<p><a name=\"_GoBack\"><\/a> <span style=\"font-family: Times New Roman, serif;\"><span style=\"font-size: medium;\"><span style=\"font-family: Arial, serif;\"><span lang=\"ca-ES\">Seguidament, vam esmorzar i vam iniciar l\u2019activitat de Padrins i Fillols, tot aprofitant la pla\u00e7a que hi ha per poder-hi fer una bona rotllana. Despr\u00e9s del joc de coneixen\u00e7a vam entrar a visitar el Santuari i una de les mestres ens va explicar la llegenda de Sant Mag\u00ed. Totes i tots vam escoltar amb molt\u00edssima atenci\u00f3!<\/span><\/span><\/span><\/span><\/p>\n<p>\u201c<span style=\"font-family: Times New Roman, serif;\"><span style=\"font-size: medium;\"><span style=\"font-family: Arial, serif;\"><span lang=\"ca-ES\"><i>Sant Mag\u00ed va ser un ermit\u00e0. <\/i><\/span><\/span><\/span><\/span><\/p>\n<p><span style=\"font-family: Times New Roman, serif;\"><span style=\"font-size: medium;\"><span style=\"font-family: Arial, serif;\"><span lang=\"ca-ES\"><i>Va n\u00e9ixer a Tarragona fa uns 1900 anys i va decidir anar a viure a una cova de la Brufaganya durant 30 anys, dedicant-se a resar, a la contemplaci\u00f3 i a con\u00e8ixer arts curatives.<\/i><\/span><\/span><\/span><\/span><\/p>\n<p><span style=\"font-family: Times New Roman, serif;\"><span style=\"font-size: medium;\"><span style=\"font-family: Arial, serif;\"><span lang=\"ca-ES\"><i>En arribar el prefecte rom\u00e0 a Tarragona, va comen\u00e7ar la persecuci\u00f3 dels cristians. <\/i><\/span><\/span><span style=\"color: #252525;\"><span style=\"font-family: Arial, serif;\"><span lang=\"ca-ES\"><i>Aquest, anomenat Daci\u00e0, veient que les pr\u00e8diques i miracles de Mag\u00ed convertien molta gent al cristianisme, el f\u00e9u anar a buscar amb l&#8217;objectiu de fer-li renunciar de la seva religi\u00f3; per\u00f2 Sant mag\u00ed s\u2019hi va negar i el van fer empresonar.<\/i><\/span><\/span><\/span><\/span><\/span><\/p>\n<p><span style=\"font-family: Times New Roman, serif;\"><span style=\"font-size: medium;\"><span style=\"color: #252525;\"><span style=\"font-family: Arial, serif;\"><span lang=\"ca-ES\"><i><img loading=\"lazy\" decoding=\"async\" class=\"size-medium wp-image-3654 alignright\" src=\"https:\/\/brufaganya.cat\/2020\/wp-content\/uploads\/2019\/02\/escola5-300x225.jpg\" alt=\"\" width=\"300\" height=\"225\" srcset=\"https:\/\/brufaganya.cat\/2020\/wp-content\/uploads\/2019\/02\/escola5-300x225.jpg 300w, https:\/\/brufaganya.cat\/2020\/wp-content\/uploads\/2019\/02\/escola5-86x64.jpg 86w, https:\/\/brufaganya.cat\/2020\/wp-content\/uploads\/2019\/02\/escola5.jpg 576w\" sizes=\"auto, (max-width: 300px) 100vw, 300px\" \/>La llegenda diu que passat un temps, la filla de Daci\u00e0 estava molt malalta i no hi havia ning\u00fa que la pogu\u00e9s curar. Llavors Daci\u00e0 va recordar que tenia a St Mag\u00ed empresonat i que feia miracles i curava a la gent. Va manar que el traguessin de la pres\u00f3 i que prov\u00e9s de curar a la seva filla.<\/i><\/span><\/span><\/span><\/span><\/span><\/p>\n<p><span style=\"font-family: Times New Roman, serif;\"><span style=\"font-size: medium;\"><span style=\"color: #252525;\"><span style=\"font-family: Arial, serif;\"><span lang=\"ca-ES\"><i>Sant Mag\u00ed va aconseguir guarir la noia i aquesta va demanar al seu pare que el deix\u00e9s en llibertat. Per\u00f2 Daci\u00e0 el va tornar a tancar a la pres\u00f3.<\/i><\/span><\/span><\/span><\/span><\/span><\/p>\n<p><span style=\"font-family: Times New Roman, serif;\"><span style=\"font-size: medium;\"><span style=\"color: #252525;\"><span style=\"font-family: Arial, serif;\"><span lang=\"ca-ES\"><i>La llegenda diu que un dia van apar\u00e8ixer uns \u00e0ngels a la cel\u00b7la de St Mag\u00ed, <\/i><\/span><\/span><\/span><span style=\"color: #252525;\"><span style=\"font-family: Arial, serif;\"><span lang=\"ca-ES\"><i>que obriren les portes i trencaren les cadenes que li havien posat. Mag\u00ed, quan es vei\u00e9 lliure, s&#8217;escap\u00e0 de Tarragona, i sort\u00ed pel portal de la muralla anomenat del &#8220;Carro&#8221;, i torn\u00e0 a la seva cova.<\/i><\/span><\/span><\/span><\/span><\/span><\/p>\n<p><span style=\"font-family: Times New Roman, serif;\"><span style=\"font-size: medium;\"><span style=\"color: #252525;\"><span style=\"font-family: Arial, serif;\"><span lang=\"ca-ES\"><i>Els romans en saber que havia fugit, van sortir a buscar-lo amb l\u2019ordre que all\u00e0 on el trobessin, el matessin. Va resultar que tots aquells gu\u00e0rdies que sortien pel portal on St Mag\u00ed havia passat, es tornaven cecs o es morien.<\/i><\/span><\/span><\/span><\/span><\/span><\/p>\n<p><span style=\"font-family: Times New Roman, serif;\"><span style=\"font-size: medium;\"><span style=\"color: #252525;\"><span style=\"font-family: Arial, serif;\"><span lang=\"ca-ES\"><i>Per\u00f2 alguns van passar per altres portals i van poder arribar a la cova de la Brufaganya on vivia St Mag\u00ed. El van tractar molt malament i el van treure de les coves arrossegant-lo. <\/i><\/span><\/span><\/span><\/span><\/span><\/p>\n<p><span style=\"font-family: Times New Roman, serif;\"><span style=\"font-size: medium;\"><span style=\"color: #252525;\"><span style=\"font-family: Arial, serif;\"><span lang=\"ca-ES\"><i>Els soldats es van cansar tant d\u2019apallissar-lo que li van demanar a St Mag\u00ed que els don\u00e9s aigua i a canvi el deixarien escapar. St Mag\u00ed, com que era tan bona persona, els va perdonar pel mal que li havien fet i va picar tres cops a terra amb el seu bast\u00f3 i en va fer sortir tres fonts d\u2019aigua dol\u00e7a.<\/i><\/span><\/span><\/span><\/span><\/span><\/p>\n<p><span style=\"font-family: Times New Roman, serif;\"><span style=\"font-size: medium;\"><span style=\"color: #252525;\"><span style=\"font-family: Arial, serif;\"><span lang=\"ca-ES\"><i>Els perseguidors es feren passar la set i van quedar adormits. St Mag\u00ed se\u2019n va tornar altra vegada cap a la cova a continuar les seves oracions.<\/i><\/span><\/span><\/span><\/span><\/span><\/p>\n<p><span style=\"font-family: Times New Roman, serif;\"><span style=\"font-size: medium;\"><span style=\"color: #252525;\"><span style=\"font-family: Arial, serif;\"><span lang=\"ca-ES\"><i>Quan els gu\u00e0rdies es van despertar, veient que St Mag\u00ed havia marxat, van tornar a la cova i el van matar.<\/i><\/span><\/span><\/span><\/span><\/span><\/p>\n<p><span style=\"font-family: Times New Roman, serif;\"><span style=\"font-size: medium;\"><span style=\"color: #252525;\"><span style=\"font-family: Arial, serif;\"><span lang=\"ca-ES\"><i>\u00c9s en aquest lloc on es va construir aquest santuari en mem\u00f2ria de St Mag\u00ed.<\/i><\/span><\/span><\/span><\/span><\/span><\/p>\n<p><span style=\"font-family: Times New Roman, serif;\"><span style=\"font-size: medium;\"><span style=\"color: #252525;\"><span style=\"font-family: Arial, serif;\"><span lang=\"ca-ES\"><i>I recordant que aquella aigua era tan bona, tothom anava a beure en aquella font, per\u00f2 van trobar que s\u2019havia tornat desagradable i in\u00fatil per a cuinar i netejar. <\/i><\/span><\/span><\/span><\/span><\/span><\/p>\n<p><span style=\"font-family: Times New Roman, serif;\"><span style=\"font-size: medium;\"><span style=\"color: #252525;\"><span style=\"font-family: Arial, serif;\"><span lang=\"ca-ES\"><i>Diu la dita \u201cni cou ni mol\u201d.<\/i><\/span><\/span><\/span><\/span><\/span><\/p>\n<p><span style=\"font-family: Times New Roman, serif;\"><span style=\"font-size: medium;\"><span style=\"color: #252525;\"><span style=\"font-family: Arial, serif;\"><span lang=\"ca-ES\"><i>Per\u00f2 tothom creu que conserva les qualitats per curar, i que qui en beu o es banya en ella, li cura els mals, si en fer-ho, invoca al m\u00e0tir de la Brufaganya.\u201d<\/i><\/span><\/span><\/span><\/span><\/span><\/p>\n<p><span style=\"font-family: Times New Roman, serif;\"><span style=\"font-size: medium;\"><span style=\"color: #252525;\"><span style=\"font-family: Arial, serif;\"><span lang=\"ca-ES\">La llegenda ens va deixar a tots ben encuriosits i amb moltes ganes de saber-ne m\u00e9s coses. Un cop a l\u2019escola vam investigar m\u00e9s i vam recollir-ne aquestes tradicions:<\/span><\/span><\/span><\/span><\/span><\/p>\n<ul>\n<li><span style=\"color: #252525;\"><span style=\"font-family: Arial, serif;\"><span style=\"font-size: medium;\"><span lang=\"ca-ES\"><i>Diuen que el dia de Sant Mag\u00ed, 19 d\u2019agost, cal banyar-se els peus a les fonts set vegades, i que cal endur-se una mica d&#8217;aigua a casa.<\/i><\/span><\/span><\/span><\/span><\/li>\n<li><span style=\"color: #252525;\"><span style=\"font-family: Arial, serif;\"><span style=\"font-size: medium;\"><span lang=\"ca-ES\"><i>L\u2019aigua de St Mag\u00ed nom\u00e9s \u00e9s bona per curar, no serveix per cuinar. Diu la dita \u201cni cou ni mol\u201d. Van posar un mol\u00ed per aprofitar l\u2019aigua de les fonts i no va funcionar mai b\u00e9.<\/i><\/span><\/span><\/span><\/span><\/li>\n<li><span style=\"color: #252525;\"><span style=\"font-family: Arial, serif;\"><span style=\"font-size: medium;\"><span lang=\"ca-ES\"><i>Durant segles, poblacions com\u00a0\u00a0<a href=\"https:\/\/ca.wikipedia.org\/wiki\/Tarragona\">Tarragona<\/a>,\u00a0Santa Coloma de Queralt, <a href=\"https:\/\/ca.wikipedia.org\/wiki\/Cervera\">Cervera<\/a>\u00a0o\u00a0<a href=\"https:\/\/ca.wikipedia.org\/wiki\/Igualada\">Igualada<\/a>\u00a0han anat a buscar aigua de les fonts de Sant Mag\u00ed de Brufaganya, per fer-la entrar despr\u00e9s de manera solemne al seu municipi i repartir-la entre els ve\u00efns. <\/i><\/span><\/span><\/span><\/span><\/li>\n<\/ul>\n<p><span style=\"color: #252525;\"><span style=\"font-family: Arial, serif;\"><span style=\"font-size: medium;\"><span lang=\"ca-ES\"><i>Tarragona per exemple, venen a buscar b\u00f3tes d&#8217;aigua en carros. El seguici popular, format per gegants, nans, grallers i, antigament, tamb\u00e9 per la Gu\u00e0rdia Urbana muntada a cavall, rep els carruatges i els condueix fins a la pla\u00e7a de la Font, on l&#8217;aigua \u00e9s bene\u00efda i portada al carrer del Portal del Carro.<\/i><\/span><\/span><\/span><\/span><\/p>\n<ul>\n<li><span style=\"color: #252525;\"><span style=\"font-family: Arial, serif;\"><span style=\"font-size: medium;\"><span lang=\"ca-ES\"><i>Es diu que quan a Santa Coloma hi havia temps de sequeres, es feia una process\u00f3 molt solemne amb 16 sacerdots, 16 escolanets, tot el seguici i el poble, caminant, fins a St Mag\u00ed per demanar que fes ploure.<\/i><\/span><\/span><\/span><\/span><\/li>\n<\/ul>\n<p><span style=\"color: #252525;\"><span style=\"font-family: Arial, serif;\"><span style=\"font-size: medium;\"><span lang=\"ca-ES\"><i>Un sacerdot era l\u2019encarregat de portar l\u2019est\u00e0tua de St Mag\u00ed i al llarg del cam\u00ed li anava parlant i convencent que els ajud\u00e9s, que els don\u00e9s aigua,\u2026<\/i><\/span><\/span><\/span><\/span><\/p>\n<p><span style=\"color: #252525;\"><span style=\"font-family: Arial, serif;\"><span style=\"font-size: medium;\"><span lang=\"ca-ES\"><i>Sembla ser que al cap de tres dies sempre plovia.<\/i><\/span><\/span><\/span><\/span><\/p>\n<p><span style=\"color: #252525;\"><span style=\"font-family: Arial, serif;\"><span style=\"font-size: medium;\"><span lang=\"ca-ES\"><img loading=\"lazy\" decoding=\"async\" class=\"size-medium wp-image-3666 alignleft\" src=\"https:\/\/brufaganya.cat\/2020\/wp-content\/uploads\/2019\/02\/escola7-300x262.jpg\" alt=\"\" width=\"300\" height=\"262\" srcset=\"https:\/\/brufaganya.cat\/2020\/wp-content\/uploads\/2019\/02\/escola7-300x262.jpg 300w, https:\/\/brufaganya.cat\/2020\/wp-content\/uploads\/2019\/02\/escola7.jpg 427w\" sizes=\"auto, (max-width: 300px) 100vw, 300px\" \/>Despr\u00e9s de la visita al Santuari i l\u2019explicaci\u00f3 de la llegenda, vam anar tot caminant fins a la Capella de les Fonts. L\u2019esplanada \u00e9s enorme i ens va permetre fer una gimcana sobre la tardor.<\/span><\/span><\/span><\/span><\/p>\n<p><span style=\"color: #252525;\"><span style=\"font-family: Arial, serif;\"><span style=\"font-size: medium;\"><span lang=\"ca-ES\">..Cap a les dues ja ten\u00edem molta gana i vam dinar tots junts al costat de les fonts. Un cop dinats, vam poder escollir entre joc lliure (vam fer cabanyes amb les cordes i teles que ens vam emportar de l\u2019escola i aprofitant la quantitat d\u2019arbres que hi ha) o b\u00e9 anar a visitar el pi de la Fou.<\/span><\/span><\/span><\/span><\/p>\n<p><span style=\"color: #252525;\"><span style=\"font-family: Arial, serif;\"><span style=\"font-size: medium;\"><span lang=\"ca-ES\">A les quatre ja ens va venir a recollir l\u2019autocar de tornada.<\/span><\/span><\/span><\/span><\/p>\n<p><span style=\"color: #252525;\"><span style=\"font-family: Arial, serif;\"><span style=\"font-size: medium;\"><span lang=\"ca-ES\">Recordem un dia de conviv\u00e8ncia fant\u00e0stic en un indret inoblidable. <\/span><\/span><\/span><\/span><\/p>\n<p><span style=\"color: #252525;\"><span style=\"font-family: Arial, serif;\"><span style=\"font-size: medium;\"><span lang=\"ca-ES\">Repetirem segur!<\/span><\/span><\/span><\/span><\/p>\n<p align=\"right\"><span style=\"color: #252525;\"><span style=\"font-family: Arial, serif;\"><span style=\"font-size: medium;\"><span lang=\"ca-ES\">Alumnes de La Fassina<\/span><\/span><\/span><\/span><\/p>\n<p>&nbsp;<\/p>\n","protected":false},"excerpt":{"rendered":"A principis d\u2019octubre, els alumnes de l\u2019escola La Fassina de Sant Joan de Mediona, vam fer una fant\u00e0stica excursi\u00f3 a Sant Mag\u00ed de la Brufaganya! . L\u2019autocar ens va deixar [...]","protected":false},"author":105,"featured_media":3655,"comment_status":"open","ping_status":"closed","sticky":false,"template":"","format":"standard","meta":{"inline_featured_image":false,"footnotes":""},"categories":[771,799],"tags":[],"class_list":["post-3656","post","type-post","status-publish","format-standard","has-post-thumbnail","hentry","category-ensenyament","category-joves"],"yoast_head":"<!-- This site is optimized with the Yoast SEO plugin v27.4 - https:\/\/yoast.com\/product\/yoast-seo-wordpress\/ -->\n<title>Hem anat a Sant Mag\u00ed, guai! &#187; Sant Mag\u00ed de la Brufaganya<\/title>\n<meta name=\"robots\" content=\"index, follow, max-snippet:-1, max-image-preview:large, max-video-preview:-1\" \/>\n<link rel=\"canonical\" href=\"https:\/\/brufaganya.cat\/2020\/hem-anat-a-sant-magi-guai\/\" \/>\n<meta property=\"og:locale\" content=\"ca_ES\" \/>\n<meta property=\"og:type\" content=\"article\" \/>\n<meta property=\"og:title\" content=\"Hem anat a Sant Mag\u00ed, guai! &#187; Sant Mag\u00ed de la Brufaganya\" \/>\n<meta property=\"og:url\" content=\"https:\/\/brufaganya.cat\/2020\/hem-anat-a-sant-magi-guai\/\" \/>\n<meta property=\"og:site_name\" content=\"Sant Mag\u00ed de la Brufaganya\" \/>\n<meta property=\"article:published_time\" content=\"2019-02-22T09:30:24+00:00\" \/>\n<meta property=\"article:modified_time\" content=\"2019-02-24T09:56:15+00:00\" \/>\n<meta property=\"og:image\" content=\"https:\/\/brufaganya.cat\/2020\/wp-content\/uploads\/2019\/02\/escola6.jpg\" \/>\n\t<meta property=\"og:image:width\" content=\"576\" \/>\n\t<meta property=\"og:image:height\" content=\"432\" \/>\n\t<meta property=\"og:image:type\" content=\"image\/jpeg\" \/>\n<meta name=\"author\" content=\"Rita Armejach Carreras\" \/>\n<meta name=\"twitter:card\" content=\"summary_large_image\" \/>\n<meta name=\"twitter:label1\" content=\"Escrit per\" \/>\n\t<meta name=\"twitter:data1\" content=\"Rita Armejach Carreras\" \/>\n\t<meta name=\"twitter:label2\" content=\"Temps estimat de lectura\" \/>\n\t<meta name=\"twitter:data2\" content=\"5 minuts\" \/>\n<script type=\"application\/ld+json\" class=\"yoast-schema-graph\">{\"@context\":\"https:\\\/\\\/schema.org\",\"@graph\":[{\"@type\":\"Article\",\"@id\":\"https:\\\/\\\/brufaganya.cat\\\/2020\\\/hem-anat-a-sant-magi-guai\\\/#article\",\"isPartOf\":{\"@id\":\"https:\\\/\\\/brufaganya.cat\\\/2020\\\/hem-anat-a-sant-magi-guai\\\/\"},\"author\":{\"name\":\"Rita Armejach Carreras\",\"@id\":\"https:\\\/\\\/brufaganya.cat\\\/2020\\\/#\\\/schema\\\/person\\\/cd383ee397867b5182d1cf80b8c2e95c\"},\"headline\":\"Hem anat a Sant Mag\u00ed, guai!\",\"datePublished\":\"2019-02-22T09:30:24+00:00\",\"dateModified\":\"2019-02-24T09:56:15+00:00\",\"mainEntityOfPage\":{\"@id\":\"https:\\\/\\\/brufaganya.cat\\\/2020\\\/hem-anat-a-sant-magi-guai\\\/\"},\"wordCount\":1073,\"commentCount\":0,\"publisher\":{\"@id\":\"https:\\\/\\\/brufaganya.cat\\\/2020\\\/#organization\"},\"image\":{\"@id\":\"https:\\\/\\\/brufaganya.cat\\\/2020\\\/hem-anat-a-sant-magi-guai\\\/#primaryimage\"},\"thumbnailUrl\":\"https:\\\/\\\/brufaganya.cat\\\/2020\\\/wp-content\\\/uploads\\\/2019\\\/02\\\/escola6.jpg\",\"articleSection\":[\"Ensenyament\",\"Joves\"],\"inLanguage\":\"ca\",\"potentialAction\":[{\"@type\":\"CommentAction\",\"name\":\"Comment\",\"target\":[\"https:\\\/\\\/brufaganya.cat\\\/2020\\\/hem-anat-a-sant-magi-guai\\\/#respond\"]}]},{\"@type\":\"WebPage\",\"@id\":\"https:\\\/\\\/brufaganya.cat\\\/2020\\\/hem-anat-a-sant-magi-guai\\\/\",\"url\":\"https:\\\/\\\/brufaganya.cat\\\/2020\\\/hem-anat-a-sant-magi-guai\\\/\",\"name\":\"Hem anat a Sant Mag\u00ed, guai! &#187; Sant Mag\u00ed de la Brufaganya\",\"isPartOf\":{\"@id\":\"https:\\\/\\\/brufaganya.cat\\\/2020\\\/#website\"},\"primaryImageOfPage\":{\"@id\":\"https:\\\/\\\/brufaganya.cat\\\/2020\\\/hem-anat-a-sant-magi-guai\\\/#primaryimage\"},\"image\":{\"@id\":\"https:\\\/\\\/brufaganya.cat\\\/2020\\\/hem-anat-a-sant-magi-guai\\\/#primaryimage\"},\"thumbnailUrl\":\"https:\\\/\\\/brufaganya.cat\\\/2020\\\/wp-content\\\/uploads\\\/2019\\\/02\\\/escola6.jpg\",\"datePublished\":\"2019-02-22T09:30:24+00:00\",\"dateModified\":\"2019-02-24T09:56:15+00:00\",\"breadcrumb\":{\"@id\":\"https:\\\/\\\/brufaganya.cat\\\/2020\\\/hem-anat-a-sant-magi-guai\\\/#breadcrumb\"},\"inLanguage\":\"ca\",\"potentialAction\":[{\"@type\":\"ReadAction\",\"target\":[\"https:\\\/\\\/brufaganya.cat\\\/2020\\\/hem-anat-a-sant-magi-guai\\\/\"]}]},{\"@type\":\"ImageObject\",\"inLanguage\":\"ca\",\"@id\":\"https:\\\/\\\/brufaganya.cat\\\/2020\\\/hem-anat-a-sant-magi-guai\\\/#primaryimage\",\"url\":\"https:\\\/\\\/brufaganya.cat\\\/2020\\\/wp-content\\\/uploads\\\/2019\\\/02\\\/escola6.jpg\",\"contentUrl\":\"https:\\\/\\\/brufaganya.cat\\\/2020\\\/wp-content\\\/uploads\\\/2019\\\/02\\\/escola6.jpg\",\"width\":576,\"height\":432},{\"@type\":\"BreadcrumbList\",\"@id\":\"https:\\\/\\\/brufaganya.cat\\\/2020\\\/hem-anat-a-sant-magi-guai\\\/#breadcrumb\",\"itemListElement\":[{\"@type\":\"ListItem\",\"position\":1,\"name\":\"Inici\",\"item\":\"https:\\\/\\\/brufaganya.cat\\\/2020\\\/\"},{\"@type\":\"ListItem\",\"position\":2,\"name\":\"Hem anat a Sant Mag\u00ed, guai!\"}]},{\"@type\":\"WebSite\",\"@id\":\"https:\\\/\\\/brufaganya.cat\\\/2020\\\/#website\",\"url\":\"https:\\\/\\\/brufaganya.cat\\\/2020\\\/\",\"name\":\"Sant Mag\u00ed de la Brufaganya\",\"description\":\"Lloc web de Sant Mag\u00ed de la Brufaganya\",\"publisher\":{\"@id\":\"https:\\\/\\\/brufaganya.cat\\\/2020\\\/#organization\"},\"potentialAction\":[{\"@type\":\"SearchAction\",\"target\":{\"@type\":\"EntryPoint\",\"urlTemplate\":\"https:\\\/\\\/brufaganya.cat\\\/2020\\\/?s={search_term_string}\"},\"query-input\":{\"@type\":\"PropertyValueSpecification\",\"valueRequired\":true,\"valueName\":\"search_term_string\"}}],\"inLanguage\":\"ca\"},{\"@type\":\"Organization\",\"@id\":\"https:\\\/\\\/brufaganya.cat\\\/2020\\\/#organization\",\"name\":\"Sant Mag\u00ed de Brufaganya\",\"url\":\"https:\\\/\\\/brufaganya.cat\\\/2020\\\/\",\"logo\":{\"@type\":\"ImageObject\",\"inLanguage\":\"ca\",\"@id\":\"https:\\\/\\\/brufaganya.cat\\\/2020\\\/#\\\/schema\\\/logo\\\/image\\\/\",\"url\":\"https:\\\/\\\/brufaganya.cat\\\/2020\\\/wp-content\\\/uploads\\\/2018\\\/11\\\/st_marti_bruga_horitz_posi_logo.jpg\",\"contentUrl\":\"https:\\\/\\\/brufaganya.cat\\\/2020\\\/wp-content\\\/uploads\\\/2018\\\/11\\\/st_marti_bruga_horitz_posi_logo.jpg\",\"width\":1479,\"height\":804,\"caption\":\"Sant Mag\u00ed de Brufaganya\"},\"image\":{\"@id\":\"https:\\\/\\\/brufaganya.cat\\\/2020\\\/#\\\/schema\\\/logo\\\/image\\\/\"},\"sameAs\":[\"https:\\\/\\\/ca.wikipedia.org\\\/wiki\\\/Sant_Mag\u00ed_de_Brufaganya\"]},{\"@type\":\"Person\",\"@id\":\"https:\\\/\\\/brufaganya.cat\\\/2020\\\/#\\\/schema\\\/person\\\/cd383ee397867b5182d1cf80b8c2e95c\",\"name\":\"Rita Armejach Carreras\",\"image\":{\"@type\":\"ImageObject\",\"inLanguage\":\"ca\",\"@id\":\"https:\\\/\\\/secure.gravatar.com\\\/avatar\\\/9dd6e49c4c61c4e14defcbf48211c55e6d268a4486cf9f5cef1b53148943d71d?s=96&d=mm&r=g\",\"url\":\"https:\\\/\\\/secure.gravatar.com\\\/avatar\\\/9dd6e49c4c61c4e14defcbf48211c55e6d268a4486cf9f5cef1b53148943d71d?s=96&d=mm&r=g\",\"contentUrl\":\"https:\\\/\\\/secure.gravatar.com\\\/avatar\\\/9dd6e49c4c61c4e14defcbf48211c55e6d268a4486cf9f5cef1b53148943d71d?s=96&d=mm&r=g\",\"caption\":\"Rita Armejach Carreras\"},\"url\":\"https:\\\/\\\/brufaganya.cat\\\/2020\\\/author\\\/rarmejach\\\/\"}]}<\/script>\n<!-- \/ Yoast SEO plugin. -->","yoast_head_json":{"title":"Hem anat a Sant Mag\u00ed, guai! &#187; Sant Mag\u00ed de la Brufaganya","robots":{"index":"index","follow":"follow","max-snippet":"max-snippet:-1","max-image-preview":"max-image-preview:large","max-video-preview":"max-video-preview:-1"},"canonical":"https:\/\/brufaganya.cat\/2020\/hem-anat-a-sant-magi-guai\/","og_locale":"ca_ES","og_type":"article","og_title":"Hem anat a Sant Mag\u00ed, guai! &#187; Sant Mag\u00ed de la Brufaganya","og_url":"https:\/\/brufaganya.cat\/2020\/hem-anat-a-sant-magi-guai\/","og_site_name":"Sant Mag\u00ed de la Brufaganya","article_published_time":"2019-02-22T09:30:24+00:00","article_modified_time":"2019-02-24T09:56:15+00:00","og_image":[{"width":576,"height":432,"url":"https:\/\/brufaganya.cat\/2020\/wp-content\/uploads\/2019\/02\/escola6.jpg","type":"image\/jpeg"}],"author":"Rita Armejach Carreras","twitter_card":"summary_large_image","twitter_misc":{"Escrit per":"Rita Armejach Carreras","Temps estimat de lectura":"5 minuts"},"schema":{"@context":"https:\/\/schema.org","@graph":[{"@type":"Article","@id":"https:\/\/brufaganya.cat\/2020\/hem-anat-a-sant-magi-guai\/#article","isPartOf":{"@id":"https:\/\/brufaganya.cat\/2020\/hem-anat-a-sant-magi-guai\/"},"author":{"name":"Rita Armejach Carreras","@id":"https:\/\/brufaganya.cat\/2020\/#\/schema\/person\/cd383ee397867b5182d1cf80b8c2e95c"},"headline":"Hem anat a Sant Mag\u00ed, guai!","datePublished":"2019-02-22T09:30:24+00:00","dateModified":"2019-02-24T09:56:15+00:00","mainEntityOfPage":{"@id":"https:\/\/brufaganya.cat\/2020\/hem-anat-a-sant-magi-guai\/"},"wordCount":1073,"commentCount":0,"publisher":{"@id":"https:\/\/brufaganya.cat\/2020\/#organization"},"image":{"@id":"https:\/\/brufaganya.cat\/2020\/hem-anat-a-sant-magi-guai\/#primaryimage"},"thumbnailUrl":"https:\/\/brufaganya.cat\/2020\/wp-content\/uploads\/2019\/02\/escola6.jpg","articleSection":["Ensenyament","Joves"],"inLanguage":"ca","potentialAction":[{"@type":"CommentAction","name":"Comment","target":["https:\/\/brufaganya.cat\/2020\/hem-anat-a-sant-magi-guai\/#respond"]}]},{"@type":"WebPage","@id":"https:\/\/brufaganya.cat\/2020\/hem-anat-a-sant-magi-guai\/","url":"https:\/\/brufaganya.cat\/2020\/hem-anat-a-sant-magi-guai\/","name":"Hem anat a Sant Mag\u00ed, guai! &#187; Sant Mag\u00ed de la Brufaganya","isPartOf":{"@id":"https:\/\/brufaganya.cat\/2020\/#website"},"primaryImageOfPage":{"@id":"https:\/\/brufaganya.cat\/2020\/hem-anat-a-sant-magi-guai\/#primaryimage"},"image":{"@id":"https:\/\/brufaganya.cat\/2020\/hem-anat-a-sant-magi-guai\/#primaryimage"},"thumbnailUrl":"https:\/\/brufaganya.cat\/2020\/wp-content\/uploads\/2019\/02\/escola6.jpg","datePublished":"2019-02-22T09:30:24+00:00","dateModified":"2019-02-24T09:56:15+00:00","breadcrumb":{"@id":"https:\/\/brufaganya.cat\/2020\/hem-anat-a-sant-magi-guai\/#breadcrumb"},"inLanguage":"ca","potentialAction":[{"@type":"ReadAction","target":["https:\/\/brufaganya.cat\/2020\/hem-anat-a-sant-magi-guai\/"]}]},{"@type":"ImageObject","inLanguage":"ca","@id":"https:\/\/brufaganya.cat\/2020\/hem-anat-a-sant-magi-guai\/#primaryimage","url":"https:\/\/brufaganya.cat\/2020\/wp-content\/uploads\/2019\/02\/escola6.jpg","contentUrl":"https:\/\/brufaganya.cat\/2020\/wp-content\/uploads\/2019\/02\/escola6.jpg","width":576,"height":432},{"@type":"BreadcrumbList","@id":"https:\/\/brufaganya.cat\/2020\/hem-anat-a-sant-magi-guai\/#breadcrumb","itemListElement":[{"@type":"ListItem","position":1,"name":"Inici","item":"https:\/\/brufaganya.cat\/2020\/"},{"@type":"ListItem","position":2,"name":"Hem anat a Sant Mag\u00ed, guai!"}]},{"@type":"WebSite","@id":"https:\/\/brufaganya.cat\/2020\/#website","url":"https:\/\/brufaganya.cat\/2020\/","name":"Sant Mag\u00ed de la Brufaganya","description":"Lloc web de Sant Mag\u00ed de la Brufaganya","publisher":{"@id":"https:\/\/brufaganya.cat\/2020\/#organization"},"potentialAction":[{"@type":"SearchAction","target":{"@type":"EntryPoint","urlTemplate":"https:\/\/brufaganya.cat\/2020\/?s={search_term_string}"},"query-input":{"@type":"PropertyValueSpecification","valueRequired":true,"valueName":"search_term_string"}}],"inLanguage":"ca"},{"@type":"Organization","@id":"https:\/\/brufaganya.cat\/2020\/#organization","name":"Sant Mag\u00ed de Brufaganya","url":"https:\/\/brufaganya.cat\/2020\/","logo":{"@type":"ImageObject","inLanguage":"ca","@id":"https:\/\/brufaganya.cat\/2020\/#\/schema\/logo\/image\/","url":"https:\/\/brufaganya.cat\/2020\/wp-content\/uploads\/2018\/11\/st_marti_bruga_horitz_posi_logo.jpg","contentUrl":"https:\/\/brufaganya.cat\/2020\/wp-content\/uploads\/2018\/11\/st_marti_bruga_horitz_posi_logo.jpg","width":1479,"height":804,"caption":"Sant Mag\u00ed de Brufaganya"},"image":{"@id":"https:\/\/brufaganya.cat\/2020\/#\/schema\/logo\/image\/"},"sameAs":["https:\/\/ca.wikipedia.org\/wiki\/Sant_Mag\u00ed_de_Brufaganya"]},{"@type":"Person","@id":"https:\/\/brufaganya.cat\/2020\/#\/schema\/person\/cd383ee397867b5182d1cf80b8c2e95c","name":"Rita Armejach Carreras","image":{"@type":"ImageObject","inLanguage":"ca","@id":"https:\/\/secure.gravatar.com\/avatar\/9dd6e49c4c61c4e14defcbf48211c55e6d268a4486cf9f5cef1b53148943d71d?s=96&d=mm&r=g","url":"https:\/\/secure.gravatar.com\/avatar\/9dd6e49c4c61c4e14defcbf48211c55e6d268a4486cf9f5cef1b53148943d71d?s=96&d=mm&r=g","contentUrl":"https:\/\/secure.gravatar.com\/avatar\/9dd6e49c4c61c4e14defcbf48211c55e6d268a4486cf9f5cef1b53148943d71d?s=96&d=mm&r=g","caption":"Rita Armejach Carreras"},"url":"https:\/\/brufaganya.cat\/2020\/author\/rarmejach\/"}]}},"_links":{"self":[{"href":"https:\/\/brufaganya.cat\/2020\/wp-json\/wp\/v2\/posts\/3656","targetHints":{"allow":["GET"]}}],"collection":[{"href":"https:\/\/brufaganya.cat\/2020\/wp-json\/wp\/v2\/posts"}],"about":[{"href":"https:\/\/brufaganya.cat\/2020\/wp-json\/wp\/v2\/types\/post"}],"author":[{"embeddable":true,"href":"https:\/\/brufaganya.cat\/2020\/wp-json\/wp\/v2\/users\/105"}],"replies":[{"embeddable":true,"href":"https:\/\/brufaganya.cat\/2020\/wp-json\/wp\/v2\/comments?post=3656"}],"version-history":[{"count":0,"href":"https:\/\/brufaganya.cat\/2020\/wp-json\/wp\/v2\/posts\/3656\/revisions"}],"wp:featuredmedia":[{"embeddable":true,"href":"https:\/\/brufaganya.cat\/2020\/wp-json\/wp\/v2\/media\/3655"}],"wp:attachment":[{"href":"https:\/\/brufaganya.cat\/2020\/wp-json\/wp\/v2\/media?parent=3656"}],"wp:term":[{"taxonomy":"category","embeddable":true,"href":"https:\/\/brufaganya.cat\/2020\/wp-json\/wp\/v2\/categories?post=3656"},{"taxonomy":"post_tag","embeddable":true,"href":"https:\/\/brufaganya.cat\/2020\/wp-json\/wp\/v2\/tags?post=3656"}],"curies":[{"name":"wp","href":"https:\/\/api.w.org\/{rel}","templated":true}]}}