{"id":3645,"date":"2019-02-19T21:02:38","date_gmt":"2019-02-19T19:02:38","guid":{"rendered":"https:\/\/brufaganya.cat\/2020\/?p=3645"},"modified":"2020-03-06T09:07:40","modified_gmt":"2020-03-06T07:07:40","slug":"sermo-davant-del-santuari-el-1946","status":"publish","type":"post","link":"https:\/\/brufaganya.cat\/2020\/sermo-davant-del-santuari-el-1946\/","title":{"rendered":"AFSM008 &#8211; Serm\u00f3 davant del santuari el 1946"},"content":{"rendered":"<p>Serm\u00f3 davant del santuari l&#8217;any 1946<\/p>\n<p><!--more--><\/p>\n<table>\n<tbody>\n<tr>\n<td width=\"238\">Identificador propi:<\/td>\n<td width=\"627\">AFSM008<\/td>\n<\/tr>\n<tr>\n<td width=\"238\">T\u00edtol:<\/td>\n<td width=\"627\">Serm\u00f3 davant del santuari de Sant Mag\u00ed<\/td>\n<\/tr>\n<tr>\n<td width=\"238\">Descripci\u00f3:<\/td>\n<td width=\"627\">A la fotografia s\u2019observa un gran nombre de gent escoltant un serm\u00f3 al davant mateix del santuari de Sant Mag\u00ed. La instant\u00e0nia est\u00e0 feta probablement el dia 19 d\u2019agost de 1946, festivitat del sant, aplec que sempre ha estat molt concorregut<\/p>\n<p>Observeu que la porta est\u00e0 tapiada per impedir l\u2019entrada de la gent ja que l\u2019interior estava totalment destru\u00eft a resultes de la guerra civil.<\/td>\n<\/tr>\n<tr>\n<td width=\"238\">Autor:<\/td>\n<td width=\"627\">Millat i Bas, Joan M.<\/td>\n<\/tr>\n<tr>\n<td width=\"238\">Descriptors tem\u00e0tics:<\/td>\n<td width=\"627\">E.- CI\u00c8NCIES HUMANES:E.5. RELIGI\u00d3:PR\u00c0CTIQUES RELIGIOSES:PR\u00c0CTIQUES DE DEVOCI\u00d3<\/p>\n<p>C.- LLEURE:C.5. FESTES:FESTES POPULARS:APLECS:APLECS DE DEVOCI\u00d3<\/td>\n<\/tr>\n<tr>\n<td width=\"238\">Paraules clau:<\/td>\n<td width=\"627\">Serm\u00f3, \u00a0aplec.<\/td>\n<\/tr>\n<tr>\n<td width=\"238\">Descriptors biogr\u00e0fics:<\/td>\n<td width=\"627\">&#8212;<\/td>\n<\/tr>\n<tr>\n<td width=\"238\">Data:<\/td>\n<td width=\"627\">[1946]<\/td>\n<\/tr>\n<tr>\n<td width=\"238\">Lloc:<\/td>\n<td width=\"627\">CATALUNYA:BAIXA SEGARRA:PONTILS:SANT MAG\u00cd DE LA BRUFAGANYA:ESPLANADA DEL SANTUARI DE SANT MAG\u00cd<\/td>\n<\/tr>\n<tr>\n<td width=\"238\">Proced\u00e8ncia:<\/td>\n<td width=\"627\">Centre d\u2019Estudis Llacunencs<\/td>\n<\/tr>\n<tr>\n<td width=\"238\">Suport original:<\/td>\n<td width=\"627\">&#8212;<\/td>\n<\/tr>\n<tr>\n<td width=\"238\">Identificador arxiu ali\u00e8:<\/td>\n<td width=\"627\">&#8212;<\/td>\n<\/tr>\n<\/tbody>\n<\/table>\n","protected":false},"excerpt":{"rendered":"<p>Serm\u00f3 davant del santuari l&#8217;any 1946<\/p>\n","protected":false},"author":109,"featured_media":3644,"comment_status":"open","ping_status":"closed","sticky":false,"template":"","format":"standard","meta":{"inline_featured_image":false,"footnotes":""},"categories":[779,803],"tags":[],"class_list":["post-3645","post","type-post","status-publish","format-standard","has-post-thumbnail","hentry","category-arxiu-fotografic","category-arxiu-fotografic-historic"],"yoast_head":"<!-- This site is optimized with the Yoast SEO plugin v27.4 - https:\/\/yoast.com\/product\/yoast-seo-wordpress\/ -->\n<title>AFSM008 - Serm\u00f3 davant del santuari el 1946 &#187; Sant Mag\u00ed de la Brufaganya<\/title>\n<meta name=\"robots\" content=\"index, follow, max-snippet:-1, max-image-preview:large, max-video-preview:-1\" \/>\n<link rel=\"canonical\" href=\"https:\/\/brufaganya.cat\/2020\/sermo-davant-del-santuari-el-1946\/\" \/>\n<meta property=\"og:locale\" content=\"ca_ES\" \/>\n<meta property=\"og:type\" content=\"article\" \/>\n<meta property=\"og:title\" content=\"AFSM008 - Serm\u00f3 davant del santuari el 1946 &#187; Sant Mag\u00ed de la Brufaganya\" \/>\n<meta property=\"og:description\" content=\"Serm\u00f3 davant del santuari l&#8217;any 1946\" \/>\n<meta property=\"og:url\" content=\"https:\/\/brufaganya.cat\/2020\/sermo-davant-del-santuari-el-1946\/\" \/>\n<meta property=\"og:site_name\" content=\"Sant Mag\u00ed de la Brufaganya\" \/>\n<meta property=\"article:published_time\" content=\"2019-02-19T19:02:38+00:00\" \/>\n<meta property=\"article:modified_time\" content=\"2020-03-06T07:07:40+00:00\" \/>\n<meta property=\"og:image\" content=\"https:\/\/brufaganya.cat\/2020\/wp-content\/uploads\/2019\/02\/Serm\u00f3-a-laire-lliure-a-Sant-Mag\u00ed.jpg\" \/>\n\t<meta property=\"og:image:width\" content=\"1772\" \/>\n\t<meta property=\"og:image:height\" content=\"1266\" \/>\n\t<meta property=\"og:image:type\" content=\"image\/jpeg\" \/>\n<meta name=\"author\" content=\"Silvestre Pal\u00e0 Aug\u00e9\" \/>\n<meta name=\"twitter:card\" content=\"summary_large_image\" \/>\n<meta name=\"twitter:label1\" content=\"Escrit per\" \/>\n\t<meta name=\"twitter:data1\" content=\"Silvestre Pal\u00e0 Aug\u00e9\" \/>\n\t<meta name=\"twitter:label2\" content=\"Temps estimat de lectura\" \/>\n\t<meta name=\"twitter:data2\" content=\"1 minut\" \/>\n<script type=\"application\/ld+json\" class=\"yoast-schema-graph\">{\"@context\":\"https:\\\/\\\/schema.org\",\"@graph\":[{\"@type\":\"Article\",\"@id\":\"https:\\\/\\\/brufaganya.cat\\\/2020\\\/sermo-davant-del-santuari-el-1946\\\/#article\",\"isPartOf\":{\"@id\":\"https:\\\/\\\/brufaganya.cat\\\/2020\\\/sermo-davant-del-santuari-el-1946\\\/\"},\"author\":{\"name\":\"Silvestre Pal\u00e0 Aug\u00e9\",\"@id\":\"https:\\\/\\\/brufaganya.cat\\\/2020\\\/#\\\/schema\\\/person\\\/104a8a58bc74955dad00f639bb234a56\"},\"headline\":\"AFSM008 &#8211; Serm\u00f3 davant del santuari el 1946\",\"datePublished\":\"2019-02-19T19:02:38+00:00\",\"dateModified\":\"2020-03-06T07:07:40+00:00\",\"mainEntityOfPage\":{\"@id\":\"https:\\\/\\\/brufaganya.cat\\\/2020\\\/sermo-davant-del-santuari-el-1946\\\/\"},\"wordCount\":166,\"commentCount\":0,\"publisher\":{\"@id\":\"https:\\\/\\\/brufaganya.cat\\\/2020\\\/#organization\"},\"image\":{\"@id\":\"https:\\\/\\\/brufaganya.cat\\\/2020\\\/sermo-davant-del-santuari-el-1946\\\/#primaryimage\"},\"thumbnailUrl\":\"https:\\\/\\\/brufaganya.cat\\\/2020\\\/wp-content\\\/uploads\\\/2019\\\/02\\\/Serm\u00f3-a-laire-lliure-a-Sant-Mag\u00ed.jpg\",\"articleSection\":[\"Arxiu fotogr\u00e0fic\",\"Arxiu fotogr\u00e0fic - arxiu hist\u00f2ric\"],\"inLanguage\":\"ca\",\"potentialAction\":[{\"@type\":\"CommentAction\",\"name\":\"Comment\",\"target\":[\"https:\\\/\\\/brufaganya.cat\\\/2020\\\/sermo-davant-del-santuari-el-1946\\\/#respond\"]}]},{\"@type\":\"WebPage\",\"@id\":\"https:\\\/\\\/brufaganya.cat\\\/2020\\\/sermo-davant-del-santuari-el-1946\\\/\",\"url\":\"https:\\\/\\\/brufaganya.cat\\\/2020\\\/sermo-davant-del-santuari-el-1946\\\/\",\"name\":\"AFSM008 - Serm\u00f3 davant del santuari el 1946 &#187; Sant Mag\u00ed de la Brufaganya\",\"isPartOf\":{\"@id\":\"https:\\\/\\\/brufaganya.cat\\\/2020\\\/#website\"},\"primaryImageOfPage\":{\"@id\":\"https:\\\/\\\/brufaganya.cat\\\/2020\\\/sermo-davant-del-santuari-el-1946\\\/#primaryimage\"},\"image\":{\"@id\":\"https:\\\/\\\/brufaganya.cat\\\/2020\\\/sermo-davant-del-santuari-el-1946\\\/#primaryimage\"},\"thumbnailUrl\":\"https:\\\/\\\/brufaganya.cat\\\/2020\\\/wp-content\\\/uploads\\\/2019\\\/02\\\/Serm\u00f3-a-laire-lliure-a-Sant-Mag\u00ed.jpg\",\"datePublished\":\"2019-02-19T19:02:38+00:00\",\"dateModified\":\"2020-03-06T07:07:40+00:00\",\"breadcrumb\":{\"@id\":\"https:\\\/\\\/brufaganya.cat\\\/2020\\\/sermo-davant-del-santuari-el-1946\\\/#breadcrumb\"},\"inLanguage\":\"ca\",\"potentialAction\":[{\"@type\":\"ReadAction\",\"target\":[\"https:\\\/\\\/brufaganya.cat\\\/2020\\\/sermo-davant-del-santuari-el-1946\\\/\"]}]},{\"@type\":\"ImageObject\",\"inLanguage\":\"ca\",\"@id\":\"https:\\\/\\\/brufaganya.cat\\\/2020\\\/sermo-davant-del-santuari-el-1946\\\/#primaryimage\",\"url\":\"https:\\\/\\\/brufaganya.cat\\\/2020\\\/wp-content\\\/uploads\\\/2019\\\/02\\\/Serm\u00f3-a-laire-lliure-a-Sant-Mag\u00ed.jpg\",\"contentUrl\":\"https:\\\/\\\/brufaganya.cat\\\/2020\\\/wp-content\\\/uploads\\\/2019\\\/02\\\/Serm\u00f3-a-laire-lliure-a-Sant-Mag\u00ed.jpg\",\"width\":1772,\"height\":1266},{\"@type\":\"BreadcrumbList\",\"@id\":\"https:\\\/\\\/brufaganya.cat\\\/2020\\\/sermo-davant-del-santuari-el-1946\\\/#breadcrumb\",\"itemListElement\":[{\"@type\":\"ListItem\",\"position\":1,\"name\":\"Inici\",\"item\":\"https:\\\/\\\/brufaganya.cat\\\/2020\\\/\"},{\"@type\":\"ListItem\",\"position\":2,\"name\":\"AFSM008 &#8211; Serm\u00f3 davant del santuari el 1946\"}]},{\"@type\":\"WebSite\",\"@id\":\"https:\\\/\\\/brufaganya.cat\\\/2020\\\/#website\",\"url\":\"https:\\\/\\\/brufaganya.cat\\\/2020\\\/\",\"name\":\"Sant Mag\u00ed de la Brufaganya\",\"description\":\"Lloc web de Sant Mag\u00ed de la Brufaganya\",\"publisher\":{\"@id\":\"https:\\\/\\\/brufaganya.cat\\\/2020\\\/#organization\"},\"potentialAction\":[{\"@type\":\"SearchAction\",\"target\":{\"@type\":\"EntryPoint\",\"urlTemplate\":\"https:\\\/\\\/brufaganya.cat\\\/2020\\\/?s={search_term_string}\"},\"query-input\":{\"@type\":\"PropertyValueSpecification\",\"valueRequired\":true,\"valueName\":\"search_term_string\"}}],\"inLanguage\":\"ca\"},{\"@type\":\"Organization\",\"@id\":\"https:\\\/\\\/brufaganya.cat\\\/2020\\\/#organization\",\"name\":\"Sant Mag\u00ed de Brufaganya\",\"url\":\"https:\\\/\\\/brufaganya.cat\\\/2020\\\/\",\"logo\":{\"@type\":\"ImageObject\",\"inLanguage\":\"ca\",\"@id\":\"https:\\\/\\\/brufaganya.cat\\\/2020\\\/#\\\/schema\\\/logo\\\/image\\\/\",\"url\":\"https:\\\/\\\/brufaganya.cat\\\/2020\\\/wp-content\\\/uploads\\\/2018\\\/11\\\/st_marti_bruga_horitz_posi_logo.jpg\",\"contentUrl\":\"https:\\\/\\\/brufaganya.cat\\\/2020\\\/wp-content\\\/uploads\\\/2018\\\/11\\\/st_marti_bruga_horitz_posi_logo.jpg\",\"width\":1479,\"height\":804,\"caption\":\"Sant Mag\u00ed de Brufaganya\"},\"image\":{\"@id\":\"https:\\\/\\\/brufaganya.cat\\\/2020\\\/#\\\/schema\\\/logo\\\/image\\\/\"},\"sameAs\":[\"https:\\\/\\\/ca.wikipedia.org\\\/wiki\\\/Sant_Mag\u00ed_de_Brufaganya\"]},{\"@type\":\"Person\",\"@id\":\"https:\\\/\\\/brufaganya.cat\\\/2020\\\/#\\\/schema\\\/person\\\/104a8a58bc74955dad00f639bb234a56\",\"name\":\"Silvestre Pal\u00e0 Aug\u00e9\",\"image\":{\"@type\":\"ImageObject\",\"inLanguage\":\"ca\",\"@id\":\"https:\\\/\\\/secure.gravatar.com\\\/avatar\\\/240c865b87ee90f68f1bb82d954fb54e1c50d2b4355c9b807c7f2862e50c5fb1?s=96&d=mm&r=g\",\"url\":\"https:\\\/\\\/secure.gravatar.com\\\/avatar\\\/240c865b87ee90f68f1bb82d954fb54e1c50d2b4355c9b807c7f2862e50c5fb1?s=96&d=mm&r=g\",\"contentUrl\":\"https:\\\/\\\/secure.gravatar.com\\\/avatar\\\/240c865b87ee90f68f1bb82d954fb54e1c50d2b4355c9b807c7f2862e50c5fb1?s=96&d=mm&r=g\",\"caption\":\"Silvestre Pal\u00e0 Aug\u00e9\"},\"url\":\"https:\\\/\\\/brufaganya.cat\\\/2020\\\/author\\\/spala\\\/\"}]}<\/script>\n<!-- \/ Yoast SEO plugin. -->","yoast_head_json":{"title":"AFSM008 - Serm\u00f3 davant del santuari el 1946 &#187; Sant Mag\u00ed de la Brufaganya","robots":{"index":"index","follow":"follow","max-snippet":"max-snippet:-1","max-image-preview":"max-image-preview:large","max-video-preview":"max-video-preview:-1"},"canonical":"https:\/\/brufaganya.cat\/2020\/sermo-davant-del-santuari-el-1946\/","og_locale":"ca_ES","og_type":"article","og_title":"AFSM008 - Serm\u00f3 davant del santuari el 1946 &#187; Sant Mag\u00ed de la Brufaganya","og_description":"Serm\u00f3 davant del santuari l&#8217;any 1946","og_url":"https:\/\/brufaganya.cat\/2020\/sermo-davant-del-santuari-el-1946\/","og_site_name":"Sant Mag\u00ed de la Brufaganya","article_published_time":"2019-02-19T19:02:38+00:00","article_modified_time":"2020-03-06T07:07:40+00:00","og_image":[{"width":1772,"height":1266,"url":"https:\/\/brufaganya.cat\/2020\/wp-content\/uploads\/2019\/02\/Serm\u00f3-a-laire-lliure-a-Sant-Mag\u00ed.jpg","type":"image\/jpeg"}],"author":"Silvestre Pal\u00e0 Aug\u00e9","twitter_card":"summary_large_image","twitter_misc":{"Escrit per":"Silvestre Pal\u00e0 Aug\u00e9","Temps estimat de lectura":"1 minut"},"schema":{"@context":"https:\/\/schema.org","@graph":[{"@type":"Article","@id":"https:\/\/brufaganya.cat\/2020\/sermo-davant-del-santuari-el-1946\/#article","isPartOf":{"@id":"https:\/\/brufaganya.cat\/2020\/sermo-davant-del-santuari-el-1946\/"},"author":{"name":"Silvestre Pal\u00e0 Aug\u00e9","@id":"https:\/\/brufaganya.cat\/2020\/#\/schema\/person\/104a8a58bc74955dad00f639bb234a56"},"headline":"AFSM008 &#8211; Serm\u00f3 davant del santuari el 1946","datePublished":"2019-02-19T19:02:38+00:00","dateModified":"2020-03-06T07:07:40+00:00","mainEntityOfPage":{"@id":"https:\/\/brufaganya.cat\/2020\/sermo-davant-del-santuari-el-1946\/"},"wordCount":166,"commentCount":0,"publisher":{"@id":"https:\/\/brufaganya.cat\/2020\/#organization"},"image":{"@id":"https:\/\/brufaganya.cat\/2020\/sermo-davant-del-santuari-el-1946\/#primaryimage"},"thumbnailUrl":"https:\/\/brufaganya.cat\/2020\/wp-content\/uploads\/2019\/02\/Serm\u00f3-a-laire-lliure-a-Sant-Mag\u00ed.jpg","articleSection":["Arxiu fotogr\u00e0fic","Arxiu fotogr\u00e0fic - arxiu hist\u00f2ric"],"inLanguage":"ca","potentialAction":[{"@type":"CommentAction","name":"Comment","target":["https:\/\/brufaganya.cat\/2020\/sermo-davant-del-santuari-el-1946\/#respond"]}]},{"@type":"WebPage","@id":"https:\/\/brufaganya.cat\/2020\/sermo-davant-del-santuari-el-1946\/","url":"https:\/\/brufaganya.cat\/2020\/sermo-davant-del-santuari-el-1946\/","name":"AFSM008 - Serm\u00f3 davant del santuari el 1946 &#187; Sant Mag\u00ed de la Brufaganya","isPartOf":{"@id":"https:\/\/brufaganya.cat\/2020\/#website"},"primaryImageOfPage":{"@id":"https:\/\/brufaganya.cat\/2020\/sermo-davant-del-santuari-el-1946\/#primaryimage"},"image":{"@id":"https:\/\/brufaganya.cat\/2020\/sermo-davant-del-santuari-el-1946\/#primaryimage"},"thumbnailUrl":"https:\/\/brufaganya.cat\/2020\/wp-content\/uploads\/2019\/02\/Serm\u00f3-a-laire-lliure-a-Sant-Mag\u00ed.jpg","datePublished":"2019-02-19T19:02:38+00:00","dateModified":"2020-03-06T07:07:40+00:00","breadcrumb":{"@id":"https:\/\/brufaganya.cat\/2020\/sermo-davant-del-santuari-el-1946\/#breadcrumb"},"inLanguage":"ca","potentialAction":[{"@type":"ReadAction","target":["https:\/\/brufaganya.cat\/2020\/sermo-davant-del-santuari-el-1946\/"]}]},{"@type":"ImageObject","inLanguage":"ca","@id":"https:\/\/brufaganya.cat\/2020\/sermo-davant-del-santuari-el-1946\/#primaryimage","url":"https:\/\/brufaganya.cat\/2020\/wp-content\/uploads\/2019\/02\/Serm\u00f3-a-laire-lliure-a-Sant-Mag\u00ed.jpg","contentUrl":"https:\/\/brufaganya.cat\/2020\/wp-content\/uploads\/2019\/02\/Serm\u00f3-a-laire-lliure-a-Sant-Mag\u00ed.jpg","width":1772,"height":1266},{"@type":"BreadcrumbList","@id":"https:\/\/brufaganya.cat\/2020\/sermo-davant-del-santuari-el-1946\/#breadcrumb","itemListElement":[{"@type":"ListItem","position":1,"name":"Inici","item":"https:\/\/brufaganya.cat\/2020\/"},{"@type":"ListItem","position":2,"name":"AFSM008 &#8211; Serm\u00f3 davant del santuari el 1946"}]},{"@type":"WebSite","@id":"https:\/\/brufaganya.cat\/2020\/#website","url":"https:\/\/brufaganya.cat\/2020\/","name":"Sant Mag\u00ed de la Brufaganya","description":"Lloc web de Sant Mag\u00ed de la Brufaganya","publisher":{"@id":"https:\/\/brufaganya.cat\/2020\/#organization"},"potentialAction":[{"@type":"SearchAction","target":{"@type":"EntryPoint","urlTemplate":"https:\/\/brufaganya.cat\/2020\/?s={search_term_string}"},"query-input":{"@type":"PropertyValueSpecification","valueRequired":true,"valueName":"search_term_string"}}],"inLanguage":"ca"},{"@type":"Organization","@id":"https:\/\/brufaganya.cat\/2020\/#organization","name":"Sant Mag\u00ed de Brufaganya","url":"https:\/\/brufaganya.cat\/2020\/","logo":{"@type":"ImageObject","inLanguage":"ca","@id":"https:\/\/brufaganya.cat\/2020\/#\/schema\/logo\/image\/","url":"https:\/\/brufaganya.cat\/2020\/wp-content\/uploads\/2018\/11\/st_marti_bruga_horitz_posi_logo.jpg","contentUrl":"https:\/\/brufaganya.cat\/2020\/wp-content\/uploads\/2018\/11\/st_marti_bruga_horitz_posi_logo.jpg","width":1479,"height":804,"caption":"Sant Mag\u00ed de Brufaganya"},"image":{"@id":"https:\/\/brufaganya.cat\/2020\/#\/schema\/logo\/image\/"},"sameAs":["https:\/\/ca.wikipedia.org\/wiki\/Sant_Mag\u00ed_de_Brufaganya"]},{"@type":"Person","@id":"https:\/\/brufaganya.cat\/2020\/#\/schema\/person\/104a8a58bc74955dad00f639bb234a56","name":"Silvestre Pal\u00e0 Aug\u00e9","image":{"@type":"ImageObject","inLanguage":"ca","@id":"https:\/\/secure.gravatar.com\/avatar\/240c865b87ee90f68f1bb82d954fb54e1c50d2b4355c9b807c7f2862e50c5fb1?s=96&d=mm&r=g","url":"https:\/\/secure.gravatar.com\/avatar\/240c865b87ee90f68f1bb82d954fb54e1c50d2b4355c9b807c7f2862e50c5fb1?s=96&d=mm&r=g","contentUrl":"https:\/\/secure.gravatar.com\/avatar\/240c865b87ee90f68f1bb82d954fb54e1c50d2b4355c9b807c7f2862e50c5fb1?s=96&d=mm&r=g","caption":"Silvestre Pal\u00e0 Aug\u00e9"},"url":"https:\/\/brufaganya.cat\/2020\/author\/spala\/"}]}},"_links":{"self":[{"href":"https:\/\/brufaganya.cat\/2020\/wp-json\/wp\/v2\/posts\/3645","targetHints":{"allow":["GET"]}}],"collection":[{"href":"https:\/\/brufaganya.cat\/2020\/wp-json\/wp\/v2\/posts"}],"about":[{"href":"https:\/\/brufaganya.cat\/2020\/wp-json\/wp\/v2\/types\/post"}],"author":[{"embeddable":true,"href":"https:\/\/brufaganya.cat\/2020\/wp-json\/wp\/v2\/users\/109"}],"replies":[{"embeddable":true,"href":"https:\/\/brufaganya.cat\/2020\/wp-json\/wp\/v2\/comments?post=3645"}],"version-history":[{"count":0,"href":"https:\/\/brufaganya.cat\/2020\/wp-json\/wp\/v2\/posts\/3645\/revisions"}],"wp:featuredmedia":[{"embeddable":true,"href":"https:\/\/brufaganya.cat\/2020\/wp-json\/wp\/v2\/media\/3644"}],"wp:attachment":[{"href":"https:\/\/brufaganya.cat\/2020\/wp-json\/wp\/v2\/media?parent=3645"}],"wp:term":[{"taxonomy":"category","embeddable":true,"href":"https:\/\/brufaganya.cat\/2020\/wp-json\/wp\/v2\/categories?post=3645"},{"taxonomy":"post_tag","embeddable":true,"href":"https:\/\/brufaganya.cat\/2020\/wp-json\/wp\/v2\/tags?post=3645"}],"curies":[{"name":"wp","href":"https:\/\/api.w.org\/{rel}","templated":true}]}}