{"id":3637,"date":"2019-02-19T16:58:50","date_gmt":"2019-02-19T14:58:50","guid":{"rendered":"https:\/\/brufaganya.cat\/2020\/?p=3637"},"modified":"2019-02-19T17:11:49","modified_gmt":"2019-02-19T15:11:49","slug":"nens-i-mestres-a-sant-magi","status":"publish","type":"post","link":"https:\/\/brufaganya.cat\/2020\/nens-i-mestres-a-sant-magi\/","title":{"rendered":"Nens i mestres a Sant Mag\u00ed"},"content":{"rendered":"<figure id=\"attachment_3639\" aria-describedby=\"caption-attachment-3639\" style=\"width: 300px\" class=\"wp-caption alignnone\"><img loading=\"lazy\" decoding=\"async\" class=\"size-medium wp-image-3639\" src=\"https:\/\/brufaganya.cat\/2020\/wp-content\/uploads\/2019\/02\/gruANp-300x217.jpg\" alt=\"\" width=\"300\" height=\"217\" srcset=\"https:\/\/brufaganya.cat\/2020\/wp-content\/uploads\/2019\/02\/gruANp-300x217.jpg 300w, https:\/\/brufaganya.cat\/2020\/wp-content\/uploads\/2019\/02\/gruANp-768x556.jpg 768w, https:\/\/brufaganya.cat\/2020\/wp-content\/uploads\/2019\/02\/gruANp-1024x741.jpg 1024w\" sizes=\"auto, (max-width: 300px) 100vw, 300px\" \/><figcaption id=\"caption-attachment-3639\" class=\"wp-caption-text\">ZER Serra d&#8217;Ancosa<\/figcaption><\/figure>\n<p><!--more--><\/p>\n<p>Volem compartir l&#8217;estada a S.Mag\u00ed de la ZER Serra d&#8217;Ancosa. Veureu com s&#8217;ho van passar!!!<\/p>\n<p><a href=\"https:\/\/blocs.xtec.cat\/ancosacs\/2010\/10\/20\/sortida-a-sant-magi-de-la-brufaganya\/\">https:\/\/blocs.xtec.cat\/ancosacs\/2010\/10\/20\/sortida-a-sant-magi-de-la-brufaganya\/<\/a><\/p>\n<p>Els nens troben a Sant Mag\u00ed aquell espai de natura no tocat per la m\u00e0 del home. Uns llocs per jugar, c\u00f2rrer&#8230; estar. Els mestres que volen fer una feina diferent a la que permet l&#8217;escola, han trobat i troben a\u00a0 Sant Mag\u00ed, un espai ric en experi\u00e8ncies ambientals: El monestir, les fonts, els roures, les plantes aut\u00f2ctones, els camins i les passeres; conformen\u00a0 llocs ideals per crear jocs de tota mena, treball de camp dels diferents \u00e0mbits i si volen fer servir els materials espec\u00edfics que hem preparat aquesta tasca es pot ampliar a l&#8217;escola i en els diferents racons de Sant Mag\u00ed. Tenim les &#8220;C<b>aixes de Sant Mag\u00ed<\/b>&#8221; a la vostra disposici\u00f3, nom\u00e9s cal que ens digueu els dies que les voleu fer servir!!!<\/p>\n<p>Hem trobat a Flik les fotos de la jornada, s&#8217;ho passem bomba!<\/p>\n<p><a href=\"https:\/\/www.flickr.com\/photos\/55897341@N06\/sets\/72157675404300328\">https:\/\/www.flickr.com\/photos\/55897341@N06\/sets\/72157675404300328<\/a><\/p>\n","protected":false},"excerpt":{"rendered":"ZER Serra d'Ancosa Volem compartir l'estada a S.Mag\u00ed de la ZER Serra d'Ancosa. Veureu com s'ho van passar!!! https:\/\/blocs.xtec.cat\/ancosacs\/2010\/10\/20\/sortida-a-sant-magi-de-la-brufaganya\/ Els nens troben a Sant Mag\u00ed aquell espai de natura no [...]","protected":false},"author":105,"featured_media":3641,"comment_status":"open","ping_status":"closed","sticky":false,"template":"","format":"standard","meta":{"inline_featured_image":false,"footnotes":""},"categories":[799],"tags":[],"class_list":["post-3637","post","type-post","status-publish","format-standard","has-post-thumbnail","hentry","category-joves"],"yoast_head":"<!-- This site is optimized with the Yoast SEO plugin v27.4 - https:\/\/yoast.com\/product\/yoast-seo-wordpress\/ -->\n<title>Nens i mestres a Sant Mag\u00ed &#187; Sant Mag\u00ed de la Brufaganya<\/title>\n<meta name=\"robots\" content=\"index, follow, max-snippet:-1, max-image-preview:large, max-video-preview:-1\" \/>\n<link rel=\"canonical\" href=\"https:\/\/brufaganya.cat\/2020\/nens-i-mestres-a-sant-magi\/\" \/>\n<meta property=\"og:locale\" content=\"ca_ES\" \/>\n<meta property=\"og:type\" content=\"article\" \/>\n<meta property=\"og:title\" content=\"Nens i mestres a Sant Mag\u00ed &#187; Sant Mag\u00ed de la Brufaganya\" \/>\n<meta property=\"og:url\" content=\"https:\/\/brufaganya.cat\/2020\/nens-i-mestres-a-sant-magi\/\" \/>\n<meta property=\"og:site_name\" content=\"Sant Mag\u00ed de la Brufaganya\" \/>\n<meta property=\"article:published_time\" content=\"2019-02-19T14:58:50+00:00\" \/>\n<meta property=\"article:modified_time\" content=\"2019-02-19T15:11:49+00:00\" \/>\n<meta property=\"og:image\" content=\"https:\/\/brufaganya.cat\/2020\/wp-content\/uploads\/2019\/02\/caminat.jpg\" \/>\n\t<meta property=\"og:image:width\" content=\"337\" \/>\n\t<meta property=\"og:image:height\" content=\"450\" \/>\n\t<meta property=\"og:image:type\" content=\"image\/jpeg\" \/>\n<meta name=\"author\" content=\"Rita Armejach Carreras\" \/>\n<meta name=\"twitter:card\" content=\"summary_large_image\" \/>\n<meta name=\"twitter:label1\" content=\"Escrit per\" \/>\n\t<meta name=\"twitter:data1\" content=\"Rita Armejach Carreras\" \/>\n\t<meta name=\"twitter:label2\" content=\"Temps estimat de lectura\" \/>\n\t<meta name=\"twitter:data2\" content=\"1 minut\" \/>\n<script type=\"application\/ld+json\" class=\"yoast-schema-graph\">{\"@context\":\"https:\\\/\\\/schema.org\",\"@graph\":[{\"@type\":\"Article\",\"@id\":\"https:\\\/\\\/brufaganya.cat\\\/2020\\\/nens-i-mestres-a-sant-magi\\\/#article\",\"isPartOf\":{\"@id\":\"https:\\\/\\\/brufaganya.cat\\\/2020\\\/nens-i-mestres-a-sant-magi\\\/\"},\"author\":{\"name\":\"Rita Armejach Carreras\",\"@id\":\"https:\\\/\\\/brufaganya.cat\\\/2020\\\/#\\\/schema\\\/person\\\/cd383ee397867b5182d1cf80b8c2e95c\"},\"headline\":\"Nens i mestres a Sant Mag\u00ed\",\"datePublished\":\"2019-02-19T14:58:50+00:00\",\"dateModified\":\"2019-02-19T15:11:49+00:00\",\"mainEntityOfPage\":{\"@id\":\"https:\\\/\\\/brufaganya.cat\\\/2020\\\/nens-i-mestres-a-sant-magi\\\/\"},\"wordCount\":188,\"commentCount\":0,\"publisher\":{\"@id\":\"https:\\\/\\\/brufaganya.cat\\\/2020\\\/#organization\"},\"image\":{\"@id\":\"https:\\\/\\\/brufaganya.cat\\\/2020\\\/nens-i-mestres-a-sant-magi\\\/#primaryimage\"},\"thumbnailUrl\":\"https:\\\/\\\/brufaganya.cat\\\/2020\\\/wp-content\\\/uploads\\\/2019\\\/02\\\/caminat.jpg\",\"articleSection\":[\"Joves\"],\"inLanguage\":\"ca\",\"potentialAction\":[{\"@type\":\"CommentAction\",\"name\":\"Comment\",\"target\":[\"https:\\\/\\\/brufaganya.cat\\\/2020\\\/nens-i-mestres-a-sant-magi\\\/#respond\"]}]},{\"@type\":\"WebPage\",\"@id\":\"https:\\\/\\\/brufaganya.cat\\\/2020\\\/nens-i-mestres-a-sant-magi\\\/\",\"url\":\"https:\\\/\\\/brufaganya.cat\\\/2020\\\/nens-i-mestres-a-sant-magi\\\/\",\"name\":\"Nens i mestres a Sant Mag\u00ed &#187; Sant Mag\u00ed de la Brufaganya\",\"isPartOf\":{\"@id\":\"https:\\\/\\\/brufaganya.cat\\\/2020\\\/#website\"},\"primaryImageOfPage\":{\"@id\":\"https:\\\/\\\/brufaganya.cat\\\/2020\\\/nens-i-mestres-a-sant-magi\\\/#primaryimage\"},\"image\":{\"@id\":\"https:\\\/\\\/brufaganya.cat\\\/2020\\\/nens-i-mestres-a-sant-magi\\\/#primaryimage\"},\"thumbnailUrl\":\"https:\\\/\\\/brufaganya.cat\\\/2020\\\/wp-content\\\/uploads\\\/2019\\\/02\\\/caminat.jpg\",\"datePublished\":\"2019-02-19T14:58:50+00:00\",\"dateModified\":\"2019-02-19T15:11:49+00:00\",\"breadcrumb\":{\"@id\":\"https:\\\/\\\/brufaganya.cat\\\/2020\\\/nens-i-mestres-a-sant-magi\\\/#breadcrumb\"},\"inLanguage\":\"ca\",\"potentialAction\":[{\"@type\":\"ReadAction\",\"target\":[\"https:\\\/\\\/brufaganya.cat\\\/2020\\\/nens-i-mestres-a-sant-magi\\\/\"]}]},{\"@type\":\"ImageObject\",\"inLanguage\":\"ca\",\"@id\":\"https:\\\/\\\/brufaganya.cat\\\/2020\\\/nens-i-mestres-a-sant-magi\\\/#primaryimage\",\"url\":\"https:\\\/\\\/brufaganya.cat\\\/2020\\\/wp-content\\\/uploads\\\/2019\\\/02\\\/caminat.jpg\",\"contentUrl\":\"https:\\\/\\\/brufaganya.cat\\\/2020\\\/wp-content\\\/uploads\\\/2019\\\/02\\\/caminat.jpg\",\"width\":337,\"height\":450},{\"@type\":\"BreadcrumbList\",\"@id\":\"https:\\\/\\\/brufaganya.cat\\\/2020\\\/nens-i-mestres-a-sant-magi\\\/#breadcrumb\",\"itemListElement\":[{\"@type\":\"ListItem\",\"position\":1,\"name\":\"Inici\",\"item\":\"https:\\\/\\\/brufaganya.cat\\\/2020\\\/\"},{\"@type\":\"ListItem\",\"position\":2,\"name\":\"Nens i mestres a Sant Mag\u00ed\"}]},{\"@type\":\"WebSite\",\"@id\":\"https:\\\/\\\/brufaganya.cat\\\/2020\\\/#website\",\"url\":\"https:\\\/\\\/brufaganya.cat\\\/2020\\\/\",\"name\":\"Sant Mag\u00ed de la Brufaganya\",\"description\":\"Lloc web de Sant Mag\u00ed de la Brufaganya\",\"publisher\":{\"@id\":\"https:\\\/\\\/brufaganya.cat\\\/2020\\\/#organization\"},\"potentialAction\":[{\"@type\":\"SearchAction\",\"target\":{\"@type\":\"EntryPoint\",\"urlTemplate\":\"https:\\\/\\\/brufaganya.cat\\\/2020\\\/?s={search_term_string}\"},\"query-input\":{\"@type\":\"PropertyValueSpecification\",\"valueRequired\":true,\"valueName\":\"search_term_string\"}}],\"inLanguage\":\"ca\"},{\"@type\":\"Organization\",\"@id\":\"https:\\\/\\\/brufaganya.cat\\\/2020\\\/#organization\",\"name\":\"Sant Mag\u00ed de Brufaganya\",\"url\":\"https:\\\/\\\/brufaganya.cat\\\/2020\\\/\",\"logo\":{\"@type\":\"ImageObject\",\"inLanguage\":\"ca\",\"@id\":\"https:\\\/\\\/brufaganya.cat\\\/2020\\\/#\\\/schema\\\/logo\\\/image\\\/\",\"url\":\"https:\\\/\\\/brufaganya.cat\\\/2020\\\/wp-content\\\/uploads\\\/2018\\\/11\\\/st_marti_bruga_horitz_posi_logo.jpg\",\"contentUrl\":\"https:\\\/\\\/brufaganya.cat\\\/2020\\\/wp-content\\\/uploads\\\/2018\\\/11\\\/st_marti_bruga_horitz_posi_logo.jpg\",\"width\":1479,\"height\":804,\"caption\":\"Sant Mag\u00ed de Brufaganya\"},\"image\":{\"@id\":\"https:\\\/\\\/brufaganya.cat\\\/2020\\\/#\\\/schema\\\/logo\\\/image\\\/\"},\"sameAs\":[\"https:\\\/\\\/ca.wikipedia.org\\\/wiki\\\/Sant_Mag\u00ed_de_Brufaganya\"]},{\"@type\":\"Person\",\"@id\":\"https:\\\/\\\/brufaganya.cat\\\/2020\\\/#\\\/schema\\\/person\\\/cd383ee397867b5182d1cf80b8c2e95c\",\"name\":\"Rita Armejach Carreras\",\"image\":{\"@type\":\"ImageObject\",\"inLanguage\":\"ca\",\"@id\":\"https:\\\/\\\/secure.gravatar.com\\\/avatar\\\/9dd6e49c4c61c4e14defcbf48211c55e6d268a4486cf9f5cef1b53148943d71d?s=96&d=mm&r=g\",\"url\":\"https:\\\/\\\/secure.gravatar.com\\\/avatar\\\/9dd6e49c4c61c4e14defcbf48211c55e6d268a4486cf9f5cef1b53148943d71d?s=96&d=mm&r=g\",\"contentUrl\":\"https:\\\/\\\/secure.gravatar.com\\\/avatar\\\/9dd6e49c4c61c4e14defcbf48211c55e6d268a4486cf9f5cef1b53148943d71d?s=96&d=mm&r=g\",\"caption\":\"Rita Armejach Carreras\"},\"url\":\"https:\\\/\\\/brufaganya.cat\\\/2020\\\/author\\\/rarmejach\\\/\"}]}<\/script>\n<!-- \/ Yoast SEO plugin. -->","yoast_head_json":{"title":"Nens i mestres a Sant Mag\u00ed &#187; Sant Mag\u00ed de la Brufaganya","robots":{"index":"index","follow":"follow","max-snippet":"max-snippet:-1","max-image-preview":"max-image-preview:large","max-video-preview":"max-video-preview:-1"},"canonical":"https:\/\/brufaganya.cat\/2020\/nens-i-mestres-a-sant-magi\/","og_locale":"ca_ES","og_type":"article","og_title":"Nens i mestres a Sant Mag\u00ed &#187; Sant Mag\u00ed de la Brufaganya","og_url":"https:\/\/brufaganya.cat\/2020\/nens-i-mestres-a-sant-magi\/","og_site_name":"Sant Mag\u00ed de la Brufaganya","article_published_time":"2019-02-19T14:58:50+00:00","article_modified_time":"2019-02-19T15:11:49+00:00","og_image":[{"width":337,"height":450,"url":"https:\/\/brufaganya.cat\/2020\/wp-content\/uploads\/2019\/02\/caminat.jpg","type":"image\/jpeg"}],"author":"Rita Armejach Carreras","twitter_card":"summary_large_image","twitter_misc":{"Escrit per":"Rita Armejach Carreras","Temps estimat de lectura":"1 minut"},"schema":{"@context":"https:\/\/schema.org","@graph":[{"@type":"Article","@id":"https:\/\/brufaganya.cat\/2020\/nens-i-mestres-a-sant-magi\/#article","isPartOf":{"@id":"https:\/\/brufaganya.cat\/2020\/nens-i-mestres-a-sant-magi\/"},"author":{"name":"Rita Armejach Carreras","@id":"https:\/\/brufaganya.cat\/2020\/#\/schema\/person\/cd383ee397867b5182d1cf80b8c2e95c"},"headline":"Nens i mestres a Sant Mag\u00ed","datePublished":"2019-02-19T14:58:50+00:00","dateModified":"2019-02-19T15:11:49+00:00","mainEntityOfPage":{"@id":"https:\/\/brufaganya.cat\/2020\/nens-i-mestres-a-sant-magi\/"},"wordCount":188,"commentCount":0,"publisher":{"@id":"https:\/\/brufaganya.cat\/2020\/#organization"},"image":{"@id":"https:\/\/brufaganya.cat\/2020\/nens-i-mestres-a-sant-magi\/#primaryimage"},"thumbnailUrl":"https:\/\/brufaganya.cat\/2020\/wp-content\/uploads\/2019\/02\/caminat.jpg","articleSection":["Joves"],"inLanguage":"ca","potentialAction":[{"@type":"CommentAction","name":"Comment","target":["https:\/\/brufaganya.cat\/2020\/nens-i-mestres-a-sant-magi\/#respond"]}]},{"@type":"WebPage","@id":"https:\/\/brufaganya.cat\/2020\/nens-i-mestres-a-sant-magi\/","url":"https:\/\/brufaganya.cat\/2020\/nens-i-mestres-a-sant-magi\/","name":"Nens i mestres a Sant Mag\u00ed &#187; Sant Mag\u00ed de la Brufaganya","isPartOf":{"@id":"https:\/\/brufaganya.cat\/2020\/#website"},"primaryImageOfPage":{"@id":"https:\/\/brufaganya.cat\/2020\/nens-i-mestres-a-sant-magi\/#primaryimage"},"image":{"@id":"https:\/\/brufaganya.cat\/2020\/nens-i-mestres-a-sant-magi\/#primaryimage"},"thumbnailUrl":"https:\/\/brufaganya.cat\/2020\/wp-content\/uploads\/2019\/02\/caminat.jpg","datePublished":"2019-02-19T14:58:50+00:00","dateModified":"2019-02-19T15:11:49+00:00","breadcrumb":{"@id":"https:\/\/brufaganya.cat\/2020\/nens-i-mestres-a-sant-magi\/#breadcrumb"},"inLanguage":"ca","potentialAction":[{"@type":"ReadAction","target":["https:\/\/brufaganya.cat\/2020\/nens-i-mestres-a-sant-magi\/"]}]},{"@type":"ImageObject","inLanguage":"ca","@id":"https:\/\/brufaganya.cat\/2020\/nens-i-mestres-a-sant-magi\/#primaryimage","url":"https:\/\/brufaganya.cat\/2020\/wp-content\/uploads\/2019\/02\/caminat.jpg","contentUrl":"https:\/\/brufaganya.cat\/2020\/wp-content\/uploads\/2019\/02\/caminat.jpg","width":337,"height":450},{"@type":"BreadcrumbList","@id":"https:\/\/brufaganya.cat\/2020\/nens-i-mestres-a-sant-magi\/#breadcrumb","itemListElement":[{"@type":"ListItem","position":1,"name":"Inici","item":"https:\/\/brufaganya.cat\/2020\/"},{"@type":"ListItem","position":2,"name":"Nens i mestres a Sant Mag\u00ed"}]},{"@type":"WebSite","@id":"https:\/\/brufaganya.cat\/2020\/#website","url":"https:\/\/brufaganya.cat\/2020\/","name":"Sant Mag\u00ed de la Brufaganya","description":"Lloc web de Sant Mag\u00ed de la Brufaganya","publisher":{"@id":"https:\/\/brufaganya.cat\/2020\/#organization"},"potentialAction":[{"@type":"SearchAction","target":{"@type":"EntryPoint","urlTemplate":"https:\/\/brufaganya.cat\/2020\/?s={search_term_string}"},"query-input":{"@type":"PropertyValueSpecification","valueRequired":true,"valueName":"search_term_string"}}],"inLanguage":"ca"},{"@type":"Organization","@id":"https:\/\/brufaganya.cat\/2020\/#organization","name":"Sant Mag\u00ed de Brufaganya","url":"https:\/\/brufaganya.cat\/2020\/","logo":{"@type":"ImageObject","inLanguage":"ca","@id":"https:\/\/brufaganya.cat\/2020\/#\/schema\/logo\/image\/","url":"https:\/\/brufaganya.cat\/2020\/wp-content\/uploads\/2018\/11\/st_marti_bruga_horitz_posi_logo.jpg","contentUrl":"https:\/\/brufaganya.cat\/2020\/wp-content\/uploads\/2018\/11\/st_marti_bruga_horitz_posi_logo.jpg","width":1479,"height":804,"caption":"Sant Mag\u00ed de Brufaganya"},"image":{"@id":"https:\/\/brufaganya.cat\/2020\/#\/schema\/logo\/image\/"},"sameAs":["https:\/\/ca.wikipedia.org\/wiki\/Sant_Mag\u00ed_de_Brufaganya"]},{"@type":"Person","@id":"https:\/\/brufaganya.cat\/2020\/#\/schema\/person\/cd383ee397867b5182d1cf80b8c2e95c","name":"Rita Armejach Carreras","image":{"@type":"ImageObject","inLanguage":"ca","@id":"https:\/\/secure.gravatar.com\/avatar\/9dd6e49c4c61c4e14defcbf48211c55e6d268a4486cf9f5cef1b53148943d71d?s=96&d=mm&r=g","url":"https:\/\/secure.gravatar.com\/avatar\/9dd6e49c4c61c4e14defcbf48211c55e6d268a4486cf9f5cef1b53148943d71d?s=96&d=mm&r=g","contentUrl":"https:\/\/secure.gravatar.com\/avatar\/9dd6e49c4c61c4e14defcbf48211c55e6d268a4486cf9f5cef1b53148943d71d?s=96&d=mm&r=g","caption":"Rita Armejach Carreras"},"url":"https:\/\/brufaganya.cat\/2020\/author\/rarmejach\/"}]}},"_links":{"self":[{"href":"https:\/\/brufaganya.cat\/2020\/wp-json\/wp\/v2\/posts\/3637","targetHints":{"allow":["GET"]}}],"collection":[{"href":"https:\/\/brufaganya.cat\/2020\/wp-json\/wp\/v2\/posts"}],"about":[{"href":"https:\/\/brufaganya.cat\/2020\/wp-json\/wp\/v2\/types\/post"}],"author":[{"embeddable":true,"href":"https:\/\/brufaganya.cat\/2020\/wp-json\/wp\/v2\/users\/105"}],"replies":[{"embeddable":true,"href":"https:\/\/brufaganya.cat\/2020\/wp-json\/wp\/v2\/comments?post=3637"}],"version-history":[{"count":0,"href":"https:\/\/brufaganya.cat\/2020\/wp-json\/wp\/v2\/posts\/3637\/revisions"}],"wp:featuredmedia":[{"embeddable":true,"href":"https:\/\/brufaganya.cat\/2020\/wp-json\/wp\/v2\/media\/3641"}],"wp:attachment":[{"href":"https:\/\/brufaganya.cat\/2020\/wp-json\/wp\/v2\/media?parent=3637"}],"wp:term":[{"taxonomy":"category","embeddable":true,"href":"https:\/\/brufaganya.cat\/2020\/wp-json\/wp\/v2\/categories?post=3637"},{"taxonomy":"post_tag","embeddable":true,"href":"https:\/\/brufaganya.cat\/2020\/wp-json\/wp\/v2\/tags?post=3637"}],"curies":[{"name":"wp","href":"https:\/\/api.w.org\/{rel}","templated":true}]}}