{"id":3106,"date":"2019-01-20T00:09:58","date_gmt":"2019-01-19T22:09:58","guid":{"rendered":"https:\/\/tgd.info\/brufaganya001\/?p=3106"},"modified":"2020-03-06T08:28:30","modified_gmt":"2020-03-06T06:28:30","slug":"marxant-de-laplec-de-sant-magi-de-la-brufaganya","status":"publish","type":"post","link":"https:\/\/brufaganya.cat\/2020\/marxant-de-laplec-de-sant-magi-de-la-brufaganya\/","title":{"rendered":"AFSM001 &#8211; Marxant de l&#8217;aplec de Sant Mag\u00ed de la Brufaganya"},"content":{"rendered":"<p>&nbsp;<\/p>\n<p style=\"text-align: center;\"><strong>Marxant de l&#8217;aplec de Sant Mag\u00ed de la Brufaganya<\/strong><\/p>\n<p><!--more--><\/p>\n<table>\n<tbody>\n<tr>\n<td width=\"234\">Identificador propi:<\/td>\n<td width=\"617\">AFSM001<\/td>\n<\/tr>\n<tr>\n<td width=\"234\">T\u00edtol:<\/td>\n<td width=\"617\">Marxant de l\u2019aplec de Sant Mag\u00ed<\/td>\n<\/tr>\n<tr>\n<td width=\"234\">Descripci\u00f3:<\/td>\n<td width=\"617\">Vista de l&#8217;esplanada de les Fonts de Sant Mag\u00ed quan comencen a marxar, amb carros, tartanes i cavalleries, les persones que han assistit a un aplec. A la dreta dels arbres s&#8217;hi veuen m\u00e9s carros i persones que encara estan menjant. Entre els arbres, la capella de les Fonts de Sant Mag\u00ed.<\/td>\n<\/tr>\n<tr>\n<td width=\"234\">Autor:<\/td>\n<td width=\"617\">Ramon Rozada Su\u00e1rez (1859-1938)<\/td>\n<\/tr>\n<tr>\n<td width=\"234\">Descriptors tem\u00e0tics:<\/td>\n<td width=\"617\">C.- LLEURE:C.5. FESTES:FESTES POPULARS:APLECS:APLECS DE DEVOCI\u00d3<\/p>\n<p>F.- COMUNICACI\u00d3 I TRANSPORTS:F.2. TRANSPORTS:MITJANS DE TRANSPORT:VEHICLES:CARRUATGES<\/td>\n<\/tr>\n<tr>\n<td width=\"234\">Paraules clau:<\/td>\n<td width=\"617\">aplec; cavalleria; carro; tartana<\/td>\n<\/tr>\n<tr>\n<td width=\"234\">Descriptors biogr\u00e0fics:<\/td>\n<td width=\"617\">&#8212;<\/td>\n<\/tr>\n<tr>\n<td width=\"234\">Data:<\/td>\n<td width=\"617\">[entre 1900 i 1910]<\/td>\n<\/tr>\n<tr>\n<td width=\"234\">Lloc:<\/td>\n<td width=\"617\">CATALUNYA:BAIXA SEGARRA:PONTILS:SANT MAG\u00cd DE LA BRUFAGANYA:ESPLANADA DE LES FONTS DE SANT MAG\u00cd<\/td>\n<\/tr>\n<tr>\n<td width=\"234\">Proced\u00e8ncia:<\/td>\n<td width=\"617\">Arxiu de l\u2019Associaci\u00f3 Cultural Baixa Segarra. Fons Joan Balcells<\/td>\n<\/tr>\n<tr>\n<td width=\"234\">Suport original:<\/td>\n<td width=\"617\">Placa de vidre<\/td>\n<\/tr>\n<tr>\n<td width=\"234\">Identificador arxiu ali\u00e8:<\/td>\n<td width=\"617\">ACBS 00192F03<\/td>\n<\/tr>\n<\/tbody>\n<\/table>\n","protected":false},"excerpt":{"rendered":"<p>&nbsp; Marxant de l&#8217;aplec de Sant Mag\u00ed de la Brufaganya<\/p>\n","protected":false},"author":109,"featured_media":3546,"comment_status":"open","ping_status":"closed","sticky":false,"template":"","format":"standard","meta":{"inline_featured_image":false,"footnotes":""},"categories":[779,803],"tags":[],"class_list":["post-3106","post","type-post","status-publish","format-standard","has-post-thumbnail","hentry","category-arxiu-fotografic","category-arxiu-fotografic-historic"],"yoast_head":"<!-- This site is optimized with the Yoast SEO plugin v27.4 - https:\/\/yoast.com\/product\/yoast-seo-wordpress\/ -->\n<title>AFSM001 - Marxant de l&#039;aplec de Sant Mag\u00ed de la Brufaganya &#187; Sant Mag\u00ed de la Brufaganya<\/title>\n<meta name=\"robots\" content=\"index, follow, max-snippet:-1, max-image-preview:large, max-video-preview:-1\" \/>\n<link rel=\"canonical\" href=\"https:\/\/brufaganya.cat\/2020\/marxant-de-laplec-de-sant-magi-de-la-brufaganya\/\" \/>\n<meta property=\"og:locale\" content=\"ca_ES\" \/>\n<meta property=\"og:type\" content=\"article\" \/>\n<meta property=\"og:title\" content=\"AFSM001 - Marxant de l&#039;aplec de Sant Mag\u00ed de la Brufaganya &#187; Sant Mag\u00ed de la Brufaganya\" \/>\n<meta property=\"og:description\" content=\"&nbsp; Marxant de l&#8217;aplec de Sant Mag\u00ed de la Brufaganya\" \/>\n<meta property=\"og:url\" content=\"https:\/\/brufaganya.cat\/2020\/marxant-de-laplec-de-sant-magi-de-la-brufaganya\/\" \/>\n<meta property=\"og:site_name\" content=\"Sant Mag\u00ed de la Brufaganya\" \/>\n<meta property=\"article:published_time\" content=\"2019-01-19T22:09:58+00:00\" \/>\n<meta property=\"article:modified_time\" content=\"2020-03-06T06:28:30+00:00\" \/>\n<meta property=\"og:image\" content=\"https:\/\/brufaganya.cat\/2020\/wp-content\/uploads\/2019\/02\/ACBS-0192-F03.-Sant-Mag\u00ed-de-la-Brufaganya.-Aplec-de-Sant-Mag\u00ed.-Capsa-F03.-755x1024.jpg\" \/>\n\t<meta property=\"og:image:width\" content=\"755\" \/>\n\t<meta property=\"og:image:height\" content=\"1024\" \/>\n\t<meta property=\"og:image:type\" content=\"image\/jpeg\" \/>\n<meta name=\"author\" content=\"Silvestre Pal\u00e0 Aug\u00e9\" \/>\n<meta name=\"twitter:card\" content=\"summary_large_image\" \/>\n<meta name=\"twitter:label1\" content=\"Escrit per\" \/>\n\t<meta name=\"twitter:data1\" content=\"Silvestre Pal\u00e0 Aug\u00e9\" \/>\n\t<meta name=\"twitter:label2\" content=\"Temps estimat de lectura\" \/>\n\t<meta name=\"twitter:data2\" content=\"1 minut\" \/>\n<script type=\"application\/ld+json\" class=\"yoast-schema-graph\">{\"@context\":\"https:\\\/\\\/schema.org\",\"@graph\":[{\"@type\":\"Article\",\"@id\":\"https:\\\/\\\/brufaganya.cat\\\/2020\\\/marxant-de-laplec-de-sant-magi-de-la-brufaganya\\\/#article\",\"isPartOf\":{\"@id\":\"https:\\\/\\\/brufaganya.cat\\\/2020\\\/marxant-de-laplec-de-sant-magi-de-la-brufaganya\\\/\"},\"author\":{\"name\":\"Silvestre Pal\u00e0 Aug\u00e9\",\"@id\":\"https:\\\/\\\/brufaganya.cat\\\/2020\\\/#\\\/schema\\\/person\\\/104a8a58bc74955dad00f639bb234a56\"},\"headline\":\"AFSM001 &#8211; Marxant de l&#8217;aplec de Sant Mag\u00ed de la Brufaganya\",\"datePublished\":\"2019-01-19T22:09:58+00:00\",\"dateModified\":\"2020-03-06T06:28:30+00:00\",\"mainEntityOfPage\":{\"@id\":\"https:\\\/\\\/brufaganya.cat\\\/2020\\\/marxant-de-laplec-de-sant-magi-de-la-brufaganya\\\/\"},\"wordCount\":171,\"commentCount\":0,\"publisher\":{\"@id\":\"https:\\\/\\\/brufaganya.cat\\\/2020\\\/#organization\"},\"image\":{\"@id\":\"https:\\\/\\\/brufaganya.cat\\\/2020\\\/marxant-de-laplec-de-sant-magi-de-la-brufaganya\\\/#primaryimage\"},\"thumbnailUrl\":\"https:\\\/\\\/brufaganya.cat\\\/2020\\\/wp-content\\\/uploads\\\/2019\\\/02\\\/ACBS-0192-F03.-Sant-Mag\u00ed-de-la-Brufaganya.-Aplec-de-Sant-Mag\u00ed.-Capsa-F03..jpg\",\"articleSection\":[\"Arxiu fotogr\u00e0fic\",\"Arxiu fotogr\u00e0fic - arxiu hist\u00f2ric\"],\"inLanguage\":\"ca\",\"potentialAction\":[{\"@type\":\"CommentAction\",\"name\":\"Comment\",\"target\":[\"https:\\\/\\\/brufaganya.cat\\\/2020\\\/marxant-de-laplec-de-sant-magi-de-la-brufaganya\\\/#respond\"]}]},{\"@type\":\"WebPage\",\"@id\":\"https:\\\/\\\/brufaganya.cat\\\/2020\\\/marxant-de-laplec-de-sant-magi-de-la-brufaganya\\\/\",\"url\":\"https:\\\/\\\/brufaganya.cat\\\/2020\\\/marxant-de-laplec-de-sant-magi-de-la-brufaganya\\\/\",\"name\":\"AFSM001 - Marxant de l'aplec de Sant Mag\u00ed de la Brufaganya &#187; Sant Mag\u00ed de la Brufaganya\",\"isPartOf\":{\"@id\":\"https:\\\/\\\/brufaganya.cat\\\/2020\\\/#website\"},\"primaryImageOfPage\":{\"@id\":\"https:\\\/\\\/brufaganya.cat\\\/2020\\\/marxant-de-laplec-de-sant-magi-de-la-brufaganya\\\/#primaryimage\"},\"image\":{\"@id\":\"https:\\\/\\\/brufaganya.cat\\\/2020\\\/marxant-de-laplec-de-sant-magi-de-la-brufaganya\\\/#primaryimage\"},\"thumbnailUrl\":\"https:\\\/\\\/brufaganya.cat\\\/2020\\\/wp-content\\\/uploads\\\/2019\\\/02\\\/ACBS-0192-F03.-Sant-Mag\u00ed-de-la-Brufaganya.-Aplec-de-Sant-Mag\u00ed.-Capsa-F03..jpg\",\"datePublished\":\"2019-01-19T22:09:58+00:00\",\"dateModified\":\"2020-03-06T06:28:30+00:00\",\"breadcrumb\":{\"@id\":\"https:\\\/\\\/brufaganya.cat\\\/2020\\\/marxant-de-laplec-de-sant-magi-de-la-brufaganya\\\/#breadcrumb\"},\"inLanguage\":\"ca\",\"potentialAction\":[{\"@type\":\"ReadAction\",\"target\":[\"https:\\\/\\\/brufaganya.cat\\\/2020\\\/marxant-de-laplec-de-sant-magi-de-la-brufaganya\\\/\"]}]},{\"@type\":\"ImageObject\",\"inLanguage\":\"ca\",\"@id\":\"https:\\\/\\\/brufaganya.cat\\\/2020\\\/marxant-de-laplec-de-sant-magi-de-la-brufaganya\\\/#primaryimage\",\"url\":\"https:\\\/\\\/brufaganya.cat\\\/2020\\\/wp-content\\\/uploads\\\/2019\\\/02\\\/ACBS-0192-F03.-Sant-Mag\u00ed-de-la-Brufaganya.-Aplec-de-Sant-Mag\u00ed.-Capsa-F03..jpg\",\"contentUrl\":\"https:\\\/\\\/brufaganya.cat\\\/2020\\\/wp-content\\\/uploads\\\/2019\\\/02\\\/ACBS-0192-F03.-Sant-Mag\u00ed-de-la-Brufaganya.-Aplec-de-Sant-Mag\u00ed.-Capsa-F03..jpg\",\"width\":2092,\"height\":2836},{\"@type\":\"BreadcrumbList\",\"@id\":\"https:\\\/\\\/brufaganya.cat\\\/2020\\\/marxant-de-laplec-de-sant-magi-de-la-brufaganya\\\/#breadcrumb\",\"itemListElement\":[{\"@type\":\"ListItem\",\"position\":1,\"name\":\"Inici\",\"item\":\"https:\\\/\\\/brufaganya.cat\\\/2020\\\/\"},{\"@type\":\"ListItem\",\"position\":2,\"name\":\"AFSM001 &#8211; Marxant de l&#8217;aplec de Sant Mag\u00ed de la Brufaganya\"}]},{\"@type\":\"WebSite\",\"@id\":\"https:\\\/\\\/brufaganya.cat\\\/2020\\\/#website\",\"url\":\"https:\\\/\\\/brufaganya.cat\\\/2020\\\/\",\"name\":\"Sant Mag\u00ed de la Brufaganya\",\"description\":\"Lloc web de Sant Mag\u00ed de la Brufaganya\",\"publisher\":{\"@id\":\"https:\\\/\\\/brufaganya.cat\\\/2020\\\/#organization\"},\"potentialAction\":[{\"@type\":\"SearchAction\",\"target\":{\"@type\":\"EntryPoint\",\"urlTemplate\":\"https:\\\/\\\/brufaganya.cat\\\/2020\\\/?s={search_term_string}\"},\"query-input\":{\"@type\":\"PropertyValueSpecification\",\"valueRequired\":true,\"valueName\":\"search_term_string\"}}],\"inLanguage\":\"ca\"},{\"@type\":\"Organization\",\"@id\":\"https:\\\/\\\/brufaganya.cat\\\/2020\\\/#organization\",\"name\":\"Sant Mag\u00ed de Brufaganya\",\"url\":\"https:\\\/\\\/brufaganya.cat\\\/2020\\\/\",\"logo\":{\"@type\":\"ImageObject\",\"inLanguage\":\"ca\",\"@id\":\"https:\\\/\\\/brufaganya.cat\\\/2020\\\/#\\\/schema\\\/logo\\\/image\\\/\",\"url\":\"https:\\\/\\\/brufaganya.cat\\\/2020\\\/wp-content\\\/uploads\\\/2018\\\/11\\\/st_marti_bruga_horitz_posi_logo.jpg\",\"contentUrl\":\"https:\\\/\\\/brufaganya.cat\\\/2020\\\/wp-content\\\/uploads\\\/2018\\\/11\\\/st_marti_bruga_horitz_posi_logo.jpg\",\"width\":1479,\"height\":804,\"caption\":\"Sant Mag\u00ed de Brufaganya\"},\"image\":{\"@id\":\"https:\\\/\\\/brufaganya.cat\\\/2020\\\/#\\\/schema\\\/logo\\\/image\\\/\"},\"sameAs\":[\"https:\\\/\\\/ca.wikipedia.org\\\/wiki\\\/Sant_Mag\u00ed_de_Brufaganya\"]},{\"@type\":\"Person\",\"@id\":\"https:\\\/\\\/brufaganya.cat\\\/2020\\\/#\\\/schema\\\/person\\\/104a8a58bc74955dad00f639bb234a56\",\"name\":\"Silvestre Pal\u00e0 Aug\u00e9\",\"image\":{\"@type\":\"ImageObject\",\"inLanguage\":\"ca\",\"@id\":\"https:\\\/\\\/secure.gravatar.com\\\/avatar\\\/240c865b87ee90f68f1bb82d954fb54e1c50d2b4355c9b807c7f2862e50c5fb1?s=96&d=mm&r=g\",\"url\":\"https:\\\/\\\/secure.gravatar.com\\\/avatar\\\/240c865b87ee90f68f1bb82d954fb54e1c50d2b4355c9b807c7f2862e50c5fb1?s=96&d=mm&r=g\",\"contentUrl\":\"https:\\\/\\\/secure.gravatar.com\\\/avatar\\\/240c865b87ee90f68f1bb82d954fb54e1c50d2b4355c9b807c7f2862e50c5fb1?s=96&d=mm&r=g\",\"caption\":\"Silvestre Pal\u00e0 Aug\u00e9\"},\"url\":\"https:\\\/\\\/brufaganya.cat\\\/2020\\\/author\\\/spala\\\/\"}]}<\/script>\n<!-- \/ Yoast SEO plugin. -->","yoast_head_json":{"title":"AFSM001 - Marxant de l'aplec de Sant Mag\u00ed de la Brufaganya &#187; Sant Mag\u00ed de la Brufaganya","robots":{"index":"index","follow":"follow","max-snippet":"max-snippet:-1","max-image-preview":"max-image-preview:large","max-video-preview":"max-video-preview:-1"},"canonical":"https:\/\/brufaganya.cat\/2020\/marxant-de-laplec-de-sant-magi-de-la-brufaganya\/","og_locale":"ca_ES","og_type":"article","og_title":"AFSM001 - Marxant de l'aplec de Sant Mag\u00ed de la Brufaganya &#187; Sant Mag\u00ed de la Brufaganya","og_description":"&nbsp; Marxant de l&#8217;aplec de Sant Mag\u00ed de la Brufaganya","og_url":"https:\/\/brufaganya.cat\/2020\/marxant-de-laplec-de-sant-magi-de-la-brufaganya\/","og_site_name":"Sant Mag\u00ed de la Brufaganya","article_published_time":"2019-01-19T22:09:58+00:00","article_modified_time":"2020-03-06T06:28:30+00:00","og_image":[{"width":755,"height":1024,"url":"https:\/\/brufaganya.cat\/2020\/wp-content\/uploads\/2019\/02\/ACBS-0192-F03.-Sant-Mag\u00ed-de-la-Brufaganya.-Aplec-de-Sant-Mag\u00ed.-Capsa-F03.-755x1024.jpg","type":"image\/jpeg"}],"author":"Silvestre Pal\u00e0 Aug\u00e9","twitter_card":"summary_large_image","twitter_misc":{"Escrit per":"Silvestre Pal\u00e0 Aug\u00e9","Temps estimat de lectura":"1 minut"},"schema":{"@context":"https:\/\/schema.org","@graph":[{"@type":"Article","@id":"https:\/\/brufaganya.cat\/2020\/marxant-de-laplec-de-sant-magi-de-la-brufaganya\/#article","isPartOf":{"@id":"https:\/\/brufaganya.cat\/2020\/marxant-de-laplec-de-sant-magi-de-la-brufaganya\/"},"author":{"name":"Silvestre Pal\u00e0 Aug\u00e9","@id":"https:\/\/brufaganya.cat\/2020\/#\/schema\/person\/104a8a58bc74955dad00f639bb234a56"},"headline":"AFSM001 &#8211; Marxant de l&#8217;aplec de Sant Mag\u00ed de la Brufaganya","datePublished":"2019-01-19T22:09:58+00:00","dateModified":"2020-03-06T06:28:30+00:00","mainEntityOfPage":{"@id":"https:\/\/brufaganya.cat\/2020\/marxant-de-laplec-de-sant-magi-de-la-brufaganya\/"},"wordCount":171,"commentCount":0,"publisher":{"@id":"https:\/\/brufaganya.cat\/2020\/#organization"},"image":{"@id":"https:\/\/brufaganya.cat\/2020\/marxant-de-laplec-de-sant-magi-de-la-brufaganya\/#primaryimage"},"thumbnailUrl":"https:\/\/brufaganya.cat\/2020\/wp-content\/uploads\/2019\/02\/ACBS-0192-F03.-Sant-Mag\u00ed-de-la-Brufaganya.-Aplec-de-Sant-Mag\u00ed.-Capsa-F03..jpg","articleSection":["Arxiu fotogr\u00e0fic","Arxiu fotogr\u00e0fic - arxiu hist\u00f2ric"],"inLanguage":"ca","potentialAction":[{"@type":"CommentAction","name":"Comment","target":["https:\/\/brufaganya.cat\/2020\/marxant-de-laplec-de-sant-magi-de-la-brufaganya\/#respond"]}]},{"@type":"WebPage","@id":"https:\/\/brufaganya.cat\/2020\/marxant-de-laplec-de-sant-magi-de-la-brufaganya\/","url":"https:\/\/brufaganya.cat\/2020\/marxant-de-laplec-de-sant-magi-de-la-brufaganya\/","name":"AFSM001 - Marxant de l'aplec de Sant Mag\u00ed de la Brufaganya &#187; Sant Mag\u00ed de la Brufaganya","isPartOf":{"@id":"https:\/\/brufaganya.cat\/2020\/#website"},"primaryImageOfPage":{"@id":"https:\/\/brufaganya.cat\/2020\/marxant-de-laplec-de-sant-magi-de-la-brufaganya\/#primaryimage"},"image":{"@id":"https:\/\/brufaganya.cat\/2020\/marxant-de-laplec-de-sant-magi-de-la-brufaganya\/#primaryimage"},"thumbnailUrl":"https:\/\/brufaganya.cat\/2020\/wp-content\/uploads\/2019\/02\/ACBS-0192-F03.-Sant-Mag\u00ed-de-la-Brufaganya.-Aplec-de-Sant-Mag\u00ed.-Capsa-F03..jpg","datePublished":"2019-01-19T22:09:58+00:00","dateModified":"2020-03-06T06:28:30+00:00","breadcrumb":{"@id":"https:\/\/brufaganya.cat\/2020\/marxant-de-laplec-de-sant-magi-de-la-brufaganya\/#breadcrumb"},"inLanguage":"ca","potentialAction":[{"@type":"ReadAction","target":["https:\/\/brufaganya.cat\/2020\/marxant-de-laplec-de-sant-magi-de-la-brufaganya\/"]}]},{"@type":"ImageObject","inLanguage":"ca","@id":"https:\/\/brufaganya.cat\/2020\/marxant-de-laplec-de-sant-magi-de-la-brufaganya\/#primaryimage","url":"https:\/\/brufaganya.cat\/2020\/wp-content\/uploads\/2019\/02\/ACBS-0192-F03.-Sant-Mag\u00ed-de-la-Brufaganya.-Aplec-de-Sant-Mag\u00ed.-Capsa-F03..jpg","contentUrl":"https:\/\/brufaganya.cat\/2020\/wp-content\/uploads\/2019\/02\/ACBS-0192-F03.-Sant-Mag\u00ed-de-la-Brufaganya.-Aplec-de-Sant-Mag\u00ed.-Capsa-F03..jpg","width":2092,"height":2836},{"@type":"BreadcrumbList","@id":"https:\/\/brufaganya.cat\/2020\/marxant-de-laplec-de-sant-magi-de-la-brufaganya\/#breadcrumb","itemListElement":[{"@type":"ListItem","position":1,"name":"Inici","item":"https:\/\/brufaganya.cat\/2020\/"},{"@type":"ListItem","position":2,"name":"AFSM001 &#8211; Marxant de l&#8217;aplec de Sant Mag\u00ed de la Brufaganya"}]},{"@type":"WebSite","@id":"https:\/\/brufaganya.cat\/2020\/#website","url":"https:\/\/brufaganya.cat\/2020\/","name":"Sant Mag\u00ed de la Brufaganya","description":"Lloc web de Sant Mag\u00ed de la Brufaganya","publisher":{"@id":"https:\/\/brufaganya.cat\/2020\/#organization"},"potentialAction":[{"@type":"SearchAction","target":{"@type":"EntryPoint","urlTemplate":"https:\/\/brufaganya.cat\/2020\/?s={search_term_string}"},"query-input":{"@type":"PropertyValueSpecification","valueRequired":true,"valueName":"search_term_string"}}],"inLanguage":"ca"},{"@type":"Organization","@id":"https:\/\/brufaganya.cat\/2020\/#organization","name":"Sant Mag\u00ed de Brufaganya","url":"https:\/\/brufaganya.cat\/2020\/","logo":{"@type":"ImageObject","inLanguage":"ca","@id":"https:\/\/brufaganya.cat\/2020\/#\/schema\/logo\/image\/","url":"https:\/\/brufaganya.cat\/2020\/wp-content\/uploads\/2018\/11\/st_marti_bruga_horitz_posi_logo.jpg","contentUrl":"https:\/\/brufaganya.cat\/2020\/wp-content\/uploads\/2018\/11\/st_marti_bruga_horitz_posi_logo.jpg","width":1479,"height":804,"caption":"Sant Mag\u00ed de Brufaganya"},"image":{"@id":"https:\/\/brufaganya.cat\/2020\/#\/schema\/logo\/image\/"},"sameAs":["https:\/\/ca.wikipedia.org\/wiki\/Sant_Mag\u00ed_de_Brufaganya"]},{"@type":"Person","@id":"https:\/\/brufaganya.cat\/2020\/#\/schema\/person\/104a8a58bc74955dad00f639bb234a56","name":"Silvestre Pal\u00e0 Aug\u00e9","image":{"@type":"ImageObject","inLanguage":"ca","@id":"https:\/\/secure.gravatar.com\/avatar\/240c865b87ee90f68f1bb82d954fb54e1c50d2b4355c9b807c7f2862e50c5fb1?s=96&d=mm&r=g","url":"https:\/\/secure.gravatar.com\/avatar\/240c865b87ee90f68f1bb82d954fb54e1c50d2b4355c9b807c7f2862e50c5fb1?s=96&d=mm&r=g","contentUrl":"https:\/\/secure.gravatar.com\/avatar\/240c865b87ee90f68f1bb82d954fb54e1c50d2b4355c9b807c7f2862e50c5fb1?s=96&d=mm&r=g","caption":"Silvestre Pal\u00e0 Aug\u00e9"},"url":"https:\/\/brufaganya.cat\/2020\/author\/spala\/"}]}},"_links":{"self":[{"href":"https:\/\/brufaganya.cat\/2020\/wp-json\/wp\/v2\/posts\/3106","targetHints":{"allow":["GET"]}}],"collection":[{"href":"https:\/\/brufaganya.cat\/2020\/wp-json\/wp\/v2\/posts"}],"about":[{"href":"https:\/\/brufaganya.cat\/2020\/wp-json\/wp\/v2\/types\/post"}],"author":[{"embeddable":true,"href":"https:\/\/brufaganya.cat\/2020\/wp-json\/wp\/v2\/users\/109"}],"replies":[{"embeddable":true,"href":"https:\/\/brufaganya.cat\/2020\/wp-json\/wp\/v2\/comments?post=3106"}],"version-history":[{"count":0,"href":"https:\/\/brufaganya.cat\/2020\/wp-json\/wp\/v2\/posts\/3106\/revisions"}],"wp:featuredmedia":[{"embeddable":true,"href":"https:\/\/brufaganya.cat\/2020\/wp-json\/wp\/v2\/media\/3546"}],"wp:attachment":[{"href":"https:\/\/brufaganya.cat\/2020\/wp-json\/wp\/v2\/media?parent=3106"}],"wp:term":[{"taxonomy":"category","embeddable":true,"href":"https:\/\/brufaganya.cat\/2020\/wp-json\/wp\/v2\/categories?post=3106"},{"taxonomy":"post_tag","embeddable":true,"href":"https:\/\/brufaganya.cat\/2020\/wp-json\/wp\/v2\/tags?post=3106"}],"curies":[{"name":"wp","href":"https:\/\/api.w.org\/{rel}","templated":true}]}}