{"id":2867,"date":"2018-11-23T13:28:20","date_gmt":"2018-11-23T11:28:20","guid":{"rendered":"https:\/\/tgd.info\/brufaganya001\/?p=2867"},"modified":"2019-02-13T11:41:54","modified_gmt":"2019-02-13T09:41:54","slug":"sant-magi-martir","status":"publish","type":"post","link":"https:\/\/brufaganya.cat\/2020\/sant-magi-martir\/","title":{"rendered":"Sant Mag\u00ed, m\u00e0rtir"},"content":{"rendered":"<p>La devoci\u00f3 a sant Mag\u00ed gaudeix d\u2019una gran popularitat a Catalunya, per\u00f2 el seu culte no es remunta fins a l\u2019\u00e8poca medieval, car la primera refer\u00e8ncia documental \u00e9s de l\u2019any 1204. Fins a l\u2019any 1586 la mem\u00f2ria lit\u00fargica de Sant Mag\u00ed no entr\u00e0 en el martirologi rom\u00e0, gr\u00e0cies les dades sobre el seu culte i tradici\u00f3 que recoll\u00ed l\u2019any 1529 el canonge tarragon\u00ed <strong>Joan de Sess\u00e9<\/strong>.<\/p>\n<p>Tanmateix, no hi ha massa dades sobre la vida i martiri de Sant Mag\u00ed. Sembla que fou un <strong>asceta que visqu\u00e9 en el segle III<\/strong> duent una vida solit\u00e0ria de car\u00e0cter erem\u00edtic a la serra de <strong>Brufaganya<\/strong>, avui dins del terme de la poblaci\u00f3 de <strong>Santa Perp\u00e8tua de Gai\u00e0<\/strong>, a la Conca de Barber\u00e0, al nord-est de Tarragona. Mag\u00ed fou identificat com a cristi\u00e0 i posteriorment detingut i martiritzat en temps de <strong>Maximi\u00e0<\/strong> i <strong>Diocleci\u00e0<\/strong>, per ordre del pretor de Tarragona.<\/p>\n<p><strong>La seva festa s\u2019escau el 19 d\u2019agost<\/strong> i \u00e9s venerat a nombroses poblacions de Catalunya, especialment al santuari que t\u00e9 dedicat a la Serra de Brufaganya (edificat el 1234 i reformat el 1703); a la capelleta que hi ha al Portal del Carro de Tarragona i a la capella pr\u00f2pia que el sant t\u00e9 a Cervera. Sant Mag\u00ed tamb\u00e9 \u00e9s venerat a Manresa, Igualada, T\u00e0rrega, Santa Coloma de Queralt, Vilafranca del Pened\u00e8s, Sant Pere de Ribas, Pedronet de Copons i, de manera ben particular, a la ciutat de Barcelona, antigament al convent dels dominics de Santa Caterina i a les parr\u00f2quies de Sant Pere de les Puel\u00b7les (on comen\u00e7\u00e0 la seva singladura la confraria de la Ciutat Comtal, erigida el 1580) i, actualment, a Santa Maria del Mar, on ara hi ha erigida la \u201cil\u00b7lustre confraria de Sant Mag\u00ed m\u00e0rtir, de Barcelona\u201d.<\/p>\n<p>Per la vig\u00edlia de la seva festa, el 18 d\u2019agost, \u00e9s molt tradicional i concorreguda la cerim\u00f2nia de rebre, beneir i repartir solemnement a la Porta del Carro de Tarragona l\u2019aigua provinent de les fonts que hi ha en el santuari dedicat a Sant Mag\u00ed, i que segons la tradici\u00f3 ell mateix f\u00e9u brollar d\u2019un cop de gaiato per tal d\u2019apaigavar la set dels seus botxins quan el condu\u00efen al martiri, tal com es recull en la lletra dels antics goigs, que foren musicats pel caputx\u00ed <strong>Nicolau M. de Barcelona<\/strong>: \u201cpeg\u00e0 tres cops amb son gaiato a la roca viva, i f\u00e9u sortir tres fonts que rajaven un aigua agradable i dol\u00e7a\u201d.<\/p>\n<p>Les tradicions populars i religioses entorn de Sant Mag\u00ed han estat estudiades al llarg del segle xx per erudits preveres com ara <strong>San\u00e7 Capdevila<\/strong>, <strong>Joan Segura<\/strong> i <strong>Salvador Ramon Vinyes<\/strong>, que trobaren un bon precedent en el ja esmentat canonge Sess\u00e9 i, sobretot, en els escrits del religi\u00f3s dominic <strong>Reginald Poch<\/strong>, autor de la<em> Vida, muerte y milagros del glorioso San Mag\u00edn, conforme a la historia del Santo que hizo Fr. Reginaldo Poch, Dr. en Theolog\u00eda, de la Orden de Predicadores;<\/em> obra hagiogr\u00e0fica estampada a Reus a cura de <strong>Rafael Compte<\/strong>, i que \u00e9s una bella s\u00edntesi de l\u2019obra m\u00e9s extensa titulada <em>Historia de la vida y milagros de San Mag\u00edn, <\/em>publicada l\u2019any 1630 a Barcelona, a la impremta de Sebasti\u00e0 Matevat.<\/p>\n<p>Sant Mag\u00ed ha estat invocat en la tradici\u00f3 popular com advocat de les febres quartanes i malalties infeccioses, especialment de la pigota o verola i del xarampi\u00f3 i la rosa. El gravat popular que il\u00b7lustra aquestes ratlles forma part de l\u2019edici\u00f3 d\u2019uns goigs de la primera meitat del segle xix, estampats a la manresana <strong>impremta de Pau Roca<\/strong>.<\/p>\n<p>&nbsp;<\/p>\n<p><strong>Fra Valent\u00ed Serra de Manresa<\/strong>,<br \/>\narxiver dels caputxins<\/p>\n","protected":false},"excerpt":{"rendered":"<p>La devoci\u00f3 a sant Mag\u00ed gaudeix d\u2019una gran popularitat a Catalunya, per\u00f2 el seu culte no es remunta fins a l\u2019\u00e8poca medieval, car la primera refer\u00e8ncia documental \u00e9s de l\u2019any [&hellip;]<\/p>\n","protected":false},"author":1,"featured_media":3516,"comment_status":"open","ping_status":"closed","sticky":false,"template":"","format":"standard","meta":{"inline_featured_image":false,"footnotes":""},"categories":[768],"tags":[],"class_list":["post-2867","post","type-post","status-publish","format-standard","has-post-thumbnail","hentry","category-tradicions-religioses"],"yoast_head":"<!-- This site is optimized with the Yoast SEO plugin v27.5 - https:\/\/yoast.com\/product\/yoast-seo-wordpress\/ -->\n<title>Sant Mag\u00ed, m\u00e0rtir &#187; Sant Mag\u00ed de la Brufaganya<\/title>\n<meta name=\"robots\" content=\"index, follow, max-snippet:-1, max-image-preview:large, max-video-preview:-1\" \/>\n<link rel=\"canonical\" href=\"https:\/\/brufaganya.cat\/2020\/sant-magi-martir\/\" \/>\n<meta property=\"og:locale\" content=\"ca_ES\" \/>\n<meta property=\"og:type\" content=\"article\" \/>\n<meta property=\"og:title\" content=\"Sant Mag\u00ed, m\u00e0rtir &#187; Sant Mag\u00ed de la Brufaganya\" \/>\n<meta property=\"og:description\" content=\"La devoci\u00f3 a sant Mag\u00ed gaudeix d\u2019una gran popularitat a Catalunya, per\u00f2 el seu culte no es remunta fins a l\u2019\u00e8poca medieval, car la primera refer\u00e8ncia documental \u00e9s de l\u2019any [&hellip;]\" \/>\n<meta property=\"og:url\" content=\"https:\/\/brufaganya.cat\/2020\/sant-magi-martir\/\" \/>\n<meta property=\"og:site_name\" content=\"Sant Mag\u00ed de la Brufaganya\" \/>\n<meta property=\"article:published_time\" content=\"2018-11-23T11:28:20+00:00\" \/>\n<meta property=\"article:modified_time\" content=\"2019-02-13T09:41:54+00:00\" \/>\n<meta property=\"og:image\" content=\"https:\/\/brufaganya.cat\/2020\/wp-content\/uploads\/2018\/11\/stmagimartir.jpg\" \/>\n\t<meta property=\"og:image:width\" content=\"1024\" \/>\n\t<meta property=\"og:image:height\" content=\"576\" \/>\n\t<meta property=\"og:image:type\" content=\"image\/jpeg\" \/>\n<meta name=\"author\" content=\"Brufaganya\" \/>\n<meta name=\"twitter:card\" content=\"summary_large_image\" \/>\n<meta name=\"twitter:label1\" content=\"Escrit per\" \/>\n\t<meta name=\"twitter:data1\" content=\"Brufaganya\" \/>\n\t<meta name=\"twitter:label2\" content=\"Temps estimat de lectura\" \/>\n\t<meta name=\"twitter:data2\" content=\"3 minuts\" \/>\n<script type=\"application\/ld+json\" class=\"yoast-schema-graph\">{\"@context\":\"https:\\\/\\\/schema.org\",\"@graph\":[{\"@type\":\"Article\",\"@id\":\"https:\\\/\\\/brufaganya.cat\\\/2020\\\/sant-magi-martir\\\/#article\",\"isPartOf\":{\"@id\":\"https:\\\/\\\/brufaganya.cat\\\/2020\\\/sant-magi-martir\\\/\"},\"author\":{\"name\":\"Brufaganya\",\"@id\":\"https:\\\/\\\/brufaganya.cat\\\/2020\\\/#\\\/schema\\\/person\\\/84a9265bdc1f63dd908765d806451e1a\"},\"headline\":\"Sant Mag\u00ed, m\u00e0rtir\",\"datePublished\":\"2018-11-23T11:28:20+00:00\",\"dateModified\":\"2019-02-13T09:41:54+00:00\",\"mainEntityOfPage\":{\"@id\":\"https:\\\/\\\/brufaganya.cat\\\/2020\\\/sant-magi-martir\\\/\"},\"wordCount\":629,\"commentCount\":0,\"publisher\":{\"@id\":\"https:\\\/\\\/brufaganya.cat\\\/2020\\\/#organization\"},\"image\":{\"@id\":\"https:\\\/\\\/brufaganya.cat\\\/2020\\\/sant-magi-martir\\\/#primaryimage\"},\"thumbnailUrl\":\"https:\\\/\\\/brufaganya.cat\\\/2020\\\/wp-content\\\/uploads\\\/2018\\\/11\\\/stmagimartir.jpg\",\"articleSection\":[\"Tradicions religioses\"],\"inLanguage\":\"ca\",\"potentialAction\":[{\"@type\":\"CommentAction\",\"name\":\"Comment\",\"target\":[\"https:\\\/\\\/brufaganya.cat\\\/2020\\\/sant-magi-martir\\\/#respond\"]}]},{\"@type\":\"WebPage\",\"@id\":\"https:\\\/\\\/brufaganya.cat\\\/2020\\\/sant-magi-martir\\\/\",\"url\":\"https:\\\/\\\/brufaganya.cat\\\/2020\\\/sant-magi-martir\\\/\",\"name\":\"Sant Mag\u00ed, m\u00e0rtir &#187; Sant Mag\u00ed de la Brufaganya\",\"isPartOf\":{\"@id\":\"https:\\\/\\\/brufaganya.cat\\\/2020\\\/#website\"},\"primaryImageOfPage\":{\"@id\":\"https:\\\/\\\/brufaganya.cat\\\/2020\\\/sant-magi-martir\\\/#primaryimage\"},\"image\":{\"@id\":\"https:\\\/\\\/brufaganya.cat\\\/2020\\\/sant-magi-martir\\\/#primaryimage\"},\"thumbnailUrl\":\"https:\\\/\\\/brufaganya.cat\\\/2020\\\/wp-content\\\/uploads\\\/2018\\\/11\\\/stmagimartir.jpg\",\"datePublished\":\"2018-11-23T11:28:20+00:00\",\"dateModified\":\"2019-02-13T09:41:54+00:00\",\"breadcrumb\":{\"@id\":\"https:\\\/\\\/brufaganya.cat\\\/2020\\\/sant-magi-martir\\\/#breadcrumb\"},\"inLanguage\":\"ca\",\"potentialAction\":[{\"@type\":\"ReadAction\",\"target\":[\"https:\\\/\\\/brufaganya.cat\\\/2020\\\/sant-magi-martir\\\/\"]}]},{\"@type\":\"ImageObject\",\"inLanguage\":\"ca\",\"@id\":\"https:\\\/\\\/brufaganya.cat\\\/2020\\\/sant-magi-martir\\\/#primaryimage\",\"url\":\"https:\\\/\\\/brufaganya.cat\\\/2020\\\/wp-content\\\/uploads\\\/2018\\\/11\\\/stmagimartir.jpg\",\"contentUrl\":\"https:\\\/\\\/brufaganya.cat\\\/2020\\\/wp-content\\\/uploads\\\/2018\\\/11\\\/stmagimartir.jpg\",\"width\":1024,\"height\":576},{\"@type\":\"BreadcrumbList\",\"@id\":\"https:\\\/\\\/brufaganya.cat\\\/2020\\\/sant-magi-martir\\\/#breadcrumb\",\"itemListElement\":[{\"@type\":\"ListItem\",\"position\":1,\"name\":\"Inici\",\"item\":\"https:\\\/\\\/brufaganya.cat\\\/2020\\\/\"},{\"@type\":\"ListItem\",\"position\":2,\"name\":\"Sant Mag\u00ed, m\u00e0rtir\"}]},{\"@type\":\"WebSite\",\"@id\":\"https:\\\/\\\/brufaganya.cat\\\/2020\\\/#website\",\"url\":\"https:\\\/\\\/brufaganya.cat\\\/2020\\\/\",\"name\":\"Sant Mag\u00ed de la Brufaganya\",\"description\":\"Lloc web de Sant Mag\u00ed de la Brufaganya\",\"publisher\":{\"@id\":\"https:\\\/\\\/brufaganya.cat\\\/2020\\\/#organization\"},\"potentialAction\":[{\"@type\":\"SearchAction\",\"target\":{\"@type\":\"EntryPoint\",\"urlTemplate\":\"https:\\\/\\\/brufaganya.cat\\\/2020\\\/?s={search_term_string}\"},\"query-input\":{\"@type\":\"PropertyValueSpecification\",\"valueRequired\":true,\"valueName\":\"search_term_string\"}}],\"inLanguage\":\"ca\"},{\"@type\":\"Organization\",\"@id\":\"https:\\\/\\\/brufaganya.cat\\\/2020\\\/#organization\",\"name\":\"Sant Mag\u00ed de Brufaganya\",\"url\":\"https:\\\/\\\/brufaganya.cat\\\/2020\\\/\",\"logo\":{\"@type\":\"ImageObject\",\"inLanguage\":\"ca\",\"@id\":\"https:\\\/\\\/brufaganya.cat\\\/2020\\\/#\\\/schema\\\/logo\\\/image\\\/\",\"url\":\"https:\\\/\\\/brufaganya.cat\\\/2020\\\/wp-content\\\/uploads\\\/2018\\\/11\\\/st_marti_bruga_horitz_posi_logo.jpg\",\"contentUrl\":\"https:\\\/\\\/brufaganya.cat\\\/2020\\\/wp-content\\\/uploads\\\/2018\\\/11\\\/st_marti_bruga_horitz_posi_logo.jpg\",\"width\":1479,\"height\":804,\"caption\":\"Sant Mag\u00ed de Brufaganya\"},\"image\":{\"@id\":\"https:\\\/\\\/brufaganya.cat\\\/2020\\\/#\\\/schema\\\/logo\\\/image\\\/\"},\"sameAs\":[\"https:\\\/\\\/ca.wikipedia.org\\\/wiki\\\/Sant_Mag\u00ed_de_Brufaganya\"]},{\"@type\":\"Person\",\"@id\":\"https:\\\/\\\/brufaganya.cat\\\/2020\\\/#\\\/schema\\\/person\\\/84a9265bdc1f63dd908765d806451e1a\",\"name\":\"Brufaganya\",\"image\":{\"@type\":\"ImageObject\",\"inLanguage\":\"ca\",\"@id\":\"https:\\\/\\\/secure.gravatar.com\\\/avatar\\\/a2d7e40e89d467ba5c5c4e1af71c136746d5598b73f538e3a263e569bf4b4666?s=96&d=mm&r=g\",\"url\":\"https:\\\/\\\/secure.gravatar.com\\\/avatar\\\/a2d7e40e89d467ba5c5c4e1af71c136746d5598b73f538e3a263e569bf4b4666?s=96&d=mm&r=g\",\"contentUrl\":\"https:\\\/\\\/secure.gravatar.com\\\/avatar\\\/a2d7e40e89d467ba5c5c4e1af71c136746d5598b73f538e3a263e569bf4b4666?s=96&d=mm&r=g\",\"caption\":\"Brufaganya\"},\"url\":\"https:\\\/\\\/brufaganya.cat\\\/2020\\\/author\\\/brufaganya\\\/\"}]}<\/script>\n<!-- \/ Yoast SEO plugin. -->","yoast_head_json":{"title":"Sant Mag\u00ed, m\u00e0rtir &#187; Sant Mag\u00ed de la Brufaganya","robots":{"index":"index","follow":"follow","max-snippet":"max-snippet:-1","max-image-preview":"max-image-preview:large","max-video-preview":"max-video-preview:-1"},"canonical":"https:\/\/brufaganya.cat\/2020\/sant-magi-martir\/","og_locale":"ca_ES","og_type":"article","og_title":"Sant Mag\u00ed, m\u00e0rtir &#187; Sant Mag\u00ed de la Brufaganya","og_description":"La devoci\u00f3 a sant Mag\u00ed gaudeix d\u2019una gran popularitat a Catalunya, per\u00f2 el seu culte no es remunta fins a l\u2019\u00e8poca medieval, car la primera refer\u00e8ncia documental \u00e9s de l\u2019any [&hellip;]","og_url":"https:\/\/brufaganya.cat\/2020\/sant-magi-martir\/","og_site_name":"Sant Mag\u00ed de la Brufaganya","article_published_time":"2018-11-23T11:28:20+00:00","article_modified_time":"2019-02-13T09:41:54+00:00","og_image":[{"width":1024,"height":576,"url":"https:\/\/brufaganya.cat\/2020\/wp-content\/uploads\/2018\/11\/stmagimartir.jpg","type":"image\/jpeg"}],"author":"Brufaganya","twitter_card":"summary_large_image","twitter_misc":{"Escrit per":"Brufaganya","Temps estimat de lectura":"3 minuts"},"schema":{"@context":"https:\/\/schema.org","@graph":[{"@type":"Article","@id":"https:\/\/brufaganya.cat\/2020\/sant-magi-martir\/#article","isPartOf":{"@id":"https:\/\/brufaganya.cat\/2020\/sant-magi-martir\/"},"author":{"name":"Brufaganya","@id":"https:\/\/brufaganya.cat\/2020\/#\/schema\/person\/84a9265bdc1f63dd908765d806451e1a"},"headline":"Sant Mag\u00ed, m\u00e0rtir","datePublished":"2018-11-23T11:28:20+00:00","dateModified":"2019-02-13T09:41:54+00:00","mainEntityOfPage":{"@id":"https:\/\/brufaganya.cat\/2020\/sant-magi-martir\/"},"wordCount":629,"commentCount":0,"publisher":{"@id":"https:\/\/brufaganya.cat\/2020\/#organization"},"image":{"@id":"https:\/\/brufaganya.cat\/2020\/sant-magi-martir\/#primaryimage"},"thumbnailUrl":"https:\/\/brufaganya.cat\/2020\/wp-content\/uploads\/2018\/11\/stmagimartir.jpg","articleSection":["Tradicions religioses"],"inLanguage":"ca","potentialAction":[{"@type":"CommentAction","name":"Comment","target":["https:\/\/brufaganya.cat\/2020\/sant-magi-martir\/#respond"]}]},{"@type":"WebPage","@id":"https:\/\/brufaganya.cat\/2020\/sant-magi-martir\/","url":"https:\/\/brufaganya.cat\/2020\/sant-magi-martir\/","name":"Sant Mag\u00ed, m\u00e0rtir &#187; Sant Mag\u00ed de la Brufaganya","isPartOf":{"@id":"https:\/\/brufaganya.cat\/2020\/#website"},"primaryImageOfPage":{"@id":"https:\/\/brufaganya.cat\/2020\/sant-magi-martir\/#primaryimage"},"image":{"@id":"https:\/\/brufaganya.cat\/2020\/sant-magi-martir\/#primaryimage"},"thumbnailUrl":"https:\/\/brufaganya.cat\/2020\/wp-content\/uploads\/2018\/11\/stmagimartir.jpg","datePublished":"2018-11-23T11:28:20+00:00","dateModified":"2019-02-13T09:41:54+00:00","breadcrumb":{"@id":"https:\/\/brufaganya.cat\/2020\/sant-magi-martir\/#breadcrumb"},"inLanguage":"ca","potentialAction":[{"@type":"ReadAction","target":["https:\/\/brufaganya.cat\/2020\/sant-magi-martir\/"]}]},{"@type":"ImageObject","inLanguage":"ca","@id":"https:\/\/brufaganya.cat\/2020\/sant-magi-martir\/#primaryimage","url":"https:\/\/brufaganya.cat\/2020\/wp-content\/uploads\/2018\/11\/stmagimartir.jpg","contentUrl":"https:\/\/brufaganya.cat\/2020\/wp-content\/uploads\/2018\/11\/stmagimartir.jpg","width":1024,"height":576},{"@type":"BreadcrumbList","@id":"https:\/\/brufaganya.cat\/2020\/sant-magi-martir\/#breadcrumb","itemListElement":[{"@type":"ListItem","position":1,"name":"Inici","item":"https:\/\/brufaganya.cat\/2020\/"},{"@type":"ListItem","position":2,"name":"Sant Mag\u00ed, m\u00e0rtir"}]},{"@type":"WebSite","@id":"https:\/\/brufaganya.cat\/2020\/#website","url":"https:\/\/brufaganya.cat\/2020\/","name":"Sant Mag\u00ed de la Brufaganya","description":"Lloc web de Sant Mag\u00ed de la Brufaganya","publisher":{"@id":"https:\/\/brufaganya.cat\/2020\/#organization"},"potentialAction":[{"@type":"SearchAction","target":{"@type":"EntryPoint","urlTemplate":"https:\/\/brufaganya.cat\/2020\/?s={search_term_string}"},"query-input":{"@type":"PropertyValueSpecification","valueRequired":true,"valueName":"search_term_string"}}],"inLanguage":"ca"},{"@type":"Organization","@id":"https:\/\/brufaganya.cat\/2020\/#organization","name":"Sant Mag\u00ed de Brufaganya","url":"https:\/\/brufaganya.cat\/2020\/","logo":{"@type":"ImageObject","inLanguage":"ca","@id":"https:\/\/brufaganya.cat\/2020\/#\/schema\/logo\/image\/","url":"https:\/\/brufaganya.cat\/2020\/wp-content\/uploads\/2018\/11\/st_marti_bruga_horitz_posi_logo.jpg","contentUrl":"https:\/\/brufaganya.cat\/2020\/wp-content\/uploads\/2018\/11\/st_marti_bruga_horitz_posi_logo.jpg","width":1479,"height":804,"caption":"Sant Mag\u00ed de Brufaganya"},"image":{"@id":"https:\/\/brufaganya.cat\/2020\/#\/schema\/logo\/image\/"},"sameAs":["https:\/\/ca.wikipedia.org\/wiki\/Sant_Mag\u00ed_de_Brufaganya"]},{"@type":"Person","@id":"https:\/\/brufaganya.cat\/2020\/#\/schema\/person\/84a9265bdc1f63dd908765d806451e1a","name":"Brufaganya","image":{"@type":"ImageObject","inLanguage":"ca","@id":"https:\/\/secure.gravatar.com\/avatar\/a2d7e40e89d467ba5c5c4e1af71c136746d5598b73f538e3a263e569bf4b4666?s=96&d=mm&r=g","url":"https:\/\/secure.gravatar.com\/avatar\/a2d7e40e89d467ba5c5c4e1af71c136746d5598b73f538e3a263e569bf4b4666?s=96&d=mm&r=g","contentUrl":"https:\/\/secure.gravatar.com\/avatar\/a2d7e40e89d467ba5c5c4e1af71c136746d5598b73f538e3a263e569bf4b4666?s=96&d=mm&r=g","caption":"Brufaganya"},"url":"https:\/\/brufaganya.cat\/2020\/author\/brufaganya\/"}]}},"_links":{"self":[{"href":"https:\/\/brufaganya.cat\/2020\/wp-json\/wp\/v2\/posts\/2867","targetHints":{"allow":["GET"]}}],"collection":[{"href":"https:\/\/brufaganya.cat\/2020\/wp-json\/wp\/v2\/posts"}],"about":[{"href":"https:\/\/brufaganya.cat\/2020\/wp-json\/wp\/v2\/types\/post"}],"author":[{"embeddable":true,"href":"https:\/\/brufaganya.cat\/2020\/wp-json\/wp\/v2\/users\/1"}],"replies":[{"embeddable":true,"href":"https:\/\/brufaganya.cat\/2020\/wp-json\/wp\/v2\/comments?post=2867"}],"version-history":[{"count":0,"href":"https:\/\/brufaganya.cat\/2020\/wp-json\/wp\/v2\/posts\/2867\/revisions"}],"wp:featuredmedia":[{"embeddable":true,"href":"https:\/\/brufaganya.cat\/2020\/wp-json\/wp\/v2\/media\/3516"}],"wp:attachment":[{"href":"https:\/\/brufaganya.cat\/2020\/wp-json\/wp\/v2\/media?parent=2867"}],"wp:term":[{"taxonomy":"category","embeddable":true,"href":"https:\/\/brufaganya.cat\/2020\/wp-json\/wp\/v2\/categories?post=2867"},{"taxonomy":"post_tag","embeddable":true,"href":"https:\/\/brufaganya.cat\/2020\/wp-json\/wp\/v2\/tags?post=2867"}],"curies":[{"name":"wp","href":"https:\/\/api.w.org\/{rel}","templated":true}]}}